{"id":2100,"date":"2023-12-21T13:15:42","date_gmt":"2023-12-21T12:15:42","guid":{"rendered":"https:\/\/lepatriotebenin.com\/?p=2100"},"modified":"2023-12-21T13:15:43","modified_gmt":"2023-12-21T12:15:43","slug":"benin-lintegralite-du-discours-de-patrice-talon-sur-letat-de-la-nation","status":"publish","type":"post","link":"https:\/\/lepatriotebenin.com\/index.php\/2023\/12\/21\/benin-lintegralite-du-discours-de-patrice-talon-sur-letat-de-la-nation\/","title":{"rendered":"B\u00e9nin : \u00a0L\u2019int\u00e9gralit\u00e9 du discours de Patrice Talon sur l\u2019\u00e9tat de la nation"},"content":{"rendered":"\n<p>Conform\u00e9ment aux dispositions de&nbsp;<strong>l\u2019article 72<\/strong>&nbsp;de la&nbsp;<strong>Constitution du 11 d\u00e9cembre 1990<\/strong>&nbsp;telle que modifi\u00e9e par la loi N<strong>\u00b02019-40 du 07 novembre 2019<\/strong>&nbsp;qui stipule&nbsp;: \u00ab<em> Le Pr\u00e9sident de la R\u00e9publique adresse une fois par an un message \u00e0 l\u2019Assembl\u00e9e Nationale sur l\u2019\u00e9tat de la Nation. Il peut aussi, \u00e0 tout moment, adresser des messages \u00e0 l\u2019Assembl\u00e9e Nationale<\/em><em>.<\/em><em> <\/em><em>Ces messages ne donnent lieu \u00e0 aucun d\u00e9bat ; ils peuvent toutefois inspirer les travaux de l\u2019Assembl\u00e9e&nbsp;<\/em>\u00bb.<em> <\/em><em>Le Pr\u00e9sident de la R\u00e9publique <strong>Patrice Talon<\/strong> a d\u00e9livr\u00e9 ce <strong>jeudi 21 d\u00e9cembre 2023<\/strong> \u00e0 <strong>Porto-Novo<\/strong> son discours sur l\u2019\u00e9tat de la nation. &nbsp;Il a fait <\/em>a fait le point sur les grandes r\u00e9alisations de son gouvernement et annonc\u00e9 des perspectives pour l\u2019avenir. Il s\u2019est \u00e9galement prononc\u00e9 sur la situation dans les pays dirig\u00e9s par des militaires suite aux coups d\u2019Etat militaire.<\/p>\n\n\n\n<p><strong>Message \u00e0 la nation de Patrice Talon<\/strong><\/p>\n\n\n\n<p>Monsieur le Pr\u00e9sident de l\u2019Assembl\u00e9e Nationale,<\/p>\n\n\n\n<p>Mesdames et Messieurs les d\u00e9put\u00e9s,<\/p>\n\n\n\n<p>Ces derni\u00e8res ann\u00e9es, je n\u2019ai de cesse de souligner le nouvel \u00e9tat d\u2019esprit qui caract\u00e9rise d\u00e9sormais notre pays et nous caract\u00e9rise en tant que citoyens : celui de nous laisser porter par un vent nouveau fait de d\u00e9termination, d\u2019optimisme, de rigueur, de foi en l\u2019avenir.<\/p>\n\n\n\n<p>Cet \u00e9tat d\u2019esprit, c\u2019est celui de ne jamais renoncer face aux difficult\u00e9s, mais d\u2019y voir un motif pour amplifier nos efforts en vue de la satisfaction de nos besoins.<\/p>\n\n\n\n<p>C\u2019est celui, \u00e9galement, de demeurer convaincus que dans notre qu\u00eate du meilleur pour nous-m\u00eames et davantage pour les g\u00e9n\u00e9rations futures, plus rien ne nous est impossible et que nos efforts seront couronn\u00e9s par le bien-\u00eatre collectif et individuel tant recherch\u00e9.<\/p>\n\n\n\n<p>C\u2019est pour cela que, quand bien m\u00eame la situation dans le monde, ces douze derniers mois, n\u2019est pas des plus reluisantes, pas plus que dans notre pays, nous avons \u0153uvr\u00e9 \u00e0 pr\u00e9server la paix, les libert\u00e9s et la d\u00e9mocratie sans renoncer \u00e0 la n\u00e9cessaire bonne gouvernance.<\/p>\n\n\n\n<p>Avec ces acquis qui continuent d\u2019\u00eatre des donn\u00e9es fondamentales de notre communaut\u00e9 de destin, et les \u00e9changes politiques entre acteurs de tous bords, dans la convivialit\u00e9 et l\u2019esprit r\u00e9publicain, nous entretenons un vivre ensemble qui nous est envi\u00e9.<\/p>\n\n\n\n<p>Cette qui\u00e9tude n\u2019est cependant pas absolue car, au plan s\u00e9curitaire, nous continuons d\u2019\u00eatre pr\u00e9occup\u00e9s du fait notamment de la d\u00e9gradation de la situation chez certains de nos voisins.<\/p>\n\n\n\n<p>De fait, malgr\u00e9 nos efforts intenses pour garantir la s\u00e9curit\u00e9 ainsi que la libre circulation des personnes et des biens sur toute l\u2019\u00e9tendue du territoire national, nous ne pouvons pas \u00eatre pleinement satisfaits tant que des d\u00e9fis restent \u00e0 relever. Car, \u00e0 la v\u00e9rit\u00e9, l\u2019ins\u00e9curit\u00e9 dans le monde et dans notre sous-r\u00e9gion, affecte notre quotidien.<\/p>\n\n\n\n<p>C\u2019est le lieu pour moi de r\u00e9it\u00e9rer les pr\u00e9occupations et la d\u00e9sapprobation du B\u00e9nin relativement au conflit entre la Russie et l\u2019Ukraine, tant la guerre qui en d\u00e9coule impose de lourdes cons\u00e9quences au monde. Une guerre avec laquelle nous n\u2019en avons pas fini que d\u00e9j\u00e0 un nouveau foyer incandescent de tension appara\u00eet. Oui, la situation au Proche-Orient inqui\u00e8te et appelle une mobilisation g\u00e9n\u00e9rale en vue de faire taire les armes.<\/p>\n\n\n\n<p>Ici, autant nous condamnons l\u2019attaque du Hamas en date du 7 octobre 2023, autant nous condamnons la disproportion de la riposte isra\u00e9lienne et appelons \u00e0 l\u2019arr\u00eat des hostilit\u00e9s afin que les drames d\u2019aujourd\u2019hui ne fassent le lit \u00e0 une ins\u00e9curit\u00e9 plus globale \u00e0 transmission transg\u00e9n\u00e9rationnelle.<\/p>\n\n\n\n<p>En tout cas, au B\u00e9nin, nous voulons d\u2019un monde d\u00e9barrass\u00e9 des guerres et du terrorisme. Nous croyons \u00e0 la coexistence pacifique des nations et des peuples.<\/p>\n\n\n\n<p>C\u2019est cette m\u00eame logique qui me pousse \u00e0 exprimer aujourd\u2019hui notre volont\u00e9 de voir se r\u00e9tablir rapidement les relations entre le B\u00e9nin et les pays o\u00f9 des coups d\u2019Etat sont intervenus pour remettre en cause les processus d\u00e9mocratiques.<\/p>\n\n\n\n<p>La prise du pouvoir par les armes doit \u00eatre condamn\u00e9e par tout d\u00e9mocrate convaincu. Nous l\u2019avons fait en exprimant notre r\u00e9probation, restant ainsi en phase avec les valeurs de notre pays, mais aussi en \u00e9tant align\u00e9 avec les organisations r\u00e9gionales, sous-r\u00e9gionales et continentales, ainsi qu\u2019avec la communaut\u00e9 internationale.<\/p>\n\n\n\n<p>Il est clair, cependant, que le B\u00e9nin n\u2019a jamais voulu ni souhait\u00e9 que les sanctions impos\u00e9es par les instances communautaires ou internationales aient pour effet de compliquer le quotidien des populations, de leur rendre la vie encore plus difficile.<\/p>\n\n\n\n<p>C\u2019est pourquoi notre diplomatie n\u2019a pas manqu\u00e9 d\u2019adresser, de mani\u00e8re discr\u00e8te et r\u00e9p\u00e9t\u00e9e, des messages \u00e0 ces pays fr\u00e8res, notamment le&nbsp;<strong><a href=\"https:\/\/fr.wikipedia.org\/wiki\/Conseil_national_pour_la_sauvegarde_de_la_patrie\">Niger<\/a><\/strong>. Car, nous sommes convaincus qu\u2019il y a un temps pour condamner, un temps pour exiger et un temps pour faire le point, voire prendre acte.<\/p>\n\n\n\n<p>Mais prendre acte requiert que nos interlocuteurs jouent leur partition en rassurant, en exprimant clairement leurs intentions, mais aussi leurs attentes vis-\u00e0-vis de la communaut\u00e9 internationale.<\/p>\n\n\n\n<p>Ce qui n\u2019est pas encore le cas. C\u2019est dire que la balle est dans le camp des autorit\u00e9s de fait qui doivent donner des gages de leur volont\u00e9 de discuter et d\u2019entendre aussi les pr\u00e9occupations l\u00e9gitimes de la communaut\u00e9 \u00e0 laquelle leur pays appartient.<\/p>\n\n\n\n<p>Autrement, ce serait un blanc-seing donn\u00e9 \u00e0 quiconque voudrait, par les armes, d\u00e9stabiliser nos Etats et remettre en cause la d\u00e9mocratie. Or, nous avons plus que jamais besoin, au regard de la situation dans le monde, que dans nos pays, le pouvoir d\u2019Etat soit de plus en plus stable pour mettre fin \u00e0 la marginalisation du continent.<\/p>\n\n\n\n<p><strong>Monsieur le Pr\u00e9sident de l\u2019Assembl\u00e9e nationale,<\/strong><\/p>\n\n\n\n<p><strong>Mesdames et messieurs les d\u00e9put\u00e9s,<\/strong><\/p>\n\n\n\n<p>Les cons\u00e9quences de la d\u00e9gradation de la situation dans le monde, nous les ressentons encore de plein fouet. Ainsi, sur nos march\u00e9s, il n\u2019est point besoin d\u2019\u00eatre expert pour observer que la chert\u00e9 de la vie est toujours d\u2019actualit\u00e9.<\/p>\n\n\n\n<p>Et pourtant, cette ann\u00e9e encore, le B\u00e9nin s\u2019est illustr\u00e9 comme le pays qui a connu le taux d\u2019inflation le plus bas dans notre sous-r\u00e9gion, lequel s\u2019\u00e9tablit autour de 3%. Tout cela r\u00e9sulte bien de notre politique sociale soutenue, gr\u00e2ce \u00e0 laquelle nous avons maintenu les subventions sur certains produits de premi\u00e8re n\u00e9cessit\u00e9 ou de grande consommation.<\/p>\n\n\n\n<p>En sus, la revalorisation des salaires dans des proportions historiques, intervenue en d\u00e9cembre 2022, a aid\u00e9 \u00e0 att\u00e9nuer la baisse du pouvoir d\u2019achat des travailleurs, \u00e0 d\u00e9faut de l\u2019am\u00e9liorer.<\/p>\n\n\n\n<p>De m\u00eame, nous avons d\u00e9ploy\u00e9 des filets sociaux qui ont permis notamment \u00e0 pr\u00e8s d\u2019un million de pauvres extr\u00eames de nos 77 communes de recevoir leurs cartes d\u2019identit\u00e9 biom\u00e9triques pour b\u00e9n\u00e9ficier de l\u2019assurance-maladie.<\/p>\n\n\n\n<p>Sous ce m\u00eame registre, nous avons intensifi\u00e9 le Projet d\u2019Inclusion des Jeunes, ARCH Formation, les transferts mon\u00e9taires, impactant ainsi plusieurs milliers d\u2019artisans qui ont b\u00e9n\u00e9fici\u00e9 de renforcement de capacit\u00e9s et, pour certains d\u2019entre eux, de financements pour s\u2019installer. En ce qui concerne sp\u00e9cifiquement les micro-cr\u00e9dits dont le nombre de b\u00e9n\u00e9ficiaires s\u2019accro\u00eet consid\u00e9rablement, notre pays est class\u00e9 premier de l\u2019UEMOA en mati\u00e8re d\u2019inclusion financi\u00e8re.<\/p>\n\n\n\n<p>Mieux, une dotation de 12 milliards de FCFA est pr\u00e9vue pour 2024, pour l\u2019octroi des cr\u00e9dits de 50.000 \u00e0 100.000 FCFA en vue d\u2019optimiser les effets de ce programme.<\/p>\n\n\n\n<p>D\u00e9j\u00e0 les pratiques ont consid\u00e9rablement chang\u00e9. Nos m\u00e8res, nos femmes et nos s\u0153urs en particulier, ne sont plus oblig\u00e9es de se parer d\u2019uniformes qui leur co\u00fbtent une partie du pr\u00eat obtenu, de s\u2019exposer au soleil, de perdre des journ\u00e9es enti\u00e8res, en vue de louer de soi-disant bienfaiteurs.<\/p>\n\n\n\n<p>D\u00e9sormais, tout est d\u00e9mat\u00e9rialis\u00e9 et assaini, et elles re\u00e7oivent leurs pr\u00eats directement par transfert sur leurs t\u00e9l\u00e9phones.<\/p>\n\n\n\n<p>Il est vrai que le souci de transparence et la volont\u00e9 de mettre fin \u00e0 l\u2019instrumentalisation de leurs difficult\u00e9s voire \u00e0 leur chosification, entra\u00eenent aussi des d\u00e9sagr\u00e9ments mais nous travaillons \u00e0 y rem\u00e9dier.<\/p>\n\n\n\n<p><strong>Mesdames et messieurs,<\/strong><\/p>\n\n\n\n<p>Un secteur qui paie un lourd tribut aux crises qui agitent le monde, c\u2019est bien le secteur agricole. Les conflits et les guerres qui s\u2019observent ici et l\u00e0, induisent la raret\u00e9 des intrants et, par cons\u00e9quent, leur chert\u00e9.<\/p>\n\n\n\n<p>Dans ces conditions, m\u00eame si nous avons engag\u00e9 de r\u00e9els efforts pour mettre les intrants \u00e0 la disposition de nos producteurs \u00e0 prix subventionn\u00e9s, un ralentissement du boom de la production s\u2019est observ\u00e9. Mais, conscients que ce secteur est le moteur de notre d\u00e9veloppement socio-\u00e9conomique, nous lui avons maintenu et amplifi\u00e9 notre soutien.<\/p>\n\n\n\n<p>Cela se traduit notamment par la mise \u00e0 disposition de machines et \u00e9quipements agricoles \u00e0 des prix subventionn\u00e9s \u00e0 hauteur de 50%, ce qui fait qu\u2019un engin de valeur 1.000.000 FCFA est vendu \u00e0 moins de 500.000 FCFA, un autre de 15.000.000 FCFA est c\u00e9d\u00e9 \u00e0 8.000.000 FCFA \u00e0 peine.<\/p>\n\n\n\n<p>Gr\u00e2ce \u00e0 cette politique, il s\u2019observe d\u00e9j\u00e0 un taux de p\u00e9n\u00e9tration des machines agricoles qui s\u2019accro\u00eet de fa\u00e7on significative et facilite de plus en plus la production.<\/p>\n\n\n\n<p>A terme, notre objectif est que d\u2019ici la prochaine d\u00e9cennie, l\u2019agriculture b\u00e9ninoise soit enti\u00e8rement m\u00e9canis\u00e9e et, surtout, que la productivit\u00e9 s\u2019am\u00e9liore continuellement pour garantir la s\u00e9curit\u00e9 alimentaire mais aussi enrichir de plus en plus nos producteurs et r\u00e9duire la p\u00e9nibilit\u00e9 du travail.<\/p>\n\n\n\n<p>La soci\u00e9t\u00e9 nationale de m\u00e9canisation agricole et le Fonds national de d\u00e9veloppement agricole seront, \u00e0 l\u2019avenir, encore plus pr\u00e9sents aux c\u00f4t\u00e9s de nos producteurs.<\/p>\n\n\n\n<p>Nous avons, pour cela, facilit\u00e9 le m\u00e9canisme pour b\u00e9n\u00e9ficier de leurs prestations. Cette agriculture, nous la voulons encore plus diversifi\u00e9e, avec l\u2019\u00e9mergence de nouvelles fili\u00e8res.<\/p>\n\n\n\n<p>Cap sera ainsi mis sur une production massive du manioc pour fournir l\u2019industrie nationale en pleine \u00e9mergence.<\/p>\n\n\n\n<p>Ce sera aussi le cas pour l\u2019arachide en vue de sa transformation sur place au B\u00e9nin en huile alimentaire pour compl\u00e9ter l\u2019offre nationale d\u2019huile de qualit\u00e9, afin de remplacer les importations dont la qualit\u00e9 n\u2019est pas souvent \u00e0 la hauteur des normes et standards requis pour la sant\u00e9 de nos populations.<\/p>\n\n\n\n<p><strong>Mesdames et messieurs,<\/strong><\/p>\n\n\n\n<p>Un secteur qui paie un lourd tribut aux crises qui agitent le monde, c\u2019est bien le secteur agricole. Les conflits et les guerres qui s\u2019observent ici et l\u00e0, induisent la raret\u00e9 des intrants et, par cons\u00e9quent, leur chert\u00e9.<\/p>\n\n\n\n<p>Dans ces conditions, m\u00eame si nous avons engag\u00e9 de r\u00e9els efforts pour mettre les intrants \u00e0 la disposition de nos producteurs \u00e0 prix subventionn\u00e9s, un ralentissement du boom de la production s\u2019est observ\u00e9. Mais, conscients que ce secteur est le moteur de notre d\u00e9veloppement socio-\u00e9conomique, nous lui avons maintenu et amplifi\u00e9 notre soutien.<\/p>\n\n\n\n<p>Cela se traduit notamment par la mise \u00e0 disposition de machines et \u00e9quipements agricoles \u00e0 des prix subventionn\u00e9s \u00e0 hauteur de 50%, ce qui fait qu\u2019un engin de valeur 1.000.000 FCFA est vendu \u00e0 moins de 500.000 FCFA, un autre de 15.000.000 FCFA est c\u00e9d\u00e9 \u00e0 8.000.000 FCFA \u00e0 peine.<\/p>\n\n\n\n<p>Gr\u00e2ce \u00e0 cette politique, il s\u2019observe d\u00e9j\u00e0 un taux de p\u00e9n\u00e9tration des machines agricoles qui s\u2019accro\u00eet de fa\u00e7on significative et facilite de plus en plus la production.<\/p>\n\n\n\n<p>A terme, notre objectif est que d\u2019ici la prochaine d\u00e9cennie, l\u2019agriculture b\u00e9ninoise soit enti\u00e8rement m\u00e9canis\u00e9e et, surtout, que la productivit\u00e9 s\u2019am\u00e9liore continuellement pour garantir la s\u00e9curit\u00e9 alimentaire mais aussi enrichir de plus en plus nos producteurs et r\u00e9duire la p\u00e9nibilit\u00e9 du travail.<\/p>\n\n\n\n<p>La soci\u00e9t\u00e9 nationale de m\u00e9canisation agricole et le Fonds national de d\u00e9veloppement agricole seront, \u00e0 l\u2019avenir, encore plus pr\u00e9sents aux c\u00f4t\u00e9s de nos producteurs.<\/p>\n\n\n\n<p>Nous avons, pour cela, facilit\u00e9 le m\u00e9canisme pour b\u00e9n\u00e9ficier de leurs prestations. Cette agriculture, nous la voulons encore plus diversifi\u00e9e, avec l\u2019\u00e9mergence de nouvelles fili\u00e8res. Cap sera ainsi mis sur une production massive du manioc pour fournir l\u2019industrie nationale en pleine \u00e9mergence.<\/p>\n\n\n\n<p>Ce sera aussi le cas pour l\u2019arachide en vue de sa transformation sur place au B\u00e9nin en huile alimentaire pour compl\u00e9ter l\u2019offre nationale d\u2019huile de qualit\u00e9, afin de remplacer les importations dont la qualit\u00e9 n\u2019est pas souvent \u00e0 la hauteur des normes et standards requis pour la sant\u00e9 de nos populations.<\/p>\n\n\n\n<p>Pour conforter cette dynamique, nous avons besoin de pistes rurales en bon \u00e9tat. L\u00e0, malgr\u00e9 notre vaste programme de traitement annuel syst\u00e9matique des pistes rurales et routes en terre, qui impacte litt\u00e9ralement plus de 15.000 km de lin\u00e9aire, la situation globale n\u2019est pas encore satisfaisante.<\/p>\n\n\n\n<p>C\u2019est pourquoi, pour les ann\u00e9es \u00e0 venir, nous programmons de reconstruire la grande majorit\u00e9 de nos pistes rurales afin d\u2019optimiser leur praticabilit\u00e9 et, ainsi, favoriser l\u2019\u00e9vacuation plus ais\u00e9e des productions vers les lieux de commercialisation.<\/p>\n\n\n\n<p>Cet int\u00e9r\u00eat manifeste pour les pistes et routes \u00e0 vocation agricole ne nous conduit pas, pour autant, \u00e0 d\u00e9laisser les infrastructures de mobilit\u00e9 urbaine ou interurbaine. En la mati\u00e8re, le taux d\u2019ex\u00e9cution des nombreux chantiers ouverts ici et l\u00e0 dans le pays reste \u00e9lev\u00e9 m\u00eame si l\u2019impatience des usagers \u00e0 avoir de belles routes achev\u00e9es donne le sentiment parfois qu\u2019on n\u2019avance pas assez vite.<\/p>\n\n\n\n<p>Nous maintenons donc le cap de la modernisation et de l\u2019\u00e9largissement de notre r\u00e9seau routier, convaincus qu\u2019il est indispensable pour l\u2019activit\u00e9 \u00e9conomique comme pour la libre circulation des personnes et des biens.<\/p>\n\n\n\n<p>N\u00e9anmoins, il y a lieu de relever que dans ce secteur aussi, nous subissons les contre-coups des secousses qui frappent le monde.<\/p>\n\n\n\n<p>En effet, l\u2019inflation qu\u2019elles induisent fait que nos pr\u00e9visions budg\u00e9taires sont parfois d\u00e9pass\u00e9es parce que les co\u00fbts d\u2019objectif changent tr\u00e8s vite et nous sommes parfois amen\u00e9s \u00e0 rechercher des ressources compl\u00e9mentaires pour tenir nos pr\u00e9visions, ce qui peut prendre un certain temps et, par suite, faire diff\u00e9rer les \u00e9ch\u00e9ances de r\u00e9alisation.<\/p>\n\n\n\n<p>Mais de fa\u00e7on g\u00e9n\u00e9rale, nous avons de r\u00e9els motifs de satisfaction quant \u00e0 la marche de notre pays vers davantage de progr\u00e8s et de bien-\u00eatre. A ce propos, il convient de faire remarquer que dans le secteur de l\u2019\u00e9ducation, nos efforts commencent \u00e0 g\u00e9n\u00e9rer des transformations positives appr\u00e9ci\u00e9es de tous, et que notre option de donner priorit\u00e9 \u00e0 l\u2019enseignement et la formation techniques et professionnels se concr\u00e9tise enfin.<\/p>\n\n\n\n<p>Certes, nous avons \u00e9t\u00e9 frein\u00e9s dans un premier temps parce que plusieurs de nos communes n\u2019arrivaient pas \u00e0 rendre disponibles les superficies demand\u00e9es pour l\u2019implantation des lyc\u00e9es techniques agricoles ou des \u00e9coles de m\u00e9tier.<\/p>\n\n\n\n<p>Mais notre d\u00e9termination a permis de lever les goulots d\u2019\u00e9tranglement et, d\u00e9j\u00e0, les premiers appels d\u2019offres ont \u00e9t\u00e9 lanc\u00e9s. Le reste suivra sur les mois \u00e0 venir et, assur\u00e9ment, la deuxi\u00e8me moiti\u00e9 de l\u2019ann\u00e9e 2024 verra les chantiers physiques s\u2019ouvrir.<\/p>\n\n\n\n<p>Il en sera de m\u00eame pour les lyc\u00e9es scientifiques et les \u00e9coles normales pour lesquels les financements ont \u00e9t\u00e9 mobilis\u00e9s ; ce qui nous permettra de renouer tr\u00e8s bient\u00f4t avec l\u2019excellence.<\/p>\n\n\n\n<p>Comment ne pas \u00e9voquer ici l\u2019attraction qu\u2019est devenue notre initiative S\u00e8m\u00e8 City, o\u00f9 des formations de pointe se donnent \u00e0 de jeunes b\u00e9ninois et africains, et qui prendra encore plus d\u2019envergure avec la construction de son campus futuriste de Ouidah pour lequel les premiers march\u00e9s ont d\u00e9j\u00e0 \u00e9t\u00e9 sign\u00e9s ?<\/p>\n\n\n\n<p>Au point o\u00f9 nous en sommes, il n\u2019y a plus de doute que S\u00e8m\u00e8 City sera effectivement un hub continental pour l\u2019enseignement sup\u00e9rieur scientifique, technique et professionnel de qualit\u00e9 aux normes internationales. Cette m\u00eame conviction m\u2019anime en ce qui concerne le renouveau de notre syst\u00e8me de sant\u00e9.<\/p>\n\n\n\n<p>Si les r\u00e9formes op\u00e9r\u00e9es lui ont rendu sa cr\u00e9dibilit\u00e9 aupr\u00e8s des populations, nous travaillons \u00e0 lui faire franchir un nouveau palier. Avec les recrutements importants effectu\u00e9s et ceux \u00e0 venir, avec la r\u00e9habilitation de nos h\u00f4pitaux et centres de sant\u00e9, avec l\u2019ach\u00e8vement et la mise en service courant 2024 du Centre hospitalier international de Calavi, il va sans dire que nos populations auront de plus en plus acc\u00e8s \u00e0 des soins de qualit\u00e9 partout sur le territoire national.<\/p>\n\n\n\n<p>La construction de l\u2019h\u00f4pital de Togbin, sans oublier la mise aux normes des plateaux techniques existants et l\u2019am\u00e9lioration des pratiques hospitali\u00e8res y contribueront aussi. Des prestations de qualit\u00e9, c\u2019est ce que nous sommes aussi en droit d\u2019esp\u00e9rer en mati\u00e8re d\u2019acc\u00e8s \u00e0 l\u2019\u00e9lectricit\u00e9 et \u00e0 l\u2019eau potable.<\/p>\n\n\n\n<p>S\u2019agissant tout particuli\u00e8rement de l\u2019\u00e9lectricit\u00e9, gr\u00e2ce aux infrastructures de production que nous avons r\u00e9alis\u00e9es, la consommation des m\u00e9nages a explos\u00e9 dans toutes nos communes. Tout comme celle des entreprises.<\/p>\n\n\n\n<p>Ceci traduit une belle dynamique dont nous devons nous f\u00e9liciter m\u00eame si nous connaissons encore des d\u00e9sagr\u00e9ments. Il s\u2019ensuit que l\u2019existant doit \u00eatre renforc\u00e9 par des \u00e9quipements confortatifs. L\u00e0-dessus, je voudrais vous rassurer, mesdames et messieurs les d\u00e9put\u00e9s, que des travaux gigantesques sont d\u00e9j\u00e0 en cours pour que d\u2019ici \u00e0 2025, une am\u00e9lioration notable puisse s\u2019observer dans la fourniture et la qualit\u00e9 de l\u2019\u00e9nergie. Ce sera pareil en mati\u00e8re d\u2019eau potable.<\/p>\n\n\n\n<p>L\u00e0 aussi, les r\u00e9alisations historiques que nous faisons en milieu rural comme dans les villes, autorisent \u00e0 esp\u00e9rer une embellie remarquable de la qualit\u00e9 des services d\u00e9livr\u00e9s. Dans tous les cas, les perturbations observ\u00e9es et les insatisfactions du moment ne doivent pas nous faire perdre de vue le chemin d\u00e9j\u00e0 parcouru, qui atteste que nos efforts paient et que nous devons les maintenir pour une satisfaction optimale de nos besoins.<\/p>\n\n\n\n<p><strong>Mesdames et messieurs repr\u00e9sentant la Nation,<\/strong><\/p>\n\n\n\n<p>S\u2019il est un secteur qui symbolise bien le B\u00e9nin r\u00e9v\u00e9l\u00e9 en dehors de tout ce que le nouvel \u00e9tat d\u2019esprit permet de r\u00e9aliser, c\u2019est celui du Tourisme, de la Culture et des Arts. Ici, chacun voit, qu\u2019il soit sur le territoire national ou en dehors, qu\u2019une dynamique nouvelle s\u2019installe.<\/p>\n\n\n\n<p>Une effervescence r\u00e9elle est perceptible parce que notre pays rayonne de plus en plus. Il en sera davantage ainsi avec les r\u00e9ceptifs h\u00f4teliers de premier plan d\u00e9j\u00e0 r\u00e9alis\u00e9s ou en cours, les mus\u00e9es en construction, les infrastructures de toutes sortes dont les travaux ont d\u00e9marr\u00e9 et qui vont d\u00e9finitivement donner une identit\u00e9 forte au secteur.<\/p>\n\n\n\n<p>Au titre de celles-ci, figure le Quartier culturel et cr\u00e9atif de Cotonou qui sera, je vous en donne l\u2019assurance, une v\u00e9ritable attraction dans la ville. Ecosyst\u00e8me de cr\u00e9ation et de services artistiques, il fera de Cotonou le hub de la sc\u00e8ne artistique contemporaine africaine en la positionnant comme une ville cr\u00e9ative, centre n\u00e9vralgique d\u2019une \u00e9conomie de l\u2019art incontournable sur la carte du circuit artistique international.<\/p>\n\n\n\n<p>Le visiteur verra entre autres se c\u00f4toyer dans cet \u00e9crin, le Mus\u00e9e d\u2019art contemporain de Cotonou, l\u2019institut franco-b\u00e9ninois, le nouveau village artisanal, des ateliers et r\u00e9sidences d\u2019artistes, des salles de cin\u00e9ma, de bowling et de jeux vid\u00e9o, l\u2019Ar\u00e9na plateforme multifonctionnelle de 7000 places, de classe mondiale, pouvant accueillir diff\u00e9rents types d\u2019\u00e9v\u00e9nements sportifs, des concerts, des congr\u00e8s, des \u00e9v\u00e9nements de divertissement et des festivals, etc.<\/p>\n\n\n\n<p>Au-del\u00e0 de la satisfaction de nos besoins propres, ces installations am\u00e9lioreront consid\u00e9rablement l\u2019attractivit\u00e9 de la destination B\u00e9nin. Dans ce cadre, les travaux pour la bonne et enti\u00e8re connectivit\u00e9 num\u00e9rique \u00e0 l\u2019int\u00e9rieur du territoire et avec l\u2019ext\u00e9rieur se poursuivront \u00e0 un rythme satisfaisant m\u00eame si cela g\u00e9n\u00e8re parfois des d\u00e9viances comme la cybercriminalit\u00e9.<\/p>\n\n\n\n<p>Le plus important \u00e9tant l\u2019utilisation positive que nous en faisons tout en combattant vigoureusement les d\u00e9lits et crimes qui s\u2019y d\u00e9veloppent.<\/p>\n\n\n\n<p>L\u2019internet est d\u00e9sormais dans notre quotidien presque partout. De Cotonou \u00e0 Nikki, Malanville ou Tangui\u00e9ta, de K\u00e9tou \u00e0 Bant\u00e8, Bassila ou Boukomb\u00e9 en passant par toutes les autres communes, la digitalisation a pris corps et le num\u00e9rique nous facilite de plus en plus la vie.<\/p>\n\n\n\n<p>Lequel d\u2019entre nous, qu\u2019il soit agent de l\u2019Etat ou non et o\u00f9 qu\u2019il se trouve, n\u2019a jamais encore b\u00e9n\u00e9fici\u00e9 de l\u2019un des 235 services publics enti\u00e8rement digitalis\u00e9s et disponibles en ligne 24h\/24, 7 jours sur 7 ? Qui n\u2019a pas sollicit\u00e9, de jour comme de nuit et sans avoir \u00e0 se d\u00e9placer, un acte de naissance, un casier judiciaire, une prestation administrative ?<\/p>\n\n\n\n<p>Qui est encore tenu d\u2019aller \u00e0 la circonscription scolaire parce que son enfant va \u00e0 un examen ou pour en conna\u00eetre le r\u00e9sultat ? Toutes les formalit\u00e9s relatives aux examens sont accessibles d\u00e9sormais en un clic et \u00e0 peu de frais. Et pour permettre \u00e0 chacun de devenir un usager de tous les services en ligne, le processus d\u2019attribution de num\u00e9ro personnel d\u2019identification n\u2019est plus un parcours du combattant.<\/p>\n\n\n\n<p>Nous avons \u0153uvr\u00e9 \u00e0 installer dans toutes nos communes et dans tous les arrondissements des communes \u00e0 statut particulier, ainsi que dans nos repr\u00e9sentations diplomatiques et consulaires, un bureau de l\u2019Agence Nationale d\u2019Identification des Personnes (ANIP).<\/p>\n\n\n\n<p>Ce faisant, nous facilitons l\u2019enr\u00f4lement continu des citoyens, la d\u00e9livrance des actes de naissance et des certificats d\u2019identification personnelle. La prochaine \u00e9tape sera de doter les arrondissements des communes interm\u00e9diaires ou ordinaires de d\u00e9membrements de l\u2019ANIP, pour rapprocher davantage les services d\u2019\u00e9tat civil des populations.<\/p>\n\n\n\n<p>Mais au-del\u00e0 des personnes physiques, le num\u00e9rique et la digitalisation impactent aussi nos micro, petites et moyennes entreprises autant que les grandes entreprises. Il leur permet d\u2019accomplir de nombreuses diligences en ligne, de faire des \u00e9conomies d\u2019\u00e9chelle et de d\u00e9velopper des services nouveaux.<\/p>\n\n\n\n<p>Mieux, nous avons mis en place l\u2019Agence de d\u00e9veloppement des petites et moyennes entreprises qui, fonctionnant comme un guichet unique de toutes les interventions de l\u2019Etat \u00e0 leur profit, sera pour elles un acteur cl\u00e9 de leur d\u00e9veloppement.<\/p>\n\n\n\n<p>Notre attention \u00e0 leur \u00e9gard se justifie d\u2019autant que l\u2019essentiel de notre tissu \u00e9conomique est fait de PME. Qu\u2019elles soient formelles ou informelles, ce sont elles qui cr\u00e9ent l\u2019essentiel de notre richesse nationale dont nous veillons \u00e0 g\u00e9rer les ressources vers\u00e9es \u00e0 l\u2019Etat avec beaucoup de rigueur et de transparence. Les reconnaissances internationales en la mati\u00e8re ne manquent d\u2019ailleurs pas.<\/p>\n\n\n\n<p>Ainsi, sur les enjeux globaux tels que le d\u00e9veloppement durable et la transparence fiscale, le B\u00e9nin est class\u00e9 premier en Afrique et parmi les meilleures nations au niveau mondial. En effet, en juin 2023, l\u2019Organisation des Nations Unies a class\u00e9 notre pays 1er en Afrique et 5\u00e8me dans le monde pour l\u2019indice qui mesure la capacit\u00e9 des Etats \u00e0 g\u00e9n\u00e9rer des solutions pour le d\u00e9veloppement durable et \u00e0 respecter leurs engagements.<\/p>\n\n\n\n<p>Plus r\u00e9cemment, le Conseil sur les politiques \u00e9conomiques et l\u2019Institut allemand pour le d\u00e9veloppement et la durabilit\u00e9 ont class\u00e9 le B\u00e9nin au 8\u00e8me au rang mondial, et premier en Afrique, en termes de transparence des d\u00e9penses fiscales des pays. Par ailleurs, nos partenaires traditionnels internationaux continuent de nous manifester une confiance soutenue.<\/p>\n\n\n\n<p>Le FMI a ainsi pl\u00e9biscit\u00e9 les efforts du B\u00e9nin, qui est devenu le deuxi\u00e8me pays \u00e0 b\u00e9n\u00e9ficier de la Facilit\u00e9 pour la R\u00e9silience et la Durabilit\u00e9, avec un acc\u00e8s \u00e0 120 % de sa quote-part. Quant \u00e0 la Banque Mondiale, elle contribue \u00e0 r\u00e9v\u00e9ler l\u2019excellence de nos performances \u00e0 travers son indice relatif \u00e0 l\u2019\u00e9valuation des politiques et des institutions, lequel nous classe premier en Afrique de l\u2019Ouest et en ce qui concerne plus sp\u00e9cifiquement le volet Politique \u00e9conomique, premier dans toute l\u2019Afrique.<\/p>\n\n\n\n<p>Quant aux agences de notation internationales les plus r\u00e9put\u00e9es, elles n\u2019ont de cesse de reconna\u00eetre la r\u00e9silience de l\u2019\u00e9conomie b\u00e9ninoise.<\/p>\n\n\n\n<p>En octobre 2023, Standard &amp; Poor\u2019s a maintenu la notation de B+ du pays et r\u00e9vis\u00e9 favorablement la perspective associ\u00e9e, passant de Stable \u00e0 Positive.<\/p>\n\n\n\n<p>Cette d\u00e9cision remarquable dans le contexte actuel d\u2019instabilit\u00e9s internationales croissantes, place le B\u00e9nin comme le seul pays d\u2019Afrique disposant d\u2019une perspective Positive avec cette Agence. Ces performances ne sont pas le fruit du hasard.<\/p>\n\n\n\n<p>Elles rel\u00e8vent bien de nos efforts collectifs et je voudrais en partager le m\u00e9rite avec la nation tout enti\u00e8re. Avec vous les d\u00e9put\u00e9s en particulier, qui nous donnez les moyens de mise en \u0153uvre de notre politique de d\u00e9veloppement, comme vous l\u2019avez encore fait le 8 d\u00e9cembre dernier en adoptant le budget g\u00e9n\u00e9ral de l\u2019Etat gestion 2024.<\/p>\n\n\n\n<p>Monsieur le Pr\u00e9sident de l\u2019Assembl\u00e9e nationale, Mesdames et messieurs les d\u00e9put\u00e9s, Bien g\u00e9rer nos ressources, c\u2019est ce qui nous permet de faire des investissements cons\u00e9quents pour assurer toujours plus de s\u00e9curit\u00e9 \u00e0 nos populations.<\/p>\n\n\n\n<p>C\u2019est cela qui nous a permis, par exemple, de recruter 3.500 jeunes gens sur titre au profit des Forces arm\u00e9es b\u00e9ninoises en 2023, 2.000 autres pour la Police r\u00e9publicaine, puis de renforcer leurs capacit\u00e9s op\u00e9rationnelles et logistiques, notamment par l\u2019acquisition d\u2019\u00e9quipements de pointe dont des vecteurs a\u00e9riens.<\/p>\n\n\n\n<p>Tous ces efforts ont pour objectif d\u2019accro\u00eetre leur r\u00e9silience, de maintenir leur moral au beau fixe en vue de leur permettre de se consacrer efficacement \u00e0 leurs missions r\u00e9galiennes. Toutes choses qui suscitent, de la part de nos partenaires, un regain d\u2019int\u00e9r\u00eat manifest\u00e9 par leur soutien remarquable.<\/p>\n\n\n\n<p>Mesdames et messieurs les d\u00e9put\u00e9s, Il est un domaine dans lequel nos performances \u00e9tonnent aussi et suscitent admiration. C\u2019est notre politique d\u2019industrialisation dont le fleuron, aujourd\u2019hui, est la Zone \u00e9conomique sp\u00e9ciale de Glo-Djigb\u00e9.<\/p>\n\n\n\n<p>J\u2019en parle avec fiert\u00e9 car je suis convaincu qu\u2019il y a trois ans, quand j\u2019annon\u00e7ais ce chantier lors de ma tourn\u00e9e de reddition de comptes, tr\u00e8s peu y croyaient. Aujourd\u2019hui, nous y voil\u00e0 ! et j\u2019ose l\u2019affirmer, ce que nous voyons d\u00e9j\u00e0 n\u2019est rien, compar\u00e9 \u00e0 ce qui vient devant. Avec l\u2019engouement des grandes entreprises pour s\u2019y installer, dans quelque temps, ce ne seront plus seulement 10.000 jeunes b\u00e9ninois qui vont y travailler, mais des centaines de milliers.<\/p>\n\n\n\n<p>C\u2019est aussi cela, la plus-value g\u00e9n\u00e9r\u00e9e par un climat incitatif pour les affaires et la transformation de nos mati\u00e8res premi\u00e8res. Cette dynamique va s\u2019amplifier sur les ann\u00e9es \u00e0 venir, avec un effet d\u2019entra\u00eenement sur les industries locales, qu\u2019elles soient implant\u00e9es \u00e0 Glo-Djigb\u00e9 ou non.<\/p>\n\n\n\n<p>Mais le climat des affaires se nourrit aussi d\u2019une justice accessible, pr\u00e9visible et rendue dans des d\u00e9lais raisonnables. Nous avons, \u00e0 cet \u00e9gard, travaill\u00e9 \u00e0 renforcer l\u2019efficacit\u00e9 de l\u2019appareil judiciaire, \u00e0 travers la poursuite des recrutements des professionnels qui l\u2019animent, mais aussi par la sp\u00e9cialisation de nos juridictions.<\/p>\n\n\n\n<p>Aussi avons-nous op\u00e9rationnalis\u00e9 la Cour d\u2019appel de commerce de Cotonou et la Cour sp\u00e9ciale des Affaires fonci\u00e8res pour plus d\u2019efficacit\u00e9.<\/p>\n\n\n\n<p><strong>Mesdames et messieurs,<\/strong><\/p>\n\n\n\n<p>Qui, ici, se plaindrait du fait que le d\u00e9veloppement de notre pays se r\u00e9alise de fa\u00e7on m\u00e9thodique et ordonn\u00e9e ? Qui ne voudrait pas, que l\u2019am\u00e9lioration de nos conditions de vie soit durable et planifi\u00e9e sur plusieurs g\u00e9n\u00e9rations ?<\/p>\n\n\n\n<p>C\u2019est pour ces raisons que nous avons introduit devant vous, un projet de loi-cadre sur la planification du d\u00e9veloppement et l\u2019\u00e9valuation des politiques publiques ; et que nous avons lanc\u00e9 le processus de formulation de la Vision B\u00e9nin 2060 par laquelle nous projetons notre pays dans le temps, \u00e0 l\u2019horizon de ces cent ans d\u2019\u00e2ge.<\/p>\n\n\n\n<p>Enfin, malgr\u00e9 nos tendances politiques diff\u00e9rentes qui font que nous pouvons diverger sur les m\u00e9thodes, l\u2019on devrait \u00eatre unanimes pour tirer la conclusion que patiemment, avec m\u00e9thode et s\u00e9rieux, le B\u00e9nin se construit sans tapages, sans poses de premi\u00e8res pierres, sans premiers coups de pioche et que sais-je encore !<\/p>\n\n\n\n<p>Le B\u00e9nin se construit et les r\u00e9sultats sont de plus en plus visibles. Ne pas le reconna\u00eetre, c\u2019est minimiser voire ignorer les efforts qu\u2019ensemble nous fournissons pour nous donner un destin aux couleurs de nos attentes.<\/p>\n\n\n\n<p>Le m\u00e9rite appartient donc aux B\u00e9ninoises et aux B\u00e9ninois de toutes conditions, de toutes nos communes, de tous nos villages et quartiers de ville ; sans oublier ceux de la diaspora.<\/p>\n\n\n\n<p>Et c\u2019est eux que je voudrais remercier pour finir mon propos, qu\u2019ils soient des champs, des march\u00e9s, du monde artisanal ou industriel, de l\u2019administration publique ou priv\u00e9e, ou encore de la soci\u00e9t\u00e9 civile.<\/p>\n\n\n\n<p>Vive le B\u00e9nin,<\/p>\n\n\n\n<p>Je vous remercie.<\/p>\n\n\n\n<figure class=\"wp-block-image size-full\"><img fetchpriority=\"high\" decoding=\"async\" width=\"1024\" height=\"768\" src=\"https:\/\/lepatriotebenin.com\/wp-content\/uploads\/2023\/12\/talon-ediscours.jpg\" alt=\"\" class=\"wp-image-2101\" srcset=\"https:\/\/lepatriotebenin.com\/wp-content\/uploads\/2023\/12\/talon-ediscours.jpg 1024w, https:\/\/lepatriotebenin.com\/wp-content\/uploads\/2023\/12\/talon-ediscours-300x225.jpg 300w, https:\/\/lepatriotebenin.com\/wp-content\/uploads\/2023\/12\/talon-ediscours-768x576.jpg 768w, https:\/\/lepatriotebenin.com\/wp-content\/uploads\/2023\/12\/talon-ediscours-585x439.jpg 585w\" sizes=\"(max-width: 1024px) 100vw, 1024px\" \/><\/figure>\n","protected":false},"excerpt":{"rendered":"<p>Conform\u00e9ment aux dispositions de&nbsp;l\u2019article 72&nbsp;de la&nbsp;Constitution du 11 d\u00e9cembre 1990&nbsp;telle que modifi\u00e9e par la loi N\u00b02019-40 du 07 novembre 2019&nbsp;qui stipule&nbsp;: \u00ab Le Pr\u00e9sident de la R\u00e9publique adresse une fois&hellip;<\/p>\n","protected":false},"author":6,"featured_media":2101,"comment_status":"open","ping_status":"open","sticky":false,"template":"","format":"standard","meta":{"content-type":"","om_disable_all_campaigns":false,"_monsterinsights_skip_tracking":false,"_monsterinsights_sitenote_active":false,"_monsterinsights_sitenote_note":"","_monsterinsights_sitenote_category":0,"_uf_show_specific_survey":0,"_uf_disable_surveys":false,"footnotes":""},"categories":[26],"tags":[],"class_list":["post-2100","post","type-post","status-publish","format-standard","has-post-thumbnail","hentry","category-politique"],"aioseo_notices":[],"yoast_head":"<!-- This site is optimized with the Yoast SEO plugin v27.5 - https:\/\/yoast.com\/product\/yoast-seo-wordpress\/ -->\n<title>B\u00e9nin : \u00a0L\u2019int\u00e9gralit\u00e9 du discours de Patrice Talon sur l\u2019\u00e9tat de la nation - Le Patriote<\/title>\n<meta name=\"description\" content=\"Le Pr\u00e9sident de la R\u00e9publique Patrice Talon , conform\u00e9ment \u00e0 l\u2019article 72 de la Constitution du 11 d\u00e9cembre 1990 ......\" \/>\n<meta name=\"robots\" content=\"index, follow, max-snippet:-1, max-image-preview:large, max-video-preview:-1\" \/>\n<link rel=\"canonical\" href=\"https:\/\/lepatriotebenin.com\/index.php\/2023\/12\/21\/benin-lintegralite-du-discours-de-patrice-talon-sur-letat-de-la-nation\/\" \/>\n<meta property=\"og:locale\" content=\"fr_FR\" \/>\n<meta property=\"og:type\" content=\"article\" \/>\n<meta property=\"og:title\" content=\"B\u00e9nin : \u00a0L\u2019int\u00e9gralit\u00e9 du discours de Patrice Talon sur l\u2019\u00e9tat de la nation - Le Patriote\" \/>\n<meta property=\"og:description\" content=\"Le Pr\u00e9sident de la R\u00e9publique Patrice Talon , conform\u00e9ment \u00e0 l\u2019article 72 de la Constitution du 11 d\u00e9cembre 1990 ......\" \/>\n<meta property=\"og:url\" content=\"https:\/\/lepatriotebenin.com\/index.php\/2023\/12\/21\/benin-lintegralite-du-discours-de-patrice-talon-sur-letat-de-la-nation\/\" \/>\n<meta property=\"og:site_name\" content=\"Le Patriote\" \/>\n<meta property=\"article:published_time\" content=\"2023-12-21T12:15:42+00:00\" \/>\n<meta property=\"article:modified_time\" content=\"2023-12-21T12:15:43+00:00\" \/>\n<meta property=\"og:image\" content=\"https:\/\/lepatriotebenin.com\/wp-content\/uploads\/2023\/12\/talon-ediscours.jpg\" \/>\n\t<meta property=\"og:image:width\" content=\"1024\" \/>\n\t<meta property=\"og:image:height\" content=\"768\" \/>\n\t<meta property=\"og:image:type\" content=\"image\/jpeg\" \/>\n<meta name=\"author\" content=\"Roland AFFANOU\" \/>\n<meta name=\"twitter:card\" content=\"summary_large_image\" \/>\n<meta name=\"twitter:label1\" content=\"\u00c9crit par\" \/>\n\t<meta name=\"twitter:data1\" content=\"Roland AFFANOU\" \/>\n\t<meta name=\"twitter:label2\" content=\"Dur\u00e9e de lecture estim\u00e9e\" \/>\n\t<meta name=\"twitter:data2\" content=\"23 minutes\" \/>\n<script type=\"application\/ld+json\" class=\"yoast-schema-graph\">{\"@context\":\"https:\\\/\\\/schema.org\",\"@graph\":[{\"@type\":\"Article\",\"@id\":\"https:\\\/\\\/lepatriotebenin.com\\\/index.php\\\/2023\\\/12\\\/21\\\/benin-lintegralite-du-discours-de-patrice-talon-sur-letat-de-la-nation\\\/#article\",\"isPartOf\":{\"@id\":\"https:\\\/\\\/lepatriotebenin.com\\\/index.php\\\/2023\\\/12\\\/21\\\/benin-lintegralite-du-discours-de-patrice-talon-sur-letat-de-la-nation\\\/\"},\"author\":{\"name\":\"Roland AFFANOU\",\"@id\":\"https:\\\/\\\/lepatriotebenin.com\\\/#\\\/schema\\\/person\\\/4a9b67216c97d04045e01405c534c91f\"},\"headline\":\"B\u00e9nin : \u00a0L\u2019int\u00e9gralit\u00e9 du discours de Patrice Talon sur l\u2019\u00e9tat de la nation\",\"datePublished\":\"2023-12-21T12:15:42+00:00\",\"dateModified\":\"2023-12-21T12:15:43+00:00\",\"mainEntityOfPage\":{\"@id\":\"https:\\\/\\\/lepatriotebenin.com\\\/index.php\\\/2023\\\/12\\\/21\\\/benin-lintegralite-du-discours-de-patrice-talon-sur-letat-de-la-nation\\\/\"},\"wordCount\":4982,\"commentCount\":0,\"image\":{\"@id\":\"https:\\\/\\\/lepatriotebenin.com\\\/index.php\\\/2023\\\/12\\\/21\\\/benin-lintegralite-du-discours-de-patrice-talon-sur-letat-de-la-nation\\\/#primaryimage\"},\"thumbnailUrl\":\"https:\\\/\\\/lepatriotebenin.com\\\/wp-content\\\/uploads\\\/2023\\\/12\\\/talon-ediscours.jpg\",\"articleSection\":[\"Politique\"],\"inLanguage\":\"fr-FR\",\"potentialAction\":[{\"@type\":\"CommentAction\",\"name\":\"Comment\",\"target\":[\"https:\\\/\\\/lepatriotebenin.com\\\/index.php\\\/2023\\\/12\\\/21\\\/benin-lintegralite-du-discours-de-patrice-talon-sur-letat-de-la-nation\\\/#respond\"]}]},{\"@type\":\"WebPage\",\"@id\":\"https:\\\/\\\/lepatriotebenin.com\\\/index.php\\\/2023\\\/12\\\/21\\\/benin-lintegralite-du-discours-de-patrice-talon-sur-letat-de-la-nation\\\/\",\"url\":\"https:\\\/\\\/lepatriotebenin.com\\\/index.php\\\/2023\\\/12\\\/21\\\/benin-lintegralite-du-discours-de-patrice-talon-sur-letat-de-la-nation\\\/\",\"name\":\"B\u00e9nin : \u00a0L\u2019int\u00e9gralit\u00e9 du discours de Patrice Talon sur l\u2019\u00e9tat de la nation - Le Patriote\",\"isPartOf\":{\"@id\":\"https:\\\/\\\/lepatriotebenin.com\\\/#website\"},\"primaryImageOfPage\":{\"@id\":\"https:\\\/\\\/lepatriotebenin.com\\\/index.php\\\/2023\\\/12\\\/21\\\/benin-lintegralite-du-discours-de-patrice-talon-sur-letat-de-la-nation\\\/#primaryimage\"},\"image\":{\"@id\":\"https:\\\/\\\/lepatriotebenin.com\\\/index.php\\\/2023\\\/12\\\/21\\\/benin-lintegralite-du-discours-de-patrice-talon-sur-letat-de-la-nation\\\/#primaryimage\"},\"thumbnailUrl\":\"https:\\\/\\\/lepatriotebenin.com\\\/wp-content\\\/uploads\\\/2023\\\/12\\\/talon-ediscours.jpg\",\"datePublished\":\"2023-12-21T12:15:42+00:00\",\"dateModified\":\"2023-12-21T12:15:43+00:00\",\"author\":{\"@id\":\"https:\\\/\\\/lepatriotebenin.com\\\/#\\\/schema\\\/person\\\/4a9b67216c97d04045e01405c534c91f\"},\"description\":\"Le Pr\u00e9sident de la R\u00e9publique Patrice Talon , conform\u00e9ment \u00e0 l\u2019article 72 de la Constitution du 11 d\u00e9cembre 1990 ......\",\"breadcrumb\":{\"@id\":\"https:\\\/\\\/lepatriotebenin.com\\\/index.php\\\/2023\\\/12\\\/21\\\/benin-lintegralite-du-discours-de-patrice-talon-sur-letat-de-la-nation\\\/#breadcrumb\"},\"inLanguage\":\"fr-FR\",\"potentialAction\":[{\"@type\":\"ReadAction\",\"target\":[\"https:\\\/\\\/lepatriotebenin.com\\\/index.php\\\/2023\\\/12\\\/21\\\/benin-lintegralite-du-discours-de-patrice-talon-sur-letat-de-la-nation\\\/\"]}]},{\"@type\":\"ImageObject\",\"inLanguage\":\"fr-FR\",\"@id\":\"https:\\\/\\\/lepatriotebenin.com\\\/index.php\\\/2023\\\/12\\\/21\\\/benin-lintegralite-du-discours-de-patrice-talon-sur-letat-de-la-nation\\\/#primaryimage\",\"url\":\"https:\\\/\\\/lepatriotebenin.com\\\/wp-content\\\/uploads\\\/2023\\\/12\\\/talon-ediscours.jpg\",\"contentUrl\":\"https:\\\/\\\/lepatriotebenin.com\\\/wp-content\\\/uploads\\\/2023\\\/12\\\/talon-ediscours.jpg\",\"width\":1024,\"height\":768},{\"@type\":\"BreadcrumbList\",\"@id\":\"https:\\\/\\\/lepatriotebenin.com\\\/index.php\\\/2023\\\/12\\\/21\\\/benin-lintegralite-du-discours-de-patrice-talon-sur-letat-de-la-nation\\\/#breadcrumb\",\"itemListElement\":[{\"@type\":\"ListItem\",\"position\":1,\"name\":\"Accueil\",\"item\":\"https:\\\/\\\/lepatriotebenin.com\\\/\"},{\"@type\":\"ListItem\",\"position\":2,\"name\":\"B\u00e9nin : \u00a0L\u2019int\u00e9gralit\u00e9 du discours de Patrice Talon sur l\u2019\u00e9tat de la nation\"}]},{\"@type\":\"WebSite\",\"@id\":\"https:\\\/\\\/lepatriotebenin.com\\\/#website\",\"url\":\"https:\\\/\\\/lepatriotebenin.com\\\/\",\"name\":\"Le Patriote\",\"description\":\"Le Patriote B\u00e9nin\",\"potentialAction\":[{\"@type\":\"SearchAction\",\"target\":{\"@type\":\"EntryPoint\",\"urlTemplate\":\"https:\\\/\\\/lepatriotebenin.com\\\/?s={search_term_string}\"},\"query-input\":{\"@type\":\"PropertyValueSpecification\",\"valueRequired\":true,\"valueName\":\"search_term_string\"}}],\"inLanguage\":\"fr-FR\"},{\"@type\":\"Person\",\"@id\":\"https:\\\/\\\/lepatriotebenin.com\\\/#\\\/schema\\\/person\\\/4a9b67216c97d04045e01405c534c91f\",\"name\":\"Roland AFFANOU\",\"image\":{\"@type\":\"ImageObject\",\"inLanguage\":\"fr-FR\",\"@id\":\"https:\\\/\\\/secure.gravatar.com\\\/avatar\\\/7209d3f6d2d47ea4d0c67e14d3effb61feb10ae540a4381280c66265de5bd643?s=96&d=mm&r=g\",\"url\":\"https:\\\/\\\/secure.gravatar.com\\\/avatar\\\/7209d3f6d2d47ea4d0c67e14d3effb61feb10ae540a4381280c66265de5bd643?s=96&d=mm&r=g\",\"contentUrl\":\"https:\\\/\\\/secure.gravatar.com\\\/avatar\\\/7209d3f6d2d47ea4d0c67e14d3effb61feb10ae540a4381280c66265de5bd643?s=96&d=mm&r=g\",\"caption\":\"Roland AFFANOU\"},\"url\":\"https:\\\/\\\/lepatriotebenin.com\"}]}<\/script>\n<!-- \/ Yoast SEO plugin. -->","yoast_head_json":{"title":"B\u00e9nin : \u00a0L\u2019int\u00e9gralit\u00e9 du discours de Patrice Talon sur l\u2019\u00e9tat de la nation - Le Patriote","description":"Le Pr\u00e9sident de la R\u00e9publique Patrice Talon , conform\u00e9ment \u00e0 l\u2019article 72 de la Constitution du 11 d\u00e9cembre 1990 ......","robots":{"index":"index","follow":"follow","max-snippet":"max-snippet:-1","max-image-preview":"max-image-preview:large","max-video-preview":"max-video-preview:-1"},"canonical":"https:\/\/lepatriotebenin.com\/index.php\/2023\/12\/21\/benin-lintegralite-du-discours-de-patrice-talon-sur-letat-de-la-nation\/","og_locale":"fr_FR","og_type":"article","og_title":"B\u00e9nin : \u00a0L\u2019int\u00e9gralit\u00e9 du discours de Patrice Talon sur l\u2019\u00e9tat de la nation - Le Patriote","og_description":"Le Pr\u00e9sident de la R\u00e9publique Patrice Talon , conform\u00e9ment \u00e0 l\u2019article 72 de la Constitution du 11 d\u00e9cembre 1990 ......","og_url":"https:\/\/lepatriotebenin.com\/index.php\/2023\/12\/21\/benin-lintegralite-du-discours-de-patrice-talon-sur-letat-de-la-nation\/","og_site_name":"Le Patriote","article_published_time":"2023-12-21T12:15:42+00:00","article_modified_time":"2023-12-21T12:15:43+00:00","og_image":[{"width":1024,"height":768,"url":"https:\/\/lepatriotebenin.com\/wp-content\/uploads\/2023\/12\/talon-ediscours.jpg","type":"image\/jpeg"}],"author":"Roland AFFANOU","twitter_card":"summary_large_image","twitter_misc":{"\u00c9crit par":"Roland AFFANOU","Dur\u00e9e de lecture estim\u00e9e":"23 minutes"},"schema":{"@context":"https:\/\/schema.org","@graph":[{"@type":"Article","@id":"https:\/\/lepatriotebenin.com\/index.php\/2023\/12\/21\/benin-lintegralite-du-discours-de-patrice-talon-sur-letat-de-la-nation\/#article","isPartOf":{"@id":"https:\/\/lepatriotebenin.com\/index.php\/2023\/12\/21\/benin-lintegralite-du-discours-de-patrice-talon-sur-letat-de-la-nation\/"},"author":{"name":"Roland AFFANOU","@id":"https:\/\/lepatriotebenin.com\/#\/schema\/person\/4a9b67216c97d04045e01405c534c91f"},"headline":"B\u00e9nin : \u00a0L\u2019int\u00e9gralit\u00e9 du discours de Patrice Talon sur l\u2019\u00e9tat de la nation","datePublished":"2023-12-21T12:15:42+00:00","dateModified":"2023-12-21T12:15:43+00:00","mainEntityOfPage":{"@id":"https:\/\/lepatriotebenin.com\/index.php\/2023\/12\/21\/benin-lintegralite-du-discours-de-patrice-talon-sur-letat-de-la-nation\/"},"wordCount":4982,"commentCount":0,"image":{"@id":"https:\/\/lepatriotebenin.com\/index.php\/2023\/12\/21\/benin-lintegralite-du-discours-de-patrice-talon-sur-letat-de-la-nation\/#primaryimage"},"thumbnailUrl":"https:\/\/lepatriotebenin.com\/wp-content\/uploads\/2023\/12\/talon-ediscours.jpg","articleSection":["Politique"],"inLanguage":"fr-FR","potentialAction":[{"@type":"CommentAction","name":"Comment","target":["https:\/\/lepatriotebenin.com\/index.php\/2023\/12\/21\/benin-lintegralite-du-discours-de-patrice-talon-sur-letat-de-la-nation\/#respond"]}]},{"@type":"WebPage","@id":"https:\/\/lepatriotebenin.com\/index.php\/2023\/12\/21\/benin-lintegralite-du-discours-de-patrice-talon-sur-letat-de-la-nation\/","url":"https:\/\/lepatriotebenin.com\/index.php\/2023\/12\/21\/benin-lintegralite-du-discours-de-patrice-talon-sur-letat-de-la-nation\/","name":"B\u00e9nin : \u00a0L\u2019int\u00e9gralit\u00e9 du discours de Patrice Talon sur l\u2019\u00e9tat de la nation - Le Patriote","isPartOf":{"@id":"https:\/\/lepatriotebenin.com\/#website"},"primaryImageOfPage":{"@id":"https:\/\/lepatriotebenin.com\/index.php\/2023\/12\/21\/benin-lintegralite-du-discours-de-patrice-talon-sur-letat-de-la-nation\/#primaryimage"},"image":{"@id":"https:\/\/lepatriotebenin.com\/index.php\/2023\/12\/21\/benin-lintegralite-du-discours-de-patrice-talon-sur-letat-de-la-nation\/#primaryimage"},"thumbnailUrl":"https:\/\/lepatriotebenin.com\/wp-content\/uploads\/2023\/12\/talon-ediscours.jpg","datePublished":"2023-12-21T12:15:42+00:00","dateModified":"2023-12-21T12:15:43+00:00","author":{"@id":"https:\/\/lepatriotebenin.com\/#\/schema\/person\/4a9b67216c97d04045e01405c534c91f"},"description":"Le Pr\u00e9sident de la R\u00e9publique Patrice Talon , conform\u00e9ment \u00e0 l\u2019article 72 de la Constitution du 11 d\u00e9cembre 1990 ......","breadcrumb":{"@id":"https:\/\/lepatriotebenin.com\/index.php\/2023\/12\/21\/benin-lintegralite-du-discours-de-patrice-talon-sur-letat-de-la-nation\/#breadcrumb"},"inLanguage":"fr-FR","potentialAction":[{"@type":"ReadAction","target":["https:\/\/lepatriotebenin.com\/index.php\/2023\/12\/21\/benin-lintegralite-du-discours-de-patrice-talon-sur-letat-de-la-nation\/"]}]},{"@type":"ImageObject","inLanguage":"fr-FR","@id":"https:\/\/lepatriotebenin.com\/index.php\/2023\/12\/21\/benin-lintegralite-du-discours-de-patrice-talon-sur-letat-de-la-nation\/#primaryimage","url":"https:\/\/lepatriotebenin.com\/wp-content\/uploads\/2023\/12\/talon-ediscours.jpg","contentUrl":"https:\/\/lepatriotebenin.com\/wp-content\/uploads\/2023\/12\/talon-ediscours.jpg","width":1024,"height":768},{"@type":"BreadcrumbList","@id":"https:\/\/lepatriotebenin.com\/index.php\/2023\/12\/21\/benin-lintegralite-du-discours-de-patrice-talon-sur-letat-de-la-nation\/#breadcrumb","itemListElement":[{"@type":"ListItem","position":1,"name":"Accueil","item":"https:\/\/lepatriotebenin.com\/"},{"@type":"ListItem","position":2,"name":"B\u00e9nin : \u00a0L\u2019int\u00e9gralit\u00e9 du discours de Patrice Talon sur l\u2019\u00e9tat de la nation"}]},{"@type":"WebSite","@id":"https:\/\/lepatriotebenin.com\/#website","url":"https:\/\/lepatriotebenin.com\/","name":"Le Patriote","description":"Le Patriote B\u00e9nin","potentialAction":[{"@type":"SearchAction","target":{"@type":"EntryPoint","urlTemplate":"https:\/\/lepatriotebenin.com\/?s={search_term_string}"},"query-input":{"@type":"PropertyValueSpecification","valueRequired":true,"valueName":"search_term_string"}}],"inLanguage":"fr-FR"},{"@type":"Person","@id":"https:\/\/lepatriotebenin.com\/#\/schema\/person\/4a9b67216c97d04045e01405c534c91f","name":"Roland AFFANOU","image":{"@type":"ImageObject","inLanguage":"fr-FR","@id":"https:\/\/secure.gravatar.com\/avatar\/7209d3f6d2d47ea4d0c67e14d3effb61feb10ae540a4381280c66265de5bd643?s=96&d=mm&r=g","url":"https:\/\/secure.gravatar.com\/avatar\/7209d3f6d2d47ea4d0c67e14d3effb61feb10ae540a4381280c66265de5bd643?s=96&d=mm&r=g","contentUrl":"https:\/\/secure.gravatar.com\/avatar\/7209d3f6d2d47ea4d0c67e14d3effb61feb10ae540a4381280c66265de5bd643?s=96&d=mm&r=g","caption":"Roland AFFANOU"},"url":"https:\/\/lepatriotebenin.com"}]}},"_links":{"self":[{"href":"https:\/\/lepatriotebenin.com\/index.php\/wp-json\/wp\/v2\/posts\/2100","targetHints":{"allow":["GET"]}}],"collection":[{"href":"https:\/\/lepatriotebenin.com\/index.php\/wp-json\/wp\/v2\/posts"}],"about":[{"href":"https:\/\/lepatriotebenin.com\/index.php\/wp-json\/wp\/v2\/types\/post"}],"author":[{"embeddable":true,"href":"https:\/\/lepatriotebenin.com\/index.php\/wp-json\/wp\/v2\/users\/6"}],"replies":[{"embeddable":true,"href":"https:\/\/lepatriotebenin.com\/index.php\/wp-json\/wp\/v2\/comments?post=2100"}],"version-history":[{"count":1,"href":"https:\/\/lepatriotebenin.com\/index.php\/wp-json\/wp\/v2\/posts\/2100\/revisions"}],"predecessor-version":[{"id":2102,"href":"https:\/\/lepatriotebenin.com\/index.php\/wp-json\/wp\/v2\/posts\/2100\/revisions\/2102"}],"wp:featuredmedia":[{"embeddable":true,"href":"https:\/\/lepatriotebenin.com\/index.php\/wp-json\/wp\/v2\/media\/2101"}],"wp:attachment":[{"href":"https:\/\/lepatriotebenin.com\/index.php\/wp-json\/wp\/v2\/media?parent=2100"}],"wp:term":[{"taxonomy":"category","embeddable":true,"href":"https:\/\/lepatriotebenin.com\/index.php\/wp-json\/wp\/v2\/categories?post=2100"},{"taxonomy":"post_tag","embeddable":true,"href":"https:\/\/lepatriotebenin.com\/index.php\/wp-json\/wp\/v2\/tags?post=2100"}],"curies":[{"name":"wp","href":"https:\/\/api.w.org\/{rel}","templated":true}]}}