{"id":2097,"date":"2023-12-21T12:57:39","date_gmt":"2023-12-21T11:57:39","guid":{"rendered":"https:\/\/lepatriotebenin.com\/?p=2097"},"modified":"2023-12-21T12:57:39","modified_gmt":"2023-12-21T11:57:39","slug":"discours-sur-letat-de-la-nation-les-pics-de-talon-a-yayi","status":"publish","type":"post","link":"https:\/\/lepatriotebenin.com\/index.php\/2023\/12\/21\/discours-sur-letat-de-la-nation-les-pics-de-talon-a-yayi\/","title":{"rendered":"\u00a0Discours sur l\u2019\u00e9tat de la Nation\u00a0: Les pics de Talon \u00e0 Yayi"},"content":{"rendered":"\n<p>Le pr\u00e9sident de la R\u00e9publique du B\u00e9nin, <strong>Patrice Talon<\/strong> a d\u00e9livr\u00e9 ce <strong>jeudi 21 d\u00e9cembre 2023,<\/strong> au palais des gouverneurs de Porto-Novo, son discours sur l\u2019\u00e9tat de la Nation. &nbsp;Le Chef de l\u2019Etat b\u00e9ninois n\u2019a pas manqu\u00e9 de lancer des pics \u00e0 son pr\u00e9d\u00e9cesseur, <strong>Boni Yayi .<\/strong> Selon le premier magistrat du pays<em>, \u00ab&nbsp;<\/em><em>le<\/em><em> B\u00e9nin se construit de fa\u00e7on visible, sans coup de pioche, sans pose de premi\u00e8re pierre, et sans inauguration\u00a0\u00bb<\/em><em>. Pour le Pr\u00e9sident Talon, le<\/em> r\u00e9gime de l\u2019ancien Pr\u00e9sident de la R\u00e9publique, excellait <em>\u00ab&nbsp;<\/em><em>dans les poses de premi\u00e8re pierre et a laiss\u00e9 beaucoup de chantiers inachev\u00e9s et des \u00e9l\u00e9phants blancs<\/em><em>&nbsp;\u00bb.<\/em><\/p>\n\n\n\n<p>En contraste avec le r\u00e9gime du changement, il a vant\u00e9 son bilan comme mod\u00e8le de bonne gouvernance.&nbsp; Il a cit\u00e9 le cas des projets lanc\u00e9s tels que le centre universitaire de S\u00e8m\u00e8 City \u00e0 Ouidah, l\u2019h\u00f4pital de Togbin, la modernisation de Glo Djigb\u00e9 et autres.&nbsp; La lutte contre la corruption sous le r\u00e9gime de Boni Yayi n\u2019a pas \u00e9chapp\u00e9 aux critiques du Chef de l\u2019Etat qui a toujours d\u00e9clar\u00e9 qu\u2019il m\u00e8ne une lutte sans merci contre la corruption.<\/p>\n\n\n\n<figure class=\"wp-block-image size-large\"><img fetchpriority=\"high\" decoding=\"async\" width=\"1024\" height=\"682\" src=\"https:\/\/lepatriotebenin.com\/wp-content\/uploads\/2023\/12\/talon-2-2-1024x682.jpeg\" alt=\"\" class=\"wp-image-2098\" srcset=\"https:\/\/lepatriotebenin.com\/wp-content\/uploads\/2023\/12\/talon-2-2-1024x682.jpeg 1024w, https:\/\/lepatriotebenin.com\/wp-content\/uploads\/2023\/12\/talon-2-2-300x200.jpeg 300w, https:\/\/lepatriotebenin.com\/wp-content\/uploads\/2023\/12\/talon-2-2-768x512.jpeg 768w, https:\/\/lepatriotebenin.com\/wp-content\/uploads\/2023\/12\/talon-2-2-1170x780.jpeg 1170w, https:\/\/lepatriotebenin.com\/wp-content\/uploads\/2023\/12\/talon-2-2-585x390.jpeg 585w, https:\/\/lepatriotebenin.com\/wp-content\/uploads\/2023\/12\/talon-2-2-263x175.jpeg 263w, https:\/\/lepatriotebenin.com\/wp-content\/uploads\/2023\/12\/talon-2-2.jpeg 1520w\" sizes=\"(max-width: 1024px) 100vw, 1024px\" \/><\/figure>\n","protected":false},"excerpt":{"rendered":"<p>Le pr\u00e9sident de la R\u00e9publique du B\u00e9nin, Patrice Talon a d\u00e9livr\u00e9 ce jeudi 21 d\u00e9cembre 2023, au palais des gouverneurs de Porto-Novo, son discours sur l\u2019\u00e9tat de la Nation. &nbsp;Le&hellip;<\/p>\n","protected":false},"author":6,"featured_media":2098,"comment_status":"open","ping_status":"open","sticky":false,"template":"","format":"standard","meta":{"content-type":"","om_disable_all_campaigns":false,"_monsterinsights_skip_tracking":false,"_monsterinsights_sitenote_active":false,"_monsterinsights_sitenote_note":"","_monsterinsights_sitenote_category":0,"_uf_show_specific_survey":0,"_uf_disable_surveys":false,"footnotes":""},"categories":[26],"tags":[],"class_list":["post-2097","post","type-post","status-publish","format-standard","has-post-thumbnail","hentry","category-politique"],"aioseo_notices":[],"yoast_head":"<!-- This site is optimized with the Yoast SEO plugin v27.5 - https:\/\/yoast.com\/product\/yoast-seo-wordpress\/ -->\n<title>\u00a0Discours sur l\u2019\u00e9tat de la Nation\u00a0: Les pics de Talon \u00e0 Yayi - Le Patriote<\/title>\n<meta name=\"robots\" content=\"index, follow, max-snippet:-1, max-image-preview:large, max-video-preview:-1\" \/>\n<link rel=\"canonical\" href=\"https:\/\/lepatriotebenin.com\/index.php\/2023\/12\/21\/discours-sur-letat-de-la-nation-les-pics-de-talon-a-yayi\/\" \/>\n<meta property=\"og:locale\" content=\"fr_FR\" \/>\n<meta property=\"og:type\" content=\"article\" \/>\n<meta property=\"og:title\" content=\"\u00a0Discours sur l\u2019\u00e9tat de la Nation\u00a0: Les pics de Talon \u00e0 Yayi - Le Patriote\" \/>\n<meta property=\"og:description\" content=\"Le pr\u00e9sident de la R\u00e9publique du B\u00e9nin, Patrice Talon a d\u00e9livr\u00e9 ce jeudi 21 d\u00e9cembre 2023, au palais des gouverneurs de Porto-Novo, son discours sur l\u2019\u00e9tat de la Nation. &nbsp;Le&hellip;\" \/>\n<meta property=\"og:url\" content=\"https:\/\/lepatriotebenin.com\/index.php\/2023\/12\/21\/discours-sur-letat-de-la-nation-les-pics-de-talon-a-yayi\/\" \/>\n<meta property=\"og:site_name\" content=\"Le Patriote\" \/>\n<meta property=\"article:published_time\" content=\"2023-12-21T11:57:39+00:00\" \/>\n<meta property=\"og:image\" content=\"https:\/\/lepatriotebenin.com\/wp-content\/uploads\/2023\/12\/talon-2-2.jpeg\" \/>\n\t<meta property=\"og:image:width\" content=\"1520\" \/>\n\t<meta property=\"og:image:height\" content=\"1013\" \/>\n\t<meta property=\"og:image:type\" content=\"image\/jpeg\" \/>\n<meta name=\"author\" content=\"Roland AFFANOU\" \/>\n<meta name=\"twitter:card\" content=\"summary_large_image\" \/>\n<meta name=\"twitter:label1\" content=\"\u00c9crit par\" \/>\n\t<meta name=\"twitter:data1\" content=\"Roland AFFANOU\" \/>\n\t<meta name=\"twitter:label2\" content=\"Dur\u00e9e de lecture estim\u00e9e\" \/>\n\t<meta name=\"twitter:data2\" content=\"2 minutes\" \/>\n<script type=\"application\/ld+json\" class=\"yoast-schema-graph\">{\"@context\":\"https:\\\/\\\/schema.org\",\"@graph\":[{\"@type\":\"Article\",\"@id\":\"https:\\\/\\\/lepatriotebenin.com\\\/index.php\\\/2023\\\/12\\\/21\\\/discours-sur-letat-de-la-nation-les-pics-de-talon-a-yayi\\\/#article\",\"isPartOf\":{\"@id\":\"https:\\\/\\\/lepatriotebenin.com\\\/index.php\\\/2023\\\/12\\\/21\\\/discours-sur-letat-de-la-nation-les-pics-de-talon-a-yayi\\\/\"},\"author\":{\"name\":\"Roland AFFANOU\",\"@id\":\"https:\\\/\\\/lepatriotebenin.com\\\/#\\\/schema\\\/person\\\/4a9b67216c97d04045e01405c534c91f\"},\"headline\":\"\u00a0Discours sur l\u2019\u00e9tat de la Nation\u00a0: Les pics de Talon \u00e0 Yayi\",\"datePublished\":\"2023-12-21T11:57:39+00:00\",\"mainEntityOfPage\":{\"@id\":\"https:\\\/\\\/lepatriotebenin.com\\\/index.php\\\/2023\\\/12\\\/21\\\/discours-sur-letat-de-la-nation-les-pics-de-talon-a-yayi\\\/\"},\"wordCount\":227,\"commentCount\":0,\"image\":{\"@id\":\"https:\\\/\\\/lepatriotebenin.com\\\/index.php\\\/2023\\\/12\\\/21\\\/discours-sur-letat-de-la-nation-les-pics-de-talon-a-yayi\\\/#primaryimage\"},\"thumbnailUrl\":\"https:\\\/\\\/lepatriotebenin.com\\\/wp-content\\\/uploads\\\/2023\\\/12\\\/talon-2-2.jpeg\",\"articleSection\":[\"Politique\"],\"inLanguage\":\"fr-FR\",\"potentialAction\":[{\"@type\":\"CommentAction\",\"name\":\"Comment\",\"target\":[\"https:\\\/\\\/lepatriotebenin.com\\\/index.php\\\/2023\\\/12\\\/21\\\/discours-sur-letat-de-la-nation-les-pics-de-talon-a-yayi\\\/#respond\"]}]},{\"@type\":\"WebPage\",\"@id\":\"https:\\\/\\\/lepatriotebenin.com\\\/index.php\\\/2023\\\/12\\\/21\\\/discours-sur-letat-de-la-nation-les-pics-de-talon-a-yayi\\\/\",\"url\":\"https:\\\/\\\/lepatriotebenin.com\\\/index.php\\\/2023\\\/12\\\/21\\\/discours-sur-letat-de-la-nation-les-pics-de-talon-a-yayi\\\/\",\"name\":\"\u00a0Discours sur l\u2019\u00e9tat de la Nation\u00a0: Les pics de Talon \u00e0 Yayi - Le Patriote\",\"isPartOf\":{\"@id\":\"https:\\\/\\\/lepatriotebenin.com\\\/#website\"},\"primaryImageOfPage\":{\"@id\":\"https:\\\/\\\/lepatriotebenin.com\\\/index.php\\\/2023\\\/12\\\/21\\\/discours-sur-letat-de-la-nation-les-pics-de-talon-a-yayi\\\/#primaryimage\"},\"image\":{\"@id\":\"https:\\\/\\\/lepatriotebenin.com\\\/index.php\\\/2023\\\/12\\\/21\\\/discours-sur-letat-de-la-nation-les-pics-de-talon-a-yayi\\\/#primaryimage\"},\"thumbnailUrl\":\"https:\\\/\\\/lepatriotebenin.com\\\/wp-content\\\/uploads\\\/2023\\\/12\\\/talon-2-2.jpeg\",\"datePublished\":\"2023-12-21T11:57:39+00:00\",\"author\":{\"@id\":\"https:\\\/\\\/lepatriotebenin.com\\\/#\\\/schema\\\/person\\\/4a9b67216c97d04045e01405c534c91f\"},\"breadcrumb\":{\"@id\":\"https:\\\/\\\/lepatriotebenin.com\\\/index.php\\\/2023\\\/12\\\/21\\\/discours-sur-letat-de-la-nation-les-pics-de-talon-a-yayi\\\/#breadcrumb\"},\"inLanguage\":\"fr-FR\",\"potentialAction\":[{\"@type\":\"ReadAction\",\"target\":[\"https:\\\/\\\/lepatriotebenin.com\\\/index.php\\\/2023\\\/12\\\/21\\\/discours-sur-letat-de-la-nation-les-pics-de-talon-a-yayi\\\/\"]}]},{\"@type\":\"ImageObject\",\"inLanguage\":\"fr-FR\",\"@id\":\"https:\\\/\\\/lepatriotebenin.com\\\/index.php\\\/2023\\\/12\\\/21\\\/discours-sur-letat-de-la-nation-les-pics-de-talon-a-yayi\\\/#primaryimage\",\"url\":\"https:\\\/\\\/lepatriotebenin.com\\\/wp-content\\\/uploads\\\/2023\\\/12\\\/talon-2-2.jpeg\",\"contentUrl\":\"https:\\\/\\\/lepatriotebenin.com\\\/wp-content\\\/uploads\\\/2023\\\/12\\\/talon-2-2.jpeg\",\"width\":1520,\"height\":1013},{\"@type\":\"BreadcrumbList\",\"@id\":\"https:\\\/\\\/lepatriotebenin.com\\\/index.php\\\/2023\\\/12\\\/21\\\/discours-sur-letat-de-la-nation-les-pics-de-talon-a-yayi\\\/#breadcrumb\",\"itemListElement\":[{\"@type\":\"ListItem\",\"position\":1,\"name\":\"Accueil\",\"item\":\"https:\\\/\\\/lepatriotebenin.com\\\/\"},{\"@type\":\"ListItem\",\"position\":2,\"name\":\"\u00a0Discours sur l\u2019\u00e9tat de la Nation\u00a0: Les pics de Talon \u00e0 Yayi\"}]},{\"@type\":\"WebSite\",\"@id\":\"https:\\\/\\\/lepatriotebenin.com\\\/#website\",\"url\":\"https:\\\/\\\/lepatriotebenin.com\\\/\",\"name\":\"Le Patriote\",\"description\":\"Le Patriote B\u00e9nin\",\"potentialAction\":[{\"@type\":\"SearchAction\",\"target\":{\"@type\":\"EntryPoint\",\"urlTemplate\":\"https:\\\/\\\/lepatriotebenin.com\\\/?s={search_term_string}\"},\"query-input\":{\"@type\":\"PropertyValueSpecification\",\"valueRequired\":true,\"valueName\":\"search_term_string\"}}],\"inLanguage\":\"fr-FR\"},{\"@type\":\"Person\",\"@id\":\"https:\\\/\\\/lepatriotebenin.com\\\/#\\\/schema\\\/person\\\/4a9b67216c97d04045e01405c534c91f\",\"name\":\"Roland AFFANOU\",\"image\":{\"@type\":\"ImageObject\",\"inLanguage\":\"fr-FR\",\"@id\":\"https:\\\/\\\/secure.gravatar.com\\\/avatar\\\/7209d3f6d2d47ea4d0c67e14d3effb61feb10ae540a4381280c66265de5bd643?s=96&d=mm&r=g\",\"url\":\"https:\\\/\\\/secure.gravatar.com\\\/avatar\\\/7209d3f6d2d47ea4d0c67e14d3effb61feb10ae540a4381280c66265de5bd643?s=96&d=mm&r=g\",\"contentUrl\":\"https:\\\/\\\/secure.gravatar.com\\\/avatar\\\/7209d3f6d2d47ea4d0c67e14d3effb61feb10ae540a4381280c66265de5bd643?s=96&d=mm&r=g\",\"caption\":\"Roland AFFANOU\"},\"url\":\"https:\\\/\\\/lepatriotebenin.com\"}]}<\/script>\n<!-- \/ Yoast SEO plugin. -->","yoast_head_json":{"title":"\u00a0Discours sur l\u2019\u00e9tat de la Nation\u00a0: Les pics de Talon \u00e0 Yayi - Le Patriote","robots":{"index":"index","follow":"follow","max-snippet":"max-snippet:-1","max-image-preview":"max-image-preview:large","max-video-preview":"max-video-preview:-1"},"canonical":"https:\/\/lepatriotebenin.com\/index.php\/2023\/12\/21\/discours-sur-letat-de-la-nation-les-pics-de-talon-a-yayi\/","og_locale":"fr_FR","og_type":"article","og_title":"\u00a0Discours sur l\u2019\u00e9tat de la Nation\u00a0: Les pics de Talon \u00e0 Yayi - Le Patriote","og_description":"Le pr\u00e9sident de la R\u00e9publique du B\u00e9nin, Patrice Talon a d\u00e9livr\u00e9 ce jeudi 21 d\u00e9cembre 2023, au palais des gouverneurs de Porto-Novo, son discours sur l\u2019\u00e9tat de la Nation. &nbsp;Le&hellip;","og_url":"https:\/\/lepatriotebenin.com\/index.php\/2023\/12\/21\/discours-sur-letat-de-la-nation-les-pics-de-talon-a-yayi\/","og_site_name":"Le Patriote","article_published_time":"2023-12-21T11:57:39+00:00","og_image":[{"width":1520,"height":1013,"url":"https:\/\/lepatriotebenin.com\/wp-content\/uploads\/2023\/12\/talon-2-2.jpeg","type":"image\/jpeg"}],"author":"Roland AFFANOU","twitter_card":"summary_large_image","twitter_misc":{"\u00c9crit par":"Roland AFFANOU","Dur\u00e9e de lecture estim\u00e9e":"2 minutes"},"schema":{"@context":"https:\/\/schema.org","@graph":[{"@type":"Article","@id":"https:\/\/lepatriotebenin.com\/index.php\/2023\/12\/21\/discours-sur-letat-de-la-nation-les-pics-de-talon-a-yayi\/#article","isPartOf":{"@id":"https:\/\/lepatriotebenin.com\/index.php\/2023\/12\/21\/discours-sur-letat-de-la-nation-les-pics-de-talon-a-yayi\/"},"author":{"name":"Roland AFFANOU","@id":"https:\/\/lepatriotebenin.com\/#\/schema\/person\/4a9b67216c97d04045e01405c534c91f"},"headline":"\u00a0Discours sur l\u2019\u00e9tat de la Nation\u00a0: Les pics de Talon \u00e0 Yayi","datePublished":"2023-12-21T11:57:39+00:00","mainEntityOfPage":{"@id":"https:\/\/lepatriotebenin.com\/index.php\/2023\/12\/21\/discours-sur-letat-de-la-nation-les-pics-de-talon-a-yayi\/"},"wordCount":227,"commentCount":0,"image":{"@id":"https:\/\/lepatriotebenin.com\/index.php\/2023\/12\/21\/discours-sur-letat-de-la-nation-les-pics-de-talon-a-yayi\/#primaryimage"},"thumbnailUrl":"https:\/\/lepatriotebenin.com\/wp-content\/uploads\/2023\/12\/talon-2-2.jpeg","articleSection":["Politique"],"inLanguage":"fr-FR","potentialAction":[{"@type":"CommentAction","name":"Comment","target":["https:\/\/lepatriotebenin.com\/index.php\/2023\/12\/21\/discours-sur-letat-de-la-nation-les-pics-de-talon-a-yayi\/#respond"]}]},{"@type":"WebPage","@id":"https:\/\/lepatriotebenin.com\/index.php\/2023\/12\/21\/discours-sur-letat-de-la-nation-les-pics-de-talon-a-yayi\/","url":"https:\/\/lepatriotebenin.com\/index.php\/2023\/12\/21\/discours-sur-letat-de-la-nation-les-pics-de-talon-a-yayi\/","name":"\u00a0Discours sur l\u2019\u00e9tat de la Nation\u00a0: Les pics de Talon \u00e0 Yayi - Le Patriote","isPartOf":{"@id":"https:\/\/lepatriotebenin.com\/#website"},"primaryImageOfPage":{"@id":"https:\/\/lepatriotebenin.com\/index.php\/2023\/12\/21\/discours-sur-letat-de-la-nation-les-pics-de-talon-a-yayi\/#primaryimage"},"image":{"@id":"https:\/\/lepatriotebenin.com\/index.php\/2023\/12\/21\/discours-sur-letat-de-la-nation-les-pics-de-talon-a-yayi\/#primaryimage"},"thumbnailUrl":"https:\/\/lepatriotebenin.com\/wp-content\/uploads\/2023\/12\/talon-2-2.jpeg","datePublished":"2023-12-21T11:57:39+00:00","author":{"@id":"https:\/\/lepatriotebenin.com\/#\/schema\/person\/4a9b67216c97d04045e01405c534c91f"},"breadcrumb":{"@id":"https:\/\/lepatriotebenin.com\/index.php\/2023\/12\/21\/discours-sur-letat-de-la-nation-les-pics-de-talon-a-yayi\/#breadcrumb"},"inLanguage":"fr-FR","potentialAction":[{"@type":"ReadAction","target":["https:\/\/lepatriotebenin.com\/index.php\/2023\/12\/21\/discours-sur-letat-de-la-nation-les-pics-de-talon-a-yayi\/"]}]},{"@type":"ImageObject","inLanguage":"fr-FR","@id":"https:\/\/lepatriotebenin.com\/index.php\/2023\/12\/21\/discours-sur-letat-de-la-nation-les-pics-de-talon-a-yayi\/#primaryimage","url":"https:\/\/lepatriotebenin.com\/wp-content\/uploads\/2023\/12\/talon-2-2.jpeg","contentUrl":"https:\/\/lepatriotebenin.com\/wp-content\/uploads\/2023\/12\/talon-2-2.jpeg","width":1520,"height":1013},{"@type":"BreadcrumbList","@id":"https:\/\/lepatriotebenin.com\/index.php\/2023\/12\/21\/discours-sur-letat-de-la-nation-les-pics-de-talon-a-yayi\/#breadcrumb","itemListElement":[{"@type":"ListItem","position":1,"name":"Accueil","item":"https:\/\/lepatriotebenin.com\/"},{"@type":"ListItem","position":2,"name":"\u00a0Discours sur l\u2019\u00e9tat de la Nation\u00a0: Les pics de Talon \u00e0 Yayi"}]},{"@type":"WebSite","@id":"https:\/\/lepatriotebenin.com\/#website","url":"https:\/\/lepatriotebenin.com\/","name":"Le Patriote","description":"Le Patriote B\u00e9nin","potentialAction":[{"@type":"SearchAction","target":{"@type":"EntryPoint","urlTemplate":"https:\/\/lepatriotebenin.com\/?s={search_term_string}"},"query-input":{"@type":"PropertyValueSpecification","valueRequired":true,"valueName":"search_term_string"}}],"inLanguage":"fr-FR"},{"@type":"Person","@id":"https:\/\/lepatriotebenin.com\/#\/schema\/person\/4a9b67216c97d04045e01405c534c91f","name":"Roland AFFANOU","image":{"@type":"ImageObject","inLanguage":"fr-FR","@id":"https:\/\/secure.gravatar.com\/avatar\/7209d3f6d2d47ea4d0c67e14d3effb61feb10ae540a4381280c66265de5bd643?s=96&d=mm&r=g","url":"https:\/\/secure.gravatar.com\/avatar\/7209d3f6d2d47ea4d0c67e14d3effb61feb10ae540a4381280c66265de5bd643?s=96&d=mm&r=g","contentUrl":"https:\/\/secure.gravatar.com\/avatar\/7209d3f6d2d47ea4d0c67e14d3effb61feb10ae540a4381280c66265de5bd643?s=96&d=mm&r=g","caption":"Roland AFFANOU"},"url":"https:\/\/lepatriotebenin.com"}]}},"_links":{"self":[{"href":"https:\/\/lepatriotebenin.com\/index.php\/wp-json\/wp\/v2\/posts\/2097","targetHints":{"allow":["GET"]}}],"collection":[{"href":"https:\/\/lepatriotebenin.com\/index.php\/wp-json\/wp\/v2\/posts"}],"about":[{"href":"https:\/\/lepatriotebenin.com\/index.php\/wp-json\/wp\/v2\/types\/post"}],"author":[{"embeddable":true,"href":"https:\/\/lepatriotebenin.com\/index.php\/wp-json\/wp\/v2\/users\/6"}],"replies":[{"embeddable":true,"href":"https:\/\/lepatriotebenin.com\/index.php\/wp-json\/wp\/v2\/comments?post=2097"}],"version-history":[{"count":1,"href":"https:\/\/lepatriotebenin.com\/index.php\/wp-json\/wp\/v2\/posts\/2097\/revisions"}],"predecessor-version":[{"id":2099,"href":"https:\/\/lepatriotebenin.com\/index.php\/wp-json\/wp\/v2\/posts\/2097\/revisions\/2099"}],"wp:featuredmedia":[{"embeddable":true,"href":"https:\/\/lepatriotebenin.com\/index.php\/wp-json\/wp\/v2\/media\/2098"}],"wp:attachment":[{"href":"https:\/\/lepatriotebenin.com\/index.php\/wp-json\/wp\/v2\/media?parent=2097"}],"wp:term":[{"taxonomy":"category","embeddable":true,"href":"https:\/\/lepatriotebenin.com\/index.php\/wp-json\/wp\/v2\/categories?post=2097"},{"taxonomy":"post_tag","embeddable":true,"href":"https:\/\/lepatriotebenin.com\/index.php\/wp-json\/wp\/v2\/tags?post=2097"}],"curies":[{"name":"wp","href":"https:\/\/api.w.org\/{rel}","templated":true}]}}