{"id":2092,"date":"2023-12-21T12:32:11","date_gmt":"2023-12-21T11:32:11","guid":{"rendered":"https:\/\/lepatriotebenin.com\/?p=2092"},"modified":"2023-12-21T12:32:12","modified_gmt":"2023-12-21T11:32:12","slug":"revelation-de-detournement-de-26-milliards-fcfa-a-lobssu-les-mis-en-cause-risquent-la-perpetue","status":"publish","type":"post","link":"https:\/\/lepatriotebenin.com\/index.php\/2023\/12\/21\/revelation-de-detournement-de-26-milliards-fcfa-a-lobssu-les-mis-en-cause-risquent-la-perpetue\/","title":{"rendered":"\u00a0R\u00e9v\u00e9lation de d\u00e9tournement de 2,6 milliards FCFA \u00e0 l\u2019OBSSU\u00a0: \u00a0Les mis en cause risquent la perp\u00e9tu\u00e9"},"content":{"rendered":"\n<p>Le Procureur sp\u00e9cial de la Cour de r\u00e9pression des infractions \u00e9conomiques et du terrorisme (CRIET) <strong>Mario M\u00e8tonou<\/strong> a anim\u00e9, ce <strong>mercredi 20 d\u00e9cembre 2023<\/strong> au si\u00e8ge de la juridiction sp\u00e9ciale \u00e0 Porto-Novo, un point de presse pour \u00e9clairer l\u2019opinion publique nationale et internationale sur les dessous dans l\u2019affaire dite d\u00e9tournement pr\u00e9sum\u00e9 de 2,6milliards FCFA \u00e0 l\u2019Office b\u00e9ninois des sports scolaire et universitaire (Obssu) par le Directeur g\u00e9n\u00e9ral Alexis <strong>Donald Acakpo<\/strong> et ses coaccus\u00e9s. Ces derniers risquent gros dans cette affaire. Lors de l\u2019audience du lundi 18 d\u00e9cembre 2023, le parquet a requis l\u2019incomp\u00e9tence du juge en charge du dossier. Et, il est plausible que les pr\u00e9sum\u00e9s coupables passent en session criminelle. &nbsp;(Lire ci-dessous la d\u00e9claration du procureur sp\u00e9cial de la CRIET)<\/p>\n\n\n\n<div data-wp-interactive=\"core\/file\" class=\"wp-block-file\"><object data-wp-bind--hidden=\"!state.hasPdfPreview\" hidden class=\"wp-block-file__embed\" data=\"https:\/\/lepatriotebenin.com\/wp-content\/uploads\/2023\/12\/declaration-de-presse-affaire-obssu.pdf\" type=\"application\/pdf\" style=\"width:100%;height:600px\" aria-label=\"Contenu embarqu\u00e9 declaration-de-presse-affaire-obssu.\"><\/object><a id=\"wp-block-file--media-2a1272e2-5918-4618-a718-f6a3f38ff8f5\" href=\"https:\/\/lepatriotebenin.com\/wp-content\/uploads\/2023\/12\/declaration-de-presse-affaire-obssu.pdf\">declaration-de-presse-affaire-obssu<\/a><a href=\"https:\/\/lepatriotebenin.com\/wp-content\/uploads\/2023\/12\/declaration-de-presse-affaire-obssu.pdf\" class=\"wp-block-file__button wp-element-button\" download aria-describedby=\"wp-block-file--media-2a1272e2-5918-4618-a718-f6a3f38ff8f5\">T\u00e9l\u00e9charger<\/a><\/div>\n\n\n\n<figure class=\"wp-block-image size-full\"><img fetchpriority=\"high\" decoding=\"async\" width=\"250\" height=\"202\" src=\"https:\/\/lepatriotebenin.com\/wp-content\/uploads\/2023\/12\/mario.jpg\" alt=\"\" class=\"wp-image-2094\"\/><\/figure>\n","protected":false},"excerpt":{"rendered":"<p>Le Procureur sp\u00e9cial de la Cour de r\u00e9pression des infractions \u00e9conomiques et du terrorisme (CRIET) Mario M\u00e8tonou a anim\u00e9, ce mercredi 20 d\u00e9cembre 2023 au si\u00e8ge de la juridiction sp\u00e9ciale&hellip;<\/p>\n","protected":false},"author":6,"featured_media":2094,"comment_status":"open","ping_status":"open","sticky":false,"template":"","format":"standard","meta":{"content-type":"","om_disable_all_campaigns":false,"_monsterinsights_skip_tracking":false,"_monsterinsights_sitenote_active":false,"_monsterinsights_sitenote_note":"","_monsterinsights_sitenote_category":0,"_uf_show_specific_survey":0,"_uf_disable_surveys":false,"footnotes":""},"categories":[20],"tags":[],"class_list":["post-2092","post","type-post","status-publish","format-standard","has-post-thumbnail","hentry","category-societe"],"aioseo_notices":[],"yoast_head":"<!-- This site is optimized with the Yoast SEO plugin v27.5 - https:\/\/yoast.com\/product\/yoast-seo-wordpress\/ -->\n<title>\u00a0R\u00e9v\u00e9lation de d\u00e9tournement de 2,6 milliards FCFA \u00e0 l\u2019OBSSU\u00a0: \u00a0Les mis en cause risquent la perp\u00e9tu\u00e9 - Le Patriote<\/title>\n<meta name=\"description\" content=\"Le point de presse organis\u00e9 par le procureur sp\u00e9cial de la CRIET ce mercredi 20 d\u00e9cembre 2023 a permis au peuple b\u00e9ninois de comprendre ....\" \/>\n<meta name=\"robots\" content=\"index, follow, max-snippet:-1, max-image-preview:large, max-video-preview:-1\" \/>\n<link rel=\"canonical\" href=\"https:\/\/lepatriotebenin.com\/index.php\/2023\/12\/21\/revelation-de-detournement-de-26-milliards-fcfa-a-lobssu-les-mis-en-cause-risquent-la-perpetue\/\" \/>\n<meta property=\"og:locale\" content=\"fr_FR\" \/>\n<meta property=\"og:type\" content=\"article\" \/>\n<meta property=\"og:title\" content=\"\u00a0R\u00e9v\u00e9lation de d\u00e9tournement de 2,6 milliards FCFA \u00e0 l\u2019OBSSU\u00a0: \u00a0Les mis en cause risquent la perp\u00e9tu\u00e9 - Le Patriote\" \/>\n<meta property=\"og:description\" content=\"Le point de presse organis\u00e9 par le procureur sp\u00e9cial de la CRIET ce mercredi 20 d\u00e9cembre 2023 a permis au peuple b\u00e9ninois de comprendre ....\" \/>\n<meta property=\"og:url\" content=\"https:\/\/lepatriotebenin.com\/index.php\/2023\/12\/21\/revelation-de-detournement-de-26-milliards-fcfa-a-lobssu-les-mis-en-cause-risquent-la-perpetue\/\" \/>\n<meta property=\"og:site_name\" content=\"Le Patriote\" \/>\n<meta property=\"article:published_time\" content=\"2023-12-21T11:32:11+00:00\" \/>\n<meta property=\"article:modified_time\" content=\"2023-12-21T11:32:12+00:00\" \/>\n<meta property=\"og:image\" content=\"https:\/\/lepatriotebenin.com\/wp-content\/uploads\/2023\/12\/mario.jpg\" \/>\n\t<meta property=\"og:image:width\" content=\"250\" \/>\n\t<meta property=\"og:image:height\" content=\"202\" \/>\n\t<meta property=\"og:image:type\" content=\"image\/jpeg\" \/>\n<meta name=\"author\" content=\"Roland AFFANOU\" \/>\n<meta name=\"twitter:card\" content=\"summary_large_image\" \/>\n<meta name=\"twitter:label1\" content=\"\u00c9crit par\" \/>\n\t<meta name=\"twitter:data1\" content=\"Roland AFFANOU\" \/>\n\t<meta name=\"twitter:label2\" content=\"Dur\u00e9e de lecture estim\u00e9e\" \/>\n\t<meta name=\"twitter:data2\" content=\"1 minute\" \/>\n<script type=\"application\/ld+json\" class=\"yoast-schema-graph\">{\"@context\":\"https:\\\/\\\/schema.org\",\"@graph\":[{\"@type\":\"Article\",\"@id\":\"https:\\\/\\\/lepatriotebenin.com\\\/index.php\\\/2023\\\/12\\\/21\\\/revelation-de-detournement-de-26-milliards-fcfa-a-lobssu-les-mis-en-cause-risquent-la-perpetue\\\/#article\",\"isPartOf\":{\"@id\":\"https:\\\/\\\/lepatriotebenin.com\\\/index.php\\\/2023\\\/12\\\/21\\\/revelation-de-detournement-de-26-milliards-fcfa-a-lobssu-les-mis-en-cause-risquent-la-perpetue\\\/\"},\"author\":{\"name\":\"Roland AFFANOU\",\"@id\":\"https:\\\/\\\/lepatriotebenin.com\\\/#\\\/schema\\\/person\\\/4a9b67216c97d04045e01405c534c91f\"},\"headline\":\"\u00a0R\u00e9v\u00e9lation de d\u00e9tournement de 2,6 milliards FCFA \u00e0 l\u2019OBSSU\u00a0: \u00a0Les mis en cause risquent la perp\u00e9tu\u00e9\",\"datePublished\":\"2023-12-21T11:32:11+00:00\",\"dateModified\":\"2023-12-21T11:32:12+00:00\",\"mainEntityOfPage\":{\"@id\":\"https:\\\/\\\/lepatriotebenin.com\\\/index.php\\\/2023\\\/12\\\/21\\\/revelation-de-detournement-de-26-milliards-fcfa-a-lobssu-les-mis-en-cause-risquent-la-perpetue\\\/\"},\"wordCount\":162,\"commentCount\":0,\"image\":{\"@id\":\"https:\\\/\\\/lepatriotebenin.com\\\/index.php\\\/2023\\\/12\\\/21\\\/revelation-de-detournement-de-26-milliards-fcfa-a-lobssu-les-mis-en-cause-risquent-la-perpetue\\\/#primaryimage\"},\"thumbnailUrl\":\"https:\\\/\\\/lepatriotebenin.com\\\/wp-content\\\/uploads\\\/2023\\\/12\\\/mario.jpg\",\"articleSection\":[\"Soci\u00e9t\u00e9\"],\"inLanguage\":\"fr-FR\",\"potentialAction\":[{\"@type\":\"CommentAction\",\"name\":\"Comment\",\"target\":[\"https:\\\/\\\/lepatriotebenin.com\\\/index.php\\\/2023\\\/12\\\/21\\\/revelation-de-detournement-de-26-milliards-fcfa-a-lobssu-les-mis-en-cause-risquent-la-perpetue\\\/#respond\"]}]},{\"@type\":\"WebPage\",\"@id\":\"https:\\\/\\\/lepatriotebenin.com\\\/index.php\\\/2023\\\/12\\\/21\\\/revelation-de-detournement-de-26-milliards-fcfa-a-lobssu-les-mis-en-cause-risquent-la-perpetue\\\/\",\"url\":\"https:\\\/\\\/lepatriotebenin.com\\\/index.php\\\/2023\\\/12\\\/21\\\/revelation-de-detournement-de-26-milliards-fcfa-a-lobssu-les-mis-en-cause-risquent-la-perpetue\\\/\",\"name\":\"\u00a0R\u00e9v\u00e9lation de d\u00e9tournement de 2,6 milliards FCFA \u00e0 l\u2019OBSSU\u00a0: \u00a0Les mis en cause risquent la perp\u00e9tu\u00e9 - Le Patriote\",\"isPartOf\":{\"@id\":\"https:\\\/\\\/lepatriotebenin.com\\\/#website\"},\"primaryImageOfPage\":{\"@id\":\"https:\\\/\\\/lepatriotebenin.com\\\/index.php\\\/2023\\\/12\\\/21\\\/revelation-de-detournement-de-26-milliards-fcfa-a-lobssu-les-mis-en-cause-risquent-la-perpetue\\\/#primaryimage\"},\"image\":{\"@id\":\"https:\\\/\\\/lepatriotebenin.com\\\/index.php\\\/2023\\\/12\\\/21\\\/revelation-de-detournement-de-26-milliards-fcfa-a-lobssu-les-mis-en-cause-risquent-la-perpetue\\\/#primaryimage\"},\"thumbnailUrl\":\"https:\\\/\\\/lepatriotebenin.com\\\/wp-content\\\/uploads\\\/2023\\\/12\\\/mario.jpg\",\"datePublished\":\"2023-12-21T11:32:11+00:00\",\"dateModified\":\"2023-12-21T11:32:12+00:00\",\"author\":{\"@id\":\"https:\\\/\\\/lepatriotebenin.com\\\/#\\\/schema\\\/person\\\/4a9b67216c97d04045e01405c534c91f\"},\"description\":\"Le point de presse organis\u00e9 par le procureur sp\u00e9cial de la CRIET ce mercredi 20 d\u00e9cembre 2023 a permis au peuple b\u00e9ninois de comprendre ....\",\"breadcrumb\":{\"@id\":\"https:\\\/\\\/lepatriotebenin.com\\\/index.php\\\/2023\\\/12\\\/21\\\/revelation-de-detournement-de-26-milliards-fcfa-a-lobssu-les-mis-en-cause-risquent-la-perpetue\\\/#breadcrumb\"},\"inLanguage\":\"fr-FR\",\"potentialAction\":[{\"@type\":\"ReadAction\",\"target\":[\"https:\\\/\\\/lepatriotebenin.com\\\/index.php\\\/2023\\\/12\\\/21\\\/revelation-de-detournement-de-26-milliards-fcfa-a-lobssu-les-mis-en-cause-risquent-la-perpetue\\\/\"]}]},{\"@type\":\"ImageObject\",\"inLanguage\":\"fr-FR\",\"@id\":\"https:\\\/\\\/lepatriotebenin.com\\\/index.php\\\/2023\\\/12\\\/21\\\/revelation-de-detournement-de-26-milliards-fcfa-a-lobssu-les-mis-en-cause-risquent-la-perpetue\\\/#primaryimage\",\"url\":\"https:\\\/\\\/lepatriotebenin.com\\\/wp-content\\\/uploads\\\/2023\\\/12\\\/mario.jpg\",\"contentUrl\":\"https:\\\/\\\/lepatriotebenin.com\\\/wp-content\\\/uploads\\\/2023\\\/12\\\/mario.jpg\",\"width\":250,\"height\":202},{\"@type\":\"BreadcrumbList\",\"@id\":\"https:\\\/\\\/lepatriotebenin.com\\\/index.php\\\/2023\\\/12\\\/21\\\/revelation-de-detournement-de-26-milliards-fcfa-a-lobssu-les-mis-en-cause-risquent-la-perpetue\\\/#breadcrumb\",\"itemListElement\":[{\"@type\":\"ListItem\",\"position\":1,\"name\":\"Accueil\",\"item\":\"https:\\\/\\\/lepatriotebenin.com\\\/\"},{\"@type\":\"ListItem\",\"position\":2,\"name\":\"\u00a0R\u00e9v\u00e9lation de d\u00e9tournement de 2,6 milliards FCFA \u00e0 l\u2019OBSSU\u00a0: \u00a0Les mis en cause risquent la perp\u00e9tu\u00e9\"}]},{\"@type\":\"WebSite\",\"@id\":\"https:\\\/\\\/lepatriotebenin.com\\\/#website\",\"url\":\"https:\\\/\\\/lepatriotebenin.com\\\/\",\"name\":\"Le Patriote\",\"description\":\"Le Patriote B\u00e9nin\",\"potentialAction\":[{\"@type\":\"SearchAction\",\"target\":{\"@type\":\"EntryPoint\",\"urlTemplate\":\"https:\\\/\\\/lepatriotebenin.com\\\/?s={search_term_string}\"},\"query-input\":{\"@type\":\"PropertyValueSpecification\",\"valueRequired\":true,\"valueName\":\"search_term_string\"}}],\"inLanguage\":\"fr-FR\"},{\"@type\":\"Person\",\"@id\":\"https:\\\/\\\/lepatriotebenin.com\\\/#\\\/schema\\\/person\\\/4a9b67216c97d04045e01405c534c91f\",\"name\":\"Roland AFFANOU\",\"image\":{\"@type\":\"ImageObject\",\"inLanguage\":\"fr-FR\",\"@id\":\"https:\\\/\\\/secure.gravatar.com\\\/avatar\\\/7209d3f6d2d47ea4d0c67e14d3effb61feb10ae540a4381280c66265de5bd643?s=96&d=mm&r=g\",\"url\":\"https:\\\/\\\/secure.gravatar.com\\\/avatar\\\/7209d3f6d2d47ea4d0c67e14d3effb61feb10ae540a4381280c66265de5bd643?s=96&d=mm&r=g\",\"contentUrl\":\"https:\\\/\\\/secure.gravatar.com\\\/avatar\\\/7209d3f6d2d47ea4d0c67e14d3effb61feb10ae540a4381280c66265de5bd643?s=96&d=mm&r=g\",\"caption\":\"Roland AFFANOU\"},\"url\":\"https:\\\/\\\/lepatriotebenin.com\"}]}<\/script>\n<!-- \/ Yoast SEO plugin. -->","yoast_head_json":{"title":"\u00a0R\u00e9v\u00e9lation de d\u00e9tournement de 2,6 milliards FCFA \u00e0 l\u2019OBSSU\u00a0: \u00a0Les mis en cause risquent la perp\u00e9tu\u00e9 - Le Patriote","description":"Le point de presse organis\u00e9 par le procureur sp\u00e9cial de la CRIET ce mercredi 20 d\u00e9cembre 2023 a permis au peuple b\u00e9ninois de comprendre ....","robots":{"index":"index","follow":"follow","max-snippet":"max-snippet:-1","max-image-preview":"max-image-preview:large","max-video-preview":"max-video-preview:-1"},"canonical":"https:\/\/lepatriotebenin.com\/index.php\/2023\/12\/21\/revelation-de-detournement-de-26-milliards-fcfa-a-lobssu-les-mis-en-cause-risquent-la-perpetue\/","og_locale":"fr_FR","og_type":"article","og_title":"\u00a0R\u00e9v\u00e9lation de d\u00e9tournement de 2,6 milliards FCFA \u00e0 l\u2019OBSSU\u00a0: \u00a0Les mis en cause risquent la perp\u00e9tu\u00e9 - Le Patriote","og_description":"Le point de presse organis\u00e9 par le procureur sp\u00e9cial de la CRIET ce mercredi 20 d\u00e9cembre 2023 a permis au peuple b\u00e9ninois de comprendre ....","og_url":"https:\/\/lepatriotebenin.com\/index.php\/2023\/12\/21\/revelation-de-detournement-de-26-milliards-fcfa-a-lobssu-les-mis-en-cause-risquent-la-perpetue\/","og_site_name":"Le Patriote","article_published_time":"2023-12-21T11:32:11+00:00","article_modified_time":"2023-12-21T11:32:12+00:00","og_image":[{"width":250,"height":202,"url":"https:\/\/lepatriotebenin.com\/wp-content\/uploads\/2023\/12\/mario.jpg","type":"image\/jpeg"}],"author":"Roland AFFANOU","twitter_card":"summary_large_image","twitter_misc":{"\u00c9crit par":"Roland AFFANOU","Dur\u00e9e de lecture estim\u00e9e":"1 minute"},"schema":{"@context":"https:\/\/schema.org","@graph":[{"@type":"Article","@id":"https:\/\/lepatriotebenin.com\/index.php\/2023\/12\/21\/revelation-de-detournement-de-26-milliards-fcfa-a-lobssu-les-mis-en-cause-risquent-la-perpetue\/#article","isPartOf":{"@id":"https:\/\/lepatriotebenin.com\/index.php\/2023\/12\/21\/revelation-de-detournement-de-26-milliards-fcfa-a-lobssu-les-mis-en-cause-risquent-la-perpetue\/"},"author":{"name":"Roland AFFANOU","@id":"https:\/\/lepatriotebenin.com\/#\/schema\/person\/4a9b67216c97d04045e01405c534c91f"},"headline":"\u00a0R\u00e9v\u00e9lation de d\u00e9tournement de 2,6 milliards FCFA \u00e0 l\u2019OBSSU\u00a0: \u00a0Les mis en cause risquent la perp\u00e9tu\u00e9","datePublished":"2023-12-21T11:32:11+00:00","dateModified":"2023-12-21T11:32:12+00:00","mainEntityOfPage":{"@id":"https:\/\/lepatriotebenin.com\/index.php\/2023\/12\/21\/revelation-de-detournement-de-26-milliards-fcfa-a-lobssu-les-mis-en-cause-risquent-la-perpetue\/"},"wordCount":162,"commentCount":0,"image":{"@id":"https:\/\/lepatriotebenin.com\/index.php\/2023\/12\/21\/revelation-de-detournement-de-26-milliards-fcfa-a-lobssu-les-mis-en-cause-risquent-la-perpetue\/#primaryimage"},"thumbnailUrl":"https:\/\/lepatriotebenin.com\/wp-content\/uploads\/2023\/12\/mario.jpg","articleSection":["Soci\u00e9t\u00e9"],"inLanguage":"fr-FR","potentialAction":[{"@type":"CommentAction","name":"Comment","target":["https:\/\/lepatriotebenin.com\/index.php\/2023\/12\/21\/revelation-de-detournement-de-26-milliards-fcfa-a-lobssu-les-mis-en-cause-risquent-la-perpetue\/#respond"]}]},{"@type":"WebPage","@id":"https:\/\/lepatriotebenin.com\/index.php\/2023\/12\/21\/revelation-de-detournement-de-26-milliards-fcfa-a-lobssu-les-mis-en-cause-risquent-la-perpetue\/","url":"https:\/\/lepatriotebenin.com\/index.php\/2023\/12\/21\/revelation-de-detournement-de-26-milliards-fcfa-a-lobssu-les-mis-en-cause-risquent-la-perpetue\/","name":"\u00a0R\u00e9v\u00e9lation de d\u00e9tournement de 2,6 milliards FCFA \u00e0 l\u2019OBSSU\u00a0: \u00a0Les mis en cause risquent la perp\u00e9tu\u00e9 - Le Patriote","isPartOf":{"@id":"https:\/\/lepatriotebenin.com\/#website"},"primaryImageOfPage":{"@id":"https:\/\/lepatriotebenin.com\/index.php\/2023\/12\/21\/revelation-de-detournement-de-26-milliards-fcfa-a-lobssu-les-mis-en-cause-risquent-la-perpetue\/#primaryimage"},"image":{"@id":"https:\/\/lepatriotebenin.com\/index.php\/2023\/12\/21\/revelation-de-detournement-de-26-milliards-fcfa-a-lobssu-les-mis-en-cause-risquent-la-perpetue\/#primaryimage"},"thumbnailUrl":"https:\/\/lepatriotebenin.com\/wp-content\/uploads\/2023\/12\/mario.jpg","datePublished":"2023-12-21T11:32:11+00:00","dateModified":"2023-12-21T11:32:12+00:00","author":{"@id":"https:\/\/lepatriotebenin.com\/#\/schema\/person\/4a9b67216c97d04045e01405c534c91f"},"description":"Le point de presse organis\u00e9 par le procureur sp\u00e9cial de la CRIET ce mercredi 20 d\u00e9cembre 2023 a permis au peuple b\u00e9ninois de comprendre ....","breadcrumb":{"@id":"https:\/\/lepatriotebenin.com\/index.php\/2023\/12\/21\/revelation-de-detournement-de-26-milliards-fcfa-a-lobssu-les-mis-en-cause-risquent-la-perpetue\/#breadcrumb"},"inLanguage":"fr-FR","potentialAction":[{"@type":"ReadAction","target":["https:\/\/lepatriotebenin.com\/index.php\/2023\/12\/21\/revelation-de-detournement-de-26-milliards-fcfa-a-lobssu-les-mis-en-cause-risquent-la-perpetue\/"]}]},{"@type":"ImageObject","inLanguage":"fr-FR","@id":"https:\/\/lepatriotebenin.com\/index.php\/2023\/12\/21\/revelation-de-detournement-de-26-milliards-fcfa-a-lobssu-les-mis-en-cause-risquent-la-perpetue\/#primaryimage","url":"https:\/\/lepatriotebenin.com\/wp-content\/uploads\/2023\/12\/mario.jpg","contentUrl":"https:\/\/lepatriotebenin.com\/wp-content\/uploads\/2023\/12\/mario.jpg","width":250,"height":202},{"@type":"BreadcrumbList","@id":"https:\/\/lepatriotebenin.com\/index.php\/2023\/12\/21\/revelation-de-detournement-de-26-milliards-fcfa-a-lobssu-les-mis-en-cause-risquent-la-perpetue\/#breadcrumb","itemListElement":[{"@type":"ListItem","position":1,"name":"Accueil","item":"https:\/\/lepatriotebenin.com\/"},{"@type":"ListItem","position":2,"name":"\u00a0R\u00e9v\u00e9lation de d\u00e9tournement de 2,6 milliards FCFA \u00e0 l\u2019OBSSU\u00a0: \u00a0Les mis en cause risquent la perp\u00e9tu\u00e9"}]},{"@type":"WebSite","@id":"https:\/\/lepatriotebenin.com\/#website","url":"https:\/\/lepatriotebenin.com\/","name":"Le Patriote","description":"Le Patriote B\u00e9nin","potentialAction":[{"@type":"SearchAction","target":{"@type":"EntryPoint","urlTemplate":"https:\/\/lepatriotebenin.com\/?s={search_term_string}"},"query-input":{"@type":"PropertyValueSpecification","valueRequired":true,"valueName":"search_term_string"}}],"inLanguage":"fr-FR"},{"@type":"Person","@id":"https:\/\/lepatriotebenin.com\/#\/schema\/person\/4a9b67216c97d04045e01405c534c91f","name":"Roland AFFANOU","image":{"@type":"ImageObject","inLanguage":"fr-FR","@id":"https:\/\/secure.gravatar.com\/avatar\/7209d3f6d2d47ea4d0c67e14d3effb61feb10ae540a4381280c66265de5bd643?s=96&d=mm&r=g","url":"https:\/\/secure.gravatar.com\/avatar\/7209d3f6d2d47ea4d0c67e14d3effb61feb10ae540a4381280c66265de5bd643?s=96&d=mm&r=g","contentUrl":"https:\/\/secure.gravatar.com\/avatar\/7209d3f6d2d47ea4d0c67e14d3effb61feb10ae540a4381280c66265de5bd643?s=96&d=mm&r=g","caption":"Roland AFFANOU"},"url":"https:\/\/lepatriotebenin.com"}]}},"_links":{"self":[{"href":"https:\/\/lepatriotebenin.com\/index.php\/wp-json\/wp\/v2\/posts\/2092","targetHints":{"allow":["GET"]}}],"collection":[{"href":"https:\/\/lepatriotebenin.com\/index.php\/wp-json\/wp\/v2\/posts"}],"about":[{"href":"https:\/\/lepatriotebenin.com\/index.php\/wp-json\/wp\/v2\/types\/post"}],"author":[{"embeddable":true,"href":"https:\/\/lepatriotebenin.com\/index.php\/wp-json\/wp\/v2\/users\/6"}],"replies":[{"embeddable":true,"href":"https:\/\/lepatriotebenin.com\/index.php\/wp-json\/wp\/v2\/comments?post=2092"}],"version-history":[{"count":1,"href":"https:\/\/lepatriotebenin.com\/index.php\/wp-json\/wp\/v2\/posts\/2092\/revisions"}],"predecessor-version":[{"id":2096,"href":"https:\/\/lepatriotebenin.com\/index.php\/wp-json\/wp\/v2\/posts\/2092\/revisions\/2096"}],"wp:featuredmedia":[{"embeddable":true,"href":"https:\/\/lepatriotebenin.com\/index.php\/wp-json\/wp\/v2\/media\/2094"}],"wp:attachment":[{"href":"https:\/\/lepatriotebenin.com\/index.php\/wp-json\/wp\/v2\/media?parent=2092"}],"wp:term":[{"taxonomy":"category","embeddable":true,"href":"https:\/\/lepatriotebenin.com\/index.php\/wp-json\/wp\/v2\/categories?post=2092"},{"taxonomy":"post_tag","embeddable":true,"href":"https:\/\/lepatriotebenin.com\/index.php\/wp-json\/wp\/v2\/tags?post=2092"}],"curies":[{"name":"wp","href":"https:\/\/api.w.org\/{rel}","templated":true}]}}