{"id":18997,"date":"2026-05-03T07:40:46","date_gmt":"2026-05-03T05:40:46","guid":{"rendered":"https:\/\/lepatriotebenin.com\/?p=18997"},"modified":"2026-05-03T07:48:35","modified_gmt":"2026-05-03T05:48:35","slug":"fete-du-travail-au-benin-la-cstb-denonce-la-violation-des-libertes-de-manifestation-et-dexpression","status":"publish","type":"post","link":"https:\/\/lepatriotebenin.com\/index.php\/2026\/05\/03\/fete-du-travail-au-benin-la-cstb-denonce-la-violation-des-libertes-de-manifestation-et-dexpression\/","title":{"rendered":"F\u00eate du travail au B\u00e9nin : La CSTB d\u00e9nonce \u00ab la violation des libert\u00e9s de manifestation et d\u2019expression \u00bb"},"content":{"rendered":"<p>Dans le\u00a0 cadre de la comm\u00e9moration de la f\u00eate du Travail\u00a0 le vendredi 1er mai 2026,\u00a0 la\u00a0 Conf\u00e9d\u00e9ration syndicale des Travailleurs du B\u00e9nin ( CSTB) , a pr\u00e9vu marcher . Mais \u00a0contre toute attente, le Pr\u00e9fet du Littoral Alain OROUNLA a, dans\u00a0 une lettre\u00a0 envoy\u00e9 \u00e0 la CSTB , le \u00ab\u00a030 avril, la veille de l\u2019\u00e9v\u00e9nement, dans l\u2019apr\u00e8s-midi dans les environs de 16 heures\u00a0\u00bb, interdit la marche, selon la CSTB dans une d\u00e9claration.\u00a0 Le syndicat a pr\u00e9cis\u00e9 qu\u2019 \u00ab\u00a0elle a d\u00e9pos\u00e9 sa d\u00e9claration de marche \u00e0 la mairie de Cotonou depuis le 14 avril\u00a0\u00bb.<\/p>\n<p>La CSTB\u00a0 a fait remarquer que \u00ab\u00a0tr\u00e8s t\u00f4t le matin, les \u00e9l\u00e9ments de la police r\u00e9publicaine et des militants des partis Etats UPR et BR ont pris d\u2019assaut la place de l\u2019Etoile Rouge, emp\u00eachant ainsi le rassemblement des travailleurs. La Bourse du Travail lieu de chute de la marche a \u00e9t\u00e9 aussi quadrill\u00e9e par les \u00e9l\u00e9ments de la police r\u00e9publicaine emp\u00eachant son acc\u00e8s\u00a0\u00bb. Pour\u00a0 le Secr\u00e9taire G\u00e9n\u00e9ral Kassa Mampo et ses militants, \u00a0malgr\u00e9 l\u2019interdiction\u00a0 de la marche, \u00a0les \u00ab\u00a0travailleurs, femmes de march\u00e9, artisans, Z\u00e9midjans, \u00e9tudiants\u00a0\u00bb ont pu\u00a0 se regrouper \u00ab\u00a0dans un autre lieu\u00a0 pour marcher \u00bb et\u00a0 valider la d\u00e9claration de comm\u00e9moration lue par le Secr\u00e9taire G\u00e9n\u00e9ral Conf\u00e9d\u00e9ral.<\/p>\n<p>La \u00a0CSTB a\u00a0 par ailleurs\u00a0 d\u00e9nonc\u00e9 l\u2019interdiction\u00a0 de\u00a0 la \u00ab\u00a0marche pacifique du 1<sup>er<\/sup>\u00a0 mai\u00a0\u00bb\u00a0 par le maire de la commune de Djougou. \u00a0\u00a0Aussi, \u00ab\u00a0dans le d\u00e9partement de Collines la police a tr\u00e8s t\u00f4t emp\u00each\u00e9 l\u2019acc\u00e8s \u00e0 l\u2019EPP MOUMOUDJI \u00e0 Dassa lieu o\u00f9 devait se tenir le meeting\u00a0\u00bb.<\/p>\n<p><strong>L\u2019incompr\u00e9hension et satisfaction de la CSTB<\/strong><\/p>\n<p>La CSTB ne\u00a0 comprend pas \u00ab\u00a0que le gouvernement qui a d\u00e9clar\u00e9 la journ\u00e9e du 1er Mai, ch\u00f4m\u00e9e et pay\u00e9e pour la f\u00eate internationale de travail, interdise aux travailleurs de comm\u00e9morer leur journ\u00e9e et dans le m\u00eame temps permet aux partis Etat UPR et BR d\u2019organiser une marche pour c\u00e9l\u00e9brer \u00a0le Pr\u00e9sident Patrice TALON, marche \u00e0 laquelle\u00a0\u00bb\u00a0 \u00e9taient pr\u00e9sents\u00a0\u00a0\u00a0 certains ministres du gouvernement. Pour\u00a0 le Syndicat conf\u00e9d\u00e9ral, \u00ab\u00a0le gouvernement a choisi donc de m\u00e9priser royalement les travailleurs du B\u00e9nin en leur refusant le droit de dire leur ras le bol\u00a0\u00bb.<\/p>\n<p>Mais\u00a0 elle \u00a0s\u2019est\u00a0 quand m\u00eame r\u00e9jouie que\u00a0 l\u2019annonce de leur marche \u00a0\u00e0 travers les diff\u00e9rents appels \u00e0\u00a0 c\u00e9l\u00e9brer la journ\u00e9e du 1er Mai partout dans le pays autour de\u00a0 leurs revendications \u00ab\u00a0a fait prendre conscience au gouvernement de la grandeur du mouvement\u00a0\u00bb et\u00a0 que \u2018\u2019cela est ressorti dans la lettre d\u2019interdiction du repr\u00e9sentant du gouvernement, le Pr\u00e9fet Alain OROUNLA qui a donn\u00e9 comme motif principal d\u2019interdiction \u00ab des risques de trouble \u00e0 l\u2019ordre public au regard de l\u2019affluence estim\u00e9e de votre marche\u2026 \u00bb\u2019\u2019\u00a0. Pour ce\u00a0 syndicat conf\u00e9d\u00e9ral, la mont\u00e9e de\u00a0 leur \u00ab\u00a0d\u00e9termination\u00a0\u00bb et de leur \u00ab\u00a0mobilisation pour l\u2019exigence de la satisfaction de\u00a0\u00bb\u00a0 leurs revendications inqui\u00e8te les gouvernants.<\/p>\n<p>Tout en \u00a0remerciant et f\u00e9licitant les travailleurs de tous les secteurs \u00ab\u00a0ayant particip\u00e9 d\u2019une mani\u00e8re ou d\u2019une autre \u00e0 l\u2019organisation et au succ\u00e8s de la comm\u00e9moration du 1er Mai sur toute l\u2019\u00e9tendue du territoire\u00a0\u00bb \u00a0national, \u00a0la CSTB \u00ab\u00a0d\u00e9nonce avec v\u00e9h\u00e9mence la violation des libert\u00e9s de manifestation et d\u2019expression\u00a0\u00bb et\u00a0 les \u00ab\u00a0appelle toutes et tous \u00e0 poursuivre la mobilisation \u00e0 tous les niveaux et sous toutes les formes (Assembl\u00e9e G\u00e9n\u00e9rale, Sit-in, marche, gr\u00e8ve \u2026) pour exiger et obtenir la satisfaction\u00a0\u00bb de leurs diff\u00e9rentes revendications.<\/p>\n<p><img fetchpriority=\"high\" decoding=\"async\" class=\"alignnone size-medium wp-image-18999\" src=\"https:\/\/lepatriotebenin.com\/wp-content\/uploads\/2026\/05\/cstb-1-169x300.jpeg\" alt=\"\" width=\"169\" height=\"300\" srcset=\"https:\/\/lepatriotebenin.com\/wp-content\/uploads\/2026\/05\/cstb-1-169x300.jpeg 169w, https:\/\/lepatriotebenin.com\/wp-content\/uploads\/2026\/05\/cstb-1-576x1024.jpeg 576w, https:\/\/lepatriotebenin.com\/wp-content\/uploads\/2026\/05\/cstb-1-585x1040.jpeg 585w, https:\/\/lepatriotebenin.com\/wp-content\/uploads\/2026\/05\/cstb-1.jpeg 720w\" sizes=\"(max-width: 169px) 100vw, 169px\" \/><img decoding=\"async\" class=\"alignnone size-medium wp-image-19001\" src=\"https:\/\/lepatriotebenin.com\/wp-content\/uploads\/2026\/05\/cstb-2b-169x300.jpeg\" alt=\"\" width=\"169\" height=\"300\" srcset=\"https:\/\/lepatriotebenin.com\/wp-content\/uploads\/2026\/05\/cstb-2b-169x300.jpeg 169w, https:\/\/lepatriotebenin.com\/wp-content\/uploads\/2026\/05\/cstb-2b-576x1024.jpeg 576w, https:\/\/lepatriotebenin.com\/wp-content\/uploads\/2026\/05\/cstb-2b-585x1040.jpeg 585w, https:\/\/lepatriotebenin.com\/wp-content\/uploads\/2026\/05\/cstb-2b.jpeg 720w\" sizes=\"(max-width: 169px) 100vw, 169px\" \/><img decoding=\"async\" class=\"alignnone size-medium wp-image-19003\" src=\"https:\/\/lepatriotebenin.com\/wp-content\/uploads\/2026\/05\/cstb-4b-169x300.jpeg\" alt=\"\" width=\"169\" height=\"300\" srcset=\"https:\/\/lepatriotebenin.com\/wp-content\/uploads\/2026\/05\/cstb-4b-169x300.jpeg 169w, https:\/\/lepatriotebenin.com\/wp-content\/uploads\/2026\/05\/cstb-4b-576x1024.jpeg 576w, https:\/\/lepatriotebenin.com\/wp-content\/uploads\/2026\/05\/cstb-4b-585x1040.jpeg 585w, https:\/\/lepatriotebenin.com\/wp-content\/uploads\/2026\/05\/cstb-4b.jpeg 720w\" sizes=\"(max-width: 169px) 100vw, 169px\" \/><img loading=\"lazy\" decoding=\"async\" class=\"alignnone size-medium wp-image-19004\" src=\"https:\/\/lepatriotebenin.com\/wp-content\/uploads\/2026\/05\/cstb-3-169x300.jpeg\" alt=\"\" width=\"169\" height=\"300\" srcset=\"https:\/\/lepatriotebenin.com\/wp-content\/uploads\/2026\/05\/cstb-3-169x300.jpeg 169w, https:\/\/lepatriotebenin.com\/wp-content\/uploads\/2026\/05\/cstb-3-576x1024.jpeg 576w, https:\/\/lepatriotebenin.com\/wp-content\/uploads\/2026\/05\/cstb-3-585x1040.jpeg 585w, https:\/\/lepatriotebenin.com\/wp-content\/uploads\/2026\/05\/cstb-3.jpeg 720w\" sizes=\"(max-width: 169px) 100vw, 169px\" \/><\/p>\n","protected":false},"excerpt":{"rendered":"<p>Dans le\u00a0 cadre de la comm\u00e9moration de la f\u00eate du Travail\u00a0 le vendredi 1er mai 2026,\u00a0 la\u00a0 Conf\u00e9d\u00e9ration syndicale des Travailleurs du B\u00e9nin ( CSTB) , a pr\u00e9vu marcher .&hellip;<\/p>\n","protected":false},"author":6,"featured_media":18998,"comment_status":"open","ping_status":"open","sticky":false,"template":"","format":"standard","meta":{"content-type":"","om_disable_all_campaigns":false,"_monsterinsights_skip_tracking":false,"_monsterinsights_sitenote_active":false,"_monsterinsights_sitenote_note":"","_monsterinsights_sitenote_category":0,"_uf_show_specific_survey":0,"_uf_disable_surveys":false,"footnotes":""},"categories":[20],"tags":[],"class_list":["post-18997","post","type-post","status-publish","format-standard","has-post-thumbnail","hentry","category-societe"],"aioseo_notices":[],"yoast_head":"<!-- This site is optimized with the Yoast SEO plugin v27.5 - https:\/\/yoast.com\/product\/yoast-seo-wordpress\/ -->\n<title>F\u00eate du travail au B\u00e9nin : La CSTB d\u00e9nonce \u00ab la violation des libert\u00e9s de manifestation et d\u2019expression \u00bb - Le Patriote<\/title>\n<meta name=\"robots\" content=\"index, follow, max-snippet:-1, max-image-preview:large, max-video-preview:-1\" \/>\n<link rel=\"canonical\" href=\"https:\/\/lepatriotebenin.com\/index.php\/2026\/05\/03\/fete-du-travail-au-benin-la-cstb-denonce-la-violation-des-libertes-de-manifestation-et-dexpression\/\" \/>\n<meta property=\"og:locale\" content=\"fr_FR\" \/>\n<meta property=\"og:type\" content=\"article\" \/>\n<meta property=\"og:title\" content=\"F\u00eate du travail au B\u00e9nin : La CSTB d\u00e9nonce \u00ab la violation des libert\u00e9s de manifestation et d\u2019expression \u00bb - Le Patriote\" \/>\n<meta property=\"og:description\" content=\"Dans le\u00a0 cadre de la comm\u00e9moration de la f\u00eate du Travail\u00a0 le vendredi 1er mai 2026,\u00a0 la\u00a0 Conf\u00e9d\u00e9ration syndicale des Travailleurs du B\u00e9nin ( CSTB) , a pr\u00e9vu marcher .&hellip;\" \/>\n<meta property=\"og:url\" content=\"https:\/\/lepatriotebenin.com\/index.php\/2026\/05\/03\/fete-du-travail-au-benin-la-cstb-denonce-la-violation-des-libertes-de-manifestation-et-dexpression\/\" \/>\n<meta property=\"og:site_name\" content=\"Le Patriote\" \/>\n<meta property=\"article:published_time\" content=\"2026-05-03T05:40:46+00:00\" \/>\n<meta property=\"article:modified_time\" content=\"2026-05-03T05:48:35+00:00\" \/>\n<meta property=\"og:image\" content=\"https:\/\/lepatriotebenin.com\/wp-content\/uploads\/2026\/05\/cstb.jpeg\" \/>\n\t<meta property=\"og:image:width\" content=\"1280\" \/>\n\t<meta property=\"og:image:height\" content=\"720\" \/>\n\t<meta property=\"og:image:type\" content=\"image\/jpeg\" \/>\n<meta name=\"author\" content=\"Roland AFFANOU\" \/>\n<meta name=\"twitter:card\" content=\"summary_large_image\" \/>\n<meta name=\"twitter:label1\" content=\"\u00c9crit par\" \/>\n\t<meta name=\"twitter:data1\" content=\"Roland AFFANOU\" \/>\n\t<meta name=\"twitter:label2\" content=\"Dur\u00e9e de lecture estim\u00e9e\" \/>\n\t<meta name=\"twitter:data2\" content=\"4 minutes\" \/>\n<script type=\"application\/ld+json\" class=\"yoast-schema-graph\">{\"@context\":\"https:\\\/\\\/schema.org\",\"@graph\":[{\"@type\":\"Article\",\"@id\":\"https:\\\/\\\/lepatriotebenin.com\\\/index.php\\\/2026\\\/05\\\/03\\\/fete-du-travail-au-benin-la-cstb-denonce-la-violation-des-libertes-de-manifestation-et-dexpression\\\/#article\",\"isPartOf\":{\"@id\":\"https:\\\/\\\/lepatriotebenin.com\\\/index.php\\\/2026\\\/05\\\/03\\\/fete-du-travail-au-benin-la-cstb-denonce-la-violation-des-libertes-de-manifestation-et-dexpression\\\/\"},\"author\":{\"name\":\"Roland AFFANOU\",\"@id\":\"https:\\\/\\\/lepatriotebenin.com\\\/#\\\/schema\\\/person\\\/4a9b67216c97d04045e01405c534c91f\"},\"headline\":\"F\u00eate du travail au B\u00e9nin : La CSTB d\u00e9nonce \u00ab la violation des libert\u00e9s de manifestation et d\u2019expression \u00bb\",\"datePublished\":\"2026-05-03T05:40:46+00:00\",\"dateModified\":\"2026-05-03T05:48:35+00:00\",\"mainEntityOfPage\":{\"@id\":\"https:\\\/\\\/lepatriotebenin.com\\\/index.php\\\/2026\\\/05\\\/03\\\/fete-du-travail-au-benin-la-cstb-denonce-la-violation-des-libertes-de-manifestation-et-dexpression\\\/\"},\"wordCount\":639,\"commentCount\":0,\"image\":{\"@id\":\"https:\\\/\\\/lepatriotebenin.com\\\/index.php\\\/2026\\\/05\\\/03\\\/fete-du-travail-au-benin-la-cstb-denonce-la-violation-des-libertes-de-manifestation-et-dexpression\\\/#primaryimage\"},\"thumbnailUrl\":\"https:\\\/\\\/lepatriotebenin.com\\\/wp-content\\\/uploads\\\/2026\\\/05\\\/cstb.jpeg\",\"articleSection\":[\"Soci\u00e9t\u00e9\"],\"inLanguage\":\"fr-FR\",\"potentialAction\":[{\"@type\":\"CommentAction\",\"name\":\"Comment\",\"target\":[\"https:\\\/\\\/lepatriotebenin.com\\\/index.php\\\/2026\\\/05\\\/03\\\/fete-du-travail-au-benin-la-cstb-denonce-la-violation-des-libertes-de-manifestation-et-dexpression\\\/#respond\"]}]},{\"@type\":\"WebPage\",\"@id\":\"https:\\\/\\\/lepatriotebenin.com\\\/index.php\\\/2026\\\/05\\\/03\\\/fete-du-travail-au-benin-la-cstb-denonce-la-violation-des-libertes-de-manifestation-et-dexpression\\\/\",\"url\":\"https:\\\/\\\/lepatriotebenin.com\\\/index.php\\\/2026\\\/05\\\/03\\\/fete-du-travail-au-benin-la-cstb-denonce-la-violation-des-libertes-de-manifestation-et-dexpression\\\/\",\"name\":\"F\u00eate du travail au B\u00e9nin : La CSTB d\u00e9nonce \u00ab la violation des libert\u00e9s de manifestation et d\u2019expression \u00bb - Le Patriote\",\"isPartOf\":{\"@id\":\"https:\\\/\\\/lepatriotebenin.com\\\/#website\"},\"primaryImageOfPage\":{\"@id\":\"https:\\\/\\\/lepatriotebenin.com\\\/index.php\\\/2026\\\/05\\\/03\\\/fete-du-travail-au-benin-la-cstb-denonce-la-violation-des-libertes-de-manifestation-et-dexpression\\\/#primaryimage\"},\"image\":{\"@id\":\"https:\\\/\\\/lepatriotebenin.com\\\/index.php\\\/2026\\\/05\\\/03\\\/fete-du-travail-au-benin-la-cstb-denonce-la-violation-des-libertes-de-manifestation-et-dexpression\\\/#primaryimage\"},\"thumbnailUrl\":\"https:\\\/\\\/lepatriotebenin.com\\\/wp-content\\\/uploads\\\/2026\\\/05\\\/cstb.jpeg\",\"datePublished\":\"2026-05-03T05:40:46+00:00\",\"dateModified\":\"2026-05-03T05:48:35+00:00\",\"author\":{\"@id\":\"https:\\\/\\\/lepatriotebenin.com\\\/#\\\/schema\\\/person\\\/4a9b67216c97d04045e01405c534c91f\"},\"breadcrumb\":{\"@id\":\"https:\\\/\\\/lepatriotebenin.com\\\/index.php\\\/2026\\\/05\\\/03\\\/fete-du-travail-au-benin-la-cstb-denonce-la-violation-des-libertes-de-manifestation-et-dexpression\\\/#breadcrumb\"},\"inLanguage\":\"fr-FR\",\"potentialAction\":[{\"@type\":\"ReadAction\",\"target\":[\"https:\\\/\\\/lepatriotebenin.com\\\/index.php\\\/2026\\\/05\\\/03\\\/fete-du-travail-au-benin-la-cstb-denonce-la-violation-des-libertes-de-manifestation-et-dexpression\\\/\"]}]},{\"@type\":\"ImageObject\",\"inLanguage\":\"fr-FR\",\"@id\":\"https:\\\/\\\/lepatriotebenin.com\\\/index.php\\\/2026\\\/05\\\/03\\\/fete-du-travail-au-benin-la-cstb-denonce-la-violation-des-libertes-de-manifestation-et-dexpression\\\/#primaryimage\",\"url\":\"https:\\\/\\\/lepatriotebenin.com\\\/wp-content\\\/uploads\\\/2026\\\/05\\\/cstb.jpeg\",\"contentUrl\":\"https:\\\/\\\/lepatriotebenin.com\\\/wp-content\\\/uploads\\\/2026\\\/05\\\/cstb.jpeg\",\"width\":1280,\"height\":720},{\"@type\":\"BreadcrumbList\",\"@id\":\"https:\\\/\\\/lepatriotebenin.com\\\/index.php\\\/2026\\\/05\\\/03\\\/fete-du-travail-au-benin-la-cstb-denonce-la-violation-des-libertes-de-manifestation-et-dexpression\\\/#breadcrumb\",\"itemListElement\":[{\"@type\":\"ListItem\",\"position\":1,\"name\":\"Accueil\",\"item\":\"https:\\\/\\\/lepatriotebenin.com\\\/\"},{\"@type\":\"ListItem\",\"position\":2,\"name\":\"F\u00eate du travail au B\u00e9nin : La CSTB d\u00e9nonce \u00ab la violation des libert\u00e9s de manifestation et d\u2019expression \u00bb\"}]},{\"@type\":\"WebSite\",\"@id\":\"https:\\\/\\\/lepatriotebenin.com\\\/#website\",\"url\":\"https:\\\/\\\/lepatriotebenin.com\\\/\",\"name\":\"Le Patriote\",\"description\":\"Le Patriote B\u00e9nin\",\"potentialAction\":[{\"@type\":\"SearchAction\",\"target\":{\"@type\":\"EntryPoint\",\"urlTemplate\":\"https:\\\/\\\/lepatriotebenin.com\\\/?s={search_term_string}\"},\"query-input\":{\"@type\":\"PropertyValueSpecification\",\"valueRequired\":true,\"valueName\":\"search_term_string\"}}],\"inLanguage\":\"fr-FR\"},{\"@type\":\"Person\",\"@id\":\"https:\\\/\\\/lepatriotebenin.com\\\/#\\\/schema\\\/person\\\/4a9b67216c97d04045e01405c534c91f\",\"name\":\"Roland AFFANOU\",\"image\":{\"@type\":\"ImageObject\",\"inLanguage\":\"fr-FR\",\"@id\":\"https:\\\/\\\/secure.gravatar.com\\\/avatar\\\/7209d3f6d2d47ea4d0c67e14d3effb61feb10ae540a4381280c66265de5bd643?s=96&d=mm&r=g\",\"url\":\"https:\\\/\\\/secure.gravatar.com\\\/avatar\\\/7209d3f6d2d47ea4d0c67e14d3effb61feb10ae540a4381280c66265de5bd643?s=96&d=mm&r=g\",\"contentUrl\":\"https:\\\/\\\/secure.gravatar.com\\\/avatar\\\/7209d3f6d2d47ea4d0c67e14d3effb61feb10ae540a4381280c66265de5bd643?s=96&d=mm&r=g\",\"caption\":\"Roland AFFANOU\"},\"url\":\"https:\\\/\\\/lepatriotebenin.com\"}]}<\/script>\n<!-- \/ Yoast SEO plugin. -->","yoast_head_json":{"title":"F\u00eate du travail au B\u00e9nin : La CSTB d\u00e9nonce \u00ab la violation des libert\u00e9s de manifestation et d\u2019expression \u00bb - Le Patriote","robots":{"index":"index","follow":"follow","max-snippet":"max-snippet:-1","max-image-preview":"max-image-preview:large","max-video-preview":"max-video-preview:-1"},"canonical":"https:\/\/lepatriotebenin.com\/index.php\/2026\/05\/03\/fete-du-travail-au-benin-la-cstb-denonce-la-violation-des-libertes-de-manifestation-et-dexpression\/","og_locale":"fr_FR","og_type":"article","og_title":"F\u00eate du travail au B\u00e9nin : La CSTB d\u00e9nonce \u00ab la violation des libert\u00e9s de manifestation et d\u2019expression \u00bb - Le Patriote","og_description":"Dans le\u00a0 cadre de la comm\u00e9moration de la f\u00eate du Travail\u00a0 le vendredi 1er mai 2026,\u00a0 la\u00a0 Conf\u00e9d\u00e9ration syndicale des Travailleurs du B\u00e9nin ( CSTB) , a pr\u00e9vu marcher .&hellip;","og_url":"https:\/\/lepatriotebenin.com\/index.php\/2026\/05\/03\/fete-du-travail-au-benin-la-cstb-denonce-la-violation-des-libertes-de-manifestation-et-dexpression\/","og_site_name":"Le Patriote","article_published_time":"2026-05-03T05:40:46+00:00","article_modified_time":"2026-05-03T05:48:35+00:00","og_image":[{"width":1280,"height":720,"url":"https:\/\/lepatriotebenin.com\/wp-content\/uploads\/2026\/05\/cstb.jpeg","type":"image\/jpeg"}],"author":"Roland AFFANOU","twitter_card":"summary_large_image","twitter_misc":{"\u00c9crit par":"Roland AFFANOU","Dur\u00e9e de lecture estim\u00e9e":"4 minutes"},"schema":{"@context":"https:\/\/schema.org","@graph":[{"@type":"Article","@id":"https:\/\/lepatriotebenin.com\/index.php\/2026\/05\/03\/fete-du-travail-au-benin-la-cstb-denonce-la-violation-des-libertes-de-manifestation-et-dexpression\/#article","isPartOf":{"@id":"https:\/\/lepatriotebenin.com\/index.php\/2026\/05\/03\/fete-du-travail-au-benin-la-cstb-denonce-la-violation-des-libertes-de-manifestation-et-dexpression\/"},"author":{"name":"Roland AFFANOU","@id":"https:\/\/lepatriotebenin.com\/#\/schema\/person\/4a9b67216c97d04045e01405c534c91f"},"headline":"F\u00eate du travail au B\u00e9nin : La CSTB d\u00e9nonce \u00ab la violation des libert\u00e9s de manifestation et d\u2019expression \u00bb","datePublished":"2026-05-03T05:40:46+00:00","dateModified":"2026-05-03T05:48:35+00:00","mainEntityOfPage":{"@id":"https:\/\/lepatriotebenin.com\/index.php\/2026\/05\/03\/fete-du-travail-au-benin-la-cstb-denonce-la-violation-des-libertes-de-manifestation-et-dexpression\/"},"wordCount":639,"commentCount":0,"image":{"@id":"https:\/\/lepatriotebenin.com\/index.php\/2026\/05\/03\/fete-du-travail-au-benin-la-cstb-denonce-la-violation-des-libertes-de-manifestation-et-dexpression\/#primaryimage"},"thumbnailUrl":"https:\/\/lepatriotebenin.com\/wp-content\/uploads\/2026\/05\/cstb.jpeg","articleSection":["Soci\u00e9t\u00e9"],"inLanguage":"fr-FR","potentialAction":[{"@type":"CommentAction","name":"Comment","target":["https:\/\/lepatriotebenin.com\/index.php\/2026\/05\/03\/fete-du-travail-au-benin-la-cstb-denonce-la-violation-des-libertes-de-manifestation-et-dexpression\/#respond"]}]},{"@type":"WebPage","@id":"https:\/\/lepatriotebenin.com\/index.php\/2026\/05\/03\/fete-du-travail-au-benin-la-cstb-denonce-la-violation-des-libertes-de-manifestation-et-dexpression\/","url":"https:\/\/lepatriotebenin.com\/index.php\/2026\/05\/03\/fete-du-travail-au-benin-la-cstb-denonce-la-violation-des-libertes-de-manifestation-et-dexpression\/","name":"F\u00eate du travail au B\u00e9nin : La CSTB d\u00e9nonce \u00ab la violation des libert\u00e9s de manifestation et d\u2019expression \u00bb - Le Patriote","isPartOf":{"@id":"https:\/\/lepatriotebenin.com\/#website"},"primaryImageOfPage":{"@id":"https:\/\/lepatriotebenin.com\/index.php\/2026\/05\/03\/fete-du-travail-au-benin-la-cstb-denonce-la-violation-des-libertes-de-manifestation-et-dexpression\/#primaryimage"},"image":{"@id":"https:\/\/lepatriotebenin.com\/index.php\/2026\/05\/03\/fete-du-travail-au-benin-la-cstb-denonce-la-violation-des-libertes-de-manifestation-et-dexpression\/#primaryimage"},"thumbnailUrl":"https:\/\/lepatriotebenin.com\/wp-content\/uploads\/2026\/05\/cstb.jpeg","datePublished":"2026-05-03T05:40:46+00:00","dateModified":"2026-05-03T05:48:35+00:00","author":{"@id":"https:\/\/lepatriotebenin.com\/#\/schema\/person\/4a9b67216c97d04045e01405c534c91f"},"breadcrumb":{"@id":"https:\/\/lepatriotebenin.com\/index.php\/2026\/05\/03\/fete-du-travail-au-benin-la-cstb-denonce-la-violation-des-libertes-de-manifestation-et-dexpression\/#breadcrumb"},"inLanguage":"fr-FR","potentialAction":[{"@type":"ReadAction","target":["https:\/\/lepatriotebenin.com\/index.php\/2026\/05\/03\/fete-du-travail-au-benin-la-cstb-denonce-la-violation-des-libertes-de-manifestation-et-dexpression\/"]}]},{"@type":"ImageObject","inLanguage":"fr-FR","@id":"https:\/\/lepatriotebenin.com\/index.php\/2026\/05\/03\/fete-du-travail-au-benin-la-cstb-denonce-la-violation-des-libertes-de-manifestation-et-dexpression\/#primaryimage","url":"https:\/\/lepatriotebenin.com\/wp-content\/uploads\/2026\/05\/cstb.jpeg","contentUrl":"https:\/\/lepatriotebenin.com\/wp-content\/uploads\/2026\/05\/cstb.jpeg","width":1280,"height":720},{"@type":"BreadcrumbList","@id":"https:\/\/lepatriotebenin.com\/index.php\/2026\/05\/03\/fete-du-travail-au-benin-la-cstb-denonce-la-violation-des-libertes-de-manifestation-et-dexpression\/#breadcrumb","itemListElement":[{"@type":"ListItem","position":1,"name":"Accueil","item":"https:\/\/lepatriotebenin.com\/"},{"@type":"ListItem","position":2,"name":"F\u00eate du travail au B\u00e9nin : La CSTB d\u00e9nonce \u00ab la violation des libert\u00e9s de manifestation et d\u2019expression \u00bb"}]},{"@type":"WebSite","@id":"https:\/\/lepatriotebenin.com\/#website","url":"https:\/\/lepatriotebenin.com\/","name":"Le Patriote","description":"Le Patriote B\u00e9nin","potentialAction":[{"@type":"SearchAction","target":{"@type":"EntryPoint","urlTemplate":"https:\/\/lepatriotebenin.com\/?s={search_term_string}"},"query-input":{"@type":"PropertyValueSpecification","valueRequired":true,"valueName":"search_term_string"}}],"inLanguage":"fr-FR"},{"@type":"Person","@id":"https:\/\/lepatriotebenin.com\/#\/schema\/person\/4a9b67216c97d04045e01405c534c91f","name":"Roland AFFANOU","image":{"@type":"ImageObject","inLanguage":"fr-FR","@id":"https:\/\/secure.gravatar.com\/avatar\/7209d3f6d2d47ea4d0c67e14d3effb61feb10ae540a4381280c66265de5bd643?s=96&d=mm&r=g","url":"https:\/\/secure.gravatar.com\/avatar\/7209d3f6d2d47ea4d0c67e14d3effb61feb10ae540a4381280c66265de5bd643?s=96&d=mm&r=g","contentUrl":"https:\/\/secure.gravatar.com\/avatar\/7209d3f6d2d47ea4d0c67e14d3effb61feb10ae540a4381280c66265de5bd643?s=96&d=mm&r=g","caption":"Roland AFFANOU"},"url":"https:\/\/lepatriotebenin.com"}]}},"_links":{"self":[{"href":"https:\/\/lepatriotebenin.com\/index.php\/wp-json\/wp\/v2\/posts\/18997","targetHints":{"allow":["GET"]}}],"collection":[{"href":"https:\/\/lepatriotebenin.com\/index.php\/wp-json\/wp\/v2\/posts"}],"about":[{"href":"https:\/\/lepatriotebenin.com\/index.php\/wp-json\/wp\/v2\/types\/post"}],"author":[{"embeddable":true,"href":"https:\/\/lepatriotebenin.com\/index.php\/wp-json\/wp\/v2\/users\/6"}],"replies":[{"embeddable":true,"href":"https:\/\/lepatriotebenin.com\/index.php\/wp-json\/wp\/v2\/comments?post=18997"}],"version-history":[{"count":3,"href":"https:\/\/lepatriotebenin.com\/index.php\/wp-json\/wp\/v2\/posts\/18997\/revisions"}],"predecessor-version":[{"id":19005,"href":"https:\/\/lepatriotebenin.com\/index.php\/wp-json\/wp\/v2\/posts\/18997\/revisions\/19005"}],"wp:featuredmedia":[{"embeddable":true,"href":"https:\/\/lepatriotebenin.com\/index.php\/wp-json\/wp\/v2\/media\/18998"}],"wp:attachment":[{"href":"https:\/\/lepatriotebenin.com\/index.php\/wp-json\/wp\/v2\/media?parent=18997"}],"wp:term":[{"taxonomy":"category","embeddable":true,"href":"https:\/\/lepatriotebenin.com\/index.php\/wp-json\/wp\/v2\/categories?post=18997"},{"taxonomy":"post_tag","embeddable":true,"href":"https:\/\/lepatriotebenin.com\/index.php\/wp-json\/wp\/v2\/tags?post=18997"}],"curies":[{"name":"wp","href":"https:\/\/api.w.org\/{rel}","templated":true}]}}