{"id":18986,"date":"2026-05-01T20:05:39","date_gmt":"2026-05-01T18:05:39","guid":{"rendered":"https:\/\/lepatriotebenin.com\/?p=18986"},"modified":"2026-05-01T20:05:39","modified_gmt":"2026-05-01T18:05:39","slug":"tour-cycliste-international-du-benin-le-marocain-mraouni-salah-eddine-vainqueur-de-la-4eme-etape","status":"publish","type":"post","link":"https:\/\/lepatriotebenin.com\/index.php\/2026\/05\/01\/tour-cycliste-international-du-benin-le-marocain-mraouni-salah-eddine-vainqueur-de-la-4eme-etape\/","title":{"rendered":"Tour cycliste international du B\u00e9nin : Le Marocain Mraouni Salah Eddine vainqueur de la 4\u00e8me \u00e9tape"},"content":{"rendered":"<p>Le Marocain \u00a0Mraouni Salah Eddine est\u00a0 le \u00a0vainqueur de la 4\u00e8me \u00e9tape, Dasso-Porto-Novo, de la 21\u00e8me \u00e9dition\u00a0 du Tour cycliste international du B\u00e9nin, longue de longue de 127,80km. Le Marocain a parcouru cette\u00a0 distance en 2h54\u201925\u00a0 pour une vitesse moyenne de 41,96km\/h. Au terme d\u2019un sprint, il a devanc\u00e9\u00a0 respectivement le Burkinab\u00e8 Bouda Wahabou et \u00a0l\u2019Erythr\u00e9en Mulugeta Yafiet.<\/p>\n<p>Le\u00a0 maillot jaune reste toujours sur les \u00e9paules du Leton Kristians Belohvosciks (Team Bike AID\/Allemagne). La 5e \u00e9tape, qui marquera la fin officielle du Tour cycliste international du B\u00e9nin, partira ce \u00a0samedi 2 mai 2026 \u00a0de Zogbodomey pour Cotonou sur une distance de 128,65 km. Une \u00e9tape qui\u00a0 consacrera le vainqueur de cette 21\u00e8me \u00e9dition du Tour du B\u00e9nin.<\/p>\n<p>Pr\u00e9cisons que\u00a0 Tamarante khelil, Directeur sportif (DS) de l\u2019Alg\u00e9rie, content de la victoire alg\u00e9rienne sur les 2\u00e8 et 3\u00e8 \u00e9tapes, r\u00eave d\u2019une nouvelle victoire demain. Il n\u2019a pas manqu\u00e9 de regretter l\u2019attentisme de son \u00e9quipe au d\u00e9part de l\u2019\u00e9chapp\u00e9, de la course de 4\u00e8me \u00e9tape, \u00a0de quatre coureurs notamment deux \u00e9rythr\u00e9ens, un marocain et un burkinab\u00e8 \u00e0 60km de l\u2019arriv\u00e9e \u00e0 Porto-Novo. Pour lui, l\u2019du \u2019\u00e9quipe du maillot jaune, n\u2019a pas neutraliser l\u2019\u00e9chapp\u00e9e jour. \u00a0Car , dit-il, les coureurs partant ne constituent aucun danger, pour le maillot jaune. \u00a0Mais il regrette\u00a0: \u00ab\u00a0C\u2019est \u00e0 l\u2019\u00e9quipe du maillot jaune de controler l\u2019\u00e9chapp\u00e9e qu\u2019elle a laiss\u00e9e grandir.\u00a0\u00bb<\/p>\n","protected":false},"excerpt":{"rendered":"<p>Le Marocain \u00a0Mraouni Salah Eddine est\u00a0 le \u00a0vainqueur de la 4\u00e8me \u00e9tape, Dasso-Porto-Novo, de la 21\u00e8me \u00e9dition\u00a0 du Tour cycliste international du B\u00e9nin, longue de longue de 127,80km. Le Marocain&hellip;<\/p>\n","protected":false},"author":6,"featured_media":18987,"comment_status":"open","ping_status":"open","sticky":false,"template":"","format":"standard","meta":{"content-type":"","om_disable_all_campaigns":false,"_monsterinsights_skip_tracking":false,"_monsterinsights_sitenote_active":false,"_monsterinsights_sitenote_note":"","_monsterinsights_sitenote_category":0,"_uf_show_specific_survey":0,"_uf_disable_surveys":false,"footnotes":""},"categories":[8],"tags":[],"class_list":["post-18986","post","type-post","status-publish","format-standard","has-post-thumbnail","hentry","category-sport"],"aioseo_notices":[],"yoast_head":"<!-- This site is optimized with the Yoast SEO plugin v27.5 - https:\/\/yoast.com\/product\/yoast-seo-wordpress\/ -->\n<title>Tour cycliste international du B\u00e9nin : Le Marocain Mraouni Salah Eddine vainqueur de la 4\u00e8me \u00e9tape - Le Patriote<\/title>\n<meta name=\"robots\" content=\"index, follow, max-snippet:-1, max-image-preview:large, max-video-preview:-1\" \/>\n<link rel=\"canonical\" href=\"https:\/\/lepatriotebenin.com\/index.php\/2026\/05\/01\/tour-cycliste-international-du-benin-le-marocain-mraouni-salah-eddine-vainqueur-de-la-4eme-etape\/\" \/>\n<meta property=\"og:locale\" content=\"fr_FR\" \/>\n<meta property=\"og:type\" content=\"article\" \/>\n<meta property=\"og:title\" content=\"Tour cycliste international du B\u00e9nin : Le Marocain Mraouni Salah Eddine vainqueur de la 4\u00e8me \u00e9tape - Le Patriote\" \/>\n<meta property=\"og:description\" content=\"Le Marocain \u00a0Mraouni Salah Eddine est\u00a0 le \u00a0vainqueur de la 4\u00e8me \u00e9tape, Dasso-Porto-Novo, de la 21\u00e8me \u00e9dition\u00a0 du Tour cycliste international du B\u00e9nin, longue de longue de 127,80km. Le Marocain&hellip;\" \/>\n<meta property=\"og:url\" content=\"https:\/\/lepatriotebenin.com\/index.php\/2026\/05\/01\/tour-cycliste-international-du-benin-le-marocain-mraouni-salah-eddine-vainqueur-de-la-4eme-etape\/\" \/>\n<meta property=\"og:site_name\" content=\"Le Patriote\" \/>\n<meta property=\"article:published_time\" content=\"2026-05-01T18:05:39+00:00\" \/>\n<meta property=\"og:image\" content=\"https:\/\/lepatriotebenin.com\/wp-content\/uploads\/2026\/05\/4eme-etape.jpg\" \/>\n\t<meta property=\"og:image:width\" content=\"1016\" \/>\n\t<meta property=\"og:image:height\" content=\"762\" \/>\n\t<meta property=\"og:image:type\" content=\"image\/jpeg\" \/>\n<meta name=\"author\" content=\"Roland AFFANOU\" \/>\n<meta name=\"twitter:card\" content=\"summary_large_image\" \/>\n<meta name=\"twitter:label1\" content=\"\u00c9crit par\" \/>\n\t<meta name=\"twitter:data1\" content=\"Roland AFFANOU\" \/>\n\t<meta name=\"twitter:label2\" content=\"Dur\u00e9e de lecture estim\u00e9e\" \/>\n\t<meta name=\"twitter:data2\" content=\"2 minutes\" \/>\n<script type=\"application\/ld+json\" class=\"yoast-schema-graph\">{\"@context\":\"https:\\\/\\\/schema.org\",\"@graph\":[{\"@type\":\"Article\",\"@id\":\"https:\\\/\\\/lepatriotebenin.com\\\/index.php\\\/2026\\\/05\\\/01\\\/tour-cycliste-international-du-benin-le-marocain-mraouni-salah-eddine-vainqueur-de-la-4eme-etape\\\/#article\",\"isPartOf\":{\"@id\":\"https:\\\/\\\/lepatriotebenin.com\\\/index.php\\\/2026\\\/05\\\/01\\\/tour-cycliste-international-du-benin-le-marocain-mraouni-salah-eddine-vainqueur-de-la-4eme-etape\\\/\"},\"author\":{\"name\":\"Roland AFFANOU\",\"@id\":\"https:\\\/\\\/lepatriotebenin.com\\\/#\\\/schema\\\/person\\\/4a9b67216c97d04045e01405c534c91f\"},\"headline\":\"Tour cycliste international du B\u00e9nin : Le Marocain Mraouni Salah Eddine vainqueur de la 4\u00e8me \u00e9tape\",\"datePublished\":\"2026-05-01T18:05:39+00:00\",\"mainEntityOfPage\":{\"@id\":\"https:\\\/\\\/lepatriotebenin.com\\\/index.php\\\/2026\\\/05\\\/01\\\/tour-cycliste-international-du-benin-le-marocain-mraouni-salah-eddine-vainqueur-de-la-4eme-etape\\\/\"},\"wordCount\":259,\"commentCount\":0,\"image\":{\"@id\":\"https:\\\/\\\/lepatriotebenin.com\\\/index.php\\\/2026\\\/05\\\/01\\\/tour-cycliste-international-du-benin-le-marocain-mraouni-salah-eddine-vainqueur-de-la-4eme-etape\\\/#primaryimage\"},\"thumbnailUrl\":\"https:\\\/\\\/lepatriotebenin.com\\\/wp-content\\\/uploads\\\/2026\\\/05\\\/4eme-etape.jpg\",\"articleSection\":[\"Sport\"],\"inLanguage\":\"fr-FR\",\"potentialAction\":[{\"@type\":\"CommentAction\",\"name\":\"Comment\",\"target\":[\"https:\\\/\\\/lepatriotebenin.com\\\/index.php\\\/2026\\\/05\\\/01\\\/tour-cycliste-international-du-benin-le-marocain-mraouni-salah-eddine-vainqueur-de-la-4eme-etape\\\/#respond\"]}]},{\"@type\":\"WebPage\",\"@id\":\"https:\\\/\\\/lepatriotebenin.com\\\/index.php\\\/2026\\\/05\\\/01\\\/tour-cycliste-international-du-benin-le-marocain-mraouni-salah-eddine-vainqueur-de-la-4eme-etape\\\/\",\"url\":\"https:\\\/\\\/lepatriotebenin.com\\\/index.php\\\/2026\\\/05\\\/01\\\/tour-cycliste-international-du-benin-le-marocain-mraouni-salah-eddine-vainqueur-de-la-4eme-etape\\\/\",\"name\":\"Tour cycliste international du B\u00e9nin : Le Marocain Mraouni Salah Eddine vainqueur de la 4\u00e8me \u00e9tape - Le Patriote\",\"isPartOf\":{\"@id\":\"https:\\\/\\\/lepatriotebenin.com\\\/#website\"},\"primaryImageOfPage\":{\"@id\":\"https:\\\/\\\/lepatriotebenin.com\\\/index.php\\\/2026\\\/05\\\/01\\\/tour-cycliste-international-du-benin-le-marocain-mraouni-salah-eddine-vainqueur-de-la-4eme-etape\\\/#primaryimage\"},\"image\":{\"@id\":\"https:\\\/\\\/lepatriotebenin.com\\\/index.php\\\/2026\\\/05\\\/01\\\/tour-cycliste-international-du-benin-le-marocain-mraouni-salah-eddine-vainqueur-de-la-4eme-etape\\\/#primaryimage\"},\"thumbnailUrl\":\"https:\\\/\\\/lepatriotebenin.com\\\/wp-content\\\/uploads\\\/2026\\\/05\\\/4eme-etape.jpg\",\"datePublished\":\"2026-05-01T18:05:39+00:00\",\"author\":{\"@id\":\"https:\\\/\\\/lepatriotebenin.com\\\/#\\\/schema\\\/person\\\/4a9b67216c97d04045e01405c534c91f\"},\"breadcrumb\":{\"@id\":\"https:\\\/\\\/lepatriotebenin.com\\\/index.php\\\/2026\\\/05\\\/01\\\/tour-cycliste-international-du-benin-le-marocain-mraouni-salah-eddine-vainqueur-de-la-4eme-etape\\\/#breadcrumb\"},\"inLanguage\":\"fr-FR\",\"potentialAction\":[{\"@type\":\"ReadAction\",\"target\":[\"https:\\\/\\\/lepatriotebenin.com\\\/index.php\\\/2026\\\/05\\\/01\\\/tour-cycliste-international-du-benin-le-marocain-mraouni-salah-eddine-vainqueur-de-la-4eme-etape\\\/\"]}]},{\"@type\":\"ImageObject\",\"inLanguage\":\"fr-FR\",\"@id\":\"https:\\\/\\\/lepatriotebenin.com\\\/index.php\\\/2026\\\/05\\\/01\\\/tour-cycliste-international-du-benin-le-marocain-mraouni-salah-eddine-vainqueur-de-la-4eme-etape\\\/#primaryimage\",\"url\":\"https:\\\/\\\/lepatriotebenin.com\\\/wp-content\\\/uploads\\\/2026\\\/05\\\/4eme-etape.jpg\",\"contentUrl\":\"https:\\\/\\\/lepatriotebenin.com\\\/wp-content\\\/uploads\\\/2026\\\/05\\\/4eme-etape.jpg\",\"width\":1016,\"height\":762},{\"@type\":\"BreadcrumbList\",\"@id\":\"https:\\\/\\\/lepatriotebenin.com\\\/index.php\\\/2026\\\/05\\\/01\\\/tour-cycliste-international-du-benin-le-marocain-mraouni-salah-eddine-vainqueur-de-la-4eme-etape\\\/#breadcrumb\",\"itemListElement\":[{\"@type\":\"ListItem\",\"position\":1,\"name\":\"Accueil\",\"item\":\"https:\\\/\\\/lepatriotebenin.com\\\/\"},{\"@type\":\"ListItem\",\"position\":2,\"name\":\"Tour cycliste international du B\u00e9nin : Le Marocain Mraouni Salah Eddine vainqueur de la 4\u00e8me \u00e9tape\"}]},{\"@type\":\"WebSite\",\"@id\":\"https:\\\/\\\/lepatriotebenin.com\\\/#website\",\"url\":\"https:\\\/\\\/lepatriotebenin.com\\\/\",\"name\":\"Le Patriote\",\"description\":\"Le Patriote B\u00e9nin\",\"potentialAction\":[{\"@type\":\"SearchAction\",\"target\":{\"@type\":\"EntryPoint\",\"urlTemplate\":\"https:\\\/\\\/lepatriotebenin.com\\\/?s={search_term_string}\"},\"query-input\":{\"@type\":\"PropertyValueSpecification\",\"valueRequired\":true,\"valueName\":\"search_term_string\"}}],\"inLanguage\":\"fr-FR\"},{\"@type\":\"Person\",\"@id\":\"https:\\\/\\\/lepatriotebenin.com\\\/#\\\/schema\\\/person\\\/4a9b67216c97d04045e01405c534c91f\",\"name\":\"Roland AFFANOU\",\"image\":{\"@type\":\"ImageObject\",\"inLanguage\":\"fr-FR\",\"@id\":\"https:\\\/\\\/secure.gravatar.com\\\/avatar\\\/7209d3f6d2d47ea4d0c67e14d3effb61feb10ae540a4381280c66265de5bd643?s=96&d=mm&r=g\",\"url\":\"https:\\\/\\\/secure.gravatar.com\\\/avatar\\\/7209d3f6d2d47ea4d0c67e14d3effb61feb10ae540a4381280c66265de5bd643?s=96&d=mm&r=g\",\"contentUrl\":\"https:\\\/\\\/secure.gravatar.com\\\/avatar\\\/7209d3f6d2d47ea4d0c67e14d3effb61feb10ae540a4381280c66265de5bd643?s=96&d=mm&r=g\",\"caption\":\"Roland AFFANOU\"},\"url\":\"https:\\\/\\\/lepatriotebenin.com\"}]}<\/script>\n<!-- \/ Yoast SEO plugin. -->","yoast_head_json":{"title":"Tour cycliste international du B\u00e9nin : Le Marocain Mraouni Salah Eddine vainqueur de la 4\u00e8me \u00e9tape - Le Patriote","robots":{"index":"index","follow":"follow","max-snippet":"max-snippet:-1","max-image-preview":"max-image-preview:large","max-video-preview":"max-video-preview:-1"},"canonical":"https:\/\/lepatriotebenin.com\/index.php\/2026\/05\/01\/tour-cycliste-international-du-benin-le-marocain-mraouni-salah-eddine-vainqueur-de-la-4eme-etape\/","og_locale":"fr_FR","og_type":"article","og_title":"Tour cycliste international du B\u00e9nin : Le Marocain Mraouni Salah Eddine vainqueur de la 4\u00e8me \u00e9tape - Le Patriote","og_description":"Le Marocain \u00a0Mraouni Salah Eddine est\u00a0 le \u00a0vainqueur de la 4\u00e8me \u00e9tape, Dasso-Porto-Novo, de la 21\u00e8me \u00e9dition\u00a0 du Tour cycliste international du B\u00e9nin, longue de longue de 127,80km. Le Marocain&hellip;","og_url":"https:\/\/lepatriotebenin.com\/index.php\/2026\/05\/01\/tour-cycliste-international-du-benin-le-marocain-mraouni-salah-eddine-vainqueur-de-la-4eme-etape\/","og_site_name":"Le Patriote","article_published_time":"2026-05-01T18:05:39+00:00","og_image":[{"width":1016,"height":762,"url":"https:\/\/lepatriotebenin.com\/wp-content\/uploads\/2026\/05\/4eme-etape.jpg","type":"image\/jpeg"}],"author":"Roland AFFANOU","twitter_card":"summary_large_image","twitter_misc":{"\u00c9crit par":"Roland AFFANOU","Dur\u00e9e de lecture estim\u00e9e":"2 minutes"},"schema":{"@context":"https:\/\/schema.org","@graph":[{"@type":"Article","@id":"https:\/\/lepatriotebenin.com\/index.php\/2026\/05\/01\/tour-cycliste-international-du-benin-le-marocain-mraouni-salah-eddine-vainqueur-de-la-4eme-etape\/#article","isPartOf":{"@id":"https:\/\/lepatriotebenin.com\/index.php\/2026\/05\/01\/tour-cycliste-international-du-benin-le-marocain-mraouni-salah-eddine-vainqueur-de-la-4eme-etape\/"},"author":{"name":"Roland AFFANOU","@id":"https:\/\/lepatriotebenin.com\/#\/schema\/person\/4a9b67216c97d04045e01405c534c91f"},"headline":"Tour cycliste international du B\u00e9nin : Le Marocain Mraouni Salah Eddine vainqueur de la 4\u00e8me \u00e9tape","datePublished":"2026-05-01T18:05:39+00:00","mainEntityOfPage":{"@id":"https:\/\/lepatriotebenin.com\/index.php\/2026\/05\/01\/tour-cycliste-international-du-benin-le-marocain-mraouni-salah-eddine-vainqueur-de-la-4eme-etape\/"},"wordCount":259,"commentCount":0,"image":{"@id":"https:\/\/lepatriotebenin.com\/index.php\/2026\/05\/01\/tour-cycliste-international-du-benin-le-marocain-mraouni-salah-eddine-vainqueur-de-la-4eme-etape\/#primaryimage"},"thumbnailUrl":"https:\/\/lepatriotebenin.com\/wp-content\/uploads\/2026\/05\/4eme-etape.jpg","articleSection":["Sport"],"inLanguage":"fr-FR","potentialAction":[{"@type":"CommentAction","name":"Comment","target":["https:\/\/lepatriotebenin.com\/index.php\/2026\/05\/01\/tour-cycliste-international-du-benin-le-marocain-mraouni-salah-eddine-vainqueur-de-la-4eme-etape\/#respond"]}]},{"@type":"WebPage","@id":"https:\/\/lepatriotebenin.com\/index.php\/2026\/05\/01\/tour-cycliste-international-du-benin-le-marocain-mraouni-salah-eddine-vainqueur-de-la-4eme-etape\/","url":"https:\/\/lepatriotebenin.com\/index.php\/2026\/05\/01\/tour-cycliste-international-du-benin-le-marocain-mraouni-salah-eddine-vainqueur-de-la-4eme-etape\/","name":"Tour cycliste international du B\u00e9nin : Le Marocain Mraouni Salah Eddine vainqueur de la 4\u00e8me \u00e9tape - Le Patriote","isPartOf":{"@id":"https:\/\/lepatriotebenin.com\/#website"},"primaryImageOfPage":{"@id":"https:\/\/lepatriotebenin.com\/index.php\/2026\/05\/01\/tour-cycliste-international-du-benin-le-marocain-mraouni-salah-eddine-vainqueur-de-la-4eme-etape\/#primaryimage"},"image":{"@id":"https:\/\/lepatriotebenin.com\/index.php\/2026\/05\/01\/tour-cycliste-international-du-benin-le-marocain-mraouni-salah-eddine-vainqueur-de-la-4eme-etape\/#primaryimage"},"thumbnailUrl":"https:\/\/lepatriotebenin.com\/wp-content\/uploads\/2026\/05\/4eme-etape.jpg","datePublished":"2026-05-01T18:05:39+00:00","author":{"@id":"https:\/\/lepatriotebenin.com\/#\/schema\/person\/4a9b67216c97d04045e01405c534c91f"},"breadcrumb":{"@id":"https:\/\/lepatriotebenin.com\/index.php\/2026\/05\/01\/tour-cycliste-international-du-benin-le-marocain-mraouni-salah-eddine-vainqueur-de-la-4eme-etape\/#breadcrumb"},"inLanguage":"fr-FR","potentialAction":[{"@type":"ReadAction","target":["https:\/\/lepatriotebenin.com\/index.php\/2026\/05\/01\/tour-cycliste-international-du-benin-le-marocain-mraouni-salah-eddine-vainqueur-de-la-4eme-etape\/"]}]},{"@type":"ImageObject","inLanguage":"fr-FR","@id":"https:\/\/lepatriotebenin.com\/index.php\/2026\/05\/01\/tour-cycliste-international-du-benin-le-marocain-mraouni-salah-eddine-vainqueur-de-la-4eme-etape\/#primaryimage","url":"https:\/\/lepatriotebenin.com\/wp-content\/uploads\/2026\/05\/4eme-etape.jpg","contentUrl":"https:\/\/lepatriotebenin.com\/wp-content\/uploads\/2026\/05\/4eme-etape.jpg","width":1016,"height":762},{"@type":"BreadcrumbList","@id":"https:\/\/lepatriotebenin.com\/index.php\/2026\/05\/01\/tour-cycliste-international-du-benin-le-marocain-mraouni-salah-eddine-vainqueur-de-la-4eme-etape\/#breadcrumb","itemListElement":[{"@type":"ListItem","position":1,"name":"Accueil","item":"https:\/\/lepatriotebenin.com\/"},{"@type":"ListItem","position":2,"name":"Tour cycliste international du B\u00e9nin : Le Marocain Mraouni Salah Eddine vainqueur de la 4\u00e8me \u00e9tape"}]},{"@type":"WebSite","@id":"https:\/\/lepatriotebenin.com\/#website","url":"https:\/\/lepatriotebenin.com\/","name":"Le Patriote","description":"Le Patriote B\u00e9nin","potentialAction":[{"@type":"SearchAction","target":{"@type":"EntryPoint","urlTemplate":"https:\/\/lepatriotebenin.com\/?s={search_term_string}"},"query-input":{"@type":"PropertyValueSpecification","valueRequired":true,"valueName":"search_term_string"}}],"inLanguage":"fr-FR"},{"@type":"Person","@id":"https:\/\/lepatriotebenin.com\/#\/schema\/person\/4a9b67216c97d04045e01405c534c91f","name":"Roland AFFANOU","image":{"@type":"ImageObject","inLanguage":"fr-FR","@id":"https:\/\/secure.gravatar.com\/avatar\/7209d3f6d2d47ea4d0c67e14d3effb61feb10ae540a4381280c66265de5bd643?s=96&d=mm&r=g","url":"https:\/\/secure.gravatar.com\/avatar\/7209d3f6d2d47ea4d0c67e14d3effb61feb10ae540a4381280c66265de5bd643?s=96&d=mm&r=g","contentUrl":"https:\/\/secure.gravatar.com\/avatar\/7209d3f6d2d47ea4d0c67e14d3effb61feb10ae540a4381280c66265de5bd643?s=96&d=mm&r=g","caption":"Roland AFFANOU"},"url":"https:\/\/lepatriotebenin.com"}]}},"_links":{"self":[{"href":"https:\/\/lepatriotebenin.com\/index.php\/wp-json\/wp\/v2\/posts\/18986","targetHints":{"allow":["GET"]}}],"collection":[{"href":"https:\/\/lepatriotebenin.com\/index.php\/wp-json\/wp\/v2\/posts"}],"about":[{"href":"https:\/\/lepatriotebenin.com\/index.php\/wp-json\/wp\/v2\/types\/post"}],"author":[{"embeddable":true,"href":"https:\/\/lepatriotebenin.com\/index.php\/wp-json\/wp\/v2\/users\/6"}],"replies":[{"embeddable":true,"href":"https:\/\/lepatriotebenin.com\/index.php\/wp-json\/wp\/v2\/comments?post=18986"}],"version-history":[{"count":1,"href":"https:\/\/lepatriotebenin.com\/index.php\/wp-json\/wp\/v2\/posts\/18986\/revisions"}],"predecessor-version":[{"id":18988,"href":"https:\/\/lepatriotebenin.com\/index.php\/wp-json\/wp\/v2\/posts\/18986\/revisions\/18988"}],"wp:featuredmedia":[{"embeddable":true,"href":"https:\/\/lepatriotebenin.com\/index.php\/wp-json\/wp\/v2\/media\/18987"}],"wp:attachment":[{"href":"https:\/\/lepatriotebenin.com\/index.php\/wp-json\/wp\/v2\/media?parent=18986"}],"wp:term":[{"taxonomy":"category","embeddable":true,"href":"https:\/\/lepatriotebenin.com\/index.php\/wp-json\/wp\/v2\/categories?post=18986"},{"taxonomy":"post_tag","embeddable":true,"href":"https:\/\/lepatriotebenin.com\/index.php\/wp-json\/wp\/v2\/tags?post=18986"}],"curies":[{"name":"wp","href":"https:\/\/api.w.org\/{rel}","templated":true}]}}