{"id":18983,"date":"2026-05-01T19:53:09","date_gmt":"2026-05-01T17:53:09","guid":{"rendered":"https:\/\/lepatriotebenin.com\/?p=18983"},"modified":"2026-05-01T19:53:09","modified_gmt":"2026-05-01T17:53:09","slug":"service-public-les-delais-du-casier-judiciaire-allonges-au-cncj","status":"publish","type":"post","link":"https:\/\/lepatriotebenin.com\/index.php\/2026\/05\/01\/service-public-les-delais-du-casier-judiciaire-allonges-au-cncj\/","title":{"rendered":"Service public : Les d\u00e9lais du casier judiciaire allong\u00e9s au CNCJ"},"content":{"rendered":"<p><strong>Le Centre National du Casier Judiciaire fait face \u00e0 une hausse exceptionnelle des demandes de <em>bulletins n\u00b03, entra\u00eenant des retards. L\u2019institution rassure sur les mesures prises pour r\u00e9sorber la situation.<\/em><\/strong><\/p>\n<p>Le Centre National du Casier Judiciaire (CNCJ) a signal\u00e9 une augmentation inhabituelle du nombre de demandes de bulletins n\u00b03 du casier judiciaire, selon un communiqu\u00e9 officiel du Minist\u00e8re de la Justice et de la L\u00e9gislation. Cette affluence s\u2019explique notamment par les exigences li\u00e9es aux proc\u00e9dures de mise en conformit\u00e9 des associations et fondations, pour lesquelles ce document constitue une pi\u00e8ce essentielle.<\/p>\n<p>Face \u00e0 cet afflux, des d\u00e9lais plus longs sont d\u00e9sormais observ\u00e9s dans le traitement et la d\u00e9livrance des bulletins. Une situation qui affecte de nombreux usagers du service public, confront\u00e9s \u00e0 l\u2019urgence de leurs d\u00e9marches administratives.<\/p>\n<p>Pour y faire face, le CNCJ assure avoir renforc\u00e9 ses \u00e9quipes techniques et op\u00e9rationnelles. L\u2019objectif affich\u00e9 est de r\u00e9sorber progressivement le retard accumul\u00e9 et de traiter l\u2019ensemble des demandes dans les meilleurs d\u00e9lais. L\u2019institution appelle par ailleurs les usagers \u00e0 la compr\u00e9hension et \u00e0 la patience, tout en r\u00e9affirmant son engagement \u00e0 garantir un service efficace et accessible. Ce contexte met en lumi\u00e8re la pression croissante sur certains services administratifs, en lien avec les r\u00e9formes en cours dans le secteur associatif.<\/p>\n<p>En attendant un retour \u00e0 la normale, les autorit\u00e9s invitent les demandeurs \u00e0 anticiper leurs d\u00e9marches afin de limiter les d\u00e9sagr\u00e9ments li\u00e9s aux d\u00e9lais prolong\u00e9s.<\/p>\n<p><strong>Gildas AHOGNI <\/strong><\/p>\n","protected":false},"excerpt":{"rendered":"<p>Le Centre National du Casier Judiciaire fait face \u00e0 une hausse exceptionnelle des demandes de bulletins n\u00b03, entra\u00eenant des retards. L\u2019institution rassure sur les mesures prises pour r\u00e9sorber la situation.&hellip;<\/p>\n","protected":false},"author":5,"featured_media":18984,"comment_status":"open","ping_status":"open","sticky":false,"template":"","format":"standard","meta":{"content-type":"","om_disable_all_campaigns":false,"_monsterinsights_skip_tracking":false,"_monsterinsights_sitenote_active":false,"_monsterinsights_sitenote_note":"","_monsterinsights_sitenote_category":0,"_uf_show_specific_survey":0,"_uf_disable_surveys":false,"footnotes":""},"categories":[20],"tags":[],"class_list":["post-18983","post","type-post","status-publish","format-standard","has-post-thumbnail","hentry","category-societe"],"aioseo_notices":[],"yoast_head":"<!-- This site is optimized with the Yoast SEO plugin v27.5 - https:\/\/yoast.com\/product\/yoast-seo-wordpress\/ -->\n<title>Service public : Les d\u00e9lais du casier judiciaire allong\u00e9s au CNCJ - Le Patriote<\/title>\n<meta name=\"robots\" content=\"index, follow, max-snippet:-1, max-image-preview:large, max-video-preview:-1\" \/>\n<link rel=\"canonical\" href=\"https:\/\/lepatriotebenin.com\/index.php\/2026\/05\/01\/service-public-les-delais-du-casier-judiciaire-allonges-au-cncj\/\" \/>\n<meta property=\"og:locale\" content=\"fr_FR\" \/>\n<meta property=\"og:type\" content=\"article\" \/>\n<meta property=\"og:title\" content=\"Service public : Les d\u00e9lais du casier judiciaire allong\u00e9s au CNCJ - Le Patriote\" \/>\n<meta property=\"og:description\" content=\"Le Centre National du Casier Judiciaire fait face \u00e0 une hausse exceptionnelle des demandes de bulletins n\u00b03, entra\u00eenant des retards. L\u2019institution rassure sur les mesures prises pour r\u00e9sorber la situation.&hellip;\" \/>\n<meta property=\"og:url\" content=\"https:\/\/lepatriotebenin.com\/index.php\/2026\/05\/01\/service-public-les-delais-du-casier-judiciaire-allonges-au-cncj\/\" \/>\n<meta property=\"og:site_name\" content=\"Le Patriote\" \/>\n<meta property=\"article:published_time\" content=\"2026-05-01T17:53:09+00:00\" \/>\n<meta property=\"og:image\" content=\"https:\/\/lepatriotebenin.com\/wp-content\/uploads\/2026\/05\/casier-judiciaire.jpg\" \/>\n\t<meta property=\"og:image:width\" content=\"1200\" \/>\n\t<meta property=\"og:image:height\" content=\"675\" \/>\n\t<meta property=\"og:image:type\" content=\"image\/jpeg\" \/>\n<meta name=\"author\" content=\"Redaction\" \/>\n<meta name=\"twitter:card\" content=\"summary_large_image\" \/>\n<meta name=\"twitter:label1\" content=\"\u00c9crit par\" \/>\n\t<meta name=\"twitter:data1\" content=\"Redaction\" \/>\n\t<meta name=\"twitter:label2\" content=\"Dur\u00e9e de lecture estim\u00e9e\" \/>\n\t<meta name=\"twitter:data2\" content=\"2 minutes\" \/>\n<script type=\"application\/ld+json\" class=\"yoast-schema-graph\">{\"@context\":\"https:\\\/\\\/schema.org\",\"@graph\":[{\"@type\":\"Article\",\"@id\":\"https:\\\/\\\/lepatriotebenin.com\\\/index.php\\\/2026\\\/05\\\/01\\\/service-public-les-delais-du-casier-judiciaire-allonges-au-cncj\\\/#article\",\"isPartOf\":{\"@id\":\"https:\\\/\\\/lepatriotebenin.com\\\/index.php\\\/2026\\\/05\\\/01\\\/service-public-les-delais-du-casier-judiciaire-allonges-au-cncj\\\/\"},\"author\":{\"name\":\"Redaction\",\"@id\":\"https:\\\/\\\/lepatriotebenin.com\\\/#\\\/schema\\\/person\\\/2e7709b9c9cc313e452d1136af61690f\"},\"headline\":\"Service public : Les d\u00e9lais du casier judiciaire allong\u00e9s au CNCJ\",\"datePublished\":\"2026-05-01T17:53:09+00:00\",\"mainEntityOfPage\":{\"@id\":\"https:\\\/\\\/lepatriotebenin.com\\\/index.php\\\/2026\\\/05\\\/01\\\/service-public-les-delais-du-casier-judiciaire-allonges-au-cncj\\\/\"},\"wordCount\":272,\"commentCount\":0,\"image\":{\"@id\":\"https:\\\/\\\/lepatriotebenin.com\\\/index.php\\\/2026\\\/05\\\/01\\\/service-public-les-delais-du-casier-judiciaire-allonges-au-cncj\\\/#primaryimage\"},\"thumbnailUrl\":\"https:\\\/\\\/lepatriotebenin.com\\\/wp-content\\\/uploads\\\/2026\\\/05\\\/casier-judiciaire.jpg\",\"articleSection\":[\"Soci\u00e9t\u00e9\"],\"inLanguage\":\"fr-FR\",\"potentialAction\":[{\"@type\":\"CommentAction\",\"name\":\"Comment\",\"target\":[\"https:\\\/\\\/lepatriotebenin.com\\\/index.php\\\/2026\\\/05\\\/01\\\/service-public-les-delais-du-casier-judiciaire-allonges-au-cncj\\\/#respond\"]}]},{\"@type\":\"WebPage\",\"@id\":\"https:\\\/\\\/lepatriotebenin.com\\\/index.php\\\/2026\\\/05\\\/01\\\/service-public-les-delais-du-casier-judiciaire-allonges-au-cncj\\\/\",\"url\":\"https:\\\/\\\/lepatriotebenin.com\\\/index.php\\\/2026\\\/05\\\/01\\\/service-public-les-delais-du-casier-judiciaire-allonges-au-cncj\\\/\",\"name\":\"Service public : Les d\u00e9lais du casier judiciaire allong\u00e9s au CNCJ - Le Patriote\",\"isPartOf\":{\"@id\":\"https:\\\/\\\/lepatriotebenin.com\\\/#website\"},\"primaryImageOfPage\":{\"@id\":\"https:\\\/\\\/lepatriotebenin.com\\\/index.php\\\/2026\\\/05\\\/01\\\/service-public-les-delais-du-casier-judiciaire-allonges-au-cncj\\\/#primaryimage\"},\"image\":{\"@id\":\"https:\\\/\\\/lepatriotebenin.com\\\/index.php\\\/2026\\\/05\\\/01\\\/service-public-les-delais-du-casier-judiciaire-allonges-au-cncj\\\/#primaryimage\"},\"thumbnailUrl\":\"https:\\\/\\\/lepatriotebenin.com\\\/wp-content\\\/uploads\\\/2026\\\/05\\\/casier-judiciaire.jpg\",\"datePublished\":\"2026-05-01T17:53:09+00:00\",\"author\":{\"@id\":\"https:\\\/\\\/lepatriotebenin.com\\\/#\\\/schema\\\/person\\\/2e7709b9c9cc313e452d1136af61690f\"},\"breadcrumb\":{\"@id\":\"https:\\\/\\\/lepatriotebenin.com\\\/index.php\\\/2026\\\/05\\\/01\\\/service-public-les-delais-du-casier-judiciaire-allonges-au-cncj\\\/#breadcrumb\"},\"inLanguage\":\"fr-FR\",\"potentialAction\":[{\"@type\":\"ReadAction\",\"target\":[\"https:\\\/\\\/lepatriotebenin.com\\\/index.php\\\/2026\\\/05\\\/01\\\/service-public-les-delais-du-casier-judiciaire-allonges-au-cncj\\\/\"]}]},{\"@type\":\"ImageObject\",\"inLanguage\":\"fr-FR\",\"@id\":\"https:\\\/\\\/lepatriotebenin.com\\\/index.php\\\/2026\\\/05\\\/01\\\/service-public-les-delais-du-casier-judiciaire-allonges-au-cncj\\\/#primaryimage\",\"url\":\"https:\\\/\\\/lepatriotebenin.com\\\/wp-content\\\/uploads\\\/2026\\\/05\\\/casier-judiciaire.jpg\",\"contentUrl\":\"https:\\\/\\\/lepatriotebenin.com\\\/wp-content\\\/uploads\\\/2026\\\/05\\\/casier-judiciaire.jpg\",\"width\":1200,\"height\":675},{\"@type\":\"BreadcrumbList\",\"@id\":\"https:\\\/\\\/lepatriotebenin.com\\\/index.php\\\/2026\\\/05\\\/01\\\/service-public-les-delais-du-casier-judiciaire-allonges-au-cncj\\\/#breadcrumb\",\"itemListElement\":[{\"@type\":\"ListItem\",\"position\":1,\"name\":\"Accueil\",\"item\":\"https:\\\/\\\/lepatriotebenin.com\\\/\"},{\"@type\":\"ListItem\",\"position\":2,\"name\":\"Service public : Les d\u00e9lais du casier judiciaire allong\u00e9s au CNCJ\"}]},{\"@type\":\"WebSite\",\"@id\":\"https:\\\/\\\/lepatriotebenin.com\\\/#website\",\"url\":\"https:\\\/\\\/lepatriotebenin.com\\\/\",\"name\":\"Le Patriote\",\"description\":\"Le Patriote B\u00e9nin\",\"potentialAction\":[{\"@type\":\"SearchAction\",\"target\":{\"@type\":\"EntryPoint\",\"urlTemplate\":\"https:\\\/\\\/lepatriotebenin.com\\\/?s={search_term_string}\"},\"query-input\":{\"@type\":\"PropertyValueSpecification\",\"valueRequired\":true,\"valueName\":\"search_term_string\"}}],\"inLanguage\":\"fr-FR\"},{\"@type\":\"Person\",\"@id\":\"https:\\\/\\\/lepatriotebenin.com\\\/#\\\/schema\\\/person\\\/2e7709b9c9cc313e452d1136af61690f\",\"name\":\"Redaction\",\"image\":{\"@type\":\"ImageObject\",\"inLanguage\":\"fr-FR\",\"@id\":\"https:\\\/\\\/secure.gravatar.com\\\/avatar\\\/c4c509357859ea2ca2cbb6d8812898a73e4ef1ef9934c2e591d7e32face734d1?s=96&d=mm&r=g\",\"url\":\"https:\\\/\\\/secure.gravatar.com\\\/avatar\\\/c4c509357859ea2ca2cbb6d8812898a73e4ef1ef9934c2e591d7e32face734d1?s=96&d=mm&r=g\",\"contentUrl\":\"https:\\\/\\\/secure.gravatar.com\\\/avatar\\\/c4c509357859ea2ca2cbb6d8812898a73e4ef1ef9934c2e591d7e32face734d1?s=96&d=mm&r=g\",\"caption\":\"Redaction\"},\"url\":\"https:\\\/\\\/lepatriotebenin.com\"}]}<\/script>\n<!-- \/ Yoast SEO plugin. -->","yoast_head_json":{"title":"Service public : Les d\u00e9lais du casier judiciaire allong\u00e9s au CNCJ - Le Patriote","robots":{"index":"index","follow":"follow","max-snippet":"max-snippet:-1","max-image-preview":"max-image-preview:large","max-video-preview":"max-video-preview:-1"},"canonical":"https:\/\/lepatriotebenin.com\/index.php\/2026\/05\/01\/service-public-les-delais-du-casier-judiciaire-allonges-au-cncj\/","og_locale":"fr_FR","og_type":"article","og_title":"Service public : Les d\u00e9lais du casier judiciaire allong\u00e9s au CNCJ - Le Patriote","og_description":"Le Centre National du Casier Judiciaire fait face \u00e0 une hausse exceptionnelle des demandes de bulletins n\u00b03, entra\u00eenant des retards. L\u2019institution rassure sur les mesures prises pour r\u00e9sorber la situation.&hellip;","og_url":"https:\/\/lepatriotebenin.com\/index.php\/2026\/05\/01\/service-public-les-delais-du-casier-judiciaire-allonges-au-cncj\/","og_site_name":"Le Patriote","article_published_time":"2026-05-01T17:53:09+00:00","og_image":[{"width":1200,"height":675,"url":"https:\/\/lepatriotebenin.com\/wp-content\/uploads\/2026\/05\/casier-judiciaire.jpg","type":"image\/jpeg"}],"author":"Redaction","twitter_card":"summary_large_image","twitter_misc":{"\u00c9crit par":"Redaction","Dur\u00e9e de lecture estim\u00e9e":"2 minutes"},"schema":{"@context":"https:\/\/schema.org","@graph":[{"@type":"Article","@id":"https:\/\/lepatriotebenin.com\/index.php\/2026\/05\/01\/service-public-les-delais-du-casier-judiciaire-allonges-au-cncj\/#article","isPartOf":{"@id":"https:\/\/lepatriotebenin.com\/index.php\/2026\/05\/01\/service-public-les-delais-du-casier-judiciaire-allonges-au-cncj\/"},"author":{"name":"Redaction","@id":"https:\/\/lepatriotebenin.com\/#\/schema\/person\/2e7709b9c9cc313e452d1136af61690f"},"headline":"Service public : Les d\u00e9lais du casier judiciaire allong\u00e9s au CNCJ","datePublished":"2026-05-01T17:53:09+00:00","mainEntityOfPage":{"@id":"https:\/\/lepatriotebenin.com\/index.php\/2026\/05\/01\/service-public-les-delais-du-casier-judiciaire-allonges-au-cncj\/"},"wordCount":272,"commentCount":0,"image":{"@id":"https:\/\/lepatriotebenin.com\/index.php\/2026\/05\/01\/service-public-les-delais-du-casier-judiciaire-allonges-au-cncj\/#primaryimage"},"thumbnailUrl":"https:\/\/lepatriotebenin.com\/wp-content\/uploads\/2026\/05\/casier-judiciaire.jpg","articleSection":["Soci\u00e9t\u00e9"],"inLanguage":"fr-FR","potentialAction":[{"@type":"CommentAction","name":"Comment","target":["https:\/\/lepatriotebenin.com\/index.php\/2026\/05\/01\/service-public-les-delais-du-casier-judiciaire-allonges-au-cncj\/#respond"]}]},{"@type":"WebPage","@id":"https:\/\/lepatriotebenin.com\/index.php\/2026\/05\/01\/service-public-les-delais-du-casier-judiciaire-allonges-au-cncj\/","url":"https:\/\/lepatriotebenin.com\/index.php\/2026\/05\/01\/service-public-les-delais-du-casier-judiciaire-allonges-au-cncj\/","name":"Service public : Les d\u00e9lais du casier judiciaire allong\u00e9s au CNCJ - Le Patriote","isPartOf":{"@id":"https:\/\/lepatriotebenin.com\/#website"},"primaryImageOfPage":{"@id":"https:\/\/lepatriotebenin.com\/index.php\/2026\/05\/01\/service-public-les-delais-du-casier-judiciaire-allonges-au-cncj\/#primaryimage"},"image":{"@id":"https:\/\/lepatriotebenin.com\/index.php\/2026\/05\/01\/service-public-les-delais-du-casier-judiciaire-allonges-au-cncj\/#primaryimage"},"thumbnailUrl":"https:\/\/lepatriotebenin.com\/wp-content\/uploads\/2026\/05\/casier-judiciaire.jpg","datePublished":"2026-05-01T17:53:09+00:00","author":{"@id":"https:\/\/lepatriotebenin.com\/#\/schema\/person\/2e7709b9c9cc313e452d1136af61690f"},"breadcrumb":{"@id":"https:\/\/lepatriotebenin.com\/index.php\/2026\/05\/01\/service-public-les-delais-du-casier-judiciaire-allonges-au-cncj\/#breadcrumb"},"inLanguage":"fr-FR","potentialAction":[{"@type":"ReadAction","target":["https:\/\/lepatriotebenin.com\/index.php\/2026\/05\/01\/service-public-les-delais-du-casier-judiciaire-allonges-au-cncj\/"]}]},{"@type":"ImageObject","inLanguage":"fr-FR","@id":"https:\/\/lepatriotebenin.com\/index.php\/2026\/05\/01\/service-public-les-delais-du-casier-judiciaire-allonges-au-cncj\/#primaryimage","url":"https:\/\/lepatriotebenin.com\/wp-content\/uploads\/2026\/05\/casier-judiciaire.jpg","contentUrl":"https:\/\/lepatriotebenin.com\/wp-content\/uploads\/2026\/05\/casier-judiciaire.jpg","width":1200,"height":675},{"@type":"BreadcrumbList","@id":"https:\/\/lepatriotebenin.com\/index.php\/2026\/05\/01\/service-public-les-delais-du-casier-judiciaire-allonges-au-cncj\/#breadcrumb","itemListElement":[{"@type":"ListItem","position":1,"name":"Accueil","item":"https:\/\/lepatriotebenin.com\/"},{"@type":"ListItem","position":2,"name":"Service public : Les d\u00e9lais du casier judiciaire allong\u00e9s au CNCJ"}]},{"@type":"WebSite","@id":"https:\/\/lepatriotebenin.com\/#website","url":"https:\/\/lepatriotebenin.com\/","name":"Le Patriote","description":"Le Patriote B\u00e9nin","potentialAction":[{"@type":"SearchAction","target":{"@type":"EntryPoint","urlTemplate":"https:\/\/lepatriotebenin.com\/?s={search_term_string}"},"query-input":{"@type":"PropertyValueSpecification","valueRequired":true,"valueName":"search_term_string"}}],"inLanguage":"fr-FR"},{"@type":"Person","@id":"https:\/\/lepatriotebenin.com\/#\/schema\/person\/2e7709b9c9cc313e452d1136af61690f","name":"Redaction","image":{"@type":"ImageObject","inLanguage":"fr-FR","@id":"https:\/\/secure.gravatar.com\/avatar\/c4c509357859ea2ca2cbb6d8812898a73e4ef1ef9934c2e591d7e32face734d1?s=96&d=mm&r=g","url":"https:\/\/secure.gravatar.com\/avatar\/c4c509357859ea2ca2cbb6d8812898a73e4ef1ef9934c2e591d7e32face734d1?s=96&d=mm&r=g","contentUrl":"https:\/\/secure.gravatar.com\/avatar\/c4c509357859ea2ca2cbb6d8812898a73e4ef1ef9934c2e591d7e32face734d1?s=96&d=mm&r=g","caption":"Redaction"},"url":"https:\/\/lepatriotebenin.com"}]}},"_links":{"self":[{"href":"https:\/\/lepatriotebenin.com\/index.php\/wp-json\/wp\/v2\/posts\/18983","targetHints":{"allow":["GET"]}}],"collection":[{"href":"https:\/\/lepatriotebenin.com\/index.php\/wp-json\/wp\/v2\/posts"}],"about":[{"href":"https:\/\/lepatriotebenin.com\/index.php\/wp-json\/wp\/v2\/types\/post"}],"author":[{"embeddable":true,"href":"https:\/\/lepatriotebenin.com\/index.php\/wp-json\/wp\/v2\/users\/5"}],"replies":[{"embeddable":true,"href":"https:\/\/lepatriotebenin.com\/index.php\/wp-json\/wp\/v2\/comments?post=18983"}],"version-history":[{"count":1,"href":"https:\/\/lepatriotebenin.com\/index.php\/wp-json\/wp\/v2\/posts\/18983\/revisions"}],"predecessor-version":[{"id":18985,"href":"https:\/\/lepatriotebenin.com\/index.php\/wp-json\/wp\/v2\/posts\/18983\/revisions\/18985"}],"wp:featuredmedia":[{"embeddable":true,"href":"https:\/\/lepatriotebenin.com\/index.php\/wp-json\/wp\/v2\/media\/18984"}],"wp:attachment":[{"href":"https:\/\/lepatriotebenin.com\/index.php\/wp-json\/wp\/v2\/media?parent=18983"}],"wp:term":[{"taxonomy":"category","embeddable":true,"href":"https:\/\/lepatriotebenin.com\/index.php\/wp-json\/wp\/v2\/categories?post=18983"},{"taxonomy":"post_tag","embeddable":true,"href":"https:\/\/lepatriotebenin.com\/index.php\/wp-json\/wp\/v2\/tags?post=18983"}],"curies":[{"name":"wp","href":"https:\/\/api.w.org\/{rel}","templated":true}]}}