{"id":18976,"date":"2026-05-01T12:49:27","date_gmt":"2026-05-01T10:49:27","guid":{"rendered":"https:\/\/lepatriotebenin.com\/?p=18976"},"modified":"2026-05-01T19:39:50","modified_gmt":"2026-05-01T17:39:50","slug":"praticiens-de-la-medecine-traditionnelle-au-benin-lanaprametrab-oueme-sensibilise-ses-membres-de-porto-novo-sur-les-nouvelles-normes-instaurees-par-le-gouvernement","status":"publish","type":"post","link":"https:\/\/lepatriotebenin.com\/index.php\/2026\/05\/01\/praticiens-de-la-medecine-traditionnelle-au-benin-lanaprametrab-oueme-sensibilise-ses-membres-de-porto-novo-sur-les-nouvelles-normes-instaurees-par-le-gouvernement\/","title":{"rendered":"Praticiens de la M\u00e9decine Traditionnelle au B\u00e9nin : L\u2019ANAPRAMETRAB\/Ou\u00e9m\u00e9 sensibilise ses membres de Porto-Novo sur les nouvelles normes instaur\u00e9es par le gouvernement"},"content":{"rendered":"<p>Le si\u00e8ge du 4\u00e8me arrondissement de la ville de Porto-Novo a accueilli le mercredi 29 avril 2026\u00a0 une rencontre de prise de contact \u00a0des\u00a0 responsables de l\u2019Association Nationale des Praticiens de la M\u00e9decine Traditionnelle du B\u00e9nin (ANAPRAMETRAB)-Ou\u00e9m\u00e9 \u00a0avec les 5 bureaux ex\u00e9cutifs d&rsquo;arrondissement de Porto-Novo\u00a0 ainsi que le bureau ex\u00e9cutif communal. Dans \u00a0sa prise de parole, le pr\u00e9sident d\u00e9partemental de l\u2019ANAPRAMETRAB\/Ou\u00e9m\u00e9, S\u00e9v\u00e9rin S\u00e8nou a d\u00e9clar\u00e9 que \u00a0\u00ab nous sommes ici aujourd\u2019hui, c\u2019est pour une\u00a0 rencontre de prise de contact\u00a0 avec les 5 bureaux ex\u00e9cutifs d&rsquo; arrondissement de Porto-Novo\u00a0 ainsi que le bureau ex\u00e9cutif communal \u00bb.<\/p>\n<p>Le pr\u00e9sident d\u00e9partemental de l\u2019ANAPRAMETRAB\/Ou\u00e9m\u00e9 a indiqu\u00e9 que\u00a0 l\u2019assise a \u00e9t\u00e9 organis\u00e9e pour sensibiliser leurs membres, \u00ab leur donner plus de renseignements\u00a0 et de connaissances sur ce \u00bb\u00a0 qu\u2019ils sont\u00a0 \u00ab en train de faire au niveau de l\u2019ANAPRAMETRAB \u00bb. Il n\u2019a pas manqu\u00e9 d\u2019insister sur la n\u00e9cessit\u00e9 pour chaque membre de l\u2019association d\u2019avoir sa carte de membre. C\u2019est pour qu\u2019il a montr\u00e9 \u00e0 tous les participants pr\u00e9sents \u00e0 cette rencontre de prise de contact les avantages que\u00a0procurent la\u00a0 carte de membre.<\/p>\n<p>\u00ab Celui qui a sa carte de membre est s\u00fbr qu\u2019il est d\u2019appartenance \u00e0 une association .Quand vous appartenez \u00e0 une association, \u00a0c\u2019est s\u00fbr que n\u2019importe comment quoi qu\u2019il fasse, vous devez b\u00e9n\u00e9ficier des avantages de l\u2019association dans un premier temps. Dans un second temps,\u00a0 lorsque vous auriez des probl\u00e8mes, certains probl\u00e8mes de la vie, \u00a0l\u2019association pourrait vous venir en aide. Vous pouvez b\u00e9n\u00e9ficier des aides de l\u2019association et dans de cadre majeur,\u00a0 l\u2019association est enti\u00e8rement dispos\u00e9e \u00e0 se battre pour vous sauver de malheur \u00bb, a l\u00e2ch\u00e9 S\u00e9v\u00e9rin S\u00e8nou.<\/p>\n<p>Quant au Secr\u00e9taire g\u00e9n\u00e9ral du bureau ex\u00e9cutif de l NAPRAMETRAB-Ou\u00e9m\u00e9, Julien \u00a0Hounzonlin, \u00a0il a abord\u00e9 dans le m\u00eame sens que le pr\u00e9sident d\u00e9partemental de l\u2019ANAPRAMETRAB\/Ou\u00e9m\u00e9. \u00ab\u00a0 Aujourd\u2019hui,\u00a0 nous sommes \u00e0 Porto-Novo\u00a0 pr\u00e9cis\u00e9ment\u00a0 dans la commune de Porto-Novo pour une prise de contact avec les membres des arrondissements de la ville de Porto-Novo \u00bb., a-t-il affirm\u00e9 avant de souligner : \u00ab Nous avons pris ce contact juste pour s\u2019informer de ceux qui sont d\u00e9j\u00e0 dans le bureau, pourquoi ils sont dans le bureau, ce qu\u2019ils doivent faire parce que vu les nouveaux dispositifs pris par le gouvernement , nous\u00a0 devons aussi faire un accompagnement\u00bb. \u00a0Il a signifi\u00e9 que l\u2019ANAPRAMETRAB doit jouer sa partition afin que ses membres soient \u00ab dans les normes que \u00a0le gouvernement a prescrit pour que \u00bb leur\u00a0 \u00ab\u00a0 domaine soit pris en compte \u00bb\u00a0 afin qu\u2019ils\u00a0 assistent des malades sans cr\u00e9er des dommages.<\/p>\n<p>Le charg\u00e9 de mission, Kpossa Adrien, repr\u00e9sentant le pr\u00e9sident du bureau national de l\u2019ANAPRAMETRAB s\u2019est r\u00e9joui du d\u00e9roulement de l\u2019assise. \u00a0Il se dit \u00a0tr\u00e8s \u00e9mu et content de l\u2019organisation, des intervenants\u00a0 et des propos venant \u00a0du pr\u00e9sident d\u00e9partement de l\u2019ANAPRAMETRAB. \u00ab\u00a0 Nous sommes l\u00e0 \u00a0\u00e0 juste pour mettre\u00a0 en confiance nos membres actifs du d\u00e9partement de l\u2019Ou\u00e9m\u00e9, pour leur montrer notre amour, notre compassion envers\u00a0 eux , pour montrer \u00e0 nos membres qu\u2019ils ne sont pas dans un oubli .Nous sommes oblig\u00e9s de venir vers eux\u00a0 pour pouvoir \u00e9changer un peu sur les difficult\u00e9s qu\u2019ils rencontrent dans leur d\u00e9partement et leur donner des indications qu\u2019il faut \u00bb , a-t-il laiss\u00e9 entendre.<\/p>\n<p><img fetchpriority=\"high\" decoding=\"async\" class=\"alignnone size-medium wp-image-18978\" src=\"https:\/\/lepatriotebenin.com\/wp-content\/uploads\/2026\/05\/2-300x225.jpeg\" alt=\"\" width=\"300\" height=\"225\" srcset=\"https:\/\/lepatriotebenin.com\/wp-content\/uploads\/2026\/05\/2-300x225.jpeg 300w, https:\/\/lepatriotebenin.com\/wp-content\/uploads\/2026\/05\/2-768x576.jpeg 768w, https:\/\/lepatriotebenin.com\/wp-content\/uploads\/2026\/05\/2-585x439.jpeg 585w, https:\/\/lepatriotebenin.com\/wp-content\/uploads\/2026\/05\/2.jpeg 1020w\" sizes=\"(max-width: 300px) 100vw, 300px\" \/><\/p>\n","protected":false},"excerpt":{"rendered":"<p>Le si\u00e8ge du 4\u00e8me arrondissement de la ville de Porto-Novo a accueilli le mercredi 29 avril 2026\u00a0 une rencontre de prise de contact \u00a0des\u00a0 responsables de l\u2019Association Nationale des Praticiens&hellip;<\/p>\n","protected":false},"author":6,"featured_media":18977,"comment_status":"open","ping_status":"open","sticky":false,"template":"","format":"standard","meta":{"content-type":"","om_disable_all_campaigns":false,"_monsterinsights_skip_tracking":false,"_monsterinsights_sitenote_active":false,"_monsterinsights_sitenote_note":"","_monsterinsights_sitenote_category":0,"_uf_show_specific_survey":0,"_uf_disable_surveys":false,"footnotes":""},"categories":[20],"tags":[],"class_list":["post-18976","post","type-post","status-publish","format-standard","has-post-thumbnail","hentry","category-societe"],"aioseo_notices":[],"yoast_head":"<!-- This site is optimized with the Yoast SEO plugin v27.5 - https:\/\/yoast.com\/product\/yoast-seo-wordpress\/ -->\n<title>Praticiens de la M\u00e9decine Traditionnelle au B\u00e9nin : L\u2019ANAPRAMETRAB\/Ou\u00e9m\u00e9 sensibilise ses membres de Porto-Novo sur les nouvelles normes instaur\u00e9es par le gouvernement - Le Patriote<\/title>\n<meta name=\"robots\" content=\"index, follow, max-snippet:-1, max-image-preview:large, max-video-preview:-1\" \/>\n<link rel=\"canonical\" href=\"https:\/\/lepatriotebenin.com\/index.php\/2026\/05\/01\/praticiens-de-la-medecine-traditionnelle-au-benin-lanaprametrab-oueme-sensibilise-ses-membres-de-porto-novo-sur-les-nouvelles-normes-instaurees-par-le-gouvernement\/\" \/>\n<meta property=\"og:locale\" content=\"fr_FR\" \/>\n<meta property=\"og:type\" content=\"article\" \/>\n<meta property=\"og:title\" content=\"Praticiens de la M\u00e9decine Traditionnelle au B\u00e9nin : L\u2019ANAPRAMETRAB\/Ou\u00e9m\u00e9 sensibilise ses membres de Porto-Novo sur les nouvelles normes instaur\u00e9es par le gouvernement - Le Patriote\" \/>\n<meta property=\"og:description\" content=\"Le si\u00e8ge du 4\u00e8me arrondissement de la ville de Porto-Novo a accueilli le mercredi 29 avril 2026\u00a0 une rencontre de prise de contact \u00a0des\u00a0 responsables de l\u2019Association Nationale des Praticiens&hellip;\" \/>\n<meta property=\"og:url\" content=\"https:\/\/lepatriotebenin.com\/index.php\/2026\/05\/01\/praticiens-de-la-medecine-traditionnelle-au-benin-lanaprametrab-oueme-sensibilise-ses-membres-de-porto-novo-sur-les-nouvelles-normes-instaurees-par-le-gouvernement\/\" \/>\n<meta property=\"og:site_name\" content=\"Le Patriote\" \/>\n<meta property=\"article:published_time\" content=\"2026-05-01T10:49:27+00:00\" \/>\n<meta property=\"article:modified_time\" content=\"2026-05-01T17:39:50+00:00\" \/>\n<meta property=\"og:image\" content=\"https:\/\/lepatriotebenin.com\/wp-content\/uploads\/2026\/05\/1a.jpeg\" \/>\n\t<meta property=\"og:image:width\" content=\"1020\" \/>\n\t<meta property=\"og:image:height\" content=\"765\" \/>\n\t<meta property=\"og:image:type\" content=\"image\/jpeg\" \/>\n<meta name=\"author\" content=\"Roland AFFANOU\" \/>\n<meta name=\"twitter:card\" content=\"summary_large_image\" \/>\n<meta name=\"twitter:label1\" content=\"\u00c9crit par\" \/>\n\t<meta name=\"twitter:data1\" content=\"Roland AFFANOU\" \/>\n\t<meta name=\"twitter:label2\" content=\"Dur\u00e9e de lecture estim\u00e9e\" \/>\n\t<meta name=\"twitter:data2\" content=\"3 minutes\" \/>\n<script type=\"application\/ld+json\" class=\"yoast-schema-graph\">{\"@context\":\"https:\\\/\\\/schema.org\",\"@graph\":[{\"@type\":\"Article\",\"@id\":\"https:\\\/\\\/lepatriotebenin.com\\\/index.php\\\/2026\\\/05\\\/01\\\/praticiens-de-la-medecine-traditionnelle-au-benin-lanaprametrab-oueme-sensibilise-ses-membres-de-porto-novo-sur-les-nouvelles-normes-instaurees-par-le-gouvernement\\\/#article\",\"isPartOf\":{\"@id\":\"https:\\\/\\\/lepatriotebenin.com\\\/index.php\\\/2026\\\/05\\\/01\\\/praticiens-de-la-medecine-traditionnelle-au-benin-lanaprametrab-oueme-sensibilise-ses-membres-de-porto-novo-sur-les-nouvelles-normes-instaurees-par-le-gouvernement\\\/\"},\"author\":{\"name\":\"Roland AFFANOU\",\"@id\":\"https:\\\/\\\/lepatriotebenin.com\\\/#\\\/schema\\\/person\\\/4a9b67216c97d04045e01405c534c91f\"},\"headline\":\"Praticiens de la M\u00e9decine Traditionnelle au B\u00e9nin : L\u2019ANAPRAMETRAB\\\/Ou\u00e9m\u00e9 sensibilise ses membres de Porto-Novo sur les nouvelles normes instaur\u00e9es par le gouvernement\",\"datePublished\":\"2026-05-01T10:49:27+00:00\",\"dateModified\":\"2026-05-01T17:39:50+00:00\",\"mainEntityOfPage\":{\"@id\":\"https:\\\/\\\/lepatriotebenin.com\\\/index.php\\\/2026\\\/05\\\/01\\\/praticiens-de-la-medecine-traditionnelle-au-benin-lanaprametrab-oueme-sensibilise-ses-membres-de-porto-novo-sur-les-nouvelles-normes-instaurees-par-le-gouvernement\\\/\"},\"wordCount\":622,\"commentCount\":0,\"image\":{\"@id\":\"https:\\\/\\\/lepatriotebenin.com\\\/index.php\\\/2026\\\/05\\\/01\\\/praticiens-de-la-medecine-traditionnelle-au-benin-lanaprametrab-oueme-sensibilise-ses-membres-de-porto-novo-sur-les-nouvelles-normes-instaurees-par-le-gouvernement\\\/#primaryimage\"},\"thumbnailUrl\":\"https:\\\/\\\/lepatriotebenin.com\\\/wp-content\\\/uploads\\\/2026\\\/05\\\/1a.jpeg\",\"articleSection\":[\"Soci\u00e9t\u00e9\"],\"inLanguage\":\"fr-FR\",\"potentialAction\":[{\"@type\":\"CommentAction\",\"name\":\"Comment\",\"target\":[\"https:\\\/\\\/lepatriotebenin.com\\\/index.php\\\/2026\\\/05\\\/01\\\/praticiens-de-la-medecine-traditionnelle-au-benin-lanaprametrab-oueme-sensibilise-ses-membres-de-porto-novo-sur-les-nouvelles-normes-instaurees-par-le-gouvernement\\\/#respond\"]}]},{\"@type\":\"WebPage\",\"@id\":\"https:\\\/\\\/lepatriotebenin.com\\\/index.php\\\/2026\\\/05\\\/01\\\/praticiens-de-la-medecine-traditionnelle-au-benin-lanaprametrab-oueme-sensibilise-ses-membres-de-porto-novo-sur-les-nouvelles-normes-instaurees-par-le-gouvernement\\\/\",\"url\":\"https:\\\/\\\/lepatriotebenin.com\\\/index.php\\\/2026\\\/05\\\/01\\\/praticiens-de-la-medecine-traditionnelle-au-benin-lanaprametrab-oueme-sensibilise-ses-membres-de-porto-novo-sur-les-nouvelles-normes-instaurees-par-le-gouvernement\\\/\",\"name\":\"Praticiens de la M\u00e9decine Traditionnelle au B\u00e9nin : L\u2019ANAPRAMETRAB\\\/Ou\u00e9m\u00e9 sensibilise ses membres de Porto-Novo sur les nouvelles normes instaur\u00e9es par le gouvernement - Le Patriote\",\"isPartOf\":{\"@id\":\"https:\\\/\\\/lepatriotebenin.com\\\/#website\"},\"primaryImageOfPage\":{\"@id\":\"https:\\\/\\\/lepatriotebenin.com\\\/index.php\\\/2026\\\/05\\\/01\\\/praticiens-de-la-medecine-traditionnelle-au-benin-lanaprametrab-oueme-sensibilise-ses-membres-de-porto-novo-sur-les-nouvelles-normes-instaurees-par-le-gouvernement\\\/#primaryimage\"},\"image\":{\"@id\":\"https:\\\/\\\/lepatriotebenin.com\\\/index.php\\\/2026\\\/05\\\/01\\\/praticiens-de-la-medecine-traditionnelle-au-benin-lanaprametrab-oueme-sensibilise-ses-membres-de-porto-novo-sur-les-nouvelles-normes-instaurees-par-le-gouvernement\\\/#primaryimage\"},\"thumbnailUrl\":\"https:\\\/\\\/lepatriotebenin.com\\\/wp-content\\\/uploads\\\/2026\\\/05\\\/1a.jpeg\",\"datePublished\":\"2026-05-01T10:49:27+00:00\",\"dateModified\":\"2026-05-01T17:39:50+00:00\",\"author\":{\"@id\":\"https:\\\/\\\/lepatriotebenin.com\\\/#\\\/schema\\\/person\\\/4a9b67216c97d04045e01405c534c91f\"},\"breadcrumb\":{\"@id\":\"https:\\\/\\\/lepatriotebenin.com\\\/index.php\\\/2026\\\/05\\\/01\\\/praticiens-de-la-medecine-traditionnelle-au-benin-lanaprametrab-oueme-sensibilise-ses-membres-de-porto-novo-sur-les-nouvelles-normes-instaurees-par-le-gouvernement\\\/#breadcrumb\"},\"inLanguage\":\"fr-FR\",\"potentialAction\":[{\"@type\":\"ReadAction\",\"target\":[\"https:\\\/\\\/lepatriotebenin.com\\\/index.php\\\/2026\\\/05\\\/01\\\/praticiens-de-la-medecine-traditionnelle-au-benin-lanaprametrab-oueme-sensibilise-ses-membres-de-porto-novo-sur-les-nouvelles-normes-instaurees-par-le-gouvernement\\\/\"]}]},{\"@type\":\"ImageObject\",\"inLanguage\":\"fr-FR\",\"@id\":\"https:\\\/\\\/lepatriotebenin.com\\\/index.php\\\/2026\\\/05\\\/01\\\/praticiens-de-la-medecine-traditionnelle-au-benin-lanaprametrab-oueme-sensibilise-ses-membres-de-porto-novo-sur-les-nouvelles-normes-instaurees-par-le-gouvernement\\\/#primaryimage\",\"url\":\"https:\\\/\\\/lepatriotebenin.com\\\/wp-content\\\/uploads\\\/2026\\\/05\\\/1a.jpeg\",\"contentUrl\":\"https:\\\/\\\/lepatriotebenin.com\\\/wp-content\\\/uploads\\\/2026\\\/05\\\/1a.jpeg\",\"width\":1020,\"height\":765},{\"@type\":\"BreadcrumbList\",\"@id\":\"https:\\\/\\\/lepatriotebenin.com\\\/index.php\\\/2026\\\/05\\\/01\\\/praticiens-de-la-medecine-traditionnelle-au-benin-lanaprametrab-oueme-sensibilise-ses-membres-de-porto-novo-sur-les-nouvelles-normes-instaurees-par-le-gouvernement\\\/#breadcrumb\",\"itemListElement\":[{\"@type\":\"ListItem\",\"position\":1,\"name\":\"Accueil\",\"item\":\"https:\\\/\\\/lepatriotebenin.com\\\/\"},{\"@type\":\"ListItem\",\"position\":2,\"name\":\"Praticiens de la M\u00e9decine Traditionnelle au B\u00e9nin : L\u2019ANAPRAMETRAB\\\/Ou\u00e9m\u00e9 sensibilise ses membres de Porto-Novo sur les nouvelles normes instaur\u00e9es par le gouvernement\"}]},{\"@type\":\"WebSite\",\"@id\":\"https:\\\/\\\/lepatriotebenin.com\\\/#website\",\"url\":\"https:\\\/\\\/lepatriotebenin.com\\\/\",\"name\":\"Le Patriote\",\"description\":\"Le Patriote B\u00e9nin\",\"potentialAction\":[{\"@type\":\"SearchAction\",\"target\":{\"@type\":\"EntryPoint\",\"urlTemplate\":\"https:\\\/\\\/lepatriotebenin.com\\\/?s={search_term_string}\"},\"query-input\":{\"@type\":\"PropertyValueSpecification\",\"valueRequired\":true,\"valueName\":\"search_term_string\"}}],\"inLanguage\":\"fr-FR\"},{\"@type\":\"Person\",\"@id\":\"https:\\\/\\\/lepatriotebenin.com\\\/#\\\/schema\\\/person\\\/4a9b67216c97d04045e01405c534c91f\",\"name\":\"Roland AFFANOU\",\"image\":{\"@type\":\"ImageObject\",\"inLanguage\":\"fr-FR\",\"@id\":\"https:\\\/\\\/secure.gravatar.com\\\/avatar\\\/7209d3f6d2d47ea4d0c67e14d3effb61feb10ae540a4381280c66265de5bd643?s=96&d=mm&r=g\",\"url\":\"https:\\\/\\\/secure.gravatar.com\\\/avatar\\\/7209d3f6d2d47ea4d0c67e14d3effb61feb10ae540a4381280c66265de5bd643?s=96&d=mm&r=g\",\"contentUrl\":\"https:\\\/\\\/secure.gravatar.com\\\/avatar\\\/7209d3f6d2d47ea4d0c67e14d3effb61feb10ae540a4381280c66265de5bd643?s=96&d=mm&r=g\",\"caption\":\"Roland AFFANOU\"},\"url\":\"https:\\\/\\\/lepatriotebenin.com\"}]}<\/script>\n<!-- \/ Yoast SEO plugin. -->","yoast_head_json":{"title":"Praticiens de la M\u00e9decine Traditionnelle au B\u00e9nin : L\u2019ANAPRAMETRAB\/Ou\u00e9m\u00e9 sensibilise ses membres de Porto-Novo sur les nouvelles normes instaur\u00e9es par le gouvernement - Le Patriote","robots":{"index":"index","follow":"follow","max-snippet":"max-snippet:-1","max-image-preview":"max-image-preview:large","max-video-preview":"max-video-preview:-1"},"canonical":"https:\/\/lepatriotebenin.com\/index.php\/2026\/05\/01\/praticiens-de-la-medecine-traditionnelle-au-benin-lanaprametrab-oueme-sensibilise-ses-membres-de-porto-novo-sur-les-nouvelles-normes-instaurees-par-le-gouvernement\/","og_locale":"fr_FR","og_type":"article","og_title":"Praticiens de la M\u00e9decine Traditionnelle au B\u00e9nin : L\u2019ANAPRAMETRAB\/Ou\u00e9m\u00e9 sensibilise ses membres de Porto-Novo sur les nouvelles normes instaur\u00e9es par le gouvernement - Le Patriote","og_description":"Le si\u00e8ge du 4\u00e8me arrondissement de la ville de Porto-Novo a accueilli le mercredi 29 avril 2026\u00a0 une rencontre de prise de contact \u00a0des\u00a0 responsables de l\u2019Association Nationale des Praticiens&hellip;","og_url":"https:\/\/lepatriotebenin.com\/index.php\/2026\/05\/01\/praticiens-de-la-medecine-traditionnelle-au-benin-lanaprametrab-oueme-sensibilise-ses-membres-de-porto-novo-sur-les-nouvelles-normes-instaurees-par-le-gouvernement\/","og_site_name":"Le Patriote","article_published_time":"2026-05-01T10:49:27+00:00","article_modified_time":"2026-05-01T17:39:50+00:00","og_image":[{"width":1020,"height":765,"url":"https:\/\/lepatriotebenin.com\/wp-content\/uploads\/2026\/05\/1a.jpeg","type":"image\/jpeg"}],"author":"Roland AFFANOU","twitter_card":"summary_large_image","twitter_misc":{"\u00c9crit par":"Roland AFFANOU","Dur\u00e9e de lecture estim\u00e9e":"3 minutes"},"schema":{"@context":"https:\/\/schema.org","@graph":[{"@type":"Article","@id":"https:\/\/lepatriotebenin.com\/index.php\/2026\/05\/01\/praticiens-de-la-medecine-traditionnelle-au-benin-lanaprametrab-oueme-sensibilise-ses-membres-de-porto-novo-sur-les-nouvelles-normes-instaurees-par-le-gouvernement\/#article","isPartOf":{"@id":"https:\/\/lepatriotebenin.com\/index.php\/2026\/05\/01\/praticiens-de-la-medecine-traditionnelle-au-benin-lanaprametrab-oueme-sensibilise-ses-membres-de-porto-novo-sur-les-nouvelles-normes-instaurees-par-le-gouvernement\/"},"author":{"name":"Roland AFFANOU","@id":"https:\/\/lepatriotebenin.com\/#\/schema\/person\/4a9b67216c97d04045e01405c534c91f"},"headline":"Praticiens de la M\u00e9decine Traditionnelle au B\u00e9nin : L\u2019ANAPRAMETRAB\/Ou\u00e9m\u00e9 sensibilise ses membres de Porto-Novo sur les nouvelles normes instaur\u00e9es par le gouvernement","datePublished":"2026-05-01T10:49:27+00:00","dateModified":"2026-05-01T17:39:50+00:00","mainEntityOfPage":{"@id":"https:\/\/lepatriotebenin.com\/index.php\/2026\/05\/01\/praticiens-de-la-medecine-traditionnelle-au-benin-lanaprametrab-oueme-sensibilise-ses-membres-de-porto-novo-sur-les-nouvelles-normes-instaurees-par-le-gouvernement\/"},"wordCount":622,"commentCount":0,"image":{"@id":"https:\/\/lepatriotebenin.com\/index.php\/2026\/05\/01\/praticiens-de-la-medecine-traditionnelle-au-benin-lanaprametrab-oueme-sensibilise-ses-membres-de-porto-novo-sur-les-nouvelles-normes-instaurees-par-le-gouvernement\/#primaryimage"},"thumbnailUrl":"https:\/\/lepatriotebenin.com\/wp-content\/uploads\/2026\/05\/1a.jpeg","articleSection":["Soci\u00e9t\u00e9"],"inLanguage":"fr-FR","potentialAction":[{"@type":"CommentAction","name":"Comment","target":["https:\/\/lepatriotebenin.com\/index.php\/2026\/05\/01\/praticiens-de-la-medecine-traditionnelle-au-benin-lanaprametrab-oueme-sensibilise-ses-membres-de-porto-novo-sur-les-nouvelles-normes-instaurees-par-le-gouvernement\/#respond"]}]},{"@type":"WebPage","@id":"https:\/\/lepatriotebenin.com\/index.php\/2026\/05\/01\/praticiens-de-la-medecine-traditionnelle-au-benin-lanaprametrab-oueme-sensibilise-ses-membres-de-porto-novo-sur-les-nouvelles-normes-instaurees-par-le-gouvernement\/","url":"https:\/\/lepatriotebenin.com\/index.php\/2026\/05\/01\/praticiens-de-la-medecine-traditionnelle-au-benin-lanaprametrab-oueme-sensibilise-ses-membres-de-porto-novo-sur-les-nouvelles-normes-instaurees-par-le-gouvernement\/","name":"Praticiens de la M\u00e9decine Traditionnelle au B\u00e9nin : L\u2019ANAPRAMETRAB\/Ou\u00e9m\u00e9 sensibilise ses membres de Porto-Novo sur les nouvelles normes instaur\u00e9es par le gouvernement - Le Patriote","isPartOf":{"@id":"https:\/\/lepatriotebenin.com\/#website"},"primaryImageOfPage":{"@id":"https:\/\/lepatriotebenin.com\/index.php\/2026\/05\/01\/praticiens-de-la-medecine-traditionnelle-au-benin-lanaprametrab-oueme-sensibilise-ses-membres-de-porto-novo-sur-les-nouvelles-normes-instaurees-par-le-gouvernement\/#primaryimage"},"image":{"@id":"https:\/\/lepatriotebenin.com\/index.php\/2026\/05\/01\/praticiens-de-la-medecine-traditionnelle-au-benin-lanaprametrab-oueme-sensibilise-ses-membres-de-porto-novo-sur-les-nouvelles-normes-instaurees-par-le-gouvernement\/#primaryimage"},"thumbnailUrl":"https:\/\/lepatriotebenin.com\/wp-content\/uploads\/2026\/05\/1a.jpeg","datePublished":"2026-05-01T10:49:27+00:00","dateModified":"2026-05-01T17:39:50+00:00","author":{"@id":"https:\/\/lepatriotebenin.com\/#\/schema\/person\/4a9b67216c97d04045e01405c534c91f"},"breadcrumb":{"@id":"https:\/\/lepatriotebenin.com\/index.php\/2026\/05\/01\/praticiens-de-la-medecine-traditionnelle-au-benin-lanaprametrab-oueme-sensibilise-ses-membres-de-porto-novo-sur-les-nouvelles-normes-instaurees-par-le-gouvernement\/#breadcrumb"},"inLanguage":"fr-FR","potentialAction":[{"@type":"ReadAction","target":["https:\/\/lepatriotebenin.com\/index.php\/2026\/05\/01\/praticiens-de-la-medecine-traditionnelle-au-benin-lanaprametrab-oueme-sensibilise-ses-membres-de-porto-novo-sur-les-nouvelles-normes-instaurees-par-le-gouvernement\/"]}]},{"@type":"ImageObject","inLanguage":"fr-FR","@id":"https:\/\/lepatriotebenin.com\/index.php\/2026\/05\/01\/praticiens-de-la-medecine-traditionnelle-au-benin-lanaprametrab-oueme-sensibilise-ses-membres-de-porto-novo-sur-les-nouvelles-normes-instaurees-par-le-gouvernement\/#primaryimage","url":"https:\/\/lepatriotebenin.com\/wp-content\/uploads\/2026\/05\/1a.jpeg","contentUrl":"https:\/\/lepatriotebenin.com\/wp-content\/uploads\/2026\/05\/1a.jpeg","width":1020,"height":765},{"@type":"BreadcrumbList","@id":"https:\/\/lepatriotebenin.com\/index.php\/2026\/05\/01\/praticiens-de-la-medecine-traditionnelle-au-benin-lanaprametrab-oueme-sensibilise-ses-membres-de-porto-novo-sur-les-nouvelles-normes-instaurees-par-le-gouvernement\/#breadcrumb","itemListElement":[{"@type":"ListItem","position":1,"name":"Accueil","item":"https:\/\/lepatriotebenin.com\/"},{"@type":"ListItem","position":2,"name":"Praticiens de la M\u00e9decine Traditionnelle au B\u00e9nin : L\u2019ANAPRAMETRAB\/Ou\u00e9m\u00e9 sensibilise ses membres de Porto-Novo sur les nouvelles normes instaur\u00e9es par le gouvernement"}]},{"@type":"WebSite","@id":"https:\/\/lepatriotebenin.com\/#website","url":"https:\/\/lepatriotebenin.com\/","name":"Le Patriote","description":"Le Patriote B\u00e9nin","potentialAction":[{"@type":"SearchAction","target":{"@type":"EntryPoint","urlTemplate":"https:\/\/lepatriotebenin.com\/?s={search_term_string}"},"query-input":{"@type":"PropertyValueSpecification","valueRequired":true,"valueName":"search_term_string"}}],"inLanguage":"fr-FR"},{"@type":"Person","@id":"https:\/\/lepatriotebenin.com\/#\/schema\/person\/4a9b67216c97d04045e01405c534c91f","name":"Roland AFFANOU","image":{"@type":"ImageObject","inLanguage":"fr-FR","@id":"https:\/\/secure.gravatar.com\/avatar\/7209d3f6d2d47ea4d0c67e14d3effb61feb10ae540a4381280c66265de5bd643?s=96&d=mm&r=g","url":"https:\/\/secure.gravatar.com\/avatar\/7209d3f6d2d47ea4d0c67e14d3effb61feb10ae540a4381280c66265de5bd643?s=96&d=mm&r=g","contentUrl":"https:\/\/secure.gravatar.com\/avatar\/7209d3f6d2d47ea4d0c67e14d3effb61feb10ae540a4381280c66265de5bd643?s=96&d=mm&r=g","caption":"Roland AFFANOU"},"url":"https:\/\/lepatriotebenin.com"}]}},"_links":{"self":[{"href":"https:\/\/lepatriotebenin.com\/index.php\/wp-json\/wp\/v2\/posts\/18976","targetHints":{"allow":["GET"]}}],"collection":[{"href":"https:\/\/lepatriotebenin.com\/index.php\/wp-json\/wp\/v2\/posts"}],"about":[{"href":"https:\/\/lepatriotebenin.com\/index.php\/wp-json\/wp\/v2\/types\/post"}],"author":[{"embeddable":true,"href":"https:\/\/lepatriotebenin.com\/index.php\/wp-json\/wp\/v2\/users\/6"}],"replies":[{"embeddable":true,"href":"https:\/\/lepatriotebenin.com\/index.php\/wp-json\/wp\/v2\/comments?post=18976"}],"version-history":[{"count":3,"href":"https:\/\/lepatriotebenin.com\/index.php\/wp-json\/wp\/v2\/posts\/18976\/revisions"}],"predecessor-version":[{"id":18981,"href":"https:\/\/lepatriotebenin.com\/index.php\/wp-json\/wp\/v2\/posts\/18976\/revisions\/18981"}],"wp:featuredmedia":[{"embeddable":true,"href":"https:\/\/lepatriotebenin.com\/index.php\/wp-json\/wp\/v2\/media\/18977"}],"wp:attachment":[{"href":"https:\/\/lepatriotebenin.com\/index.php\/wp-json\/wp\/v2\/media?parent=18976"}],"wp:term":[{"taxonomy":"category","embeddable":true,"href":"https:\/\/lepatriotebenin.com\/index.php\/wp-json\/wp\/v2\/categories?post=18976"},{"taxonomy":"post_tag","embeddable":true,"href":"https:\/\/lepatriotebenin.com\/index.php\/wp-json\/wp\/v2\/tags?post=18976"}],"curies":[{"name":"wp","href":"https:\/\/api.w.org\/{rel}","templated":true}]}}