{"id":18970,"date":"2026-05-01T09:17:48","date_gmt":"2026-05-01T07:17:48","guid":{"rendered":"https:\/\/lepatriotebenin.com\/?p=18970"},"modified":"2026-05-01T09:26:03","modified_gmt":"2026-05-01T07:26:03","slug":"hydrocarbures-au-benin-une-nouvelle-hausse-des-prix-en-vigueur-ce-1er-mai-les-nouveaux-tarifs","status":"publish","type":"post","link":"https:\/\/lepatriotebenin.com\/index.php\/2026\/05\/01\/hydrocarbures-au-benin-une-nouvelle-hausse-des-prix-en-vigueur-ce-1er-mai-les-nouveaux-tarifs\/","title":{"rendered":"Hydrocarbures au B\u00e9nin : Une nouvelle hausse des prix d\u00e9j\u00e0 en vigueur ce 1er  mai, les nouveaux tarifs"},"content":{"rendered":"<p>Les\u00a0 usagers b\u00e9ninois notamment les automobilistes et m\u00e9nages doivent d\u00e9bourser encore plus pour acheter \u00e0 la pompe des produits p\u00e9troliers et le gaz domestique. \u00a0C\u2019est \u00e0 travers le r\u00e9ajustement des prix des produits p\u00e9troliers et du gaz domestique effectu\u00e9 par le gouvernement via le minist\u00e8re de l\u2019Industrie et du commerce. Ces nouveaux prix sont applicables \u00e0 compter De vendredi 1er mai 2026 l\u2019ann\u00e9e en cours.<\/p>\n<p>Selon les informations,\u00a0 la hausse\u00a0 intervient \u00a0dans un contexte\u00a0 international marqu\u00e9 par une tension persistante sur les march\u00e9s p\u00e9troliers. Les co\u00fbts \u00a0connaissent une progression soutenue, port\u00e9e par les tensions g\u00e9opolitiques au Moyen-Orient depuis la fin du 1<sup>er<\/sup> trimestre. Cette situation a \u00a0directement des cons\u00e9quences sur les co\u00fbts d\u2019importation et\u00a0 pousse \u00a0les autorit\u00e9s \u00e0 ajuster la grille tarifaire nationale.<\/p>\n<p>D\u00e9sormais, \u00a0le litre d\u2019essence est fix\u00e9 \u00e0<strong> 725 FCFA,<\/strong> contre un niveau ant\u00e9rieur plus bas, tandis que le gasoil passe \u00e0 <strong>750 FCFA.<\/strong> Le p\u00e9trole s\u2019\u00e9tablit \u00e0 <strong>1 040 FCFA le litre<\/strong>. Du c\u00f4t\u00e9 du gaz domestique, les prix varient selon les contenants : <strong>1 000 FCFA pour la bouteille de 1,5 kg, 2 000 FCFA pour 3 kg, 4 500 FCFA pour 6 kg et 10 000 FCFA pour 12,5 kg. Au-del\u00e0 de ce volume, le kilogramme est c\u00e9d\u00e9 \u00e0 800 FCFA.<\/strong><\/p>\n<p>Les prix \u00a0appliqu\u00e9s aux industriels sont \u00e9galement r\u00e9ajust\u00e9s, avec un gasoil fix\u00e9 \u00e0 <strong>680 FCFA l<\/strong>e litre et le gaz domestique \u00e0 <strong>697 FCFA<\/strong> le kilogramme. Les autorit\u00e9s expliquent ce r\u00e9am\u00e9nagement par la n\u00e9cessit\u00e9 de maintenir un \u00e9quilibre entre la continuit\u00e9 de l\u2019approvisionnement et la capacit\u00e9 des consommateurs \u00e0 faire face aux d\u00e9penses \u00e9nerg\u00e9tiques.<\/p>\n<p>Le minist\u00e8re appelle les op\u00e9rateurs \u00e9conomiques \u00e0 se conformer strictement aux prix homologu\u00e9s et invite les usagers \u00e0 signaler toute pratique abusive observ\u00e9e sur le terrain.<\/p>\n<p>\ud835\uddd6\ud835\uddee\ud835\uddff\ud835\uddef\ud835\ude02\ud835\uddff\ud835\uddee\ud835\uddfb\ud835\ude01\ud835\ude00 (\ud835\uddee\ud835\ude02 \ud835\uddf9\ud835\uddf6\ud835\ude01\ud835\uddff\ud835\uddf2)<\/p>\n<p>Essence : 725 FCFA<\/p>\n<p>Gasoil : 750 FCFA<\/p>\n<p>P\u00e9trole : 1 040 FCFA<\/p>\n<p>\ud835\uddda\ud835\uddee\ud835\ude07 \ud835\uddf1\ud835\uddfc\ud835\uddfa\ud835\uddf2\ud835\ude00\ud835\ude01\ud835\uddf6\ud835\uddfe\ud835\ude02\ud835\uddf2 (\ud835\uddfd\ud835\uddee\ud835\uddff \ud835\uddef\ud835\uddfc\ud835\ude02\ud835\ude01\ud835\uddf2\ud835\uddf6\ud835\uddf9\ud835\uddf9\ud835\uddf2)<\/p>\n<p>1,5 kg : 1 000 FCFA<\/p>\n<p>3 kg : 2 000 FCFA<\/p>\n<p>6 kg : 4 500 FCFA<\/p>\n<p>12,5 kg : 10 000 FCFA<\/p>\n<p>Sup\u00e9rieur \u00e0 12,5 kg : 800 FCFA\/kg<\/p>\n<p>\ud835\udde7\ud835\uddee\ud835\uddff\ud835\uddf6\ud835\uddf3\ud835\ude00 \ud835\udddc\ud835\uddfb\ud835\uddf1\ud835\ude02\ud835\ude00\ud835\ude01\ud835\uddff\ud835\uddf6\ud835\uddf2\ud835\uddf9\ud835\ude00<\/p>\n<p>Gasoil aux industriels : 680 FCFA\/L<\/p>\n<p>Gaz domestique aux industriels : 697 FCFA\/kg<\/p>\n<p>&nbsp;<\/p>\n<p>&nbsp;<\/p>\n","protected":false},"excerpt":{"rendered":"<p>Les\u00a0 usagers b\u00e9ninois notamment les automobilistes et m\u00e9nages doivent d\u00e9bourser encore plus pour acheter \u00e0 la pompe des produits p\u00e9troliers et le gaz domestique. \u00a0C\u2019est \u00e0 travers le r\u00e9ajustement des&hellip;<\/p>\n","protected":false},"author":6,"featured_media":18971,"comment_status":"open","ping_status":"open","sticky":false,"template":"","format":"standard","meta":{"content-type":"","om_disable_all_campaigns":false,"_monsterinsights_skip_tracking":false,"_monsterinsights_sitenote_active":false,"_monsterinsights_sitenote_note":"","_monsterinsights_sitenote_category":0,"_uf_show_specific_survey":0,"_uf_disable_surveys":false,"footnotes":""},"categories":[20],"tags":[],"class_list":["post-18970","post","type-post","status-publish","format-standard","has-post-thumbnail","hentry","category-societe"],"aioseo_notices":[],"yoast_head":"<!-- This site is optimized with the Yoast SEO plugin v27.5 - https:\/\/yoast.com\/product\/yoast-seo-wordpress\/ -->\n<title>Hydrocarbures au B\u00e9nin : Une nouvelle hausse des prix d\u00e9j\u00e0 en vigueur ce 1er mai, les nouveaux tarifs - Le Patriote<\/title>\n<meta name=\"robots\" content=\"index, follow, max-snippet:-1, max-image-preview:large, max-video-preview:-1\" \/>\n<link rel=\"canonical\" href=\"https:\/\/lepatriotebenin.com\/index.php\/2026\/05\/01\/hydrocarbures-au-benin-une-nouvelle-hausse-des-prix-en-vigueur-ce-1er-mai-les-nouveaux-tarifs\/\" \/>\n<meta property=\"og:locale\" content=\"fr_FR\" \/>\n<meta property=\"og:type\" content=\"article\" \/>\n<meta property=\"og:title\" content=\"Hydrocarbures au B\u00e9nin : Une nouvelle hausse des prix d\u00e9j\u00e0 en vigueur ce 1er mai, les nouveaux tarifs - Le Patriote\" \/>\n<meta property=\"og:description\" content=\"Les\u00a0 usagers b\u00e9ninois notamment les automobilistes et m\u00e9nages doivent d\u00e9bourser encore plus pour acheter \u00e0 la pompe des produits p\u00e9troliers et le gaz domestique. \u00a0C\u2019est \u00e0 travers le r\u00e9ajustement des&hellip;\" \/>\n<meta property=\"og:url\" content=\"https:\/\/lepatriotebenin.com\/index.php\/2026\/05\/01\/hydrocarbures-au-benin-une-nouvelle-hausse-des-prix-en-vigueur-ce-1er-mai-les-nouveaux-tarifs\/\" \/>\n<meta property=\"og:site_name\" content=\"Le Patriote\" \/>\n<meta property=\"article:published_time\" content=\"2026-05-01T07:17:48+00:00\" \/>\n<meta property=\"article:modified_time\" content=\"2026-05-01T07:26:03+00:00\" \/>\n<meta property=\"og:image\" content=\"https:\/\/lepatriotebenin.com\/wp-content\/uploads\/2026\/05\/station-service-nouveau-4.jpeg\" \/>\n\t<meta property=\"og:image:width\" content=\"780\" \/>\n\t<meta property=\"og:image:height\" content=\"560\" \/>\n\t<meta property=\"og:image:type\" content=\"image\/jpeg\" \/>\n<meta name=\"author\" content=\"Roland AFFANOU\" \/>\n<meta name=\"twitter:card\" content=\"summary_large_image\" \/>\n<meta name=\"twitter:label1\" content=\"\u00c9crit par\" \/>\n\t<meta name=\"twitter:data1\" content=\"Roland AFFANOU\" \/>\n\t<meta name=\"twitter:label2\" content=\"Dur\u00e9e de lecture estim\u00e9e\" \/>\n\t<meta name=\"twitter:data2\" content=\"2 minutes\" \/>\n<script type=\"application\/ld+json\" class=\"yoast-schema-graph\">{\"@context\":\"https:\\\/\\\/schema.org\",\"@graph\":[{\"@type\":\"Article\",\"@id\":\"https:\\\/\\\/lepatriotebenin.com\\\/index.php\\\/2026\\\/05\\\/01\\\/hydrocarbures-au-benin-une-nouvelle-hausse-des-prix-en-vigueur-ce-1er-mai-les-nouveaux-tarifs\\\/#article\",\"isPartOf\":{\"@id\":\"https:\\\/\\\/lepatriotebenin.com\\\/index.php\\\/2026\\\/05\\\/01\\\/hydrocarbures-au-benin-une-nouvelle-hausse-des-prix-en-vigueur-ce-1er-mai-les-nouveaux-tarifs\\\/\"},\"author\":{\"name\":\"Roland AFFANOU\",\"@id\":\"https:\\\/\\\/lepatriotebenin.com\\\/#\\\/schema\\\/person\\\/4a9b67216c97d04045e01405c534c91f\"},\"headline\":\"Hydrocarbures au B\u00e9nin : Une nouvelle hausse des prix d\u00e9j\u00e0 en vigueur ce 1er mai, les nouveaux tarifs\",\"datePublished\":\"2026-05-01T07:17:48+00:00\",\"dateModified\":\"2026-05-01T07:26:03+00:00\",\"mainEntityOfPage\":{\"@id\":\"https:\\\/\\\/lepatriotebenin.com\\\/index.php\\\/2026\\\/05\\\/01\\\/hydrocarbures-au-benin-une-nouvelle-hausse-des-prix-en-vigueur-ce-1er-mai-les-nouveaux-tarifs\\\/\"},\"wordCount\":345,\"commentCount\":0,\"image\":{\"@id\":\"https:\\\/\\\/lepatriotebenin.com\\\/index.php\\\/2026\\\/05\\\/01\\\/hydrocarbures-au-benin-une-nouvelle-hausse-des-prix-en-vigueur-ce-1er-mai-les-nouveaux-tarifs\\\/#primaryimage\"},\"thumbnailUrl\":\"https:\\\/\\\/lepatriotebenin.com\\\/wp-content\\\/uploads\\\/2026\\\/05\\\/station-service-nouveau-4.jpeg\",\"articleSection\":[\"Soci\u00e9t\u00e9\"],\"inLanguage\":\"fr-FR\",\"potentialAction\":[{\"@type\":\"CommentAction\",\"name\":\"Comment\",\"target\":[\"https:\\\/\\\/lepatriotebenin.com\\\/index.php\\\/2026\\\/05\\\/01\\\/hydrocarbures-au-benin-une-nouvelle-hausse-des-prix-en-vigueur-ce-1er-mai-les-nouveaux-tarifs\\\/#respond\"]}]},{\"@type\":\"WebPage\",\"@id\":\"https:\\\/\\\/lepatriotebenin.com\\\/index.php\\\/2026\\\/05\\\/01\\\/hydrocarbures-au-benin-une-nouvelle-hausse-des-prix-en-vigueur-ce-1er-mai-les-nouveaux-tarifs\\\/\",\"url\":\"https:\\\/\\\/lepatriotebenin.com\\\/index.php\\\/2026\\\/05\\\/01\\\/hydrocarbures-au-benin-une-nouvelle-hausse-des-prix-en-vigueur-ce-1er-mai-les-nouveaux-tarifs\\\/\",\"name\":\"Hydrocarbures au B\u00e9nin : Une nouvelle hausse des prix d\u00e9j\u00e0 en vigueur ce 1er mai, les nouveaux tarifs - Le Patriote\",\"isPartOf\":{\"@id\":\"https:\\\/\\\/lepatriotebenin.com\\\/#website\"},\"primaryImageOfPage\":{\"@id\":\"https:\\\/\\\/lepatriotebenin.com\\\/index.php\\\/2026\\\/05\\\/01\\\/hydrocarbures-au-benin-une-nouvelle-hausse-des-prix-en-vigueur-ce-1er-mai-les-nouveaux-tarifs\\\/#primaryimage\"},\"image\":{\"@id\":\"https:\\\/\\\/lepatriotebenin.com\\\/index.php\\\/2026\\\/05\\\/01\\\/hydrocarbures-au-benin-une-nouvelle-hausse-des-prix-en-vigueur-ce-1er-mai-les-nouveaux-tarifs\\\/#primaryimage\"},\"thumbnailUrl\":\"https:\\\/\\\/lepatriotebenin.com\\\/wp-content\\\/uploads\\\/2026\\\/05\\\/station-service-nouveau-4.jpeg\",\"datePublished\":\"2026-05-01T07:17:48+00:00\",\"dateModified\":\"2026-05-01T07:26:03+00:00\",\"author\":{\"@id\":\"https:\\\/\\\/lepatriotebenin.com\\\/#\\\/schema\\\/person\\\/4a9b67216c97d04045e01405c534c91f\"},\"breadcrumb\":{\"@id\":\"https:\\\/\\\/lepatriotebenin.com\\\/index.php\\\/2026\\\/05\\\/01\\\/hydrocarbures-au-benin-une-nouvelle-hausse-des-prix-en-vigueur-ce-1er-mai-les-nouveaux-tarifs\\\/#breadcrumb\"},\"inLanguage\":\"fr-FR\",\"potentialAction\":[{\"@type\":\"ReadAction\",\"target\":[\"https:\\\/\\\/lepatriotebenin.com\\\/index.php\\\/2026\\\/05\\\/01\\\/hydrocarbures-au-benin-une-nouvelle-hausse-des-prix-en-vigueur-ce-1er-mai-les-nouveaux-tarifs\\\/\"]}]},{\"@type\":\"ImageObject\",\"inLanguage\":\"fr-FR\",\"@id\":\"https:\\\/\\\/lepatriotebenin.com\\\/index.php\\\/2026\\\/05\\\/01\\\/hydrocarbures-au-benin-une-nouvelle-hausse-des-prix-en-vigueur-ce-1er-mai-les-nouveaux-tarifs\\\/#primaryimage\",\"url\":\"https:\\\/\\\/lepatriotebenin.com\\\/wp-content\\\/uploads\\\/2026\\\/05\\\/station-service-nouveau-4.jpeg\",\"contentUrl\":\"https:\\\/\\\/lepatriotebenin.com\\\/wp-content\\\/uploads\\\/2026\\\/05\\\/station-service-nouveau-4.jpeg\",\"width\":780,\"height\":560},{\"@type\":\"BreadcrumbList\",\"@id\":\"https:\\\/\\\/lepatriotebenin.com\\\/index.php\\\/2026\\\/05\\\/01\\\/hydrocarbures-au-benin-une-nouvelle-hausse-des-prix-en-vigueur-ce-1er-mai-les-nouveaux-tarifs\\\/#breadcrumb\",\"itemListElement\":[{\"@type\":\"ListItem\",\"position\":1,\"name\":\"Accueil\",\"item\":\"https:\\\/\\\/lepatriotebenin.com\\\/\"},{\"@type\":\"ListItem\",\"position\":2,\"name\":\"Hydrocarbures au B\u00e9nin : Une nouvelle hausse des prix d\u00e9j\u00e0 en vigueur ce 1er mai, les nouveaux tarifs\"}]},{\"@type\":\"WebSite\",\"@id\":\"https:\\\/\\\/lepatriotebenin.com\\\/#website\",\"url\":\"https:\\\/\\\/lepatriotebenin.com\\\/\",\"name\":\"Le Patriote\",\"description\":\"Le Patriote B\u00e9nin\",\"potentialAction\":[{\"@type\":\"SearchAction\",\"target\":{\"@type\":\"EntryPoint\",\"urlTemplate\":\"https:\\\/\\\/lepatriotebenin.com\\\/?s={search_term_string}\"},\"query-input\":{\"@type\":\"PropertyValueSpecification\",\"valueRequired\":true,\"valueName\":\"search_term_string\"}}],\"inLanguage\":\"fr-FR\"},{\"@type\":\"Person\",\"@id\":\"https:\\\/\\\/lepatriotebenin.com\\\/#\\\/schema\\\/person\\\/4a9b67216c97d04045e01405c534c91f\",\"name\":\"Roland AFFANOU\",\"image\":{\"@type\":\"ImageObject\",\"inLanguage\":\"fr-FR\",\"@id\":\"https:\\\/\\\/secure.gravatar.com\\\/avatar\\\/7209d3f6d2d47ea4d0c67e14d3effb61feb10ae540a4381280c66265de5bd643?s=96&d=mm&r=g\",\"url\":\"https:\\\/\\\/secure.gravatar.com\\\/avatar\\\/7209d3f6d2d47ea4d0c67e14d3effb61feb10ae540a4381280c66265de5bd643?s=96&d=mm&r=g\",\"contentUrl\":\"https:\\\/\\\/secure.gravatar.com\\\/avatar\\\/7209d3f6d2d47ea4d0c67e14d3effb61feb10ae540a4381280c66265de5bd643?s=96&d=mm&r=g\",\"caption\":\"Roland AFFANOU\"},\"url\":\"https:\\\/\\\/lepatriotebenin.com\"}]}<\/script>\n<!-- \/ Yoast SEO plugin. -->","yoast_head_json":{"title":"Hydrocarbures au B\u00e9nin : Une nouvelle hausse des prix d\u00e9j\u00e0 en vigueur ce 1er mai, les nouveaux tarifs - Le Patriote","robots":{"index":"index","follow":"follow","max-snippet":"max-snippet:-1","max-image-preview":"max-image-preview:large","max-video-preview":"max-video-preview:-1"},"canonical":"https:\/\/lepatriotebenin.com\/index.php\/2026\/05\/01\/hydrocarbures-au-benin-une-nouvelle-hausse-des-prix-en-vigueur-ce-1er-mai-les-nouveaux-tarifs\/","og_locale":"fr_FR","og_type":"article","og_title":"Hydrocarbures au B\u00e9nin : Une nouvelle hausse des prix d\u00e9j\u00e0 en vigueur ce 1er mai, les nouveaux tarifs - Le Patriote","og_description":"Les\u00a0 usagers b\u00e9ninois notamment les automobilistes et m\u00e9nages doivent d\u00e9bourser encore plus pour acheter \u00e0 la pompe des produits p\u00e9troliers et le gaz domestique. \u00a0C\u2019est \u00e0 travers le r\u00e9ajustement des&hellip;","og_url":"https:\/\/lepatriotebenin.com\/index.php\/2026\/05\/01\/hydrocarbures-au-benin-une-nouvelle-hausse-des-prix-en-vigueur-ce-1er-mai-les-nouveaux-tarifs\/","og_site_name":"Le Patriote","article_published_time":"2026-05-01T07:17:48+00:00","article_modified_time":"2026-05-01T07:26:03+00:00","og_image":[{"width":780,"height":560,"url":"https:\/\/lepatriotebenin.com\/wp-content\/uploads\/2026\/05\/station-service-nouveau-4.jpeg","type":"image\/jpeg"}],"author":"Roland AFFANOU","twitter_card":"summary_large_image","twitter_misc":{"\u00c9crit par":"Roland AFFANOU","Dur\u00e9e de lecture estim\u00e9e":"2 minutes"},"schema":{"@context":"https:\/\/schema.org","@graph":[{"@type":"Article","@id":"https:\/\/lepatriotebenin.com\/index.php\/2026\/05\/01\/hydrocarbures-au-benin-une-nouvelle-hausse-des-prix-en-vigueur-ce-1er-mai-les-nouveaux-tarifs\/#article","isPartOf":{"@id":"https:\/\/lepatriotebenin.com\/index.php\/2026\/05\/01\/hydrocarbures-au-benin-une-nouvelle-hausse-des-prix-en-vigueur-ce-1er-mai-les-nouveaux-tarifs\/"},"author":{"name":"Roland AFFANOU","@id":"https:\/\/lepatriotebenin.com\/#\/schema\/person\/4a9b67216c97d04045e01405c534c91f"},"headline":"Hydrocarbures au B\u00e9nin : Une nouvelle hausse des prix d\u00e9j\u00e0 en vigueur ce 1er mai, les nouveaux tarifs","datePublished":"2026-05-01T07:17:48+00:00","dateModified":"2026-05-01T07:26:03+00:00","mainEntityOfPage":{"@id":"https:\/\/lepatriotebenin.com\/index.php\/2026\/05\/01\/hydrocarbures-au-benin-une-nouvelle-hausse-des-prix-en-vigueur-ce-1er-mai-les-nouveaux-tarifs\/"},"wordCount":345,"commentCount":0,"image":{"@id":"https:\/\/lepatriotebenin.com\/index.php\/2026\/05\/01\/hydrocarbures-au-benin-une-nouvelle-hausse-des-prix-en-vigueur-ce-1er-mai-les-nouveaux-tarifs\/#primaryimage"},"thumbnailUrl":"https:\/\/lepatriotebenin.com\/wp-content\/uploads\/2026\/05\/station-service-nouveau-4.jpeg","articleSection":["Soci\u00e9t\u00e9"],"inLanguage":"fr-FR","potentialAction":[{"@type":"CommentAction","name":"Comment","target":["https:\/\/lepatriotebenin.com\/index.php\/2026\/05\/01\/hydrocarbures-au-benin-une-nouvelle-hausse-des-prix-en-vigueur-ce-1er-mai-les-nouveaux-tarifs\/#respond"]}]},{"@type":"WebPage","@id":"https:\/\/lepatriotebenin.com\/index.php\/2026\/05\/01\/hydrocarbures-au-benin-une-nouvelle-hausse-des-prix-en-vigueur-ce-1er-mai-les-nouveaux-tarifs\/","url":"https:\/\/lepatriotebenin.com\/index.php\/2026\/05\/01\/hydrocarbures-au-benin-une-nouvelle-hausse-des-prix-en-vigueur-ce-1er-mai-les-nouveaux-tarifs\/","name":"Hydrocarbures au B\u00e9nin : Une nouvelle hausse des prix d\u00e9j\u00e0 en vigueur ce 1er mai, les nouveaux tarifs - Le Patriote","isPartOf":{"@id":"https:\/\/lepatriotebenin.com\/#website"},"primaryImageOfPage":{"@id":"https:\/\/lepatriotebenin.com\/index.php\/2026\/05\/01\/hydrocarbures-au-benin-une-nouvelle-hausse-des-prix-en-vigueur-ce-1er-mai-les-nouveaux-tarifs\/#primaryimage"},"image":{"@id":"https:\/\/lepatriotebenin.com\/index.php\/2026\/05\/01\/hydrocarbures-au-benin-une-nouvelle-hausse-des-prix-en-vigueur-ce-1er-mai-les-nouveaux-tarifs\/#primaryimage"},"thumbnailUrl":"https:\/\/lepatriotebenin.com\/wp-content\/uploads\/2026\/05\/station-service-nouveau-4.jpeg","datePublished":"2026-05-01T07:17:48+00:00","dateModified":"2026-05-01T07:26:03+00:00","author":{"@id":"https:\/\/lepatriotebenin.com\/#\/schema\/person\/4a9b67216c97d04045e01405c534c91f"},"breadcrumb":{"@id":"https:\/\/lepatriotebenin.com\/index.php\/2026\/05\/01\/hydrocarbures-au-benin-une-nouvelle-hausse-des-prix-en-vigueur-ce-1er-mai-les-nouveaux-tarifs\/#breadcrumb"},"inLanguage":"fr-FR","potentialAction":[{"@type":"ReadAction","target":["https:\/\/lepatriotebenin.com\/index.php\/2026\/05\/01\/hydrocarbures-au-benin-une-nouvelle-hausse-des-prix-en-vigueur-ce-1er-mai-les-nouveaux-tarifs\/"]}]},{"@type":"ImageObject","inLanguage":"fr-FR","@id":"https:\/\/lepatriotebenin.com\/index.php\/2026\/05\/01\/hydrocarbures-au-benin-une-nouvelle-hausse-des-prix-en-vigueur-ce-1er-mai-les-nouveaux-tarifs\/#primaryimage","url":"https:\/\/lepatriotebenin.com\/wp-content\/uploads\/2026\/05\/station-service-nouveau-4.jpeg","contentUrl":"https:\/\/lepatriotebenin.com\/wp-content\/uploads\/2026\/05\/station-service-nouveau-4.jpeg","width":780,"height":560},{"@type":"BreadcrumbList","@id":"https:\/\/lepatriotebenin.com\/index.php\/2026\/05\/01\/hydrocarbures-au-benin-une-nouvelle-hausse-des-prix-en-vigueur-ce-1er-mai-les-nouveaux-tarifs\/#breadcrumb","itemListElement":[{"@type":"ListItem","position":1,"name":"Accueil","item":"https:\/\/lepatriotebenin.com\/"},{"@type":"ListItem","position":2,"name":"Hydrocarbures au B\u00e9nin : Une nouvelle hausse des prix d\u00e9j\u00e0 en vigueur ce 1er mai, les nouveaux tarifs"}]},{"@type":"WebSite","@id":"https:\/\/lepatriotebenin.com\/#website","url":"https:\/\/lepatriotebenin.com\/","name":"Le Patriote","description":"Le Patriote B\u00e9nin","potentialAction":[{"@type":"SearchAction","target":{"@type":"EntryPoint","urlTemplate":"https:\/\/lepatriotebenin.com\/?s={search_term_string}"},"query-input":{"@type":"PropertyValueSpecification","valueRequired":true,"valueName":"search_term_string"}}],"inLanguage":"fr-FR"},{"@type":"Person","@id":"https:\/\/lepatriotebenin.com\/#\/schema\/person\/4a9b67216c97d04045e01405c534c91f","name":"Roland AFFANOU","image":{"@type":"ImageObject","inLanguage":"fr-FR","@id":"https:\/\/secure.gravatar.com\/avatar\/7209d3f6d2d47ea4d0c67e14d3effb61feb10ae540a4381280c66265de5bd643?s=96&d=mm&r=g","url":"https:\/\/secure.gravatar.com\/avatar\/7209d3f6d2d47ea4d0c67e14d3effb61feb10ae540a4381280c66265de5bd643?s=96&d=mm&r=g","contentUrl":"https:\/\/secure.gravatar.com\/avatar\/7209d3f6d2d47ea4d0c67e14d3effb61feb10ae540a4381280c66265de5bd643?s=96&d=mm&r=g","caption":"Roland AFFANOU"},"url":"https:\/\/lepatriotebenin.com"}]}},"_links":{"self":[{"href":"https:\/\/lepatriotebenin.com\/index.php\/wp-json\/wp\/v2\/posts\/18970","targetHints":{"allow":["GET"]}}],"collection":[{"href":"https:\/\/lepatriotebenin.com\/index.php\/wp-json\/wp\/v2\/posts"}],"about":[{"href":"https:\/\/lepatriotebenin.com\/index.php\/wp-json\/wp\/v2\/types\/post"}],"author":[{"embeddable":true,"href":"https:\/\/lepatriotebenin.com\/index.php\/wp-json\/wp\/v2\/users\/6"}],"replies":[{"embeddable":true,"href":"https:\/\/lepatriotebenin.com\/index.php\/wp-json\/wp\/v2\/comments?post=18970"}],"version-history":[{"count":4,"href":"https:\/\/lepatriotebenin.com\/index.php\/wp-json\/wp\/v2\/posts\/18970\/revisions"}],"predecessor-version":[{"id":18975,"href":"https:\/\/lepatriotebenin.com\/index.php\/wp-json\/wp\/v2\/posts\/18970\/revisions\/18975"}],"wp:featuredmedia":[{"embeddable":true,"href":"https:\/\/lepatriotebenin.com\/index.php\/wp-json\/wp\/v2\/media\/18971"}],"wp:attachment":[{"href":"https:\/\/lepatriotebenin.com\/index.php\/wp-json\/wp\/v2\/media?parent=18970"}],"wp:term":[{"taxonomy":"category","embeddable":true,"href":"https:\/\/lepatriotebenin.com\/index.php\/wp-json\/wp\/v2\/categories?post=18970"},{"taxonomy":"post_tag","embeddable":true,"href":"https:\/\/lepatriotebenin.com\/index.php\/wp-json\/wp\/v2\/tags?post=18970"}],"curies":[{"name":"wp","href":"https:\/\/api.w.org\/{rel}","templated":true}]}}