{"id":18967,"date":"2026-05-01T01:26:30","date_gmt":"2026-04-30T23:26:30","guid":{"rendered":"https:\/\/lepatriotebenin.com\/?p=18967"},"modified":"2026-05-01T01:27:48","modified_gmt":"2026-04-30T23:27:48","slug":"fete-du-travail-2026-au-benin-la-cstb-en-marche-pour-ses-revendications","status":"publish","type":"post","link":"https:\/\/lepatriotebenin.com\/index.php\/2026\/05\/01\/fete-du-travail-2026-au-benin-la-cstb-en-marche-pour-ses-revendications\/","title":{"rendered":"F\u00eate du travail 2026 au B\u00e9nin :La CSTB en marche pour ses revendications"},"content":{"rendered":"<p><em><strong>\u00c0 l\u2019occasion de la Journ\u00e9e internationale des travailleurs, la Conf\u00e9d\u00e9ration syndicale des travailleurs du B\u00e9nin (CSTB) lance un appel \u00e0 la mobilisation g\u00e9n\u00e9rale. Une marche pacifique est pr\u00e9vue ce vendredi 1er mai pour d\u00e9noncer les conditions de vie et de travail des citoyens.<\/strong><\/em><\/p>\n<p>La Conf\u00e9d\u00e9ration syndicale des travailleurs du B\u00e9nin (CSTB) donne rendez-vous aux travailleurs ce vendredi 1er mai \u00e0 07 heures \u00e0 l\u2019\u00c9toile Rouge pour une grande marche pacifique. L\u2019initiative s\u2019inscrit dans le cadre de la c\u00e9l\u00e9bration de la F\u00eate du travail, mais aussi comme une tribune d\u2019expression face aux difficult\u00e9s croissantes que rencontrent les travailleurs b\u00e9ninois.<\/p>\n<p>Lors d\u2019une conf\u00e9rence de presse, son secr\u00e9taire g\u00e9n\u00e9ral, Nagnini Kassa Mampo, a appel\u00e9 \u00e0 une mobilisation massive. Il a invit\u00e9 les travailleurs de tous les secteurs \u00e0 sortir nombreux pour faire entendre leurs revendications. Au c\u0153ur des pr\u00e9occupations : la restriction des libert\u00e9s syndicales, la chert\u00e9 de la vie, la faim, les blocages de carri\u00e8res et la pr\u00e9carit\u00e9 de l\u2019emploi. Pour la CSTB, il est urgent que ces questions soient prises en compte afin d\u2019am\u00e9liorer les conditions de vie et de travail.<\/p>\n<p>Pr\u00e9sent\u00e9e comme pacifique, la marche vise \u00e0 interpeller les autorit\u00e9s tout en respectant l\u2019ordre public. Les organisateurs esp\u00e8rent une forte mobilisation pour donner du poids \u00e0 leurs revendications.<\/p>\n<p>En ce 1er mai, la CSTB entend ainsi rappeler que la d\u00e9fense des droits des travailleurs demeure un combat d\u2019actualit\u00e9 au B\u00e9nin.<\/p>\n<p><strong>Gildas AHOGNI<\/strong><\/p>\n","protected":false},"excerpt":{"rendered":"<p>\u00c0 l\u2019occasion de la Journ\u00e9e internationale des travailleurs, la Conf\u00e9d\u00e9ration syndicale des travailleurs du B\u00e9nin (CSTB) lance un appel \u00e0 la mobilisation g\u00e9n\u00e9rale. Une marche pacifique est pr\u00e9vue ce vendredi&hellip;<\/p>\n","protected":false},"author":5,"featured_media":18753,"comment_status":"open","ping_status":"open","sticky":false,"template":"","format":"standard","meta":{"content-type":"","om_disable_all_campaigns":false,"_monsterinsights_skip_tracking":false,"_monsterinsights_sitenote_active":false,"_monsterinsights_sitenote_note":"","_monsterinsights_sitenote_category":0,"_uf_show_specific_survey":0,"_uf_disable_surveys":false,"footnotes":""},"categories":[20],"tags":[],"class_list":["post-18967","post","type-post","status-publish","format-standard","has-post-thumbnail","hentry","category-societe"],"aioseo_notices":[],"yoast_head":"<!-- This site is optimized with the Yoast SEO plugin v27.5 - https:\/\/yoast.com\/product\/yoast-seo-wordpress\/ -->\n<title>F\u00eate du travail 2026 au B\u00e9nin :La CSTB en marche pour ses revendications - Le Patriote<\/title>\n<meta name=\"robots\" content=\"index, follow, max-snippet:-1, max-image-preview:large, max-video-preview:-1\" \/>\n<link rel=\"canonical\" href=\"https:\/\/lepatriotebenin.com\/index.php\/2026\/05\/01\/fete-du-travail-2026-au-benin-la-cstb-en-marche-pour-ses-revendications\/\" \/>\n<meta property=\"og:locale\" content=\"fr_FR\" \/>\n<meta property=\"og:type\" content=\"article\" \/>\n<meta property=\"og:title\" content=\"F\u00eate du travail 2026 au B\u00e9nin :La CSTB en marche pour ses revendications - Le Patriote\" \/>\n<meta property=\"og:description\" content=\"\u00c0 l\u2019occasion de la Journ\u00e9e internationale des travailleurs, la Conf\u00e9d\u00e9ration syndicale des travailleurs du B\u00e9nin (CSTB) lance un appel \u00e0 la mobilisation g\u00e9n\u00e9rale. Une marche pacifique est pr\u00e9vue ce vendredi&hellip;\" \/>\n<meta property=\"og:url\" content=\"https:\/\/lepatriotebenin.com\/index.php\/2026\/05\/01\/fete-du-travail-2026-au-benin-la-cstb-en-marche-pour-ses-revendications\/\" \/>\n<meta property=\"og:site_name\" content=\"Le Patriote\" \/>\n<meta property=\"article:published_time\" content=\"2026-04-30T23:26:30+00:00\" \/>\n<meta property=\"article:modified_time\" content=\"2026-04-30T23:27:48+00:00\" \/>\n<meta property=\"og:image\" content=\"https:\/\/lepatriotebenin.com\/wp-content\/uploads\/2026\/04\/kassa-mampo.jpeg\" \/>\n\t<meta property=\"og:image:width\" content=\"741\" \/>\n\t<meta property=\"og:image:height\" content=\"786\" \/>\n\t<meta property=\"og:image:type\" content=\"image\/jpeg\" \/>\n<meta name=\"author\" content=\"Redaction\" \/>\n<meta name=\"twitter:card\" content=\"summary_large_image\" \/>\n<meta name=\"twitter:label1\" content=\"\u00c9crit par\" \/>\n\t<meta name=\"twitter:data1\" content=\"Redaction\" \/>\n\t<meta name=\"twitter:label2\" content=\"Dur\u00e9e de lecture estim\u00e9e\" \/>\n\t<meta name=\"twitter:data2\" content=\"2 minutes\" \/>\n<script type=\"application\/ld+json\" class=\"yoast-schema-graph\">{\"@context\":\"https:\\\/\\\/schema.org\",\"@graph\":[{\"@type\":\"Article\",\"@id\":\"https:\\\/\\\/lepatriotebenin.com\\\/index.php\\\/2026\\\/05\\\/01\\\/fete-du-travail-2026-au-benin-la-cstb-en-marche-pour-ses-revendications\\\/#article\",\"isPartOf\":{\"@id\":\"https:\\\/\\\/lepatriotebenin.com\\\/index.php\\\/2026\\\/05\\\/01\\\/fete-du-travail-2026-au-benin-la-cstb-en-marche-pour-ses-revendications\\\/\"},\"author\":{\"name\":\"Redaction\",\"@id\":\"https:\\\/\\\/lepatriotebenin.com\\\/#\\\/schema\\\/person\\\/2e7709b9c9cc313e452d1136af61690f\"},\"headline\":\"F\u00eate du travail 2026 au B\u00e9nin :La CSTB en marche pour ses revendications\",\"datePublished\":\"2026-04-30T23:26:30+00:00\",\"dateModified\":\"2026-04-30T23:27:48+00:00\",\"mainEntityOfPage\":{\"@id\":\"https:\\\/\\\/lepatriotebenin.com\\\/index.php\\\/2026\\\/05\\\/01\\\/fete-du-travail-2026-au-benin-la-cstb-en-marche-pour-ses-revendications\\\/\"},\"wordCount\":278,\"commentCount\":0,\"image\":{\"@id\":\"https:\\\/\\\/lepatriotebenin.com\\\/index.php\\\/2026\\\/05\\\/01\\\/fete-du-travail-2026-au-benin-la-cstb-en-marche-pour-ses-revendications\\\/#primaryimage\"},\"thumbnailUrl\":\"https:\\\/\\\/lepatriotebenin.com\\\/wp-content\\\/uploads\\\/2026\\\/04\\\/kassa-mampo.jpeg\",\"articleSection\":[\"Soci\u00e9t\u00e9\"],\"inLanguage\":\"fr-FR\",\"potentialAction\":[{\"@type\":\"CommentAction\",\"name\":\"Comment\",\"target\":[\"https:\\\/\\\/lepatriotebenin.com\\\/index.php\\\/2026\\\/05\\\/01\\\/fete-du-travail-2026-au-benin-la-cstb-en-marche-pour-ses-revendications\\\/#respond\"]}]},{\"@type\":\"WebPage\",\"@id\":\"https:\\\/\\\/lepatriotebenin.com\\\/index.php\\\/2026\\\/05\\\/01\\\/fete-du-travail-2026-au-benin-la-cstb-en-marche-pour-ses-revendications\\\/\",\"url\":\"https:\\\/\\\/lepatriotebenin.com\\\/index.php\\\/2026\\\/05\\\/01\\\/fete-du-travail-2026-au-benin-la-cstb-en-marche-pour-ses-revendications\\\/\",\"name\":\"F\u00eate du travail 2026 au B\u00e9nin :La CSTB en marche pour ses revendications - Le Patriote\",\"isPartOf\":{\"@id\":\"https:\\\/\\\/lepatriotebenin.com\\\/#website\"},\"primaryImageOfPage\":{\"@id\":\"https:\\\/\\\/lepatriotebenin.com\\\/index.php\\\/2026\\\/05\\\/01\\\/fete-du-travail-2026-au-benin-la-cstb-en-marche-pour-ses-revendications\\\/#primaryimage\"},\"image\":{\"@id\":\"https:\\\/\\\/lepatriotebenin.com\\\/index.php\\\/2026\\\/05\\\/01\\\/fete-du-travail-2026-au-benin-la-cstb-en-marche-pour-ses-revendications\\\/#primaryimage\"},\"thumbnailUrl\":\"https:\\\/\\\/lepatriotebenin.com\\\/wp-content\\\/uploads\\\/2026\\\/04\\\/kassa-mampo.jpeg\",\"datePublished\":\"2026-04-30T23:26:30+00:00\",\"dateModified\":\"2026-04-30T23:27:48+00:00\",\"author\":{\"@id\":\"https:\\\/\\\/lepatriotebenin.com\\\/#\\\/schema\\\/person\\\/2e7709b9c9cc313e452d1136af61690f\"},\"breadcrumb\":{\"@id\":\"https:\\\/\\\/lepatriotebenin.com\\\/index.php\\\/2026\\\/05\\\/01\\\/fete-du-travail-2026-au-benin-la-cstb-en-marche-pour-ses-revendications\\\/#breadcrumb\"},\"inLanguage\":\"fr-FR\",\"potentialAction\":[{\"@type\":\"ReadAction\",\"target\":[\"https:\\\/\\\/lepatriotebenin.com\\\/index.php\\\/2026\\\/05\\\/01\\\/fete-du-travail-2026-au-benin-la-cstb-en-marche-pour-ses-revendications\\\/\"]}]},{\"@type\":\"ImageObject\",\"inLanguage\":\"fr-FR\",\"@id\":\"https:\\\/\\\/lepatriotebenin.com\\\/index.php\\\/2026\\\/05\\\/01\\\/fete-du-travail-2026-au-benin-la-cstb-en-marche-pour-ses-revendications\\\/#primaryimage\",\"url\":\"https:\\\/\\\/lepatriotebenin.com\\\/wp-content\\\/uploads\\\/2026\\\/04\\\/kassa-mampo.jpeg\",\"contentUrl\":\"https:\\\/\\\/lepatriotebenin.com\\\/wp-content\\\/uploads\\\/2026\\\/04\\\/kassa-mampo.jpeg\",\"width\":741,\"height\":786},{\"@type\":\"BreadcrumbList\",\"@id\":\"https:\\\/\\\/lepatriotebenin.com\\\/index.php\\\/2026\\\/05\\\/01\\\/fete-du-travail-2026-au-benin-la-cstb-en-marche-pour-ses-revendications\\\/#breadcrumb\",\"itemListElement\":[{\"@type\":\"ListItem\",\"position\":1,\"name\":\"Accueil\",\"item\":\"https:\\\/\\\/lepatriotebenin.com\\\/\"},{\"@type\":\"ListItem\",\"position\":2,\"name\":\"F\u00eate du travail 2026 au B\u00e9nin :La CSTB en marche pour ses revendications\"}]},{\"@type\":\"WebSite\",\"@id\":\"https:\\\/\\\/lepatriotebenin.com\\\/#website\",\"url\":\"https:\\\/\\\/lepatriotebenin.com\\\/\",\"name\":\"Le Patriote\",\"description\":\"Le Patriote B\u00e9nin\",\"potentialAction\":[{\"@type\":\"SearchAction\",\"target\":{\"@type\":\"EntryPoint\",\"urlTemplate\":\"https:\\\/\\\/lepatriotebenin.com\\\/?s={search_term_string}\"},\"query-input\":{\"@type\":\"PropertyValueSpecification\",\"valueRequired\":true,\"valueName\":\"search_term_string\"}}],\"inLanguage\":\"fr-FR\"},{\"@type\":\"Person\",\"@id\":\"https:\\\/\\\/lepatriotebenin.com\\\/#\\\/schema\\\/person\\\/2e7709b9c9cc313e452d1136af61690f\",\"name\":\"Redaction\",\"image\":{\"@type\":\"ImageObject\",\"inLanguage\":\"fr-FR\",\"@id\":\"https:\\\/\\\/secure.gravatar.com\\\/avatar\\\/c4c509357859ea2ca2cbb6d8812898a73e4ef1ef9934c2e591d7e32face734d1?s=96&d=mm&r=g\",\"url\":\"https:\\\/\\\/secure.gravatar.com\\\/avatar\\\/c4c509357859ea2ca2cbb6d8812898a73e4ef1ef9934c2e591d7e32face734d1?s=96&d=mm&r=g\",\"contentUrl\":\"https:\\\/\\\/secure.gravatar.com\\\/avatar\\\/c4c509357859ea2ca2cbb6d8812898a73e4ef1ef9934c2e591d7e32face734d1?s=96&d=mm&r=g\",\"caption\":\"Redaction\"},\"url\":\"https:\\\/\\\/lepatriotebenin.com\"}]}<\/script>\n<!-- \/ Yoast SEO plugin. -->","yoast_head_json":{"title":"F\u00eate du travail 2026 au B\u00e9nin :La CSTB en marche pour ses revendications - Le Patriote","robots":{"index":"index","follow":"follow","max-snippet":"max-snippet:-1","max-image-preview":"max-image-preview:large","max-video-preview":"max-video-preview:-1"},"canonical":"https:\/\/lepatriotebenin.com\/index.php\/2026\/05\/01\/fete-du-travail-2026-au-benin-la-cstb-en-marche-pour-ses-revendications\/","og_locale":"fr_FR","og_type":"article","og_title":"F\u00eate du travail 2026 au B\u00e9nin :La CSTB en marche pour ses revendications - Le Patriote","og_description":"\u00c0 l\u2019occasion de la Journ\u00e9e internationale des travailleurs, la Conf\u00e9d\u00e9ration syndicale des travailleurs du B\u00e9nin (CSTB) lance un appel \u00e0 la mobilisation g\u00e9n\u00e9rale. Une marche pacifique est pr\u00e9vue ce vendredi&hellip;","og_url":"https:\/\/lepatriotebenin.com\/index.php\/2026\/05\/01\/fete-du-travail-2026-au-benin-la-cstb-en-marche-pour-ses-revendications\/","og_site_name":"Le Patriote","article_published_time":"2026-04-30T23:26:30+00:00","article_modified_time":"2026-04-30T23:27:48+00:00","og_image":[{"width":741,"height":786,"url":"https:\/\/lepatriotebenin.com\/wp-content\/uploads\/2026\/04\/kassa-mampo.jpeg","type":"image\/jpeg"}],"author":"Redaction","twitter_card":"summary_large_image","twitter_misc":{"\u00c9crit par":"Redaction","Dur\u00e9e de lecture estim\u00e9e":"2 minutes"},"schema":{"@context":"https:\/\/schema.org","@graph":[{"@type":"Article","@id":"https:\/\/lepatriotebenin.com\/index.php\/2026\/05\/01\/fete-du-travail-2026-au-benin-la-cstb-en-marche-pour-ses-revendications\/#article","isPartOf":{"@id":"https:\/\/lepatriotebenin.com\/index.php\/2026\/05\/01\/fete-du-travail-2026-au-benin-la-cstb-en-marche-pour-ses-revendications\/"},"author":{"name":"Redaction","@id":"https:\/\/lepatriotebenin.com\/#\/schema\/person\/2e7709b9c9cc313e452d1136af61690f"},"headline":"F\u00eate du travail 2026 au B\u00e9nin :La CSTB en marche pour ses revendications","datePublished":"2026-04-30T23:26:30+00:00","dateModified":"2026-04-30T23:27:48+00:00","mainEntityOfPage":{"@id":"https:\/\/lepatriotebenin.com\/index.php\/2026\/05\/01\/fete-du-travail-2026-au-benin-la-cstb-en-marche-pour-ses-revendications\/"},"wordCount":278,"commentCount":0,"image":{"@id":"https:\/\/lepatriotebenin.com\/index.php\/2026\/05\/01\/fete-du-travail-2026-au-benin-la-cstb-en-marche-pour-ses-revendications\/#primaryimage"},"thumbnailUrl":"https:\/\/lepatriotebenin.com\/wp-content\/uploads\/2026\/04\/kassa-mampo.jpeg","articleSection":["Soci\u00e9t\u00e9"],"inLanguage":"fr-FR","potentialAction":[{"@type":"CommentAction","name":"Comment","target":["https:\/\/lepatriotebenin.com\/index.php\/2026\/05\/01\/fete-du-travail-2026-au-benin-la-cstb-en-marche-pour-ses-revendications\/#respond"]}]},{"@type":"WebPage","@id":"https:\/\/lepatriotebenin.com\/index.php\/2026\/05\/01\/fete-du-travail-2026-au-benin-la-cstb-en-marche-pour-ses-revendications\/","url":"https:\/\/lepatriotebenin.com\/index.php\/2026\/05\/01\/fete-du-travail-2026-au-benin-la-cstb-en-marche-pour-ses-revendications\/","name":"F\u00eate du travail 2026 au B\u00e9nin :La CSTB en marche pour ses revendications - Le Patriote","isPartOf":{"@id":"https:\/\/lepatriotebenin.com\/#website"},"primaryImageOfPage":{"@id":"https:\/\/lepatriotebenin.com\/index.php\/2026\/05\/01\/fete-du-travail-2026-au-benin-la-cstb-en-marche-pour-ses-revendications\/#primaryimage"},"image":{"@id":"https:\/\/lepatriotebenin.com\/index.php\/2026\/05\/01\/fete-du-travail-2026-au-benin-la-cstb-en-marche-pour-ses-revendications\/#primaryimage"},"thumbnailUrl":"https:\/\/lepatriotebenin.com\/wp-content\/uploads\/2026\/04\/kassa-mampo.jpeg","datePublished":"2026-04-30T23:26:30+00:00","dateModified":"2026-04-30T23:27:48+00:00","author":{"@id":"https:\/\/lepatriotebenin.com\/#\/schema\/person\/2e7709b9c9cc313e452d1136af61690f"},"breadcrumb":{"@id":"https:\/\/lepatriotebenin.com\/index.php\/2026\/05\/01\/fete-du-travail-2026-au-benin-la-cstb-en-marche-pour-ses-revendications\/#breadcrumb"},"inLanguage":"fr-FR","potentialAction":[{"@type":"ReadAction","target":["https:\/\/lepatriotebenin.com\/index.php\/2026\/05\/01\/fete-du-travail-2026-au-benin-la-cstb-en-marche-pour-ses-revendications\/"]}]},{"@type":"ImageObject","inLanguage":"fr-FR","@id":"https:\/\/lepatriotebenin.com\/index.php\/2026\/05\/01\/fete-du-travail-2026-au-benin-la-cstb-en-marche-pour-ses-revendications\/#primaryimage","url":"https:\/\/lepatriotebenin.com\/wp-content\/uploads\/2026\/04\/kassa-mampo.jpeg","contentUrl":"https:\/\/lepatriotebenin.com\/wp-content\/uploads\/2026\/04\/kassa-mampo.jpeg","width":741,"height":786},{"@type":"BreadcrumbList","@id":"https:\/\/lepatriotebenin.com\/index.php\/2026\/05\/01\/fete-du-travail-2026-au-benin-la-cstb-en-marche-pour-ses-revendications\/#breadcrumb","itemListElement":[{"@type":"ListItem","position":1,"name":"Accueil","item":"https:\/\/lepatriotebenin.com\/"},{"@type":"ListItem","position":2,"name":"F\u00eate du travail 2026 au B\u00e9nin :La CSTB en marche pour ses revendications"}]},{"@type":"WebSite","@id":"https:\/\/lepatriotebenin.com\/#website","url":"https:\/\/lepatriotebenin.com\/","name":"Le Patriote","description":"Le Patriote B\u00e9nin","potentialAction":[{"@type":"SearchAction","target":{"@type":"EntryPoint","urlTemplate":"https:\/\/lepatriotebenin.com\/?s={search_term_string}"},"query-input":{"@type":"PropertyValueSpecification","valueRequired":true,"valueName":"search_term_string"}}],"inLanguage":"fr-FR"},{"@type":"Person","@id":"https:\/\/lepatriotebenin.com\/#\/schema\/person\/2e7709b9c9cc313e452d1136af61690f","name":"Redaction","image":{"@type":"ImageObject","inLanguage":"fr-FR","@id":"https:\/\/secure.gravatar.com\/avatar\/c4c509357859ea2ca2cbb6d8812898a73e4ef1ef9934c2e591d7e32face734d1?s=96&d=mm&r=g","url":"https:\/\/secure.gravatar.com\/avatar\/c4c509357859ea2ca2cbb6d8812898a73e4ef1ef9934c2e591d7e32face734d1?s=96&d=mm&r=g","contentUrl":"https:\/\/secure.gravatar.com\/avatar\/c4c509357859ea2ca2cbb6d8812898a73e4ef1ef9934c2e591d7e32face734d1?s=96&d=mm&r=g","caption":"Redaction"},"url":"https:\/\/lepatriotebenin.com"}]}},"_links":{"self":[{"href":"https:\/\/lepatriotebenin.com\/index.php\/wp-json\/wp\/v2\/posts\/18967","targetHints":{"allow":["GET"]}}],"collection":[{"href":"https:\/\/lepatriotebenin.com\/index.php\/wp-json\/wp\/v2\/posts"}],"about":[{"href":"https:\/\/lepatriotebenin.com\/index.php\/wp-json\/wp\/v2\/types\/post"}],"author":[{"embeddable":true,"href":"https:\/\/lepatriotebenin.com\/index.php\/wp-json\/wp\/v2\/users\/5"}],"replies":[{"embeddable":true,"href":"https:\/\/lepatriotebenin.com\/index.php\/wp-json\/wp\/v2\/comments?post=18967"}],"version-history":[{"count":2,"href":"https:\/\/lepatriotebenin.com\/index.php\/wp-json\/wp\/v2\/posts\/18967\/revisions"}],"predecessor-version":[{"id":18969,"href":"https:\/\/lepatriotebenin.com\/index.php\/wp-json\/wp\/v2\/posts\/18967\/revisions\/18969"}],"wp:featuredmedia":[{"embeddable":true,"href":"https:\/\/lepatriotebenin.com\/index.php\/wp-json\/wp\/v2\/media\/18753"}],"wp:attachment":[{"href":"https:\/\/lepatriotebenin.com\/index.php\/wp-json\/wp\/v2\/media?parent=18967"}],"wp:term":[{"taxonomy":"category","embeddable":true,"href":"https:\/\/lepatriotebenin.com\/index.php\/wp-json\/wp\/v2\/categories?post=18967"},{"taxonomy":"post_tag","embeddable":true,"href":"https:\/\/lepatriotebenin.com\/index.php\/wp-json\/wp\/v2\/tags?post=18967"}],"curies":[{"name":"wp","href":"https:\/\/api.w.org\/{rel}","templated":true}]}}