{"id":18962,"date":"2026-04-30T16:49:34","date_gmt":"2026-04-30T14:49:34","guid":{"rendered":"https:\/\/lepatriotebenin.com\/?p=18962"},"modified":"2026-04-30T16:56:16","modified_gmt":"2026-04-30T14:56:16","slug":"tour-cycliste-international-du-benin-deuxieme-victoire-consecutive-pour-lalgerien-assal-najib","status":"publish","type":"post","link":"https:\/\/lepatriotebenin.com\/index.php\/2026\/04\/30\/tour-cycliste-international-du-benin-deuxieme-victoire-consecutive-pour-lalgerien-assal-najib\/","title":{"rendered":"Tour cycliste international du B\u00e9nin : Deuxi\u00e8me victoire cons\u00e9cutive pour l\u2019Alg\u00e9rien  Assal Nadjib"},"content":{"rendered":"<p>La 3\u00e8me \u00e9tape<strong> Djougou-Bant\u00e8,<\/strong> longue de <strong>169,76 km,<\/strong> de la 21\u00e8me \u00e9dition du Tour cycliste international du B\u00e9nin a \u00e9t\u00e9 parcourue ce <strong>jeudi 30 avril 2026<\/strong> par les\u00a0 coureurs engag\u00e9s dans la comp\u00e9tition. Elle a \u00e9t\u00e9 remport\u00e9e\u00a0 de nouveau par l\u2019Alg\u00e9rien<strong> Assal Nadjib,<\/strong> vainqueur de la 2\u00e8 \u00e9tape<strong>, N\u2019Dali-Beterou-Tchaourou.<\/strong> Le cycliste alg\u00e9rien a couru cette distance\u00a0 en <strong>4h05\u201948\u201d<\/strong> pour une vitesse moyenne de <strong>41,438km\/h<\/strong>.Il est suivi\u00a0 respectivement de <strong>Harter Luca de Hucare Factory\u00a0 et de Kristians BELOHVOSCIKS<\/strong> de Team Bike AID.<\/p>\n<p><strong>68<\/strong> coureurs\u00a0 ont pris d\u00e9part dans la matin\u00e9e de ce jeudi \u00a0devant la mairie de Djougou. Ce <strong>vendredi 1er mai 2026<\/strong>, \u00e0 la 4e \u00e9tape longue de <strong>127,80 km,<\/strong> elle sera courue de <strong>Dasso \u00e0 Porto-Novo<\/strong> en passant par <strong>Adjarra.<\/strong><\/p>\n<p>&nbsp;<\/p>\n<p>&nbsp;<\/p>\n","protected":false},"excerpt":{"rendered":"<p>La 3\u00e8me \u00e9tape Djougou-Bant\u00e8, longue de 169,76 km, de la 21\u00e8me \u00e9dition du Tour cycliste international du B\u00e9nin a \u00e9t\u00e9 parcourue ce jeudi 30 avril 2026 par les\u00a0 coureurs engag\u00e9s&hellip;<\/p>\n","protected":false},"author":6,"featured_media":18963,"comment_status":"open","ping_status":"open","sticky":false,"template":"","format":"standard","meta":{"content-type":"","om_disable_all_campaigns":false,"_monsterinsights_skip_tracking":false,"_monsterinsights_sitenote_active":false,"_monsterinsights_sitenote_note":"","_monsterinsights_sitenote_category":0,"_uf_show_specific_survey":0,"_uf_disable_surveys":false,"footnotes":""},"categories":[8],"tags":[],"class_list":["post-18962","post","type-post","status-publish","format-standard","has-post-thumbnail","hentry","category-sport"],"aioseo_notices":[],"yoast_head":"<!-- This site is optimized with the Yoast SEO plugin v27.5 - https:\/\/yoast.com\/product\/yoast-seo-wordpress\/ -->\n<title>Tour cycliste international du B\u00e9nin : Deuxi\u00e8me victoire cons\u00e9cutive pour l\u2019Alg\u00e9rien Assal Nadjib - Le Patriote<\/title>\n<meta name=\"robots\" content=\"index, follow, max-snippet:-1, max-image-preview:large, max-video-preview:-1\" \/>\n<link rel=\"canonical\" href=\"https:\/\/lepatriotebenin.com\/index.php\/2026\/04\/30\/tour-cycliste-international-du-benin-deuxieme-victoire-consecutive-pour-lalgerien-assal-najib\/\" \/>\n<meta property=\"og:locale\" content=\"fr_FR\" \/>\n<meta property=\"og:type\" content=\"article\" \/>\n<meta property=\"og:title\" content=\"Tour cycliste international du B\u00e9nin : Deuxi\u00e8me victoire cons\u00e9cutive pour l\u2019Alg\u00e9rien Assal Nadjib - Le Patriote\" \/>\n<meta property=\"og:description\" content=\"La 3\u00e8me \u00e9tape Djougou-Bant\u00e8, longue de 169,76 km, de la 21\u00e8me \u00e9dition du Tour cycliste international du B\u00e9nin a \u00e9t\u00e9 parcourue ce jeudi 30 avril 2026 par les\u00a0 coureurs engag\u00e9s&hellip;\" \/>\n<meta property=\"og:url\" content=\"https:\/\/lepatriotebenin.com\/index.php\/2026\/04\/30\/tour-cycliste-international-du-benin-deuxieme-victoire-consecutive-pour-lalgerien-assal-najib\/\" \/>\n<meta property=\"og:site_name\" content=\"Le Patriote\" \/>\n<meta property=\"article:published_time\" content=\"2026-04-30T14:49:34+00:00\" \/>\n<meta property=\"article:modified_time\" content=\"2026-04-30T14:56:16+00:00\" \/>\n<meta property=\"og:image\" content=\"https:\/\/lepatriotebenin.com\/wp-content\/uploads\/2026\/04\/3eme-etape.jpg\" \/>\n\t<meta property=\"og:image:width\" content=\"1016\" \/>\n\t<meta property=\"og:image:height\" content=\"762\" \/>\n\t<meta property=\"og:image:type\" content=\"image\/jpeg\" \/>\n<meta name=\"author\" content=\"Roland AFFANOU\" \/>\n<meta name=\"twitter:card\" content=\"summary_large_image\" \/>\n<meta name=\"twitter:label1\" content=\"\u00c9crit par\" \/>\n\t<meta name=\"twitter:data1\" content=\"Roland AFFANOU\" \/>\n\t<meta name=\"twitter:label2\" content=\"Dur\u00e9e de lecture estim\u00e9e\" \/>\n\t<meta name=\"twitter:data2\" content=\"1 minute\" \/>\n<script type=\"application\/ld+json\" class=\"yoast-schema-graph\">{\"@context\":\"https:\\\/\\\/schema.org\",\"@graph\":[{\"@type\":\"Article\",\"@id\":\"https:\\\/\\\/lepatriotebenin.com\\\/index.php\\\/2026\\\/04\\\/30\\\/tour-cycliste-international-du-benin-deuxieme-victoire-consecutive-pour-lalgerien-assal-najib\\\/#article\",\"isPartOf\":{\"@id\":\"https:\\\/\\\/lepatriotebenin.com\\\/index.php\\\/2026\\\/04\\\/30\\\/tour-cycliste-international-du-benin-deuxieme-victoire-consecutive-pour-lalgerien-assal-najib\\\/\"},\"author\":{\"name\":\"Roland AFFANOU\",\"@id\":\"https:\\\/\\\/lepatriotebenin.com\\\/#\\\/schema\\\/person\\\/4a9b67216c97d04045e01405c534c91f\"},\"headline\":\"Tour cycliste international du B\u00e9nin : Deuxi\u00e8me victoire cons\u00e9cutive pour l\u2019Alg\u00e9rien Assal Nadjib\",\"datePublished\":\"2026-04-30T14:49:34+00:00\",\"dateModified\":\"2026-04-30T14:56:16+00:00\",\"mainEntityOfPage\":{\"@id\":\"https:\\\/\\\/lepatriotebenin.com\\\/index.php\\\/2026\\\/04\\\/30\\\/tour-cycliste-international-du-benin-deuxieme-victoire-consecutive-pour-lalgerien-assal-najib\\\/\"},\"wordCount\":143,\"commentCount\":0,\"image\":{\"@id\":\"https:\\\/\\\/lepatriotebenin.com\\\/index.php\\\/2026\\\/04\\\/30\\\/tour-cycliste-international-du-benin-deuxieme-victoire-consecutive-pour-lalgerien-assal-najib\\\/#primaryimage\"},\"thumbnailUrl\":\"https:\\\/\\\/lepatriotebenin.com\\\/wp-content\\\/uploads\\\/2026\\\/04\\\/3eme-etape.jpg\",\"articleSection\":[\"Sport\"],\"inLanguage\":\"fr-FR\",\"potentialAction\":[{\"@type\":\"CommentAction\",\"name\":\"Comment\",\"target\":[\"https:\\\/\\\/lepatriotebenin.com\\\/index.php\\\/2026\\\/04\\\/30\\\/tour-cycliste-international-du-benin-deuxieme-victoire-consecutive-pour-lalgerien-assal-najib\\\/#respond\"]}]},{\"@type\":\"WebPage\",\"@id\":\"https:\\\/\\\/lepatriotebenin.com\\\/index.php\\\/2026\\\/04\\\/30\\\/tour-cycliste-international-du-benin-deuxieme-victoire-consecutive-pour-lalgerien-assal-najib\\\/\",\"url\":\"https:\\\/\\\/lepatriotebenin.com\\\/index.php\\\/2026\\\/04\\\/30\\\/tour-cycliste-international-du-benin-deuxieme-victoire-consecutive-pour-lalgerien-assal-najib\\\/\",\"name\":\"Tour cycliste international du B\u00e9nin : Deuxi\u00e8me victoire cons\u00e9cutive pour l\u2019Alg\u00e9rien Assal Nadjib - Le Patriote\",\"isPartOf\":{\"@id\":\"https:\\\/\\\/lepatriotebenin.com\\\/#website\"},\"primaryImageOfPage\":{\"@id\":\"https:\\\/\\\/lepatriotebenin.com\\\/index.php\\\/2026\\\/04\\\/30\\\/tour-cycliste-international-du-benin-deuxieme-victoire-consecutive-pour-lalgerien-assal-najib\\\/#primaryimage\"},\"image\":{\"@id\":\"https:\\\/\\\/lepatriotebenin.com\\\/index.php\\\/2026\\\/04\\\/30\\\/tour-cycliste-international-du-benin-deuxieme-victoire-consecutive-pour-lalgerien-assal-najib\\\/#primaryimage\"},\"thumbnailUrl\":\"https:\\\/\\\/lepatriotebenin.com\\\/wp-content\\\/uploads\\\/2026\\\/04\\\/3eme-etape.jpg\",\"datePublished\":\"2026-04-30T14:49:34+00:00\",\"dateModified\":\"2026-04-30T14:56:16+00:00\",\"author\":{\"@id\":\"https:\\\/\\\/lepatriotebenin.com\\\/#\\\/schema\\\/person\\\/4a9b67216c97d04045e01405c534c91f\"},\"breadcrumb\":{\"@id\":\"https:\\\/\\\/lepatriotebenin.com\\\/index.php\\\/2026\\\/04\\\/30\\\/tour-cycliste-international-du-benin-deuxieme-victoire-consecutive-pour-lalgerien-assal-najib\\\/#breadcrumb\"},\"inLanguage\":\"fr-FR\",\"potentialAction\":[{\"@type\":\"ReadAction\",\"target\":[\"https:\\\/\\\/lepatriotebenin.com\\\/index.php\\\/2026\\\/04\\\/30\\\/tour-cycliste-international-du-benin-deuxieme-victoire-consecutive-pour-lalgerien-assal-najib\\\/\"]}]},{\"@type\":\"ImageObject\",\"inLanguage\":\"fr-FR\",\"@id\":\"https:\\\/\\\/lepatriotebenin.com\\\/index.php\\\/2026\\\/04\\\/30\\\/tour-cycliste-international-du-benin-deuxieme-victoire-consecutive-pour-lalgerien-assal-najib\\\/#primaryimage\",\"url\":\"https:\\\/\\\/lepatriotebenin.com\\\/wp-content\\\/uploads\\\/2026\\\/04\\\/3eme-etape.jpg\",\"contentUrl\":\"https:\\\/\\\/lepatriotebenin.com\\\/wp-content\\\/uploads\\\/2026\\\/04\\\/3eme-etape.jpg\",\"width\":1016,\"height\":762},{\"@type\":\"BreadcrumbList\",\"@id\":\"https:\\\/\\\/lepatriotebenin.com\\\/index.php\\\/2026\\\/04\\\/30\\\/tour-cycliste-international-du-benin-deuxieme-victoire-consecutive-pour-lalgerien-assal-najib\\\/#breadcrumb\",\"itemListElement\":[{\"@type\":\"ListItem\",\"position\":1,\"name\":\"Accueil\",\"item\":\"https:\\\/\\\/lepatriotebenin.com\\\/\"},{\"@type\":\"ListItem\",\"position\":2,\"name\":\"Tour cycliste international du B\u00e9nin : Deuxi\u00e8me victoire cons\u00e9cutive pour l\u2019Alg\u00e9rien Assal Nadjib\"}]},{\"@type\":\"WebSite\",\"@id\":\"https:\\\/\\\/lepatriotebenin.com\\\/#website\",\"url\":\"https:\\\/\\\/lepatriotebenin.com\\\/\",\"name\":\"Le Patriote\",\"description\":\"Le Patriote B\u00e9nin\",\"potentialAction\":[{\"@type\":\"SearchAction\",\"target\":{\"@type\":\"EntryPoint\",\"urlTemplate\":\"https:\\\/\\\/lepatriotebenin.com\\\/?s={search_term_string}\"},\"query-input\":{\"@type\":\"PropertyValueSpecification\",\"valueRequired\":true,\"valueName\":\"search_term_string\"}}],\"inLanguage\":\"fr-FR\"},{\"@type\":\"Person\",\"@id\":\"https:\\\/\\\/lepatriotebenin.com\\\/#\\\/schema\\\/person\\\/4a9b67216c97d04045e01405c534c91f\",\"name\":\"Roland AFFANOU\",\"image\":{\"@type\":\"ImageObject\",\"inLanguage\":\"fr-FR\",\"@id\":\"https:\\\/\\\/secure.gravatar.com\\\/avatar\\\/7209d3f6d2d47ea4d0c67e14d3effb61feb10ae540a4381280c66265de5bd643?s=96&d=mm&r=g\",\"url\":\"https:\\\/\\\/secure.gravatar.com\\\/avatar\\\/7209d3f6d2d47ea4d0c67e14d3effb61feb10ae540a4381280c66265de5bd643?s=96&d=mm&r=g\",\"contentUrl\":\"https:\\\/\\\/secure.gravatar.com\\\/avatar\\\/7209d3f6d2d47ea4d0c67e14d3effb61feb10ae540a4381280c66265de5bd643?s=96&d=mm&r=g\",\"caption\":\"Roland AFFANOU\"},\"url\":\"https:\\\/\\\/lepatriotebenin.com\"}]}<\/script>\n<!-- \/ Yoast SEO plugin. -->","yoast_head_json":{"title":"Tour cycliste international du B\u00e9nin : Deuxi\u00e8me victoire cons\u00e9cutive pour l\u2019Alg\u00e9rien Assal Nadjib - Le Patriote","robots":{"index":"index","follow":"follow","max-snippet":"max-snippet:-1","max-image-preview":"max-image-preview:large","max-video-preview":"max-video-preview:-1"},"canonical":"https:\/\/lepatriotebenin.com\/index.php\/2026\/04\/30\/tour-cycliste-international-du-benin-deuxieme-victoire-consecutive-pour-lalgerien-assal-najib\/","og_locale":"fr_FR","og_type":"article","og_title":"Tour cycliste international du B\u00e9nin : Deuxi\u00e8me victoire cons\u00e9cutive pour l\u2019Alg\u00e9rien Assal Nadjib - Le Patriote","og_description":"La 3\u00e8me \u00e9tape Djougou-Bant\u00e8, longue de 169,76 km, de la 21\u00e8me \u00e9dition du Tour cycliste international du B\u00e9nin a \u00e9t\u00e9 parcourue ce jeudi 30 avril 2026 par les\u00a0 coureurs engag\u00e9s&hellip;","og_url":"https:\/\/lepatriotebenin.com\/index.php\/2026\/04\/30\/tour-cycliste-international-du-benin-deuxieme-victoire-consecutive-pour-lalgerien-assal-najib\/","og_site_name":"Le Patriote","article_published_time":"2026-04-30T14:49:34+00:00","article_modified_time":"2026-04-30T14:56:16+00:00","og_image":[{"width":1016,"height":762,"url":"https:\/\/lepatriotebenin.com\/wp-content\/uploads\/2026\/04\/3eme-etape.jpg","type":"image\/jpeg"}],"author":"Roland AFFANOU","twitter_card":"summary_large_image","twitter_misc":{"\u00c9crit par":"Roland AFFANOU","Dur\u00e9e de lecture estim\u00e9e":"1 minute"},"schema":{"@context":"https:\/\/schema.org","@graph":[{"@type":"Article","@id":"https:\/\/lepatriotebenin.com\/index.php\/2026\/04\/30\/tour-cycliste-international-du-benin-deuxieme-victoire-consecutive-pour-lalgerien-assal-najib\/#article","isPartOf":{"@id":"https:\/\/lepatriotebenin.com\/index.php\/2026\/04\/30\/tour-cycliste-international-du-benin-deuxieme-victoire-consecutive-pour-lalgerien-assal-najib\/"},"author":{"name":"Roland AFFANOU","@id":"https:\/\/lepatriotebenin.com\/#\/schema\/person\/4a9b67216c97d04045e01405c534c91f"},"headline":"Tour cycliste international du B\u00e9nin : Deuxi\u00e8me victoire cons\u00e9cutive pour l\u2019Alg\u00e9rien Assal Nadjib","datePublished":"2026-04-30T14:49:34+00:00","dateModified":"2026-04-30T14:56:16+00:00","mainEntityOfPage":{"@id":"https:\/\/lepatriotebenin.com\/index.php\/2026\/04\/30\/tour-cycliste-international-du-benin-deuxieme-victoire-consecutive-pour-lalgerien-assal-najib\/"},"wordCount":143,"commentCount":0,"image":{"@id":"https:\/\/lepatriotebenin.com\/index.php\/2026\/04\/30\/tour-cycliste-international-du-benin-deuxieme-victoire-consecutive-pour-lalgerien-assal-najib\/#primaryimage"},"thumbnailUrl":"https:\/\/lepatriotebenin.com\/wp-content\/uploads\/2026\/04\/3eme-etape.jpg","articleSection":["Sport"],"inLanguage":"fr-FR","potentialAction":[{"@type":"CommentAction","name":"Comment","target":["https:\/\/lepatriotebenin.com\/index.php\/2026\/04\/30\/tour-cycliste-international-du-benin-deuxieme-victoire-consecutive-pour-lalgerien-assal-najib\/#respond"]}]},{"@type":"WebPage","@id":"https:\/\/lepatriotebenin.com\/index.php\/2026\/04\/30\/tour-cycliste-international-du-benin-deuxieme-victoire-consecutive-pour-lalgerien-assal-najib\/","url":"https:\/\/lepatriotebenin.com\/index.php\/2026\/04\/30\/tour-cycliste-international-du-benin-deuxieme-victoire-consecutive-pour-lalgerien-assal-najib\/","name":"Tour cycliste international du B\u00e9nin : Deuxi\u00e8me victoire cons\u00e9cutive pour l\u2019Alg\u00e9rien Assal Nadjib - Le Patriote","isPartOf":{"@id":"https:\/\/lepatriotebenin.com\/#website"},"primaryImageOfPage":{"@id":"https:\/\/lepatriotebenin.com\/index.php\/2026\/04\/30\/tour-cycliste-international-du-benin-deuxieme-victoire-consecutive-pour-lalgerien-assal-najib\/#primaryimage"},"image":{"@id":"https:\/\/lepatriotebenin.com\/index.php\/2026\/04\/30\/tour-cycliste-international-du-benin-deuxieme-victoire-consecutive-pour-lalgerien-assal-najib\/#primaryimage"},"thumbnailUrl":"https:\/\/lepatriotebenin.com\/wp-content\/uploads\/2026\/04\/3eme-etape.jpg","datePublished":"2026-04-30T14:49:34+00:00","dateModified":"2026-04-30T14:56:16+00:00","author":{"@id":"https:\/\/lepatriotebenin.com\/#\/schema\/person\/4a9b67216c97d04045e01405c534c91f"},"breadcrumb":{"@id":"https:\/\/lepatriotebenin.com\/index.php\/2026\/04\/30\/tour-cycliste-international-du-benin-deuxieme-victoire-consecutive-pour-lalgerien-assal-najib\/#breadcrumb"},"inLanguage":"fr-FR","potentialAction":[{"@type":"ReadAction","target":["https:\/\/lepatriotebenin.com\/index.php\/2026\/04\/30\/tour-cycliste-international-du-benin-deuxieme-victoire-consecutive-pour-lalgerien-assal-najib\/"]}]},{"@type":"ImageObject","inLanguage":"fr-FR","@id":"https:\/\/lepatriotebenin.com\/index.php\/2026\/04\/30\/tour-cycliste-international-du-benin-deuxieme-victoire-consecutive-pour-lalgerien-assal-najib\/#primaryimage","url":"https:\/\/lepatriotebenin.com\/wp-content\/uploads\/2026\/04\/3eme-etape.jpg","contentUrl":"https:\/\/lepatriotebenin.com\/wp-content\/uploads\/2026\/04\/3eme-etape.jpg","width":1016,"height":762},{"@type":"BreadcrumbList","@id":"https:\/\/lepatriotebenin.com\/index.php\/2026\/04\/30\/tour-cycliste-international-du-benin-deuxieme-victoire-consecutive-pour-lalgerien-assal-najib\/#breadcrumb","itemListElement":[{"@type":"ListItem","position":1,"name":"Accueil","item":"https:\/\/lepatriotebenin.com\/"},{"@type":"ListItem","position":2,"name":"Tour cycliste international du B\u00e9nin : Deuxi\u00e8me victoire cons\u00e9cutive pour l\u2019Alg\u00e9rien Assal Nadjib"}]},{"@type":"WebSite","@id":"https:\/\/lepatriotebenin.com\/#website","url":"https:\/\/lepatriotebenin.com\/","name":"Le Patriote","description":"Le Patriote B\u00e9nin","potentialAction":[{"@type":"SearchAction","target":{"@type":"EntryPoint","urlTemplate":"https:\/\/lepatriotebenin.com\/?s={search_term_string}"},"query-input":{"@type":"PropertyValueSpecification","valueRequired":true,"valueName":"search_term_string"}}],"inLanguage":"fr-FR"},{"@type":"Person","@id":"https:\/\/lepatriotebenin.com\/#\/schema\/person\/4a9b67216c97d04045e01405c534c91f","name":"Roland AFFANOU","image":{"@type":"ImageObject","inLanguage":"fr-FR","@id":"https:\/\/secure.gravatar.com\/avatar\/7209d3f6d2d47ea4d0c67e14d3effb61feb10ae540a4381280c66265de5bd643?s=96&d=mm&r=g","url":"https:\/\/secure.gravatar.com\/avatar\/7209d3f6d2d47ea4d0c67e14d3effb61feb10ae540a4381280c66265de5bd643?s=96&d=mm&r=g","contentUrl":"https:\/\/secure.gravatar.com\/avatar\/7209d3f6d2d47ea4d0c67e14d3effb61feb10ae540a4381280c66265de5bd643?s=96&d=mm&r=g","caption":"Roland AFFANOU"},"url":"https:\/\/lepatriotebenin.com"}]}},"_links":{"self":[{"href":"https:\/\/lepatriotebenin.com\/index.php\/wp-json\/wp\/v2\/posts\/18962","targetHints":{"allow":["GET"]}}],"collection":[{"href":"https:\/\/lepatriotebenin.com\/index.php\/wp-json\/wp\/v2\/posts"}],"about":[{"href":"https:\/\/lepatriotebenin.com\/index.php\/wp-json\/wp\/v2\/types\/post"}],"author":[{"embeddable":true,"href":"https:\/\/lepatriotebenin.com\/index.php\/wp-json\/wp\/v2\/users\/6"}],"replies":[{"embeddable":true,"href":"https:\/\/lepatriotebenin.com\/index.php\/wp-json\/wp\/v2\/comments?post=18962"}],"version-history":[{"count":3,"href":"https:\/\/lepatriotebenin.com\/index.php\/wp-json\/wp\/v2\/posts\/18962\/revisions"}],"predecessor-version":[{"id":18966,"href":"https:\/\/lepatriotebenin.com\/index.php\/wp-json\/wp\/v2\/posts\/18962\/revisions\/18966"}],"wp:featuredmedia":[{"embeddable":true,"href":"https:\/\/lepatriotebenin.com\/index.php\/wp-json\/wp\/v2\/media\/18963"}],"wp:attachment":[{"href":"https:\/\/lepatriotebenin.com\/index.php\/wp-json\/wp\/v2\/media?parent=18962"}],"wp:term":[{"taxonomy":"category","embeddable":true,"href":"https:\/\/lepatriotebenin.com\/index.php\/wp-json\/wp\/v2\/categories?post=18962"},{"taxonomy":"post_tag","embeddable":true,"href":"https:\/\/lepatriotebenin.com\/index.php\/wp-json\/wp\/v2\/tags?post=18962"}],"curies":[{"name":"wp","href":"https:\/\/api.w.org\/{rel}","templated":true}]}}