{"id":18955,"date":"2026-04-30T13:39:33","date_gmt":"2026-04-30T11:39:33","guid":{"rendered":"https:\/\/lepatriotebenin.com\/?p=18955"},"modified":"2026-04-30T13:39:33","modified_gmt":"2026-04-30T11:39:33","slug":"classement-mondial-de-rsf-2026-le-benin-chute-lourdement-en-liberte-de-presse","status":"publish","type":"post","link":"https:\/\/lepatriotebenin.com\/index.php\/2026\/04\/30\/classement-mondial-de-rsf-2026-le-benin-chute-lourdement-en-liberte-de-presse\/","title":{"rendered":"Classement mondial de RSF 2026 : Le B\u00e9nin chute lourdement en libert\u00e9 de presse"},"content":{"rendered":"<p>Le B\u00e9nin enregistre une nette d\u00e9gradation dans le classement 2026 de Reporters sans fronti\u00e8res. En perdant 21 places en un an, le pays illustre un recul pr\u00e9occupant de la libert\u00e9 de la presse, marqu\u00e9 notamment par des pressions accrues sur les journalistes.<\/p>\n<p>Le constat est sans appel. Dans son rapport 2026, Reporters sans fronti\u00e8res (RSF) classe le B\u00e9nin \u00e0 la 113\u1d49 place sur 180 pays, contre la 92\u1d49 en 2025. Une chute de 21 rangs qui s\u2019accompagne d\u2019une baisse significative du score global, pass\u00e9 de 54,60 \u00e0 47,39.<\/p>\n<p>En effet, malgr\u00e9 un paysage m\u00e9diatique jug\u00e9 diversifi\u00e9, RSF souligne une d\u00e9gradation du climat d\u2019exercice du journalisme. \u00ab La libert\u00e9 de ton des journalistes a fortement diminu\u00e9 ces derni\u00e8res ann\u00e9es \u00bb, note l\u2019organisation, pointant \u00e9galement l\u2019absence de grandes entreprises de presse viables comme facteur de fragilit\u00e9 du secteur. Dans le d\u00e9tail du classement, le B\u00e9nin se retrouve d\u00e9sormais derri\u00e8re plusieurs pays africains, notamment le Burkina Faso (110\u1d49), la Guin\u00e9e (111\u1d49) et le Nigeria (112\u1d49). Il reste toutefois l\u00e9g\u00e8rement devant des \u00c9tats comme les Philippines (114\u1d49), le Liban (115\u1d49) et Isra\u00ebl (116\u1d49).<\/p>\n<p>Selon RSF, cette r\u00e9gression s\u2019explique en grande partie par des atteintes directes \u00e0 la libert\u00e9 des journalistes, notamment la d\u00e9tention de deux d\u2019entre eux. L\u2019organisation d\u00e9nonce aussi des pratiques jug\u00e9es pr\u00e9occupantes de la part des autorit\u00e9s. Le cas de Hugues Comlan Sossoukp\u00e8 est particuli\u00e8rement cit\u00e9. Enlev\u00e9 en C\u00f4te d\u2019Ivoire puis extrad\u00e9 au B\u00e9nin en juillet 2025, il est depuis d\u00e9tenu, illustrant, selon RSF, une volont\u00e9 de museler les voix critiques.<\/p>\n<p>Ce recul relance le d\u00e9bat sur l\u2019\u00e9tat des libert\u00e9s publiques au B\u00e9nin, autrefois consid\u00e9r\u00e9 comme un mod\u00e8le d\u00e9mocratique en Afrique de l\u2019Ouest.<\/p>\n<p><strong>Gildas AHOGNI<\/strong><\/p>\n","protected":false},"excerpt":{"rendered":"<p>Le B\u00e9nin enregistre une nette d\u00e9gradation dans le classement 2026 de Reporters sans fronti\u00e8res. En perdant 21 places en un an, le pays illustre un recul pr\u00e9occupant de la libert\u00e9&hellip;<\/p>\n","protected":false},"author":5,"featured_media":18956,"comment_status":"open","ping_status":"open","sticky":false,"template":"","format":"standard","meta":{"content-type":"","om_disable_all_campaigns":false,"_monsterinsights_skip_tracking":false,"_monsterinsights_sitenote_active":false,"_monsterinsights_sitenote_note":"","_monsterinsights_sitenote_category":0,"_uf_show_specific_survey":0,"_uf_disable_surveys":false,"footnotes":""},"categories":[20],"tags":[],"class_list":["post-18955","post","type-post","status-publish","format-standard","has-post-thumbnail","hentry","category-societe"],"aioseo_notices":[],"yoast_head":"<!-- This site is optimized with the Yoast SEO plugin v27.5 - https:\/\/yoast.com\/product\/yoast-seo-wordpress\/ -->\n<title>Classement mondial de RSF 2026 : Le B\u00e9nin chute lourdement en libert\u00e9 de presse - Le Patriote<\/title>\n<meta name=\"robots\" content=\"index, follow, max-snippet:-1, max-image-preview:large, max-video-preview:-1\" \/>\n<link rel=\"canonical\" href=\"https:\/\/lepatriotebenin.com\/index.php\/2026\/04\/30\/classement-mondial-de-rsf-2026-le-benin-chute-lourdement-en-liberte-de-presse\/\" \/>\n<meta property=\"og:locale\" content=\"fr_FR\" \/>\n<meta property=\"og:type\" content=\"article\" \/>\n<meta property=\"og:title\" content=\"Classement mondial de RSF 2026 : Le B\u00e9nin chute lourdement en libert\u00e9 de presse - Le Patriote\" \/>\n<meta property=\"og:description\" content=\"Le B\u00e9nin enregistre une nette d\u00e9gradation dans le classement 2026 de Reporters sans fronti\u00e8res. En perdant 21 places en un an, le pays illustre un recul pr\u00e9occupant de la libert\u00e9&hellip;\" \/>\n<meta property=\"og:url\" content=\"https:\/\/lepatriotebenin.com\/index.php\/2026\/04\/30\/classement-mondial-de-rsf-2026-le-benin-chute-lourdement-en-liberte-de-presse\/\" \/>\n<meta property=\"og:site_name\" content=\"Le Patriote\" \/>\n<meta property=\"article:published_time\" content=\"2026-04-30T11:39:33+00:00\" \/>\n<meta property=\"og:image\" content=\"https:\/\/lepatriotebenin.com\/wp-content\/uploads\/2026\/04\/presse-n.jpeg\" \/>\n\t<meta property=\"og:image:width\" content=\"780\" \/>\n\t<meta property=\"og:image:height\" content=\"560\" \/>\n\t<meta property=\"og:image:type\" content=\"image\/jpeg\" \/>\n<meta name=\"author\" content=\"Redaction\" \/>\n<meta name=\"twitter:card\" content=\"summary_large_image\" \/>\n<meta name=\"twitter:label1\" content=\"\u00c9crit par\" \/>\n\t<meta name=\"twitter:data1\" content=\"Redaction\" \/>\n\t<meta name=\"twitter:label2\" content=\"Dur\u00e9e de lecture estim\u00e9e\" \/>\n\t<meta name=\"twitter:data2\" content=\"2 minutes\" \/>\n<script type=\"application\/ld+json\" class=\"yoast-schema-graph\">{\"@context\":\"https:\\\/\\\/schema.org\",\"@graph\":[{\"@type\":\"Article\",\"@id\":\"https:\\\/\\\/lepatriotebenin.com\\\/index.php\\\/2026\\\/04\\\/30\\\/classement-mondial-de-rsf-2026-le-benin-chute-lourdement-en-liberte-de-presse\\\/#article\",\"isPartOf\":{\"@id\":\"https:\\\/\\\/lepatriotebenin.com\\\/index.php\\\/2026\\\/04\\\/30\\\/classement-mondial-de-rsf-2026-le-benin-chute-lourdement-en-liberte-de-presse\\\/\"},\"author\":{\"name\":\"Redaction\",\"@id\":\"https:\\\/\\\/lepatriotebenin.com\\\/#\\\/schema\\\/person\\\/2e7709b9c9cc313e452d1136af61690f\"},\"headline\":\"Classement mondial de RSF 2026 : Le B\u00e9nin chute lourdement en libert\u00e9 de presse\",\"datePublished\":\"2026-04-30T11:39:33+00:00\",\"mainEntityOfPage\":{\"@id\":\"https:\\\/\\\/lepatriotebenin.com\\\/index.php\\\/2026\\\/04\\\/30\\\/classement-mondial-de-rsf-2026-le-benin-chute-lourdement-en-liberte-de-presse\\\/\"},\"wordCount\":309,\"commentCount\":0,\"image\":{\"@id\":\"https:\\\/\\\/lepatriotebenin.com\\\/index.php\\\/2026\\\/04\\\/30\\\/classement-mondial-de-rsf-2026-le-benin-chute-lourdement-en-liberte-de-presse\\\/#primaryimage\"},\"thumbnailUrl\":\"https:\\\/\\\/lepatriotebenin.com\\\/wp-content\\\/uploads\\\/2026\\\/04\\\/presse-n.jpeg\",\"articleSection\":[\"Soci\u00e9t\u00e9\"],\"inLanguage\":\"fr-FR\",\"potentialAction\":[{\"@type\":\"CommentAction\",\"name\":\"Comment\",\"target\":[\"https:\\\/\\\/lepatriotebenin.com\\\/index.php\\\/2026\\\/04\\\/30\\\/classement-mondial-de-rsf-2026-le-benin-chute-lourdement-en-liberte-de-presse\\\/#respond\"]}]},{\"@type\":\"WebPage\",\"@id\":\"https:\\\/\\\/lepatriotebenin.com\\\/index.php\\\/2026\\\/04\\\/30\\\/classement-mondial-de-rsf-2026-le-benin-chute-lourdement-en-liberte-de-presse\\\/\",\"url\":\"https:\\\/\\\/lepatriotebenin.com\\\/index.php\\\/2026\\\/04\\\/30\\\/classement-mondial-de-rsf-2026-le-benin-chute-lourdement-en-liberte-de-presse\\\/\",\"name\":\"Classement mondial de RSF 2026 : Le B\u00e9nin chute lourdement en libert\u00e9 de presse - Le Patriote\",\"isPartOf\":{\"@id\":\"https:\\\/\\\/lepatriotebenin.com\\\/#website\"},\"primaryImageOfPage\":{\"@id\":\"https:\\\/\\\/lepatriotebenin.com\\\/index.php\\\/2026\\\/04\\\/30\\\/classement-mondial-de-rsf-2026-le-benin-chute-lourdement-en-liberte-de-presse\\\/#primaryimage\"},\"image\":{\"@id\":\"https:\\\/\\\/lepatriotebenin.com\\\/index.php\\\/2026\\\/04\\\/30\\\/classement-mondial-de-rsf-2026-le-benin-chute-lourdement-en-liberte-de-presse\\\/#primaryimage\"},\"thumbnailUrl\":\"https:\\\/\\\/lepatriotebenin.com\\\/wp-content\\\/uploads\\\/2026\\\/04\\\/presse-n.jpeg\",\"datePublished\":\"2026-04-30T11:39:33+00:00\",\"author\":{\"@id\":\"https:\\\/\\\/lepatriotebenin.com\\\/#\\\/schema\\\/person\\\/2e7709b9c9cc313e452d1136af61690f\"},\"breadcrumb\":{\"@id\":\"https:\\\/\\\/lepatriotebenin.com\\\/index.php\\\/2026\\\/04\\\/30\\\/classement-mondial-de-rsf-2026-le-benin-chute-lourdement-en-liberte-de-presse\\\/#breadcrumb\"},\"inLanguage\":\"fr-FR\",\"potentialAction\":[{\"@type\":\"ReadAction\",\"target\":[\"https:\\\/\\\/lepatriotebenin.com\\\/index.php\\\/2026\\\/04\\\/30\\\/classement-mondial-de-rsf-2026-le-benin-chute-lourdement-en-liberte-de-presse\\\/\"]}]},{\"@type\":\"ImageObject\",\"inLanguage\":\"fr-FR\",\"@id\":\"https:\\\/\\\/lepatriotebenin.com\\\/index.php\\\/2026\\\/04\\\/30\\\/classement-mondial-de-rsf-2026-le-benin-chute-lourdement-en-liberte-de-presse\\\/#primaryimage\",\"url\":\"https:\\\/\\\/lepatriotebenin.com\\\/wp-content\\\/uploads\\\/2026\\\/04\\\/presse-n.jpeg\",\"contentUrl\":\"https:\\\/\\\/lepatriotebenin.com\\\/wp-content\\\/uploads\\\/2026\\\/04\\\/presse-n.jpeg\",\"width\":780,\"height\":560},{\"@type\":\"BreadcrumbList\",\"@id\":\"https:\\\/\\\/lepatriotebenin.com\\\/index.php\\\/2026\\\/04\\\/30\\\/classement-mondial-de-rsf-2026-le-benin-chute-lourdement-en-liberte-de-presse\\\/#breadcrumb\",\"itemListElement\":[{\"@type\":\"ListItem\",\"position\":1,\"name\":\"Accueil\",\"item\":\"https:\\\/\\\/lepatriotebenin.com\\\/\"},{\"@type\":\"ListItem\",\"position\":2,\"name\":\"Classement mondial de RSF 2026 : Le B\u00e9nin chute lourdement en libert\u00e9 de presse\"}]},{\"@type\":\"WebSite\",\"@id\":\"https:\\\/\\\/lepatriotebenin.com\\\/#website\",\"url\":\"https:\\\/\\\/lepatriotebenin.com\\\/\",\"name\":\"Le Patriote\",\"description\":\"Le Patriote B\u00e9nin\",\"potentialAction\":[{\"@type\":\"SearchAction\",\"target\":{\"@type\":\"EntryPoint\",\"urlTemplate\":\"https:\\\/\\\/lepatriotebenin.com\\\/?s={search_term_string}\"},\"query-input\":{\"@type\":\"PropertyValueSpecification\",\"valueRequired\":true,\"valueName\":\"search_term_string\"}}],\"inLanguage\":\"fr-FR\"},{\"@type\":\"Person\",\"@id\":\"https:\\\/\\\/lepatriotebenin.com\\\/#\\\/schema\\\/person\\\/2e7709b9c9cc313e452d1136af61690f\",\"name\":\"Redaction\",\"image\":{\"@type\":\"ImageObject\",\"inLanguage\":\"fr-FR\",\"@id\":\"https:\\\/\\\/secure.gravatar.com\\\/avatar\\\/c4c509357859ea2ca2cbb6d8812898a73e4ef1ef9934c2e591d7e32face734d1?s=96&d=mm&r=g\",\"url\":\"https:\\\/\\\/secure.gravatar.com\\\/avatar\\\/c4c509357859ea2ca2cbb6d8812898a73e4ef1ef9934c2e591d7e32face734d1?s=96&d=mm&r=g\",\"contentUrl\":\"https:\\\/\\\/secure.gravatar.com\\\/avatar\\\/c4c509357859ea2ca2cbb6d8812898a73e4ef1ef9934c2e591d7e32face734d1?s=96&d=mm&r=g\",\"caption\":\"Redaction\"},\"url\":\"https:\\\/\\\/lepatriotebenin.com\"}]}<\/script>\n<!-- \/ Yoast SEO plugin. -->","yoast_head_json":{"title":"Classement mondial de RSF 2026 : Le B\u00e9nin chute lourdement en libert\u00e9 de presse - Le Patriote","robots":{"index":"index","follow":"follow","max-snippet":"max-snippet:-1","max-image-preview":"max-image-preview:large","max-video-preview":"max-video-preview:-1"},"canonical":"https:\/\/lepatriotebenin.com\/index.php\/2026\/04\/30\/classement-mondial-de-rsf-2026-le-benin-chute-lourdement-en-liberte-de-presse\/","og_locale":"fr_FR","og_type":"article","og_title":"Classement mondial de RSF 2026 : Le B\u00e9nin chute lourdement en libert\u00e9 de presse - Le Patriote","og_description":"Le B\u00e9nin enregistre une nette d\u00e9gradation dans le classement 2026 de Reporters sans fronti\u00e8res. En perdant 21 places en un an, le pays illustre un recul pr\u00e9occupant de la libert\u00e9&hellip;","og_url":"https:\/\/lepatriotebenin.com\/index.php\/2026\/04\/30\/classement-mondial-de-rsf-2026-le-benin-chute-lourdement-en-liberte-de-presse\/","og_site_name":"Le Patriote","article_published_time":"2026-04-30T11:39:33+00:00","og_image":[{"width":780,"height":560,"url":"https:\/\/lepatriotebenin.com\/wp-content\/uploads\/2026\/04\/presse-n.jpeg","type":"image\/jpeg"}],"author":"Redaction","twitter_card":"summary_large_image","twitter_misc":{"\u00c9crit par":"Redaction","Dur\u00e9e de lecture estim\u00e9e":"2 minutes"},"schema":{"@context":"https:\/\/schema.org","@graph":[{"@type":"Article","@id":"https:\/\/lepatriotebenin.com\/index.php\/2026\/04\/30\/classement-mondial-de-rsf-2026-le-benin-chute-lourdement-en-liberte-de-presse\/#article","isPartOf":{"@id":"https:\/\/lepatriotebenin.com\/index.php\/2026\/04\/30\/classement-mondial-de-rsf-2026-le-benin-chute-lourdement-en-liberte-de-presse\/"},"author":{"name":"Redaction","@id":"https:\/\/lepatriotebenin.com\/#\/schema\/person\/2e7709b9c9cc313e452d1136af61690f"},"headline":"Classement mondial de RSF 2026 : Le B\u00e9nin chute lourdement en libert\u00e9 de presse","datePublished":"2026-04-30T11:39:33+00:00","mainEntityOfPage":{"@id":"https:\/\/lepatriotebenin.com\/index.php\/2026\/04\/30\/classement-mondial-de-rsf-2026-le-benin-chute-lourdement-en-liberte-de-presse\/"},"wordCount":309,"commentCount":0,"image":{"@id":"https:\/\/lepatriotebenin.com\/index.php\/2026\/04\/30\/classement-mondial-de-rsf-2026-le-benin-chute-lourdement-en-liberte-de-presse\/#primaryimage"},"thumbnailUrl":"https:\/\/lepatriotebenin.com\/wp-content\/uploads\/2026\/04\/presse-n.jpeg","articleSection":["Soci\u00e9t\u00e9"],"inLanguage":"fr-FR","potentialAction":[{"@type":"CommentAction","name":"Comment","target":["https:\/\/lepatriotebenin.com\/index.php\/2026\/04\/30\/classement-mondial-de-rsf-2026-le-benin-chute-lourdement-en-liberte-de-presse\/#respond"]}]},{"@type":"WebPage","@id":"https:\/\/lepatriotebenin.com\/index.php\/2026\/04\/30\/classement-mondial-de-rsf-2026-le-benin-chute-lourdement-en-liberte-de-presse\/","url":"https:\/\/lepatriotebenin.com\/index.php\/2026\/04\/30\/classement-mondial-de-rsf-2026-le-benin-chute-lourdement-en-liberte-de-presse\/","name":"Classement mondial de RSF 2026 : Le B\u00e9nin chute lourdement en libert\u00e9 de presse - Le Patriote","isPartOf":{"@id":"https:\/\/lepatriotebenin.com\/#website"},"primaryImageOfPage":{"@id":"https:\/\/lepatriotebenin.com\/index.php\/2026\/04\/30\/classement-mondial-de-rsf-2026-le-benin-chute-lourdement-en-liberte-de-presse\/#primaryimage"},"image":{"@id":"https:\/\/lepatriotebenin.com\/index.php\/2026\/04\/30\/classement-mondial-de-rsf-2026-le-benin-chute-lourdement-en-liberte-de-presse\/#primaryimage"},"thumbnailUrl":"https:\/\/lepatriotebenin.com\/wp-content\/uploads\/2026\/04\/presse-n.jpeg","datePublished":"2026-04-30T11:39:33+00:00","author":{"@id":"https:\/\/lepatriotebenin.com\/#\/schema\/person\/2e7709b9c9cc313e452d1136af61690f"},"breadcrumb":{"@id":"https:\/\/lepatriotebenin.com\/index.php\/2026\/04\/30\/classement-mondial-de-rsf-2026-le-benin-chute-lourdement-en-liberte-de-presse\/#breadcrumb"},"inLanguage":"fr-FR","potentialAction":[{"@type":"ReadAction","target":["https:\/\/lepatriotebenin.com\/index.php\/2026\/04\/30\/classement-mondial-de-rsf-2026-le-benin-chute-lourdement-en-liberte-de-presse\/"]}]},{"@type":"ImageObject","inLanguage":"fr-FR","@id":"https:\/\/lepatriotebenin.com\/index.php\/2026\/04\/30\/classement-mondial-de-rsf-2026-le-benin-chute-lourdement-en-liberte-de-presse\/#primaryimage","url":"https:\/\/lepatriotebenin.com\/wp-content\/uploads\/2026\/04\/presse-n.jpeg","contentUrl":"https:\/\/lepatriotebenin.com\/wp-content\/uploads\/2026\/04\/presse-n.jpeg","width":780,"height":560},{"@type":"BreadcrumbList","@id":"https:\/\/lepatriotebenin.com\/index.php\/2026\/04\/30\/classement-mondial-de-rsf-2026-le-benin-chute-lourdement-en-liberte-de-presse\/#breadcrumb","itemListElement":[{"@type":"ListItem","position":1,"name":"Accueil","item":"https:\/\/lepatriotebenin.com\/"},{"@type":"ListItem","position":2,"name":"Classement mondial de RSF 2026 : Le B\u00e9nin chute lourdement en libert\u00e9 de presse"}]},{"@type":"WebSite","@id":"https:\/\/lepatriotebenin.com\/#website","url":"https:\/\/lepatriotebenin.com\/","name":"Le Patriote","description":"Le Patriote B\u00e9nin","potentialAction":[{"@type":"SearchAction","target":{"@type":"EntryPoint","urlTemplate":"https:\/\/lepatriotebenin.com\/?s={search_term_string}"},"query-input":{"@type":"PropertyValueSpecification","valueRequired":true,"valueName":"search_term_string"}}],"inLanguage":"fr-FR"},{"@type":"Person","@id":"https:\/\/lepatriotebenin.com\/#\/schema\/person\/2e7709b9c9cc313e452d1136af61690f","name":"Redaction","image":{"@type":"ImageObject","inLanguage":"fr-FR","@id":"https:\/\/secure.gravatar.com\/avatar\/c4c509357859ea2ca2cbb6d8812898a73e4ef1ef9934c2e591d7e32face734d1?s=96&d=mm&r=g","url":"https:\/\/secure.gravatar.com\/avatar\/c4c509357859ea2ca2cbb6d8812898a73e4ef1ef9934c2e591d7e32face734d1?s=96&d=mm&r=g","contentUrl":"https:\/\/secure.gravatar.com\/avatar\/c4c509357859ea2ca2cbb6d8812898a73e4ef1ef9934c2e591d7e32face734d1?s=96&d=mm&r=g","caption":"Redaction"},"url":"https:\/\/lepatriotebenin.com"}]}},"_links":{"self":[{"href":"https:\/\/lepatriotebenin.com\/index.php\/wp-json\/wp\/v2\/posts\/18955","targetHints":{"allow":["GET"]}}],"collection":[{"href":"https:\/\/lepatriotebenin.com\/index.php\/wp-json\/wp\/v2\/posts"}],"about":[{"href":"https:\/\/lepatriotebenin.com\/index.php\/wp-json\/wp\/v2\/types\/post"}],"author":[{"embeddable":true,"href":"https:\/\/lepatriotebenin.com\/index.php\/wp-json\/wp\/v2\/users\/5"}],"replies":[{"embeddable":true,"href":"https:\/\/lepatriotebenin.com\/index.php\/wp-json\/wp\/v2\/comments?post=18955"}],"version-history":[{"count":1,"href":"https:\/\/lepatriotebenin.com\/index.php\/wp-json\/wp\/v2\/posts\/18955\/revisions"}],"predecessor-version":[{"id":18957,"href":"https:\/\/lepatriotebenin.com\/index.php\/wp-json\/wp\/v2\/posts\/18955\/revisions\/18957"}],"wp:featuredmedia":[{"embeddable":true,"href":"https:\/\/lepatriotebenin.com\/index.php\/wp-json\/wp\/v2\/media\/18956"}],"wp:attachment":[{"href":"https:\/\/lepatriotebenin.com\/index.php\/wp-json\/wp\/v2\/media?parent=18955"}],"wp:term":[{"taxonomy":"category","embeddable":true,"href":"https:\/\/lepatriotebenin.com\/index.php\/wp-json\/wp\/v2\/categories?post=18955"},{"taxonomy":"post_tag","embeddable":true,"href":"https:\/\/lepatriotebenin.com\/index.php\/wp-json\/wp\/v2\/tags?post=18955"}],"curies":[{"name":"wp","href":"https:\/\/api.w.org\/{rel}","templated":true}]}}