{"id":18950,"date":"2026-04-30T03:36:42","date_gmt":"2026-04-30T01:36:42","guid":{"rendered":"https:\/\/lepatriotebenin.com\/?p=18950"},"modified":"2026-04-30T03:36:42","modified_gmt":"2026-04-30T01:36:42","slug":"prolongation-de-la-detention-de-kemi-seba-la-justice-sud-africaine-prend-le-benin-a-contre-pieds","status":"publish","type":"post","link":"https:\/\/lepatriotebenin.com\/index.php\/2026\/04\/30\/prolongation-de-la-detention-de-kemi-seba-la-justice-sud-africaine-prend-le-benin-a-contre-pieds\/","title":{"rendered":"Prolongation de la d\u00e9tention de K\u00e8mi S\u00e9ba  : La justice sud-africaine prend le B\u00e9nin \u00e0 contre pieds"},"content":{"rendered":"<p><strong>Depuis quelques jours, le dossier relatif \u00e0 la d\u00e9tention du panafricaniste K\u00e8mi S\u00e9ba en l\u2019Afrique du Sud continue avec ses vagues de rebondissements politiques et judiciaires. Pendant que le B\u00e9nin se plie \u00e0 quatre pour une extradition du d\u00e9tenu selon le procureur sp\u00e9cial de la Criet, Mario M\u00e8tonou, la justice sud-africaine vient de prolonger le suspense en reportant le proc\u00e8s pour sa lib\u00e9ration.<\/strong><\/p>\n<p>&nbsp;<\/p>\n<p>Selon les sources officielles, au terme de l&rsquo;audience qui s&rsquo;est tenue hier mercredi 29 avril 2026, la justice sud-africaine a repouss\u00e9 au 11 mai 2026 l&rsquo;examen de la demande de lib\u00e9ration sous caution du panafricaniste Kemi Seba. Pendant que le B\u00e9nin met tout en \u0153uvre pour son extradition, les juges sud-africains ont d\u00e9cid\u00e9 de le maintenir en d\u00e9tention provisoire. De m\u00eame, leparquet s&rsquo;oppose \u00e0 sa remise en libert\u00e9, l&rsquo;accusant d\u2019avoir planifi\u00e9\u00a0 des attaques terroristes en Europe. Des chefs d&rsquo;accusation qui ont \u00e9t\u00e9 ni\u00e9es par K\u00e8mi S\u00e9ba au cours de l&rsquo;audience selon ses avocats.<\/p>\n<p>Cette nouvelle prolongation de la d\u00e9tention provisoire du pr\u00e9venu ravive le d\u00e9bat sur l&rsquo;extradition de l&rsquo;individu tant souhait\u00e9 par le B\u00e9nin pour r\u00e9pondre de ses actes. Au cours d&rsquo;un point de presse, le procureur sp\u00e9cial de la Cour de r\u00e9pression des infractions \u00e9conomiques et du terrorisme, Mario M\u00e8tonou a affirm\u00e9 avoir saisi les autorit\u00e9s judiciaires sud-africaines pour obtenir une arrestation provisoire de K\u00e8mi S\u00e9ba, sur la base de deux mandats d\u2019arr\u00eat internationaux. Cette d\u00e9marche, pr\u00e9cise-t-il, s\u2019inscrit dans le cadre d\u2019accusations graves : blanchiment de capitaux, incitation \u00e0 la haine, apologie de crime, et implication pr\u00e9sum\u00e9e dans une tentative de d\u00e9stabilisation des institutions de l\u2019\u00c9tat. \u00c0<\/p>\n<p>en croire le magistrat, la d\u00e9tention actuelle de l\u2019activiste en Afrique du Sud d\u00e9coule donc directement d\u2019une initiative b\u00e9ninoise, mais limit\u00e9e \u00e0 une demande d\u2019arrestation provisoire en attendant d\u2019\u00e9ventuelles suites judiciaires. Une nuance importante, qui distingue juridiquement l\u2019arrestation provisoire de la proc\u00e9dure formelle d\u2019extradition. N\u00e9anmoins selon les observateurs de l&rsquo;environnement juridique, cette nouvelle prolongation de la d\u00e9tention de K\u00e8mi S\u00e9ba par la justice sud-africaine vient de multiplier par le n\u00e9ant les propos du procureur sp\u00e9cial de la Criet qui faisait croire en quelque sorte que les autorit\u00e9s judiciaires de l&rsquo;Afrique du Sud sont en \u00e9troite collaboration avec celles du B\u00e9nin.<\/p>\n<p>Si c&rsquo;\u00e9tait le cas, \u00e0 cette heure, K\u00e8mi S\u00e9ba serait d\u00e9j\u00e0 sur le point d&rsquo;\u00eatre extrad\u00e9. D&rsquo;ailleurs, les juges sud-africains ne se penchent m\u00eame pas sur le dossier relatif \u00e0 l&rsquo;extradition. Il faut rappeler que K\u00e9mi Seba a \u00e9t\u00e9 interpell\u00e9 en Afrique du sud mi avril pour s\u00e9jour ill\u00e9gal dans le pays de Nelson Mandela. Son fils de 18 ans ainsi que le chef d\u2019un groupe identitaire europ\u00e9en sont \u00e9galement en d\u00e9tention provisoire dans la m\u00eame affaire.<\/p>\n<p><strong>Alassane Tour\u00e9<\/strong><\/p>\n","protected":false},"excerpt":{"rendered":"<p>Depuis quelques jours, le dossier relatif \u00e0 la d\u00e9tention du panafricaniste K\u00e8mi S\u00e9ba en l\u2019Afrique du Sud continue avec ses vagues de rebondissements politiques et judiciaires. Pendant que le B\u00e9nin&hellip;<\/p>\n","protected":false},"author":5,"featured_media":18951,"comment_status":"open","ping_status":"open","sticky":false,"template":"","format":"standard","meta":{"content-type":"","om_disable_all_campaigns":false,"_monsterinsights_skip_tracking":false,"_monsterinsights_sitenote_active":false,"_monsterinsights_sitenote_note":"","_monsterinsights_sitenote_category":0,"_uf_show_specific_survey":0,"_uf_disable_surveys":false,"footnotes":""},"categories":[20],"tags":[],"class_list":["post-18950","post","type-post","status-publish","format-standard","has-post-thumbnail","hentry","category-societe"],"aioseo_notices":[],"yoast_head":"<!-- This site is optimized with the Yoast SEO plugin v27.5 - https:\/\/yoast.com\/product\/yoast-seo-wordpress\/ -->\n<title>Prolongation de la d\u00e9tention de K\u00e8mi S\u00e9ba : La justice sud-africaine prend le B\u00e9nin \u00e0 contre pieds - Le Patriote<\/title>\n<meta name=\"robots\" content=\"index, follow, max-snippet:-1, max-image-preview:large, max-video-preview:-1\" \/>\n<link rel=\"canonical\" href=\"https:\/\/lepatriotebenin.com\/index.php\/2026\/04\/30\/prolongation-de-la-detention-de-kemi-seba-la-justice-sud-africaine-prend-le-benin-a-contre-pieds\/\" \/>\n<meta property=\"og:locale\" content=\"fr_FR\" \/>\n<meta property=\"og:type\" content=\"article\" \/>\n<meta property=\"og:title\" content=\"Prolongation de la d\u00e9tention de K\u00e8mi S\u00e9ba : La justice sud-africaine prend le B\u00e9nin \u00e0 contre pieds - Le Patriote\" \/>\n<meta property=\"og:description\" content=\"Depuis quelques jours, le dossier relatif \u00e0 la d\u00e9tention du panafricaniste K\u00e8mi S\u00e9ba en l\u2019Afrique du Sud continue avec ses vagues de rebondissements politiques et judiciaires. Pendant que le B\u00e9nin&hellip;\" \/>\n<meta property=\"og:url\" content=\"https:\/\/lepatriotebenin.com\/index.php\/2026\/04\/30\/prolongation-de-la-detention-de-kemi-seba-la-justice-sud-africaine-prend-le-benin-a-contre-pieds\/\" \/>\n<meta property=\"og:site_name\" content=\"Le Patriote\" \/>\n<meta property=\"article:published_time\" content=\"2026-04-30T01:36:42+00:00\" \/>\n<meta property=\"og:image\" content=\"https:\/\/lepatriotebenin.com\/wp-content\/uploads\/2026\/04\/4-ypki0-qdrb8yu-qdlbev.webp\" \/>\n\t<meta property=\"og:image:width\" content=\"1920\" \/>\n\t<meta property=\"og:image:height\" content=\"1260\" \/>\n\t<meta property=\"og:image:type\" content=\"image\/webp\" \/>\n<meta name=\"author\" content=\"Redaction\" \/>\n<meta name=\"twitter:card\" content=\"summary_large_image\" \/>\n<meta name=\"twitter:label1\" content=\"\u00c9crit par\" \/>\n\t<meta name=\"twitter:data1\" content=\"Redaction\" \/>\n\t<meta name=\"twitter:label2\" content=\"Dur\u00e9e de lecture estim\u00e9e\" \/>\n\t<meta name=\"twitter:data2\" content=\"3 minutes\" \/>\n<script type=\"application\/ld+json\" class=\"yoast-schema-graph\">{\"@context\":\"https:\\\/\\\/schema.org\",\"@graph\":[{\"@type\":\"Article\",\"@id\":\"https:\\\/\\\/lepatriotebenin.com\\\/index.php\\\/2026\\\/04\\\/30\\\/prolongation-de-la-detention-de-kemi-seba-la-justice-sud-africaine-prend-le-benin-a-contre-pieds\\\/#article\",\"isPartOf\":{\"@id\":\"https:\\\/\\\/lepatriotebenin.com\\\/index.php\\\/2026\\\/04\\\/30\\\/prolongation-de-la-detention-de-kemi-seba-la-justice-sud-africaine-prend-le-benin-a-contre-pieds\\\/\"},\"author\":{\"name\":\"Redaction\",\"@id\":\"https:\\\/\\\/lepatriotebenin.com\\\/#\\\/schema\\\/person\\\/2e7709b9c9cc313e452d1136af61690f\"},\"headline\":\"Prolongation de la d\u00e9tention de K\u00e8mi S\u00e9ba : La justice sud-africaine prend le B\u00e9nin \u00e0 contre pieds\",\"datePublished\":\"2026-04-30T01:36:42+00:00\",\"mainEntityOfPage\":{\"@id\":\"https:\\\/\\\/lepatriotebenin.com\\\/index.php\\\/2026\\\/04\\\/30\\\/prolongation-de-la-detention-de-kemi-seba-la-justice-sud-africaine-prend-le-benin-a-contre-pieds\\\/\"},\"wordCount\":532,\"commentCount\":0,\"image\":{\"@id\":\"https:\\\/\\\/lepatriotebenin.com\\\/index.php\\\/2026\\\/04\\\/30\\\/prolongation-de-la-detention-de-kemi-seba-la-justice-sud-africaine-prend-le-benin-a-contre-pieds\\\/#primaryimage\"},\"thumbnailUrl\":\"https:\\\/\\\/lepatriotebenin.com\\\/wp-content\\\/uploads\\\/2026\\\/04\\\/4-ypki0-qdrb8yu-qdlbev.webp\",\"articleSection\":[\"Soci\u00e9t\u00e9\"],\"inLanguage\":\"fr-FR\",\"potentialAction\":[{\"@type\":\"CommentAction\",\"name\":\"Comment\",\"target\":[\"https:\\\/\\\/lepatriotebenin.com\\\/index.php\\\/2026\\\/04\\\/30\\\/prolongation-de-la-detention-de-kemi-seba-la-justice-sud-africaine-prend-le-benin-a-contre-pieds\\\/#respond\"]}]},{\"@type\":\"WebPage\",\"@id\":\"https:\\\/\\\/lepatriotebenin.com\\\/index.php\\\/2026\\\/04\\\/30\\\/prolongation-de-la-detention-de-kemi-seba-la-justice-sud-africaine-prend-le-benin-a-contre-pieds\\\/\",\"url\":\"https:\\\/\\\/lepatriotebenin.com\\\/index.php\\\/2026\\\/04\\\/30\\\/prolongation-de-la-detention-de-kemi-seba-la-justice-sud-africaine-prend-le-benin-a-contre-pieds\\\/\",\"name\":\"Prolongation de la d\u00e9tention de K\u00e8mi S\u00e9ba : La justice sud-africaine prend le B\u00e9nin \u00e0 contre pieds - Le Patriote\",\"isPartOf\":{\"@id\":\"https:\\\/\\\/lepatriotebenin.com\\\/#website\"},\"primaryImageOfPage\":{\"@id\":\"https:\\\/\\\/lepatriotebenin.com\\\/index.php\\\/2026\\\/04\\\/30\\\/prolongation-de-la-detention-de-kemi-seba-la-justice-sud-africaine-prend-le-benin-a-contre-pieds\\\/#primaryimage\"},\"image\":{\"@id\":\"https:\\\/\\\/lepatriotebenin.com\\\/index.php\\\/2026\\\/04\\\/30\\\/prolongation-de-la-detention-de-kemi-seba-la-justice-sud-africaine-prend-le-benin-a-contre-pieds\\\/#primaryimage\"},\"thumbnailUrl\":\"https:\\\/\\\/lepatriotebenin.com\\\/wp-content\\\/uploads\\\/2026\\\/04\\\/4-ypki0-qdrb8yu-qdlbev.webp\",\"datePublished\":\"2026-04-30T01:36:42+00:00\",\"author\":{\"@id\":\"https:\\\/\\\/lepatriotebenin.com\\\/#\\\/schema\\\/person\\\/2e7709b9c9cc313e452d1136af61690f\"},\"breadcrumb\":{\"@id\":\"https:\\\/\\\/lepatriotebenin.com\\\/index.php\\\/2026\\\/04\\\/30\\\/prolongation-de-la-detention-de-kemi-seba-la-justice-sud-africaine-prend-le-benin-a-contre-pieds\\\/#breadcrumb\"},\"inLanguage\":\"fr-FR\",\"potentialAction\":[{\"@type\":\"ReadAction\",\"target\":[\"https:\\\/\\\/lepatriotebenin.com\\\/index.php\\\/2026\\\/04\\\/30\\\/prolongation-de-la-detention-de-kemi-seba-la-justice-sud-africaine-prend-le-benin-a-contre-pieds\\\/\"]}]},{\"@type\":\"ImageObject\",\"inLanguage\":\"fr-FR\",\"@id\":\"https:\\\/\\\/lepatriotebenin.com\\\/index.php\\\/2026\\\/04\\\/30\\\/prolongation-de-la-detention-de-kemi-seba-la-justice-sud-africaine-prend-le-benin-a-contre-pieds\\\/#primaryimage\",\"url\":\"https:\\\/\\\/lepatriotebenin.com\\\/wp-content\\\/uploads\\\/2026\\\/04\\\/4-ypki0-qdrb8yu-qdlbev.webp\",\"contentUrl\":\"https:\\\/\\\/lepatriotebenin.com\\\/wp-content\\\/uploads\\\/2026\\\/04\\\/4-ypki0-qdrb8yu-qdlbev.webp\",\"width\":1920,\"height\":1260},{\"@type\":\"BreadcrumbList\",\"@id\":\"https:\\\/\\\/lepatriotebenin.com\\\/index.php\\\/2026\\\/04\\\/30\\\/prolongation-de-la-detention-de-kemi-seba-la-justice-sud-africaine-prend-le-benin-a-contre-pieds\\\/#breadcrumb\",\"itemListElement\":[{\"@type\":\"ListItem\",\"position\":1,\"name\":\"Accueil\",\"item\":\"https:\\\/\\\/lepatriotebenin.com\\\/\"},{\"@type\":\"ListItem\",\"position\":2,\"name\":\"Prolongation de la d\u00e9tention de K\u00e8mi S\u00e9ba : La justice sud-africaine prend le B\u00e9nin \u00e0 contre pieds\"}]},{\"@type\":\"WebSite\",\"@id\":\"https:\\\/\\\/lepatriotebenin.com\\\/#website\",\"url\":\"https:\\\/\\\/lepatriotebenin.com\\\/\",\"name\":\"Le Patriote\",\"description\":\"Le Patriote B\u00e9nin\",\"potentialAction\":[{\"@type\":\"SearchAction\",\"target\":{\"@type\":\"EntryPoint\",\"urlTemplate\":\"https:\\\/\\\/lepatriotebenin.com\\\/?s={search_term_string}\"},\"query-input\":{\"@type\":\"PropertyValueSpecification\",\"valueRequired\":true,\"valueName\":\"search_term_string\"}}],\"inLanguage\":\"fr-FR\"},{\"@type\":\"Person\",\"@id\":\"https:\\\/\\\/lepatriotebenin.com\\\/#\\\/schema\\\/person\\\/2e7709b9c9cc313e452d1136af61690f\",\"name\":\"Redaction\",\"image\":{\"@type\":\"ImageObject\",\"inLanguage\":\"fr-FR\",\"@id\":\"https:\\\/\\\/secure.gravatar.com\\\/avatar\\\/c4c509357859ea2ca2cbb6d8812898a73e4ef1ef9934c2e591d7e32face734d1?s=96&d=mm&r=g\",\"url\":\"https:\\\/\\\/secure.gravatar.com\\\/avatar\\\/c4c509357859ea2ca2cbb6d8812898a73e4ef1ef9934c2e591d7e32face734d1?s=96&d=mm&r=g\",\"contentUrl\":\"https:\\\/\\\/secure.gravatar.com\\\/avatar\\\/c4c509357859ea2ca2cbb6d8812898a73e4ef1ef9934c2e591d7e32face734d1?s=96&d=mm&r=g\",\"caption\":\"Redaction\"},\"url\":\"https:\\\/\\\/lepatriotebenin.com\"}]}<\/script>\n<!-- \/ Yoast SEO plugin. -->","yoast_head_json":{"title":"Prolongation de la d\u00e9tention de K\u00e8mi S\u00e9ba : La justice sud-africaine prend le B\u00e9nin \u00e0 contre pieds - Le Patriote","robots":{"index":"index","follow":"follow","max-snippet":"max-snippet:-1","max-image-preview":"max-image-preview:large","max-video-preview":"max-video-preview:-1"},"canonical":"https:\/\/lepatriotebenin.com\/index.php\/2026\/04\/30\/prolongation-de-la-detention-de-kemi-seba-la-justice-sud-africaine-prend-le-benin-a-contre-pieds\/","og_locale":"fr_FR","og_type":"article","og_title":"Prolongation de la d\u00e9tention de K\u00e8mi S\u00e9ba : La justice sud-africaine prend le B\u00e9nin \u00e0 contre pieds - Le Patriote","og_description":"Depuis quelques jours, le dossier relatif \u00e0 la d\u00e9tention du panafricaniste K\u00e8mi S\u00e9ba en l\u2019Afrique du Sud continue avec ses vagues de rebondissements politiques et judiciaires. Pendant que le B\u00e9nin&hellip;","og_url":"https:\/\/lepatriotebenin.com\/index.php\/2026\/04\/30\/prolongation-de-la-detention-de-kemi-seba-la-justice-sud-africaine-prend-le-benin-a-contre-pieds\/","og_site_name":"Le Patriote","article_published_time":"2026-04-30T01:36:42+00:00","og_image":[{"width":1920,"height":1260,"url":"https:\/\/lepatriotebenin.com\/wp-content\/uploads\/2026\/04\/4-ypki0-qdrb8yu-qdlbev.webp","type":"image\/webp"}],"author":"Redaction","twitter_card":"summary_large_image","twitter_misc":{"\u00c9crit par":"Redaction","Dur\u00e9e de lecture estim\u00e9e":"3 minutes"},"schema":{"@context":"https:\/\/schema.org","@graph":[{"@type":"Article","@id":"https:\/\/lepatriotebenin.com\/index.php\/2026\/04\/30\/prolongation-de-la-detention-de-kemi-seba-la-justice-sud-africaine-prend-le-benin-a-contre-pieds\/#article","isPartOf":{"@id":"https:\/\/lepatriotebenin.com\/index.php\/2026\/04\/30\/prolongation-de-la-detention-de-kemi-seba-la-justice-sud-africaine-prend-le-benin-a-contre-pieds\/"},"author":{"name":"Redaction","@id":"https:\/\/lepatriotebenin.com\/#\/schema\/person\/2e7709b9c9cc313e452d1136af61690f"},"headline":"Prolongation de la d\u00e9tention de K\u00e8mi S\u00e9ba : La justice sud-africaine prend le B\u00e9nin \u00e0 contre pieds","datePublished":"2026-04-30T01:36:42+00:00","mainEntityOfPage":{"@id":"https:\/\/lepatriotebenin.com\/index.php\/2026\/04\/30\/prolongation-de-la-detention-de-kemi-seba-la-justice-sud-africaine-prend-le-benin-a-contre-pieds\/"},"wordCount":532,"commentCount":0,"image":{"@id":"https:\/\/lepatriotebenin.com\/index.php\/2026\/04\/30\/prolongation-de-la-detention-de-kemi-seba-la-justice-sud-africaine-prend-le-benin-a-contre-pieds\/#primaryimage"},"thumbnailUrl":"https:\/\/lepatriotebenin.com\/wp-content\/uploads\/2026\/04\/4-ypki0-qdrb8yu-qdlbev.webp","articleSection":["Soci\u00e9t\u00e9"],"inLanguage":"fr-FR","potentialAction":[{"@type":"CommentAction","name":"Comment","target":["https:\/\/lepatriotebenin.com\/index.php\/2026\/04\/30\/prolongation-de-la-detention-de-kemi-seba-la-justice-sud-africaine-prend-le-benin-a-contre-pieds\/#respond"]}]},{"@type":"WebPage","@id":"https:\/\/lepatriotebenin.com\/index.php\/2026\/04\/30\/prolongation-de-la-detention-de-kemi-seba-la-justice-sud-africaine-prend-le-benin-a-contre-pieds\/","url":"https:\/\/lepatriotebenin.com\/index.php\/2026\/04\/30\/prolongation-de-la-detention-de-kemi-seba-la-justice-sud-africaine-prend-le-benin-a-contre-pieds\/","name":"Prolongation de la d\u00e9tention de K\u00e8mi S\u00e9ba : La justice sud-africaine prend le B\u00e9nin \u00e0 contre pieds - Le Patriote","isPartOf":{"@id":"https:\/\/lepatriotebenin.com\/#website"},"primaryImageOfPage":{"@id":"https:\/\/lepatriotebenin.com\/index.php\/2026\/04\/30\/prolongation-de-la-detention-de-kemi-seba-la-justice-sud-africaine-prend-le-benin-a-contre-pieds\/#primaryimage"},"image":{"@id":"https:\/\/lepatriotebenin.com\/index.php\/2026\/04\/30\/prolongation-de-la-detention-de-kemi-seba-la-justice-sud-africaine-prend-le-benin-a-contre-pieds\/#primaryimage"},"thumbnailUrl":"https:\/\/lepatriotebenin.com\/wp-content\/uploads\/2026\/04\/4-ypki0-qdrb8yu-qdlbev.webp","datePublished":"2026-04-30T01:36:42+00:00","author":{"@id":"https:\/\/lepatriotebenin.com\/#\/schema\/person\/2e7709b9c9cc313e452d1136af61690f"},"breadcrumb":{"@id":"https:\/\/lepatriotebenin.com\/index.php\/2026\/04\/30\/prolongation-de-la-detention-de-kemi-seba-la-justice-sud-africaine-prend-le-benin-a-contre-pieds\/#breadcrumb"},"inLanguage":"fr-FR","potentialAction":[{"@type":"ReadAction","target":["https:\/\/lepatriotebenin.com\/index.php\/2026\/04\/30\/prolongation-de-la-detention-de-kemi-seba-la-justice-sud-africaine-prend-le-benin-a-contre-pieds\/"]}]},{"@type":"ImageObject","inLanguage":"fr-FR","@id":"https:\/\/lepatriotebenin.com\/index.php\/2026\/04\/30\/prolongation-de-la-detention-de-kemi-seba-la-justice-sud-africaine-prend-le-benin-a-contre-pieds\/#primaryimage","url":"https:\/\/lepatriotebenin.com\/wp-content\/uploads\/2026\/04\/4-ypki0-qdrb8yu-qdlbev.webp","contentUrl":"https:\/\/lepatriotebenin.com\/wp-content\/uploads\/2026\/04\/4-ypki0-qdrb8yu-qdlbev.webp","width":1920,"height":1260},{"@type":"BreadcrumbList","@id":"https:\/\/lepatriotebenin.com\/index.php\/2026\/04\/30\/prolongation-de-la-detention-de-kemi-seba-la-justice-sud-africaine-prend-le-benin-a-contre-pieds\/#breadcrumb","itemListElement":[{"@type":"ListItem","position":1,"name":"Accueil","item":"https:\/\/lepatriotebenin.com\/"},{"@type":"ListItem","position":2,"name":"Prolongation de la d\u00e9tention de K\u00e8mi S\u00e9ba : La justice sud-africaine prend le B\u00e9nin \u00e0 contre pieds"}]},{"@type":"WebSite","@id":"https:\/\/lepatriotebenin.com\/#website","url":"https:\/\/lepatriotebenin.com\/","name":"Le Patriote","description":"Le Patriote B\u00e9nin","potentialAction":[{"@type":"SearchAction","target":{"@type":"EntryPoint","urlTemplate":"https:\/\/lepatriotebenin.com\/?s={search_term_string}"},"query-input":{"@type":"PropertyValueSpecification","valueRequired":true,"valueName":"search_term_string"}}],"inLanguage":"fr-FR"},{"@type":"Person","@id":"https:\/\/lepatriotebenin.com\/#\/schema\/person\/2e7709b9c9cc313e452d1136af61690f","name":"Redaction","image":{"@type":"ImageObject","inLanguage":"fr-FR","@id":"https:\/\/secure.gravatar.com\/avatar\/c4c509357859ea2ca2cbb6d8812898a73e4ef1ef9934c2e591d7e32face734d1?s=96&d=mm&r=g","url":"https:\/\/secure.gravatar.com\/avatar\/c4c509357859ea2ca2cbb6d8812898a73e4ef1ef9934c2e591d7e32face734d1?s=96&d=mm&r=g","contentUrl":"https:\/\/secure.gravatar.com\/avatar\/c4c509357859ea2ca2cbb6d8812898a73e4ef1ef9934c2e591d7e32face734d1?s=96&d=mm&r=g","caption":"Redaction"},"url":"https:\/\/lepatriotebenin.com"}]}},"_links":{"self":[{"href":"https:\/\/lepatriotebenin.com\/index.php\/wp-json\/wp\/v2\/posts\/18950","targetHints":{"allow":["GET"]}}],"collection":[{"href":"https:\/\/lepatriotebenin.com\/index.php\/wp-json\/wp\/v2\/posts"}],"about":[{"href":"https:\/\/lepatriotebenin.com\/index.php\/wp-json\/wp\/v2\/types\/post"}],"author":[{"embeddable":true,"href":"https:\/\/lepatriotebenin.com\/index.php\/wp-json\/wp\/v2\/users\/5"}],"replies":[{"embeddable":true,"href":"https:\/\/lepatriotebenin.com\/index.php\/wp-json\/wp\/v2\/comments?post=18950"}],"version-history":[{"count":1,"href":"https:\/\/lepatriotebenin.com\/index.php\/wp-json\/wp\/v2\/posts\/18950\/revisions"}],"predecessor-version":[{"id":18952,"href":"https:\/\/lepatriotebenin.com\/index.php\/wp-json\/wp\/v2\/posts\/18950\/revisions\/18952"}],"wp:featuredmedia":[{"embeddable":true,"href":"https:\/\/lepatriotebenin.com\/index.php\/wp-json\/wp\/v2\/media\/18951"}],"wp:attachment":[{"href":"https:\/\/lepatriotebenin.com\/index.php\/wp-json\/wp\/v2\/media?parent=18950"}],"wp:term":[{"taxonomy":"category","embeddable":true,"href":"https:\/\/lepatriotebenin.com\/index.php\/wp-json\/wp\/v2\/categories?post=18950"},{"taxonomy":"post_tag","embeddable":true,"href":"https:\/\/lepatriotebenin.com\/index.php\/wp-json\/wp\/v2\/tags?post=18950"}],"curies":[{"name":"wp","href":"https:\/\/api.w.org\/{rel}","templated":true}]}}