{"id":18947,"date":"2026-04-30T03:29:44","date_gmt":"2026-04-30T01:29:44","guid":{"rendered":"https:\/\/lepatriotebenin.com\/?p=18947"},"modified":"2026-04-30T03:29:44","modified_gmt":"2026-04-30T01:29:44","slug":"jo-los-angeles-2028-f-le-benin-herite-du-mali-au-2e-tour","status":"publish","type":"post","link":"https:\/\/lepatriotebenin.com\/index.php\/2026\/04\/30\/jo-los-angeles-2028-f-le-benin-herite-du-mali-au-2e-tour\/","title":{"rendered":"JO Los Angeles 2028 (F) : le B\u00e9nin h\u00e9rite du Mali au 2e tour"},"content":{"rendered":"<p>Les Jeux Olympiques d\u2019\u00e9t\u00e9 de Los Angeles 2028, pr\u00e9vus du 14 au 30 juillet 2028, marqueront la 34e \u00e9dition de cette grande messe du sport mondial, la troisi\u00e8me organis\u00e9e par la ville am\u00e9ricaine apr\u00e8s 1932 et 1984.<\/p>\n<p>En pr\u00e9lude \u00e0 ce rendez-vous, la Conf\u00e9d\u00e9ration africaine de football a proc\u00e9d\u00e9, ce mercredi 29 avril 2026 au Caire\u00a0 en Egypte, au tirage au sort des \u00e9liminatoires africaines du tournoi f\u00e9minin de football.<\/p>\n<p>\u00c0 l\u2019issue de ce tirage, les Amazones du B\u00e9nin sont fix\u00e9es. Exempt\u00e9es du premier tour, elles feront leur entr\u00e9e en lice au deuxi\u00e8me tour face au Mali. Une opposition sous-r\u00e9gionale qui s\u2019annonce disput\u00e9e, avec une double confrontation pr\u00e9vue les 5\u00a0 et 13 octobre 2026. Le match aller\u00a0 sera jou\u00e9\u00a0 au B\u00e9nin.<\/p>\n<p>Au total, 35 s\u00e9lections africaines prennent part \u00e0 ces \u00e9liminatoires, disput\u00e9es en cinq tours \u00e0 \u00e9limination directe. Au bout des parcours, seules deux nations d\u00e9crocheront leur ticket pour repr\u00e9senter le continent aux Jeux Olympiques.<\/p>\n<p>Pour les Amazones, l\u2019objectif est clair : franchir les diff\u00e9rentes \u00e9tapes et nourrir l\u2019ambition d\u2019une premi\u00e8re qualification historique \u00e0 une phase finale des Jeux Olympiques.<\/p>\n<p><strong>NA<\/strong><\/p>\n","protected":false},"excerpt":{"rendered":"<p>Les Jeux Olympiques d\u2019\u00e9t\u00e9 de Los Angeles 2028, pr\u00e9vus du 14 au 30 juillet 2028, marqueront la 34e \u00e9dition de cette grande messe du sport mondial, la troisi\u00e8me organis\u00e9e par&hellip;<\/p>\n","protected":false},"author":5,"featured_media":18948,"comment_status":"open","ping_status":"open","sticky":false,"template":"","format":"standard","meta":{"content-type":"","om_disable_all_campaigns":false,"_monsterinsights_skip_tracking":false,"_monsterinsights_sitenote_active":false,"_monsterinsights_sitenote_note":"","_monsterinsights_sitenote_category":0,"_uf_show_specific_survey":0,"_uf_disable_surveys":false,"footnotes":""},"categories":[8],"tags":[],"class_list":["post-18947","post","type-post","status-publish","format-standard","has-post-thumbnail","hentry","category-sport"],"aioseo_notices":[],"yoast_head":"<!-- This site is optimized with the Yoast SEO plugin v27.5 - https:\/\/yoast.com\/product\/yoast-seo-wordpress\/ -->\n<title>JO Los Angeles 2028 (F) : le B\u00e9nin h\u00e9rite du Mali au 2e tour - Le Patriote<\/title>\n<meta name=\"robots\" content=\"index, follow, max-snippet:-1, max-image-preview:large, max-video-preview:-1\" \/>\n<link rel=\"canonical\" href=\"https:\/\/lepatriotebenin.com\/index.php\/2026\/04\/30\/jo-los-angeles-2028-f-le-benin-herite-du-mali-au-2e-tour\/\" \/>\n<meta property=\"og:locale\" content=\"fr_FR\" \/>\n<meta property=\"og:type\" content=\"article\" \/>\n<meta property=\"og:title\" content=\"JO Los Angeles 2028 (F) : le B\u00e9nin h\u00e9rite du Mali au 2e tour - Le Patriote\" \/>\n<meta property=\"og:description\" content=\"Les Jeux Olympiques d\u2019\u00e9t\u00e9 de Los Angeles 2028, pr\u00e9vus du 14 au 30 juillet 2028, marqueront la 34e \u00e9dition de cette grande messe du sport mondial, la troisi\u00e8me organis\u00e9e par&hellip;\" \/>\n<meta property=\"og:url\" content=\"https:\/\/lepatriotebenin.com\/index.php\/2026\/04\/30\/jo-los-angeles-2028-f-le-benin-herite-du-mali-au-2e-tour\/\" \/>\n<meta property=\"og:site_name\" content=\"Le Patriote\" \/>\n<meta property=\"article:published_time\" content=\"2026-04-30T01:29:44+00:00\" \/>\n<meta property=\"og:image\" content=\"https:\/\/lepatriotebenin.com\/wp-content\/uploads\/2026\/04\/amazones-q.jpeg\" \/>\n\t<meta property=\"og:image:width\" content=\"720\" \/>\n\t<meta property=\"og:image:height\" content=\"480\" \/>\n\t<meta property=\"og:image:type\" content=\"image\/jpeg\" \/>\n<meta name=\"author\" content=\"Redaction\" \/>\n<meta name=\"twitter:card\" content=\"summary_large_image\" \/>\n<meta name=\"twitter:label1\" content=\"\u00c9crit par\" \/>\n\t<meta name=\"twitter:data1\" content=\"Redaction\" \/>\n\t<meta name=\"twitter:label2\" content=\"Dur\u00e9e de lecture estim\u00e9e\" \/>\n\t<meta name=\"twitter:data2\" content=\"2 minutes\" \/>\n<script type=\"application\/ld+json\" class=\"yoast-schema-graph\">{\"@context\":\"https:\\\/\\\/schema.org\",\"@graph\":[{\"@type\":\"Article\",\"@id\":\"https:\\\/\\\/lepatriotebenin.com\\\/index.php\\\/2026\\\/04\\\/30\\\/jo-los-angeles-2028-f-le-benin-herite-du-mali-au-2e-tour\\\/#article\",\"isPartOf\":{\"@id\":\"https:\\\/\\\/lepatriotebenin.com\\\/index.php\\\/2026\\\/04\\\/30\\\/jo-los-angeles-2028-f-le-benin-herite-du-mali-au-2e-tour\\\/\"},\"author\":{\"name\":\"Redaction\",\"@id\":\"https:\\\/\\\/lepatriotebenin.com\\\/#\\\/schema\\\/person\\\/2e7709b9c9cc313e452d1136af61690f\"},\"headline\":\"JO Los Angeles 2028 (F) : le B\u00e9nin h\u00e9rite du Mali au 2e tour\",\"datePublished\":\"2026-04-30T01:29:44+00:00\",\"mainEntityOfPage\":{\"@id\":\"https:\\\/\\\/lepatriotebenin.com\\\/index.php\\\/2026\\\/04\\\/30\\\/jo-los-angeles-2028-f-le-benin-herite-du-mali-au-2e-tour\\\/\"},\"wordCount\":208,\"commentCount\":0,\"image\":{\"@id\":\"https:\\\/\\\/lepatriotebenin.com\\\/index.php\\\/2026\\\/04\\\/30\\\/jo-los-angeles-2028-f-le-benin-herite-du-mali-au-2e-tour\\\/#primaryimage\"},\"thumbnailUrl\":\"https:\\\/\\\/lepatriotebenin.com\\\/wp-content\\\/uploads\\\/2026\\\/04\\\/amazones-q.jpeg\",\"articleSection\":[\"Sport\"],\"inLanguage\":\"fr-FR\",\"potentialAction\":[{\"@type\":\"CommentAction\",\"name\":\"Comment\",\"target\":[\"https:\\\/\\\/lepatriotebenin.com\\\/index.php\\\/2026\\\/04\\\/30\\\/jo-los-angeles-2028-f-le-benin-herite-du-mali-au-2e-tour\\\/#respond\"]}]},{\"@type\":\"WebPage\",\"@id\":\"https:\\\/\\\/lepatriotebenin.com\\\/index.php\\\/2026\\\/04\\\/30\\\/jo-los-angeles-2028-f-le-benin-herite-du-mali-au-2e-tour\\\/\",\"url\":\"https:\\\/\\\/lepatriotebenin.com\\\/index.php\\\/2026\\\/04\\\/30\\\/jo-los-angeles-2028-f-le-benin-herite-du-mali-au-2e-tour\\\/\",\"name\":\"JO Los Angeles 2028 (F) : le B\u00e9nin h\u00e9rite du Mali au 2e tour - Le Patriote\",\"isPartOf\":{\"@id\":\"https:\\\/\\\/lepatriotebenin.com\\\/#website\"},\"primaryImageOfPage\":{\"@id\":\"https:\\\/\\\/lepatriotebenin.com\\\/index.php\\\/2026\\\/04\\\/30\\\/jo-los-angeles-2028-f-le-benin-herite-du-mali-au-2e-tour\\\/#primaryimage\"},\"image\":{\"@id\":\"https:\\\/\\\/lepatriotebenin.com\\\/index.php\\\/2026\\\/04\\\/30\\\/jo-los-angeles-2028-f-le-benin-herite-du-mali-au-2e-tour\\\/#primaryimage\"},\"thumbnailUrl\":\"https:\\\/\\\/lepatriotebenin.com\\\/wp-content\\\/uploads\\\/2026\\\/04\\\/amazones-q.jpeg\",\"datePublished\":\"2026-04-30T01:29:44+00:00\",\"author\":{\"@id\":\"https:\\\/\\\/lepatriotebenin.com\\\/#\\\/schema\\\/person\\\/2e7709b9c9cc313e452d1136af61690f\"},\"breadcrumb\":{\"@id\":\"https:\\\/\\\/lepatriotebenin.com\\\/index.php\\\/2026\\\/04\\\/30\\\/jo-los-angeles-2028-f-le-benin-herite-du-mali-au-2e-tour\\\/#breadcrumb\"},\"inLanguage\":\"fr-FR\",\"potentialAction\":[{\"@type\":\"ReadAction\",\"target\":[\"https:\\\/\\\/lepatriotebenin.com\\\/index.php\\\/2026\\\/04\\\/30\\\/jo-los-angeles-2028-f-le-benin-herite-du-mali-au-2e-tour\\\/\"]}]},{\"@type\":\"ImageObject\",\"inLanguage\":\"fr-FR\",\"@id\":\"https:\\\/\\\/lepatriotebenin.com\\\/index.php\\\/2026\\\/04\\\/30\\\/jo-los-angeles-2028-f-le-benin-herite-du-mali-au-2e-tour\\\/#primaryimage\",\"url\":\"https:\\\/\\\/lepatriotebenin.com\\\/wp-content\\\/uploads\\\/2026\\\/04\\\/amazones-q.jpeg\",\"contentUrl\":\"https:\\\/\\\/lepatriotebenin.com\\\/wp-content\\\/uploads\\\/2026\\\/04\\\/amazones-q.jpeg\",\"width\":720,\"height\":480},{\"@type\":\"BreadcrumbList\",\"@id\":\"https:\\\/\\\/lepatriotebenin.com\\\/index.php\\\/2026\\\/04\\\/30\\\/jo-los-angeles-2028-f-le-benin-herite-du-mali-au-2e-tour\\\/#breadcrumb\",\"itemListElement\":[{\"@type\":\"ListItem\",\"position\":1,\"name\":\"Accueil\",\"item\":\"https:\\\/\\\/lepatriotebenin.com\\\/\"},{\"@type\":\"ListItem\",\"position\":2,\"name\":\"JO Los Angeles 2028 (F) : le B\u00e9nin h\u00e9rite du Mali au 2e tour\"}]},{\"@type\":\"WebSite\",\"@id\":\"https:\\\/\\\/lepatriotebenin.com\\\/#website\",\"url\":\"https:\\\/\\\/lepatriotebenin.com\\\/\",\"name\":\"Le Patriote\",\"description\":\"Le Patriote B\u00e9nin\",\"potentialAction\":[{\"@type\":\"SearchAction\",\"target\":{\"@type\":\"EntryPoint\",\"urlTemplate\":\"https:\\\/\\\/lepatriotebenin.com\\\/?s={search_term_string}\"},\"query-input\":{\"@type\":\"PropertyValueSpecification\",\"valueRequired\":true,\"valueName\":\"search_term_string\"}}],\"inLanguage\":\"fr-FR\"},{\"@type\":\"Person\",\"@id\":\"https:\\\/\\\/lepatriotebenin.com\\\/#\\\/schema\\\/person\\\/2e7709b9c9cc313e452d1136af61690f\",\"name\":\"Redaction\",\"image\":{\"@type\":\"ImageObject\",\"inLanguage\":\"fr-FR\",\"@id\":\"https:\\\/\\\/secure.gravatar.com\\\/avatar\\\/c4c509357859ea2ca2cbb6d8812898a73e4ef1ef9934c2e591d7e32face734d1?s=96&d=mm&r=g\",\"url\":\"https:\\\/\\\/secure.gravatar.com\\\/avatar\\\/c4c509357859ea2ca2cbb6d8812898a73e4ef1ef9934c2e591d7e32face734d1?s=96&d=mm&r=g\",\"contentUrl\":\"https:\\\/\\\/secure.gravatar.com\\\/avatar\\\/c4c509357859ea2ca2cbb6d8812898a73e4ef1ef9934c2e591d7e32face734d1?s=96&d=mm&r=g\",\"caption\":\"Redaction\"},\"url\":\"https:\\\/\\\/lepatriotebenin.com\"}]}<\/script>\n<!-- \/ Yoast SEO plugin. -->","yoast_head_json":{"title":"JO Los Angeles 2028 (F) : le B\u00e9nin h\u00e9rite du Mali au 2e tour - Le Patriote","robots":{"index":"index","follow":"follow","max-snippet":"max-snippet:-1","max-image-preview":"max-image-preview:large","max-video-preview":"max-video-preview:-1"},"canonical":"https:\/\/lepatriotebenin.com\/index.php\/2026\/04\/30\/jo-los-angeles-2028-f-le-benin-herite-du-mali-au-2e-tour\/","og_locale":"fr_FR","og_type":"article","og_title":"JO Los Angeles 2028 (F) : le B\u00e9nin h\u00e9rite du Mali au 2e tour - Le Patriote","og_description":"Les Jeux Olympiques d\u2019\u00e9t\u00e9 de Los Angeles 2028, pr\u00e9vus du 14 au 30 juillet 2028, marqueront la 34e \u00e9dition de cette grande messe du sport mondial, la troisi\u00e8me organis\u00e9e par&hellip;","og_url":"https:\/\/lepatriotebenin.com\/index.php\/2026\/04\/30\/jo-los-angeles-2028-f-le-benin-herite-du-mali-au-2e-tour\/","og_site_name":"Le Patriote","article_published_time":"2026-04-30T01:29:44+00:00","og_image":[{"width":720,"height":480,"url":"https:\/\/lepatriotebenin.com\/wp-content\/uploads\/2026\/04\/amazones-q.jpeg","type":"image\/jpeg"}],"author":"Redaction","twitter_card":"summary_large_image","twitter_misc":{"\u00c9crit par":"Redaction","Dur\u00e9e de lecture estim\u00e9e":"2 minutes"},"schema":{"@context":"https:\/\/schema.org","@graph":[{"@type":"Article","@id":"https:\/\/lepatriotebenin.com\/index.php\/2026\/04\/30\/jo-los-angeles-2028-f-le-benin-herite-du-mali-au-2e-tour\/#article","isPartOf":{"@id":"https:\/\/lepatriotebenin.com\/index.php\/2026\/04\/30\/jo-los-angeles-2028-f-le-benin-herite-du-mali-au-2e-tour\/"},"author":{"name":"Redaction","@id":"https:\/\/lepatriotebenin.com\/#\/schema\/person\/2e7709b9c9cc313e452d1136af61690f"},"headline":"JO Los Angeles 2028 (F) : le B\u00e9nin h\u00e9rite du Mali au 2e tour","datePublished":"2026-04-30T01:29:44+00:00","mainEntityOfPage":{"@id":"https:\/\/lepatriotebenin.com\/index.php\/2026\/04\/30\/jo-los-angeles-2028-f-le-benin-herite-du-mali-au-2e-tour\/"},"wordCount":208,"commentCount":0,"image":{"@id":"https:\/\/lepatriotebenin.com\/index.php\/2026\/04\/30\/jo-los-angeles-2028-f-le-benin-herite-du-mali-au-2e-tour\/#primaryimage"},"thumbnailUrl":"https:\/\/lepatriotebenin.com\/wp-content\/uploads\/2026\/04\/amazones-q.jpeg","articleSection":["Sport"],"inLanguage":"fr-FR","potentialAction":[{"@type":"CommentAction","name":"Comment","target":["https:\/\/lepatriotebenin.com\/index.php\/2026\/04\/30\/jo-los-angeles-2028-f-le-benin-herite-du-mali-au-2e-tour\/#respond"]}]},{"@type":"WebPage","@id":"https:\/\/lepatriotebenin.com\/index.php\/2026\/04\/30\/jo-los-angeles-2028-f-le-benin-herite-du-mali-au-2e-tour\/","url":"https:\/\/lepatriotebenin.com\/index.php\/2026\/04\/30\/jo-los-angeles-2028-f-le-benin-herite-du-mali-au-2e-tour\/","name":"JO Los Angeles 2028 (F) : le B\u00e9nin h\u00e9rite du Mali au 2e tour - Le Patriote","isPartOf":{"@id":"https:\/\/lepatriotebenin.com\/#website"},"primaryImageOfPage":{"@id":"https:\/\/lepatriotebenin.com\/index.php\/2026\/04\/30\/jo-los-angeles-2028-f-le-benin-herite-du-mali-au-2e-tour\/#primaryimage"},"image":{"@id":"https:\/\/lepatriotebenin.com\/index.php\/2026\/04\/30\/jo-los-angeles-2028-f-le-benin-herite-du-mali-au-2e-tour\/#primaryimage"},"thumbnailUrl":"https:\/\/lepatriotebenin.com\/wp-content\/uploads\/2026\/04\/amazones-q.jpeg","datePublished":"2026-04-30T01:29:44+00:00","author":{"@id":"https:\/\/lepatriotebenin.com\/#\/schema\/person\/2e7709b9c9cc313e452d1136af61690f"},"breadcrumb":{"@id":"https:\/\/lepatriotebenin.com\/index.php\/2026\/04\/30\/jo-los-angeles-2028-f-le-benin-herite-du-mali-au-2e-tour\/#breadcrumb"},"inLanguage":"fr-FR","potentialAction":[{"@type":"ReadAction","target":["https:\/\/lepatriotebenin.com\/index.php\/2026\/04\/30\/jo-los-angeles-2028-f-le-benin-herite-du-mali-au-2e-tour\/"]}]},{"@type":"ImageObject","inLanguage":"fr-FR","@id":"https:\/\/lepatriotebenin.com\/index.php\/2026\/04\/30\/jo-los-angeles-2028-f-le-benin-herite-du-mali-au-2e-tour\/#primaryimage","url":"https:\/\/lepatriotebenin.com\/wp-content\/uploads\/2026\/04\/amazones-q.jpeg","contentUrl":"https:\/\/lepatriotebenin.com\/wp-content\/uploads\/2026\/04\/amazones-q.jpeg","width":720,"height":480},{"@type":"BreadcrumbList","@id":"https:\/\/lepatriotebenin.com\/index.php\/2026\/04\/30\/jo-los-angeles-2028-f-le-benin-herite-du-mali-au-2e-tour\/#breadcrumb","itemListElement":[{"@type":"ListItem","position":1,"name":"Accueil","item":"https:\/\/lepatriotebenin.com\/"},{"@type":"ListItem","position":2,"name":"JO Los Angeles 2028 (F) : le B\u00e9nin h\u00e9rite du Mali au 2e tour"}]},{"@type":"WebSite","@id":"https:\/\/lepatriotebenin.com\/#website","url":"https:\/\/lepatriotebenin.com\/","name":"Le Patriote","description":"Le Patriote B\u00e9nin","potentialAction":[{"@type":"SearchAction","target":{"@type":"EntryPoint","urlTemplate":"https:\/\/lepatriotebenin.com\/?s={search_term_string}"},"query-input":{"@type":"PropertyValueSpecification","valueRequired":true,"valueName":"search_term_string"}}],"inLanguage":"fr-FR"},{"@type":"Person","@id":"https:\/\/lepatriotebenin.com\/#\/schema\/person\/2e7709b9c9cc313e452d1136af61690f","name":"Redaction","image":{"@type":"ImageObject","inLanguage":"fr-FR","@id":"https:\/\/secure.gravatar.com\/avatar\/c4c509357859ea2ca2cbb6d8812898a73e4ef1ef9934c2e591d7e32face734d1?s=96&d=mm&r=g","url":"https:\/\/secure.gravatar.com\/avatar\/c4c509357859ea2ca2cbb6d8812898a73e4ef1ef9934c2e591d7e32face734d1?s=96&d=mm&r=g","contentUrl":"https:\/\/secure.gravatar.com\/avatar\/c4c509357859ea2ca2cbb6d8812898a73e4ef1ef9934c2e591d7e32face734d1?s=96&d=mm&r=g","caption":"Redaction"},"url":"https:\/\/lepatriotebenin.com"}]}},"_links":{"self":[{"href":"https:\/\/lepatriotebenin.com\/index.php\/wp-json\/wp\/v2\/posts\/18947","targetHints":{"allow":["GET"]}}],"collection":[{"href":"https:\/\/lepatriotebenin.com\/index.php\/wp-json\/wp\/v2\/posts"}],"about":[{"href":"https:\/\/lepatriotebenin.com\/index.php\/wp-json\/wp\/v2\/types\/post"}],"author":[{"embeddable":true,"href":"https:\/\/lepatriotebenin.com\/index.php\/wp-json\/wp\/v2\/users\/5"}],"replies":[{"embeddable":true,"href":"https:\/\/lepatriotebenin.com\/index.php\/wp-json\/wp\/v2\/comments?post=18947"}],"version-history":[{"count":1,"href":"https:\/\/lepatriotebenin.com\/index.php\/wp-json\/wp\/v2\/posts\/18947\/revisions"}],"predecessor-version":[{"id":18949,"href":"https:\/\/lepatriotebenin.com\/index.php\/wp-json\/wp\/v2\/posts\/18947\/revisions\/18949"}],"wp:featuredmedia":[{"embeddable":true,"href":"https:\/\/lepatriotebenin.com\/index.php\/wp-json\/wp\/v2\/media\/18948"}],"wp:attachment":[{"href":"https:\/\/lepatriotebenin.com\/index.php\/wp-json\/wp\/v2\/media?parent=18947"}],"wp:term":[{"taxonomy":"category","embeddable":true,"href":"https:\/\/lepatriotebenin.com\/index.php\/wp-json\/wp\/v2\/categories?post=18947"},{"taxonomy":"post_tag","embeddable":true,"href":"https:\/\/lepatriotebenin.com\/index.php\/wp-json\/wp\/v2\/tags?post=18947"}],"curies":[{"name":"wp","href":"https:\/\/api.w.org\/{rel}","templated":true}]}}