{"id":18944,"date":"2026-04-30T03:25:17","date_gmt":"2026-04-30T01:25:17","guid":{"rendered":"https:\/\/lepatriotebenin.com\/?p=18944"},"modified":"2026-04-30T03:25:17","modified_gmt":"2026-04-30T01:25:17","slug":"tour-cycliste-international-du-benin-2026-lalgerien-assal-nadjib-vainqueur-de-la-2eme-etape","status":"publish","type":"post","link":"https:\/\/lepatriotebenin.com\/index.php\/2026\/04\/30\/tour-cycliste-international-du-benin-2026-lalgerien-assal-nadjib-vainqueur-de-la-2eme-etape\/","title":{"rendered":"Tour cycliste international du B\u00e9nin 2026 :L\u2019Alg\u00e9rien  Assal Nadjib vainqueur de  la 2\u00e8me \u00e9tape"},"content":{"rendered":"<p>La\u00a0 2\u00e8me \u00e9tape N\u2019Dali-Beterou-Tchaourou de la 21\u00e8me\u00a0 \u00e9dition du Tour cycliste international du B\u00e9nin\u00a0 a \u00e9t\u00e9 couru ce mercredi 29 avril 2026.Elle a \u00e9t\u00e9 remport\u00e9e par l\u2019Alg\u00e9rien\u00a0 Assal Nadjib\u00a0 qui a franchi le premier\u00a0 la\u00a0 ligne d\u2019arriv\u00e9e en 03h45\u201935\u201d.\u00a0 Il est suivi\u00a0 respectivement de Habteab Yoel de la Team Bike AID) et de \u00a0Riahi Anes (Alg\u00e9rie). Le\u00a0 podium de cette 2\u00e8me \u00e9tape est\u00a0 essentiellement compos\u00e9 d\u2019africain. Cela traduit la \u201cmaturit\u00e9 du Tour du B\u00e9nin\u201d, a reconnu J\u00e9r\u00e9my Ford Directeur sportif de l\u2019\u00e9quipe allemande (Team Bike AID). Car, bien qu\u2019\u00e9tant membre de l\u2019\u00e9curie Team Bike AID, Yoel Habteab est d\u2019origine \u00e9thiopienne. La vitesse moyenne de cette seconde \u00e9tape longue de 155,72km est 41,42km\/h.<\/p>\n<p>Il\u00a0 faut pr\u00e9ciser que\u00a0 Belohvosciks Kristians (Team Bike AID Allemagne) conserve son maillot jaune.\u00a0 Quant \u00e0 Sodj\u00e8d\u00e9 Ricardo, il a le Maillot du\u00a0 classement du plus combatif des B\u00e9ninois. Il est \u00e0 signaler que la 3\u00e8me \u00e9tape Djougou\u2013Bant\u00e8, longue de 169,35 km, la plus longue, sera courue ce\u00a0 jeudi 30 avril 2026.<\/p>\n<p>&nbsp;<\/p>\n<p><strong>\u00a0\u00a0\u00a0 Voici un r\u00e9capitulatif sur tous les six (06) maillots :<\/strong><\/p>\n<p>Maillot Jaune sponsoris\u00e9 par Castel\u00a01er au Classement G\u00e9n\u00e9ral : Belohvosciks Kristians, Team Bike AID Allemagne<\/p>\n<p>Super U Maillot 1er classement par point : Belohvosciks Kristians, Team Bike AID Allemagne<\/p>\n<p>Moov Africa Maillot classement du 1er des Africains : Mayer Alexandre , \u00cele Maurice<\/p>\n<p>CFAO Mobility Maillot classement du 1er des B\u00e9ninois : Sa\u00efzonou Glorad<\/p>\n<p>NSIA Maillot classement des jeunes : Belohvosciks Kristians, Team Bike AID Allemagne<\/p>\n<p>CANAL+ Maillot classement du plus combatif des B\u00e9ninois : Sodj\u00e8d\u00e9 Ricardo<\/p>\n<p>&nbsp;<\/p>\n","protected":false},"excerpt":{"rendered":"<p>La\u00a0 2\u00e8me \u00e9tape N\u2019Dali-Beterou-Tchaourou de la 21\u00e8me\u00a0 \u00e9dition du Tour cycliste international du B\u00e9nin\u00a0 a \u00e9t\u00e9 couru ce mercredi 29 avril 2026.Elle a \u00e9t\u00e9 remport\u00e9e par l\u2019Alg\u00e9rien\u00a0 Assal Nadjib\u00a0 qui&hellip;<\/p>\n","protected":false},"author":6,"featured_media":18945,"comment_status":"open","ping_status":"open","sticky":false,"template":"","format":"standard","meta":{"content-type":"","om_disable_all_campaigns":false,"_monsterinsights_skip_tracking":false,"_monsterinsights_sitenote_active":false,"_monsterinsights_sitenote_note":"","_monsterinsights_sitenote_category":0,"_uf_show_specific_survey":0,"_uf_disable_surveys":false,"footnotes":""},"categories":[8],"tags":[],"class_list":["post-18944","post","type-post","status-publish","format-standard","has-post-thumbnail","hentry","category-sport"],"aioseo_notices":[],"yoast_head":"<!-- This site is optimized with the Yoast SEO plugin v27.5 - https:\/\/yoast.com\/product\/yoast-seo-wordpress\/ -->\n<title>Tour cycliste international du B\u00e9nin 2026 :L\u2019Alg\u00e9rien Assal Nadjib vainqueur de la 2\u00e8me \u00e9tape - Le Patriote<\/title>\n<meta name=\"robots\" content=\"index, follow, max-snippet:-1, max-image-preview:large, max-video-preview:-1\" \/>\n<link rel=\"canonical\" href=\"https:\/\/lepatriotebenin.com\/index.php\/2026\/04\/30\/tour-cycliste-international-du-benin-2026-lalgerien-assal-nadjib-vainqueur-de-la-2eme-etape\/\" \/>\n<meta property=\"og:locale\" content=\"fr_FR\" \/>\n<meta property=\"og:type\" content=\"article\" \/>\n<meta property=\"og:title\" content=\"Tour cycliste international du B\u00e9nin 2026 :L\u2019Alg\u00e9rien Assal Nadjib vainqueur de la 2\u00e8me \u00e9tape - Le Patriote\" \/>\n<meta property=\"og:description\" content=\"La\u00a0 2\u00e8me \u00e9tape N\u2019Dali-Beterou-Tchaourou de la 21\u00e8me\u00a0 \u00e9dition du Tour cycliste international du B\u00e9nin\u00a0 a \u00e9t\u00e9 couru ce mercredi 29 avril 2026.Elle a \u00e9t\u00e9 remport\u00e9e par l\u2019Alg\u00e9rien\u00a0 Assal Nadjib\u00a0 qui&hellip;\" \/>\n<meta property=\"og:url\" content=\"https:\/\/lepatriotebenin.com\/index.php\/2026\/04\/30\/tour-cycliste-international-du-benin-2026-lalgerien-assal-nadjib-vainqueur-de-la-2eme-etape\/\" \/>\n<meta property=\"og:site_name\" content=\"Le Patriote\" \/>\n<meta property=\"article:published_time\" content=\"2026-04-30T01:25:17+00:00\" \/>\n<meta property=\"og:image\" content=\"https:\/\/lepatriotebenin.com\/wp-content\/uploads\/2026\/04\/2eme-etape.jpg\" \/>\n\t<meta property=\"og:image:width\" content=\"1016\" \/>\n\t<meta property=\"og:image:height\" content=\"762\" \/>\n\t<meta property=\"og:image:type\" content=\"image\/jpeg\" \/>\n<meta name=\"author\" content=\"Roland AFFANOU\" \/>\n<meta name=\"twitter:card\" content=\"summary_large_image\" \/>\n<meta name=\"twitter:label1\" content=\"\u00c9crit par\" \/>\n\t<meta name=\"twitter:data1\" content=\"Roland AFFANOU\" \/>\n\t<meta name=\"twitter:label2\" content=\"Dur\u00e9e de lecture estim\u00e9e\" \/>\n\t<meta name=\"twitter:data2\" content=\"2 minutes\" \/>\n<script type=\"application\/ld+json\" class=\"yoast-schema-graph\">{\"@context\":\"https:\\\/\\\/schema.org\",\"@graph\":[{\"@type\":\"Article\",\"@id\":\"https:\\\/\\\/lepatriotebenin.com\\\/index.php\\\/2026\\\/04\\\/30\\\/tour-cycliste-international-du-benin-2026-lalgerien-assal-nadjib-vainqueur-de-la-2eme-etape\\\/#article\",\"isPartOf\":{\"@id\":\"https:\\\/\\\/lepatriotebenin.com\\\/index.php\\\/2026\\\/04\\\/30\\\/tour-cycliste-international-du-benin-2026-lalgerien-assal-nadjib-vainqueur-de-la-2eme-etape\\\/\"},\"author\":{\"name\":\"Roland AFFANOU\",\"@id\":\"https:\\\/\\\/lepatriotebenin.com\\\/#\\\/schema\\\/person\\\/4a9b67216c97d04045e01405c534c91f\"},\"headline\":\"Tour cycliste international du B\u00e9nin 2026 :L\u2019Alg\u00e9rien Assal Nadjib vainqueur de la 2\u00e8me \u00e9tape\",\"datePublished\":\"2026-04-30T01:25:17+00:00\",\"mainEntityOfPage\":{\"@id\":\"https:\\\/\\\/lepatriotebenin.com\\\/index.php\\\/2026\\\/04\\\/30\\\/tour-cycliste-international-du-benin-2026-lalgerien-assal-nadjib-vainqueur-de-la-2eme-etape\\\/\"},\"wordCount\":283,\"commentCount\":0,\"image\":{\"@id\":\"https:\\\/\\\/lepatriotebenin.com\\\/index.php\\\/2026\\\/04\\\/30\\\/tour-cycliste-international-du-benin-2026-lalgerien-assal-nadjib-vainqueur-de-la-2eme-etape\\\/#primaryimage\"},\"thumbnailUrl\":\"https:\\\/\\\/lepatriotebenin.com\\\/wp-content\\\/uploads\\\/2026\\\/04\\\/2eme-etape.jpg\",\"articleSection\":[\"Sport\"],\"inLanguage\":\"fr-FR\",\"potentialAction\":[{\"@type\":\"CommentAction\",\"name\":\"Comment\",\"target\":[\"https:\\\/\\\/lepatriotebenin.com\\\/index.php\\\/2026\\\/04\\\/30\\\/tour-cycliste-international-du-benin-2026-lalgerien-assal-nadjib-vainqueur-de-la-2eme-etape\\\/#respond\"]}]},{\"@type\":\"WebPage\",\"@id\":\"https:\\\/\\\/lepatriotebenin.com\\\/index.php\\\/2026\\\/04\\\/30\\\/tour-cycliste-international-du-benin-2026-lalgerien-assal-nadjib-vainqueur-de-la-2eme-etape\\\/\",\"url\":\"https:\\\/\\\/lepatriotebenin.com\\\/index.php\\\/2026\\\/04\\\/30\\\/tour-cycliste-international-du-benin-2026-lalgerien-assal-nadjib-vainqueur-de-la-2eme-etape\\\/\",\"name\":\"Tour cycliste international du B\u00e9nin 2026 :L\u2019Alg\u00e9rien Assal Nadjib vainqueur de la 2\u00e8me \u00e9tape - Le Patriote\",\"isPartOf\":{\"@id\":\"https:\\\/\\\/lepatriotebenin.com\\\/#website\"},\"primaryImageOfPage\":{\"@id\":\"https:\\\/\\\/lepatriotebenin.com\\\/index.php\\\/2026\\\/04\\\/30\\\/tour-cycliste-international-du-benin-2026-lalgerien-assal-nadjib-vainqueur-de-la-2eme-etape\\\/#primaryimage\"},\"image\":{\"@id\":\"https:\\\/\\\/lepatriotebenin.com\\\/index.php\\\/2026\\\/04\\\/30\\\/tour-cycliste-international-du-benin-2026-lalgerien-assal-nadjib-vainqueur-de-la-2eme-etape\\\/#primaryimage\"},\"thumbnailUrl\":\"https:\\\/\\\/lepatriotebenin.com\\\/wp-content\\\/uploads\\\/2026\\\/04\\\/2eme-etape.jpg\",\"datePublished\":\"2026-04-30T01:25:17+00:00\",\"author\":{\"@id\":\"https:\\\/\\\/lepatriotebenin.com\\\/#\\\/schema\\\/person\\\/4a9b67216c97d04045e01405c534c91f\"},\"breadcrumb\":{\"@id\":\"https:\\\/\\\/lepatriotebenin.com\\\/index.php\\\/2026\\\/04\\\/30\\\/tour-cycliste-international-du-benin-2026-lalgerien-assal-nadjib-vainqueur-de-la-2eme-etape\\\/#breadcrumb\"},\"inLanguage\":\"fr-FR\",\"potentialAction\":[{\"@type\":\"ReadAction\",\"target\":[\"https:\\\/\\\/lepatriotebenin.com\\\/index.php\\\/2026\\\/04\\\/30\\\/tour-cycliste-international-du-benin-2026-lalgerien-assal-nadjib-vainqueur-de-la-2eme-etape\\\/\"]}]},{\"@type\":\"ImageObject\",\"inLanguage\":\"fr-FR\",\"@id\":\"https:\\\/\\\/lepatriotebenin.com\\\/index.php\\\/2026\\\/04\\\/30\\\/tour-cycliste-international-du-benin-2026-lalgerien-assal-nadjib-vainqueur-de-la-2eme-etape\\\/#primaryimage\",\"url\":\"https:\\\/\\\/lepatriotebenin.com\\\/wp-content\\\/uploads\\\/2026\\\/04\\\/2eme-etape.jpg\",\"contentUrl\":\"https:\\\/\\\/lepatriotebenin.com\\\/wp-content\\\/uploads\\\/2026\\\/04\\\/2eme-etape.jpg\",\"width\":1016,\"height\":762},{\"@type\":\"BreadcrumbList\",\"@id\":\"https:\\\/\\\/lepatriotebenin.com\\\/index.php\\\/2026\\\/04\\\/30\\\/tour-cycliste-international-du-benin-2026-lalgerien-assal-nadjib-vainqueur-de-la-2eme-etape\\\/#breadcrumb\",\"itemListElement\":[{\"@type\":\"ListItem\",\"position\":1,\"name\":\"Accueil\",\"item\":\"https:\\\/\\\/lepatriotebenin.com\\\/\"},{\"@type\":\"ListItem\",\"position\":2,\"name\":\"Tour cycliste international du B\u00e9nin 2026 :L\u2019Alg\u00e9rien Assal Nadjib vainqueur de la 2\u00e8me \u00e9tape\"}]},{\"@type\":\"WebSite\",\"@id\":\"https:\\\/\\\/lepatriotebenin.com\\\/#website\",\"url\":\"https:\\\/\\\/lepatriotebenin.com\\\/\",\"name\":\"Le Patriote\",\"description\":\"Le Patriote B\u00e9nin\",\"potentialAction\":[{\"@type\":\"SearchAction\",\"target\":{\"@type\":\"EntryPoint\",\"urlTemplate\":\"https:\\\/\\\/lepatriotebenin.com\\\/?s={search_term_string}\"},\"query-input\":{\"@type\":\"PropertyValueSpecification\",\"valueRequired\":true,\"valueName\":\"search_term_string\"}}],\"inLanguage\":\"fr-FR\"},{\"@type\":\"Person\",\"@id\":\"https:\\\/\\\/lepatriotebenin.com\\\/#\\\/schema\\\/person\\\/4a9b67216c97d04045e01405c534c91f\",\"name\":\"Roland AFFANOU\",\"image\":{\"@type\":\"ImageObject\",\"inLanguage\":\"fr-FR\",\"@id\":\"https:\\\/\\\/secure.gravatar.com\\\/avatar\\\/7209d3f6d2d47ea4d0c67e14d3effb61feb10ae540a4381280c66265de5bd643?s=96&d=mm&r=g\",\"url\":\"https:\\\/\\\/secure.gravatar.com\\\/avatar\\\/7209d3f6d2d47ea4d0c67e14d3effb61feb10ae540a4381280c66265de5bd643?s=96&d=mm&r=g\",\"contentUrl\":\"https:\\\/\\\/secure.gravatar.com\\\/avatar\\\/7209d3f6d2d47ea4d0c67e14d3effb61feb10ae540a4381280c66265de5bd643?s=96&d=mm&r=g\",\"caption\":\"Roland AFFANOU\"},\"url\":\"https:\\\/\\\/lepatriotebenin.com\"}]}<\/script>\n<!-- \/ Yoast SEO plugin. -->","yoast_head_json":{"title":"Tour cycliste international du B\u00e9nin 2026 :L\u2019Alg\u00e9rien Assal Nadjib vainqueur de la 2\u00e8me \u00e9tape - Le Patriote","robots":{"index":"index","follow":"follow","max-snippet":"max-snippet:-1","max-image-preview":"max-image-preview:large","max-video-preview":"max-video-preview:-1"},"canonical":"https:\/\/lepatriotebenin.com\/index.php\/2026\/04\/30\/tour-cycliste-international-du-benin-2026-lalgerien-assal-nadjib-vainqueur-de-la-2eme-etape\/","og_locale":"fr_FR","og_type":"article","og_title":"Tour cycliste international du B\u00e9nin 2026 :L\u2019Alg\u00e9rien Assal Nadjib vainqueur de la 2\u00e8me \u00e9tape - Le Patriote","og_description":"La\u00a0 2\u00e8me \u00e9tape N\u2019Dali-Beterou-Tchaourou de la 21\u00e8me\u00a0 \u00e9dition du Tour cycliste international du B\u00e9nin\u00a0 a \u00e9t\u00e9 couru ce mercredi 29 avril 2026.Elle a \u00e9t\u00e9 remport\u00e9e par l\u2019Alg\u00e9rien\u00a0 Assal Nadjib\u00a0 qui&hellip;","og_url":"https:\/\/lepatriotebenin.com\/index.php\/2026\/04\/30\/tour-cycliste-international-du-benin-2026-lalgerien-assal-nadjib-vainqueur-de-la-2eme-etape\/","og_site_name":"Le Patriote","article_published_time":"2026-04-30T01:25:17+00:00","og_image":[{"width":1016,"height":762,"url":"https:\/\/lepatriotebenin.com\/wp-content\/uploads\/2026\/04\/2eme-etape.jpg","type":"image\/jpeg"}],"author":"Roland AFFANOU","twitter_card":"summary_large_image","twitter_misc":{"\u00c9crit par":"Roland AFFANOU","Dur\u00e9e de lecture estim\u00e9e":"2 minutes"},"schema":{"@context":"https:\/\/schema.org","@graph":[{"@type":"Article","@id":"https:\/\/lepatriotebenin.com\/index.php\/2026\/04\/30\/tour-cycliste-international-du-benin-2026-lalgerien-assal-nadjib-vainqueur-de-la-2eme-etape\/#article","isPartOf":{"@id":"https:\/\/lepatriotebenin.com\/index.php\/2026\/04\/30\/tour-cycliste-international-du-benin-2026-lalgerien-assal-nadjib-vainqueur-de-la-2eme-etape\/"},"author":{"name":"Roland AFFANOU","@id":"https:\/\/lepatriotebenin.com\/#\/schema\/person\/4a9b67216c97d04045e01405c534c91f"},"headline":"Tour cycliste international du B\u00e9nin 2026 :L\u2019Alg\u00e9rien Assal Nadjib vainqueur de la 2\u00e8me \u00e9tape","datePublished":"2026-04-30T01:25:17+00:00","mainEntityOfPage":{"@id":"https:\/\/lepatriotebenin.com\/index.php\/2026\/04\/30\/tour-cycliste-international-du-benin-2026-lalgerien-assal-nadjib-vainqueur-de-la-2eme-etape\/"},"wordCount":283,"commentCount":0,"image":{"@id":"https:\/\/lepatriotebenin.com\/index.php\/2026\/04\/30\/tour-cycliste-international-du-benin-2026-lalgerien-assal-nadjib-vainqueur-de-la-2eme-etape\/#primaryimage"},"thumbnailUrl":"https:\/\/lepatriotebenin.com\/wp-content\/uploads\/2026\/04\/2eme-etape.jpg","articleSection":["Sport"],"inLanguage":"fr-FR","potentialAction":[{"@type":"CommentAction","name":"Comment","target":["https:\/\/lepatriotebenin.com\/index.php\/2026\/04\/30\/tour-cycliste-international-du-benin-2026-lalgerien-assal-nadjib-vainqueur-de-la-2eme-etape\/#respond"]}]},{"@type":"WebPage","@id":"https:\/\/lepatriotebenin.com\/index.php\/2026\/04\/30\/tour-cycliste-international-du-benin-2026-lalgerien-assal-nadjib-vainqueur-de-la-2eme-etape\/","url":"https:\/\/lepatriotebenin.com\/index.php\/2026\/04\/30\/tour-cycliste-international-du-benin-2026-lalgerien-assal-nadjib-vainqueur-de-la-2eme-etape\/","name":"Tour cycliste international du B\u00e9nin 2026 :L\u2019Alg\u00e9rien Assal Nadjib vainqueur de la 2\u00e8me \u00e9tape - Le Patriote","isPartOf":{"@id":"https:\/\/lepatriotebenin.com\/#website"},"primaryImageOfPage":{"@id":"https:\/\/lepatriotebenin.com\/index.php\/2026\/04\/30\/tour-cycliste-international-du-benin-2026-lalgerien-assal-nadjib-vainqueur-de-la-2eme-etape\/#primaryimage"},"image":{"@id":"https:\/\/lepatriotebenin.com\/index.php\/2026\/04\/30\/tour-cycliste-international-du-benin-2026-lalgerien-assal-nadjib-vainqueur-de-la-2eme-etape\/#primaryimage"},"thumbnailUrl":"https:\/\/lepatriotebenin.com\/wp-content\/uploads\/2026\/04\/2eme-etape.jpg","datePublished":"2026-04-30T01:25:17+00:00","author":{"@id":"https:\/\/lepatriotebenin.com\/#\/schema\/person\/4a9b67216c97d04045e01405c534c91f"},"breadcrumb":{"@id":"https:\/\/lepatriotebenin.com\/index.php\/2026\/04\/30\/tour-cycliste-international-du-benin-2026-lalgerien-assal-nadjib-vainqueur-de-la-2eme-etape\/#breadcrumb"},"inLanguage":"fr-FR","potentialAction":[{"@type":"ReadAction","target":["https:\/\/lepatriotebenin.com\/index.php\/2026\/04\/30\/tour-cycliste-international-du-benin-2026-lalgerien-assal-nadjib-vainqueur-de-la-2eme-etape\/"]}]},{"@type":"ImageObject","inLanguage":"fr-FR","@id":"https:\/\/lepatriotebenin.com\/index.php\/2026\/04\/30\/tour-cycliste-international-du-benin-2026-lalgerien-assal-nadjib-vainqueur-de-la-2eme-etape\/#primaryimage","url":"https:\/\/lepatriotebenin.com\/wp-content\/uploads\/2026\/04\/2eme-etape.jpg","contentUrl":"https:\/\/lepatriotebenin.com\/wp-content\/uploads\/2026\/04\/2eme-etape.jpg","width":1016,"height":762},{"@type":"BreadcrumbList","@id":"https:\/\/lepatriotebenin.com\/index.php\/2026\/04\/30\/tour-cycliste-international-du-benin-2026-lalgerien-assal-nadjib-vainqueur-de-la-2eme-etape\/#breadcrumb","itemListElement":[{"@type":"ListItem","position":1,"name":"Accueil","item":"https:\/\/lepatriotebenin.com\/"},{"@type":"ListItem","position":2,"name":"Tour cycliste international du B\u00e9nin 2026 :L\u2019Alg\u00e9rien Assal Nadjib vainqueur de la 2\u00e8me \u00e9tape"}]},{"@type":"WebSite","@id":"https:\/\/lepatriotebenin.com\/#website","url":"https:\/\/lepatriotebenin.com\/","name":"Le Patriote","description":"Le Patriote B\u00e9nin","potentialAction":[{"@type":"SearchAction","target":{"@type":"EntryPoint","urlTemplate":"https:\/\/lepatriotebenin.com\/?s={search_term_string}"},"query-input":{"@type":"PropertyValueSpecification","valueRequired":true,"valueName":"search_term_string"}}],"inLanguage":"fr-FR"},{"@type":"Person","@id":"https:\/\/lepatriotebenin.com\/#\/schema\/person\/4a9b67216c97d04045e01405c534c91f","name":"Roland AFFANOU","image":{"@type":"ImageObject","inLanguage":"fr-FR","@id":"https:\/\/secure.gravatar.com\/avatar\/7209d3f6d2d47ea4d0c67e14d3effb61feb10ae540a4381280c66265de5bd643?s=96&d=mm&r=g","url":"https:\/\/secure.gravatar.com\/avatar\/7209d3f6d2d47ea4d0c67e14d3effb61feb10ae540a4381280c66265de5bd643?s=96&d=mm&r=g","contentUrl":"https:\/\/secure.gravatar.com\/avatar\/7209d3f6d2d47ea4d0c67e14d3effb61feb10ae540a4381280c66265de5bd643?s=96&d=mm&r=g","caption":"Roland AFFANOU"},"url":"https:\/\/lepatriotebenin.com"}]}},"_links":{"self":[{"href":"https:\/\/lepatriotebenin.com\/index.php\/wp-json\/wp\/v2\/posts\/18944","targetHints":{"allow":["GET"]}}],"collection":[{"href":"https:\/\/lepatriotebenin.com\/index.php\/wp-json\/wp\/v2\/posts"}],"about":[{"href":"https:\/\/lepatriotebenin.com\/index.php\/wp-json\/wp\/v2\/types\/post"}],"author":[{"embeddable":true,"href":"https:\/\/lepatriotebenin.com\/index.php\/wp-json\/wp\/v2\/users\/6"}],"replies":[{"embeddable":true,"href":"https:\/\/lepatriotebenin.com\/index.php\/wp-json\/wp\/v2\/comments?post=18944"}],"version-history":[{"count":1,"href":"https:\/\/lepatriotebenin.com\/index.php\/wp-json\/wp\/v2\/posts\/18944\/revisions"}],"predecessor-version":[{"id":18946,"href":"https:\/\/lepatriotebenin.com\/index.php\/wp-json\/wp\/v2\/posts\/18944\/revisions\/18946"}],"wp:featuredmedia":[{"embeddable":true,"href":"https:\/\/lepatriotebenin.com\/index.php\/wp-json\/wp\/v2\/media\/18945"}],"wp:attachment":[{"href":"https:\/\/lepatriotebenin.com\/index.php\/wp-json\/wp\/v2\/media?parent=18944"}],"wp:term":[{"taxonomy":"category","embeddable":true,"href":"https:\/\/lepatriotebenin.com\/index.php\/wp-json\/wp\/v2\/categories?post=18944"},{"taxonomy":"post_tag","embeddable":true,"href":"https:\/\/lepatriotebenin.com\/index.php\/wp-json\/wp\/v2\/tags?post=18944"}],"curies":[{"name":"wp","href":"https:\/\/api.w.org\/{rel}","templated":true}]}}