{"id":18934,"date":"2026-04-29T21:52:31","date_gmt":"2026-04-29T19:52:31","guid":{"rendered":"https:\/\/lepatriotebenin.com\/?p=18934"},"modified":"2026-04-29T21:52:31","modified_gmt":"2026-04-29T19:52:31","slug":"burkina-faso-le-gouvernement-suspend-les-importations-de-riz-pour-soutenir-les-producteurs-locaux","status":"publish","type":"post","link":"https:\/\/lepatriotebenin.com\/index.php\/2026\/04\/29\/burkina-faso-le-gouvernement-suspend-les-importations-de-riz-pour-soutenir-les-producteurs-locaux\/","title":{"rendered":"\u200eBurkina Faso : le gouvernement suspend les importations de riz pour soutenir les producteurs locaux"},"content":{"rendered":"<p>Dans un communiqu\u00e9 publi\u00e9 ce mercredi 29 avril 2026, Ouagadougou interdit toute importation de riz jusqu\u2019\u00e0 nouvel ordre. Par cette d\u00e9cision, le gouvernement entend \u00e9couler la production nationale et prot\u00e9ger la fili\u00e8re locale.<\/p>\n<p>\u200eLe gouvernement burkinab\u00e8 a annonc\u00e9, ce 29 avril 2026, la suspension imm\u00e9diate de toutes les importations de riz sur l\u2019ensemble du territoire. La mesure, qui s\u2019applique \u00ab\u00a0jusqu\u2019\u00e0 nouvel ordre\u00a0\u00bb, est justifi\u00e9e par la volont\u00e9 de \u00ab\u00a0favoriser l\u2019\u00e9coulement de la production nationale de riz\u00a0\u00bb et de r\u00e9duire la d\u00e9pendance alimentaire.<\/p>\n<p>\u200eLa d\u00e9cision intervient alors que les stocks de riz local peinent \u00e0 trouver preneur face \u00e0 la concurrence asiatique, moins ch\u00e8re. Le Burkina Faso a produit pr\u00e8s de 450 000 tonnes de riz paddy en 2025, selon le minist\u00e8re de l\u2019Agriculture, mais une part importante reste invendue dans les plaines de la vall\u00e9e du Sourou et de Bagr\u00e9. En bloquant les importations, les autorit\u00e9s veulent garantir des d\u00e9bouch\u00e9s aux producteurs et stabiliser les prix \u00e0 la ferme.<\/p>\n<p>\u200eCette mesure protectionniste soul\u00e8ve des inqui\u00e9tudes. Le riz import\u00e9 repr\u00e9sente encore 60% de la consommation nationale. Les associations de consommateurs redoutent une flamb\u00e9e des prix dans les march\u00e9s de Ouagadougou et Bobo-Dioulasso si la production locale ne suit pas. Le gouvernement assure que des stocks strat\u00e9giques seront mobilis\u00e9s et que la campagne 2026, soutenue par des subventions en engrais, doit couvrir les besoins.<\/p>\n<p>\u200e<\/p>\n<p>\u200eEz\u00e9chiel Dagb\u00e9gnon PADONOU<\/p>\n","protected":false},"excerpt":{"rendered":"<p>Dans un communiqu\u00e9 publi\u00e9 ce mercredi 29 avril 2026, Ouagadougou interdit toute importation de riz jusqu\u2019\u00e0 nouvel ordre. Par cette d\u00e9cision, le gouvernement entend \u00e9couler la production nationale et prot\u00e9ger&hellip;<\/p>\n","protected":false},"author":5,"featured_media":18935,"comment_status":"open","ping_status":"open","sticky":false,"template":"","format":"standard","meta":{"content-type":"","om_disable_all_campaigns":false,"_monsterinsights_skip_tracking":false,"_monsterinsights_sitenote_active":false,"_monsterinsights_sitenote_note":"","_monsterinsights_sitenote_category":0,"_uf_show_specific_survey":0,"_uf_disable_surveys":false,"footnotes":""},"categories":[20],"tags":[],"class_list":["post-18934","post","type-post","status-publish","format-standard","has-post-thumbnail","hentry","category-societe"],"aioseo_notices":[],"yoast_head":"<!-- This site is optimized with the Yoast SEO plugin v27.5 - https:\/\/yoast.com\/product\/yoast-seo-wordpress\/ -->\n<title>\u200eBurkina Faso : le gouvernement suspend les importations de riz pour soutenir les producteurs locaux - Le Patriote<\/title>\n<meta name=\"robots\" content=\"index, follow, max-snippet:-1, max-image-preview:large, max-video-preview:-1\" \/>\n<link rel=\"canonical\" href=\"https:\/\/lepatriotebenin.com\/index.php\/2026\/04\/29\/burkina-faso-le-gouvernement-suspend-les-importations-de-riz-pour-soutenir-les-producteurs-locaux\/\" \/>\n<meta property=\"og:locale\" content=\"fr_FR\" \/>\n<meta property=\"og:type\" content=\"article\" \/>\n<meta property=\"og:title\" content=\"\u200eBurkina Faso : le gouvernement suspend les importations de riz pour soutenir les producteurs locaux - Le Patriote\" \/>\n<meta property=\"og:description\" content=\"Dans un communiqu\u00e9 publi\u00e9 ce mercredi 29 avril 2026, Ouagadougou interdit toute importation de riz jusqu\u2019\u00e0 nouvel ordre. Par cette d\u00e9cision, le gouvernement entend \u00e9couler la production nationale et prot\u00e9ger&hellip;\" \/>\n<meta property=\"og:url\" content=\"https:\/\/lepatriotebenin.com\/index.php\/2026\/04\/29\/burkina-faso-le-gouvernement-suspend-les-importations-de-riz-pour-soutenir-les-producteurs-locaux\/\" \/>\n<meta property=\"og:site_name\" content=\"Le Patriote\" \/>\n<meta property=\"article:published_time\" content=\"2026-04-29T19:52:31+00:00\" \/>\n<meta property=\"og:image\" content=\"https:\/\/lepatriotebenin.com\/wp-content\/uploads\/2026\/04\/burkinan.jpeg\" \/>\n\t<meta property=\"og:image:width\" content=\"640\" \/>\n\t<meta property=\"og:image:height\" content=\"480\" \/>\n\t<meta property=\"og:image:type\" content=\"image\/jpeg\" \/>\n<meta name=\"author\" content=\"Redaction\" \/>\n<meta name=\"twitter:card\" content=\"summary_large_image\" \/>\n<meta name=\"twitter:label1\" content=\"\u00c9crit par\" \/>\n\t<meta name=\"twitter:data1\" content=\"Redaction\" \/>\n\t<meta name=\"twitter:label2\" content=\"Dur\u00e9e de lecture estim\u00e9e\" \/>\n\t<meta name=\"twitter:data2\" content=\"2 minutes\" \/>\n<script type=\"application\/ld+json\" class=\"yoast-schema-graph\">{\"@context\":\"https:\\\/\\\/schema.org\",\"@graph\":[{\"@type\":\"Article\",\"@id\":\"https:\\\/\\\/lepatriotebenin.com\\\/index.php\\\/2026\\\/04\\\/29\\\/burkina-faso-le-gouvernement-suspend-les-importations-de-riz-pour-soutenir-les-producteurs-locaux\\\/#article\",\"isPartOf\":{\"@id\":\"https:\\\/\\\/lepatriotebenin.com\\\/index.php\\\/2026\\\/04\\\/29\\\/burkina-faso-le-gouvernement-suspend-les-importations-de-riz-pour-soutenir-les-producteurs-locaux\\\/\"},\"author\":{\"name\":\"Redaction\",\"@id\":\"https:\\\/\\\/lepatriotebenin.com\\\/#\\\/schema\\\/person\\\/2e7709b9c9cc313e452d1136af61690f\"},\"headline\":\"\u200eBurkina Faso : le gouvernement suspend les importations de riz pour soutenir les producteurs locaux\",\"datePublished\":\"2026-04-29T19:52:31+00:00\",\"mainEntityOfPage\":{\"@id\":\"https:\\\/\\\/lepatriotebenin.com\\\/index.php\\\/2026\\\/04\\\/29\\\/burkina-faso-le-gouvernement-suspend-les-importations-de-riz-pour-soutenir-les-producteurs-locaux\\\/\"},\"wordCount\":255,\"commentCount\":0,\"image\":{\"@id\":\"https:\\\/\\\/lepatriotebenin.com\\\/index.php\\\/2026\\\/04\\\/29\\\/burkina-faso-le-gouvernement-suspend-les-importations-de-riz-pour-soutenir-les-producteurs-locaux\\\/#primaryimage\"},\"thumbnailUrl\":\"https:\\\/\\\/lepatriotebenin.com\\\/wp-content\\\/uploads\\\/2026\\\/04\\\/burkinan.jpeg\",\"articleSection\":[\"Soci\u00e9t\u00e9\"],\"inLanguage\":\"fr-FR\",\"potentialAction\":[{\"@type\":\"CommentAction\",\"name\":\"Comment\",\"target\":[\"https:\\\/\\\/lepatriotebenin.com\\\/index.php\\\/2026\\\/04\\\/29\\\/burkina-faso-le-gouvernement-suspend-les-importations-de-riz-pour-soutenir-les-producteurs-locaux\\\/#respond\"]}]},{\"@type\":\"WebPage\",\"@id\":\"https:\\\/\\\/lepatriotebenin.com\\\/index.php\\\/2026\\\/04\\\/29\\\/burkina-faso-le-gouvernement-suspend-les-importations-de-riz-pour-soutenir-les-producteurs-locaux\\\/\",\"url\":\"https:\\\/\\\/lepatriotebenin.com\\\/index.php\\\/2026\\\/04\\\/29\\\/burkina-faso-le-gouvernement-suspend-les-importations-de-riz-pour-soutenir-les-producteurs-locaux\\\/\",\"name\":\"\u200eBurkina Faso : le gouvernement suspend les importations de riz pour soutenir les producteurs locaux - Le Patriote\",\"isPartOf\":{\"@id\":\"https:\\\/\\\/lepatriotebenin.com\\\/#website\"},\"primaryImageOfPage\":{\"@id\":\"https:\\\/\\\/lepatriotebenin.com\\\/index.php\\\/2026\\\/04\\\/29\\\/burkina-faso-le-gouvernement-suspend-les-importations-de-riz-pour-soutenir-les-producteurs-locaux\\\/#primaryimage\"},\"image\":{\"@id\":\"https:\\\/\\\/lepatriotebenin.com\\\/index.php\\\/2026\\\/04\\\/29\\\/burkina-faso-le-gouvernement-suspend-les-importations-de-riz-pour-soutenir-les-producteurs-locaux\\\/#primaryimage\"},\"thumbnailUrl\":\"https:\\\/\\\/lepatriotebenin.com\\\/wp-content\\\/uploads\\\/2026\\\/04\\\/burkinan.jpeg\",\"datePublished\":\"2026-04-29T19:52:31+00:00\",\"author\":{\"@id\":\"https:\\\/\\\/lepatriotebenin.com\\\/#\\\/schema\\\/person\\\/2e7709b9c9cc313e452d1136af61690f\"},\"breadcrumb\":{\"@id\":\"https:\\\/\\\/lepatriotebenin.com\\\/index.php\\\/2026\\\/04\\\/29\\\/burkina-faso-le-gouvernement-suspend-les-importations-de-riz-pour-soutenir-les-producteurs-locaux\\\/#breadcrumb\"},\"inLanguage\":\"fr-FR\",\"potentialAction\":[{\"@type\":\"ReadAction\",\"target\":[\"https:\\\/\\\/lepatriotebenin.com\\\/index.php\\\/2026\\\/04\\\/29\\\/burkina-faso-le-gouvernement-suspend-les-importations-de-riz-pour-soutenir-les-producteurs-locaux\\\/\"]}]},{\"@type\":\"ImageObject\",\"inLanguage\":\"fr-FR\",\"@id\":\"https:\\\/\\\/lepatriotebenin.com\\\/index.php\\\/2026\\\/04\\\/29\\\/burkina-faso-le-gouvernement-suspend-les-importations-de-riz-pour-soutenir-les-producteurs-locaux\\\/#primaryimage\",\"url\":\"https:\\\/\\\/lepatriotebenin.com\\\/wp-content\\\/uploads\\\/2026\\\/04\\\/burkinan.jpeg\",\"contentUrl\":\"https:\\\/\\\/lepatriotebenin.com\\\/wp-content\\\/uploads\\\/2026\\\/04\\\/burkinan.jpeg\",\"width\":640,\"height\":480},{\"@type\":\"BreadcrumbList\",\"@id\":\"https:\\\/\\\/lepatriotebenin.com\\\/index.php\\\/2026\\\/04\\\/29\\\/burkina-faso-le-gouvernement-suspend-les-importations-de-riz-pour-soutenir-les-producteurs-locaux\\\/#breadcrumb\",\"itemListElement\":[{\"@type\":\"ListItem\",\"position\":1,\"name\":\"Accueil\",\"item\":\"https:\\\/\\\/lepatriotebenin.com\\\/\"},{\"@type\":\"ListItem\",\"position\":2,\"name\":\"\u200eBurkina Faso : le gouvernement suspend les importations de riz pour soutenir les producteurs locaux\"}]},{\"@type\":\"WebSite\",\"@id\":\"https:\\\/\\\/lepatriotebenin.com\\\/#website\",\"url\":\"https:\\\/\\\/lepatriotebenin.com\\\/\",\"name\":\"Le Patriote\",\"description\":\"Le Patriote B\u00e9nin\",\"potentialAction\":[{\"@type\":\"SearchAction\",\"target\":{\"@type\":\"EntryPoint\",\"urlTemplate\":\"https:\\\/\\\/lepatriotebenin.com\\\/?s={search_term_string}\"},\"query-input\":{\"@type\":\"PropertyValueSpecification\",\"valueRequired\":true,\"valueName\":\"search_term_string\"}}],\"inLanguage\":\"fr-FR\"},{\"@type\":\"Person\",\"@id\":\"https:\\\/\\\/lepatriotebenin.com\\\/#\\\/schema\\\/person\\\/2e7709b9c9cc313e452d1136af61690f\",\"name\":\"Redaction\",\"image\":{\"@type\":\"ImageObject\",\"inLanguage\":\"fr-FR\",\"@id\":\"https:\\\/\\\/secure.gravatar.com\\\/avatar\\\/c4c509357859ea2ca2cbb6d8812898a73e4ef1ef9934c2e591d7e32face734d1?s=96&d=mm&r=g\",\"url\":\"https:\\\/\\\/secure.gravatar.com\\\/avatar\\\/c4c509357859ea2ca2cbb6d8812898a73e4ef1ef9934c2e591d7e32face734d1?s=96&d=mm&r=g\",\"contentUrl\":\"https:\\\/\\\/secure.gravatar.com\\\/avatar\\\/c4c509357859ea2ca2cbb6d8812898a73e4ef1ef9934c2e591d7e32face734d1?s=96&d=mm&r=g\",\"caption\":\"Redaction\"},\"url\":\"https:\\\/\\\/lepatriotebenin.com\"}]}<\/script>\n<!-- \/ Yoast SEO plugin. -->","yoast_head_json":{"title":"\u200eBurkina Faso : le gouvernement suspend les importations de riz pour soutenir les producteurs locaux - Le Patriote","robots":{"index":"index","follow":"follow","max-snippet":"max-snippet:-1","max-image-preview":"max-image-preview:large","max-video-preview":"max-video-preview:-1"},"canonical":"https:\/\/lepatriotebenin.com\/index.php\/2026\/04\/29\/burkina-faso-le-gouvernement-suspend-les-importations-de-riz-pour-soutenir-les-producteurs-locaux\/","og_locale":"fr_FR","og_type":"article","og_title":"\u200eBurkina Faso : le gouvernement suspend les importations de riz pour soutenir les producteurs locaux - Le Patriote","og_description":"Dans un communiqu\u00e9 publi\u00e9 ce mercredi 29 avril 2026, Ouagadougou interdit toute importation de riz jusqu\u2019\u00e0 nouvel ordre. Par cette d\u00e9cision, le gouvernement entend \u00e9couler la production nationale et prot\u00e9ger&hellip;","og_url":"https:\/\/lepatriotebenin.com\/index.php\/2026\/04\/29\/burkina-faso-le-gouvernement-suspend-les-importations-de-riz-pour-soutenir-les-producteurs-locaux\/","og_site_name":"Le Patriote","article_published_time":"2026-04-29T19:52:31+00:00","og_image":[{"width":640,"height":480,"url":"https:\/\/lepatriotebenin.com\/wp-content\/uploads\/2026\/04\/burkinan.jpeg","type":"image\/jpeg"}],"author":"Redaction","twitter_card":"summary_large_image","twitter_misc":{"\u00c9crit par":"Redaction","Dur\u00e9e de lecture estim\u00e9e":"2 minutes"},"schema":{"@context":"https:\/\/schema.org","@graph":[{"@type":"Article","@id":"https:\/\/lepatriotebenin.com\/index.php\/2026\/04\/29\/burkina-faso-le-gouvernement-suspend-les-importations-de-riz-pour-soutenir-les-producteurs-locaux\/#article","isPartOf":{"@id":"https:\/\/lepatriotebenin.com\/index.php\/2026\/04\/29\/burkina-faso-le-gouvernement-suspend-les-importations-de-riz-pour-soutenir-les-producteurs-locaux\/"},"author":{"name":"Redaction","@id":"https:\/\/lepatriotebenin.com\/#\/schema\/person\/2e7709b9c9cc313e452d1136af61690f"},"headline":"\u200eBurkina Faso : le gouvernement suspend les importations de riz pour soutenir les producteurs locaux","datePublished":"2026-04-29T19:52:31+00:00","mainEntityOfPage":{"@id":"https:\/\/lepatriotebenin.com\/index.php\/2026\/04\/29\/burkina-faso-le-gouvernement-suspend-les-importations-de-riz-pour-soutenir-les-producteurs-locaux\/"},"wordCount":255,"commentCount":0,"image":{"@id":"https:\/\/lepatriotebenin.com\/index.php\/2026\/04\/29\/burkina-faso-le-gouvernement-suspend-les-importations-de-riz-pour-soutenir-les-producteurs-locaux\/#primaryimage"},"thumbnailUrl":"https:\/\/lepatriotebenin.com\/wp-content\/uploads\/2026\/04\/burkinan.jpeg","articleSection":["Soci\u00e9t\u00e9"],"inLanguage":"fr-FR","potentialAction":[{"@type":"CommentAction","name":"Comment","target":["https:\/\/lepatriotebenin.com\/index.php\/2026\/04\/29\/burkina-faso-le-gouvernement-suspend-les-importations-de-riz-pour-soutenir-les-producteurs-locaux\/#respond"]}]},{"@type":"WebPage","@id":"https:\/\/lepatriotebenin.com\/index.php\/2026\/04\/29\/burkina-faso-le-gouvernement-suspend-les-importations-de-riz-pour-soutenir-les-producteurs-locaux\/","url":"https:\/\/lepatriotebenin.com\/index.php\/2026\/04\/29\/burkina-faso-le-gouvernement-suspend-les-importations-de-riz-pour-soutenir-les-producteurs-locaux\/","name":"\u200eBurkina Faso : le gouvernement suspend les importations de riz pour soutenir les producteurs locaux - Le Patriote","isPartOf":{"@id":"https:\/\/lepatriotebenin.com\/#website"},"primaryImageOfPage":{"@id":"https:\/\/lepatriotebenin.com\/index.php\/2026\/04\/29\/burkina-faso-le-gouvernement-suspend-les-importations-de-riz-pour-soutenir-les-producteurs-locaux\/#primaryimage"},"image":{"@id":"https:\/\/lepatriotebenin.com\/index.php\/2026\/04\/29\/burkina-faso-le-gouvernement-suspend-les-importations-de-riz-pour-soutenir-les-producteurs-locaux\/#primaryimage"},"thumbnailUrl":"https:\/\/lepatriotebenin.com\/wp-content\/uploads\/2026\/04\/burkinan.jpeg","datePublished":"2026-04-29T19:52:31+00:00","author":{"@id":"https:\/\/lepatriotebenin.com\/#\/schema\/person\/2e7709b9c9cc313e452d1136af61690f"},"breadcrumb":{"@id":"https:\/\/lepatriotebenin.com\/index.php\/2026\/04\/29\/burkina-faso-le-gouvernement-suspend-les-importations-de-riz-pour-soutenir-les-producteurs-locaux\/#breadcrumb"},"inLanguage":"fr-FR","potentialAction":[{"@type":"ReadAction","target":["https:\/\/lepatriotebenin.com\/index.php\/2026\/04\/29\/burkina-faso-le-gouvernement-suspend-les-importations-de-riz-pour-soutenir-les-producteurs-locaux\/"]}]},{"@type":"ImageObject","inLanguage":"fr-FR","@id":"https:\/\/lepatriotebenin.com\/index.php\/2026\/04\/29\/burkina-faso-le-gouvernement-suspend-les-importations-de-riz-pour-soutenir-les-producteurs-locaux\/#primaryimage","url":"https:\/\/lepatriotebenin.com\/wp-content\/uploads\/2026\/04\/burkinan.jpeg","contentUrl":"https:\/\/lepatriotebenin.com\/wp-content\/uploads\/2026\/04\/burkinan.jpeg","width":640,"height":480},{"@type":"BreadcrumbList","@id":"https:\/\/lepatriotebenin.com\/index.php\/2026\/04\/29\/burkina-faso-le-gouvernement-suspend-les-importations-de-riz-pour-soutenir-les-producteurs-locaux\/#breadcrumb","itemListElement":[{"@type":"ListItem","position":1,"name":"Accueil","item":"https:\/\/lepatriotebenin.com\/"},{"@type":"ListItem","position":2,"name":"\u200eBurkina Faso : le gouvernement suspend les importations de riz pour soutenir les producteurs locaux"}]},{"@type":"WebSite","@id":"https:\/\/lepatriotebenin.com\/#website","url":"https:\/\/lepatriotebenin.com\/","name":"Le Patriote","description":"Le Patriote B\u00e9nin","potentialAction":[{"@type":"SearchAction","target":{"@type":"EntryPoint","urlTemplate":"https:\/\/lepatriotebenin.com\/?s={search_term_string}"},"query-input":{"@type":"PropertyValueSpecification","valueRequired":true,"valueName":"search_term_string"}}],"inLanguage":"fr-FR"},{"@type":"Person","@id":"https:\/\/lepatriotebenin.com\/#\/schema\/person\/2e7709b9c9cc313e452d1136af61690f","name":"Redaction","image":{"@type":"ImageObject","inLanguage":"fr-FR","@id":"https:\/\/secure.gravatar.com\/avatar\/c4c509357859ea2ca2cbb6d8812898a73e4ef1ef9934c2e591d7e32face734d1?s=96&d=mm&r=g","url":"https:\/\/secure.gravatar.com\/avatar\/c4c509357859ea2ca2cbb6d8812898a73e4ef1ef9934c2e591d7e32face734d1?s=96&d=mm&r=g","contentUrl":"https:\/\/secure.gravatar.com\/avatar\/c4c509357859ea2ca2cbb6d8812898a73e4ef1ef9934c2e591d7e32face734d1?s=96&d=mm&r=g","caption":"Redaction"},"url":"https:\/\/lepatriotebenin.com"}]}},"_links":{"self":[{"href":"https:\/\/lepatriotebenin.com\/index.php\/wp-json\/wp\/v2\/posts\/18934","targetHints":{"allow":["GET"]}}],"collection":[{"href":"https:\/\/lepatriotebenin.com\/index.php\/wp-json\/wp\/v2\/posts"}],"about":[{"href":"https:\/\/lepatriotebenin.com\/index.php\/wp-json\/wp\/v2\/types\/post"}],"author":[{"embeddable":true,"href":"https:\/\/lepatriotebenin.com\/index.php\/wp-json\/wp\/v2\/users\/5"}],"replies":[{"embeddable":true,"href":"https:\/\/lepatriotebenin.com\/index.php\/wp-json\/wp\/v2\/comments?post=18934"}],"version-history":[{"count":1,"href":"https:\/\/lepatriotebenin.com\/index.php\/wp-json\/wp\/v2\/posts\/18934\/revisions"}],"predecessor-version":[{"id":18936,"href":"https:\/\/lepatriotebenin.com\/index.php\/wp-json\/wp\/v2\/posts\/18934\/revisions\/18936"}],"wp:featuredmedia":[{"embeddable":true,"href":"https:\/\/lepatriotebenin.com\/index.php\/wp-json\/wp\/v2\/media\/18935"}],"wp:attachment":[{"href":"https:\/\/lepatriotebenin.com\/index.php\/wp-json\/wp\/v2\/media?parent=18934"}],"wp:term":[{"taxonomy":"category","embeddable":true,"href":"https:\/\/lepatriotebenin.com\/index.php\/wp-json\/wp\/v2\/categories?post=18934"},{"taxonomy":"post_tag","embeddable":true,"href":"https:\/\/lepatriotebenin.com\/index.php\/wp-json\/wp\/v2\/tags?post=18934"}],"curies":[{"name":"wp","href":"https:\/\/api.w.org\/{rel}","templated":true}]}}