{"id":18931,"date":"2026-04-29T21:43:57","date_gmt":"2026-04-29T19:43:57","guid":{"rendered":"https:\/\/lepatriotebenin.com\/?p=18931"},"modified":"2026-04-29T21:43:57","modified_gmt":"2026-04-29T19:43:57","slug":"mali-paris-demande-a-ses-ressortissants-de-quitter-le-pays-apres-les-attaques-du-25-avril","status":"publish","type":"post","link":"https:\/\/lepatriotebenin.com\/index.php\/2026\/04\/29\/mali-paris-demande-a-ses-ressortissants-de-quitter-le-pays-apres-les-attaques-du-25-avril\/","title":{"rendered":"Mali : Paris demande \u00e0 ses ressortissants de quitter le pays apr\u00e8s les attaques du 25 avril"},"content":{"rendered":"<p>Face \u00e0 une situation pr\u00e9caire au Mali, le Quai d\u2019Orsay recommande aux Fran\u00e7ais de partir \u00ab\u00a0d\u00e8s que possible par les vols commerciaux disponibles\u00a0\u00bb. Cet appel intervient quatre jours apr\u00e8s l\u2019offensive djihadiste qui a co\u00fbt\u00e9 la vie au ministre malien de la D\u00e9fense.<\/p>\n<p>\u200eLa France a explicitement appel\u00e9 ce\u00a0 mercredi 29 avril, ses ressortissants \u00e0 quitter temporairement le Mali.<\/p>\n<p>\u200eDans une mise \u00e0 jour de ses \u00ab\u00a0conseils aux voyageurs\u00a0\u00bb, le minist\u00e8re des Affaires \u00e9trang\u00e8res juge la situation \u00ab\u00a0extr\u00eamement volatile\u00a0\u00bb et demande de partir par les vols commerciaux encore disponibles. Pour ceux qui restent, ils doivent rester chez eux, limiter les d\u00e9placements et maintenir un contact r\u00e9gulier avec leurs proches.<\/p>\n<p>\u200eCette recommandation fait suite aux attaques coordonn\u00e9es du samedi 25 avril. Le Groupe de soutien de l\u2019islam et des musulmans (GSIM ou JNIM), alli\u00e9 aux rebelles du Front de lib\u00e9ration de l\u2019Azawad (FLA), a frapp\u00e9 simultan\u00e9ment plusieurs villes dont Bamako, Kati et Kidal. Le g\u00e9n\u00e9ral Sadio Camara, ministre de la D\u00e9fense, a \u00e9t\u00e9 tu\u00e9 dans un attentat \u00e0 la voiture pi\u00e9g\u00e9e selon les informations officielles.<\/p>\n<p>\u200eLe g\u00e9n\u00e9ral Assimi Go\u00efta, Chef de la junte au pouvoir au Mali, s&rsquo;est adress\u00e9 ce mardi 28 avril \u00e0 la nation apr\u00e8s plusieurs jours de silence. Dans son message, il a rassur\u00e9 la population malienne que la \u00ab situation est ma\u00eetris\u00e9e \u00bb. Le FLA de son c\u00f4t\u00e9, informe l&rsquo;AFP ce 29 avril 2026 que Kidal est sous leur contr\u00f4le et qu&rsquo;il compte \u00ablib\u00e9rer\u00bb Gao, Tombouctou et Menaka. Le JNIM a \u00e9galement annonc\u00e9 la reprise des combats avec l&rsquo;arm\u00e9e malienne et invite la population \u00e0 se mettre \u00e0 l&rsquo;abri sous peine d&rsquo;\u00eatre prise pour cible.<\/p>\n<p>\u200eLe Canada recommande aussi \u00e0 ses citoyens de partir. Les \u00c9tats-Unis exhortent les leurs \u00e0 se mettre \u00e0 l\u2019abri et \u00e9viter l\u2019a\u00e9roport Modibo Ke\u00efta de Bamako.<\/p>\n<p>\u200ePlusieurs pays dont la Russie, les \u00c9tats-Unis, le B\u00e9nin et les organisations internationales comme l\u2019UA et l\u2019ONU avaient d\u00e9j\u00e0 condamn\u00e9 les attaques.\u00a0 La France a r\u00e9agi le 27 avril, trois jours apr\u00e8s les faits, exprimant \u00ab\u00a0sa pr\u00e9occupation et sa solidarit\u00e9\u00a0\u00bb.<\/p>\n<p><strong>\u200eEz\u00e9chiel Dagb\u00e9gnon PADONOU<\/strong><\/p>\n","protected":false},"excerpt":{"rendered":"<p>Face \u00e0 une situation pr\u00e9caire au Mali, le Quai d\u2019Orsay recommande aux Fran\u00e7ais de partir \u00ab\u00a0d\u00e8s que possible par les vols commerciaux disponibles\u00a0\u00bb. Cet appel intervient quatre jours apr\u00e8s l\u2019offensive&hellip;<\/p>\n","protected":false},"author":5,"featured_media":18932,"comment_status":"open","ping_status":"open","sticky":false,"template":"","format":"standard","meta":{"content-type":"","om_disable_all_campaigns":false,"_monsterinsights_skip_tracking":false,"_monsterinsights_sitenote_active":false,"_monsterinsights_sitenote_note":"","_monsterinsights_sitenote_category":0,"_uf_show_specific_survey":0,"_uf_disable_surveys":false,"footnotes":""},"categories":[26],"tags":[],"class_list":["post-18931","post","type-post","status-publish","format-standard","has-post-thumbnail","hentry","category-politique"],"aioseo_notices":[],"yoast_head":"<!-- This site is optimized with the Yoast SEO plugin v27.5 - https:\/\/yoast.com\/product\/yoast-seo-wordpress\/ -->\n<title>Mali : Paris demande \u00e0 ses ressortissants de quitter le pays apr\u00e8s les attaques du 25 avril - Le Patriote<\/title>\n<meta name=\"robots\" content=\"index, follow, max-snippet:-1, max-image-preview:large, max-video-preview:-1\" \/>\n<link rel=\"canonical\" href=\"https:\/\/lepatriotebenin.com\/index.php\/2026\/04\/29\/mali-paris-demande-a-ses-ressortissants-de-quitter-le-pays-apres-les-attaques-du-25-avril\/\" \/>\n<meta property=\"og:locale\" content=\"fr_FR\" \/>\n<meta property=\"og:type\" content=\"article\" \/>\n<meta property=\"og:title\" content=\"Mali : Paris demande \u00e0 ses ressortissants de quitter le pays apr\u00e8s les attaques du 25 avril - Le Patriote\" \/>\n<meta property=\"og:description\" content=\"Face \u00e0 une situation pr\u00e9caire au Mali, le Quai d\u2019Orsay recommande aux Fran\u00e7ais de partir \u00ab\u00a0d\u00e8s que possible par les vols commerciaux disponibles\u00a0\u00bb. Cet appel intervient quatre jours apr\u00e8s l\u2019offensive&hellip;\" \/>\n<meta property=\"og:url\" content=\"https:\/\/lepatriotebenin.com\/index.php\/2026\/04\/29\/mali-paris-demande-a-ses-ressortissants-de-quitter-le-pays-apres-les-attaques-du-25-avril\/\" \/>\n<meta property=\"og:site_name\" content=\"Le Patriote\" \/>\n<meta property=\"article:published_time\" content=\"2026-04-29T19:43:57+00:00\" \/>\n<meta property=\"og:image\" content=\"https:\/\/lepatriotebenin.com\/wp-content\/uploads\/2026\/04\/mali.jpeg\" \/>\n\t<meta property=\"og:image:width\" content=\"720\" \/>\n\t<meta property=\"og:image:height\" content=\"464\" \/>\n\t<meta property=\"og:image:type\" content=\"image\/jpeg\" \/>\n<meta name=\"author\" content=\"Redaction\" \/>\n<meta name=\"twitter:card\" content=\"summary_large_image\" \/>\n<meta name=\"twitter:label1\" content=\"\u00c9crit par\" \/>\n\t<meta name=\"twitter:data1\" content=\"Redaction\" \/>\n\t<meta name=\"twitter:label2\" content=\"Dur\u00e9e de lecture estim\u00e9e\" \/>\n\t<meta name=\"twitter:data2\" content=\"2 minutes\" \/>\n<script type=\"application\/ld+json\" class=\"yoast-schema-graph\">{\"@context\":\"https:\\\/\\\/schema.org\",\"@graph\":[{\"@type\":\"Article\",\"@id\":\"https:\\\/\\\/lepatriotebenin.com\\\/index.php\\\/2026\\\/04\\\/29\\\/mali-paris-demande-a-ses-ressortissants-de-quitter-le-pays-apres-les-attaques-du-25-avril\\\/#article\",\"isPartOf\":{\"@id\":\"https:\\\/\\\/lepatriotebenin.com\\\/index.php\\\/2026\\\/04\\\/29\\\/mali-paris-demande-a-ses-ressortissants-de-quitter-le-pays-apres-les-attaques-du-25-avril\\\/\"},\"author\":{\"name\":\"Redaction\",\"@id\":\"https:\\\/\\\/lepatriotebenin.com\\\/#\\\/schema\\\/person\\\/2e7709b9c9cc313e452d1136af61690f\"},\"headline\":\"Mali : Paris demande \u00e0 ses ressortissants de quitter le pays apr\u00e8s les attaques du 25 avril\",\"datePublished\":\"2026-04-29T19:43:57+00:00\",\"mainEntityOfPage\":{\"@id\":\"https:\\\/\\\/lepatriotebenin.com\\\/index.php\\\/2026\\\/04\\\/29\\\/mali-paris-demande-a-ses-ressortissants-de-quitter-le-pays-apres-les-attaques-du-25-avril\\\/\"},\"wordCount\":385,\"commentCount\":0,\"image\":{\"@id\":\"https:\\\/\\\/lepatriotebenin.com\\\/index.php\\\/2026\\\/04\\\/29\\\/mali-paris-demande-a-ses-ressortissants-de-quitter-le-pays-apres-les-attaques-du-25-avril\\\/#primaryimage\"},\"thumbnailUrl\":\"https:\\\/\\\/lepatriotebenin.com\\\/wp-content\\\/uploads\\\/2026\\\/04\\\/mali.jpeg\",\"articleSection\":[\"Politique\"],\"inLanguage\":\"fr-FR\",\"potentialAction\":[{\"@type\":\"CommentAction\",\"name\":\"Comment\",\"target\":[\"https:\\\/\\\/lepatriotebenin.com\\\/index.php\\\/2026\\\/04\\\/29\\\/mali-paris-demande-a-ses-ressortissants-de-quitter-le-pays-apres-les-attaques-du-25-avril\\\/#respond\"]}]},{\"@type\":\"WebPage\",\"@id\":\"https:\\\/\\\/lepatriotebenin.com\\\/index.php\\\/2026\\\/04\\\/29\\\/mali-paris-demande-a-ses-ressortissants-de-quitter-le-pays-apres-les-attaques-du-25-avril\\\/\",\"url\":\"https:\\\/\\\/lepatriotebenin.com\\\/index.php\\\/2026\\\/04\\\/29\\\/mali-paris-demande-a-ses-ressortissants-de-quitter-le-pays-apres-les-attaques-du-25-avril\\\/\",\"name\":\"Mali : Paris demande \u00e0 ses ressortissants de quitter le pays apr\u00e8s les attaques du 25 avril - Le Patriote\",\"isPartOf\":{\"@id\":\"https:\\\/\\\/lepatriotebenin.com\\\/#website\"},\"primaryImageOfPage\":{\"@id\":\"https:\\\/\\\/lepatriotebenin.com\\\/index.php\\\/2026\\\/04\\\/29\\\/mali-paris-demande-a-ses-ressortissants-de-quitter-le-pays-apres-les-attaques-du-25-avril\\\/#primaryimage\"},\"image\":{\"@id\":\"https:\\\/\\\/lepatriotebenin.com\\\/index.php\\\/2026\\\/04\\\/29\\\/mali-paris-demande-a-ses-ressortissants-de-quitter-le-pays-apres-les-attaques-du-25-avril\\\/#primaryimage\"},\"thumbnailUrl\":\"https:\\\/\\\/lepatriotebenin.com\\\/wp-content\\\/uploads\\\/2026\\\/04\\\/mali.jpeg\",\"datePublished\":\"2026-04-29T19:43:57+00:00\",\"author\":{\"@id\":\"https:\\\/\\\/lepatriotebenin.com\\\/#\\\/schema\\\/person\\\/2e7709b9c9cc313e452d1136af61690f\"},\"breadcrumb\":{\"@id\":\"https:\\\/\\\/lepatriotebenin.com\\\/index.php\\\/2026\\\/04\\\/29\\\/mali-paris-demande-a-ses-ressortissants-de-quitter-le-pays-apres-les-attaques-du-25-avril\\\/#breadcrumb\"},\"inLanguage\":\"fr-FR\",\"potentialAction\":[{\"@type\":\"ReadAction\",\"target\":[\"https:\\\/\\\/lepatriotebenin.com\\\/index.php\\\/2026\\\/04\\\/29\\\/mali-paris-demande-a-ses-ressortissants-de-quitter-le-pays-apres-les-attaques-du-25-avril\\\/\"]}]},{\"@type\":\"ImageObject\",\"inLanguage\":\"fr-FR\",\"@id\":\"https:\\\/\\\/lepatriotebenin.com\\\/index.php\\\/2026\\\/04\\\/29\\\/mali-paris-demande-a-ses-ressortissants-de-quitter-le-pays-apres-les-attaques-du-25-avril\\\/#primaryimage\",\"url\":\"https:\\\/\\\/lepatriotebenin.com\\\/wp-content\\\/uploads\\\/2026\\\/04\\\/mali.jpeg\",\"contentUrl\":\"https:\\\/\\\/lepatriotebenin.com\\\/wp-content\\\/uploads\\\/2026\\\/04\\\/mali.jpeg\",\"width\":720,\"height\":464},{\"@type\":\"BreadcrumbList\",\"@id\":\"https:\\\/\\\/lepatriotebenin.com\\\/index.php\\\/2026\\\/04\\\/29\\\/mali-paris-demande-a-ses-ressortissants-de-quitter-le-pays-apres-les-attaques-du-25-avril\\\/#breadcrumb\",\"itemListElement\":[{\"@type\":\"ListItem\",\"position\":1,\"name\":\"Accueil\",\"item\":\"https:\\\/\\\/lepatriotebenin.com\\\/\"},{\"@type\":\"ListItem\",\"position\":2,\"name\":\"Mali : Paris demande \u00e0 ses ressortissants de quitter le pays apr\u00e8s les attaques du 25 avril\"}]},{\"@type\":\"WebSite\",\"@id\":\"https:\\\/\\\/lepatriotebenin.com\\\/#website\",\"url\":\"https:\\\/\\\/lepatriotebenin.com\\\/\",\"name\":\"Le Patriote\",\"description\":\"Le Patriote B\u00e9nin\",\"potentialAction\":[{\"@type\":\"SearchAction\",\"target\":{\"@type\":\"EntryPoint\",\"urlTemplate\":\"https:\\\/\\\/lepatriotebenin.com\\\/?s={search_term_string}\"},\"query-input\":{\"@type\":\"PropertyValueSpecification\",\"valueRequired\":true,\"valueName\":\"search_term_string\"}}],\"inLanguage\":\"fr-FR\"},{\"@type\":\"Person\",\"@id\":\"https:\\\/\\\/lepatriotebenin.com\\\/#\\\/schema\\\/person\\\/2e7709b9c9cc313e452d1136af61690f\",\"name\":\"Redaction\",\"image\":{\"@type\":\"ImageObject\",\"inLanguage\":\"fr-FR\",\"@id\":\"https:\\\/\\\/secure.gravatar.com\\\/avatar\\\/c4c509357859ea2ca2cbb6d8812898a73e4ef1ef9934c2e591d7e32face734d1?s=96&d=mm&r=g\",\"url\":\"https:\\\/\\\/secure.gravatar.com\\\/avatar\\\/c4c509357859ea2ca2cbb6d8812898a73e4ef1ef9934c2e591d7e32face734d1?s=96&d=mm&r=g\",\"contentUrl\":\"https:\\\/\\\/secure.gravatar.com\\\/avatar\\\/c4c509357859ea2ca2cbb6d8812898a73e4ef1ef9934c2e591d7e32face734d1?s=96&d=mm&r=g\",\"caption\":\"Redaction\"},\"url\":\"https:\\\/\\\/lepatriotebenin.com\"}]}<\/script>\n<!-- \/ Yoast SEO plugin. -->","yoast_head_json":{"title":"Mali : Paris demande \u00e0 ses ressortissants de quitter le pays apr\u00e8s les attaques du 25 avril - Le Patriote","robots":{"index":"index","follow":"follow","max-snippet":"max-snippet:-1","max-image-preview":"max-image-preview:large","max-video-preview":"max-video-preview:-1"},"canonical":"https:\/\/lepatriotebenin.com\/index.php\/2026\/04\/29\/mali-paris-demande-a-ses-ressortissants-de-quitter-le-pays-apres-les-attaques-du-25-avril\/","og_locale":"fr_FR","og_type":"article","og_title":"Mali : Paris demande \u00e0 ses ressortissants de quitter le pays apr\u00e8s les attaques du 25 avril - Le Patriote","og_description":"Face \u00e0 une situation pr\u00e9caire au Mali, le Quai d\u2019Orsay recommande aux Fran\u00e7ais de partir \u00ab\u00a0d\u00e8s que possible par les vols commerciaux disponibles\u00a0\u00bb. Cet appel intervient quatre jours apr\u00e8s l\u2019offensive&hellip;","og_url":"https:\/\/lepatriotebenin.com\/index.php\/2026\/04\/29\/mali-paris-demande-a-ses-ressortissants-de-quitter-le-pays-apres-les-attaques-du-25-avril\/","og_site_name":"Le Patriote","article_published_time":"2026-04-29T19:43:57+00:00","og_image":[{"width":720,"height":464,"url":"https:\/\/lepatriotebenin.com\/wp-content\/uploads\/2026\/04\/mali.jpeg","type":"image\/jpeg"}],"author":"Redaction","twitter_card":"summary_large_image","twitter_misc":{"\u00c9crit par":"Redaction","Dur\u00e9e de lecture estim\u00e9e":"2 minutes"},"schema":{"@context":"https:\/\/schema.org","@graph":[{"@type":"Article","@id":"https:\/\/lepatriotebenin.com\/index.php\/2026\/04\/29\/mali-paris-demande-a-ses-ressortissants-de-quitter-le-pays-apres-les-attaques-du-25-avril\/#article","isPartOf":{"@id":"https:\/\/lepatriotebenin.com\/index.php\/2026\/04\/29\/mali-paris-demande-a-ses-ressortissants-de-quitter-le-pays-apres-les-attaques-du-25-avril\/"},"author":{"name":"Redaction","@id":"https:\/\/lepatriotebenin.com\/#\/schema\/person\/2e7709b9c9cc313e452d1136af61690f"},"headline":"Mali : Paris demande \u00e0 ses ressortissants de quitter le pays apr\u00e8s les attaques du 25 avril","datePublished":"2026-04-29T19:43:57+00:00","mainEntityOfPage":{"@id":"https:\/\/lepatriotebenin.com\/index.php\/2026\/04\/29\/mali-paris-demande-a-ses-ressortissants-de-quitter-le-pays-apres-les-attaques-du-25-avril\/"},"wordCount":385,"commentCount":0,"image":{"@id":"https:\/\/lepatriotebenin.com\/index.php\/2026\/04\/29\/mali-paris-demande-a-ses-ressortissants-de-quitter-le-pays-apres-les-attaques-du-25-avril\/#primaryimage"},"thumbnailUrl":"https:\/\/lepatriotebenin.com\/wp-content\/uploads\/2026\/04\/mali.jpeg","articleSection":["Politique"],"inLanguage":"fr-FR","potentialAction":[{"@type":"CommentAction","name":"Comment","target":["https:\/\/lepatriotebenin.com\/index.php\/2026\/04\/29\/mali-paris-demande-a-ses-ressortissants-de-quitter-le-pays-apres-les-attaques-du-25-avril\/#respond"]}]},{"@type":"WebPage","@id":"https:\/\/lepatriotebenin.com\/index.php\/2026\/04\/29\/mali-paris-demande-a-ses-ressortissants-de-quitter-le-pays-apres-les-attaques-du-25-avril\/","url":"https:\/\/lepatriotebenin.com\/index.php\/2026\/04\/29\/mali-paris-demande-a-ses-ressortissants-de-quitter-le-pays-apres-les-attaques-du-25-avril\/","name":"Mali : Paris demande \u00e0 ses ressortissants de quitter le pays apr\u00e8s les attaques du 25 avril - Le Patriote","isPartOf":{"@id":"https:\/\/lepatriotebenin.com\/#website"},"primaryImageOfPage":{"@id":"https:\/\/lepatriotebenin.com\/index.php\/2026\/04\/29\/mali-paris-demande-a-ses-ressortissants-de-quitter-le-pays-apres-les-attaques-du-25-avril\/#primaryimage"},"image":{"@id":"https:\/\/lepatriotebenin.com\/index.php\/2026\/04\/29\/mali-paris-demande-a-ses-ressortissants-de-quitter-le-pays-apres-les-attaques-du-25-avril\/#primaryimage"},"thumbnailUrl":"https:\/\/lepatriotebenin.com\/wp-content\/uploads\/2026\/04\/mali.jpeg","datePublished":"2026-04-29T19:43:57+00:00","author":{"@id":"https:\/\/lepatriotebenin.com\/#\/schema\/person\/2e7709b9c9cc313e452d1136af61690f"},"breadcrumb":{"@id":"https:\/\/lepatriotebenin.com\/index.php\/2026\/04\/29\/mali-paris-demande-a-ses-ressortissants-de-quitter-le-pays-apres-les-attaques-du-25-avril\/#breadcrumb"},"inLanguage":"fr-FR","potentialAction":[{"@type":"ReadAction","target":["https:\/\/lepatriotebenin.com\/index.php\/2026\/04\/29\/mali-paris-demande-a-ses-ressortissants-de-quitter-le-pays-apres-les-attaques-du-25-avril\/"]}]},{"@type":"ImageObject","inLanguage":"fr-FR","@id":"https:\/\/lepatriotebenin.com\/index.php\/2026\/04\/29\/mali-paris-demande-a-ses-ressortissants-de-quitter-le-pays-apres-les-attaques-du-25-avril\/#primaryimage","url":"https:\/\/lepatriotebenin.com\/wp-content\/uploads\/2026\/04\/mali.jpeg","contentUrl":"https:\/\/lepatriotebenin.com\/wp-content\/uploads\/2026\/04\/mali.jpeg","width":720,"height":464},{"@type":"BreadcrumbList","@id":"https:\/\/lepatriotebenin.com\/index.php\/2026\/04\/29\/mali-paris-demande-a-ses-ressortissants-de-quitter-le-pays-apres-les-attaques-du-25-avril\/#breadcrumb","itemListElement":[{"@type":"ListItem","position":1,"name":"Accueil","item":"https:\/\/lepatriotebenin.com\/"},{"@type":"ListItem","position":2,"name":"Mali : Paris demande \u00e0 ses ressortissants de quitter le pays apr\u00e8s les attaques du 25 avril"}]},{"@type":"WebSite","@id":"https:\/\/lepatriotebenin.com\/#website","url":"https:\/\/lepatriotebenin.com\/","name":"Le Patriote","description":"Le Patriote B\u00e9nin","potentialAction":[{"@type":"SearchAction","target":{"@type":"EntryPoint","urlTemplate":"https:\/\/lepatriotebenin.com\/?s={search_term_string}"},"query-input":{"@type":"PropertyValueSpecification","valueRequired":true,"valueName":"search_term_string"}}],"inLanguage":"fr-FR"},{"@type":"Person","@id":"https:\/\/lepatriotebenin.com\/#\/schema\/person\/2e7709b9c9cc313e452d1136af61690f","name":"Redaction","image":{"@type":"ImageObject","inLanguage":"fr-FR","@id":"https:\/\/secure.gravatar.com\/avatar\/c4c509357859ea2ca2cbb6d8812898a73e4ef1ef9934c2e591d7e32face734d1?s=96&d=mm&r=g","url":"https:\/\/secure.gravatar.com\/avatar\/c4c509357859ea2ca2cbb6d8812898a73e4ef1ef9934c2e591d7e32face734d1?s=96&d=mm&r=g","contentUrl":"https:\/\/secure.gravatar.com\/avatar\/c4c509357859ea2ca2cbb6d8812898a73e4ef1ef9934c2e591d7e32face734d1?s=96&d=mm&r=g","caption":"Redaction"},"url":"https:\/\/lepatriotebenin.com"}]}},"_links":{"self":[{"href":"https:\/\/lepatriotebenin.com\/index.php\/wp-json\/wp\/v2\/posts\/18931","targetHints":{"allow":["GET"]}}],"collection":[{"href":"https:\/\/lepatriotebenin.com\/index.php\/wp-json\/wp\/v2\/posts"}],"about":[{"href":"https:\/\/lepatriotebenin.com\/index.php\/wp-json\/wp\/v2\/types\/post"}],"author":[{"embeddable":true,"href":"https:\/\/lepatriotebenin.com\/index.php\/wp-json\/wp\/v2\/users\/5"}],"replies":[{"embeddable":true,"href":"https:\/\/lepatriotebenin.com\/index.php\/wp-json\/wp\/v2\/comments?post=18931"}],"version-history":[{"count":1,"href":"https:\/\/lepatriotebenin.com\/index.php\/wp-json\/wp\/v2\/posts\/18931\/revisions"}],"predecessor-version":[{"id":18933,"href":"https:\/\/lepatriotebenin.com\/index.php\/wp-json\/wp\/v2\/posts\/18931\/revisions\/18933"}],"wp:featuredmedia":[{"embeddable":true,"href":"https:\/\/lepatriotebenin.com\/index.php\/wp-json\/wp\/v2\/media\/18932"}],"wp:attachment":[{"href":"https:\/\/lepatriotebenin.com\/index.php\/wp-json\/wp\/v2\/media?parent=18931"}],"wp:term":[{"taxonomy":"category","embeddable":true,"href":"https:\/\/lepatriotebenin.com\/index.php\/wp-json\/wp\/v2\/categories?post=18931"},{"taxonomy":"post_tag","embeddable":true,"href":"https:\/\/lepatriotebenin.com\/index.php\/wp-json\/wp\/v2\/tags?post=18931"}],"curies":[{"name":"wp","href":"https:\/\/api.w.org\/{rel}","templated":true}]}}