{"id":18929,"date":"2026-04-29T21:31:40","date_gmt":"2026-04-29T19:31:40","guid":{"rendered":"https:\/\/lepatriotebenin.com\/?p=18929"},"modified":"2026-04-29T21:31:40","modified_gmt":"2026-04-29T19:31:40","slug":"bataille-juridique-pour-la-presidence-du-parti-les-democrates-la-justice-donne-raison-a-nourenou-atchade","status":"publish","type":"post","link":"https:\/\/lepatriotebenin.com\/index.php\/2026\/04\/29\/bataille-juridique-pour-la-presidence-du-parti-les-democrates-la-justice-donne-raison-a-nourenou-atchade\/","title":{"rendered":"Bataille juridique pour la pr\u00e9sidence du parti Les D\u00e9mocrates : La justice donne raison \u00e0 Nour\u00e9nou Atchad\u00e9"},"content":{"rendered":"<p>Le tribunal de premi\u00e8re instance de premi\u00e8re classe de Cotonou vient de trancher dans l&rsquo;affaire relative \u00e0 la pr\u00e9sidence du parti Les D\u00e9mocrates, un dossier qui oppose les camps \u00c9ric Hound\u00e9t\u00e9 et Nour\u00e9nou Atchad\u00e9. Apr\u00e8s plusieurs jours de d\u00e9bats devant les juges, la justice a d\u00e9cid\u00e9 de confier la pr\u00e9sidence du parti \u00e0 Nour\u00e9nou Atchad\u00e9 qui a \u00e9t\u00e9 \u00e9lu \u00e0 l&rsquo;issue du Congr\u00e8s national du parti.<\/p>\n<p>Il faut rappeler que depuis quelques jours, le vice-pr\u00e9sident int\u00e9rimaire qui a pris les r\u00eanes du parti de l&rsquo;opposition Les D\u00e9mocrates apr\u00e8s la d\u00e9mission de Boni Yayi, \u00c9ric Hound\u00e9t\u00e9 n&rsquo;a pas dig\u00e9r\u00e9 la d\u00e9signation de Nour\u00e9nou Atchad\u00e9 comme nouveau pr\u00e9sident. Il a donc saisi la justice pour conna\u00eetre du dossier.<\/p>\n","protected":false},"excerpt":{"rendered":"<p>Le tribunal de premi\u00e8re instance de premi\u00e8re classe de Cotonou vient de trancher dans l&rsquo;affaire relative \u00e0 la pr\u00e9sidence du parti Les D\u00e9mocrates, un dossier qui oppose les camps \u00c9ric&hellip;<\/p>\n","protected":false},"author":5,"featured_media":18903,"comment_status":"open","ping_status":"open","sticky":false,"template":"","format":"standard","meta":{"content-type":"","om_disable_all_campaigns":false,"_monsterinsights_skip_tracking":false,"_monsterinsights_sitenote_active":false,"_monsterinsights_sitenote_note":"","_monsterinsights_sitenote_category":0,"_uf_show_specific_survey":0,"_uf_disable_surveys":false,"footnotes":""},"categories":[26],"tags":[],"class_list":["post-18929","post","type-post","status-publish","format-standard","has-post-thumbnail","hentry","category-politique"],"aioseo_notices":[],"yoast_head":"<!-- This site is optimized with the Yoast SEO plugin v27.5 - https:\/\/yoast.com\/product\/yoast-seo-wordpress\/ -->\n<title>Bataille juridique pour la pr\u00e9sidence du parti Les D\u00e9mocrates : La justice donne raison \u00e0 Nour\u00e9nou Atchad\u00e9 - Le Patriote<\/title>\n<meta name=\"robots\" content=\"index, follow, max-snippet:-1, max-image-preview:large, max-video-preview:-1\" \/>\n<link rel=\"canonical\" href=\"https:\/\/lepatriotebenin.com\/index.php\/2026\/04\/29\/bataille-juridique-pour-la-presidence-du-parti-les-democrates-la-justice-donne-raison-a-nourenou-atchade\/\" \/>\n<meta property=\"og:locale\" content=\"fr_FR\" \/>\n<meta property=\"og:type\" content=\"article\" \/>\n<meta property=\"og:title\" content=\"Bataille juridique pour la pr\u00e9sidence du parti Les D\u00e9mocrates : La justice donne raison \u00e0 Nour\u00e9nou Atchad\u00e9 - Le Patriote\" \/>\n<meta property=\"og:description\" content=\"Le tribunal de premi\u00e8re instance de premi\u00e8re classe de Cotonou vient de trancher dans l&rsquo;affaire relative \u00e0 la pr\u00e9sidence du parti Les D\u00e9mocrates, un dossier qui oppose les camps \u00c9ric&hellip;\" \/>\n<meta property=\"og:url\" content=\"https:\/\/lepatriotebenin.com\/index.php\/2026\/04\/29\/bataille-juridique-pour-la-presidence-du-parti-les-democrates-la-justice-donne-raison-a-nourenou-atchade\/\" \/>\n<meta property=\"og:site_name\" content=\"Le Patriote\" \/>\n<meta property=\"article:published_time\" content=\"2026-04-29T19:31:40+00:00\" \/>\n<meta property=\"og:image\" content=\"https:\/\/lepatriotebenin.com\/wp-content\/uploads\/2026\/04\/nourenou-atchade.jpeg\" \/>\n\t<meta property=\"og:image:width\" content=\"1057\" \/>\n\t<meta property=\"og:image:height\" content=\"655\" \/>\n\t<meta property=\"og:image:type\" content=\"image\/jpeg\" \/>\n<meta name=\"author\" content=\"Redaction\" \/>\n<meta name=\"twitter:card\" content=\"summary_large_image\" \/>\n<meta name=\"twitter:label1\" content=\"\u00c9crit par\" \/>\n\t<meta name=\"twitter:data1\" content=\"Redaction\" \/>\n\t<meta name=\"twitter:label2\" content=\"Dur\u00e9e de lecture estim\u00e9e\" \/>\n\t<meta name=\"twitter:data2\" content=\"1 minute\" \/>\n<script type=\"application\/ld+json\" class=\"yoast-schema-graph\">{\"@context\":\"https:\\\/\\\/schema.org\",\"@graph\":[{\"@type\":\"Article\",\"@id\":\"https:\\\/\\\/lepatriotebenin.com\\\/index.php\\\/2026\\\/04\\\/29\\\/bataille-juridique-pour-la-presidence-du-parti-les-democrates-la-justice-donne-raison-a-nourenou-atchade\\\/#article\",\"isPartOf\":{\"@id\":\"https:\\\/\\\/lepatriotebenin.com\\\/index.php\\\/2026\\\/04\\\/29\\\/bataille-juridique-pour-la-presidence-du-parti-les-democrates-la-justice-donne-raison-a-nourenou-atchade\\\/\"},\"author\":{\"name\":\"Redaction\",\"@id\":\"https:\\\/\\\/lepatriotebenin.com\\\/#\\\/schema\\\/person\\\/2e7709b9c9cc313e452d1136af61690f\"},\"headline\":\"Bataille juridique pour la pr\u00e9sidence du parti Les D\u00e9mocrates : La justice donne raison \u00e0 Nour\u00e9nou Atchad\u00e9\",\"datePublished\":\"2026-04-29T19:31:40+00:00\",\"mainEntityOfPage\":{\"@id\":\"https:\\\/\\\/lepatriotebenin.com\\\/index.php\\\/2026\\\/04\\\/29\\\/bataille-juridique-pour-la-presidence-du-parti-les-democrates-la-justice-donne-raison-a-nourenou-atchade\\\/\"},\"wordCount\":159,\"commentCount\":0,\"image\":{\"@id\":\"https:\\\/\\\/lepatriotebenin.com\\\/index.php\\\/2026\\\/04\\\/29\\\/bataille-juridique-pour-la-presidence-du-parti-les-democrates-la-justice-donne-raison-a-nourenou-atchade\\\/#primaryimage\"},\"thumbnailUrl\":\"https:\\\/\\\/lepatriotebenin.com\\\/wp-content\\\/uploads\\\/2026\\\/04\\\/nourenou-atchade.jpeg\",\"articleSection\":[\"Politique\"],\"inLanguage\":\"fr-FR\",\"potentialAction\":[{\"@type\":\"CommentAction\",\"name\":\"Comment\",\"target\":[\"https:\\\/\\\/lepatriotebenin.com\\\/index.php\\\/2026\\\/04\\\/29\\\/bataille-juridique-pour-la-presidence-du-parti-les-democrates-la-justice-donne-raison-a-nourenou-atchade\\\/#respond\"]}]},{\"@type\":\"WebPage\",\"@id\":\"https:\\\/\\\/lepatriotebenin.com\\\/index.php\\\/2026\\\/04\\\/29\\\/bataille-juridique-pour-la-presidence-du-parti-les-democrates-la-justice-donne-raison-a-nourenou-atchade\\\/\",\"url\":\"https:\\\/\\\/lepatriotebenin.com\\\/index.php\\\/2026\\\/04\\\/29\\\/bataille-juridique-pour-la-presidence-du-parti-les-democrates-la-justice-donne-raison-a-nourenou-atchade\\\/\",\"name\":\"Bataille juridique pour la pr\u00e9sidence du parti Les D\u00e9mocrates : La justice donne raison \u00e0 Nour\u00e9nou Atchad\u00e9 - Le Patriote\",\"isPartOf\":{\"@id\":\"https:\\\/\\\/lepatriotebenin.com\\\/#website\"},\"primaryImageOfPage\":{\"@id\":\"https:\\\/\\\/lepatriotebenin.com\\\/index.php\\\/2026\\\/04\\\/29\\\/bataille-juridique-pour-la-presidence-du-parti-les-democrates-la-justice-donne-raison-a-nourenou-atchade\\\/#primaryimage\"},\"image\":{\"@id\":\"https:\\\/\\\/lepatriotebenin.com\\\/index.php\\\/2026\\\/04\\\/29\\\/bataille-juridique-pour-la-presidence-du-parti-les-democrates-la-justice-donne-raison-a-nourenou-atchade\\\/#primaryimage\"},\"thumbnailUrl\":\"https:\\\/\\\/lepatriotebenin.com\\\/wp-content\\\/uploads\\\/2026\\\/04\\\/nourenou-atchade.jpeg\",\"datePublished\":\"2026-04-29T19:31:40+00:00\",\"author\":{\"@id\":\"https:\\\/\\\/lepatriotebenin.com\\\/#\\\/schema\\\/person\\\/2e7709b9c9cc313e452d1136af61690f\"},\"breadcrumb\":{\"@id\":\"https:\\\/\\\/lepatriotebenin.com\\\/index.php\\\/2026\\\/04\\\/29\\\/bataille-juridique-pour-la-presidence-du-parti-les-democrates-la-justice-donne-raison-a-nourenou-atchade\\\/#breadcrumb\"},\"inLanguage\":\"fr-FR\",\"potentialAction\":[{\"@type\":\"ReadAction\",\"target\":[\"https:\\\/\\\/lepatriotebenin.com\\\/index.php\\\/2026\\\/04\\\/29\\\/bataille-juridique-pour-la-presidence-du-parti-les-democrates-la-justice-donne-raison-a-nourenou-atchade\\\/\"]}]},{\"@type\":\"ImageObject\",\"inLanguage\":\"fr-FR\",\"@id\":\"https:\\\/\\\/lepatriotebenin.com\\\/index.php\\\/2026\\\/04\\\/29\\\/bataille-juridique-pour-la-presidence-du-parti-les-democrates-la-justice-donne-raison-a-nourenou-atchade\\\/#primaryimage\",\"url\":\"https:\\\/\\\/lepatriotebenin.com\\\/wp-content\\\/uploads\\\/2026\\\/04\\\/nourenou-atchade.jpeg\",\"contentUrl\":\"https:\\\/\\\/lepatriotebenin.com\\\/wp-content\\\/uploads\\\/2026\\\/04\\\/nourenou-atchade.jpeg\",\"width\":1057,\"height\":655},{\"@type\":\"BreadcrumbList\",\"@id\":\"https:\\\/\\\/lepatriotebenin.com\\\/index.php\\\/2026\\\/04\\\/29\\\/bataille-juridique-pour-la-presidence-du-parti-les-democrates-la-justice-donne-raison-a-nourenou-atchade\\\/#breadcrumb\",\"itemListElement\":[{\"@type\":\"ListItem\",\"position\":1,\"name\":\"Accueil\",\"item\":\"https:\\\/\\\/lepatriotebenin.com\\\/\"},{\"@type\":\"ListItem\",\"position\":2,\"name\":\"Bataille juridique pour la pr\u00e9sidence du parti Les D\u00e9mocrates : La justice donne raison \u00e0 Nour\u00e9nou Atchad\u00e9\"}]},{\"@type\":\"WebSite\",\"@id\":\"https:\\\/\\\/lepatriotebenin.com\\\/#website\",\"url\":\"https:\\\/\\\/lepatriotebenin.com\\\/\",\"name\":\"Le Patriote\",\"description\":\"Le Patriote B\u00e9nin\",\"potentialAction\":[{\"@type\":\"SearchAction\",\"target\":{\"@type\":\"EntryPoint\",\"urlTemplate\":\"https:\\\/\\\/lepatriotebenin.com\\\/?s={search_term_string}\"},\"query-input\":{\"@type\":\"PropertyValueSpecification\",\"valueRequired\":true,\"valueName\":\"search_term_string\"}}],\"inLanguage\":\"fr-FR\"},{\"@type\":\"Person\",\"@id\":\"https:\\\/\\\/lepatriotebenin.com\\\/#\\\/schema\\\/person\\\/2e7709b9c9cc313e452d1136af61690f\",\"name\":\"Redaction\",\"image\":{\"@type\":\"ImageObject\",\"inLanguage\":\"fr-FR\",\"@id\":\"https:\\\/\\\/secure.gravatar.com\\\/avatar\\\/c4c509357859ea2ca2cbb6d8812898a73e4ef1ef9934c2e591d7e32face734d1?s=96&d=mm&r=g\",\"url\":\"https:\\\/\\\/secure.gravatar.com\\\/avatar\\\/c4c509357859ea2ca2cbb6d8812898a73e4ef1ef9934c2e591d7e32face734d1?s=96&d=mm&r=g\",\"contentUrl\":\"https:\\\/\\\/secure.gravatar.com\\\/avatar\\\/c4c509357859ea2ca2cbb6d8812898a73e4ef1ef9934c2e591d7e32face734d1?s=96&d=mm&r=g\",\"caption\":\"Redaction\"},\"url\":\"https:\\\/\\\/lepatriotebenin.com\"}]}<\/script>\n<!-- \/ Yoast SEO plugin. -->","yoast_head_json":{"title":"Bataille juridique pour la pr\u00e9sidence du parti Les D\u00e9mocrates : La justice donne raison \u00e0 Nour\u00e9nou Atchad\u00e9 - Le Patriote","robots":{"index":"index","follow":"follow","max-snippet":"max-snippet:-1","max-image-preview":"max-image-preview:large","max-video-preview":"max-video-preview:-1"},"canonical":"https:\/\/lepatriotebenin.com\/index.php\/2026\/04\/29\/bataille-juridique-pour-la-presidence-du-parti-les-democrates-la-justice-donne-raison-a-nourenou-atchade\/","og_locale":"fr_FR","og_type":"article","og_title":"Bataille juridique pour la pr\u00e9sidence du parti Les D\u00e9mocrates : La justice donne raison \u00e0 Nour\u00e9nou Atchad\u00e9 - Le Patriote","og_description":"Le tribunal de premi\u00e8re instance de premi\u00e8re classe de Cotonou vient de trancher dans l&rsquo;affaire relative \u00e0 la pr\u00e9sidence du parti Les D\u00e9mocrates, un dossier qui oppose les camps \u00c9ric&hellip;","og_url":"https:\/\/lepatriotebenin.com\/index.php\/2026\/04\/29\/bataille-juridique-pour-la-presidence-du-parti-les-democrates-la-justice-donne-raison-a-nourenou-atchade\/","og_site_name":"Le Patriote","article_published_time":"2026-04-29T19:31:40+00:00","og_image":[{"width":1057,"height":655,"url":"https:\/\/lepatriotebenin.com\/wp-content\/uploads\/2026\/04\/nourenou-atchade.jpeg","type":"image\/jpeg"}],"author":"Redaction","twitter_card":"summary_large_image","twitter_misc":{"\u00c9crit par":"Redaction","Dur\u00e9e de lecture estim\u00e9e":"1 minute"},"schema":{"@context":"https:\/\/schema.org","@graph":[{"@type":"Article","@id":"https:\/\/lepatriotebenin.com\/index.php\/2026\/04\/29\/bataille-juridique-pour-la-presidence-du-parti-les-democrates-la-justice-donne-raison-a-nourenou-atchade\/#article","isPartOf":{"@id":"https:\/\/lepatriotebenin.com\/index.php\/2026\/04\/29\/bataille-juridique-pour-la-presidence-du-parti-les-democrates-la-justice-donne-raison-a-nourenou-atchade\/"},"author":{"name":"Redaction","@id":"https:\/\/lepatriotebenin.com\/#\/schema\/person\/2e7709b9c9cc313e452d1136af61690f"},"headline":"Bataille juridique pour la pr\u00e9sidence du parti Les D\u00e9mocrates : La justice donne raison \u00e0 Nour\u00e9nou Atchad\u00e9","datePublished":"2026-04-29T19:31:40+00:00","mainEntityOfPage":{"@id":"https:\/\/lepatriotebenin.com\/index.php\/2026\/04\/29\/bataille-juridique-pour-la-presidence-du-parti-les-democrates-la-justice-donne-raison-a-nourenou-atchade\/"},"wordCount":159,"commentCount":0,"image":{"@id":"https:\/\/lepatriotebenin.com\/index.php\/2026\/04\/29\/bataille-juridique-pour-la-presidence-du-parti-les-democrates-la-justice-donne-raison-a-nourenou-atchade\/#primaryimage"},"thumbnailUrl":"https:\/\/lepatriotebenin.com\/wp-content\/uploads\/2026\/04\/nourenou-atchade.jpeg","articleSection":["Politique"],"inLanguage":"fr-FR","potentialAction":[{"@type":"CommentAction","name":"Comment","target":["https:\/\/lepatriotebenin.com\/index.php\/2026\/04\/29\/bataille-juridique-pour-la-presidence-du-parti-les-democrates-la-justice-donne-raison-a-nourenou-atchade\/#respond"]}]},{"@type":"WebPage","@id":"https:\/\/lepatriotebenin.com\/index.php\/2026\/04\/29\/bataille-juridique-pour-la-presidence-du-parti-les-democrates-la-justice-donne-raison-a-nourenou-atchade\/","url":"https:\/\/lepatriotebenin.com\/index.php\/2026\/04\/29\/bataille-juridique-pour-la-presidence-du-parti-les-democrates-la-justice-donne-raison-a-nourenou-atchade\/","name":"Bataille juridique pour la pr\u00e9sidence du parti Les D\u00e9mocrates : La justice donne raison \u00e0 Nour\u00e9nou Atchad\u00e9 - Le Patriote","isPartOf":{"@id":"https:\/\/lepatriotebenin.com\/#website"},"primaryImageOfPage":{"@id":"https:\/\/lepatriotebenin.com\/index.php\/2026\/04\/29\/bataille-juridique-pour-la-presidence-du-parti-les-democrates-la-justice-donne-raison-a-nourenou-atchade\/#primaryimage"},"image":{"@id":"https:\/\/lepatriotebenin.com\/index.php\/2026\/04\/29\/bataille-juridique-pour-la-presidence-du-parti-les-democrates-la-justice-donne-raison-a-nourenou-atchade\/#primaryimage"},"thumbnailUrl":"https:\/\/lepatriotebenin.com\/wp-content\/uploads\/2026\/04\/nourenou-atchade.jpeg","datePublished":"2026-04-29T19:31:40+00:00","author":{"@id":"https:\/\/lepatriotebenin.com\/#\/schema\/person\/2e7709b9c9cc313e452d1136af61690f"},"breadcrumb":{"@id":"https:\/\/lepatriotebenin.com\/index.php\/2026\/04\/29\/bataille-juridique-pour-la-presidence-du-parti-les-democrates-la-justice-donne-raison-a-nourenou-atchade\/#breadcrumb"},"inLanguage":"fr-FR","potentialAction":[{"@type":"ReadAction","target":["https:\/\/lepatriotebenin.com\/index.php\/2026\/04\/29\/bataille-juridique-pour-la-presidence-du-parti-les-democrates-la-justice-donne-raison-a-nourenou-atchade\/"]}]},{"@type":"ImageObject","inLanguage":"fr-FR","@id":"https:\/\/lepatriotebenin.com\/index.php\/2026\/04\/29\/bataille-juridique-pour-la-presidence-du-parti-les-democrates-la-justice-donne-raison-a-nourenou-atchade\/#primaryimage","url":"https:\/\/lepatriotebenin.com\/wp-content\/uploads\/2026\/04\/nourenou-atchade.jpeg","contentUrl":"https:\/\/lepatriotebenin.com\/wp-content\/uploads\/2026\/04\/nourenou-atchade.jpeg","width":1057,"height":655},{"@type":"BreadcrumbList","@id":"https:\/\/lepatriotebenin.com\/index.php\/2026\/04\/29\/bataille-juridique-pour-la-presidence-du-parti-les-democrates-la-justice-donne-raison-a-nourenou-atchade\/#breadcrumb","itemListElement":[{"@type":"ListItem","position":1,"name":"Accueil","item":"https:\/\/lepatriotebenin.com\/"},{"@type":"ListItem","position":2,"name":"Bataille juridique pour la pr\u00e9sidence du parti Les D\u00e9mocrates : La justice donne raison \u00e0 Nour\u00e9nou Atchad\u00e9"}]},{"@type":"WebSite","@id":"https:\/\/lepatriotebenin.com\/#website","url":"https:\/\/lepatriotebenin.com\/","name":"Le Patriote","description":"Le Patriote B\u00e9nin","potentialAction":[{"@type":"SearchAction","target":{"@type":"EntryPoint","urlTemplate":"https:\/\/lepatriotebenin.com\/?s={search_term_string}"},"query-input":{"@type":"PropertyValueSpecification","valueRequired":true,"valueName":"search_term_string"}}],"inLanguage":"fr-FR"},{"@type":"Person","@id":"https:\/\/lepatriotebenin.com\/#\/schema\/person\/2e7709b9c9cc313e452d1136af61690f","name":"Redaction","image":{"@type":"ImageObject","inLanguage":"fr-FR","@id":"https:\/\/secure.gravatar.com\/avatar\/c4c509357859ea2ca2cbb6d8812898a73e4ef1ef9934c2e591d7e32face734d1?s=96&d=mm&r=g","url":"https:\/\/secure.gravatar.com\/avatar\/c4c509357859ea2ca2cbb6d8812898a73e4ef1ef9934c2e591d7e32face734d1?s=96&d=mm&r=g","contentUrl":"https:\/\/secure.gravatar.com\/avatar\/c4c509357859ea2ca2cbb6d8812898a73e4ef1ef9934c2e591d7e32face734d1?s=96&d=mm&r=g","caption":"Redaction"},"url":"https:\/\/lepatriotebenin.com"}]}},"_links":{"self":[{"href":"https:\/\/lepatriotebenin.com\/index.php\/wp-json\/wp\/v2\/posts\/18929","targetHints":{"allow":["GET"]}}],"collection":[{"href":"https:\/\/lepatriotebenin.com\/index.php\/wp-json\/wp\/v2\/posts"}],"about":[{"href":"https:\/\/lepatriotebenin.com\/index.php\/wp-json\/wp\/v2\/types\/post"}],"author":[{"embeddable":true,"href":"https:\/\/lepatriotebenin.com\/index.php\/wp-json\/wp\/v2\/users\/5"}],"replies":[{"embeddable":true,"href":"https:\/\/lepatriotebenin.com\/index.php\/wp-json\/wp\/v2\/comments?post=18929"}],"version-history":[{"count":1,"href":"https:\/\/lepatriotebenin.com\/index.php\/wp-json\/wp\/v2\/posts\/18929\/revisions"}],"predecessor-version":[{"id":18930,"href":"https:\/\/lepatriotebenin.com\/index.php\/wp-json\/wp\/v2\/posts\/18929\/revisions\/18930"}],"wp:featuredmedia":[{"embeddable":true,"href":"https:\/\/lepatriotebenin.com\/index.php\/wp-json\/wp\/v2\/media\/18903"}],"wp:attachment":[{"href":"https:\/\/lepatriotebenin.com\/index.php\/wp-json\/wp\/v2\/media?parent=18929"}],"wp:term":[{"taxonomy":"category","embeddable":true,"href":"https:\/\/lepatriotebenin.com\/index.php\/wp-json\/wp\/v2\/categories?post=18929"},{"taxonomy":"post_tag","embeddable":true,"href":"https:\/\/lepatriotebenin.com\/index.php\/wp-json\/wp\/v2\/tags?post=18929"}],"curies":[{"name":"wp","href":"https:\/\/api.w.org\/{rel}","templated":true}]}}