{"id":18926,"date":"2026-04-29T21:28:11","date_gmt":"2026-04-29T19:28:11","guid":{"rendered":"https:\/\/lepatriotebenin.com\/?p=18926"},"modified":"2026-04-29T21:28:11","modified_gmt":"2026-04-29T19:28:11","slug":"affaire-sossoukpe-le-benin-et-la-cote-divoire-face-a-des-griefs-portes-devant-la-cedeao","status":"publish","type":"post","link":"https:\/\/lepatriotebenin.com\/index.php\/2026\/04\/29\/affaire-sossoukpe-le-benin-et-la-cote-divoire-face-a-des-griefs-portes-devant-la-cedeao\/","title":{"rendered":"Affaire Sossoukp\u00e8 : le B\u00e9nin et la C\u00f4te d\u2019Ivoire face \u00e0 des griefs port\u00e9s devant la CEDEAO"},"content":{"rendered":"<p><strong><em>Reporters sans fronti\u00e8res (RSF) a saisi la Cour de justice de la CEDEAO dans le dossier impliquant les journalistes Hugues Comlan Sossoukp\u00e8 et Ali Moumouni. Dans ce dossier, il ne serait pas superflu de s\u2019interroger sur les conditions ayant entour\u00e9 leur interpellation et leur transfert.<\/em><\/strong><\/p>\n<p>Le contentieux prend d\u00e9sormais une dimension r\u00e9gionale. En effet, dans sa d\u00e9marche, l\u2019organisation de d\u00e9fense de la libert\u00e9 de la presse met en cause la C\u00f4te d\u2019Ivoire et le B\u00e9nin, qu\u2019elle soup\u00e7onne d\u2019avoir pris part \u00e0 une op\u00e9ration coordonn\u00e9e ayant conduit \u00e0 l\u2019enl\u00e8vement, au transfert forc\u00e9 et \u00e0 la d\u00e9tention des deux journalistes.<\/p>\n<p><strong>La version des faits selon RSF<\/strong><\/p>\n<p>Selon RSF, les faits remontent \u00e0 juillet 2025, lorsque Hugues Comlan Sossoukp\u00e8, journaliste d\u2019investigation et fondateur du m\u00e9dia Olofofo, r\u00e9fugi\u00e9 au Togo depuis 2021, aurait \u00e9t\u00e9 interpell\u00e9 \u00e0 Abidjan lors d\u2019un d\u00e9placement professionnel, avant d\u2019\u00eatre transf\u00e9r\u00e9 vers Cotonou \u00e0 bord d\u2019un avion priv\u00e9.<\/p>\n<p>Dans la continuit\u00e9 des \u00e9v\u00e9nements, l\u2019organisation \u00e9voque une op\u00e9ration men\u00e9e \u00ab en dehors de tout cadre l\u00e9gal \u00bb, marqu\u00e9e par une succession d\u2019actes allant de l\u2019interpellation \u00e0 la remise aux autorit\u00e9s b\u00e9ninoises. Puis, dans sa requ\u00eate introduite le 24 avril devant la juridiction communautaire, RSF, repr\u00e9sent\u00e9e par son avocat Me Koffi Sylvain Mensah Attoh, estime que la C\u00f4te d\u2019Ivoire aurait viol\u00e9 les r\u00e8gles relatives \u00e0 la protection des r\u00e9fugi\u00e9s ainsi que les principes fondamentaux de la libert\u00e9 de la presse et du droit \u00e0 l\u2019information. De son c\u00f4t\u00e9, le B\u00e9nin est mis en cause pour la d\u00e9tention prolong\u00e9e du journaliste, jug\u00e9e arbitraire. L\u2019instance affirme ainsi que \u00ab Hugues Comlan Sossoukp\u00e8 a \u00e9t\u00e9 victime d\u2019un enl\u00e8vement, d\u2019une s\u00e9questration, d\u2019un transfert forc\u00e9 et d\u2019une remise op\u00e9r\u00e9s en dehors de tout cadre l\u00e9gal \u00bb.<\/p>\n<p>Par ailleurs, depuis son incarc\u00e9ration, le journaliste serait soumis \u00e0 un r\u00e9gime de d\u00e9tention strict, marqu\u00e9 par une longue p\u00e9riode d\u2019isolement, avant un assouplissement progressif des conditions de visite. Il est poursuivi pour \u00ab harc\u00e8lement par le biais d\u2019un syst\u00e8me informatique \u00bb, \u00ab r\u00e9bellion \u00bb et \u00ab apologie du terrorisme \u00bb.<\/p>\n<p>Dans le m\u00eame dossier, l\u2019ancien journaliste du groupe Canal 3, Ali Moumouni, a \u00e9t\u00e9 interpell\u00e9 \u00e0 Cotonou alors qu\u2019il participait \u00e0 une formation. Dans la foul\u00e9e, il a \u00e9t\u00e9 plac\u00e9 sous mandat de d\u00e9p\u00f4t et fait face \u00e0 plusieurs chefs d\u2019accusation, notamment \u00ab incitation \u00e0 la violence et \u00e0 la r\u00e9bellion \u00bb, \u00ab harc\u00e8lement par communications \u00e9lectroniques \u00bb et \u00ab apologie du terrorisme \u00bb.Son proc\u00e8s, ouvert en mars 2026, a \u00e9t\u00e9 interrompu avant de reprendre \u00e0 la mi-avril. D\u00e9tenu avec d\u2019autres prisonniers, il b\u00e9n\u00e9ficie toutefois de visites de son avocat et de deux membres de sa famille.<\/p>\n<p><strong>RSF exige la lib\u00e9ration des deux journalistes<\/strong><\/p>\n<p>RSF ne se limite pas \u00e0 la d\u00e9nonciation des faits. L\u2019organisation demande \u00e0 la Cour de justice de la CEDEAO de \u00ab reconna\u00eetre les graves violations du droit \u00bb qu\u2019elle impute au B\u00e9nin et \u00e0 la C\u00f4te d\u2019Ivoire.<\/p>\n<p>Elle r\u00e9clame, en premier lieu, \u00ab la lib\u00e9ration imm\u00e9diate \u00bb de Hugues Comlan Sossoukp\u00e8 et d\u2019Ali Moumouni, qu\u2019elle consid\u00e8re comme d\u00e9tenus de mani\u00e8re arbitraire.Dans la m\u00eame dynamique, RSF exige \u00e9galement \u00ab la r\u00e9paration des pr\u00e9judices subis \u00bb par les deux journalistes, estimant que les conditions de leur interpellation, de leur transfert et de leur d\u00e9tention constituent des atteintes aux droits fondamentaux, notamment \u00e0 la libert\u00e9 de la presse et au droit \u00e0 l\u2019information.<\/p>\n<p>Plus largement, l\u2019organisation invite la juridiction communautaire \u00e0 \u00ab se prononcer sur les responsabilit\u00e9s \u00bb des \u00c9tats mis en cause, dans un contexte r\u00e9gional marqu\u00e9 par des pr\u00e9occupations croissantes autour de la protection des journalistes.<\/p>\n<p>Au-del\u00e0 des proc\u00e9dures judiciaires engag\u00e9es devant la CEDEAO, cette affaire relance les interrogations sur la protection des journalistes en Afrique de l\u2019Ouest, ainsi que sur les limites de la coop\u00e9ration s\u00e9curitaire entre \u00c9tats lorsqu\u2019elle croise les exigences de la libert\u00e9 d\u2019expression.<\/p>\n<p>&nbsp;<\/p>\n<p>&nbsp;<\/p>\n<p>&nbsp;<\/p>\n","protected":false},"excerpt":{"rendered":"<p>Reporters sans fronti\u00e8res (RSF) a saisi la Cour de justice de la CEDEAO dans le dossier impliquant les journalistes Hugues Comlan Sossoukp\u00e8 et Ali Moumouni. Dans ce dossier, il ne&hellip;<\/p>\n","protected":false},"author":5,"featured_media":18927,"comment_status":"open","ping_status":"open","sticky":false,"template":"","format":"standard","meta":{"content-type":"","om_disable_all_campaigns":false,"_monsterinsights_skip_tracking":false,"_monsterinsights_sitenote_active":false,"_monsterinsights_sitenote_note":"","_monsterinsights_sitenote_category":0,"_uf_show_specific_survey":0,"_uf_disable_surveys":false,"footnotes":""},"categories":[20],"tags":[],"class_list":["post-18926","post","type-post","status-publish","format-standard","has-post-thumbnail","hentry","category-societe"],"aioseo_notices":[],"yoast_head":"<!-- This site is optimized with the Yoast SEO plugin v27.5 - https:\/\/yoast.com\/product\/yoast-seo-wordpress\/ -->\n<title>Affaire Sossoukp\u00e8 : le B\u00e9nin et la C\u00f4te d\u2019Ivoire face \u00e0 des griefs port\u00e9s devant la CEDEAO - Le Patriote<\/title>\n<meta name=\"robots\" content=\"index, follow, max-snippet:-1, max-image-preview:large, max-video-preview:-1\" \/>\n<link rel=\"canonical\" href=\"https:\/\/lepatriotebenin.com\/index.php\/2026\/04\/29\/affaire-sossoukpe-le-benin-et-la-cote-divoire-face-a-des-griefs-portes-devant-la-cedeao\/\" \/>\n<meta property=\"og:locale\" content=\"fr_FR\" \/>\n<meta property=\"og:type\" content=\"article\" \/>\n<meta property=\"og:title\" content=\"Affaire Sossoukp\u00e8 : le B\u00e9nin et la C\u00f4te d\u2019Ivoire face \u00e0 des griefs port\u00e9s devant la CEDEAO - Le Patriote\" \/>\n<meta property=\"og:description\" content=\"Reporters sans fronti\u00e8res (RSF) a saisi la Cour de justice de la CEDEAO dans le dossier impliquant les journalistes Hugues Comlan Sossoukp\u00e8 et Ali Moumouni. Dans ce dossier, il ne&hellip;\" \/>\n<meta property=\"og:url\" content=\"https:\/\/lepatriotebenin.com\/index.php\/2026\/04\/29\/affaire-sossoukpe-le-benin-et-la-cote-divoire-face-a-des-griefs-portes-devant-la-cedeao\/\" \/>\n<meta property=\"og:site_name\" content=\"Le Patriote\" \/>\n<meta property=\"article:published_time\" content=\"2026-04-29T19:28:11+00:00\" \/>\n<meta property=\"og:image\" content=\"https:\/\/lepatriotebenin.com\/wp-content\/uploads\/2026\/04\/hugues-sossoukpe.png\" \/>\n\t<meta property=\"og:image:width\" content=\"1048\" \/>\n\t<meta property=\"og:image:height\" content=\"662\" \/>\n\t<meta property=\"og:image:type\" content=\"image\/png\" \/>\n<meta name=\"author\" content=\"Redaction\" \/>\n<meta name=\"twitter:card\" content=\"summary_large_image\" \/>\n<meta name=\"twitter:label1\" content=\"\u00c9crit par\" \/>\n\t<meta name=\"twitter:data1\" content=\"Redaction\" \/>\n\t<meta name=\"twitter:label2\" content=\"Dur\u00e9e de lecture estim\u00e9e\" \/>\n\t<meta name=\"twitter:data2\" content=\"4 minutes\" \/>\n<script type=\"application\/ld+json\" class=\"yoast-schema-graph\">{\"@context\":\"https:\\\/\\\/schema.org\",\"@graph\":[{\"@type\":\"Article\",\"@id\":\"https:\\\/\\\/lepatriotebenin.com\\\/index.php\\\/2026\\\/04\\\/29\\\/affaire-sossoukpe-le-benin-et-la-cote-divoire-face-a-des-griefs-portes-devant-la-cedeao\\\/#article\",\"isPartOf\":{\"@id\":\"https:\\\/\\\/lepatriotebenin.com\\\/index.php\\\/2026\\\/04\\\/29\\\/affaire-sossoukpe-le-benin-et-la-cote-divoire-face-a-des-griefs-portes-devant-la-cedeao\\\/\"},\"author\":{\"name\":\"Redaction\",\"@id\":\"https:\\\/\\\/lepatriotebenin.com\\\/#\\\/schema\\\/person\\\/2e7709b9c9cc313e452d1136af61690f\"},\"headline\":\"Affaire Sossoukp\u00e8 : le B\u00e9nin et la C\u00f4te d\u2019Ivoire face \u00e0 des griefs port\u00e9s devant la CEDEAO\",\"datePublished\":\"2026-04-29T19:28:11+00:00\",\"mainEntityOfPage\":{\"@id\":\"https:\\\/\\\/lepatriotebenin.com\\\/index.php\\\/2026\\\/04\\\/29\\\/affaire-sossoukpe-le-benin-et-la-cote-divoire-face-a-des-griefs-portes-devant-la-cedeao\\\/\"},\"wordCount\":708,\"commentCount\":0,\"image\":{\"@id\":\"https:\\\/\\\/lepatriotebenin.com\\\/index.php\\\/2026\\\/04\\\/29\\\/affaire-sossoukpe-le-benin-et-la-cote-divoire-face-a-des-griefs-portes-devant-la-cedeao\\\/#primaryimage\"},\"thumbnailUrl\":\"https:\\\/\\\/lepatriotebenin.com\\\/wp-content\\\/uploads\\\/2026\\\/04\\\/hugues-sossoukpe.png\",\"articleSection\":[\"Soci\u00e9t\u00e9\"],\"inLanguage\":\"fr-FR\",\"potentialAction\":[{\"@type\":\"CommentAction\",\"name\":\"Comment\",\"target\":[\"https:\\\/\\\/lepatriotebenin.com\\\/index.php\\\/2026\\\/04\\\/29\\\/affaire-sossoukpe-le-benin-et-la-cote-divoire-face-a-des-griefs-portes-devant-la-cedeao\\\/#respond\"]}]},{\"@type\":\"WebPage\",\"@id\":\"https:\\\/\\\/lepatriotebenin.com\\\/index.php\\\/2026\\\/04\\\/29\\\/affaire-sossoukpe-le-benin-et-la-cote-divoire-face-a-des-griefs-portes-devant-la-cedeao\\\/\",\"url\":\"https:\\\/\\\/lepatriotebenin.com\\\/index.php\\\/2026\\\/04\\\/29\\\/affaire-sossoukpe-le-benin-et-la-cote-divoire-face-a-des-griefs-portes-devant-la-cedeao\\\/\",\"name\":\"Affaire Sossoukp\u00e8 : le B\u00e9nin et la C\u00f4te d\u2019Ivoire face \u00e0 des griefs port\u00e9s devant la CEDEAO - Le Patriote\",\"isPartOf\":{\"@id\":\"https:\\\/\\\/lepatriotebenin.com\\\/#website\"},\"primaryImageOfPage\":{\"@id\":\"https:\\\/\\\/lepatriotebenin.com\\\/index.php\\\/2026\\\/04\\\/29\\\/affaire-sossoukpe-le-benin-et-la-cote-divoire-face-a-des-griefs-portes-devant-la-cedeao\\\/#primaryimage\"},\"image\":{\"@id\":\"https:\\\/\\\/lepatriotebenin.com\\\/index.php\\\/2026\\\/04\\\/29\\\/affaire-sossoukpe-le-benin-et-la-cote-divoire-face-a-des-griefs-portes-devant-la-cedeao\\\/#primaryimage\"},\"thumbnailUrl\":\"https:\\\/\\\/lepatriotebenin.com\\\/wp-content\\\/uploads\\\/2026\\\/04\\\/hugues-sossoukpe.png\",\"datePublished\":\"2026-04-29T19:28:11+00:00\",\"author\":{\"@id\":\"https:\\\/\\\/lepatriotebenin.com\\\/#\\\/schema\\\/person\\\/2e7709b9c9cc313e452d1136af61690f\"},\"breadcrumb\":{\"@id\":\"https:\\\/\\\/lepatriotebenin.com\\\/index.php\\\/2026\\\/04\\\/29\\\/affaire-sossoukpe-le-benin-et-la-cote-divoire-face-a-des-griefs-portes-devant-la-cedeao\\\/#breadcrumb\"},\"inLanguage\":\"fr-FR\",\"potentialAction\":[{\"@type\":\"ReadAction\",\"target\":[\"https:\\\/\\\/lepatriotebenin.com\\\/index.php\\\/2026\\\/04\\\/29\\\/affaire-sossoukpe-le-benin-et-la-cote-divoire-face-a-des-griefs-portes-devant-la-cedeao\\\/\"]}]},{\"@type\":\"ImageObject\",\"inLanguage\":\"fr-FR\",\"@id\":\"https:\\\/\\\/lepatriotebenin.com\\\/index.php\\\/2026\\\/04\\\/29\\\/affaire-sossoukpe-le-benin-et-la-cote-divoire-face-a-des-griefs-portes-devant-la-cedeao\\\/#primaryimage\",\"url\":\"https:\\\/\\\/lepatriotebenin.com\\\/wp-content\\\/uploads\\\/2026\\\/04\\\/hugues-sossoukpe.png\",\"contentUrl\":\"https:\\\/\\\/lepatriotebenin.com\\\/wp-content\\\/uploads\\\/2026\\\/04\\\/hugues-sossoukpe.png\",\"width\":1048,\"height\":662},{\"@type\":\"BreadcrumbList\",\"@id\":\"https:\\\/\\\/lepatriotebenin.com\\\/index.php\\\/2026\\\/04\\\/29\\\/affaire-sossoukpe-le-benin-et-la-cote-divoire-face-a-des-griefs-portes-devant-la-cedeao\\\/#breadcrumb\",\"itemListElement\":[{\"@type\":\"ListItem\",\"position\":1,\"name\":\"Accueil\",\"item\":\"https:\\\/\\\/lepatriotebenin.com\\\/\"},{\"@type\":\"ListItem\",\"position\":2,\"name\":\"Affaire Sossoukp\u00e8 : le B\u00e9nin et la C\u00f4te d\u2019Ivoire face \u00e0 des griefs port\u00e9s devant la CEDEAO\"}]},{\"@type\":\"WebSite\",\"@id\":\"https:\\\/\\\/lepatriotebenin.com\\\/#website\",\"url\":\"https:\\\/\\\/lepatriotebenin.com\\\/\",\"name\":\"Le Patriote\",\"description\":\"Le Patriote B\u00e9nin\",\"potentialAction\":[{\"@type\":\"SearchAction\",\"target\":{\"@type\":\"EntryPoint\",\"urlTemplate\":\"https:\\\/\\\/lepatriotebenin.com\\\/?s={search_term_string}\"},\"query-input\":{\"@type\":\"PropertyValueSpecification\",\"valueRequired\":true,\"valueName\":\"search_term_string\"}}],\"inLanguage\":\"fr-FR\"},{\"@type\":\"Person\",\"@id\":\"https:\\\/\\\/lepatriotebenin.com\\\/#\\\/schema\\\/person\\\/2e7709b9c9cc313e452d1136af61690f\",\"name\":\"Redaction\",\"image\":{\"@type\":\"ImageObject\",\"inLanguage\":\"fr-FR\",\"@id\":\"https:\\\/\\\/secure.gravatar.com\\\/avatar\\\/c4c509357859ea2ca2cbb6d8812898a73e4ef1ef9934c2e591d7e32face734d1?s=96&d=mm&r=g\",\"url\":\"https:\\\/\\\/secure.gravatar.com\\\/avatar\\\/c4c509357859ea2ca2cbb6d8812898a73e4ef1ef9934c2e591d7e32face734d1?s=96&d=mm&r=g\",\"contentUrl\":\"https:\\\/\\\/secure.gravatar.com\\\/avatar\\\/c4c509357859ea2ca2cbb6d8812898a73e4ef1ef9934c2e591d7e32face734d1?s=96&d=mm&r=g\",\"caption\":\"Redaction\"},\"url\":\"https:\\\/\\\/lepatriotebenin.com\"}]}<\/script>\n<!-- \/ Yoast SEO plugin. -->","yoast_head_json":{"title":"Affaire Sossoukp\u00e8 : le B\u00e9nin et la C\u00f4te d\u2019Ivoire face \u00e0 des griefs port\u00e9s devant la CEDEAO - Le Patriote","robots":{"index":"index","follow":"follow","max-snippet":"max-snippet:-1","max-image-preview":"max-image-preview:large","max-video-preview":"max-video-preview:-1"},"canonical":"https:\/\/lepatriotebenin.com\/index.php\/2026\/04\/29\/affaire-sossoukpe-le-benin-et-la-cote-divoire-face-a-des-griefs-portes-devant-la-cedeao\/","og_locale":"fr_FR","og_type":"article","og_title":"Affaire Sossoukp\u00e8 : le B\u00e9nin et la C\u00f4te d\u2019Ivoire face \u00e0 des griefs port\u00e9s devant la CEDEAO - Le Patriote","og_description":"Reporters sans fronti\u00e8res (RSF) a saisi la Cour de justice de la CEDEAO dans le dossier impliquant les journalistes Hugues Comlan Sossoukp\u00e8 et Ali Moumouni. Dans ce dossier, il ne&hellip;","og_url":"https:\/\/lepatriotebenin.com\/index.php\/2026\/04\/29\/affaire-sossoukpe-le-benin-et-la-cote-divoire-face-a-des-griefs-portes-devant-la-cedeao\/","og_site_name":"Le Patriote","article_published_time":"2026-04-29T19:28:11+00:00","og_image":[{"width":1048,"height":662,"url":"https:\/\/lepatriotebenin.com\/wp-content\/uploads\/2026\/04\/hugues-sossoukpe.png","type":"image\/png"}],"author":"Redaction","twitter_card":"summary_large_image","twitter_misc":{"\u00c9crit par":"Redaction","Dur\u00e9e de lecture estim\u00e9e":"4 minutes"},"schema":{"@context":"https:\/\/schema.org","@graph":[{"@type":"Article","@id":"https:\/\/lepatriotebenin.com\/index.php\/2026\/04\/29\/affaire-sossoukpe-le-benin-et-la-cote-divoire-face-a-des-griefs-portes-devant-la-cedeao\/#article","isPartOf":{"@id":"https:\/\/lepatriotebenin.com\/index.php\/2026\/04\/29\/affaire-sossoukpe-le-benin-et-la-cote-divoire-face-a-des-griefs-portes-devant-la-cedeao\/"},"author":{"name":"Redaction","@id":"https:\/\/lepatriotebenin.com\/#\/schema\/person\/2e7709b9c9cc313e452d1136af61690f"},"headline":"Affaire Sossoukp\u00e8 : le B\u00e9nin et la C\u00f4te d\u2019Ivoire face \u00e0 des griefs port\u00e9s devant la CEDEAO","datePublished":"2026-04-29T19:28:11+00:00","mainEntityOfPage":{"@id":"https:\/\/lepatriotebenin.com\/index.php\/2026\/04\/29\/affaire-sossoukpe-le-benin-et-la-cote-divoire-face-a-des-griefs-portes-devant-la-cedeao\/"},"wordCount":708,"commentCount":0,"image":{"@id":"https:\/\/lepatriotebenin.com\/index.php\/2026\/04\/29\/affaire-sossoukpe-le-benin-et-la-cote-divoire-face-a-des-griefs-portes-devant-la-cedeao\/#primaryimage"},"thumbnailUrl":"https:\/\/lepatriotebenin.com\/wp-content\/uploads\/2026\/04\/hugues-sossoukpe.png","articleSection":["Soci\u00e9t\u00e9"],"inLanguage":"fr-FR","potentialAction":[{"@type":"CommentAction","name":"Comment","target":["https:\/\/lepatriotebenin.com\/index.php\/2026\/04\/29\/affaire-sossoukpe-le-benin-et-la-cote-divoire-face-a-des-griefs-portes-devant-la-cedeao\/#respond"]}]},{"@type":"WebPage","@id":"https:\/\/lepatriotebenin.com\/index.php\/2026\/04\/29\/affaire-sossoukpe-le-benin-et-la-cote-divoire-face-a-des-griefs-portes-devant-la-cedeao\/","url":"https:\/\/lepatriotebenin.com\/index.php\/2026\/04\/29\/affaire-sossoukpe-le-benin-et-la-cote-divoire-face-a-des-griefs-portes-devant-la-cedeao\/","name":"Affaire Sossoukp\u00e8 : le B\u00e9nin et la C\u00f4te d\u2019Ivoire face \u00e0 des griefs port\u00e9s devant la CEDEAO - Le Patriote","isPartOf":{"@id":"https:\/\/lepatriotebenin.com\/#website"},"primaryImageOfPage":{"@id":"https:\/\/lepatriotebenin.com\/index.php\/2026\/04\/29\/affaire-sossoukpe-le-benin-et-la-cote-divoire-face-a-des-griefs-portes-devant-la-cedeao\/#primaryimage"},"image":{"@id":"https:\/\/lepatriotebenin.com\/index.php\/2026\/04\/29\/affaire-sossoukpe-le-benin-et-la-cote-divoire-face-a-des-griefs-portes-devant-la-cedeao\/#primaryimage"},"thumbnailUrl":"https:\/\/lepatriotebenin.com\/wp-content\/uploads\/2026\/04\/hugues-sossoukpe.png","datePublished":"2026-04-29T19:28:11+00:00","author":{"@id":"https:\/\/lepatriotebenin.com\/#\/schema\/person\/2e7709b9c9cc313e452d1136af61690f"},"breadcrumb":{"@id":"https:\/\/lepatriotebenin.com\/index.php\/2026\/04\/29\/affaire-sossoukpe-le-benin-et-la-cote-divoire-face-a-des-griefs-portes-devant-la-cedeao\/#breadcrumb"},"inLanguage":"fr-FR","potentialAction":[{"@type":"ReadAction","target":["https:\/\/lepatriotebenin.com\/index.php\/2026\/04\/29\/affaire-sossoukpe-le-benin-et-la-cote-divoire-face-a-des-griefs-portes-devant-la-cedeao\/"]}]},{"@type":"ImageObject","inLanguage":"fr-FR","@id":"https:\/\/lepatriotebenin.com\/index.php\/2026\/04\/29\/affaire-sossoukpe-le-benin-et-la-cote-divoire-face-a-des-griefs-portes-devant-la-cedeao\/#primaryimage","url":"https:\/\/lepatriotebenin.com\/wp-content\/uploads\/2026\/04\/hugues-sossoukpe.png","contentUrl":"https:\/\/lepatriotebenin.com\/wp-content\/uploads\/2026\/04\/hugues-sossoukpe.png","width":1048,"height":662},{"@type":"BreadcrumbList","@id":"https:\/\/lepatriotebenin.com\/index.php\/2026\/04\/29\/affaire-sossoukpe-le-benin-et-la-cote-divoire-face-a-des-griefs-portes-devant-la-cedeao\/#breadcrumb","itemListElement":[{"@type":"ListItem","position":1,"name":"Accueil","item":"https:\/\/lepatriotebenin.com\/"},{"@type":"ListItem","position":2,"name":"Affaire Sossoukp\u00e8 : le B\u00e9nin et la C\u00f4te d\u2019Ivoire face \u00e0 des griefs port\u00e9s devant la CEDEAO"}]},{"@type":"WebSite","@id":"https:\/\/lepatriotebenin.com\/#website","url":"https:\/\/lepatriotebenin.com\/","name":"Le Patriote","description":"Le Patriote B\u00e9nin","potentialAction":[{"@type":"SearchAction","target":{"@type":"EntryPoint","urlTemplate":"https:\/\/lepatriotebenin.com\/?s={search_term_string}"},"query-input":{"@type":"PropertyValueSpecification","valueRequired":true,"valueName":"search_term_string"}}],"inLanguage":"fr-FR"},{"@type":"Person","@id":"https:\/\/lepatriotebenin.com\/#\/schema\/person\/2e7709b9c9cc313e452d1136af61690f","name":"Redaction","image":{"@type":"ImageObject","inLanguage":"fr-FR","@id":"https:\/\/secure.gravatar.com\/avatar\/c4c509357859ea2ca2cbb6d8812898a73e4ef1ef9934c2e591d7e32face734d1?s=96&d=mm&r=g","url":"https:\/\/secure.gravatar.com\/avatar\/c4c509357859ea2ca2cbb6d8812898a73e4ef1ef9934c2e591d7e32face734d1?s=96&d=mm&r=g","contentUrl":"https:\/\/secure.gravatar.com\/avatar\/c4c509357859ea2ca2cbb6d8812898a73e4ef1ef9934c2e591d7e32face734d1?s=96&d=mm&r=g","caption":"Redaction"},"url":"https:\/\/lepatriotebenin.com"}]}},"_links":{"self":[{"href":"https:\/\/lepatriotebenin.com\/index.php\/wp-json\/wp\/v2\/posts\/18926","targetHints":{"allow":["GET"]}}],"collection":[{"href":"https:\/\/lepatriotebenin.com\/index.php\/wp-json\/wp\/v2\/posts"}],"about":[{"href":"https:\/\/lepatriotebenin.com\/index.php\/wp-json\/wp\/v2\/types\/post"}],"author":[{"embeddable":true,"href":"https:\/\/lepatriotebenin.com\/index.php\/wp-json\/wp\/v2\/users\/5"}],"replies":[{"embeddable":true,"href":"https:\/\/lepatriotebenin.com\/index.php\/wp-json\/wp\/v2\/comments?post=18926"}],"version-history":[{"count":1,"href":"https:\/\/lepatriotebenin.com\/index.php\/wp-json\/wp\/v2\/posts\/18926\/revisions"}],"predecessor-version":[{"id":18928,"href":"https:\/\/lepatriotebenin.com\/index.php\/wp-json\/wp\/v2\/posts\/18926\/revisions\/18928"}],"wp:featuredmedia":[{"embeddable":true,"href":"https:\/\/lepatriotebenin.com\/index.php\/wp-json\/wp\/v2\/media\/18927"}],"wp:attachment":[{"href":"https:\/\/lepatriotebenin.com\/index.php\/wp-json\/wp\/v2\/media?parent=18926"}],"wp:term":[{"taxonomy":"category","embeddable":true,"href":"https:\/\/lepatriotebenin.com\/index.php\/wp-json\/wp\/v2\/categories?post=18926"},{"taxonomy":"post_tag","embeddable":true,"href":"https:\/\/lepatriotebenin.com\/index.php\/wp-json\/wp\/v2\/tags?post=18926"}],"curies":[{"name":"wp","href":"https:\/\/api.w.org\/{rel}","templated":true}]}}