{"id":18923,"date":"2026-04-29T05:10:02","date_gmt":"2026-04-29T03:10:02","guid":{"rendered":"https:\/\/lepatriotebenin.com\/?p=18923"},"modified":"2026-04-29T05:10:02","modified_gmt":"2026-04-29T03:10:02","slug":"silence-du-gouvernement-face-a-la-hausse-du-prix-du-ciment-complicite-ou-aveu-dimpuissance","status":"publish","type":"post","link":"https:\/\/lepatriotebenin.com\/index.php\/2026\/04\/29\/silence-du-gouvernement-face-a-la-hausse-du-prix-du-ciment-complicite-ou-aveu-dimpuissance\/","title":{"rendered":"Silence du gouvernement face \u00e0 la hausse du prix du ciment : Complicit\u00e9 ou aveu d\u2019impuissance"},"content":{"rendered":"<p>Depuis quelques semaines, le ciment est devenu au B\u00e9nin un produit probl\u00e9matique. Dans les d\u00e9p\u00f4ts de vente sur toute l&rsquo;\u00e9tendue du territoire national, les prix flambent, laissant les populations dans l\u2019incompr\u00e9hension totale. R\u00e9nover ou m\u00eame lancer un simple chantier est d\u00e9sormais un luxe pour de nombreux m\u00e9nages. Pendant ce temps, le gouvernement observe un silence qui interroge, d\u00e9range et alimente les sp\u00e9culations.<\/p>\n<p>&nbsp;<\/p>\n<p>De 85.000 francs CFA la tonne, le prix du ciment a grimp\u00e9 jusqu\u2019\u00e0 100.000, voire 110.000 francs CFA dans certaines localit\u00e9s. Une hausse brutale, difficile \u00e0 justifier pour les consommateurs d\u00e9j\u00e0 \u00e9prouv\u00e9s par la chert\u00e9 de la vie. Sur les march\u00e9s, les t\u00e9moignages se multiplient : chantiers \u00e0 l\u2019arr\u00eat, projets abandonn\u00e9s&#8230; Le ciment, autrefois accessible \u00e0 un prix normal, devient progressivement un produit de luxe. Alors que l\u2019opinion publique pointait du doigt une \u00e9ventuelle p\u00e9nurie ou des difficult\u00e9s de production, l\u2019Association des producteurs de ciment du B\u00e9nin est mont\u00e9e au cr\u00e9neau. Dans un communiqu\u00e9 largement relay\u00e9, elle a tenu \u00e0 clarifier la situation : aucune augmentation de prix n\u2019a \u00e9t\u00e9 op\u00e9r\u00e9e au niveau des usines. Mieux, aucune maintenance n\u2019est en cours et les capacit\u00e9s de production tournent \u00e0 plein r\u00e9gime.<\/p>\n<p>Autrement dit, il n\u2019existe aucune justification structurelle \u00e0 la flamb\u00e9e des prix observ\u00e9e sur le terrain. D\u00e8s lors, les regards se tournent vers les circuits de distribution. Selon les producteurs, cette hausse serait le fait de certains commer\u00e7ants peu scrupuleux, mus par la recherche effr\u00e9n\u00e9e du profit. Une accusation grave qui met en lumi\u00e8re les d\u00e9rives d\u2019un march\u00e9 insuffisamment encadr\u00e9. Mais si ces pratiques sont av\u00e9r\u00e9es, une question demeure : o\u00f9 est l\u2019\u00c9tat ? Face \u00e0 cette situation qui plonge des milliers de citoyens dans un dilemme, le silence du gouvernement devient assourdissant. Le minist\u00e8re de l\u2019Industrie et du Commerce, cens\u00e9 jouer le r\u00f4le de r\u00e9gulateur, semble absent.<\/p>\n<p>Aucune mesure forte, aucune sortie officielle marquante, aucune action visible pour rassurer ou prot\u00e9ger les consommateurs. Faut-il y voir une forme de complicit\u00e9 tacite pour prot\u00e9ger certains int\u00e9r\u00eats ? Ou plut\u00f4t un aveu d\u2019impuissance face \u00e0 des r\u00e9seaux de distribution devenus incontr\u00f4lables ? Dans les deux cas, le constat est inqui\u00e9tant, car un \u00c9tat qui n\u2019arrive pas \u00e0 faire respecter les r\u00e8gles qu\u2019il a lui-m\u00eame \u00e9tablies fragilise sa cr\u00e9dibilit\u00e9 et expose ses citoyens \u00e0 toutes sortes d\u2019abus.<\/p>\n<p>Pendant ce temps, les autorit\u00e9s laissent les pauvres populations dans les mains des commer\u00e7ants v\u00e9reux qui d\u00e9cident d&rsquo;en faire ce qu&rsquo;ils veulent. La souffrance des populations s\u2019intensifie. Chaque jour qui passe sans action renforce le sentiment d&rsquo;irresponsabilit\u00e9. Le r\u00f4le d\u2019un gouvernement n\u2019est pas seulement de l\u00e9gif\u00e9rer, mais aussi de veiller \u00e0 l\u2019application stricte des lois. Ne pas agir dans un contexte pareil revient \u00e0 cautionner, volontairement ou non, les d\u00e9rives observ\u00e9es. Le plus troublant dans cette affaire reste que le gouvernement avait, par le pass\u00e9, fix\u00e9 les prix du ciment en fonction des localit\u00e9s. Cette d\u00e9cision visait justement \u00e0 prot\u00e9ger les populations contre les d\u00e9rives sp\u00e9culatives, mais aujourd\u2019hui, cette r\u00e9glementation semble foul\u00e9e aux pieds sans la moindre r\u00e9action des autorit\u00e9s comp\u00e9tentes.<\/p>\n<p>Une situation qui laisse penser que les textes existent, mais que leur application fait d\u00e9faut. Si les prix existent et sont fix\u00e9s,, qu&rsquo;est ce qui emp\u00eache de les respecter ? Dans le contexte actuel au cours duquel Patrice Talon finit son mandat dans quelques semaines, le silence il peut \u00eatre interpr\u00e9t\u00e9 comme une faiblesse, voire une d\u00e9mission. Il est donc urgent que les autorit\u00e9s sortent de leur r\u00e9serve et prennent leurs responsabilit\u00e9s. Les autorit\u00e9s doivent descendre sur le terrain, contr\u00f4ler, sanctionner de fa\u00e7on exemplaire et r\u00e9tablir l\u2019ordre dans la cha\u00eene de distribution. Les commer\u00e7ants doivent \u00eatre rappel\u00e9s \u00e0 leurs responsabilit\u00e9s.<\/p>\n<p><strong>Alassane Tour\u00e9<\/strong><\/p>\n","protected":false},"excerpt":{"rendered":"<p>Depuis quelques semaines, le ciment est devenu au B\u00e9nin un produit probl\u00e9matique. Dans les d\u00e9p\u00f4ts de vente sur toute l&rsquo;\u00e9tendue du territoire national, les prix flambent, laissant les populations dans&hellip;<\/p>\n","protected":false},"author":5,"featured_media":18924,"comment_status":"open","ping_status":"open","sticky":false,"template":"","format":"standard","meta":{"content-type":"","om_disable_all_campaigns":false,"_monsterinsights_skip_tracking":false,"_monsterinsights_sitenote_active":false,"_monsterinsights_sitenote_note":"","_monsterinsights_sitenote_category":0,"_uf_show_specific_survey":0,"_uf_disable_surveys":false,"footnotes":""},"categories":[20],"tags":[],"class_list":["post-18923","post","type-post","status-publish","format-standard","has-post-thumbnail","hentry","category-societe"],"aioseo_notices":[],"yoast_head":"<!-- This site is optimized with the Yoast SEO plugin v27.5 - https:\/\/yoast.com\/product\/yoast-seo-wordpress\/ -->\n<title>Silence du gouvernement face \u00e0 la hausse du prix du ciment : Complicit\u00e9 ou aveu d\u2019impuissance - Le Patriote<\/title>\n<meta name=\"robots\" content=\"index, follow, max-snippet:-1, max-image-preview:large, max-video-preview:-1\" \/>\n<link rel=\"canonical\" href=\"https:\/\/lepatriotebenin.com\/index.php\/2026\/04\/29\/silence-du-gouvernement-face-a-la-hausse-du-prix-du-ciment-complicite-ou-aveu-dimpuissance\/\" \/>\n<meta property=\"og:locale\" content=\"fr_FR\" \/>\n<meta property=\"og:type\" content=\"article\" \/>\n<meta property=\"og:title\" content=\"Silence du gouvernement face \u00e0 la hausse du prix du ciment : Complicit\u00e9 ou aveu d\u2019impuissance - Le Patriote\" \/>\n<meta property=\"og:description\" content=\"Depuis quelques semaines, le ciment est devenu au B\u00e9nin un produit probl\u00e9matique. Dans les d\u00e9p\u00f4ts de vente sur toute l&rsquo;\u00e9tendue du territoire national, les prix flambent, laissant les populations dans&hellip;\" \/>\n<meta property=\"og:url\" content=\"https:\/\/lepatriotebenin.com\/index.php\/2026\/04\/29\/silence-du-gouvernement-face-a-la-hausse-du-prix-du-ciment-complicite-ou-aveu-dimpuissance\/\" \/>\n<meta property=\"og:site_name\" content=\"Le Patriote\" \/>\n<meta property=\"article:published_time\" content=\"2026-04-29T03:10:02+00:00\" \/>\n<meta property=\"og:image\" content=\"https:\/\/lepatriotebenin.com\/wp-content\/uploads\/2026\/04\/stockage-de-ciments.jpg\" \/>\n\t<meta property=\"og:image:width\" content=\"1920\" \/>\n\t<meta property=\"og:image:height\" content=\"1434\" \/>\n\t<meta property=\"og:image:type\" content=\"image\/jpeg\" \/>\n<meta name=\"author\" content=\"Redaction\" \/>\n<meta name=\"twitter:card\" content=\"summary_large_image\" \/>\n<meta name=\"twitter:label1\" content=\"\u00c9crit par\" \/>\n\t<meta name=\"twitter:data1\" content=\"Redaction\" \/>\n\t<meta name=\"twitter:label2\" content=\"Dur\u00e9e de lecture estim\u00e9e\" \/>\n\t<meta name=\"twitter:data2\" content=\"4 minutes\" \/>\n<script type=\"application\/ld+json\" class=\"yoast-schema-graph\">{\"@context\":\"https:\\\/\\\/schema.org\",\"@graph\":[{\"@type\":\"Article\",\"@id\":\"https:\\\/\\\/lepatriotebenin.com\\\/index.php\\\/2026\\\/04\\\/29\\\/silence-du-gouvernement-face-a-la-hausse-du-prix-du-ciment-complicite-ou-aveu-dimpuissance\\\/#article\",\"isPartOf\":{\"@id\":\"https:\\\/\\\/lepatriotebenin.com\\\/index.php\\\/2026\\\/04\\\/29\\\/silence-du-gouvernement-face-a-la-hausse-du-prix-du-ciment-complicite-ou-aveu-dimpuissance\\\/\"},\"author\":{\"name\":\"Redaction\",\"@id\":\"https:\\\/\\\/lepatriotebenin.com\\\/#\\\/schema\\\/person\\\/2e7709b9c9cc313e452d1136af61690f\"},\"headline\":\"Silence du gouvernement face \u00e0 la hausse du prix du ciment : Complicit\u00e9 ou aveu d\u2019impuissance\",\"datePublished\":\"2026-04-29T03:10:02+00:00\",\"mainEntityOfPage\":{\"@id\":\"https:\\\/\\\/lepatriotebenin.com\\\/index.php\\\/2026\\\/04\\\/29\\\/silence-du-gouvernement-face-a-la-hausse-du-prix-du-ciment-complicite-ou-aveu-dimpuissance\\\/\"},\"wordCount\":703,\"commentCount\":0,\"image\":{\"@id\":\"https:\\\/\\\/lepatriotebenin.com\\\/index.php\\\/2026\\\/04\\\/29\\\/silence-du-gouvernement-face-a-la-hausse-du-prix-du-ciment-complicite-ou-aveu-dimpuissance\\\/#primaryimage\"},\"thumbnailUrl\":\"https:\\\/\\\/lepatriotebenin.com\\\/wp-content\\\/uploads\\\/2026\\\/04\\\/stockage-de-ciments.jpg\",\"articleSection\":[\"Soci\u00e9t\u00e9\"],\"inLanguage\":\"fr-FR\",\"potentialAction\":[{\"@type\":\"CommentAction\",\"name\":\"Comment\",\"target\":[\"https:\\\/\\\/lepatriotebenin.com\\\/index.php\\\/2026\\\/04\\\/29\\\/silence-du-gouvernement-face-a-la-hausse-du-prix-du-ciment-complicite-ou-aveu-dimpuissance\\\/#respond\"]}]},{\"@type\":\"WebPage\",\"@id\":\"https:\\\/\\\/lepatriotebenin.com\\\/index.php\\\/2026\\\/04\\\/29\\\/silence-du-gouvernement-face-a-la-hausse-du-prix-du-ciment-complicite-ou-aveu-dimpuissance\\\/\",\"url\":\"https:\\\/\\\/lepatriotebenin.com\\\/index.php\\\/2026\\\/04\\\/29\\\/silence-du-gouvernement-face-a-la-hausse-du-prix-du-ciment-complicite-ou-aveu-dimpuissance\\\/\",\"name\":\"Silence du gouvernement face \u00e0 la hausse du prix du ciment : Complicit\u00e9 ou aveu d\u2019impuissance - Le Patriote\",\"isPartOf\":{\"@id\":\"https:\\\/\\\/lepatriotebenin.com\\\/#website\"},\"primaryImageOfPage\":{\"@id\":\"https:\\\/\\\/lepatriotebenin.com\\\/index.php\\\/2026\\\/04\\\/29\\\/silence-du-gouvernement-face-a-la-hausse-du-prix-du-ciment-complicite-ou-aveu-dimpuissance\\\/#primaryimage\"},\"image\":{\"@id\":\"https:\\\/\\\/lepatriotebenin.com\\\/index.php\\\/2026\\\/04\\\/29\\\/silence-du-gouvernement-face-a-la-hausse-du-prix-du-ciment-complicite-ou-aveu-dimpuissance\\\/#primaryimage\"},\"thumbnailUrl\":\"https:\\\/\\\/lepatriotebenin.com\\\/wp-content\\\/uploads\\\/2026\\\/04\\\/stockage-de-ciments.jpg\",\"datePublished\":\"2026-04-29T03:10:02+00:00\",\"author\":{\"@id\":\"https:\\\/\\\/lepatriotebenin.com\\\/#\\\/schema\\\/person\\\/2e7709b9c9cc313e452d1136af61690f\"},\"breadcrumb\":{\"@id\":\"https:\\\/\\\/lepatriotebenin.com\\\/index.php\\\/2026\\\/04\\\/29\\\/silence-du-gouvernement-face-a-la-hausse-du-prix-du-ciment-complicite-ou-aveu-dimpuissance\\\/#breadcrumb\"},\"inLanguage\":\"fr-FR\",\"potentialAction\":[{\"@type\":\"ReadAction\",\"target\":[\"https:\\\/\\\/lepatriotebenin.com\\\/index.php\\\/2026\\\/04\\\/29\\\/silence-du-gouvernement-face-a-la-hausse-du-prix-du-ciment-complicite-ou-aveu-dimpuissance\\\/\"]}]},{\"@type\":\"ImageObject\",\"inLanguage\":\"fr-FR\",\"@id\":\"https:\\\/\\\/lepatriotebenin.com\\\/index.php\\\/2026\\\/04\\\/29\\\/silence-du-gouvernement-face-a-la-hausse-du-prix-du-ciment-complicite-ou-aveu-dimpuissance\\\/#primaryimage\",\"url\":\"https:\\\/\\\/lepatriotebenin.com\\\/wp-content\\\/uploads\\\/2026\\\/04\\\/stockage-de-ciments.jpg\",\"contentUrl\":\"https:\\\/\\\/lepatriotebenin.com\\\/wp-content\\\/uploads\\\/2026\\\/04\\\/stockage-de-ciments.jpg\",\"width\":1920,\"height\":1434},{\"@type\":\"BreadcrumbList\",\"@id\":\"https:\\\/\\\/lepatriotebenin.com\\\/index.php\\\/2026\\\/04\\\/29\\\/silence-du-gouvernement-face-a-la-hausse-du-prix-du-ciment-complicite-ou-aveu-dimpuissance\\\/#breadcrumb\",\"itemListElement\":[{\"@type\":\"ListItem\",\"position\":1,\"name\":\"Accueil\",\"item\":\"https:\\\/\\\/lepatriotebenin.com\\\/\"},{\"@type\":\"ListItem\",\"position\":2,\"name\":\"Silence du gouvernement face \u00e0 la hausse du prix du ciment : Complicit\u00e9 ou aveu d\u2019impuissance\"}]},{\"@type\":\"WebSite\",\"@id\":\"https:\\\/\\\/lepatriotebenin.com\\\/#website\",\"url\":\"https:\\\/\\\/lepatriotebenin.com\\\/\",\"name\":\"Le Patriote\",\"description\":\"Le Patriote B\u00e9nin\",\"potentialAction\":[{\"@type\":\"SearchAction\",\"target\":{\"@type\":\"EntryPoint\",\"urlTemplate\":\"https:\\\/\\\/lepatriotebenin.com\\\/?s={search_term_string}\"},\"query-input\":{\"@type\":\"PropertyValueSpecification\",\"valueRequired\":true,\"valueName\":\"search_term_string\"}}],\"inLanguage\":\"fr-FR\"},{\"@type\":\"Person\",\"@id\":\"https:\\\/\\\/lepatriotebenin.com\\\/#\\\/schema\\\/person\\\/2e7709b9c9cc313e452d1136af61690f\",\"name\":\"Redaction\",\"image\":{\"@type\":\"ImageObject\",\"inLanguage\":\"fr-FR\",\"@id\":\"https:\\\/\\\/secure.gravatar.com\\\/avatar\\\/c4c509357859ea2ca2cbb6d8812898a73e4ef1ef9934c2e591d7e32face734d1?s=96&d=mm&r=g\",\"url\":\"https:\\\/\\\/secure.gravatar.com\\\/avatar\\\/c4c509357859ea2ca2cbb6d8812898a73e4ef1ef9934c2e591d7e32face734d1?s=96&d=mm&r=g\",\"contentUrl\":\"https:\\\/\\\/secure.gravatar.com\\\/avatar\\\/c4c509357859ea2ca2cbb6d8812898a73e4ef1ef9934c2e591d7e32face734d1?s=96&d=mm&r=g\",\"caption\":\"Redaction\"},\"url\":\"https:\\\/\\\/lepatriotebenin.com\"}]}<\/script>\n<!-- \/ Yoast SEO plugin. -->","yoast_head_json":{"title":"Silence du gouvernement face \u00e0 la hausse du prix du ciment : Complicit\u00e9 ou aveu d\u2019impuissance - Le Patriote","robots":{"index":"index","follow":"follow","max-snippet":"max-snippet:-1","max-image-preview":"max-image-preview:large","max-video-preview":"max-video-preview:-1"},"canonical":"https:\/\/lepatriotebenin.com\/index.php\/2026\/04\/29\/silence-du-gouvernement-face-a-la-hausse-du-prix-du-ciment-complicite-ou-aveu-dimpuissance\/","og_locale":"fr_FR","og_type":"article","og_title":"Silence du gouvernement face \u00e0 la hausse du prix du ciment : Complicit\u00e9 ou aveu d\u2019impuissance - Le Patriote","og_description":"Depuis quelques semaines, le ciment est devenu au B\u00e9nin un produit probl\u00e9matique. Dans les d\u00e9p\u00f4ts de vente sur toute l&rsquo;\u00e9tendue du territoire national, les prix flambent, laissant les populations dans&hellip;","og_url":"https:\/\/lepatriotebenin.com\/index.php\/2026\/04\/29\/silence-du-gouvernement-face-a-la-hausse-du-prix-du-ciment-complicite-ou-aveu-dimpuissance\/","og_site_name":"Le Patriote","article_published_time":"2026-04-29T03:10:02+00:00","og_image":[{"width":1920,"height":1434,"url":"https:\/\/lepatriotebenin.com\/wp-content\/uploads\/2026\/04\/stockage-de-ciments.jpg","type":"image\/jpeg"}],"author":"Redaction","twitter_card":"summary_large_image","twitter_misc":{"\u00c9crit par":"Redaction","Dur\u00e9e de lecture estim\u00e9e":"4 minutes"},"schema":{"@context":"https:\/\/schema.org","@graph":[{"@type":"Article","@id":"https:\/\/lepatriotebenin.com\/index.php\/2026\/04\/29\/silence-du-gouvernement-face-a-la-hausse-du-prix-du-ciment-complicite-ou-aveu-dimpuissance\/#article","isPartOf":{"@id":"https:\/\/lepatriotebenin.com\/index.php\/2026\/04\/29\/silence-du-gouvernement-face-a-la-hausse-du-prix-du-ciment-complicite-ou-aveu-dimpuissance\/"},"author":{"name":"Redaction","@id":"https:\/\/lepatriotebenin.com\/#\/schema\/person\/2e7709b9c9cc313e452d1136af61690f"},"headline":"Silence du gouvernement face \u00e0 la hausse du prix du ciment : Complicit\u00e9 ou aveu d\u2019impuissance","datePublished":"2026-04-29T03:10:02+00:00","mainEntityOfPage":{"@id":"https:\/\/lepatriotebenin.com\/index.php\/2026\/04\/29\/silence-du-gouvernement-face-a-la-hausse-du-prix-du-ciment-complicite-ou-aveu-dimpuissance\/"},"wordCount":703,"commentCount":0,"image":{"@id":"https:\/\/lepatriotebenin.com\/index.php\/2026\/04\/29\/silence-du-gouvernement-face-a-la-hausse-du-prix-du-ciment-complicite-ou-aveu-dimpuissance\/#primaryimage"},"thumbnailUrl":"https:\/\/lepatriotebenin.com\/wp-content\/uploads\/2026\/04\/stockage-de-ciments.jpg","articleSection":["Soci\u00e9t\u00e9"],"inLanguage":"fr-FR","potentialAction":[{"@type":"CommentAction","name":"Comment","target":["https:\/\/lepatriotebenin.com\/index.php\/2026\/04\/29\/silence-du-gouvernement-face-a-la-hausse-du-prix-du-ciment-complicite-ou-aveu-dimpuissance\/#respond"]}]},{"@type":"WebPage","@id":"https:\/\/lepatriotebenin.com\/index.php\/2026\/04\/29\/silence-du-gouvernement-face-a-la-hausse-du-prix-du-ciment-complicite-ou-aveu-dimpuissance\/","url":"https:\/\/lepatriotebenin.com\/index.php\/2026\/04\/29\/silence-du-gouvernement-face-a-la-hausse-du-prix-du-ciment-complicite-ou-aveu-dimpuissance\/","name":"Silence du gouvernement face \u00e0 la hausse du prix du ciment : Complicit\u00e9 ou aveu d\u2019impuissance - Le Patriote","isPartOf":{"@id":"https:\/\/lepatriotebenin.com\/#website"},"primaryImageOfPage":{"@id":"https:\/\/lepatriotebenin.com\/index.php\/2026\/04\/29\/silence-du-gouvernement-face-a-la-hausse-du-prix-du-ciment-complicite-ou-aveu-dimpuissance\/#primaryimage"},"image":{"@id":"https:\/\/lepatriotebenin.com\/index.php\/2026\/04\/29\/silence-du-gouvernement-face-a-la-hausse-du-prix-du-ciment-complicite-ou-aveu-dimpuissance\/#primaryimage"},"thumbnailUrl":"https:\/\/lepatriotebenin.com\/wp-content\/uploads\/2026\/04\/stockage-de-ciments.jpg","datePublished":"2026-04-29T03:10:02+00:00","author":{"@id":"https:\/\/lepatriotebenin.com\/#\/schema\/person\/2e7709b9c9cc313e452d1136af61690f"},"breadcrumb":{"@id":"https:\/\/lepatriotebenin.com\/index.php\/2026\/04\/29\/silence-du-gouvernement-face-a-la-hausse-du-prix-du-ciment-complicite-ou-aveu-dimpuissance\/#breadcrumb"},"inLanguage":"fr-FR","potentialAction":[{"@type":"ReadAction","target":["https:\/\/lepatriotebenin.com\/index.php\/2026\/04\/29\/silence-du-gouvernement-face-a-la-hausse-du-prix-du-ciment-complicite-ou-aveu-dimpuissance\/"]}]},{"@type":"ImageObject","inLanguage":"fr-FR","@id":"https:\/\/lepatriotebenin.com\/index.php\/2026\/04\/29\/silence-du-gouvernement-face-a-la-hausse-du-prix-du-ciment-complicite-ou-aveu-dimpuissance\/#primaryimage","url":"https:\/\/lepatriotebenin.com\/wp-content\/uploads\/2026\/04\/stockage-de-ciments.jpg","contentUrl":"https:\/\/lepatriotebenin.com\/wp-content\/uploads\/2026\/04\/stockage-de-ciments.jpg","width":1920,"height":1434},{"@type":"BreadcrumbList","@id":"https:\/\/lepatriotebenin.com\/index.php\/2026\/04\/29\/silence-du-gouvernement-face-a-la-hausse-du-prix-du-ciment-complicite-ou-aveu-dimpuissance\/#breadcrumb","itemListElement":[{"@type":"ListItem","position":1,"name":"Accueil","item":"https:\/\/lepatriotebenin.com\/"},{"@type":"ListItem","position":2,"name":"Silence du gouvernement face \u00e0 la hausse du prix du ciment : Complicit\u00e9 ou aveu d\u2019impuissance"}]},{"@type":"WebSite","@id":"https:\/\/lepatriotebenin.com\/#website","url":"https:\/\/lepatriotebenin.com\/","name":"Le Patriote","description":"Le Patriote B\u00e9nin","potentialAction":[{"@type":"SearchAction","target":{"@type":"EntryPoint","urlTemplate":"https:\/\/lepatriotebenin.com\/?s={search_term_string}"},"query-input":{"@type":"PropertyValueSpecification","valueRequired":true,"valueName":"search_term_string"}}],"inLanguage":"fr-FR"},{"@type":"Person","@id":"https:\/\/lepatriotebenin.com\/#\/schema\/person\/2e7709b9c9cc313e452d1136af61690f","name":"Redaction","image":{"@type":"ImageObject","inLanguage":"fr-FR","@id":"https:\/\/secure.gravatar.com\/avatar\/c4c509357859ea2ca2cbb6d8812898a73e4ef1ef9934c2e591d7e32face734d1?s=96&d=mm&r=g","url":"https:\/\/secure.gravatar.com\/avatar\/c4c509357859ea2ca2cbb6d8812898a73e4ef1ef9934c2e591d7e32face734d1?s=96&d=mm&r=g","contentUrl":"https:\/\/secure.gravatar.com\/avatar\/c4c509357859ea2ca2cbb6d8812898a73e4ef1ef9934c2e591d7e32face734d1?s=96&d=mm&r=g","caption":"Redaction"},"url":"https:\/\/lepatriotebenin.com"}]}},"_links":{"self":[{"href":"https:\/\/lepatriotebenin.com\/index.php\/wp-json\/wp\/v2\/posts\/18923","targetHints":{"allow":["GET"]}}],"collection":[{"href":"https:\/\/lepatriotebenin.com\/index.php\/wp-json\/wp\/v2\/posts"}],"about":[{"href":"https:\/\/lepatriotebenin.com\/index.php\/wp-json\/wp\/v2\/types\/post"}],"author":[{"embeddable":true,"href":"https:\/\/lepatriotebenin.com\/index.php\/wp-json\/wp\/v2\/users\/5"}],"replies":[{"embeddable":true,"href":"https:\/\/lepatriotebenin.com\/index.php\/wp-json\/wp\/v2\/comments?post=18923"}],"version-history":[{"count":1,"href":"https:\/\/lepatriotebenin.com\/index.php\/wp-json\/wp\/v2\/posts\/18923\/revisions"}],"predecessor-version":[{"id":18925,"href":"https:\/\/lepatriotebenin.com\/index.php\/wp-json\/wp\/v2\/posts\/18923\/revisions\/18925"}],"wp:featuredmedia":[{"embeddable":true,"href":"https:\/\/lepatriotebenin.com\/index.php\/wp-json\/wp\/v2\/media\/18924"}],"wp:attachment":[{"href":"https:\/\/lepatriotebenin.com\/index.php\/wp-json\/wp\/v2\/media?parent=18923"}],"wp:term":[{"taxonomy":"category","embeddable":true,"href":"https:\/\/lepatriotebenin.com\/index.php\/wp-json\/wp\/v2\/categories?post=18923"},{"taxonomy":"post_tag","embeddable":true,"href":"https:\/\/lepatriotebenin.com\/index.php\/wp-json\/wp\/v2\/tags?post=18923"}],"curies":[{"name":"wp","href":"https:\/\/api.w.org\/{rel}","templated":true}]}}