{"id":18920,"date":"2026-04-29T05:05:58","date_gmt":"2026-04-29T03:05:58","guid":{"rendered":"https:\/\/lepatriotebenin.com\/?p=18920"},"modified":"2026-04-29T05:05:58","modified_gmt":"2026-04-29T03:05:58","slug":"prestation-de-serment-du-president-de-la-republique-devant-les-bureaux-du-senat-patrice-talon-pris-a-son-propre-piege","status":"publish","type":"post","link":"https:\/\/lepatriotebenin.com\/index.php\/2026\/04\/29\/prestation-de-serment-du-president-de-la-republique-devant-les-bureaux-du-senat-patrice-talon-pris-a-son-propre-piege\/","title":{"rendered":"Prestation de serment du pr\u00e9sident de la R\u00e9publique devant les bureaux du S\u00e9nat : Patrice Talon pris \u00e0 son propre pi\u00e8ge"},"content":{"rendered":"<p><strong>Le nouveau pr\u00e9sident de la R\u00e9publique, Romuald Wadagni pr\u00eatera serment le dimanche 24 mai 2026. Si en mati\u00e8re d&rsquo;organisation, les petits plats sont mis dans les grands pour une organisation \u00e0 la hauteur de la solennit\u00e9 de l&rsquo;\u00e9v\u00e9nement, un d\u00e9tail constitutionnel plombe la l\u00e9galit\u00e9 de la prestation de serment. Il s&rsquo;agit de la pr\u00e9sence du bureau du S\u00e9nat au cours de l&rsquo;investiture.<\/strong><\/p>\n<p>A quelques semaines de la prestation de serment du nouveau pr\u00e9sident de la R\u00e9publique, Romuald Wadagni \u00e9lu \u00e0 l&rsquo;issue de l&rsquo;\u00e9lection pr\u00e9sidentielle du 12 avril 2026, une grosse incertitude persiste quant \u00e0 la cr\u00e9ation du S\u00e9nat conform\u00e9ment aux dispositions de la loi n\u00b0 2025-20 du 17 d\u00e9cembre 2025 modifiant et compl\u00e9tant la loi n\u00b0 90-32 du 11 d\u00e9cembre 1990 portant Constitution de la R\u00e9publique du B\u00e9nin, telle que r\u00e9vis\u00e9e par la loi n\u00b0 2019-40 du 07 novembre 2019 aux articles 57 ; 113-1 ; 113-2.<\/p>\n<p>En effet, selon l&rsquo;article 53 de la m\u00eame loi fondamentale qui traite de la prestation de serment du pr\u00e9sident de la R\u00e9publique, il est institu\u00e9 en en son dernier alin\u00e9a que \u00ab le serment est re\u00e7u par le pr\u00e9sident de la Cour constitutionnelle, devant les autres membres de ladite Cour, l&rsquo;Assembl\u00e9e nationale, les bureaux du S\u00e9nat, de la Cour supr\u00eame et de la Cour des comptes\u00bb. Or, en l&rsquo;\u00e9tat actuel des choses o\u00f9 ni le S\u00e9nat n&rsquo;a \u00e9t\u00e9 install\u00e9 encore moins les bureaux de cette institution, l&rsquo;article sus-cit\u00e9e risque de ne pas pouvoir \u00eatre respect\u00e9.<\/p>\n<p>Pour l&rsquo;heure, nul ne saurait \u00e9lucider les raisons qui emp\u00eachent la mise en place du S\u00e9nat sachant qu\u2019il n\u2019y a aucun obstacle juridique ou institutionnel \u00e0 l\u2019installation du S\u00e9nat avant la date et l\u2019heure de prestation de serment du Pr\u00e9sident de la R\u00e9publique \u00e9lu puisque l\u2019article 113-3 a pr\u00e9vu la composition des membres de droit \u00e0 d\u00e9signer par le Pr\u00e9sident de la R\u00e9publique et le Pr\u00e9sident de l\u2019Assembl\u00e9e nationale. A date, le B\u00e9nin a un Pr\u00e9sident de la R\u00e9publique en la personne de Patrice Talon et un Pr\u00e9sident de l\u2019Assembl\u00e9e nationale, Joseph Djogbenou pour les d\u00e9signations. De plus, le pays a les membres de droit pr\u00e9vus \u00e0 l&rsquo;article 113-3. Selon le juriste Landry Adelakoun, D\u00e8s lors, il para\u00eet obligatoire que depuis le 17 d\u00e9cembre 2025 le S\u00e9nat est en droit d\u2019\u00eatre install\u00e9.<\/p>\n<p><strong>Le pi\u00e8ge qui guette Patrice Talon<\/strong><\/p>\n<p>Dans une interview accord\u00e9e \u00e0 la presse le 12 avril dernier, l&rsquo;actuel pr\u00e9sident de la R\u00e9publique, Patrice Talon a r\u00e9it\u00e9r\u00e9 sa volont\u00e9 de si\u00e9ger au S\u00e9nat. N\u00e9anmoins \u00e0 l&rsquo;\u00e9tape actuelle et jusqu&rsquo;\u00e0 la prestation de serment du nouveau pr\u00e9sident de la R\u00e9publique le 24 mai 2026, Patrice Talon ne dispose pas d&rsquo;un statut d&rsquo;ancien Pr\u00e9sident de la R\u00e9publique qui lui permettra d&rsquo;\u00eatre membre du S\u00e9nat. Or vu que le constituant n\u2019a pr\u00e9vu une disposition transitoire qui aurait pu permettre que l\u2019article 53 ne soit pas applicable au serment du Pr\u00e9sident \u00e9lu en 2026, il convient d\u2019installer le S\u00e9nat avant la date et l\u2019heure de prestation de serment du Pr\u00e9sident \u00e9lu afin que son serment puisse \u00eatre re\u00e7u selon les pr\u00e9visions de l\u2019article 53 c&rsquo;est \u00e0 dire devant le bureau du S\u00e9nat.<\/p>\n<p>Pour ce faire, il faut que l&rsquo;institution soit d\u00e9j\u00e0 install\u00e9e en amont. A cette allure, sauf cataclysme ou des acrobaties constitutionnelles, Patrice Talon risque donc de voir ses r\u00eaves de si\u00e9ger au S\u00e9nat se briser pour cette premi\u00e8re fois. Il devra donc attendre la prochaine mandature pour rejoindre le S\u00e9nat et si possible \u00eatre membre du bureau.<\/p>\n<p><strong>Alassane Tour\u00e9<\/strong><\/p>\n","protected":false},"excerpt":{"rendered":"<p>Le nouveau pr\u00e9sident de la R\u00e9publique, Romuald Wadagni pr\u00eatera serment le dimanche 24 mai 2026. Si en mati\u00e8re d&rsquo;organisation, les petits plats sont mis dans les grands pour une organisation&hellip;<\/p>\n","protected":false},"author":5,"featured_media":18921,"comment_status":"open","ping_status":"open","sticky":false,"template":"","format":"standard","meta":{"content-type":"","om_disable_all_campaigns":false,"_monsterinsights_skip_tracking":false,"_monsterinsights_sitenote_active":false,"_monsterinsights_sitenote_note":"","_monsterinsights_sitenote_category":0,"_uf_show_specific_survey":0,"_uf_disable_surveys":false,"footnotes":""},"categories":[26],"tags":[],"class_list":["post-18920","post","type-post","status-publish","format-standard","has-post-thumbnail","hentry","category-politique"],"aioseo_notices":[],"yoast_head":"<!-- This site is optimized with the Yoast SEO plugin v27.5 - https:\/\/yoast.com\/product\/yoast-seo-wordpress\/ -->\n<title>Prestation de serment du pr\u00e9sident de la R\u00e9publique devant les bureaux du S\u00e9nat : Patrice Talon pris \u00e0 son propre pi\u00e8ge - Le Patriote<\/title>\n<meta name=\"robots\" content=\"index, follow, max-snippet:-1, max-image-preview:large, max-video-preview:-1\" \/>\n<link rel=\"canonical\" href=\"https:\/\/lepatriotebenin.com\/index.php\/2026\/04\/29\/prestation-de-serment-du-president-de-la-republique-devant-les-bureaux-du-senat-patrice-talon-pris-a-son-propre-piege\/\" \/>\n<meta property=\"og:locale\" content=\"fr_FR\" \/>\n<meta property=\"og:type\" content=\"article\" \/>\n<meta property=\"og:title\" content=\"Prestation de serment du pr\u00e9sident de la R\u00e9publique devant les bureaux du S\u00e9nat : Patrice Talon pris \u00e0 son propre pi\u00e8ge - Le Patriote\" \/>\n<meta property=\"og:description\" content=\"Le nouveau pr\u00e9sident de la R\u00e9publique, Romuald Wadagni pr\u00eatera serment le dimanche 24 mai 2026. Si en mati\u00e8re d&rsquo;organisation, les petits plats sont mis dans les grands pour une organisation&hellip;\" \/>\n<meta property=\"og:url\" content=\"https:\/\/lepatriotebenin.com\/index.php\/2026\/04\/29\/prestation-de-serment-du-president-de-la-republique-devant-les-bureaux-du-senat-patrice-talon-pris-a-son-propre-piege\/\" \/>\n<meta property=\"og:site_name\" content=\"Le Patriote\" \/>\n<meta property=\"article:published_time\" content=\"2026-04-29T03:05:58+00:00\" \/>\n<meta property=\"og:image\" content=\"https:\/\/lepatriotebenin.com\/wp-content\/uploads\/2026\/04\/talon-2.jpg\" \/>\n\t<meta property=\"og:image:width\" content=\"780\" \/>\n\t<meta property=\"og:image:height\" content=\"560\" \/>\n\t<meta property=\"og:image:type\" content=\"image\/jpeg\" \/>\n<meta name=\"author\" content=\"Redaction\" \/>\n<meta name=\"twitter:card\" content=\"summary_large_image\" \/>\n<meta name=\"twitter:label1\" content=\"\u00c9crit par\" \/>\n\t<meta name=\"twitter:data1\" content=\"Redaction\" \/>\n\t<meta name=\"twitter:label2\" content=\"Dur\u00e9e de lecture estim\u00e9e\" \/>\n\t<meta name=\"twitter:data2\" content=\"4 minutes\" \/>\n<script type=\"application\/ld+json\" class=\"yoast-schema-graph\">{\"@context\":\"https:\\\/\\\/schema.org\",\"@graph\":[{\"@type\":\"Article\",\"@id\":\"https:\\\/\\\/lepatriotebenin.com\\\/index.php\\\/2026\\\/04\\\/29\\\/prestation-de-serment-du-president-de-la-republique-devant-les-bureaux-du-senat-patrice-talon-pris-a-son-propre-piege\\\/#article\",\"isPartOf\":{\"@id\":\"https:\\\/\\\/lepatriotebenin.com\\\/index.php\\\/2026\\\/04\\\/29\\\/prestation-de-serment-du-president-de-la-republique-devant-les-bureaux-du-senat-patrice-talon-pris-a-son-propre-piege\\\/\"},\"author\":{\"name\":\"Redaction\",\"@id\":\"https:\\\/\\\/lepatriotebenin.com\\\/#\\\/schema\\\/person\\\/2e7709b9c9cc313e452d1136af61690f\"},\"headline\":\"Prestation de serment du pr\u00e9sident de la R\u00e9publique devant les bureaux du S\u00e9nat : Patrice Talon pris \u00e0 son propre pi\u00e8ge\",\"datePublished\":\"2026-04-29T03:05:58+00:00\",\"mainEntityOfPage\":{\"@id\":\"https:\\\/\\\/lepatriotebenin.com\\\/index.php\\\/2026\\\/04\\\/29\\\/prestation-de-serment-du-president-de-la-republique-devant-les-bureaux-du-senat-patrice-talon-pris-a-son-propre-piege\\\/\"},\"wordCount\":677,\"commentCount\":0,\"image\":{\"@id\":\"https:\\\/\\\/lepatriotebenin.com\\\/index.php\\\/2026\\\/04\\\/29\\\/prestation-de-serment-du-president-de-la-republique-devant-les-bureaux-du-senat-patrice-talon-pris-a-son-propre-piege\\\/#primaryimage\"},\"thumbnailUrl\":\"https:\\\/\\\/lepatriotebenin.com\\\/wp-content\\\/uploads\\\/2026\\\/04\\\/talon-2.jpg\",\"articleSection\":[\"Politique\"],\"inLanguage\":\"fr-FR\",\"potentialAction\":[{\"@type\":\"CommentAction\",\"name\":\"Comment\",\"target\":[\"https:\\\/\\\/lepatriotebenin.com\\\/index.php\\\/2026\\\/04\\\/29\\\/prestation-de-serment-du-president-de-la-republique-devant-les-bureaux-du-senat-patrice-talon-pris-a-son-propre-piege\\\/#respond\"]}]},{\"@type\":\"WebPage\",\"@id\":\"https:\\\/\\\/lepatriotebenin.com\\\/index.php\\\/2026\\\/04\\\/29\\\/prestation-de-serment-du-president-de-la-republique-devant-les-bureaux-du-senat-patrice-talon-pris-a-son-propre-piege\\\/\",\"url\":\"https:\\\/\\\/lepatriotebenin.com\\\/index.php\\\/2026\\\/04\\\/29\\\/prestation-de-serment-du-president-de-la-republique-devant-les-bureaux-du-senat-patrice-talon-pris-a-son-propre-piege\\\/\",\"name\":\"Prestation de serment du pr\u00e9sident de la R\u00e9publique devant les bureaux du S\u00e9nat : Patrice Talon pris \u00e0 son propre pi\u00e8ge - Le Patriote\",\"isPartOf\":{\"@id\":\"https:\\\/\\\/lepatriotebenin.com\\\/#website\"},\"primaryImageOfPage\":{\"@id\":\"https:\\\/\\\/lepatriotebenin.com\\\/index.php\\\/2026\\\/04\\\/29\\\/prestation-de-serment-du-president-de-la-republique-devant-les-bureaux-du-senat-patrice-talon-pris-a-son-propre-piege\\\/#primaryimage\"},\"image\":{\"@id\":\"https:\\\/\\\/lepatriotebenin.com\\\/index.php\\\/2026\\\/04\\\/29\\\/prestation-de-serment-du-president-de-la-republique-devant-les-bureaux-du-senat-patrice-talon-pris-a-son-propre-piege\\\/#primaryimage\"},\"thumbnailUrl\":\"https:\\\/\\\/lepatriotebenin.com\\\/wp-content\\\/uploads\\\/2026\\\/04\\\/talon-2.jpg\",\"datePublished\":\"2026-04-29T03:05:58+00:00\",\"author\":{\"@id\":\"https:\\\/\\\/lepatriotebenin.com\\\/#\\\/schema\\\/person\\\/2e7709b9c9cc313e452d1136af61690f\"},\"breadcrumb\":{\"@id\":\"https:\\\/\\\/lepatriotebenin.com\\\/index.php\\\/2026\\\/04\\\/29\\\/prestation-de-serment-du-president-de-la-republique-devant-les-bureaux-du-senat-patrice-talon-pris-a-son-propre-piege\\\/#breadcrumb\"},\"inLanguage\":\"fr-FR\",\"potentialAction\":[{\"@type\":\"ReadAction\",\"target\":[\"https:\\\/\\\/lepatriotebenin.com\\\/index.php\\\/2026\\\/04\\\/29\\\/prestation-de-serment-du-president-de-la-republique-devant-les-bureaux-du-senat-patrice-talon-pris-a-son-propre-piege\\\/\"]}]},{\"@type\":\"ImageObject\",\"inLanguage\":\"fr-FR\",\"@id\":\"https:\\\/\\\/lepatriotebenin.com\\\/index.php\\\/2026\\\/04\\\/29\\\/prestation-de-serment-du-president-de-la-republique-devant-les-bureaux-du-senat-patrice-talon-pris-a-son-propre-piege\\\/#primaryimage\",\"url\":\"https:\\\/\\\/lepatriotebenin.com\\\/wp-content\\\/uploads\\\/2026\\\/04\\\/talon-2.jpg\",\"contentUrl\":\"https:\\\/\\\/lepatriotebenin.com\\\/wp-content\\\/uploads\\\/2026\\\/04\\\/talon-2.jpg\",\"width\":780,\"height\":560},{\"@type\":\"BreadcrumbList\",\"@id\":\"https:\\\/\\\/lepatriotebenin.com\\\/index.php\\\/2026\\\/04\\\/29\\\/prestation-de-serment-du-president-de-la-republique-devant-les-bureaux-du-senat-patrice-talon-pris-a-son-propre-piege\\\/#breadcrumb\",\"itemListElement\":[{\"@type\":\"ListItem\",\"position\":1,\"name\":\"Accueil\",\"item\":\"https:\\\/\\\/lepatriotebenin.com\\\/\"},{\"@type\":\"ListItem\",\"position\":2,\"name\":\"Prestation de serment du pr\u00e9sident de la R\u00e9publique devant les bureaux du S\u00e9nat : Patrice Talon pris \u00e0 son propre pi\u00e8ge\"}]},{\"@type\":\"WebSite\",\"@id\":\"https:\\\/\\\/lepatriotebenin.com\\\/#website\",\"url\":\"https:\\\/\\\/lepatriotebenin.com\\\/\",\"name\":\"Le Patriote\",\"description\":\"Le Patriote B\u00e9nin\",\"potentialAction\":[{\"@type\":\"SearchAction\",\"target\":{\"@type\":\"EntryPoint\",\"urlTemplate\":\"https:\\\/\\\/lepatriotebenin.com\\\/?s={search_term_string}\"},\"query-input\":{\"@type\":\"PropertyValueSpecification\",\"valueRequired\":true,\"valueName\":\"search_term_string\"}}],\"inLanguage\":\"fr-FR\"},{\"@type\":\"Person\",\"@id\":\"https:\\\/\\\/lepatriotebenin.com\\\/#\\\/schema\\\/person\\\/2e7709b9c9cc313e452d1136af61690f\",\"name\":\"Redaction\",\"image\":{\"@type\":\"ImageObject\",\"inLanguage\":\"fr-FR\",\"@id\":\"https:\\\/\\\/secure.gravatar.com\\\/avatar\\\/c4c509357859ea2ca2cbb6d8812898a73e4ef1ef9934c2e591d7e32face734d1?s=96&d=mm&r=g\",\"url\":\"https:\\\/\\\/secure.gravatar.com\\\/avatar\\\/c4c509357859ea2ca2cbb6d8812898a73e4ef1ef9934c2e591d7e32face734d1?s=96&d=mm&r=g\",\"contentUrl\":\"https:\\\/\\\/secure.gravatar.com\\\/avatar\\\/c4c509357859ea2ca2cbb6d8812898a73e4ef1ef9934c2e591d7e32face734d1?s=96&d=mm&r=g\",\"caption\":\"Redaction\"},\"url\":\"https:\\\/\\\/lepatriotebenin.com\"}]}<\/script>\n<!-- \/ Yoast SEO plugin. -->","yoast_head_json":{"title":"Prestation de serment du pr\u00e9sident de la R\u00e9publique devant les bureaux du S\u00e9nat : Patrice Talon pris \u00e0 son propre pi\u00e8ge - Le Patriote","robots":{"index":"index","follow":"follow","max-snippet":"max-snippet:-1","max-image-preview":"max-image-preview:large","max-video-preview":"max-video-preview:-1"},"canonical":"https:\/\/lepatriotebenin.com\/index.php\/2026\/04\/29\/prestation-de-serment-du-president-de-la-republique-devant-les-bureaux-du-senat-patrice-talon-pris-a-son-propre-piege\/","og_locale":"fr_FR","og_type":"article","og_title":"Prestation de serment du pr\u00e9sident de la R\u00e9publique devant les bureaux du S\u00e9nat : Patrice Talon pris \u00e0 son propre pi\u00e8ge - Le Patriote","og_description":"Le nouveau pr\u00e9sident de la R\u00e9publique, Romuald Wadagni pr\u00eatera serment le dimanche 24 mai 2026. Si en mati\u00e8re d&rsquo;organisation, les petits plats sont mis dans les grands pour une organisation&hellip;","og_url":"https:\/\/lepatriotebenin.com\/index.php\/2026\/04\/29\/prestation-de-serment-du-president-de-la-republique-devant-les-bureaux-du-senat-patrice-talon-pris-a-son-propre-piege\/","og_site_name":"Le Patriote","article_published_time":"2026-04-29T03:05:58+00:00","og_image":[{"width":780,"height":560,"url":"https:\/\/lepatriotebenin.com\/wp-content\/uploads\/2026\/04\/talon-2.jpg","type":"image\/jpeg"}],"author":"Redaction","twitter_card":"summary_large_image","twitter_misc":{"\u00c9crit par":"Redaction","Dur\u00e9e de lecture estim\u00e9e":"4 minutes"},"schema":{"@context":"https:\/\/schema.org","@graph":[{"@type":"Article","@id":"https:\/\/lepatriotebenin.com\/index.php\/2026\/04\/29\/prestation-de-serment-du-president-de-la-republique-devant-les-bureaux-du-senat-patrice-talon-pris-a-son-propre-piege\/#article","isPartOf":{"@id":"https:\/\/lepatriotebenin.com\/index.php\/2026\/04\/29\/prestation-de-serment-du-president-de-la-republique-devant-les-bureaux-du-senat-patrice-talon-pris-a-son-propre-piege\/"},"author":{"name":"Redaction","@id":"https:\/\/lepatriotebenin.com\/#\/schema\/person\/2e7709b9c9cc313e452d1136af61690f"},"headline":"Prestation de serment du pr\u00e9sident de la R\u00e9publique devant les bureaux du S\u00e9nat : Patrice Talon pris \u00e0 son propre pi\u00e8ge","datePublished":"2026-04-29T03:05:58+00:00","mainEntityOfPage":{"@id":"https:\/\/lepatriotebenin.com\/index.php\/2026\/04\/29\/prestation-de-serment-du-president-de-la-republique-devant-les-bureaux-du-senat-patrice-talon-pris-a-son-propre-piege\/"},"wordCount":677,"commentCount":0,"image":{"@id":"https:\/\/lepatriotebenin.com\/index.php\/2026\/04\/29\/prestation-de-serment-du-president-de-la-republique-devant-les-bureaux-du-senat-patrice-talon-pris-a-son-propre-piege\/#primaryimage"},"thumbnailUrl":"https:\/\/lepatriotebenin.com\/wp-content\/uploads\/2026\/04\/talon-2.jpg","articleSection":["Politique"],"inLanguage":"fr-FR","potentialAction":[{"@type":"CommentAction","name":"Comment","target":["https:\/\/lepatriotebenin.com\/index.php\/2026\/04\/29\/prestation-de-serment-du-president-de-la-republique-devant-les-bureaux-du-senat-patrice-talon-pris-a-son-propre-piege\/#respond"]}]},{"@type":"WebPage","@id":"https:\/\/lepatriotebenin.com\/index.php\/2026\/04\/29\/prestation-de-serment-du-president-de-la-republique-devant-les-bureaux-du-senat-patrice-talon-pris-a-son-propre-piege\/","url":"https:\/\/lepatriotebenin.com\/index.php\/2026\/04\/29\/prestation-de-serment-du-president-de-la-republique-devant-les-bureaux-du-senat-patrice-talon-pris-a-son-propre-piege\/","name":"Prestation de serment du pr\u00e9sident de la R\u00e9publique devant les bureaux du S\u00e9nat : Patrice Talon pris \u00e0 son propre pi\u00e8ge - Le Patriote","isPartOf":{"@id":"https:\/\/lepatriotebenin.com\/#website"},"primaryImageOfPage":{"@id":"https:\/\/lepatriotebenin.com\/index.php\/2026\/04\/29\/prestation-de-serment-du-president-de-la-republique-devant-les-bureaux-du-senat-patrice-talon-pris-a-son-propre-piege\/#primaryimage"},"image":{"@id":"https:\/\/lepatriotebenin.com\/index.php\/2026\/04\/29\/prestation-de-serment-du-president-de-la-republique-devant-les-bureaux-du-senat-patrice-talon-pris-a-son-propre-piege\/#primaryimage"},"thumbnailUrl":"https:\/\/lepatriotebenin.com\/wp-content\/uploads\/2026\/04\/talon-2.jpg","datePublished":"2026-04-29T03:05:58+00:00","author":{"@id":"https:\/\/lepatriotebenin.com\/#\/schema\/person\/2e7709b9c9cc313e452d1136af61690f"},"breadcrumb":{"@id":"https:\/\/lepatriotebenin.com\/index.php\/2026\/04\/29\/prestation-de-serment-du-president-de-la-republique-devant-les-bureaux-du-senat-patrice-talon-pris-a-son-propre-piege\/#breadcrumb"},"inLanguage":"fr-FR","potentialAction":[{"@type":"ReadAction","target":["https:\/\/lepatriotebenin.com\/index.php\/2026\/04\/29\/prestation-de-serment-du-president-de-la-republique-devant-les-bureaux-du-senat-patrice-talon-pris-a-son-propre-piege\/"]}]},{"@type":"ImageObject","inLanguage":"fr-FR","@id":"https:\/\/lepatriotebenin.com\/index.php\/2026\/04\/29\/prestation-de-serment-du-president-de-la-republique-devant-les-bureaux-du-senat-patrice-talon-pris-a-son-propre-piege\/#primaryimage","url":"https:\/\/lepatriotebenin.com\/wp-content\/uploads\/2026\/04\/talon-2.jpg","contentUrl":"https:\/\/lepatriotebenin.com\/wp-content\/uploads\/2026\/04\/talon-2.jpg","width":780,"height":560},{"@type":"BreadcrumbList","@id":"https:\/\/lepatriotebenin.com\/index.php\/2026\/04\/29\/prestation-de-serment-du-president-de-la-republique-devant-les-bureaux-du-senat-patrice-talon-pris-a-son-propre-piege\/#breadcrumb","itemListElement":[{"@type":"ListItem","position":1,"name":"Accueil","item":"https:\/\/lepatriotebenin.com\/"},{"@type":"ListItem","position":2,"name":"Prestation de serment du pr\u00e9sident de la R\u00e9publique devant les bureaux du S\u00e9nat : Patrice Talon pris \u00e0 son propre pi\u00e8ge"}]},{"@type":"WebSite","@id":"https:\/\/lepatriotebenin.com\/#website","url":"https:\/\/lepatriotebenin.com\/","name":"Le Patriote","description":"Le Patriote B\u00e9nin","potentialAction":[{"@type":"SearchAction","target":{"@type":"EntryPoint","urlTemplate":"https:\/\/lepatriotebenin.com\/?s={search_term_string}"},"query-input":{"@type":"PropertyValueSpecification","valueRequired":true,"valueName":"search_term_string"}}],"inLanguage":"fr-FR"},{"@type":"Person","@id":"https:\/\/lepatriotebenin.com\/#\/schema\/person\/2e7709b9c9cc313e452d1136af61690f","name":"Redaction","image":{"@type":"ImageObject","inLanguage":"fr-FR","@id":"https:\/\/secure.gravatar.com\/avatar\/c4c509357859ea2ca2cbb6d8812898a73e4ef1ef9934c2e591d7e32face734d1?s=96&d=mm&r=g","url":"https:\/\/secure.gravatar.com\/avatar\/c4c509357859ea2ca2cbb6d8812898a73e4ef1ef9934c2e591d7e32face734d1?s=96&d=mm&r=g","contentUrl":"https:\/\/secure.gravatar.com\/avatar\/c4c509357859ea2ca2cbb6d8812898a73e4ef1ef9934c2e591d7e32face734d1?s=96&d=mm&r=g","caption":"Redaction"},"url":"https:\/\/lepatriotebenin.com"}]}},"_links":{"self":[{"href":"https:\/\/lepatriotebenin.com\/index.php\/wp-json\/wp\/v2\/posts\/18920","targetHints":{"allow":["GET"]}}],"collection":[{"href":"https:\/\/lepatriotebenin.com\/index.php\/wp-json\/wp\/v2\/posts"}],"about":[{"href":"https:\/\/lepatriotebenin.com\/index.php\/wp-json\/wp\/v2\/types\/post"}],"author":[{"embeddable":true,"href":"https:\/\/lepatriotebenin.com\/index.php\/wp-json\/wp\/v2\/users\/5"}],"replies":[{"embeddable":true,"href":"https:\/\/lepatriotebenin.com\/index.php\/wp-json\/wp\/v2\/comments?post=18920"}],"version-history":[{"count":1,"href":"https:\/\/lepatriotebenin.com\/index.php\/wp-json\/wp\/v2\/posts\/18920\/revisions"}],"predecessor-version":[{"id":18922,"href":"https:\/\/lepatriotebenin.com\/index.php\/wp-json\/wp\/v2\/posts\/18920\/revisions\/18922"}],"wp:featuredmedia":[{"embeddable":true,"href":"https:\/\/lepatriotebenin.com\/index.php\/wp-json\/wp\/v2\/media\/18921"}],"wp:attachment":[{"href":"https:\/\/lepatriotebenin.com\/index.php\/wp-json\/wp\/v2\/media?parent=18920"}],"wp:term":[{"taxonomy":"category","embeddable":true,"href":"https:\/\/lepatriotebenin.com\/index.php\/wp-json\/wp\/v2\/categories?post=18920"},{"taxonomy":"post_tag","embeddable":true,"href":"https:\/\/lepatriotebenin.com\/index.php\/wp-json\/wp\/v2\/tags?post=18920"}],"curies":[{"name":"wp","href":"https:\/\/api.w.org\/{rel}","templated":true}]}}