{"id":18914,"date":"2026-04-29T04:57:51","date_gmt":"2026-04-29T02:57:51","guid":{"rendered":"https:\/\/lepatriotebenin.com\/?p=18914"},"modified":"2026-04-29T04:57:51","modified_gmt":"2026-04-29T02:57:51","slug":"20-ans-de-deces-de-ahmed-akobi-une-etoile-filante-de-la-politique-beninoise","status":"publish","type":"post","link":"https:\/\/lepatriotebenin.com\/index.php\/2026\/04\/29\/20-ans-de-deces-de-ahmed-akobi-une-etoile-filante-de-la-politique-beninoise\/","title":{"rendered":"20 ans de d\u00e9c\u00e8s de Ahmed Akobi : Une \u00e9toile filante de la politique b\u00e9ninoise"},"content":{"rendered":"<p><strong><em>Vingt ans apr\u00e8s sa disparition, Ahmed Akobi demeure une figure marquante de la sc\u00e8ne politique b\u00e9ninoise, dont le parcours aussi brillant que bref continue de susciter admiration et nostalgie.<\/em><\/strong><\/p>\n<p>N\u00e9 en 1967 \u00e0 Manigri, dans la commune de Bassila, Ahamed Issifou Akobi, connu sous le nom d\u2019Ahmed Akobi, suit des \u00e9tudes de droit avant de devenir avocat. Tr\u00e8s t\u00f4t, il se distingue par son \u00e9loquence, sa rigueur et son sens \u00e9lev\u00e9 de l\u2019\u00c9tat, des qualit\u00e9s qui facilitent son ascension rapide en politique.<\/p>\n<p>\u00c9lu d\u00e9put\u00e9 en 1999 \u00e0 l\u2019Assembl\u00e9e nationale, puis r\u00e9\u00e9lu en 2003, il s\u2019impose comme un \u00e9lu proche des populations et respect\u00e9 pour son s\u00e9rieux. Sa carri\u00e8re prend une dimension nationale lorsqu\u2019il est nomm\u00e9 ministre des Travaux publics et des Transports sous le pr\u00e9sident Mathieu K\u00e9r\u00e9kou, o\u00f9 il contribue \u00e0 porter des projets structurants pour le pays. En 2006, il joue un r\u00f4le cl\u00e9 dans la victoire du pr\u00e9sident Boni Yayi, en tant que directeur adjoint de campagne. \u00c0 l\u2019issue de cette \u00e9lection, il est nomm\u00e9 directeur de cabinet du nouveau chef de l\u2019\u00c9tat, confirmant sa place parmi les figures montantes du pouvoir.<\/p>\n<p>Mais ce destin prometteur est brutalement interrompu le 29 avril 2006. Alors qu\u2019il se rendait chez lui \u00e0 Manigri, dans le nord du B\u00e9nin, Ahmed Akobi perd la vie dans un accident de la circulation, \u00e0 seulement 39 ans, quelques semaines apr\u00e8s sa nomination \u00e0 la pr\u00e9sidence.<\/p>\n<p>Sa disparition provoque une vive \u00e9motion \u00e0 travers le pays. Deux d\u00e9cennies plus tard, Ahmed Akobi reste dans les m\u00e9moires comme un homme engag\u00e9, loyal et profond\u00e9ment attach\u00e9 \u00e0 son pays, symbole d\u2019un immense espoir politique bris\u00e9 trop t\u00f4t.<\/p>\n<p>&nbsp;<\/p>\n<p>Gildas AHOGNI<\/p>\n","protected":false},"excerpt":{"rendered":"<p>Vingt ans apr\u00e8s sa disparition, Ahmed Akobi demeure une figure marquante de la sc\u00e8ne politique b\u00e9ninoise, dont le parcours aussi brillant que bref continue de susciter admiration et nostalgie. N\u00e9&hellip;<\/p>\n","protected":false},"author":5,"featured_media":18915,"comment_status":"open","ping_status":"open","sticky":false,"template":"","format":"standard","meta":{"content-type":"","om_disable_all_campaigns":false,"_monsterinsights_skip_tracking":false,"_monsterinsights_sitenote_active":false,"_monsterinsights_sitenote_note":"","_monsterinsights_sitenote_category":0,"_uf_show_specific_survey":0,"_uf_disable_surveys":false,"footnotes":""},"categories":[26],"tags":[],"class_list":["post-18914","post","type-post","status-publish","format-standard","has-post-thumbnail","hentry","category-politique"],"aioseo_notices":[],"yoast_head":"<!-- This site is optimized with the Yoast SEO plugin v27.5 - https:\/\/yoast.com\/product\/yoast-seo-wordpress\/ -->\n<title>20 ans de d\u00e9c\u00e8s de Ahmed Akobi : Une \u00e9toile filante de la politique b\u00e9ninoise - Le Patriote<\/title>\n<meta name=\"robots\" content=\"index, follow, max-snippet:-1, max-image-preview:large, max-video-preview:-1\" \/>\n<link rel=\"canonical\" href=\"https:\/\/lepatriotebenin.com\/index.php\/2026\/04\/29\/20-ans-de-deces-de-ahmed-akobi-une-etoile-filante-de-la-politique-beninoise\/\" \/>\n<meta property=\"og:locale\" content=\"fr_FR\" \/>\n<meta property=\"og:type\" content=\"article\" \/>\n<meta property=\"og:title\" content=\"20 ans de d\u00e9c\u00e8s de Ahmed Akobi : Une \u00e9toile filante de la politique b\u00e9ninoise - Le Patriote\" \/>\n<meta property=\"og:description\" content=\"Vingt ans apr\u00e8s sa disparition, Ahmed Akobi demeure une figure marquante de la sc\u00e8ne politique b\u00e9ninoise, dont le parcours aussi brillant que bref continue de susciter admiration et nostalgie. N\u00e9&hellip;\" \/>\n<meta property=\"og:url\" content=\"https:\/\/lepatriotebenin.com\/index.php\/2026\/04\/29\/20-ans-de-deces-de-ahmed-akobi-une-etoile-filante-de-la-politique-beninoise\/\" \/>\n<meta property=\"og:site_name\" content=\"Le Patriote\" \/>\n<meta property=\"article:published_time\" content=\"2026-04-29T02:57:51+00:00\" \/>\n<meta property=\"og:image\" content=\"https:\/\/lepatriotebenin.com\/wp-content\/uploads\/2026\/04\/ahmed-akobi.jpeg\" \/>\n\t<meta property=\"og:image:width\" content=\"225\" \/>\n\t<meta property=\"og:image:height\" content=\"225\" \/>\n\t<meta property=\"og:image:type\" content=\"image\/jpeg\" \/>\n<meta name=\"author\" content=\"Redaction\" \/>\n<meta name=\"twitter:card\" content=\"summary_large_image\" \/>\n<meta name=\"twitter:label1\" content=\"\u00c9crit par\" \/>\n\t<meta name=\"twitter:data1\" content=\"Redaction\" \/>\n\t<meta name=\"twitter:label2\" content=\"Dur\u00e9e de lecture estim\u00e9e\" \/>\n\t<meta name=\"twitter:data2\" content=\"2 minutes\" \/>\n<script type=\"application\/ld+json\" class=\"yoast-schema-graph\">{\"@context\":\"https:\\\/\\\/schema.org\",\"@graph\":[{\"@type\":\"Article\",\"@id\":\"https:\\\/\\\/lepatriotebenin.com\\\/index.php\\\/2026\\\/04\\\/29\\\/20-ans-de-deces-de-ahmed-akobi-une-etoile-filante-de-la-politique-beninoise\\\/#article\",\"isPartOf\":{\"@id\":\"https:\\\/\\\/lepatriotebenin.com\\\/index.php\\\/2026\\\/04\\\/29\\\/20-ans-de-deces-de-ahmed-akobi-une-etoile-filante-de-la-politique-beninoise\\\/\"},\"author\":{\"name\":\"Redaction\",\"@id\":\"https:\\\/\\\/lepatriotebenin.com\\\/#\\\/schema\\\/person\\\/2e7709b9c9cc313e452d1136af61690f\"},\"headline\":\"20 ans de d\u00e9c\u00e8s de Ahmed Akobi : Une \u00e9toile filante de la politique b\u00e9ninoise\",\"datePublished\":\"2026-04-29T02:57:51+00:00\",\"mainEntityOfPage\":{\"@id\":\"https:\\\/\\\/lepatriotebenin.com\\\/index.php\\\/2026\\\/04\\\/29\\\/20-ans-de-deces-de-ahmed-akobi-une-etoile-filante-de-la-politique-beninoise\\\/\"},\"wordCount\":305,\"commentCount\":0,\"image\":{\"@id\":\"https:\\\/\\\/lepatriotebenin.com\\\/index.php\\\/2026\\\/04\\\/29\\\/20-ans-de-deces-de-ahmed-akobi-une-etoile-filante-de-la-politique-beninoise\\\/#primaryimage\"},\"thumbnailUrl\":\"https:\\\/\\\/lepatriotebenin.com\\\/wp-content\\\/uploads\\\/2026\\\/04\\\/ahmed-akobi.jpeg\",\"articleSection\":[\"Politique\"],\"inLanguage\":\"fr-FR\",\"potentialAction\":[{\"@type\":\"CommentAction\",\"name\":\"Comment\",\"target\":[\"https:\\\/\\\/lepatriotebenin.com\\\/index.php\\\/2026\\\/04\\\/29\\\/20-ans-de-deces-de-ahmed-akobi-une-etoile-filante-de-la-politique-beninoise\\\/#respond\"]}]},{\"@type\":\"WebPage\",\"@id\":\"https:\\\/\\\/lepatriotebenin.com\\\/index.php\\\/2026\\\/04\\\/29\\\/20-ans-de-deces-de-ahmed-akobi-une-etoile-filante-de-la-politique-beninoise\\\/\",\"url\":\"https:\\\/\\\/lepatriotebenin.com\\\/index.php\\\/2026\\\/04\\\/29\\\/20-ans-de-deces-de-ahmed-akobi-une-etoile-filante-de-la-politique-beninoise\\\/\",\"name\":\"20 ans de d\u00e9c\u00e8s de Ahmed Akobi : Une \u00e9toile filante de la politique b\u00e9ninoise - Le Patriote\",\"isPartOf\":{\"@id\":\"https:\\\/\\\/lepatriotebenin.com\\\/#website\"},\"primaryImageOfPage\":{\"@id\":\"https:\\\/\\\/lepatriotebenin.com\\\/index.php\\\/2026\\\/04\\\/29\\\/20-ans-de-deces-de-ahmed-akobi-une-etoile-filante-de-la-politique-beninoise\\\/#primaryimage\"},\"image\":{\"@id\":\"https:\\\/\\\/lepatriotebenin.com\\\/index.php\\\/2026\\\/04\\\/29\\\/20-ans-de-deces-de-ahmed-akobi-une-etoile-filante-de-la-politique-beninoise\\\/#primaryimage\"},\"thumbnailUrl\":\"https:\\\/\\\/lepatriotebenin.com\\\/wp-content\\\/uploads\\\/2026\\\/04\\\/ahmed-akobi.jpeg\",\"datePublished\":\"2026-04-29T02:57:51+00:00\",\"author\":{\"@id\":\"https:\\\/\\\/lepatriotebenin.com\\\/#\\\/schema\\\/person\\\/2e7709b9c9cc313e452d1136af61690f\"},\"breadcrumb\":{\"@id\":\"https:\\\/\\\/lepatriotebenin.com\\\/index.php\\\/2026\\\/04\\\/29\\\/20-ans-de-deces-de-ahmed-akobi-une-etoile-filante-de-la-politique-beninoise\\\/#breadcrumb\"},\"inLanguage\":\"fr-FR\",\"potentialAction\":[{\"@type\":\"ReadAction\",\"target\":[\"https:\\\/\\\/lepatriotebenin.com\\\/index.php\\\/2026\\\/04\\\/29\\\/20-ans-de-deces-de-ahmed-akobi-une-etoile-filante-de-la-politique-beninoise\\\/\"]}]},{\"@type\":\"ImageObject\",\"inLanguage\":\"fr-FR\",\"@id\":\"https:\\\/\\\/lepatriotebenin.com\\\/index.php\\\/2026\\\/04\\\/29\\\/20-ans-de-deces-de-ahmed-akobi-une-etoile-filante-de-la-politique-beninoise\\\/#primaryimage\",\"url\":\"https:\\\/\\\/lepatriotebenin.com\\\/wp-content\\\/uploads\\\/2026\\\/04\\\/ahmed-akobi.jpeg\",\"contentUrl\":\"https:\\\/\\\/lepatriotebenin.com\\\/wp-content\\\/uploads\\\/2026\\\/04\\\/ahmed-akobi.jpeg\",\"width\":225,\"height\":225},{\"@type\":\"BreadcrumbList\",\"@id\":\"https:\\\/\\\/lepatriotebenin.com\\\/index.php\\\/2026\\\/04\\\/29\\\/20-ans-de-deces-de-ahmed-akobi-une-etoile-filante-de-la-politique-beninoise\\\/#breadcrumb\",\"itemListElement\":[{\"@type\":\"ListItem\",\"position\":1,\"name\":\"Accueil\",\"item\":\"https:\\\/\\\/lepatriotebenin.com\\\/\"},{\"@type\":\"ListItem\",\"position\":2,\"name\":\"20 ans de d\u00e9c\u00e8s de Ahmed Akobi : Une \u00e9toile filante de la politique b\u00e9ninoise\"}]},{\"@type\":\"WebSite\",\"@id\":\"https:\\\/\\\/lepatriotebenin.com\\\/#website\",\"url\":\"https:\\\/\\\/lepatriotebenin.com\\\/\",\"name\":\"Le Patriote\",\"description\":\"Le Patriote B\u00e9nin\",\"potentialAction\":[{\"@type\":\"SearchAction\",\"target\":{\"@type\":\"EntryPoint\",\"urlTemplate\":\"https:\\\/\\\/lepatriotebenin.com\\\/?s={search_term_string}\"},\"query-input\":{\"@type\":\"PropertyValueSpecification\",\"valueRequired\":true,\"valueName\":\"search_term_string\"}}],\"inLanguage\":\"fr-FR\"},{\"@type\":\"Person\",\"@id\":\"https:\\\/\\\/lepatriotebenin.com\\\/#\\\/schema\\\/person\\\/2e7709b9c9cc313e452d1136af61690f\",\"name\":\"Redaction\",\"image\":{\"@type\":\"ImageObject\",\"inLanguage\":\"fr-FR\",\"@id\":\"https:\\\/\\\/secure.gravatar.com\\\/avatar\\\/c4c509357859ea2ca2cbb6d8812898a73e4ef1ef9934c2e591d7e32face734d1?s=96&d=mm&r=g\",\"url\":\"https:\\\/\\\/secure.gravatar.com\\\/avatar\\\/c4c509357859ea2ca2cbb6d8812898a73e4ef1ef9934c2e591d7e32face734d1?s=96&d=mm&r=g\",\"contentUrl\":\"https:\\\/\\\/secure.gravatar.com\\\/avatar\\\/c4c509357859ea2ca2cbb6d8812898a73e4ef1ef9934c2e591d7e32face734d1?s=96&d=mm&r=g\",\"caption\":\"Redaction\"},\"url\":\"https:\\\/\\\/lepatriotebenin.com\"}]}<\/script>\n<!-- \/ Yoast SEO plugin. -->","yoast_head_json":{"title":"20 ans de d\u00e9c\u00e8s de Ahmed Akobi : Une \u00e9toile filante de la politique b\u00e9ninoise - Le Patriote","robots":{"index":"index","follow":"follow","max-snippet":"max-snippet:-1","max-image-preview":"max-image-preview:large","max-video-preview":"max-video-preview:-1"},"canonical":"https:\/\/lepatriotebenin.com\/index.php\/2026\/04\/29\/20-ans-de-deces-de-ahmed-akobi-une-etoile-filante-de-la-politique-beninoise\/","og_locale":"fr_FR","og_type":"article","og_title":"20 ans de d\u00e9c\u00e8s de Ahmed Akobi : Une \u00e9toile filante de la politique b\u00e9ninoise - Le Patriote","og_description":"Vingt ans apr\u00e8s sa disparition, Ahmed Akobi demeure une figure marquante de la sc\u00e8ne politique b\u00e9ninoise, dont le parcours aussi brillant que bref continue de susciter admiration et nostalgie. N\u00e9&hellip;","og_url":"https:\/\/lepatriotebenin.com\/index.php\/2026\/04\/29\/20-ans-de-deces-de-ahmed-akobi-une-etoile-filante-de-la-politique-beninoise\/","og_site_name":"Le Patriote","article_published_time":"2026-04-29T02:57:51+00:00","og_image":[{"width":225,"height":225,"url":"https:\/\/lepatriotebenin.com\/wp-content\/uploads\/2026\/04\/ahmed-akobi.jpeg","type":"image\/jpeg"}],"author":"Redaction","twitter_card":"summary_large_image","twitter_misc":{"\u00c9crit par":"Redaction","Dur\u00e9e de lecture estim\u00e9e":"2 minutes"},"schema":{"@context":"https:\/\/schema.org","@graph":[{"@type":"Article","@id":"https:\/\/lepatriotebenin.com\/index.php\/2026\/04\/29\/20-ans-de-deces-de-ahmed-akobi-une-etoile-filante-de-la-politique-beninoise\/#article","isPartOf":{"@id":"https:\/\/lepatriotebenin.com\/index.php\/2026\/04\/29\/20-ans-de-deces-de-ahmed-akobi-une-etoile-filante-de-la-politique-beninoise\/"},"author":{"name":"Redaction","@id":"https:\/\/lepatriotebenin.com\/#\/schema\/person\/2e7709b9c9cc313e452d1136af61690f"},"headline":"20 ans de d\u00e9c\u00e8s de Ahmed Akobi : Une \u00e9toile filante de la politique b\u00e9ninoise","datePublished":"2026-04-29T02:57:51+00:00","mainEntityOfPage":{"@id":"https:\/\/lepatriotebenin.com\/index.php\/2026\/04\/29\/20-ans-de-deces-de-ahmed-akobi-une-etoile-filante-de-la-politique-beninoise\/"},"wordCount":305,"commentCount":0,"image":{"@id":"https:\/\/lepatriotebenin.com\/index.php\/2026\/04\/29\/20-ans-de-deces-de-ahmed-akobi-une-etoile-filante-de-la-politique-beninoise\/#primaryimage"},"thumbnailUrl":"https:\/\/lepatriotebenin.com\/wp-content\/uploads\/2026\/04\/ahmed-akobi.jpeg","articleSection":["Politique"],"inLanguage":"fr-FR","potentialAction":[{"@type":"CommentAction","name":"Comment","target":["https:\/\/lepatriotebenin.com\/index.php\/2026\/04\/29\/20-ans-de-deces-de-ahmed-akobi-une-etoile-filante-de-la-politique-beninoise\/#respond"]}]},{"@type":"WebPage","@id":"https:\/\/lepatriotebenin.com\/index.php\/2026\/04\/29\/20-ans-de-deces-de-ahmed-akobi-une-etoile-filante-de-la-politique-beninoise\/","url":"https:\/\/lepatriotebenin.com\/index.php\/2026\/04\/29\/20-ans-de-deces-de-ahmed-akobi-une-etoile-filante-de-la-politique-beninoise\/","name":"20 ans de d\u00e9c\u00e8s de Ahmed Akobi : Une \u00e9toile filante de la politique b\u00e9ninoise - Le Patriote","isPartOf":{"@id":"https:\/\/lepatriotebenin.com\/#website"},"primaryImageOfPage":{"@id":"https:\/\/lepatriotebenin.com\/index.php\/2026\/04\/29\/20-ans-de-deces-de-ahmed-akobi-une-etoile-filante-de-la-politique-beninoise\/#primaryimage"},"image":{"@id":"https:\/\/lepatriotebenin.com\/index.php\/2026\/04\/29\/20-ans-de-deces-de-ahmed-akobi-une-etoile-filante-de-la-politique-beninoise\/#primaryimage"},"thumbnailUrl":"https:\/\/lepatriotebenin.com\/wp-content\/uploads\/2026\/04\/ahmed-akobi.jpeg","datePublished":"2026-04-29T02:57:51+00:00","author":{"@id":"https:\/\/lepatriotebenin.com\/#\/schema\/person\/2e7709b9c9cc313e452d1136af61690f"},"breadcrumb":{"@id":"https:\/\/lepatriotebenin.com\/index.php\/2026\/04\/29\/20-ans-de-deces-de-ahmed-akobi-une-etoile-filante-de-la-politique-beninoise\/#breadcrumb"},"inLanguage":"fr-FR","potentialAction":[{"@type":"ReadAction","target":["https:\/\/lepatriotebenin.com\/index.php\/2026\/04\/29\/20-ans-de-deces-de-ahmed-akobi-une-etoile-filante-de-la-politique-beninoise\/"]}]},{"@type":"ImageObject","inLanguage":"fr-FR","@id":"https:\/\/lepatriotebenin.com\/index.php\/2026\/04\/29\/20-ans-de-deces-de-ahmed-akobi-une-etoile-filante-de-la-politique-beninoise\/#primaryimage","url":"https:\/\/lepatriotebenin.com\/wp-content\/uploads\/2026\/04\/ahmed-akobi.jpeg","contentUrl":"https:\/\/lepatriotebenin.com\/wp-content\/uploads\/2026\/04\/ahmed-akobi.jpeg","width":225,"height":225},{"@type":"BreadcrumbList","@id":"https:\/\/lepatriotebenin.com\/index.php\/2026\/04\/29\/20-ans-de-deces-de-ahmed-akobi-une-etoile-filante-de-la-politique-beninoise\/#breadcrumb","itemListElement":[{"@type":"ListItem","position":1,"name":"Accueil","item":"https:\/\/lepatriotebenin.com\/"},{"@type":"ListItem","position":2,"name":"20 ans de d\u00e9c\u00e8s de Ahmed Akobi : Une \u00e9toile filante de la politique b\u00e9ninoise"}]},{"@type":"WebSite","@id":"https:\/\/lepatriotebenin.com\/#website","url":"https:\/\/lepatriotebenin.com\/","name":"Le Patriote","description":"Le Patriote B\u00e9nin","potentialAction":[{"@type":"SearchAction","target":{"@type":"EntryPoint","urlTemplate":"https:\/\/lepatriotebenin.com\/?s={search_term_string}"},"query-input":{"@type":"PropertyValueSpecification","valueRequired":true,"valueName":"search_term_string"}}],"inLanguage":"fr-FR"},{"@type":"Person","@id":"https:\/\/lepatriotebenin.com\/#\/schema\/person\/2e7709b9c9cc313e452d1136af61690f","name":"Redaction","image":{"@type":"ImageObject","inLanguage":"fr-FR","@id":"https:\/\/secure.gravatar.com\/avatar\/c4c509357859ea2ca2cbb6d8812898a73e4ef1ef9934c2e591d7e32face734d1?s=96&d=mm&r=g","url":"https:\/\/secure.gravatar.com\/avatar\/c4c509357859ea2ca2cbb6d8812898a73e4ef1ef9934c2e591d7e32face734d1?s=96&d=mm&r=g","contentUrl":"https:\/\/secure.gravatar.com\/avatar\/c4c509357859ea2ca2cbb6d8812898a73e4ef1ef9934c2e591d7e32face734d1?s=96&d=mm&r=g","caption":"Redaction"},"url":"https:\/\/lepatriotebenin.com"}]}},"_links":{"self":[{"href":"https:\/\/lepatriotebenin.com\/index.php\/wp-json\/wp\/v2\/posts\/18914","targetHints":{"allow":["GET"]}}],"collection":[{"href":"https:\/\/lepatriotebenin.com\/index.php\/wp-json\/wp\/v2\/posts"}],"about":[{"href":"https:\/\/lepatriotebenin.com\/index.php\/wp-json\/wp\/v2\/types\/post"}],"author":[{"embeddable":true,"href":"https:\/\/lepatriotebenin.com\/index.php\/wp-json\/wp\/v2\/users\/5"}],"replies":[{"embeddable":true,"href":"https:\/\/lepatriotebenin.com\/index.php\/wp-json\/wp\/v2\/comments?post=18914"}],"version-history":[{"count":1,"href":"https:\/\/lepatriotebenin.com\/index.php\/wp-json\/wp\/v2\/posts\/18914\/revisions"}],"predecessor-version":[{"id":18916,"href":"https:\/\/lepatriotebenin.com\/index.php\/wp-json\/wp\/v2\/posts\/18914\/revisions\/18916"}],"wp:featuredmedia":[{"embeddable":true,"href":"https:\/\/lepatriotebenin.com\/index.php\/wp-json\/wp\/v2\/media\/18915"}],"wp:attachment":[{"href":"https:\/\/lepatriotebenin.com\/index.php\/wp-json\/wp\/v2\/media?parent=18914"}],"wp:term":[{"taxonomy":"category","embeddable":true,"href":"https:\/\/lepatriotebenin.com\/index.php\/wp-json\/wp\/v2\/categories?post=18914"},{"taxonomy":"post_tag","embeddable":true,"href":"https:\/\/lepatriotebenin.com\/index.php\/wp-json\/wp\/v2\/tags?post=18914"}],"curies":[{"name":"wp","href":"https:\/\/api.w.org\/{rel}","templated":true}]}}