{"id":18912,"date":"2026-04-29T04:54:27","date_gmt":"2026-04-29T02:54:27","guid":{"rendered":"https:\/\/lepatriotebenin.com\/?p=18912"},"modified":"2026-04-29T22:01:00","modified_gmt":"2026-04-29T20:01:00","slug":"libertes-de-presse-au-briny-presse-et-parole-sous-pression","status":"publish","type":"post","link":"https:\/\/lepatriotebenin.com\/index.php\/2026\/04\/29\/libertes-de-presse-au-briny-presse-et-parole-sous-pression\/","title":{"rendered":"Libert\u00e9s de presse au B\u00e9nin  : Presse et parole sous pression"},"content":{"rendered":"<p><strong>La libert\u00e9 d\u2019expression au B\u00e9nin est au c\u0153ur des inqui\u00e9tudes au regard des fermetures de m\u00e9dias, des arrestations et des lois controvers\u00e9es. Lors d\u2019une conf\u00e9rence-d\u00e9bat du BCC, des voix se sont \u00e9lev\u00e9es pour d\u00e9noncer un recul des libert\u00e9s publiques et une pression croissante sur les acteurs.<\/strong><\/p>\n<p>La libert\u00e9 d\u2019expression et de la presse au B\u00e9nin fait l\u2019objet de vives critiques. R\u00e9unis en conf\u00e9rence, des acteurs engag\u00e9s, s\u2019appuyant notamment sur les analyses de Ma\u00eetre Baparap\u00e9, ont d\u00e9nonc\u00e9 un climat de plus en plus contraignant pour les m\u00e9dias et les voix dissidentes.<\/p>\n<p>En effet, depuis 2016, plusieurs organes de presse auraient cess\u00e9 leurs activit\u00e9s, notamment des radios et t\u00e9l\u00e9visions priv\u00e9es comme Soleil FM, Golfe TV ou SIKA TV. Pour les intervenants, ces disparitions traduisent un environnement devenu hostile \u00e0 la presse ind\u00e9pendante. La presse \u00e9crite, quant \u00e0 elle, \u00e9voluerait dans un climat de vigilance permanente, marqu\u00e9 par l\u2019autocensure. En cause notamment ; la loi sur le num\u00e9rique (loi n\u00b02017-20 du 20 avril 2018), jug\u00e9e liberticide par les participants. Ce texte est per\u00e7u comme un outil de contr\u00f4le des r\u00e9seaux sociaux, faisant planer une menace constante sur les citoyens. Dans ce contexte, la Haute Autorit\u00e9 de l\u2019Audiovisuel et de la Communication (HAAC) est accus\u00e9e d\u2019agir comme un instrument de r\u00e9gulation au service du pouvoir.<\/p>\n<p>Les atteintes ne se limiteraient pas aux m\u00e9dias. Les libert\u00e9s d\u2019association et de r\u00e9union sont \u00e9galement point\u00e9es du doigt. Des rassemblements, m\u00eame priv\u00e9s, seraient soumis \u00e0 autorisation, et toute r\u00e9union de plus de deux personnes pourrait \u00eatre assimil\u00e9e \u00e0 un attroupement ill\u00e9gal, selon les critiques formul\u00e9es. La cr\u00e9ation de la Cour de r\u00e9pression des infractions \u00e9conomiques et du terrorisme (CRIET) en 2018 est \u00e9galement au c\u0153ur des d\u00e9bats. Pr\u00e9sent\u00e9e comme une juridiction d\u2019exception, elle est accus\u00e9e d\u2019avoir contribu\u00e9 \u00e0 l\u2019emprisonnement ou \u00e0 l\u2019exil de nombreuses figures politiques et sociales pour leurs opinions.<\/p>\n<p>Plusieurs cas embl\u00e9matiques ont \u00e9t\u00e9 \u00e9voqu\u00e9s, dont ceux de personnalit\u00e9s condamn\u00e9es ou poursuivies, ainsi que des militants arr\u00eat\u00e9s lors de manifestations. Des situations r\u00e9centes, comme des arrestations li\u00e9es \u00e0 des rassemblements ou des accusations d\u2019atteinte \u00e0 la s\u00fbret\u00e9 de l\u2019\u00c9tat, alimentent les inqui\u00e9tudes.<\/p>\n<p>Par ailleurs, des cas de kidnappings pr\u00e9sum\u00e9s \u00e0 l\u2019\u00e9tranger, notamment ceux de Steeve Amoussou et Hugues Sossoukpe, ont \u00e9t\u00e9 cit\u00e9s comme des exemples de d\u00e9rives inqui\u00e9tantes d\u00e9passant les fronti\u00e8res nationales. Dans ce contexte, les participants d\u00e9noncent un recul significatif des libert\u00e9s publiques, notamment depuis 2016. Ils appellent \u00e0 une mobilisation accrue, en particulier de la diaspora, pour d\u00e9fendre les droits fondamentaux.<\/p>\n<p>Parmi les revendications figurent la lib\u00e9ration des d\u00e9tenus consid\u00e9r\u00e9s comme politiques, le retour des exil\u00e9s, la r\u00e9forme ou la suppression de certaines lois controvers\u00e9es, ainsi que le r\u00e9tablissement d\u2019un environnement favorable \u00e0 la libert\u00e9 de la presse.<\/p>\n<p>Pour les intervenants, la pr\u00e9servation des libert\u00e9s d\u2019expression et de presse constitue un pilier essentiel de toute d\u00e9mocratie. Leur affaiblissement, pr\u00e9viennent-ils, pourrait avoir des cons\u00e9quences durables sur la gouvernance et la coh\u00e9sion sociale du pays.<\/p>\n<p>&nbsp;<\/p>\n<p><strong>Gildas AHOGNI<\/strong><\/p>\n","protected":false},"excerpt":{"rendered":"<p>La libert\u00e9 d\u2019expression au B\u00e9nin est au c\u0153ur des inqui\u00e9tudes au regard des fermetures de m\u00e9dias, des arrestations et des lois controvers\u00e9es. Lors d\u2019une conf\u00e9rence-d\u00e9bat du BCC, des voix se&hellip;<\/p>\n","protected":false},"author":5,"featured_media":18910,"comment_status":"open","ping_status":"open","sticky":false,"template":"","format":"standard","meta":{"content-type":"","om_disable_all_campaigns":false,"_monsterinsights_skip_tracking":false,"_monsterinsights_sitenote_active":false,"_monsterinsights_sitenote_note":"","_monsterinsights_sitenote_category":0,"_uf_show_specific_survey":0,"_uf_disable_surveys":false,"footnotes":""},"categories":[20],"tags":[],"class_list":["post-18912","post","type-post","status-publish","format-standard","has-post-thumbnail","hentry","category-societe"],"aioseo_notices":[],"yoast_head":"<!-- This site is optimized with the Yoast SEO plugin v27.5 - https:\/\/yoast.com\/product\/yoast-seo-wordpress\/ -->\n<title>Libert\u00e9s de presse au B\u00e9nin : Presse et parole sous pression - Le Patriote<\/title>\n<meta name=\"robots\" content=\"index, follow, max-snippet:-1, max-image-preview:large, max-video-preview:-1\" \/>\n<link rel=\"canonical\" href=\"https:\/\/lepatriotebenin.com\/index.php\/2026\/04\/29\/libertes-de-presse-au-briny-presse-et-parole-sous-pression\/\" \/>\n<meta property=\"og:locale\" content=\"fr_FR\" \/>\n<meta property=\"og:type\" content=\"article\" \/>\n<meta property=\"og:title\" content=\"Libert\u00e9s de presse au B\u00e9nin : Presse et parole sous pression - Le Patriote\" \/>\n<meta property=\"og:description\" content=\"La libert\u00e9 d\u2019expression au B\u00e9nin est au c\u0153ur des inqui\u00e9tudes au regard des fermetures de m\u00e9dias, des arrestations et des lois controvers\u00e9es. Lors d\u2019une conf\u00e9rence-d\u00e9bat du BCC, des voix se&hellip;\" \/>\n<meta property=\"og:url\" content=\"https:\/\/lepatriotebenin.com\/index.php\/2026\/04\/29\/libertes-de-presse-au-briny-presse-et-parole-sous-pression\/\" \/>\n<meta property=\"og:site_name\" content=\"Le Patriote\" \/>\n<meta property=\"article:published_time\" content=\"2026-04-29T02:54:27+00:00\" \/>\n<meta property=\"article:modified_time\" content=\"2026-04-29T20:01:00+00:00\" \/>\n<meta property=\"og:image\" content=\"https:\/\/lepatriotebenin.com\/wp-content\/uploads\/2026\/04\/ohdpa-1.jpeg\" \/>\n\t<meta property=\"og:image:width\" content=\"1280\" \/>\n\t<meta property=\"og:image:height\" content=\"1095\" \/>\n\t<meta property=\"og:image:type\" content=\"image\/jpeg\" \/>\n<meta name=\"author\" content=\"Redaction\" \/>\n<meta name=\"twitter:card\" content=\"summary_large_image\" \/>\n<meta name=\"twitter:label1\" content=\"\u00c9crit par\" \/>\n\t<meta name=\"twitter:data1\" content=\"Redaction\" \/>\n\t<meta name=\"twitter:label2\" content=\"Dur\u00e9e de lecture estim\u00e9e\" \/>\n\t<meta name=\"twitter:data2\" content=\"3 minutes\" \/>\n<script type=\"application\/ld+json\" class=\"yoast-schema-graph\">{\"@context\":\"https:\\\/\\\/schema.org\",\"@graph\":[{\"@type\":\"Article\",\"@id\":\"https:\\\/\\\/lepatriotebenin.com\\\/index.php\\\/2026\\\/04\\\/29\\\/libertes-de-presse-au-briny-presse-et-parole-sous-pression\\\/#article\",\"isPartOf\":{\"@id\":\"https:\\\/\\\/lepatriotebenin.com\\\/index.php\\\/2026\\\/04\\\/29\\\/libertes-de-presse-au-briny-presse-et-parole-sous-pression\\\/\"},\"author\":{\"name\":\"Redaction\",\"@id\":\"https:\\\/\\\/lepatriotebenin.com\\\/#\\\/schema\\\/person\\\/2e7709b9c9cc313e452d1136af61690f\"},\"headline\":\"Libert\u00e9s de presse au B\u00e9nin : Presse et parole sous pression\",\"datePublished\":\"2026-04-29T02:54:27+00:00\",\"dateModified\":\"2026-04-29T20:01:00+00:00\",\"mainEntityOfPage\":{\"@id\":\"https:\\\/\\\/lepatriotebenin.com\\\/index.php\\\/2026\\\/04\\\/29\\\/libertes-de-presse-au-briny-presse-et-parole-sous-pression\\\/\"},\"wordCount\":576,\"commentCount\":0,\"image\":{\"@id\":\"https:\\\/\\\/lepatriotebenin.com\\\/index.php\\\/2026\\\/04\\\/29\\\/libertes-de-presse-au-briny-presse-et-parole-sous-pression\\\/#primaryimage\"},\"thumbnailUrl\":\"https:\\\/\\\/lepatriotebenin.com\\\/wp-content\\\/uploads\\\/2026\\\/04\\\/ohdpa-1.jpeg\",\"articleSection\":[\"Soci\u00e9t\u00e9\"],\"inLanguage\":\"fr-FR\",\"potentialAction\":[{\"@type\":\"CommentAction\",\"name\":\"Comment\",\"target\":[\"https:\\\/\\\/lepatriotebenin.com\\\/index.php\\\/2026\\\/04\\\/29\\\/libertes-de-presse-au-briny-presse-et-parole-sous-pression\\\/#respond\"]}]},{\"@type\":\"WebPage\",\"@id\":\"https:\\\/\\\/lepatriotebenin.com\\\/index.php\\\/2026\\\/04\\\/29\\\/libertes-de-presse-au-briny-presse-et-parole-sous-pression\\\/\",\"url\":\"https:\\\/\\\/lepatriotebenin.com\\\/index.php\\\/2026\\\/04\\\/29\\\/libertes-de-presse-au-briny-presse-et-parole-sous-pression\\\/\",\"name\":\"Libert\u00e9s de presse au B\u00e9nin : Presse et parole sous pression - Le Patriote\",\"isPartOf\":{\"@id\":\"https:\\\/\\\/lepatriotebenin.com\\\/#website\"},\"primaryImageOfPage\":{\"@id\":\"https:\\\/\\\/lepatriotebenin.com\\\/index.php\\\/2026\\\/04\\\/29\\\/libertes-de-presse-au-briny-presse-et-parole-sous-pression\\\/#primaryimage\"},\"image\":{\"@id\":\"https:\\\/\\\/lepatriotebenin.com\\\/index.php\\\/2026\\\/04\\\/29\\\/libertes-de-presse-au-briny-presse-et-parole-sous-pression\\\/#primaryimage\"},\"thumbnailUrl\":\"https:\\\/\\\/lepatriotebenin.com\\\/wp-content\\\/uploads\\\/2026\\\/04\\\/ohdpa-1.jpeg\",\"datePublished\":\"2026-04-29T02:54:27+00:00\",\"dateModified\":\"2026-04-29T20:01:00+00:00\",\"author\":{\"@id\":\"https:\\\/\\\/lepatriotebenin.com\\\/#\\\/schema\\\/person\\\/2e7709b9c9cc313e452d1136af61690f\"},\"breadcrumb\":{\"@id\":\"https:\\\/\\\/lepatriotebenin.com\\\/index.php\\\/2026\\\/04\\\/29\\\/libertes-de-presse-au-briny-presse-et-parole-sous-pression\\\/#breadcrumb\"},\"inLanguage\":\"fr-FR\",\"potentialAction\":[{\"@type\":\"ReadAction\",\"target\":[\"https:\\\/\\\/lepatriotebenin.com\\\/index.php\\\/2026\\\/04\\\/29\\\/libertes-de-presse-au-briny-presse-et-parole-sous-pression\\\/\"]}]},{\"@type\":\"ImageObject\",\"inLanguage\":\"fr-FR\",\"@id\":\"https:\\\/\\\/lepatriotebenin.com\\\/index.php\\\/2026\\\/04\\\/29\\\/libertes-de-presse-au-briny-presse-et-parole-sous-pression\\\/#primaryimage\",\"url\":\"https:\\\/\\\/lepatriotebenin.com\\\/wp-content\\\/uploads\\\/2026\\\/04\\\/ohdpa-1.jpeg\",\"contentUrl\":\"https:\\\/\\\/lepatriotebenin.com\\\/wp-content\\\/uploads\\\/2026\\\/04\\\/ohdpa-1.jpeg\",\"width\":1280,\"height\":1095},{\"@type\":\"BreadcrumbList\",\"@id\":\"https:\\\/\\\/lepatriotebenin.com\\\/index.php\\\/2026\\\/04\\\/29\\\/libertes-de-presse-au-briny-presse-et-parole-sous-pression\\\/#breadcrumb\",\"itemListElement\":[{\"@type\":\"ListItem\",\"position\":1,\"name\":\"Accueil\",\"item\":\"https:\\\/\\\/lepatriotebenin.com\\\/\"},{\"@type\":\"ListItem\",\"position\":2,\"name\":\"Libert\u00e9s de presse au B\u00e9nin : Presse et parole sous pression\"}]},{\"@type\":\"WebSite\",\"@id\":\"https:\\\/\\\/lepatriotebenin.com\\\/#website\",\"url\":\"https:\\\/\\\/lepatriotebenin.com\\\/\",\"name\":\"Le Patriote\",\"description\":\"Le Patriote B\u00e9nin\",\"potentialAction\":[{\"@type\":\"SearchAction\",\"target\":{\"@type\":\"EntryPoint\",\"urlTemplate\":\"https:\\\/\\\/lepatriotebenin.com\\\/?s={search_term_string}\"},\"query-input\":{\"@type\":\"PropertyValueSpecification\",\"valueRequired\":true,\"valueName\":\"search_term_string\"}}],\"inLanguage\":\"fr-FR\"},{\"@type\":\"Person\",\"@id\":\"https:\\\/\\\/lepatriotebenin.com\\\/#\\\/schema\\\/person\\\/2e7709b9c9cc313e452d1136af61690f\",\"name\":\"Redaction\",\"image\":{\"@type\":\"ImageObject\",\"inLanguage\":\"fr-FR\",\"@id\":\"https:\\\/\\\/secure.gravatar.com\\\/avatar\\\/c4c509357859ea2ca2cbb6d8812898a73e4ef1ef9934c2e591d7e32face734d1?s=96&d=mm&r=g\",\"url\":\"https:\\\/\\\/secure.gravatar.com\\\/avatar\\\/c4c509357859ea2ca2cbb6d8812898a73e4ef1ef9934c2e591d7e32face734d1?s=96&d=mm&r=g\",\"contentUrl\":\"https:\\\/\\\/secure.gravatar.com\\\/avatar\\\/c4c509357859ea2ca2cbb6d8812898a73e4ef1ef9934c2e591d7e32face734d1?s=96&d=mm&r=g\",\"caption\":\"Redaction\"},\"url\":\"https:\\\/\\\/lepatriotebenin.com\"}]}<\/script>\n<!-- \/ Yoast SEO plugin. -->","yoast_head_json":{"title":"Libert\u00e9s de presse au B\u00e9nin : Presse et parole sous pression - Le Patriote","robots":{"index":"index","follow":"follow","max-snippet":"max-snippet:-1","max-image-preview":"max-image-preview:large","max-video-preview":"max-video-preview:-1"},"canonical":"https:\/\/lepatriotebenin.com\/index.php\/2026\/04\/29\/libertes-de-presse-au-briny-presse-et-parole-sous-pression\/","og_locale":"fr_FR","og_type":"article","og_title":"Libert\u00e9s de presse au B\u00e9nin : Presse et parole sous pression - Le Patriote","og_description":"La libert\u00e9 d\u2019expression au B\u00e9nin est au c\u0153ur des inqui\u00e9tudes au regard des fermetures de m\u00e9dias, des arrestations et des lois controvers\u00e9es. Lors d\u2019une conf\u00e9rence-d\u00e9bat du BCC, des voix se&hellip;","og_url":"https:\/\/lepatriotebenin.com\/index.php\/2026\/04\/29\/libertes-de-presse-au-briny-presse-et-parole-sous-pression\/","og_site_name":"Le Patriote","article_published_time":"2026-04-29T02:54:27+00:00","article_modified_time":"2026-04-29T20:01:00+00:00","og_image":[{"width":1280,"height":1095,"url":"https:\/\/lepatriotebenin.com\/wp-content\/uploads\/2026\/04\/ohdpa-1.jpeg","type":"image\/jpeg"}],"author":"Redaction","twitter_card":"summary_large_image","twitter_misc":{"\u00c9crit par":"Redaction","Dur\u00e9e de lecture estim\u00e9e":"3 minutes"},"schema":{"@context":"https:\/\/schema.org","@graph":[{"@type":"Article","@id":"https:\/\/lepatriotebenin.com\/index.php\/2026\/04\/29\/libertes-de-presse-au-briny-presse-et-parole-sous-pression\/#article","isPartOf":{"@id":"https:\/\/lepatriotebenin.com\/index.php\/2026\/04\/29\/libertes-de-presse-au-briny-presse-et-parole-sous-pression\/"},"author":{"name":"Redaction","@id":"https:\/\/lepatriotebenin.com\/#\/schema\/person\/2e7709b9c9cc313e452d1136af61690f"},"headline":"Libert\u00e9s de presse au B\u00e9nin : Presse et parole sous pression","datePublished":"2026-04-29T02:54:27+00:00","dateModified":"2026-04-29T20:01:00+00:00","mainEntityOfPage":{"@id":"https:\/\/lepatriotebenin.com\/index.php\/2026\/04\/29\/libertes-de-presse-au-briny-presse-et-parole-sous-pression\/"},"wordCount":576,"commentCount":0,"image":{"@id":"https:\/\/lepatriotebenin.com\/index.php\/2026\/04\/29\/libertes-de-presse-au-briny-presse-et-parole-sous-pression\/#primaryimage"},"thumbnailUrl":"https:\/\/lepatriotebenin.com\/wp-content\/uploads\/2026\/04\/ohdpa-1.jpeg","articleSection":["Soci\u00e9t\u00e9"],"inLanguage":"fr-FR","potentialAction":[{"@type":"CommentAction","name":"Comment","target":["https:\/\/lepatriotebenin.com\/index.php\/2026\/04\/29\/libertes-de-presse-au-briny-presse-et-parole-sous-pression\/#respond"]}]},{"@type":"WebPage","@id":"https:\/\/lepatriotebenin.com\/index.php\/2026\/04\/29\/libertes-de-presse-au-briny-presse-et-parole-sous-pression\/","url":"https:\/\/lepatriotebenin.com\/index.php\/2026\/04\/29\/libertes-de-presse-au-briny-presse-et-parole-sous-pression\/","name":"Libert\u00e9s de presse au B\u00e9nin : Presse et parole sous pression - Le Patriote","isPartOf":{"@id":"https:\/\/lepatriotebenin.com\/#website"},"primaryImageOfPage":{"@id":"https:\/\/lepatriotebenin.com\/index.php\/2026\/04\/29\/libertes-de-presse-au-briny-presse-et-parole-sous-pression\/#primaryimage"},"image":{"@id":"https:\/\/lepatriotebenin.com\/index.php\/2026\/04\/29\/libertes-de-presse-au-briny-presse-et-parole-sous-pression\/#primaryimage"},"thumbnailUrl":"https:\/\/lepatriotebenin.com\/wp-content\/uploads\/2026\/04\/ohdpa-1.jpeg","datePublished":"2026-04-29T02:54:27+00:00","dateModified":"2026-04-29T20:01:00+00:00","author":{"@id":"https:\/\/lepatriotebenin.com\/#\/schema\/person\/2e7709b9c9cc313e452d1136af61690f"},"breadcrumb":{"@id":"https:\/\/lepatriotebenin.com\/index.php\/2026\/04\/29\/libertes-de-presse-au-briny-presse-et-parole-sous-pression\/#breadcrumb"},"inLanguage":"fr-FR","potentialAction":[{"@type":"ReadAction","target":["https:\/\/lepatriotebenin.com\/index.php\/2026\/04\/29\/libertes-de-presse-au-briny-presse-et-parole-sous-pression\/"]}]},{"@type":"ImageObject","inLanguage":"fr-FR","@id":"https:\/\/lepatriotebenin.com\/index.php\/2026\/04\/29\/libertes-de-presse-au-briny-presse-et-parole-sous-pression\/#primaryimage","url":"https:\/\/lepatriotebenin.com\/wp-content\/uploads\/2026\/04\/ohdpa-1.jpeg","contentUrl":"https:\/\/lepatriotebenin.com\/wp-content\/uploads\/2026\/04\/ohdpa-1.jpeg","width":1280,"height":1095},{"@type":"BreadcrumbList","@id":"https:\/\/lepatriotebenin.com\/index.php\/2026\/04\/29\/libertes-de-presse-au-briny-presse-et-parole-sous-pression\/#breadcrumb","itemListElement":[{"@type":"ListItem","position":1,"name":"Accueil","item":"https:\/\/lepatriotebenin.com\/"},{"@type":"ListItem","position":2,"name":"Libert\u00e9s de presse au B\u00e9nin : Presse et parole sous pression"}]},{"@type":"WebSite","@id":"https:\/\/lepatriotebenin.com\/#website","url":"https:\/\/lepatriotebenin.com\/","name":"Le Patriote","description":"Le Patriote B\u00e9nin","potentialAction":[{"@type":"SearchAction","target":{"@type":"EntryPoint","urlTemplate":"https:\/\/lepatriotebenin.com\/?s={search_term_string}"},"query-input":{"@type":"PropertyValueSpecification","valueRequired":true,"valueName":"search_term_string"}}],"inLanguage":"fr-FR"},{"@type":"Person","@id":"https:\/\/lepatriotebenin.com\/#\/schema\/person\/2e7709b9c9cc313e452d1136af61690f","name":"Redaction","image":{"@type":"ImageObject","inLanguage":"fr-FR","@id":"https:\/\/secure.gravatar.com\/avatar\/c4c509357859ea2ca2cbb6d8812898a73e4ef1ef9934c2e591d7e32face734d1?s=96&d=mm&r=g","url":"https:\/\/secure.gravatar.com\/avatar\/c4c509357859ea2ca2cbb6d8812898a73e4ef1ef9934c2e591d7e32face734d1?s=96&d=mm&r=g","contentUrl":"https:\/\/secure.gravatar.com\/avatar\/c4c509357859ea2ca2cbb6d8812898a73e4ef1ef9934c2e591d7e32face734d1?s=96&d=mm&r=g","caption":"Redaction"},"url":"https:\/\/lepatriotebenin.com"}]}},"_links":{"self":[{"href":"https:\/\/lepatriotebenin.com\/index.php\/wp-json\/wp\/v2\/posts\/18912","targetHints":{"allow":["GET"]}}],"collection":[{"href":"https:\/\/lepatriotebenin.com\/index.php\/wp-json\/wp\/v2\/posts"}],"about":[{"href":"https:\/\/lepatriotebenin.com\/index.php\/wp-json\/wp\/v2\/types\/post"}],"author":[{"embeddable":true,"href":"https:\/\/lepatriotebenin.com\/index.php\/wp-json\/wp\/v2\/users\/5"}],"replies":[{"embeddable":true,"href":"https:\/\/lepatriotebenin.com\/index.php\/wp-json\/wp\/v2\/comments?post=18912"}],"version-history":[{"count":2,"href":"https:\/\/lepatriotebenin.com\/index.php\/wp-json\/wp\/v2\/posts\/18912\/revisions"}],"predecessor-version":[{"id":18937,"href":"https:\/\/lepatriotebenin.com\/index.php\/wp-json\/wp\/v2\/posts\/18912\/revisions\/18937"}],"wp:featuredmedia":[{"embeddable":true,"href":"https:\/\/lepatriotebenin.com\/index.php\/wp-json\/wp\/v2\/media\/18910"}],"wp:attachment":[{"href":"https:\/\/lepatriotebenin.com\/index.php\/wp-json\/wp\/v2\/media?parent=18912"}],"wp:term":[{"taxonomy":"category","embeddable":true,"href":"https:\/\/lepatriotebenin.com\/index.php\/wp-json\/wp\/v2\/categories?post=18912"},{"taxonomy":"post_tag","embeddable":true,"href":"https:\/\/lepatriotebenin.com\/index.php\/wp-json\/wp\/v2\/tags?post=18912"}],"curies":[{"name":"wp","href":"https:\/\/api.w.org\/{rel}","templated":true}]}}