{"id":18909,"date":"2026-04-29T04:51:42","date_gmt":"2026-04-29T02:51:42","guid":{"rendered":"https:\/\/lepatriotebenin.com\/?p=18909"},"modified":"2026-04-29T21:56:19","modified_gmt":"2026-04-29T19:56:19","slug":"libertes-publiques-au-benin-vives-critiques-sur-la-rupture-et-la-democratie","status":"publish","type":"post","link":"https:\/\/lepatriotebenin.com\/index.php\/2026\/04\/29\/libertes-publiques-au-benin-vives-critiques-sur-la-rupture-et-la-democratie\/","title":{"rendered":"Libert\u00e9s publiques au B\u00e9nin: Vives critiques sur la rupture et la d\u00e9mocratie"},"content":{"rendered":"<p><strong>Lors d\u2019une conf\u00e9rence-d\u00e9bat tenue samedi dernier, des intervenants ont dress\u00e9 un r\u00e9quisitoire s\u00e9v\u00e8re contre la gouvernance du pr\u00e9sident Patrice Talon, d\u00e9non\u00e7ant une remise en cause progressive des acquis d\u00e9mocratiques et des droits socio-\u00e9conomiques des travailleurs.<\/strong><\/p>\n<p>R\u00e9unis samedi dernier \u00e0 l\u2019occasion d\u2019une conf\u00e9rence-d\u00e9bat, plusieurs acteurs de la soci\u00e9t\u00e9 civile et de la sc\u00e8ne politique ont vivement critiqu\u00e9 l\u2019\u00e9volution du syst\u00e8me d\u00e9mocratique b\u00e9ninois depuis 2016. Au c\u0153ur des \u00e9changes se retrouve la question du droit des citoyens \u00e0 choisir librement leurs repr\u00e9sentants.<\/p>\n<p>En effet, selon les intervenants, les tentatives de r\u00e9vision constitutionnelle de 2017, finalement avort\u00e9es sous la pression populaire, auraient laiss\u00e9 place \u00e0 une strat\u00e9gie alternative fond\u00e9e sur des r\u00e9formes l\u00e9gislatives. La loi de 2018 sur la charte des partis politiques est point\u00e9e du doigt pour avoir, selon eux, favoris\u00e9 l\u2019exclusion de l\u2019opposition lors des l\u00e9gislatives de 2019, conduisant \u00e0 un Parlement enti\u00e8rement acquis au pouvoir. Les r\u00e9formes intervenues dans la d\u00e9signation des maires apr\u00e8s les communales de 2020, ainsi que celles concernant les chefs de village, ont \u00e9galement \u00e9t\u00e9 d\u00e9nonc\u00e9es comme une confiscation du choix populaire. Les participants \u00e9voquent une centralisation accrue des d\u00e9cisions politiques, \u00e9loignant davantage les citoyens des processus de gouvernance locale.<\/p>\n<p>Sur le plan \u00e9lectoral, les scrutins pr\u00e9sidentiels et l\u00e9gislatifs r\u00e9cents ont \u00e9t\u00e9 jug\u00e9s peu inclusifs. L\u2019emprisonnement de figures politiques et les contraintes administratives impos\u00e9es aux partis d\u2019opposition ont \u00e9t\u00e9 cit\u00e9s comme des facteurs limitant la comp\u00e9tition.<\/p>\n<p>Les critiques se sont aussi \u00e9tendues aux r\u00e9formes socio-\u00e9conomiques. La loi de 2017 sur l\u2019embauche, autorisant le renouvellement ind\u00e9fini des contrats \u00e0 dur\u00e9e d\u00e9termin\u00e9e, est accus\u00e9e de pr\u00e9cariser l\u2019emploi. La restriction du droit de gr\u00e8ve et la situation des enseignants contractuels ont \u00e9galement suscit\u00e9 de vives pr\u00e9occupations.<\/p>\n<p>Au terme des \u00e9changes, les participants ont appel\u00e9 \u00e0 un r\u00e9\u00e9quilibrage des r\u00e9formes afin de pr\u00e9server les acquis d\u00e9mocratiques et am\u00e9liorer les conditions de vie des travailleurs.<\/p>\n<p>&nbsp;<\/p>\n<p><strong>Gildas AHOGNI<\/strong><\/p>\n","protected":false},"excerpt":{"rendered":"<p>Lors d\u2019une conf\u00e9rence-d\u00e9bat tenue samedi dernier, des intervenants ont dress\u00e9 un r\u00e9quisitoire s\u00e9v\u00e8re contre la gouvernance du pr\u00e9sident Patrice Talon, d\u00e9non\u00e7ant une remise en cause progressive des acquis d\u00e9mocratiques et&hellip;<\/p>\n","protected":false},"author":5,"featured_media":18910,"comment_status":"open","ping_status":"open","sticky":false,"template":"","format":"standard","meta":{"content-type":"","om_disable_all_campaigns":false,"_monsterinsights_skip_tracking":false,"_monsterinsights_sitenote_active":false,"_monsterinsights_sitenote_note":"","_monsterinsights_sitenote_category":0,"_uf_show_specific_survey":0,"_uf_disable_surveys":false,"footnotes":""},"categories":[20],"tags":[],"class_list":["post-18909","post","type-post","status-publish","format-standard","has-post-thumbnail","hentry","category-societe"],"aioseo_notices":[],"yoast_head":"<!-- This site is optimized with the Yoast SEO plugin v27.5 - https:\/\/yoast.com\/product\/yoast-seo-wordpress\/ -->\n<title>Libert\u00e9s publiques au B\u00e9nin: Vives critiques sur la rupture et la d\u00e9mocratie - Le Patriote<\/title>\n<meta name=\"robots\" content=\"index, follow, max-snippet:-1, max-image-preview:large, max-video-preview:-1\" \/>\n<link rel=\"canonical\" href=\"https:\/\/lepatriotebenin.com\/index.php\/2026\/04\/29\/libertes-publiques-au-benin-vives-critiques-sur-la-rupture-et-la-democratie\/\" \/>\n<meta property=\"og:locale\" content=\"fr_FR\" \/>\n<meta property=\"og:type\" content=\"article\" \/>\n<meta property=\"og:title\" content=\"Libert\u00e9s publiques au B\u00e9nin: Vives critiques sur la rupture et la d\u00e9mocratie - Le Patriote\" \/>\n<meta property=\"og:description\" content=\"Lors d\u2019une conf\u00e9rence-d\u00e9bat tenue samedi dernier, des intervenants ont dress\u00e9 un r\u00e9quisitoire s\u00e9v\u00e8re contre la gouvernance du pr\u00e9sident Patrice Talon, d\u00e9non\u00e7ant une remise en cause progressive des acquis d\u00e9mocratiques et&hellip;\" \/>\n<meta property=\"og:url\" content=\"https:\/\/lepatriotebenin.com\/index.php\/2026\/04\/29\/libertes-publiques-au-benin-vives-critiques-sur-la-rupture-et-la-democratie\/\" \/>\n<meta property=\"og:site_name\" content=\"Le Patriote\" \/>\n<meta property=\"article:published_time\" content=\"2026-04-29T02:51:42+00:00\" \/>\n<meta property=\"article:modified_time\" content=\"2026-04-29T19:56:19+00:00\" \/>\n<meta property=\"og:image\" content=\"https:\/\/lepatriotebenin.com\/wp-content\/uploads\/2026\/04\/ohdpa-1.jpeg\" \/>\n\t<meta property=\"og:image:width\" content=\"1280\" \/>\n\t<meta property=\"og:image:height\" content=\"1095\" \/>\n\t<meta property=\"og:image:type\" content=\"image\/jpeg\" \/>\n<meta name=\"author\" content=\"Redaction\" \/>\n<meta name=\"twitter:card\" content=\"summary_large_image\" \/>\n<meta name=\"twitter:label1\" content=\"\u00c9crit par\" \/>\n\t<meta name=\"twitter:data1\" content=\"Redaction\" \/>\n\t<meta name=\"twitter:label2\" content=\"Dur\u00e9e de lecture estim\u00e9e\" \/>\n\t<meta name=\"twitter:data2\" content=\"2 minutes\" \/>\n<script type=\"application\/ld+json\" class=\"yoast-schema-graph\">{\"@context\":\"https:\\\/\\\/schema.org\",\"@graph\":[{\"@type\":\"Article\",\"@id\":\"https:\\\/\\\/lepatriotebenin.com\\\/index.php\\\/2026\\\/04\\\/29\\\/libertes-publiques-au-benin-vives-critiques-sur-la-rupture-et-la-democratie\\\/#article\",\"isPartOf\":{\"@id\":\"https:\\\/\\\/lepatriotebenin.com\\\/index.php\\\/2026\\\/04\\\/29\\\/libertes-publiques-au-benin-vives-critiques-sur-la-rupture-et-la-democratie\\\/\"},\"author\":{\"name\":\"Redaction\",\"@id\":\"https:\\\/\\\/lepatriotebenin.com\\\/#\\\/schema\\\/person\\\/2e7709b9c9cc313e452d1136af61690f\"},\"headline\":\"Libert\u00e9s publiques au B\u00e9nin: Vives critiques sur la rupture et la d\u00e9mocratie\",\"datePublished\":\"2026-04-29T02:51:42+00:00\",\"dateModified\":\"2026-04-29T19:56:19+00:00\",\"mainEntityOfPage\":{\"@id\":\"https:\\\/\\\/lepatriotebenin.com\\\/index.php\\\/2026\\\/04\\\/29\\\/libertes-publiques-au-benin-vives-critiques-sur-la-rupture-et-la-democratie\\\/\"},\"wordCount\":377,\"commentCount\":0,\"image\":{\"@id\":\"https:\\\/\\\/lepatriotebenin.com\\\/index.php\\\/2026\\\/04\\\/29\\\/libertes-publiques-au-benin-vives-critiques-sur-la-rupture-et-la-democratie\\\/#primaryimage\"},\"thumbnailUrl\":\"https:\\\/\\\/lepatriotebenin.com\\\/wp-content\\\/uploads\\\/2026\\\/04\\\/ohdpa-1.jpeg\",\"articleSection\":[\"Soci\u00e9t\u00e9\"],\"inLanguage\":\"fr-FR\",\"potentialAction\":[{\"@type\":\"CommentAction\",\"name\":\"Comment\",\"target\":[\"https:\\\/\\\/lepatriotebenin.com\\\/index.php\\\/2026\\\/04\\\/29\\\/libertes-publiques-au-benin-vives-critiques-sur-la-rupture-et-la-democratie\\\/#respond\"]}]},{\"@type\":\"WebPage\",\"@id\":\"https:\\\/\\\/lepatriotebenin.com\\\/index.php\\\/2026\\\/04\\\/29\\\/libertes-publiques-au-benin-vives-critiques-sur-la-rupture-et-la-democratie\\\/\",\"url\":\"https:\\\/\\\/lepatriotebenin.com\\\/index.php\\\/2026\\\/04\\\/29\\\/libertes-publiques-au-benin-vives-critiques-sur-la-rupture-et-la-democratie\\\/\",\"name\":\"Libert\u00e9s publiques au B\u00e9nin: Vives critiques sur la rupture et la d\u00e9mocratie - Le Patriote\",\"isPartOf\":{\"@id\":\"https:\\\/\\\/lepatriotebenin.com\\\/#website\"},\"primaryImageOfPage\":{\"@id\":\"https:\\\/\\\/lepatriotebenin.com\\\/index.php\\\/2026\\\/04\\\/29\\\/libertes-publiques-au-benin-vives-critiques-sur-la-rupture-et-la-democratie\\\/#primaryimage\"},\"image\":{\"@id\":\"https:\\\/\\\/lepatriotebenin.com\\\/index.php\\\/2026\\\/04\\\/29\\\/libertes-publiques-au-benin-vives-critiques-sur-la-rupture-et-la-democratie\\\/#primaryimage\"},\"thumbnailUrl\":\"https:\\\/\\\/lepatriotebenin.com\\\/wp-content\\\/uploads\\\/2026\\\/04\\\/ohdpa-1.jpeg\",\"datePublished\":\"2026-04-29T02:51:42+00:00\",\"dateModified\":\"2026-04-29T19:56:19+00:00\",\"author\":{\"@id\":\"https:\\\/\\\/lepatriotebenin.com\\\/#\\\/schema\\\/person\\\/2e7709b9c9cc313e452d1136af61690f\"},\"breadcrumb\":{\"@id\":\"https:\\\/\\\/lepatriotebenin.com\\\/index.php\\\/2026\\\/04\\\/29\\\/libertes-publiques-au-benin-vives-critiques-sur-la-rupture-et-la-democratie\\\/#breadcrumb\"},\"inLanguage\":\"fr-FR\",\"potentialAction\":[{\"@type\":\"ReadAction\",\"target\":[\"https:\\\/\\\/lepatriotebenin.com\\\/index.php\\\/2026\\\/04\\\/29\\\/libertes-publiques-au-benin-vives-critiques-sur-la-rupture-et-la-democratie\\\/\"]}]},{\"@type\":\"ImageObject\",\"inLanguage\":\"fr-FR\",\"@id\":\"https:\\\/\\\/lepatriotebenin.com\\\/index.php\\\/2026\\\/04\\\/29\\\/libertes-publiques-au-benin-vives-critiques-sur-la-rupture-et-la-democratie\\\/#primaryimage\",\"url\":\"https:\\\/\\\/lepatriotebenin.com\\\/wp-content\\\/uploads\\\/2026\\\/04\\\/ohdpa-1.jpeg\",\"contentUrl\":\"https:\\\/\\\/lepatriotebenin.com\\\/wp-content\\\/uploads\\\/2026\\\/04\\\/ohdpa-1.jpeg\",\"width\":1280,\"height\":1095},{\"@type\":\"BreadcrumbList\",\"@id\":\"https:\\\/\\\/lepatriotebenin.com\\\/index.php\\\/2026\\\/04\\\/29\\\/libertes-publiques-au-benin-vives-critiques-sur-la-rupture-et-la-democratie\\\/#breadcrumb\",\"itemListElement\":[{\"@type\":\"ListItem\",\"position\":1,\"name\":\"Accueil\",\"item\":\"https:\\\/\\\/lepatriotebenin.com\\\/\"},{\"@type\":\"ListItem\",\"position\":2,\"name\":\"Libert\u00e9s publiques au B\u00e9nin: Vives critiques sur la rupture et la d\u00e9mocratie\"}]},{\"@type\":\"WebSite\",\"@id\":\"https:\\\/\\\/lepatriotebenin.com\\\/#website\",\"url\":\"https:\\\/\\\/lepatriotebenin.com\\\/\",\"name\":\"Le Patriote\",\"description\":\"Le Patriote B\u00e9nin\",\"potentialAction\":[{\"@type\":\"SearchAction\",\"target\":{\"@type\":\"EntryPoint\",\"urlTemplate\":\"https:\\\/\\\/lepatriotebenin.com\\\/?s={search_term_string}\"},\"query-input\":{\"@type\":\"PropertyValueSpecification\",\"valueRequired\":true,\"valueName\":\"search_term_string\"}}],\"inLanguage\":\"fr-FR\"},{\"@type\":\"Person\",\"@id\":\"https:\\\/\\\/lepatriotebenin.com\\\/#\\\/schema\\\/person\\\/2e7709b9c9cc313e452d1136af61690f\",\"name\":\"Redaction\",\"image\":{\"@type\":\"ImageObject\",\"inLanguage\":\"fr-FR\",\"@id\":\"https:\\\/\\\/secure.gravatar.com\\\/avatar\\\/c4c509357859ea2ca2cbb6d8812898a73e4ef1ef9934c2e591d7e32face734d1?s=96&d=mm&r=g\",\"url\":\"https:\\\/\\\/secure.gravatar.com\\\/avatar\\\/c4c509357859ea2ca2cbb6d8812898a73e4ef1ef9934c2e591d7e32face734d1?s=96&d=mm&r=g\",\"contentUrl\":\"https:\\\/\\\/secure.gravatar.com\\\/avatar\\\/c4c509357859ea2ca2cbb6d8812898a73e4ef1ef9934c2e591d7e32face734d1?s=96&d=mm&r=g\",\"caption\":\"Redaction\"},\"url\":\"https:\\\/\\\/lepatriotebenin.com\"}]}<\/script>\n<!-- \/ Yoast SEO plugin. -->","yoast_head_json":{"title":"Libert\u00e9s publiques au B\u00e9nin: Vives critiques sur la rupture et la d\u00e9mocratie - Le Patriote","robots":{"index":"index","follow":"follow","max-snippet":"max-snippet:-1","max-image-preview":"max-image-preview:large","max-video-preview":"max-video-preview:-1"},"canonical":"https:\/\/lepatriotebenin.com\/index.php\/2026\/04\/29\/libertes-publiques-au-benin-vives-critiques-sur-la-rupture-et-la-democratie\/","og_locale":"fr_FR","og_type":"article","og_title":"Libert\u00e9s publiques au B\u00e9nin: Vives critiques sur la rupture et la d\u00e9mocratie - Le Patriote","og_description":"Lors d\u2019une conf\u00e9rence-d\u00e9bat tenue samedi dernier, des intervenants ont dress\u00e9 un r\u00e9quisitoire s\u00e9v\u00e8re contre la gouvernance du pr\u00e9sident Patrice Talon, d\u00e9non\u00e7ant une remise en cause progressive des acquis d\u00e9mocratiques et&hellip;","og_url":"https:\/\/lepatriotebenin.com\/index.php\/2026\/04\/29\/libertes-publiques-au-benin-vives-critiques-sur-la-rupture-et-la-democratie\/","og_site_name":"Le Patriote","article_published_time":"2026-04-29T02:51:42+00:00","article_modified_time":"2026-04-29T19:56:19+00:00","og_image":[{"width":1280,"height":1095,"url":"https:\/\/lepatriotebenin.com\/wp-content\/uploads\/2026\/04\/ohdpa-1.jpeg","type":"image\/jpeg"}],"author":"Redaction","twitter_card":"summary_large_image","twitter_misc":{"\u00c9crit par":"Redaction","Dur\u00e9e de lecture estim\u00e9e":"2 minutes"},"schema":{"@context":"https:\/\/schema.org","@graph":[{"@type":"Article","@id":"https:\/\/lepatriotebenin.com\/index.php\/2026\/04\/29\/libertes-publiques-au-benin-vives-critiques-sur-la-rupture-et-la-democratie\/#article","isPartOf":{"@id":"https:\/\/lepatriotebenin.com\/index.php\/2026\/04\/29\/libertes-publiques-au-benin-vives-critiques-sur-la-rupture-et-la-democratie\/"},"author":{"name":"Redaction","@id":"https:\/\/lepatriotebenin.com\/#\/schema\/person\/2e7709b9c9cc313e452d1136af61690f"},"headline":"Libert\u00e9s publiques au B\u00e9nin: Vives critiques sur la rupture et la d\u00e9mocratie","datePublished":"2026-04-29T02:51:42+00:00","dateModified":"2026-04-29T19:56:19+00:00","mainEntityOfPage":{"@id":"https:\/\/lepatriotebenin.com\/index.php\/2026\/04\/29\/libertes-publiques-au-benin-vives-critiques-sur-la-rupture-et-la-democratie\/"},"wordCount":377,"commentCount":0,"image":{"@id":"https:\/\/lepatriotebenin.com\/index.php\/2026\/04\/29\/libertes-publiques-au-benin-vives-critiques-sur-la-rupture-et-la-democratie\/#primaryimage"},"thumbnailUrl":"https:\/\/lepatriotebenin.com\/wp-content\/uploads\/2026\/04\/ohdpa-1.jpeg","articleSection":["Soci\u00e9t\u00e9"],"inLanguage":"fr-FR","potentialAction":[{"@type":"CommentAction","name":"Comment","target":["https:\/\/lepatriotebenin.com\/index.php\/2026\/04\/29\/libertes-publiques-au-benin-vives-critiques-sur-la-rupture-et-la-democratie\/#respond"]}]},{"@type":"WebPage","@id":"https:\/\/lepatriotebenin.com\/index.php\/2026\/04\/29\/libertes-publiques-au-benin-vives-critiques-sur-la-rupture-et-la-democratie\/","url":"https:\/\/lepatriotebenin.com\/index.php\/2026\/04\/29\/libertes-publiques-au-benin-vives-critiques-sur-la-rupture-et-la-democratie\/","name":"Libert\u00e9s publiques au B\u00e9nin: Vives critiques sur la rupture et la d\u00e9mocratie - Le Patriote","isPartOf":{"@id":"https:\/\/lepatriotebenin.com\/#website"},"primaryImageOfPage":{"@id":"https:\/\/lepatriotebenin.com\/index.php\/2026\/04\/29\/libertes-publiques-au-benin-vives-critiques-sur-la-rupture-et-la-democratie\/#primaryimage"},"image":{"@id":"https:\/\/lepatriotebenin.com\/index.php\/2026\/04\/29\/libertes-publiques-au-benin-vives-critiques-sur-la-rupture-et-la-democratie\/#primaryimage"},"thumbnailUrl":"https:\/\/lepatriotebenin.com\/wp-content\/uploads\/2026\/04\/ohdpa-1.jpeg","datePublished":"2026-04-29T02:51:42+00:00","dateModified":"2026-04-29T19:56:19+00:00","author":{"@id":"https:\/\/lepatriotebenin.com\/#\/schema\/person\/2e7709b9c9cc313e452d1136af61690f"},"breadcrumb":{"@id":"https:\/\/lepatriotebenin.com\/index.php\/2026\/04\/29\/libertes-publiques-au-benin-vives-critiques-sur-la-rupture-et-la-democratie\/#breadcrumb"},"inLanguage":"fr-FR","potentialAction":[{"@type":"ReadAction","target":["https:\/\/lepatriotebenin.com\/index.php\/2026\/04\/29\/libertes-publiques-au-benin-vives-critiques-sur-la-rupture-et-la-democratie\/"]}]},{"@type":"ImageObject","inLanguage":"fr-FR","@id":"https:\/\/lepatriotebenin.com\/index.php\/2026\/04\/29\/libertes-publiques-au-benin-vives-critiques-sur-la-rupture-et-la-democratie\/#primaryimage","url":"https:\/\/lepatriotebenin.com\/wp-content\/uploads\/2026\/04\/ohdpa-1.jpeg","contentUrl":"https:\/\/lepatriotebenin.com\/wp-content\/uploads\/2026\/04\/ohdpa-1.jpeg","width":1280,"height":1095},{"@type":"BreadcrumbList","@id":"https:\/\/lepatriotebenin.com\/index.php\/2026\/04\/29\/libertes-publiques-au-benin-vives-critiques-sur-la-rupture-et-la-democratie\/#breadcrumb","itemListElement":[{"@type":"ListItem","position":1,"name":"Accueil","item":"https:\/\/lepatriotebenin.com\/"},{"@type":"ListItem","position":2,"name":"Libert\u00e9s publiques au B\u00e9nin: Vives critiques sur la rupture et la d\u00e9mocratie"}]},{"@type":"WebSite","@id":"https:\/\/lepatriotebenin.com\/#website","url":"https:\/\/lepatriotebenin.com\/","name":"Le Patriote","description":"Le Patriote B\u00e9nin","potentialAction":[{"@type":"SearchAction","target":{"@type":"EntryPoint","urlTemplate":"https:\/\/lepatriotebenin.com\/?s={search_term_string}"},"query-input":{"@type":"PropertyValueSpecification","valueRequired":true,"valueName":"search_term_string"}}],"inLanguage":"fr-FR"},{"@type":"Person","@id":"https:\/\/lepatriotebenin.com\/#\/schema\/person\/2e7709b9c9cc313e452d1136af61690f","name":"Redaction","image":{"@type":"ImageObject","inLanguage":"fr-FR","@id":"https:\/\/secure.gravatar.com\/avatar\/c4c509357859ea2ca2cbb6d8812898a73e4ef1ef9934c2e591d7e32face734d1?s=96&d=mm&r=g","url":"https:\/\/secure.gravatar.com\/avatar\/c4c509357859ea2ca2cbb6d8812898a73e4ef1ef9934c2e591d7e32face734d1?s=96&d=mm&r=g","contentUrl":"https:\/\/secure.gravatar.com\/avatar\/c4c509357859ea2ca2cbb6d8812898a73e4ef1ef9934c2e591d7e32face734d1?s=96&d=mm&r=g","caption":"Redaction"},"url":"https:\/\/lepatriotebenin.com"}]}},"_links":{"self":[{"href":"https:\/\/lepatriotebenin.com\/index.php\/wp-json\/wp\/v2\/posts\/18909","targetHints":{"allow":["GET"]}}],"collection":[{"href":"https:\/\/lepatriotebenin.com\/index.php\/wp-json\/wp\/v2\/posts"}],"about":[{"href":"https:\/\/lepatriotebenin.com\/index.php\/wp-json\/wp\/v2\/types\/post"}],"author":[{"embeddable":true,"href":"https:\/\/lepatriotebenin.com\/index.php\/wp-json\/wp\/v2\/users\/5"}],"replies":[{"embeddable":true,"href":"https:\/\/lepatriotebenin.com\/index.php\/wp-json\/wp\/v2\/comments?post=18909"}],"version-history":[{"count":1,"href":"https:\/\/lepatriotebenin.com\/index.php\/wp-json\/wp\/v2\/posts\/18909\/revisions"}],"predecessor-version":[{"id":18911,"href":"https:\/\/lepatriotebenin.com\/index.php\/wp-json\/wp\/v2\/posts\/18909\/revisions\/18911"}],"wp:featuredmedia":[{"embeddable":true,"href":"https:\/\/lepatriotebenin.com\/index.php\/wp-json\/wp\/v2\/media\/18910"}],"wp:attachment":[{"href":"https:\/\/lepatriotebenin.com\/index.php\/wp-json\/wp\/v2\/media?parent=18909"}],"wp:term":[{"taxonomy":"category","embeddable":true,"href":"https:\/\/lepatriotebenin.com\/index.php\/wp-json\/wp\/v2\/categories?post=18909"},{"taxonomy":"post_tag","embeddable":true,"href":"https:\/\/lepatriotebenin.com\/index.php\/wp-json\/wp\/v2\/tags?post=18909"}],"curies":[{"name":"wp","href":"https:\/\/api.w.org\/{rel}","templated":true}]}}