{"id":18906,"date":"2026-04-29T04:48:03","date_gmt":"2026-04-29T02:48:03","guid":{"rendered":"https:\/\/lepatriotebenin.com\/?p=18906"},"modified":"2026-04-29T04:48:03","modified_gmt":"2026-04-29T02:48:03","slug":"crise-penitentiaire-au-benin-le-systeme-carceral-a-la-derive","status":"publish","type":"post","link":"https:\/\/lepatriotebenin.com\/index.php\/2026\/04\/29\/crise-penitentiaire-au-benin-le-systeme-carceral-a-la-derive\/","title":{"rendered":"Crise p\u00e9nitentiaire au B\u00e9nin : Le syst\u00e8me carc\u00e9ral \u00e0 la d\u00e9rive"},"content":{"rendered":"<p><strong><em>R\u00e9unis en visioconf\u00e9rence ce samedi 25 avril 2025, des acteurs engag\u00e9s du Bureau Central de Coordination (BCC) et de la diaspora b\u00e9ninoise ont dress\u00e9 un tableau pr\u00e9occupant de la situation des droits humains au B\u00e9nin. Entre surpopulation carc\u00e9rale, all\u00e9gations de torture et restrictions des libert\u00e9s fondamentales, les participants appellent \u00e0 une mobilisation urgente et structur\u00e9e.<\/em><\/strong><\/p>\n<p>Le syst\u00e8me carc\u00e9ral b\u00e9ninois traverse une crise profonde. C\u2019est le constat dress\u00e9 par plusieurs intervenants, dont Ma\u00eetre Baparap\u00e9, lors d\u2019une conf\u00e9rence-d\u00e9bat tenue ce samedi 25 avril 2026 consacr\u00e9e aux droits humains. Au c\u0153ur des pr\u00e9occupations on note une surpopulation carc\u00e9rale devenue hors de contr\u00f4le et ses cons\u00e9quences dramatiques.<\/p>\n<p>En effet, selon les donn\u00e9es avanc\u00e9es, les prisons b\u00e9ninoises, con\u00e7ues pour accueillir environ 7 000 d\u00e9tenus, en compteraient aujourd\u2019hui plus de 20 000. Un d\u00e9s\u00e9quilibre alarmant qui se traduit par des conditions de d\u00e9tention jug\u00e9es inhumaines. \u00c0 la prison d\u2019Abomey-Calavi, pr\u00e9vue pour 750 d\u00e9tenus, plus de 4 000 personnes seraient entass\u00e9es, illustrant \u00e0 elle seule l\u2019ampleur de la crise. Dans ces conditions, l\u2019acc\u00e8s aux soins devient un luxe. Les d\u00e9tenus malades seraient insuffisamment pris en charge, aggravant leur \u00e9tat de sant\u00e9. Le d\u00e9c\u00e8s d\u2019un \u00e9tudiant, le 10 juillet 2024, retrouv\u00e9 menott\u00e9 \u00e0 son lit, reste l\u2019un des cas les plus marquants \u00e9voqu\u00e9s lors des \u00e9changes. Pour les participants, ce drame symbolise les d\u00e9rives d\u2019un syst\u00e8me \u00e0 bout de souffle.<\/p>\n<p>Au-del\u00e0 des conditions mat\u00e9rielles, les chiffres sur la mortalit\u00e9 en d\u00e9tention interpellent. Ma\u00eetre Baparap\u00e9 \u00e9voque 46 d\u00e9c\u00e8s enregistr\u00e9s en seulement six mois. Un bilan lourd qui alimente les interrogations sur la responsabilit\u00e9 des autorit\u00e9s et le respect des droits fondamentaux des d\u00e9tenus.\u00a0 Dans ce contexte, certains d\u00e9noncent aussi des formes de torture plus discr\u00e8tes, notamment psychologiques, exerc\u00e9es sur les d\u00e9tenus. Une pression constante qui s\u2019ajoute \u00e0 la promiscuit\u00e9 et \u00e0 la pr\u00e9carit\u00e9. Face \u00e0 cette situation jug\u00e9e critique, les appels \u00e0 la r\u00e9forme se multiplient. Les participants \u00e0 la conf\u00e9rence plaident pour une am\u00e9lioration urgente des conditions de d\u00e9tention, une r\u00e9duction de la surpopulation carc\u00e9rale et un meilleur respect des droits humains.<\/p>\n<p>Pour eux, il en va non seulement de la dignit\u00e9 des d\u00e9tenus, mais aussi de la cr\u00e9dibilit\u00e9 de l\u2019\u00c9tat de droit au B\u00e9nin. Sans action rapide, pr\u00e9viennent-ils, la crise carc\u00e9rale pourrait continuer de s\u2019aggraver, avec des cons\u00e9quences humaines et sociales de plus en plus lourdes.<\/p>\n<p><strong>Gildas AHOGNI<\/strong><\/p>\n","protected":false},"excerpt":{"rendered":"<p>R\u00e9unis en visioconf\u00e9rence ce samedi 25 avril 2025, des acteurs engag\u00e9s du Bureau Central de Coordination (BCC) et de la diaspora b\u00e9ninoise ont dress\u00e9 un tableau pr\u00e9occupant de la situation&hellip;<\/p>\n","protected":false},"author":5,"featured_media":18907,"comment_status":"open","ping_status":"open","sticky":false,"template":"","format":"standard","meta":{"content-type":"","om_disable_all_campaigns":false,"_monsterinsights_skip_tracking":false,"_monsterinsights_sitenote_active":false,"_monsterinsights_sitenote_note":"","_monsterinsights_sitenote_category":0,"_uf_show_specific_survey":0,"_uf_disable_surveys":false,"footnotes":""},"categories":[20],"tags":[],"class_list":["post-18906","post","type-post","status-publish","format-standard","has-post-thumbnail","hentry","category-societe"],"aioseo_notices":[],"yoast_head":"<!-- This site is optimized with the Yoast SEO plugin v27.5 - https:\/\/yoast.com\/product\/yoast-seo-wordpress\/ -->\n<title>Crise p\u00e9nitentiaire au B\u00e9nin : Le syst\u00e8me carc\u00e9ral \u00e0 la d\u00e9rive - Le Patriote<\/title>\n<meta name=\"robots\" content=\"index, follow, max-snippet:-1, max-image-preview:large, max-video-preview:-1\" \/>\n<link rel=\"canonical\" href=\"https:\/\/lepatriotebenin.com\/index.php\/2026\/04\/29\/crise-penitentiaire-au-benin-le-systeme-carceral-a-la-derive\/\" \/>\n<meta property=\"og:locale\" content=\"fr_FR\" \/>\n<meta property=\"og:type\" content=\"article\" \/>\n<meta property=\"og:title\" content=\"Crise p\u00e9nitentiaire au B\u00e9nin : Le syst\u00e8me carc\u00e9ral \u00e0 la d\u00e9rive - Le Patriote\" \/>\n<meta property=\"og:description\" content=\"R\u00e9unis en visioconf\u00e9rence ce samedi 25 avril 2025, des acteurs engag\u00e9s du Bureau Central de Coordination (BCC) et de la diaspora b\u00e9ninoise ont dress\u00e9 un tableau pr\u00e9occupant de la situation&hellip;\" \/>\n<meta property=\"og:url\" content=\"https:\/\/lepatriotebenin.com\/index.php\/2026\/04\/29\/crise-penitentiaire-au-benin-le-systeme-carceral-a-la-derive\/\" \/>\n<meta property=\"og:site_name\" content=\"Le Patriote\" \/>\n<meta property=\"article:published_time\" content=\"2026-04-29T02:48:03+00:00\" \/>\n<meta property=\"og:image\" content=\"https:\/\/lepatriotebenin.com\/wp-content\/uploads\/2026\/04\/ohdpa.jpeg\" \/>\n\t<meta property=\"og:image:width\" content=\"1280\" \/>\n\t<meta property=\"og:image:height\" content=\"1095\" \/>\n\t<meta property=\"og:image:type\" content=\"image\/jpeg\" \/>\n<meta name=\"author\" content=\"Redaction\" \/>\n<meta name=\"twitter:card\" content=\"summary_large_image\" \/>\n<meta name=\"twitter:label1\" content=\"\u00c9crit par\" \/>\n\t<meta name=\"twitter:data1\" content=\"Redaction\" \/>\n\t<meta name=\"twitter:label2\" content=\"Dur\u00e9e de lecture estim\u00e9e\" \/>\n\t<meta name=\"twitter:data2\" content=\"3 minutes\" \/>\n<script type=\"application\/ld+json\" class=\"yoast-schema-graph\">{\"@context\":\"https:\\\/\\\/schema.org\",\"@graph\":[{\"@type\":\"Article\",\"@id\":\"https:\\\/\\\/lepatriotebenin.com\\\/index.php\\\/2026\\\/04\\\/29\\\/crise-penitentiaire-au-benin-le-systeme-carceral-a-la-derive\\\/#article\",\"isPartOf\":{\"@id\":\"https:\\\/\\\/lepatriotebenin.com\\\/index.php\\\/2026\\\/04\\\/29\\\/crise-penitentiaire-au-benin-le-systeme-carceral-a-la-derive\\\/\"},\"author\":{\"name\":\"Redaction\",\"@id\":\"https:\\\/\\\/lepatriotebenin.com\\\/#\\\/schema\\\/person\\\/2e7709b9c9cc313e452d1136af61690f\"},\"headline\":\"Crise p\u00e9nitentiaire au B\u00e9nin : Le syst\u00e8me carc\u00e9ral \u00e0 la d\u00e9rive\",\"datePublished\":\"2026-04-29T02:48:03+00:00\",\"mainEntityOfPage\":{\"@id\":\"https:\\\/\\\/lepatriotebenin.com\\\/index.php\\\/2026\\\/04\\\/29\\\/crise-penitentiaire-au-benin-le-systeme-carceral-a-la-derive\\\/\"},\"wordCount\":450,\"commentCount\":0,\"image\":{\"@id\":\"https:\\\/\\\/lepatriotebenin.com\\\/index.php\\\/2026\\\/04\\\/29\\\/crise-penitentiaire-au-benin-le-systeme-carceral-a-la-derive\\\/#primaryimage\"},\"thumbnailUrl\":\"https:\\\/\\\/lepatriotebenin.com\\\/wp-content\\\/uploads\\\/2026\\\/04\\\/ohdpa.jpeg\",\"articleSection\":[\"Soci\u00e9t\u00e9\"],\"inLanguage\":\"fr-FR\",\"potentialAction\":[{\"@type\":\"CommentAction\",\"name\":\"Comment\",\"target\":[\"https:\\\/\\\/lepatriotebenin.com\\\/index.php\\\/2026\\\/04\\\/29\\\/crise-penitentiaire-au-benin-le-systeme-carceral-a-la-derive\\\/#respond\"]}]},{\"@type\":\"WebPage\",\"@id\":\"https:\\\/\\\/lepatriotebenin.com\\\/index.php\\\/2026\\\/04\\\/29\\\/crise-penitentiaire-au-benin-le-systeme-carceral-a-la-derive\\\/\",\"url\":\"https:\\\/\\\/lepatriotebenin.com\\\/index.php\\\/2026\\\/04\\\/29\\\/crise-penitentiaire-au-benin-le-systeme-carceral-a-la-derive\\\/\",\"name\":\"Crise p\u00e9nitentiaire au B\u00e9nin : Le syst\u00e8me carc\u00e9ral \u00e0 la d\u00e9rive - Le Patriote\",\"isPartOf\":{\"@id\":\"https:\\\/\\\/lepatriotebenin.com\\\/#website\"},\"primaryImageOfPage\":{\"@id\":\"https:\\\/\\\/lepatriotebenin.com\\\/index.php\\\/2026\\\/04\\\/29\\\/crise-penitentiaire-au-benin-le-systeme-carceral-a-la-derive\\\/#primaryimage\"},\"image\":{\"@id\":\"https:\\\/\\\/lepatriotebenin.com\\\/index.php\\\/2026\\\/04\\\/29\\\/crise-penitentiaire-au-benin-le-systeme-carceral-a-la-derive\\\/#primaryimage\"},\"thumbnailUrl\":\"https:\\\/\\\/lepatriotebenin.com\\\/wp-content\\\/uploads\\\/2026\\\/04\\\/ohdpa.jpeg\",\"datePublished\":\"2026-04-29T02:48:03+00:00\",\"author\":{\"@id\":\"https:\\\/\\\/lepatriotebenin.com\\\/#\\\/schema\\\/person\\\/2e7709b9c9cc313e452d1136af61690f\"},\"breadcrumb\":{\"@id\":\"https:\\\/\\\/lepatriotebenin.com\\\/index.php\\\/2026\\\/04\\\/29\\\/crise-penitentiaire-au-benin-le-systeme-carceral-a-la-derive\\\/#breadcrumb\"},\"inLanguage\":\"fr-FR\",\"potentialAction\":[{\"@type\":\"ReadAction\",\"target\":[\"https:\\\/\\\/lepatriotebenin.com\\\/index.php\\\/2026\\\/04\\\/29\\\/crise-penitentiaire-au-benin-le-systeme-carceral-a-la-derive\\\/\"]}]},{\"@type\":\"ImageObject\",\"inLanguage\":\"fr-FR\",\"@id\":\"https:\\\/\\\/lepatriotebenin.com\\\/index.php\\\/2026\\\/04\\\/29\\\/crise-penitentiaire-au-benin-le-systeme-carceral-a-la-derive\\\/#primaryimage\",\"url\":\"https:\\\/\\\/lepatriotebenin.com\\\/wp-content\\\/uploads\\\/2026\\\/04\\\/ohdpa.jpeg\",\"contentUrl\":\"https:\\\/\\\/lepatriotebenin.com\\\/wp-content\\\/uploads\\\/2026\\\/04\\\/ohdpa.jpeg\",\"width\":1280,\"height\":1095},{\"@type\":\"BreadcrumbList\",\"@id\":\"https:\\\/\\\/lepatriotebenin.com\\\/index.php\\\/2026\\\/04\\\/29\\\/crise-penitentiaire-au-benin-le-systeme-carceral-a-la-derive\\\/#breadcrumb\",\"itemListElement\":[{\"@type\":\"ListItem\",\"position\":1,\"name\":\"Accueil\",\"item\":\"https:\\\/\\\/lepatriotebenin.com\\\/\"},{\"@type\":\"ListItem\",\"position\":2,\"name\":\"Crise p\u00e9nitentiaire au B\u00e9nin : Le syst\u00e8me carc\u00e9ral \u00e0 la d\u00e9rive\"}]},{\"@type\":\"WebSite\",\"@id\":\"https:\\\/\\\/lepatriotebenin.com\\\/#website\",\"url\":\"https:\\\/\\\/lepatriotebenin.com\\\/\",\"name\":\"Le Patriote\",\"description\":\"Le Patriote B\u00e9nin\",\"potentialAction\":[{\"@type\":\"SearchAction\",\"target\":{\"@type\":\"EntryPoint\",\"urlTemplate\":\"https:\\\/\\\/lepatriotebenin.com\\\/?s={search_term_string}\"},\"query-input\":{\"@type\":\"PropertyValueSpecification\",\"valueRequired\":true,\"valueName\":\"search_term_string\"}}],\"inLanguage\":\"fr-FR\"},{\"@type\":\"Person\",\"@id\":\"https:\\\/\\\/lepatriotebenin.com\\\/#\\\/schema\\\/person\\\/2e7709b9c9cc313e452d1136af61690f\",\"name\":\"Redaction\",\"image\":{\"@type\":\"ImageObject\",\"inLanguage\":\"fr-FR\",\"@id\":\"https:\\\/\\\/secure.gravatar.com\\\/avatar\\\/c4c509357859ea2ca2cbb6d8812898a73e4ef1ef9934c2e591d7e32face734d1?s=96&d=mm&r=g\",\"url\":\"https:\\\/\\\/secure.gravatar.com\\\/avatar\\\/c4c509357859ea2ca2cbb6d8812898a73e4ef1ef9934c2e591d7e32face734d1?s=96&d=mm&r=g\",\"contentUrl\":\"https:\\\/\\\/secure.gravatar.com\\\/avatar\\\/c4c509357859ea2ca2cbb6d8812898a73e4ef1ef9934c2e591d7e32face734d1?s=96&d=mm&r=g\",\"caption\":\"Redaction\"},\"url\":\"https:\\\/\\\/lepatriotebenin.com\"}]}<\/script>\n<!-- \/ Yoast SEO plugin. -->","yoast_head_json":{"title":"Crise p\u00e9nitentiaire au B\u00e9nin : Le syst\u00e8me carc\u00e9ral \u00e0 la d\u00e9rive - Le Patriote","robots":{"index":"index","follow":"follow","max-snippet":"max-snippet:-1","max-image-preview":"max-image-preview:large","max-video-preview":"max-video-preview:-1"},"canonical":"https:\/\/lepatriotebenin.com\/index.php\/2026\/04\/29\/crise-penitentiaire-au-benin-le-systeme-carceral-a-la-derive\/","og_locale":"fr_FR","og_type":"article","og_title":"Crise p\u00e9nitentiaire au B\u00e9nin : Le syst\u00e8me carc\u00e9ral \u00e0 la d\u00e9rive - Le Patriote","og_description":"R\u00e9unis en visioconf\u00e9rence ce samedi 25 avril 2025, des acteurs engag\u00e9s du Bureau Central de Coordination (BCC) et de la diaspora b\u00e9ninoise ont dress\u00e9 un tableau pr\u00e9occupant de la situation&hellip;","og_url":"https:\/\/lepatriotebenin.com\/index.php\/2026\/04\/29\/crise-penitentiaire-au-benin-le-systeme-carceral-a-la-derive\/","og_site_name":"Le Patriote","article_published_time":"2026-04-29T02:48:03+00:00","og_image":[{"width":1280,"height":1095,"url":"https:\/\/lepatriotebenin.com\/wp-content\/uploads\/2026\/04\/ohdpa.jpeg","type":"image\/jpeg"}],"author":"Redaction","twitter_card":"summary_large_image","twitter_misc":{"\u00c9crit par":"Redaction","Dur\u00e9e de lecture estim\u00e9e":"3 minutes"},"schema":{"@context":"https:\/\/schema.org","@graph":[{"@type":"Article","@id":"https:\/\/lepatriotebenin.com\/index.php\/2026\/04\/29\/crise-penitentiaire-au-benin-le-systeme-carceral-a-la-derive\/#article","isPartOf":{"@id":"https:\/\/lepatriotebenin.com\/index.php\/2026\/04\/29\/crise-penitentiaire-au-benin-le-systeme-carceral-a-la-derive\/"},"author":{"name":"Redaction","@id":"https:\/\/lepatriotebenin.com\/#\/schema\/person\/2e7709b9c9cc313e452d1136af61690f"},"headline":"Crise p\u00e9nitentiaire au B\u00e9nin : Le syst\u00e8me carc\u00e9ral \u00e0 la d\u00e9rive","datePublished":"2026-04-29T02:48:03+00:00","mainEntityOfPage":{"@id":"https:\/\/lepatriotebenin.com\/index.php\/2026\/04\/29\/crise-penitentiaire-au-benin-le-systeme-carceral-a-la-derive\/"},"wordCount":450,"commentCount":0,"image":{"@id":"https:\/\/lepatriotebenin.com\/index.php\/2026\/04\/29\/crise-penitentiaire-au-benin-le-systeme-carceral-a-la-derive\/#primaryimage"},"thumbnailUrl":"https:\/\/lepatriotebenin.com\/wp-content\/uploads\/2026\/04\/ohdpa.jpeg","articleSection":["Soci\u00e9t\u00e9"],"inLanguage":"fr-FR","potentialAction":[{"@type":"CommentAction","name":"Comment","target":["https:\/\/lepatriotebenin.com\/index.php\/2026\/04\/29\/crise-penitentiaire-au-benin-le-systeme-carceral-a-la-derive\/#respond"]}]},{"@type":"WebPage","@id":"https:\/\/lepatriotebenin.com\/index.php\/2026\/04\/29\/crise-penitentiaire-au-benin-le-systeme-carceral-a-la-derive\/","url":"https:\/\/lepatriotebenin.com\/index.php\/2026\/04\/29\/crise-penitentiaire-au-benin-le-systeme-carceral-a-la-derive\/","name":"Crise p\u00e9nitentiaire au B\u00e9nin : Le syst\u00e8me carc\u00e9ral \u00e0 la d\u00e9rive - Le Patriote","isPartOf":{"@id":"https:\/\/lepatriotebenin.com\/#website"},"primaryImageOfPage":{"@id":"https:\/\/lepatriotebenin.com\/index.php\/2026\/04\/29\/crise-penitentiaire-au-benin-le-systeme-carceral-a-la-derive\/#primaryimage"},"image":{"@id":"https:\/\/lepatriotebenin.com\/index.php\/2026\/04\/29\/crise-penitentiaire-au-benin-le-systeme-carceral-a-la-derive\/#primaryimage"},"thumbnailUrl":"https:\/\/lepatriotebenin.com\/wp-content\/uploads\/2026\/04\/ohdpa.jpeg","datePublished":"2026-04-29T02:48:03+00:00","author":{"@id":"https:\/\/lepatriotebenin.com\/#\/schema\/person\/2e7709b9c9cc313e452d1136af61690f"},"breadcrumb":{"@id":"https:\/\/lepatriotebenin.com\/index.php\/2026\/04\/29\/crise-penitentiaire-au-benin-le-systeme-carceral-a-la-derive\/#breadcrumb"},"inLanguage":"fr-FR","potentialAction":[{"@type":"ReadAction","target":["https:\/\/lepatriotebenin.com\/index.php\/2026\/04\/29\/crise-penitentiaire-au-benin-le-systeme-carceral-a-la-derive\/"]}]},{"@type":"ImageObject","inLanguage":"fr-FR","@id":"https:\/\/lepatriotebenin.com\/index.php\/2026\/04\/29\/crise-penitentiaire-au-benin-le-systeme-carceral-a-la-derive\/#primaryimage","url":"https:\/\/lepatriotebenin.com\/wp-content\/uploads\/2026\/04\/ohdpa.jpeg","contentUrl":"https:\/\/lepatriotebenin.com\/wp-content\/uploads\/2026\/04\/ohdpa.jpeg","width":1280,"height":1095},{"@type":"BreadcrumbList","@id":"https:\/\/lepatriotebenin.com\/index.php\/2026\/04\/29\/crise-penitentiaire-au-benin-le-systeme-carceral-a-la-derive\/#breadcrumb","itemListElement":[{"@type":"ListItem","position":1,"name":"Accueil","item":"https:\/\/lepatriotebenin.com\/"},{"@type":"ListItem","position":2,"name":"Crise p\u00e9nitentiaire au B\u00e9nin : Le syst\u00e8me carc\u00e9ral \u00e0 la d\u00e9rive"}]},{"@type":"WebSite","@id":"https:\/\/lepatriotebenin.com\/#website","url":"https:\/\/lepatriotebenin.com\/","name":"Le Patriote","description":"Le Patriote B\u00e9nin","potentialAction":[{"@type":"SearchAction","target":{"@type":"EntryPoint","urlTemplate":"https:\/\/lepatriotebenin.com\/?s={search_term_string}"},"query-input":{"@type":"PropertyValueSpecification","valueRequired":true,"valueName":"search_term_string"}}],"inLanguage":"fr-FR"},{"@type":"Person","@id":"https:\/\/lepatriotebenin.com\/#\/schema\/person\/2e7709b9c9cc313e452d1136af61690f","name":"Redaction","image":{"@type":"ImageObject","inLanguage":"fr-FR","@id":"https:\/\/secure.gravatar.com\/avatar\/c4c509357859ea2ca2cbb6d8812898a73e4ef1ef9934c2e591d7e32face734d1?s=96&d=mm&r=g","url":"https:\/\/secure.gravatar.com\/avatar\/c4c509357859ea2ca2cbb6d8812898a73e4ef1ef9934c2e591d7e32face734d1?s=96&d=mm&r=g","contentUrl":"https:\/\/secure.gravatar.com\/avatar\/c4c509357859ea2ca2cbb6d8812898a73e4ef1ef9934c2e591d7e32face734d1?s=96&d=mm&r=g","caption":"Redaction"},"url":"https:\/\/lepatriotebenin.com"}]}},"_links":{"self":[{"href":"https:\/\/lepatriotebenin.com\/index.php\/wp-json\/wp\/v2\/posts\/18906","targetHints":{"allow":["GET"]}}],"collection":[{"href":"https:\/\/lepatriotebenin.com\/index.php\/wp-json\/wp\/v2\/posts"}],"about":[{"href":"https:\/\/lepatriotebenin.com\/index.php\/wp-json\/wp\/v2\/types\/post"}],"author":[{"embeddable":true,"href":"https:\/\/lepatriotebenin.com\/index.php\/wp-json\/wp\/v2\/users\/5"}],"replies":[{"embeddable":true,"href":"https:\/\/lepatriotebenin.com\/index.php\/wp-json\/wp\/v2\/comments?post=18906"}],"version-history":[{"count":1,"href":"https:\/\/lepatriotebenin.com\/index.php\/wp-json\/wp\/v2\/posts\/18906\/revisions"}],"predecessor-version":[{"id":18908,"href":"https:\/\/lepatriotebenin.com\/index.php\/wp-json\/wp\/v2\/posts\/18906\/revisions\/18908"}],"wp:featuredmedia":[{"embeddable":true,"href":"https:\/\/lepatriotebenin.com\/index.php\/wp-json\/wp\/v2\/media\/18907"}],"wp:attachment":[{"href":"https:\/\/lepatriotebenin.com\/index.php\/wp-json\/wp\/v2\/media?parent=18906"}],"wp:term":[{"taxonomy":"category","embeddable":true,"href":"https:\/\/lepatriotebenin.com\/index.php\/wp-json\/wp\/v2\/categories?post=18906"},{"taxonomy":"post_tag","embeddable":true,"href":"https:\/\/lepatriotebenin.com\/index.php\/wp-json\/wp\/v2\/tags?post=18906"}],"curies":[{"name":"wp","href":"https:\/\/api.w.org\/{rel}","templated":true}]}}