{"id":18902,"date":"2026-04-29T04:43:02","date_gmt":"2026-04-29T02:43:02","guid":{"rendered":"https:\/\/lepatriotebenin.com\/?p=18902"},"modified":"2026-04-29T04:43:02","modified_gmt":"2026-04-29T02:43:02","slug":"justice-beninoise-qui-de-atchade-ou-de-houndete-heritera-des-ld","status":"publish","type":"post","link":"https:\/\/lepatriotebenin.com\/index.php\/2026\/04\/29\/justice-beninoise-qui-de-atchade-ou-de-houndete-heritera-des-ld\/","title":{"rendered":"JUSTICE B\u00c9NINOISE :  Qui de Atchad\u00e9 ou de Hound\u00e9t\u00e9 h\u00e9ritera des LD ?"},"content":{"rendered":"<p>Depuis la tenue de son Conseil National ordinaire au Chant d\u2019Oiseau \u00e0 Cotonou le dimanche 22 Mars 2026, le parti Les D\u00e9mocrates est rentr\u00e9 dans une nouvelle phase de la crise qui le secoue depuis son exclusion des communales et pr\u00e9sidentielle de 2026. Deux camps s\u2019opposent au point de se retrouver devant la justice qui les d\u00e9partagera ce mercredi 29 avril 2026. D\u00e9sormais, tous les regards sont tourn\u00e9s vers le tribunal de premi\u00e8re instance de Cotonou qui dira le droit en donnant raison \u00e0 l\u2019un ou l\u2019autre des camps port\u00e9s respectivement par l\u2019ex pr\u00e9sident du groupe parlementaire Les D\u00e9mocrates Nour\u00e9nou Atchad\u00e9 et le premier pr\u00e9sident du parti discut\u00e9, l\u2019honorable \u00c9ric Hound\u00e9t\u00e9.<\/p>\n<p>\u00c9lu pr\u00e9sident du parti au terme d\u2019un processus que Eric Hound\u00e9t\u00e9 et ses soci\u00e9taires rejettent, Nour\u00e9nou Atchad\u00e9 tient mordicus \u00e0 garder cette formation politique en misant sur des arguments que les avocats des LD ont expos\u00e9s aux juges lors des deux audiences qui les ont d\u00e9j\u00e0 r\u00e9unis. De son c\u00f4t\u00e9, \u00c9ric Hound\u00e9t\u00e9 s\u2019est arm\u00e9 du n\u00e9cessaire juridique pour d\u00e9fendre sa position qui soutient fort que l\u2019\u00e9lection de l\u2019honorable Nour\u00e9nou Atchad\u00e9 comme pr\u00e9sident du parti est un non lieu.<\/p>\n<p>De toute \u00e9vidence, la justice fixera chacun des deux camps ce jour avec, sans doute, les cons\u00e9quences qui en d\u00e9couleront.<\/p>\n<p>Si le tribunal donne raison \u00e0 \u00c9ric Hound\u00e9t\u00e9 qui a amen\u00e9 l\u2019affaire devant la justice, Nour\u00e9nou Atchad\u00e9 et sa suite seront durement bris\u00e9s par les d\u00e9cisions que le camp Hound\u00e9t\u00e9 prendra sans aucun doute contre eux afin d\u2019avoir la voie libre pour g\u00e9rer le parti. Parmi eux, nombreux pourraient \u00eatre exclus de cette formation politique ou des instances du parti. Mieux, le parti entrera officiellement et d\u00e9finitivement dans la mouvance pr\u00e9sidentielle du nouveau pr\u00e9sident \u00e9lu, Romuald Wadagni, d\u2019autant puisque le camp Hound\u00e9t\u00e9 le voulait de ce c\u00f4t\u00e9 depuis et lui-m\u00eame y est avec la signature du Pacte R\u00e9publicain.<\/p>\n<p>Au cas o\u00f9 le camp Atchad\u00e9 gagne ce proc\u00e8s, le parti Les D\u00e9mocrates maintiendra sa position de parti de l\u2019opposition. Les responsables ayant sign\u00e9 le Pacte R\u00e9publicain avec \u00c9ric Hound\u00e9t\u00e9 pourraient \u00eatre, apr\u00e8s leur suspension, exclus du parti surtout qu\u2019ils ont officiellement, sans avoir d\u00e9missionn\u00e9, d\u00e9clar\u00e9 leur soutien au candidat de la mouvance \u00e0 la pr\u00e9sidentielle de 2026. Ceci, parce qu\u2019ils auraient agi en dehors des orientations du parti qui n\u2019avait donn\u00e9 aucune consigne \u00e0 ses militants pour cette \u00e9lection.<\/p>\n<p>Si Hound\u00e9t\u00e9 perd le proc\u00e8s, cela pourrait ouvrir la voie \u00e0 la formalisation du Pacte R\u00e9publicain en parti politique formellement enregistr\u00e9. Une chose est s\u00fbre, la justice sera rendue \u00e0 qui de droit pour d\u00e9signer qui de Hound\u00e9t\u00e9 ou de Atchad\u00e9 h\u00e9ritera du parti de la t\u00eate duquel l\u2019ancien pr\u00e9sident de la R\u00e9publique, le docteur Boni Yayi a d\u00e9missionn\u00e9 le 4 Mars 2026. L\u2019h\u00e9ritier qui sera d\u00e9sign\u00e9 par le verdict du tribunal fera des r\u00e9formes qui exclura ou dans le meilleur des cas optera pour le rassemblement, l\u2019union et la coh\u00e9sion au sein de cette formation politique qui reste et demeure la plus grande et structur\u00e9e formation politique de l\u2019opposition au B\u00e9nin.<\/p>\n<p>&nbsp;<\/p>\n<p><img fetchpriority=\"high\" decoding=\"async\" class=\"alignnone size-medium wp-image-18903\" src=\"https:\/\/lepatriotebenin.com\/wp-content\/uploads\/2026\/04\/nourenou-atchade-300x186.jpeg\" alt=\"\" width=\"300\" height=\"186\" srcset=\"https:\/\/lepatriotebenin.com\/wp-content\/uploads\/2026\/04\/nourenou-atchade-300x186.jpeg 300w, https:\/\/lepatriotebenin.com\/wp-content\/uploads\/2026\/04\/nourenou-atchade-1024x635.jpeg 1024w, https:\/\/lepatriotebenin.com\/wp-content\/uploads\/2026\/04\/nourenou-atchade-768x476.jpeg 768w, https:\/\/lepatriotebenin.com\/wp-content\/uploads\/2026\/04\/nourenou-atchade-585x363.jpeg 585w, https:\/\/lepatriotebenin.com\/wp-content\/uploads\/2026\/04\/nourenou-atchade.jpeg 1057w\" sizes=\"(max-width: 300px) 100vw, 300px\" \/><\/p>\n","protected":false},"excerpt":{"rendered":"<p>Depuis la tenue de son Conseil National ordinaire au Chant d\u2019Oiseau \u00e0 Cotonou le dimanche 22 Mars 2026, le parti Les D\u00e9mocrates est rentr\u00e9 dans une nouvelle phase de la&hellip;<\/p>\n","protected":false},"author":12,"featured_media":18904,"comment_status":"open","ping_status":"open","sticky":false,"template":"","format":"standard","meta":{"content-type":"","om_disable_all_campaigns":false,"_monsterinsights_skip_tracking":false,"_monsterinsights_sitenote_active":false,"_monsterinsights_sitenote_note":"","_monsterinsights_sitenote_category":0,"_uf_show_specific_survey":0,"_uf_disable_surveys":false,"footnotes":""},"categories":[26],"tags":[],"class_list":["post-18902","post","type-post","status-publish","format-standard","has-post-thumbnail","hentry","category-politique"],"aioseo_notices":[],"yoast_head":"<!-- This site is optimized with the Yoast SEO plugin v27.5 - https:\/\/yoast.com\/product\/yoast-seo-wordpress\/ -->\n<title>JUSTICE B\u00c9NINOISE : Qui de Atchad\u00e9 ou de Hound\u00e9t\u00e9 h\u00e9ritera des LD ? - Le Patriote<\/title>\n<meta name=\"robots\" content=\"index, follow, max-snippet:-1, max-image-preview:large, max-video-preview:-1\" \/>\n<link rel=\"canonical\" href=\"https:\/\/lepatriotebenin.com\/index.php\/2026\/04\/29\/justice-beninoise-qui-de-atchade-ou-de-houndete-heritera-des-ld\/\" \/>\n<meta property=\"og:locale\" content=\"fr_FR\" \/>\n<meta property=\"og:type\" content=\"article\" \/>\n<meta property=\"og:title\" content=\"JUSTICE B\u00c9NINOISE : Qui de Atchad\u00e9 ou de Hound\u00e9t\u00e9 h\u00e9ritera des LD ? - Le Patriote\" \/>\n<meta property=\"og:description\" content=\"Depuis la tenue de son Conseil National ordinaire au Chant d\u2019Oiseau \u00e0 Cotonou le dimanche 22 Mars 2026, le parti Les D\u00e9mocrates est rentr\u00e9 dans une nouvelle phase de la&hellip;\" \/>\n<meta property=\"og:url\" content=\"https:\/\/lepatriotebenin.com\/index.php\/2026\/04\/29\/justice-beninoise-qui-de-atchade-ou-de-houndete-heritera-des-ld\/\" \/>\n<meta property=\"og:site_name\" content=\"Le Patriote\" \/>\n<meta property=\"article:published_time\" content=\"2026-04-29T02:43:02+00:00\" \/>\n<meta property=\"og:image\" content=\"https:\/\/lepatriotebenin.com\/wp-content\/uploads\/2026\/04\/erichoudete.jpg\" \/>\n\t<meta property=\"og:image:width\" content=\"720\" \/>\n\t<meta property=\"og:image:height\" content=\"483\" \/>\n\t<meta property=\"og:image:type\" content=\"image\/jpeg\" \/>\n<meta name=\"author\" content=\"Comlan Paul ODAH\" \/>\n<meta name=\"twitter:card\" content=\"summary_large_image\" \/>\n<meta name=\"twitter:label1\" content=\"\u00c9crit par\" \/>\n\t<meta name=\"twitter:data1\" content=\"Comlan Paul ODAH\" \/>\n\t<meta name=\"twitter:label2\" content=\"Dur\u00e9e de lecture estim\u00e9e\" \/>\n\t<meta name=\"twitter:data2\" content=\"3 minutes\" \/>\n<script type=\"application\/ld+json\" class=\"yoast-schema-graph\">{\"@context\":\"https:\\\/\\\/schema.org\",\"@graph\":[{\"@type\":\"Article\",\"@id\":\"https:\\\/\\\/lepatriotebenin.com\\\/index.php\\\/2026\\\/04\\\/29\\\/justice-beninoise-qui-de-atchade-ou-de-houndete-heritera-des-ld\\\/#article\",\"isPartOf\":{\"@id\":\"https:\\\/\\\/lepatriotebenin.com\\\/index.php\\\/2026\\\/04\\\/29\\\/justice-beninoise-qui-de-atchade-ou-de-houndete-heritera-des-ld\\\/\"},\"author\":{\"name\":\"Comlan Paul ODAH\",\"@id\":\"https:\\\/\\\/lepatriotebenin.com\\\/#\\\/schema\\\/person\\\/6486fa44ec286eee49816deb241bcbbf\"},\"headline\":\"JUSTICE B\u00c9NINOISE : Qui de Atchad\u00e9 ou de Hound\u00e9t\u00e9 h\u00e9ritera des LD ?\",\"datePublished\":\"2026-04-29T02:43:02+00:00\",\"mainEntityOfPage\":{\"@id\":\"https:\\\/\\\/lepatriotebenin.com\\\/index.php\\\/2026\\\/04\\\/29\\\/justice-beninoise-qui-de-atchade-ou-de-houndete-heritera-des-ld\\\/\"},\"wordCount\":584,\"commentCount\":0,\"image\":{\"@id\":\"https:\\\/\\\/lepatriotebenin.com\\\/index.php\\\/2026\\\/04\\\/29\\\/justice-beninoise-qui-de-atchade-ou-de-houndete-heritera-des-ld\\\/#primaryimage\"},\"thumbnailUrl\":\"https:\\\/\\\/lepatriotebenin.com\\\/wp-content\\\/uploads\\\/2026\\\/04\\\/erichoudete.jpg\",\"articleSection\":[\"Politique\"],\"inLanguage\":\"fr-FR\",\"potentialAction\":[{\"@type\":\"CommentAction\",\"name\":\"Comment\",\"target\":[\"https:\\\/\\\/lepatriotebenin.com\\\/index.php\\\/2026\\\/04\\\/29\\\/justice-beninoise-qui-de-atchade-ou-de-houndete-heritera-des-ld\\\/#respond\"]}]},{\"@type\":\"WebPage\",\"@id\":\"https:\\\/\\\/lepatriotebenin.com\\\/index.php\\\/2026\\\/04\\\/29\\\/justice-beninoise-qui-de-atchade-ou-de-houndete-heritera-des-ld\\\/\",\"url\":\"https:\\\/\\\/lepatriotebenin.com\\\/index.php\\\/2026\\\/04\\\/29\\\/justice-beninoise-qui-de-atchade-ou-de-houndete-heritera-des-ld\\\/\",\"name\":\"JUSTICE B\u00c9NINOISE : Qui de Atchad\u00e9 ou de Hound\u00e9t\u00e9 h\u00e9ritera des LD ? - Le Patriote\",\"isPartOf\":{\"@id\":\"https:\\\/\\\/lepatriotebenin.com\\\/#website\"},\"primaryImageOfPage\":{\"@id\":\"https:\\\/\\\/lepatriotebenin.com\\\/index.php\\\/2026\\\/04\\\/29\\\/justice-beninoise-qui-de-atchade-ou-de-houndete-heritera-des-ld\\\/#primaryimage\"},\"image\":{\"@id\":\"https:\\\/\\\/lepatriotebenin.com\\\/index.php\\\/2026\\\/04\\\/29\\\/justice-beninoise-qui-de-atchade-ou-de-houndete-heritera-des-ld\\\/#primaryimage\"},\"thumbnailUrl\":\"https:\\\/\\\/lepatriotebenin.com\\\/wp-content\\\/uploads\\\/2026\\\/04\\\/erichoudete.jpg\",\"datePublished\":\"2026-04-29T02:43:02+00:00\",\"author\":{\"@id\":\"https:\\\/\\\/lepatriotebenin.com\\\/#\\\/schema\\\/person\\\/6486fa44ec286eee49816deb241bcbbf\"},\"breadcrumb\":{\"@id\":\"https:\\\/\\\/lepatriotebenin.com\\\/index.php\\\/2026\\\/04\\\/29\\\/justice-beninoise-qui-de-atchade-ou-de-houndete-heritera-des-ld\\\/#breadcrumb\"},\"inLanguage\":\"fr-FR\",\"potentialAction\":[{\"@type\":\"ReadAction\",\"target\":[\"https:\\\/\\\/lepatriotebenin.com\\\/index.php\\\/2026\\\/04\\\/29\\\/justice-beninoise-qui-de-atchade-ou-de-houndete-heritera-des-ld\\\/\"]}]},{\"@type\":\"ImageObject\",\"inLanguage\":\"fr-FR\",\"@id\":\"https:\\\/\\\/lepatriotebenin.com\\\/index.php\\\/2026\\\/04\\\/29\\\/justice-beninoise-qui-de-atchade-ou-de-houndete-heritera-des-ld\\\/#primaryimage\",\"url\":\"https:\\\/\\\/lepatriotebenin.com\\\/wp-content\\\/uploads\\\/2026\\\/04\\\/erichoudete.jpg\",\"contentUrl\":\"https:\\\/\\\/lepatriotebenin.com\\\/wp-content\\\/uploads\\\/2026\\\/04\\\/erichoudete.jpg\",\"width\":720,\"height\":483},{\"@type\":\"BreadcrumbList\",\"@id\":\"https:\\\/\\\/lepatriotebenin.com\\\/index.php\\\/2026\\\/04\\\/29\\\/justice-beninoise-qui-de-atchade-ou-de-houndete-heritera-des-ld\\\/#breadcrumb\",\"itemListElement\":[{\"@type\":\"ListItem\",\"position\":1,\"name\":\"Accueil\",\"item\":\"https:\\\/\\\/lepatriotebenin.com\\\/\"},{\"@type\":\"ListItem\",\"position\":2,\"name\":\"JUSTICE B\u00c9NINOISE : Qui de Atchad\u00e9 ou de Hound\u00e9t\u00e9 h\u00e9ritera des LD ?\"}]},{\"@type\":\"WebSite\",\"@id\":\"https:\\\/\\\/lepatriotebenin.com\\\/#website\",\"url\":\"https:\\\/\\\/lepatriotebenin.com\\\/\",\"name\":\"Le Patriote\",\"description\":\"Le Patriote B\u00e9nin\",\"potentialAction\":[{\"@type\":\"SearchAction\",\"target\":{\"@type\":\"EntryPoint\",\"urlTemplate\":\"https:\\\/\\\/lepatriotebenin.com\\\/?s={search_term_string}\"},\"query-input\":{\"@type\":\"PropertyValueSpecification\",\"valueRequired\":true,\"valueName\":\"search_term_string\"}}],\"inLanguage\":\"fr-FR\"},{\"@type\":\"Person\",\"@id\":\"https:\\\/\\\/lepatriotebenin.com\\\/#\\\/schema\\\/person\\\/6486fa44ec286eee49816deb241bcbbf\",\"name\":\"Comlan Paul ODAH\",\"image\":{\"@type\":\"ImageObject\",\"inLanguage\":\"fr-FR\",\"@id\":\"https:\\\/\\\/secure.gravatar.com\\\/avatar\\\/c45cf8a86d3cde8c562d63858f4ea8947664bd10708ad75990c2938897d9dbe1?s=96&d=mm&r=g\",\"url\":\"https:\\\/\\\/secure.gravatar.com\\\/avatar\\\/c45cf8a86d3cde8c562d63858f4ea8947664bd10708ad75990c2938897d9dbe1?s=96&d=mm&r=g\",\"contentUrl\":\"https:\\\/\\\/secure.gravatar.com\\\/avatar\\\/c45cf8a86d3cde8c562d63858f4ea8947664bd10708ad75990c2938897d9dbe1?s=96&d=mm&r=g\",\"caption\":\"Comlan Paul ODAH\"},\"url\":\"https:\\\/\\\/lepatriotebenin.com\"}]}<\/script>\n<!-- \/ Yoast SEO plugin. -->","yoast_head_json":{"title":"JUSTICE B\u00c9NINOISE : Qui de Atchad\u00e9 ou de Hound\u00e9t\u00e9 h\u00e9ritera des LD ? - Le Patriote","robots":{"index":"index","follow":"follow","max-snippet":"max-snippet:-1","max-image-preview":"max-image-preview:large","max-video-preview":"max-video-preview:-1"},"canonical":"https:\/\/lepatriotebenin.com\/index.php\/2026\/04\/29\/justice-beninoise-qui-de-atchade-ou-de-houndete-heritera-des-ld\/","og_locale":"fr_FR","og_type":"article","og_title":"JUSTICE B\u00c9NINOISE : Qui de Atchad\u00e9 ou de Hound\u00e9t\u00e9 h\u00e9ritera des LD ? - Le Patriote","og_description":"Depuis la tenue de son Conseil National ordinaire au Chant d\u2019Oiseau \u00e0 Cotonou le dimanche 22 Mars 2026, le parti Les D\u00e9mocrates est rentr\u00e9 dans une nouvelle phase de la&hellip;","og_url":"https:\/\/lepatriotebenin.com\/index.php\/2026\/04\/29\/justice-beninoise-qui-de-atchade-ou-de-houndete-heritera-des-ld\/","og_site_name":"Le Patriote","article_published_time":"2026-04-29T02:43:02+00:00","og_image":[{"width":720,"height":483,"url":"https:\/\/lepatriotebenin.com\/wp-content\/uploads\/2026\/04\/erichoudete.jpg","type":"image\/jpeg"}],"author":"Comlan Paul ODAH","twitter_card":"summary_large_image","twitter_misc":{"\u00c9crit par":"Comlan Paul ODAH","Dur\u00e9e de lecture estim\u00e9e":"3 minutes"},"schema":{"@context":"https:\/\/schema.org","@graph":[{"@type":"Article","@id":"https:\/\/lepatriotebenin.com\/index.php\/2026\/04\/29\/justice-beninoise-qui-de-atchade-ou-de-houndete-heritera-des-ld\/#article","isPartOf":{"@id":"https:\/\/lepatriotebenin.com\/index.php\/2026\/04\/29\/justice-beninoise-qui-de-atchade-ou-de-houndete-heritera-des-ld\/"},"author":{"name":"Comlan Paul ODAH","@id":"https:\/\/lepatriotebenin.com\/#\/schema\/person\/6486fa44ec286eee49816deb241bcbbf"},"headline":"JUSTICE B\u00c9NINOISE : Qui de Atchad\u00e9 ou de Hound\u00e9t\u00e9 h\u00e9ritera des LD ?","datePublished":"2026-04-29T02:43:02+00:00","mainEntityOfPage":{"@id":"https:\/\/lepatriotebenin.com\/index.php\/2026\/04\/29\/justice-beninoise-qui-de-atchade-ou-de-houndete-heritera-des-ld\/"},"wordCount":584,"commentCount":0,"image":{"@id":"https:\/\/lepatriotebenin.com\/index.php\/2026\/04\/29\/justice-beninoise-qui-de-atchade-ou-de-houndete-heritera-des-ld\/#primaryimage"},"thumbnailUrl":"https:\/\/lepatriotebenin.com\/wp-content\/uploads\/2026\/04\/erichoudete.jpg","articleSection":["Politique"],"inLanguage":"fr-FR","potentialAction":[{"@type":"CommentAction","name":"Comment","target":["https:\/\/lepatriotebenin.com\/index.php\/2026\/04\/29\/justice-beninoise-qui-de-atchade-ou-de-houndete-heritera-des-ld\/#respond"]}]},{"@type":"WebPage","@id":"https:\/\/lepatriotebenin.com\/index.php\/2026\/04\/29\/justice-beninoise-qui-de-atchade-ou-de-houndete-heritera-des-ld\/","url":"https:\/\/lepatriotebenin.com\/index.php\/2026\/04\/29\/justice-beninoise-qui-de-atchade-ou-de-houndete-heritera-des-ld\/","name":"JUSTICE B\u00c9NINOISE : Qui de Atchad\u00e9 ou de Hound\u00e9t\u00e9 h\u00e9ritera des LD ? - Le Patriote","isPartOf":{"@id":"https:\/\/lepatriotebenin.com\/#website"},"primaryImageOfPage":{"@id":"https:\/\/lepatriotebenin.com\/index.php\/2026\/04\/29\/justice-beninoise-qui-de-atchade-ou-de-houndete-heritera-des-ld\/#primaryimage"},"image":{"@id":"https:\/\/lepatriotebenin.com\/index.php\/2026\/04\/29\/justice-beninoise-qui-de-atchade-ou-de-houndete-heritera-des-ld\/#primaryimage"},"thumbnailUrl":"https:\/\/lepatriotebenin.com\/wp-content\/uploads\/2026\/04\/erichoudete.jpg","datePublished":"2026-04-29T02:43:02+00:00","author":{"@id":"https:\/\/lepatriotebenin.com\/#\/schema\/person\/6486fa44ec286eee49816deb241bcbbf"},"breadcrumb":{"@id":"https:\/\/lepatriotebenin.com\/index.php\/2026\/04\/29\/justice-beninoise-qui-de-atchade-ou-de-houndete-heritera-des-ld\/#breadcrumb"},"inLanguage":"fr-FR","potentialAction":[{"@type":"ReadAction","target":["https:\/\/lepatriotebenin.com\/index.php\/2026\/04\/29\/justice-beninoise-qui-de-atchade-ou-de-houndete-heritera-des-ld\/"]}]},{"@type":"ImageObject","inLanguage":"fr-FR","@id":"https:\/\/lepatriotebenin.com\/index.php\/2026\/04\/29\/justice-beninoise-qui-de-atchade-ou-de-houndete-heritera-des-ld\/#primaryimage","url":"https:\/\/lepatriotebenin.com\/wp-content\/uploads\/2026\/04\/erichoudete.jpg","contentUrl":"https:\/\/lepatriotebenin.com\/wp-content\/uploads\/2026\/04\/erichoudete.jpg","width":720,"height":483},{"@type":"BreadcrumbList","@id":"https:\/\/lepatriotebenin.com\/index.php\/2026\/04\/29\/justice-beninoise-qui-de-atchade-ou-de-houndete-heritera-des-ld\/#breadcrumb","itemListElement":[{"@type":"ListItem","position":1,"name":"Accueil","item":"https:\/\/lepatriotebenin.com\/"},{"@type":"ListItem","position":2,"name":"JUSTICE B\u00c9NINOISE : Qui de Atchad\u00e9 ou de Hound\u00e9t\u00e9 h\u00e9ritera des LD ?"}]},{"@type":"WebSite","@id":"https:\/\/lepatriotebenin.com\/#website","url":"https:\/\/lepatriotebenin.com\/","name":"Le Patriote","description":"Le Patriote B\u00e9nin","potentialAction":[{"@type":"SearchAction","target":{"@type":"EntryPoint","urlTemplate":"https:\/\/lepatriotebenin.com\/?s={search_term_string}"},"query-input":{"@type":"PropertyValueSpecification","valueRequired":true,"valueName":"search_term_string"}}],"inLanguage":"fr-FR"},{"@type":"Person","@id":"https:\/\/lepatriotebenin.com\/#\/schema\/person\/6486fa44ec286eee49816deb241bcbbf","name":"Comlan Paul ODAH","image":{"@type":"ImageObject","inLanguage":"fr-FR","@id":"https:\/\/secure.gravatar.com\/avatar\/c45cf8a86d3cde8c562d63858f4ea8947664bd10708ad75990c2938897d9dbe1?s=96&d=mm&r=g","url":"https:\/\/secure.gravatar.com\/avatar\/c45cf8a86d3cde8c562d63858f4ea8947664bd10708ad75990c2938897d9dbe1?s=96&d=mm&r=g","contentUrl":"https:\/\/secure.gravatar.com\/avatar\/c45cf8a86d3cde8c562d63858f4ea8947664bd10708ad75990c2938897d9dbe1?s=96&d=mm&r=g","caption":"Comlan Paul ODAH"},"url":"https:\/\/lepatriotebenin.com"}]}},"_links":{"self":[{"href":"https:\/\/lepatriotebenin.com\/index.php\/wp-json\/wp\/v2\/posts\/18902","targetHints":{"allow":["GET"]}}],"collection":[{"href":"https:\/\/lepatriotebenin.com\/index.php\/wp-json\/wp\/v2\/posts"}],"about":[{"href":"https:\/\/lepatriotebenin.com\/index.php\/wp-json\/wp\/v2\/types\/post"}],"author":[{"embeddable":true,"href":"https:\/\/lepatriotebenin.com\/index.php\/wp-json\/wp\/v2\/users\/12"}],"replies":[{"embeddable":true,"href":"https:\/\/lepatriotebenin.com\/index.php\/wp-json\/wp\/v2\/comments?post=18902"}],"version-history":[{"count":1,"href":"https:\/\/lepatriotebenin.com\/index.php\/wp-json\/wp\/v2\/posts\/18902\/revisions"}],"predecessor-version":[{"id":18905,"href":"https:\/\/lepatriotebenin.com\/index.php\/wp-json\/wp\/v2\/posts\/18902\/revisions\/18905"}],"wp:featuredmedia":[{"embeddable":true,"href":"https:\/\/lepatriotebenin.com\/index.php\/wp-json\/wp\/v2\/media\/18904"}],"wp:attachment":[{"href":"https:\/\/lepatriotebenin.com\/index.php\/wp-json\/wp\/v2\/media?parent=18902"}],"wp:term":[{"taxonomy":"category","embeddable":true,"href":"https:\/\/lepatriotebenin.com\/index.php\/wp-json\/wp\/v2\/categories?post=18902"},{"taxonomy":"post_tag","embeddable":true,"href":"https:\/\/lepatriotebenin.com\/index.php\/wp-json\/wp\/v2\/tags?post=18902"}],"curies":[{"name":"wp","href":"https:\/\/api.w.org\/{rel}","templated":true}]}}