{"id":18899,"date":"2026-04-29T04:38:43","date_gmt":"2026-04-29T02:38:43","guid":{"rendered":"https:\/\/lepatriotebenin.com\/?p=18899"},"modified":"2026-04-29T04:38:43","modified_gmt":"2026-04-29T02:38:43","slug":"apres-la-presidentielle-demission-confuse-et-surprenante-de-paul-hounkpe","status":"publish","type":"post","link":"https:\/\/lepatriotebenin.com\/index.php\/2026\/04\/29\/apres-la-presidentielle-demission-confuse-et-surprenante-de-paul-hounkpe\/","title":{"rendered":"Apr\u00e8s la pr\u00e9sidentielle: D\u00e9mission confuse et surprenante de Paul Hounkp\u00e8"},"content":{"rendered":"<p><strong><em>La sc\u00e8ne politique b\u00e9ninoise vient d\u2019\u00eatre secou\u00e9e par une annonce\u00a0 inattendue. \u00c0 travers une correspondance adress\u00e9e au premier Secr\u00e9taire ex\u00e9cutif national du parti Force cauris pour un B\u00e9nin \u00c9mergent (FCBE), Paul Hounkp\u00e8 a officialis\u00e9 sa d\u00e9mission de la formation politique dont il assurait jusque-l\u00e0 le secr\u00e9tariat ex\u00e9cutif national. Dans sa lettre, l\u2019ancien responsable \u00e9voque la n\u00e9cessit\u00e9 de \u00ab r\u00e9fl\u00e9chir \u00bb sur son avenir et sur la mani\u00e8re dont il pourrait \u00eatre utile au groupe et \u00e0 la Nation. Une justification qui laisse planer de nombreux points d\u2019ombre.<\/em><\/strong><\/p>\n<p>La d\u00e9mission de Paul Hounkp\u00e8 intervient dans un contexte particuli\u00e8rement d\u00e9licat pour son parti. La FCBE sort \u00e0 peine d\u2019une \u00e9lection pr\u00e9sidentielle marqu\u00e9e par une contre-performance notable, avec un score avoisinant les 5 % des suffrages exprim\u00e9s d\u00e8s le premier tour. Dans toute organisation politique s\u00e9rieuse, un tel d\u00e9b\u00e2cle appelle un examen rigoureux, une auto-critique collective et des choix strat\u00e9giques assum\u00e9s pour des perspectives positives. Or, c\u2019est pr\u00e9cis\u00e9ment au moment o\u00f9 ce travail de bilan s\u2019impose que celui qui en \u00e9tait \u00e0 la fois le secr\u00e9taire ex\u00e9cutif national et le porte-\u00e9tendard choisit de se retirer.<\/p>\n<p>En sa qualit\u00e9 de principal animateur du parti durant la comp\u00e9tition \u00e9lectorale, Paul Hounkp\u00e8 portait une responsabilit\u00e9 politique dans la conduite du bilan post-\u00e9lectoral. Son absence \u00e0 cette \u00e9tape met en mal non seulement la dynamique interne, mais donne aussi le sentiment d\u2019une fuite devant les responsabilit\u00e9s. Plus encore, cette d\u00e9mission semble ignorer certaines exigences institutionnelles. Conform\u00e9ment aux dispositions en vigueur en R\u00e9publique du B\u00e9nin, les partis politiques ayant pris part \u00e0 une \u00e9lection sont tenus de d\u00e9poser leurs comptes de campagne aupr\u00e8s de la Cour des comptes pour v\u00e9rification.<\/p>\n<p>\u00c0 ce jour, cette \u00e9tape essentielle du processus d\u00e9mocratique n\u2019a pas encore \u00e9t\u00e9 men\u00e9e \u00e0 son terme par la formation concern\u00e9e. L\u00e0 encore, le r\u00f4le du secr\u00e9taire ex\u00e9cutif national est central. Son d\u00e9part pr\u00e9cipit\u00e9 interroge donc sur la capacit\u00e9 du parti \u00e0 honorer ses obligations dans les d\u00e9lais et dans la transparence requise. Au-del\u00e0 des aspects techniques, c\u2019est surtout la notion d\u2019\u00e9thique politique qui se trouve questionn\u00e9e. La vie d&rsquo;un parti repose sur des principes de solidarit\u00e9, de responsabilit\u00e9 collective et de continuit\u00e9 de l\u2019action. En l\u2019\u00e9tat, la d\u00e9mission de Paul Hounkp\u00e8 appara\u00eet d\u00e9connect\u00e9e des r\u00e9alit\u00e9s imm\u00e9diates de sa formation politique et peu conforme \u00e0 l\u2019esprit de groupe qui devrait pr\u00e9valoir. Il appartient d\u00e9sormais aux instances de la FCBE de combler le vide laiss\u00e9 et de mener, avec ou sans leur ancien leader, le travail de reconstruction.<\/p>\n<p><strong>Mohamed Y\u00e8kini<\/strong><\/p>\n<p><a href=\"https:\/\/lepatriotebenin.com\/wp-content\/uploads\/2026\/04\/demission-paul-hounkpe.pdf\">D\u00c9MISSION PAUL HOUNKPE<\/a><\/p>\n","protected":false},"excerpt":{"rendered":"<p>La sc\u00e8ne politique b\u00e9ninoise vient d\u2019\u00eatre secou\u00e9e par une annonce\u00a0 inattendue. \u00c0 travers une correspondance adress\u00e9e au premier Secr\u00e9taire ex\u00e9cutif national du parti Force cauris pour un B\u00e9nin \u00c9mergent (FCBE),&hellip;<\/p>\n","protected":false},"author":5,"featured_media":18522,"comment_status":"open","ping_status":"open","sticky":false,"template":"","format":"standard","meta":{"content-type":"","om_disable_all_campaigns":false,"_monsterinsights_skip_tracking":false,"_monsterinsights_sitenote_active":false,"_monsterinsights_sitenote_note":"","_monsterinsights_sitenote_category":0,"_uf_show_specific_survey":0,"_uf_disable_surveys":false,"footnotes":""},"categories":[26],"tags":[],"class_list":["post-18899","post","type-post","status-publish","format-standard","has-post-thumbnail","hentry","category-politique"],"aioseo_notices":[],"yoast_head":"<!-- This site is optimized with the Yoast SEO plugin v27.5 - https:\/\/yoast.com\/product\/yoast-seo-wordpress\/ -->\n<title>Apr\u00e8s la pr\u00e9sidentielle: D\u00e9mission confuse et surprenante de Paul Hounkp\u00e8 - Le Patriote<\/title>\n<meta name=\"robots\" content=\"index, follow, max-snippet:-1, max-image-preview:large, max-video-preview:-1\" \/>\n<link rel=\"canonical\" href=\"https:\/\/lepatriotebenin.com\/index.php\/2026\/04\/29\/apres-la-presidentielle-demission-confuse-et-surprenante-de-paul-hounkpe\/\" \/>\n<meta property=\"og:locale\" content=\"fr_FR\" \/>\n<meta property=\"og:type\" content=\"article\" \/>\n<meta property=\"og:title\" content=\"Apr\u00e8s la pr\u00e9sidentielle: D\u00e9mission confuse et surprenante de Paul Hounkp\u00e8 - Le Patriote\" \/>\n<meta property=\"og:description\" content=\"La sc\u00e8ne politique b\u00e9ninoise vient d\u2019\u00eatre secou\u00e9e par une annonce\u00a0 inattendue. \u00c0 travers une correspondance adress\u00e9e au premier Secr\u00e9taire ex\u00e9cutif national du parti Force cauris pour un B\u00e9nin \u00c9mergent (FCBE),&hellip;\" \/>\n<meta property=\"og:url\" content=\"https:\/\/lepatriotebenin.com\/index.php\/2026\/04\/29\/apres-la-presidentielle-demission-confuse-et-surprenante-de-paul-hounkpe\/\" \/>\n<meta property=\"og:site_name\" content=\"Le Patriote\" \/>\n<meta property=\"article:published_time\" content=\"2026-04-29T02:38:43+00:00\" \/>\n<meta property=\"og:image\" content=\"https:\/\/lepatriotebenin.com\/wp-content\/uploads\/2026\/04\/paul-hounkpe.webp\" \/>\n\t<meta property=\"og:image:width\" content=\"1200\" \/>\n\t<meta property=\"og:image:height\" content=\"900\" \/>\n\t<meta property=\"og:image:type\" content=\"image\/webp\" \/>\n<meta name=\"author\" content=\"Redaction\" \/>\n<meta name=\"twitter:card\" content=\"summary_large_image\" \/>\n<meta name=\"twitter:label1\" content=\"\u00c9crit par\" \/>\n\t<meta name=\"twitter:data1\" content=\"Redaction\" \/>\n\t<meta name=\"twitter:label2\" content=\"Dur\u00e9e de lecture estim\u00e9e\" \/>\n\t<meta name=\"twitter:data2\" content=\"3 minutes\" \/>\n<script type=\"application\/ld+json\" class=\"yoast-schema-graph\">{\"@context\":\"https:\\\/\\\/schema.org\",\"@graph\":[{\"@type\":\"Article\",\"@id\":\"https:\\\/\\\/lepatriotebenin.com\\\/index.php\\\/2026\\\/04\\\/29\\\/apres-la-presidentielle-demission-confuse-et-surprenante-de-paul-hounkpe\\\/#article\",\"isPartOf\":{\"@id\":\"https:\\\/\\\/lepatriotebenin.com\\\/index.php\\\/2026\\\/04\\\/29\\\/apres-la-presidentielle-demission-confuse-et-surprenante-de-paul-hounkpe\\\/\"},\"author\":{\"name\":\"Redaction\",\"@id\":\"https:\\\/\\\/lepatriotebenin.com\\\/#\\\/schema\\\/person\\\/2e7709b9c9cc313e452d1136af61690f\"},\"headline\":\"Apr\u00e8s la pr\u00e9sidentielle: D\u00e9mission confuse et surprenante de Paul Hounkp\u00e8\",\"datePublished\":\"2026-04-29T02:38:43+00:00\",\"mainEntityOfPage\":{\"@id\":\"https:\\\/\\\/lepatriotebenin.com\\\/index.php\\\/2026\\\/04\\\/29\\\/apres-la-presidentielle-demission-confuse-et-surprenante-de-paul-hounkpe\\\/\"},\"wordCount\":489,\"commentCount\":0,\"image\":{\"@id\":\"https:\\\/\\\/lepatriotebenin.com\\\/index.php\\\/2026\\\/04\\\/29\\\/apres-la-presidentielle-demission-confuse-et-surprenante-de-paul-hounkpe\\\/#primaryimage\"},\"thumbnailUrl\":\"https:\\\/\\\/lepatriotebenin.com\\\/wp-content\\\/uploads\\\/2026\\\/04\\\/paul-hounkpe.webp\",\"articleSection\":[\"Politique\"],\"inLanguage\":\"fr-FR\",\"potentialAction\":[{\"@type\":\"CommentAction\",\"name\":\"Comment\",\"target\":[\"https:\\\/\\\/lepatriotebenin.com\\\/index.php\\\/2026\\\/04\\\/29\\\/apres-la-presidentielle-demission-confuse-et-surprenante-de-paul-hounkpe\\\/#respond\"]}]},{\"@type\":\"WebPage\",\"@id\":\"https:\\\/\\\/lepatriotebenin.com\\\/index.php\\\/2026\\\/04\\\/29\\\/apres-la-presidentielle-demission-confuse-et-surprenante-de-paul-hounkpe\\\/\",\"url\":\"https:\\\/\\\/lepatriotebenin.com\\\/index.php\\\/2026\\\/04\\\/29\\\/apres-la-presidentielle-demission-confuse-et-surprenante-de-paul-hounkpe\\\/\",\"name\":\"Apr\u00e8s la pr\u00e9sidentielle: D\u00e9mission confuse et surprenante de Paul Hounkp\u00e8 - Le Patriote\",\"isPartOf\":{\"@id\":\"https:\\\/\\\/lepatriotebenin.com\\\/#website\"},\"primaryImageOfPage\":{\"@id\":\"https:\\\/\\\/lepatriotebenin.com\\\/index.php\\\/2026\\\/04\\\/29\\\/apres-la-presidentielle-demission-confuse-et-surprenante-de-paul-hounkpe\\\/#primaryimage\"},\"image\":{\"@id\":\"https:\\\/\\\/lepatriotebenin.com\\\/index.php\\\/2026\\\/04\\\/29\\\/apres-la-presidentielle-demission-confuse-et-surprenante-de-paul-hounkpe\\\/#primaryimage\"},\"thumbnailUrl\":\"https:\\\/\\\/lepatriotebenin.com\\\/wp-content\\\/uploads\\\/2026\\\/04\\\/paul-hounkpe.webp\",\"datePublished\":\"2026-04-29T02:38:43+00:00\",\"author\":{\"@id\":\"https:\\\/\\\/lepatriotebenin.com\\\/#\\\/schema\\\/person\\\/2e7709b9c9cc313e452d1136af61690f\"},\"breadcrumb\":{\"@id\":\"https:\\\/\\\/lepatriotebenin.com\\\/index.php\\\/2026\\\/04\\\/29\\\/apres-la-presidentielle-demission-confuse-et-surprenante-de-paul-hounkpe\\\/#breadcrumb\"},\"inLanguage\":\"fr-FR\",\"potentialAction\":[{\"@type\":\"ReadAction\",\"target\":[\"https:\\\/\\\/lepatriotebenin.com\\\/index.php\\\/2026\\\/04\\\/29\\\/apres-la-presidentielle-demission-confuse-et-surprenante-de-paul-hounkpe\\\/\"]}]},{\"@type\":\"ImageObject\",\"inLanguage\":\"fr-FR\",\"@id\":\"https:\\\/\\\/lepatriotebenin.com\\\/index.php\\\/2026\\\/04\\\/29\\\/apres-la-presidentielle-demission-confuse-et-surprenante-de-paul-hounkpe\\\/#primaryimage\",\"url\":\"https:\\\/\\\/lepatriotebenin.com\\\/wp-content\\\/uploads\\\/2026\\\/04\\\/paul-hounkpe.webp\",\"contentUrl\":\"https:\\\/\\\/lepatriotebenin.com\\\/wp-content\\\/uploads\\\/2026\\\/04\\\/paul-hounkpe.webp\",\"width\":1200,\"height\":900},{\"@type\":\"BreadcrumbList\",\"@id\":\"https:\\\/\\\/lepatriotebenin.com\\\/index.php\\\/2026\\\/04\\\/29\\\/apres-la-presidentielle-demission-confuse-et-surprenante-de-paul-hounkpe\\\/#breadcrumb\",\"itemListElement\":[{\"@type\":\"ListItem\",\"position\":1,\"name\":\"Accueil\",\"item\":\"https:\\\/\\\/lepatriotebenin.com\\\/\"},{\"@type\":\"ListItem\",\"position\":2,\"name\":\"Apr\u00e8s la pr\u00e9sidentielle: D\u00e9mission confuse et surprenante de Paul Hounkp\u00e8\"}]},{\"@type\":\"WebSite\",\"@id\":\"https:\\\/\\\/lepatriotebenin.com\\\/#website\",\"url\":\"https:\\\/\\\/lepatriotebenin.com\\\/\",\"name\":\"Le Patriote\",\"description\":\"Le Patriote B\u00e9nin\",\"potentialAction\":[{\"@type\":\"SearchAction\",\"target\":{\"@type\":\"EntryPoint\",\"urlTemplate\":\"https:\\\/\\\/lepatriotebenin.com\\\/?s={search_term_string}\"},\"query-input\":{\"@type\":\"PropertyValueSpecification\",\"valueRequired\":true,\"valueName\":\"search_term_string\"}}],\"inLanguage\":\"fr-FR\"},{\"@type\":\"Person\",\"@id\":\"https:\\\/\\\/lepatriotebenin.com\\\/#\\\/schema\\\/person\\\/2e7709b9c9cc313e452d1136af61690f\",\"name\":\"Redaction\",\"image\":{\"@type\":\"ImageObject\",\"inLanguage\":\"fr-FR\",\"@id\":\"https:\\\/\\\/secure.gravatar.com\\\/avatar\\\/c4c509357859ea2ca2cbb6d8812898a73e4ef1ef9934c2e591d7e32face734d1?s=96&d=mm&r=g\",\"url\":\"https:\\\/\\\/secure.gravatar.com\\\/avatar\\\/c4c509357859ea2ca2cbb6d8812898a73e4ef1ef9934c2e591d7e32face734d1?s=96&d=mm&r=g\",\"contentUrl\":\"https:\\\/\\\/secure.gravatar.com\\\/avatar\\\/c4c509357859ea2ca2cbb6d8812898a73e4ef1ef9934c2e591d7e32face734d1?s=96&d=mm&r=g\",\"caption\":\"Redaction\"},\"url\":\"https:\\\/\\\/lepatriotebenin.com\"}]}<\/script>\n<!-- \/ Yoast SEO plugin. -->","yoast_head_json":{"title":"Apr\u00e8s la pr\u00e9sidentielle: D\u00e9mission confuse et surprenante de Paul Hounkp\u00e8 - Le Patriote","robots":{"index":"index","follow":"follow","max-snippet":"max-snippet:-1","max-image-preview":"max-image-preview:large","max-video-preview":"max-video-preview:-1"},"canonical":"https:\/\/lepatriotebenin.com\/index.php\/2026\/04\/29\/apres-la-presidentielle-demission-confuse-et-surprenante-de-paul-hounkpe\/","og_locale":"fr_FR","og_type":"article","og_title":"Apr\u00e8s la pr\u00e9sidentielle: D\u00e9mission confuse et surprenante de Paul Hounkp\u00e8 - Le Patriote","og_description":"La sc\u00e8ne politique b\u00e9ninoise vient d\u2019\u00eatre secou\u00e9e par une annonce\u00a0 inattendue. \u00c0 travers une correspondance adress\u00e9e au premier Secr\u00e9taire ex\u00e9cutif national du parti Force cauris pour un B\u00e9nin \u00c9mergent (FCBE),&hellip;","og_url":"https:\/\/lepatriotebenin.com\/index.php\/2026\/04\/29\/apres-la-presidentielle-demission-confuse-et-surprenante-de-paul-hounkpe\/","og_site_name":"Le Patriote","article_published_time":"2026-04-29T02:38:43+00:00","og_image":[{"width":1200,"height":900,"url":"https:\/\/lepatriotebenin.com\/wp-content\/uploads\/2026\/04\/paul-hounkpe.webp","type":"image\/webp"}],"author":"Redaction","twitter_card":"summary_large_image","twitter_misc":{"\u00c9crit par":"Redaction","Dur\u00e9e de lecture estim\u00e9e":"3 minutes"},"schema":{"@context":"https:\/\/schema.org","@graph":[{"@type":"Article","@id":"https:\/\/lepatriotebenin.com\/index.php\/2026\/04\/29\/apres-la-presidentielle-demission-confuse-et-surprenante-de-paul-hounkpe\/#article","isPartOf":{"@id":"https:\/\/lepatriotebenin.com\/index.php\/2026\/04\/29\/apres-la-presidentielle-demission-confuse-et-surprenante-de-paul-hounkpe\/"},"author":{"name":"Redaction","@id":"https:\/\/lepatriotebenin.com\/#\/schema\/person\/2e7709b9c9cc313e452d1136af61690f"},"headline":"Apr\u00e8s la pr\u00e9sidentielle: D\u00e9mission confuse et surprenante de Paul Hounkp\u00e8","datePublished":"2026-04-29T02:38:43+00:00","mainEntityOfPage":{"@id":"https:\/\/lepatriotebenin.com\/index.php\/2026\/04\/29\/apres-la-presidentielle-demission-confuse-et-surprenante-de-paul-hounkpe\/"},"wordCount":489,"commentCount":0,"image":{"@id":"https:\/\/lepatriotebenin.com\/index.php\/2026\/04\/29\/apres-la-presidentielle-demission-confuse-et-surprenante-de-paul-hounkpe\/#primaryimage"},"thumbnailUrl":"https:\/\/lepatriotebenin.com\/wp-content\/uploads\/2026\/04\/paul-hounkpe.webp","articleSection":["Politique"],"inLanguage":"fr-FR","potentialAction":[{"@type":"CommentAction","name":"Comment","target":["https:\/\/lepatriotebenin.com\/index.php\/2026\/04\/29\/apres-la-presidentielle-demission-confuse-et-surprenante-de-paul-hounkpe\/#respond"]}]},{"@type":"WebPage","@id":"https:\/\/lepatriotebenin.com\/index.php\/2026\/04\/29\/apres-la-presidentielle-demission-confuse-et-surprenante-de-paul-hounkpe\/","url":"https:\/\/lepatriotebenin.com\/index.php\/2026\/04\/29\/apres-la-presidentielle-demission-confuse-et-surprenante-de-paul-hounkpe\/","name":"Apr\u00e8s la pr\u00e9sidentielle: D\u00e9mission confuse et surprenante de Paul Hounkp\u00e8 - Le Patriote","isPartOf":{"@id":"https:\/\/lepatriotebenin.com\/#website"},"primaryImageOfPage":{"@id":"https:\/\/lepatriotebenin.com\/index.php\/2026\/04\/29\/apres-la-presidentielle-demission-confuse-et-surprenante-de-paul-hounkpe\/#primaryimage"},"image":{"@id":"https:\/\/lepatriotebenin.com\/index.php\/2026\/04\/29\/apres-la-presidentielle-demission-confuse-et-surprenante-de-paul-hounkpe\/#primaryimage"},"thumbnailUrl":"https:\/\/lepatriotebenin.com\/wp-content\/uploads\/2026\/04\/paul-hounkpe.webp","datePublished":"2026-04-29T02:38:43+00:00","author":{"@id":"https:\/\/lepatriotebenin.com\/#\/schema\/person\/2e7709b9c9cc313e452d1136af61690f"},"breadcrumb":{"@id":"https:\/\/lepatriotebenin.com\/index.php\/2026\/04\/29\/apres-la-presidentielle-demission-confuse-et-surprenante-de-paul-hounkpe\/#breadcrumb"},"inLanguage":"fr-FR","potentialAction":[{"@type":"ReadAction","target":["https:\/\/lepatriotebenin.com\/index.php\/2026\/04\/29\/apres-la-presidentielle-demission-confuse-et-surprenante-de-paul-hounkpe\/"]}]},{"@type":"ImageObject","inLanguage":"fr-FR","@id":"https:\/\/lepatriotebenin.com\/index.php\/2026\/04\/29\/apres-la-presidentielle-demission-confuse-et-surprenante-de-paul-hounkpe\/#primaryimage","url":"https:\/\/lepatriotebenin.com\/wp-content\/uploads\/2026\/04\/paul-hounkpe.webp","contentUrl":"https:\/\/lepatriotebenin.com\/wp-content\/uploads\/2026\/04\/paul-hounkpe.webp","width":1200,"height":900},{"@type":"BreadcrumbList","@id":"https:\/\/lepatriotebenin.com\/index.php\/2026\/04\/29\/apres-la-presidentielle-demission-confuse-et-surprenante-de-paul-hounkpe\/#breadcrumb","itemListElement":[{"@type":"ListItem","position":1,"name":"Accueil","item":"https:\/\/lepatriotebenin.com\/"},{"@type":"ListItem","position":2,"name":"Apr\u00e8s la pr\u00e9sidentielle: D\u00e9mission confuse et surprenante de Paul Hounkp\u00e8"}]},{"@type":"WebSite","@id":"https:\/\/lepatriotebenin.com\/#website","url":"https:\/\/lepatriotebenin.com\/","name":"Le Patriote","description":"Le Patriote B\u00e9nin","potentialAction":[{"@type":"SearchAction","target":{"@type":"EntryPoint","urlTemplate":"https:\/\/lepatriotebenin.com\/?s={search_term_string}"},"query-input":{"@type":"PropertyValueSpecification","valueRequired":true,"valueName":"search_term_string"}}],"inLanguage":"fr-FR"},{"@type":"Person","@id":"https:\/\/lepatriotebenin.com\/#\/schema\/person\/2e7709b9c9cc313e452d1136af61690f","name":"Redaction","image":{"@type":"ImageObject","inLanguage":"fr-FR","@id":"https:\/\/secure.gravatar.com\/avatar\/c4c509357859ea2ca2cbb6d8812898a73e4ef1ef9934c2e591d7e32face734d1?s=96&d=mm&r=g","url":"https:\/\/secure.gravatar.com\/avatar\/c4c509357859ea2ca2cbb6d8812898a73e4ef1ef9934c2e591d7e32face734d1?s=96&d=mm&r=g","contentUrl":"https:\/\/secure.gravatar.com\/avatar\/c4c509357859ea2ca2cbb6d8812898a73e4ef1ef9934c2e591d7e32face734d1?s=96&d=mm&r=g","caption":"Redaction"},"url":"https:\/\/lepatriotebenin.com"}]}},"_links":{"self":[{"href":"https:\/\/lepatriotebenin.com\/index.php\/wp-json\/wp\/v2\/posts\/18899","targetHints":{"allow":["GET"]}}],"collection":[{"href":"https:\/\/lepatriotebenin.com\/index.php\/wp-json\/wp\/v2\/posts"}],"about":[{"href":"https:\/\/lepatriotebenin.com\/index.php\/wp-json\/wp\/v2\/types\/post"}],"author":[{"embeddable":true,"href":"https:\/\/lepatriotebenin.com\/index.php\/wp-json\/wp\/v2\/users\/5"}],"replies":[{"embeddable":true,"href":"https:\/\/lepatriotebenin.com\/index.php\/wp-json\/wp\/v2\/comments?post=18899"}],"version-history":[{"count":1,"href":"https:\/\/lepatriotebenin.com\/index.php\/wp-json\/wp\/v2\/posts\/18899\/revisions"}],"predecessor-version":[{"id":18901,"href":"https:\/\/lepatriotebenin.com\/index.php\/wp-json\/wp\/v2\/posts\/18899\/revisions\/18901"}],"wp:featuredmedia":[{"embeddable":true,"href":"https:\/\/lepatriotebenin.com\/index.php\/wp-json\/wp\/v2\/media\/18522"}],"wp:attachment":[{"href":"https:\/\/lepatriotebenin.com\/index.php\/wp-json\/wp\/v2\/media?parent=18899"}],"wp:term":[{"taxonomy":"category","embeddable":true,"href":"https:\/\/lepatriotebenin.com\/index.php\/wp-json\/wp\/v2\/categories?post=18899"},{"taxonomy":"post_tag","embeddable":true,"href":"https:\/\/lepatriotebenin.com\/index.php\/wp-json\/wp\/v2\/tags?post=18899"}],"curies":[{"name":"wp","href":"https:\/\/api.w.org\/{rel}","templated":true}]}}