{"id":18892,"date":"2026-04-29T04:00:24","date_gmt":"2026-04-29T02:00:24","guid":{"rendered":"https:\/\/lepatriotebenin.com\/?p=18892"},"modified":"2026-04-29T04:00:24","modified_gmt":"2026-04-29T02:00:24","slug":"can-beach-handball-lome-2026-les-amazones-decrochent-lor-et-se-qualifient-pour-le-mondial","status":"publish","type":"post","link":"https:\/\/lepatriotebenin.com\/index.php\/2026\/04\/29\/can-beach-handball-lome-2026-les-amazones-decrochent-lor-et-se-qualifient-pour-le-mondial\/","title":{"rendered":"CAN  Beach Handball, Lom\u00e9 2026 :  Les Amazones d\u00e9crochent l\u2019or  et se qualifient pour le Mondial"},"content":{"rendered":"<p>Les Amazones du B\u00e9nin ont \u00e9crit une page magnifique de l&rsquo;histoire du handball national. Pour leur premi\u00e8re participation\u00a0 \u00e0 un Championnat d&rsquo;Afrique des Nations de Beach Handball, elles ont d\u00e9croch\u00e9 la m\u00e9daille d&rsquo;or\u00a0 en venant \u00e0 bout du \u00a0Togo\u00a0 en finale. Ce sacre continental leur\u00a0 permet de\u00a0 se qualifier directement pour le championnat du monde de la discipline.<\/p>\n<p>Outsider \u00e0 l\u2019entame du match \u00e0 cause de \u00a0sa deuxi\u00e8me place \u00a0derri\u00e8re son adversaire de finale (Togo) au terme de la phase de groupe, l\u2019\u00e9quipe \u00a0b\u00e9ninoise a r\u00e9alis\u00e9 une performance pour s\u2019offrir le troph\u00e9e. Men\u00e9es 0-1 \u00e0 la fin de la premi\u00e8re partie (11-15), les B\u00e9ninoises \u00a0ont renvers\u00e9 la vapeur (14-10) lors la deuxi\u00e8me partie pour s\u2019ouvrir la porte des shoots out. Au shoot out,\u00a0 B\u00e9ninoises \u00a0et Togolaises se sont neutralis\u00e9es (3-3) au terme \u00a0de la premi\u00e8re \u00e9tape avant d\u2019\u00eatre d\u00e9partag\u00e9es \u00e0 l\u2019\u00e9tape de la \u00ab mort subite \u00bb o\u00f9 les Amazones ont r\u00e9ussi 4 tirs contre 3 pour le Togo. Championnes d\u2019Afrique, les Amazones s\u2019offrent par la m\u00eame occasion le ticket pour le mondial du beach handball. En effet, le B\u00e9nin au travers de sa formation f\u00e9minine va\u00a0 repr\u00e9senter l\u2019Afrique au 12\u00e8 Championnat du monde de Beach handball qui se tiendra dans les sables (plage) de la Croatie du 23 au 28 juin 2026.<\/p>\n","protected":false},"excerpt":{"rendered":"<p>Les Amazones du B\u00e9nin ont \u00e9crit une page magnifique de l&rsquo;histoire du handball national. Pour leur premi\u00e8re participation\u00a0 \u00e0 un Championnat d&rsquo;Afrique des Nations de Beach Handball, elles ont d\u00e9croch\u00e9&hellip;<\/p>\n","protected":false},"author":6,"featured_media":18893,"comment_status":"open","ping_status":"open","sticky":false,"template":"","format":"standard","meta":{"content-type":"","om_disable_all_campaigns":false,"_monsterinsights_skip_tracking":false,"_monsterinsights_sitenote_active":false,"_monsterinsights_sitenote_note":"","_monsterinsights_sitenote_category":0,"_uf_show_specific_survey":0,"_uf_disable_surveys":false,"footnotes":""},"categories":[8],"tags":[],"class_list":["post-18892","post","type-post","status-publish","format-standard","has-post-thumbnail","hentry","category-sport"],"aioseo_notices":[],"yoast_head":"<!-- This site is optimized with the Yoast SEO plugin v27.5 - https:\/\/yoast.com\/product\/yoast-seo-wordpress\/ -->\n<title>CAN Beach Handball, Lom\u00e9 2026 : Les Amazones d\u00e9crochent l\u2019or et se qualifient pour le Mondial - Le Patriote<\/title>\n<meta name=\"robots\" content=\"index, follow, max-snippet:-1, max-image-preview:large, max-video-preview:-1\" \/>\n<link rel=\"canonical\" href=\"https:\/\/lepatriotebenin.com\/index.php\/2026\/04\/29\/can-beach-handball-lome-2026-les-amazones-decrochent-lor-et-se-qualifient-pour-le-mondial\/\" \/>\n<meta property=\"og:locale\" content=\"fr_FR\" \/>\n<meta property=\"og:type\" content=\"article\" \/>\n<meta property=\"og:title\" content=\"CAN Beach Handball, Lom\u00e9 2026 : Les Amazones d\u00e9crochent l\u2019or et se qualifient pour le Mondial - Le Patriote\" \/>\n<meta property=\"og:description\" content=\"Les Amazones du B\u00e9nin ont \u00e9crit une page magnifique de l&rsquo;histoire du handball national. Pour leur premi\u00e8re participation\u00a0 \u00e0 un Championnat d&rsquo;Afrique des Nations de Beach Handball, elles ont d\u00e9croch\u00e9&hellip;\" \/>\n<meta property=\"og:url\" content=\"https:\/\/lepatriotebenin.com\/index.php\/2026\/04\/29\/can-beach-handball-lome-2026-les-amazones-decrochent-lor-et-se-qualifient-pour-le-mondial\/\" \/>\n<meta property=\"og:site_name\" content=\"Le Patriote\" \/>\n<meta property=\"article:published_time\" content=\"2026-04-29T02:00:24+00:00\" \/>\n<meta property=\"og:image\" content=\"https:\/\/lepatriotebenin.com\/wp-content\/uploads\/2026\/04\/can-beach-hand.jpg\" \/>\n\t<meta property=\"og:image:width\" content=\"1920\" \/>\n\t<meta property=\"og:image:height\" content=\"1920\" \/>\n\t<meta property=\"og:image:type\" content=\"image\/jpeg\" \/>\n<meta name=\"author\" content=\"Roland AFFANOU\" \/>\n<meta name=\"twitter:card\" content=\"summary_large_image\" \/>\n<meta name=\"twitter:label1\" content=\"\u00c9crit par\" \/>\n\t<meta name=\"twitter:data1\" content=\"Roland AFFANOU\" \/>\n\t<meta name=\"twitter:label2\" content=\"Dur\u00e9e de lecture estim\u00e9e\" \/>\n\t<meta name=\"twitter:data2\" content=\"2 minutes\" \/>\n<script type=\"application\/ld+json\" class=\"yoast-schema-graph\">{\"@context\":\"https:\\\/\\\/schema.org\",\"@graph\":[{\"@type\":\"Article\",\"@id\":\"https:\\\/\\\/lepatriotebenin.com\\\/index.php\\\/2026\\\/04\\\/29\\\/can-beach-handball-lome-2026-les-amazones-decrochent-lor-et-se-qualifient-pour-le-mondial\\\/#article\",\"isPartOf\":{\"@id\":\"https:\\\/\\\/lepatriotebenin.com\\\/index.php\\\/2026\\\/04\\\/29\\\/can-beach-handball-lome-2026-les-amazones-decrochent-lor-et-se-qualifient-pour-le-mondial\\\/\"},\"author\":{\"name\":\"Roland AFFANOU\",\"@id\":\"https:\\\/\\\/lepatriotebenin.com\\\/#\\\/schema\\\/person\\\/4a9b67216c97d04045e01405c534c91f\"},\"headline\":\"CAN Beach Handball, Lom\u00e9 2026 : Les Amazones d\u00e9crochent l\u2019or et se qualifient pour le Mondial\",\"datePublished\":\"2026-04-29T02:00:24+00:00\",\"mainEntityOfPage\":{\"@id\":\"https:\\\/\\\/lepatriotebenin.com\\\/index.php\\\/2026\\\/04\\\/29\\\/can-beach-handball-lome-2026-les-amazones-decrochent-lor-et-se-qualifient-pour-le-mondial\\\/\"},\"wordCount\":250,\"commentCount\":0,\"image\":{\"@id\":\"https:\\\/\\\/lepatriotebenin.com\\\/index.php\\\/2026\\\/04\\\/29\\\/can-beach-handball-lome-2026-les-amazones-decrochent-lor-et-se-qualifient-pour-le-mondial\\\/#primaryimage\"},\"thumbnailUrl\":\"https:\\\/\\\/lepatriotebenin.com\\\/wp-content\\\/uploads\\\/2026\\\/04\\\/can-beach-hand.jpg\",\"articleSection\":[\"Sport\"],\"inLanguage\":\"fr-FR\",\"potentialAction\":[{\"@type\":\"CommentAction\",\"name\":\"Comment\",\"target\":[\"https:\\\/\\\/lepatriotebenin.com\\\/index.php\\\/2026\\\/04\\\/29\\\/can-beach-handball-lome-2026-les-amazones-decrochent-lor-et-se-qualifient-pour-le-mondial\\\/#respond\"]}]},{\"@type\":\"WebPage\",\"@id\":\"https:\\\/\\\/lepatriotebenin.com\\\/index.php\\\/2026\\\/04\\\/29\\\/can-beach-handball-lome-2026-les-amazones-decrochent-lor-et-se-qualifient-pour-le-mondial\\\/\",\"url\":\"https:\\\/\\\/lepatriotebenin.com\\\/index.php\\\/2026\\\/04\\\/29\\\/can-beach-handball-lome-2026-les-amazones-decrochent-lor-et-se-qualifient-pour-le-mondial\\\/\",\"name\":\"CAN Beach Handball, Lom\u00e9 2026 : Les Amazones d\u00e9crochent l\u2019or et se qualifient pour le Mondial - Le Patriote\",\"isPartOf\":{\"@id\":\"https:\\\/\\\/lepatriotebenin.com\\\/#website\"},\"primaryImageOfPage\":{\"@id\":\"https:\\\/\\\/lepatriotebenin.com\\\/index.php\\\/2026\\\/04\\\/29\\\/can-beach-handball-lome-2026-les-amazones-decrochent-lor-et-se-qualifient-pour-le-mondial\\\/#primaryimage\"},\"image\":{\"@id\":\"https:\\\/\\\/lepatriotebenin.com\\\/index.php\\\/2026\\\/04\\\/29\\\/can-beach-handball-lome-2026-les-amazones-decrochent-lor-et-se-qualifient-pour-le-mondial\\\/#primaryimage\"},\"thumbnailUrl\":\"https:\\\/\\\/lepatriotebenin.com\\\/wp-content\\\/uploads\\\/2026\\\/04\\\/can-beach-hand.jpg\",\"datePublished\":\"2026-04-29T02:00:24+00:00\",\"author\":{\"@id\":\"https:\\\/\\\/lepatriotebenin.com\\\/#\\\/schema\\\/person\\\/4a9b67216c97d04045e01405c534c91f\"},\"breadcrumb\":{\"@id\":\"https:\\\/\\\/lepatriotebenin.com\\\/index.php\\\/2026\\\/04\\\/29\\\/can-beach-handball-lome-2026-les-amazones-decrochent-lor-et-se-qualifient-pour-le-mondial\\\/#breadcrumb\"},\"inLanguage\":\"fr-FR\",\"potentialAction\":[{\"@type\":\"ReadAction\",\"target\":[\"https:\\\/\\\/lepatriotebenin.com\\\/index.php\\\/2026\\\/04\\\/29\\\/can-beach-handball-lome-2026-les-amazones-decrochent-lor-et-se-qualifient-pour-le-mondial\\\/\"]}]},{\"@type\":\"ImageObject\",\"inLanguage\":\"fr-FR\",\"@id\":\"https:\\\/\\\/lepatriotebenin.com\\\/index.php\\\/2026\\\/04\\\/29\\\/can-beach-handball-lome-2026-les-amazones-decrochent-lor-et-se-qualifient-pour-le-mondial\\\/#primaryimage\",\"url\":\"https:\\\/\\\/lepatriotebenin.com\\\/wp-content\\\/uploads\\\/2026\\\/04\\\/can-beach-hand.jpg\",\"contentUrl\":\"https:\\\/\\\/lepatriotebenin.com\\\/wp-content\\\/uploads\\\/2026\\\/04\\\/can-beach-hand.jpg\",\"width\":1920,\"height\":1920},{\"@type\":\"BreadcrumbList\",\"@id\":\"https:\\\/\\\/lepatriotebenin.com\\\/index.php\\\/2026\\\/04\\\/29\\\/can-beach-handball-lome-2026-les-amazones-decrochent-lor-et-se-qualifient-pour-le-mondial\\\/#breadcrumb\",\"itemListElement\":[{\"@type\":\"ListItem\",\"position\":1,\"name\":\"Accueil\",\"item\":\"https:\\\/\\\/lepatriotebenin.com\\\/\"},{\"@type\":\"ListItem\",\"position\":2,\"name\":\"CAN Beach Handball, Lom\u00e9 2026 : Les Amazones d\u00e9crochent l\u2019or et se qualifient pour le Mondial\"}]},{\"@type\":\"WebSite\",\"@id\":\"https:\\\/\\\/lepatriotebenin.com\\\/#website\",\"url\":\"https:\\\/\\\/lepatriotebenin.com\\\/\",\"name\":\"Le Patriote\",\"description\":\"Le Patriote B\u00e9nin\",\"potentialAction\":[{\"@type\":\"SearchAction\",\"target\":{\"@type\":\"EntryPoint\",\"urlTemplate\":\"https:\\\/\\\/lepatriotebenin.com\\\/?s={search_term_string}\"},\"query-input\":{\"@type\":\"PropertyValueSpecification\",\"valueRequired\":true,\"valueName\":\"search_term_string\"}}],\"inLanguage\":\"fr-FR\"},{\"@type\":\"Person\",\"@id\":\"https:\\\/\\\/lepatriotebenin.com\\\/#\\\/schema\\\/person\\\/4a9b67216c97d04045e01405c534c91f\",\"name\":\"Roland AFFANOU\",\"image\":{\"@type\":\"ImageObject\",\"inLanguage\":\"fr-FR\",\"@id\":\"https:\\\/\\\/secure.gravatar.com\\\/avatar\\\/7209d3f6d2d47ea4d0c67e14d3effb61feb10ae540a4381280c66265de5bd643?s=96&d=mm&r=g\",\"url\":\"https:\\\/\\\/secure.gravatar.com\\\/avatar\\\/7209d3f6d2d47ea4d0c67e14d3effb61feb10ae540a4381280c66265de5bd643?s=96&d=mm&r=g\",\"contentUrl\":\"https:\\\/\\\/secure.gravatar.com\\\/avatar\\\/7209d3f6d2d47ea4d0c67e14d3effb61feb10ae540a4381280c66265de5bd643?s=96&d=mm&r=g\",\"caption\":\"Roland AFFANOU\"},\"url\":\"https:\\\/\\\/lepatriotebenin.com\"}]}<\/script>\n<!-- \/ Yoast SEO plugin. -->","yoast_head_json":{"title":"CAN Beach Handball, Lom\u00e9 2026 : Les Amazones d\u00e9crochent l\u2019or et se qualifient pour le Mondial - Le Patriote","robots":{"index":"index","follow":"follow","max-snippet":"max-snippet:-1","max-image-preview":"max-image-preview:large","max-video-preview":"max-video-preview:-1"},"canonical":"https:\/\/lepatriotebenin.com\/index.php\/2026\/04\/29\/can-beach-handball-lome-2026-les-amazones-decrochent-lor-et-se-qualifient-pour-le-mondial\/","og_locale":"fr_FR","og_type":"article","og_title":"CAN Beach Handball, Lom\u00e9 2026 : Les Amazones d\u00e9crochent l\u2019or et se qualifient pour le Mondial - Le Patriote","og_description":"Les Amazones du B\u00e9nin ont \u00e9crit une page magnifique de l&rsquo;histoire du handball national. Pour leur premi\u00e8re participation\u00a0 \u00e0 un Championnat d&rsquo;Afrique des Nations de Beach Handball, elles ont d\u00e9croch\u00e9&hellip;","og_url":"https:\/\/lepatriotebenin.com\/index.php\/2026\/04\/29\/can-beach-handball-lome-2026-les-amazones-decrochent-lor-et-se-qualifient-pour-le-mondial\/","og_site_name":"Le Patriote","article_published_time":"2026-04-29T02:00:24+00:00","og_image":[{"width":1920,"height":1920,"url":"https:\/\/lepatriotebenin.com\/wp-content\/uploads\/2026\/04\/can-beach-hand.jpg","type":"image\/jpeg"}],"author":"Roland AFFANOU","twitter_card":"summary_large_image","twitter_misc":{"\u00c9crit par":"Roland AFFANOU","Dur\u00e9e de lecture estim\u00e9e":"2 minutes"},"schema":{"@context":"https:\/\/schema.org","@graph":[{"@type":"Article","@id":"https:\/\/lepatriotebenin.com\/index.php\/2026\/04\/29\/can-beach-handball-lome-2026-les-amazones-decrochent-lor-et-se-qualifient-pour-le-mondial\/#article","isPartOf":{"@id":"https:\/\/lepatriotebenin.com\/index.php\/2026\/04\/29\/can-beach-handball-lome-2026-les-amazones-decrochent-lor-et-se-qualifient-pour-le-mondial\/"},"author":{"name":"Roland AFFANOU","@id":"https:\/\/lepatriotebenin.com\/#\/schema\/person\/4a9b67216c97d04045e01405c534c91f"},"headline":"CAN Beach Handball, Lom\u00e9 2026 : Les Amazones d\u00e9crochent l\u2019or et se qualifient pour le Mondial","datePublished":"2026-04-29T02:00:24+00:00","mainEntityOfPage":{"@id":"https:\/\/lepatriotebenin.com\/index.php\/2026\/04\/29\/can-beach-handball-lome-2026-les-amazones-decrochent-lor-et-se-qualifient-pour-le-mondial\/"},"wordCount":250,"commentCount":0,"image":{"@id":"https:\/\/lepatriotebenin.com\/index.php\/2026\/04\/29\/can-beach-handball-lome-2026-les-amazones-decrochent-lor-et-se-qualifient-pour-le-mondial\/#primaryimage"},"thumbnailUrl":"https:\/\/lepatriotebenin.com\/wp-content\/uploads\/2026\/04\/can-beach-hand.jpg","articleSection":["Sport"],"inLanguage":"fr-FR","potentialAction":[{"@type":"CommentAction","name":"Comment","target":["https:\/\/lepatriotebenin.com\/index.php\/2026\/04\/29\/can-beach-handball-lome-2026-les-amazones-decrochent-lor-et-se-qualifient-pour-le-mondial\/#respond"]}]},{"@type":"WebPage","@id":"https:\/\/lepatriotebenin.com\/index.php\/2026\/04\/29\/can-beach-handball-lome-2026-les-amazones-decrochent-lor-et-se-qualifient-pour-le-mondial\/","url":"https:\/\/lepatriotebenin.com\/index.php\/2026\/04\/29\/can-beach-handball-lome-2026-les-amazones-decrochent-lor-et-se-qualifient-pour-le-mondial\/","name":"CAN Beach Handball, Lom\u00e9 2026 : Les Amazones d\u00e9crochent l\u2019or et se qualifient pour le Mondial - Le Patriote","isPartOf":{"@id":"https:\/\/lepatriotebenin.com\/#website"},"primaryImageOfPage":{"@id":"https:\/\/lepatriotebenin.com\/index.php\/2026\/04\/29\/can-beach-handball-lome-2026-les-amazones-decrochent-lor-et-se-qualifient-pour-le-mondial\/#primaryimage"},"image":{"@id":"https:\/\/lepatriotebenin.com\/index.php\/2026\/04\/29\/can-beach-handball-lome-2026-les-amazones-decrochent-lor-et-se-qualifient-pour-le-mondial\/#primaryimage"},"thumbnailUrl":"https:\/\/lepatriotebenin.com\/wp-content\/uploads\/2026\/04\/can-beach-hand.jpg","datePublished":"2026-04-29T02:00:24+00:00","author":{"@id":"https:\/\/lepatriotebenin.com\/#\/schema\/person\/4a9b67216c97d04045e01405c534c91f"},"breadcrumb":{"@id":"https:\/\/lepatriotebenin.com\/index.php\/2026\/04\/29\/can-beach-handball-lome-2026-les-amazones-decrochent-lor-et-se-qualifient-pour-le-mondial\/#breadcrumb"},"inLanguage":"fr-FR","potentialAction":[{"@type":"ReadAction","target":["https:\/\/lepatriotebenin.com\/index.php\/2026\/04\/29\/can-beach-handball-lome-2026-les-amazones-decrochent-lor-et-se-qualifient-pour-le-mondial\/"]}]},{"@type":"ImageObject","inLanguage":"fr-FR","@id":"https:\/\/lepatriotebenin.com\/index.php\/2026\/04\/29\/can-beach-handball-lome-2026-les-amazones-decrochent-lor-et-se-qualifient-pour-le-mondial\/#primaryimage","url":"https:\/\/lepatriotebenin.com\/wp-content\/uploads\/2026\/04\/can-beach-hand.jpg","contentUrl":"https:\/\/lepatriotebenin.com\/wp-content\/uploads\/2026\/04\/can-beach-hand.jpg","width":1920,"height":1920},{"@type":"BreadcrumbList","@id":"https:\/\/lepatriotebenin.com\/index.php\/2026\/04\/29\/can-beach-handball-lome-2026-les-amazones-decrochent-lor-et-se-qualifient-pour-le-mondial\/#breadcrumb","itemListElement":[{"@type":"ListItem","position":1,"name":"Accueil","item":"https:\/\/lepatriotebenin.com\/"},{"@type":"ListItem","position":2,"name":"CAN Beach Handball, Lom\u00e9 2026 : Les Amazones d\u00e9crochent l\u2019or et se qualifient pour le Mondial"}]},{"@type":"WebSite","@id":"https:\/\/lepatriotebenin.com\/#website","url":"https:\/\/lepatriotebenin.com\/","name":"Le Patriote","description":"Le Patriote B\u00e9nin","potentialAction":[{"@type":"SearchAction","target":{"@type":"EntryPoint","urlTemplate":"https:\/\/lepatriotebenin.com\/?s={search_term_string}"},"query-input":{"@type":"PropertyValueSpecification","valueRequired":true,"valueName":"search_term_string"}}],"inLanguage":"fr-FR"},{"@type":"Person","@id":"https:\/\/lepatriotebenin.com\/#\/schema\/person\/4a9b67216c97d04045e01405c534c91f","name":"Roland AFFANOU","image":{"@type":"ImageObject","inLanguage":"fr-FR","@id":"https:\/\/secure.gravatar.com\/avatar\/7209d3f6d2d47ea4d0c67e14d3effb61feb10ae540a4381280c66265de5bd643?s=96&d=mm&r=g","url":"https:\/\/secure.gravatar.com\/avatar\/7209d3f6d2d47ea4d0c67e14d3effb61feb10ae540a4381280c66265de5bd643?s=96&d=mm&r=g","contentUrl":"https:\/\/secure.gravatar.com\/avatar\/7209d3f6d2d47ea4d0c67e14d3effb61feb10ae540a4381280c66265de5bd643?s=96&d=mm&r=g","caption":"Roland AFFANOU"},"url":"https:\/\/lepatriotebenin.com"}]}},"_links":{"self":[{"href":"https:\/\/lepatriotebenin.com\/index.php\/wp-json\/wp\/v2\/posts\/18892","targetHints":{"allow":["GET"]}}],"collection":[{"href":"https:\/\/lepatriotebenin.com\/index.php\/wp-json\/wp\/v2\/posts"}],"about":[{"href":"https:\/\/lepatriotebenin.com\/index.php\/wp-json\/wp\/v2\/types\/post"}],"author":[{"embeddable":true,"href":"https:\/\/lepatriotebenin.com\/index.php\/wp-json\/wp\/v2\/users\/6"}],"replies":[{"embeddable":true,"href":"https:\/\/lepatriotebenin.com\/index.php\/wp-json\/wp\/v2\/comments?post=18892"}],"version-history":[{"count":1,"href":"https:\/\/lepatriotebenin.com\/index.php\/wp-json\/wp\/v2\/posts\/18892\/revisions"}],"predecessor-version":[{"id":18894,"href":"https:\/\/lepatriotebenin.com\/index.php\/wp-json\/wp\/v2\/posts\/18892\/revisions\/18894"}],"wp:featuredmedia":[{"embeddable":true,"href":"https:\/\/lepatriotebenin.com\/index.php\/wp-json\/wp\/v2\/media\/18893"}],"wp:attachment":[{"href":"https:\/\/lepatriotebenin.com\/index.php\/wp-json\/wp\/v2\/media?parent=18892"}],"wp:term":[{"taxonomy":"category","embeddable":true,"href":"https:\/\/lepatriotebenin.com\/index.php\/wp-json\/wp\/v2\/categories?post=18892"},{"taxonomy":"post_tag","embeddable":true,"href":"https:\/\/lepatriotebenin.com\/index.php\/wp-json\/wp\/v2\/tags?post=18892"}],"curies":[{"name":"wp","href":"https:\/\/api.w.org\/{rel}","templated":true}]}}