{"id":18885,"date":"2026-04-28T22:02:49","date_gmt":"2026-04-28T20:02:49","guid":{"rendered":"https:\/\/lepatriotebenin.com\/?p=18885"},"modified":"2026-04-28T22:02:49","modified_gmt":"2026-04-28T20:02:49","slug":"xenophobie-en-afrique-du-sud-nouvelles-flambees-de-violences-contre-les-migrants-africains","status":"publish","type":"post","link":"https:\/\/lepatriotebenin.com\/index.php\/2026\/04\/28\/xenophobie-en-afrique-du-sud-nouvelles-flambees-de-violences-contre-les-migrants-africains\/","title":{"rendered":"\u200eX\u00e9nophobie en Afrique du Sud : nouvelles flamb\u00e9es de violences contre les migrants africains"},"content":{"rendered":"<p>Depuis fin mars 2026, plusieurs provinces sud-africaines sont secou\u00e9es par des manifestations anti-\u00e9trangers et des agressions cibl\u00e9es. Malgr\u00e9 les appels au calme du pr\u00e9sident Cyril Ramaphosa, la situation reste tendue dans le pays.<\/p>\n<p>\u200eDepuis fin mars 2026, l\u2019Afrique du Sud fait face \u00e0 une r\u00e9surgence des violences x\u00e9nophobes . Dans le Cap-Oriental, notamment \u00e0 Albany et Buffalo City, des habitations de migrants ont \u00e9t\u00e9 attaqu\u00e9es entre fin mars et d\u00e9but avril, provoquant des d\u00e9placements forc\u00e9s. Le 18 avril, \u00e0 Johannesburg, plusieurs commerces appartenant \u00e0 des \u00e9trangers ont \u00e9t\u00e9 vandalis\u00e9s, certains incendi\u00e9s.<\/p>\n<p>\u200eLe 22 avril, \u00e0 Pretoria, des groupes se r\u00e9clamant de \u00ab\u00a0Operation Dudula\u00a0\u00bb ont men\u00e9 des contr\u00f4les informels visant des migrants. Le lendemain, \u00e0 Durban, des v\u00e9hicules appartenant \u00e0 des \u00e9trangers ont \u00e9t\u00e9 incendi\u00e9s lors de manifestations anti-immigration.<\/p>\n<p>\u200eParall\u00e8lement, plusieurs vid\u00e9os virales montrent des migrants, notamment ghan\u00e9ens, harcel\u00e9s et somm\u00e9s de quitter le pays. L\u2019un d\u2019eux, r\u00e9sident l\u00e9gal, a \u00e9t\u00e9 publiquement somm\u00e9 de \u00ab rentrer chez lui \u00bb dans le KwaZulu-Natal.<\/p>\n<p>\u200ePar ailleurs, des informations relay\u00e9es sur les r\u00e9seaux sociaux et reprises par certains m\u00e9dias locaux font \u00e9tat d\u2019une attaque meurtri\u00e8re dans un restaurant du Gauteng, o\u00f9 trois ressortissants \u00e9trangers auraient \u00e9t\u00e9 tu\u00e9s. Si les circonstances exactes restent \u00e0 clarifier, cet \u00e9pisode a contribu\u00e9 \u00e0 renforcer la peur au sein des communaut\u00e9s migrantes.<\/p>\n<p>\u200eSelon le Haut Commissariat des Nations unies pour les r\u00e9fugi\u00e9s (HCR), ces violences trouvent leur origine dans des tensions sociales anciennes, exacerb\u00e9es par la pauvret\u00e9 et le ch\u00f4mage.<\/p>\n<p>\u200eLes ressortissants africains sont accus\u00e9s de \u201cvoler les emplois\u201d, de dominer le commerce informel, d\u2019alimenter la criminalit\u00e9 et de peser sur des services publics d\u00e9j\u00e0 fragiles \u2014 des perceptions largement r\u00e9pandues, mais souvent d\u00e9connect\u00e9es des r\u00e9alit\u00e9s \u00e9conomiques.<\/p>\n<p>\u200eDans un pays o\u00f9 le ch\u00f4mage atteint 31,4 % selon les donn\u00e9es officielles de Statistics South Africa, et d\u00e9passe les 40 % selon une d\u00e9finition \u00e9largie, les tensions sociales restent fortement aliment\u00e9es par la pr\u00e9carit\u00e9 \u00e9conomique.<\/p>\n<p><strong>\u200eAlertes diplomatiques et crainte d\u2019escalade<\/strong><\/p>\n<p>\u200eLa situation a rapidement pris une dimension diplomatique. Le Ghana a convoqu\u00e9 le repr\u00e9sentant sud-africain apr\u00e8s ces incidents jug\u00e9s \u00ab extr\u00eamement pr\u00e9occupants \u00bb.<\/p>\n<p>\u200eLe ministre des Affaires \u00e9trang\u00e8res Samuel Okudzeto Ablakwa a exig\u00e9 des garanties de s\u00e9curit\u00e9 pour ses ressortissants et d\u00e9nonc\u00e9 des actes contraires \u00e0 la solidarit\u00e9 africaine.<\/p>\n<p>\u200eAccra a m\u00eame proc\u00e9d\u00e9 \u00e0 l\u2019\u00e9vacuation d\u2019un de ses citoyens, victime d\u2019une attaque cibl\u00e9e, tandis que sa mission diplomatique \u00e0 Pretoria appelait ses ressortissants \u00e0 \u00e9viter les zones de rassemblement et \u00e0 fermer temporairement leurs commerces. Dans le Gauteng, de nouvelles manifestations annonc\u00e9es fin avril ont accentu\u00e9 les craintes d\u2019embrasement.<\/p>\n<p>\u200eLe 27 avril, lors du Freedom Day, Cyril Ramaphosa a condamn\u00e9 les violences tout en reconnaissant les tensions li\u00e9es \u00e0 l\u2019immigration clandestine.<\/p>\n<p>\u200eIl a appel\u00e9 \u00e0 ne pas \u00ab d\u00e9truire la fraternit\u00e9 africaine \u00bb h\u00e9rit\u00e9e de la lutte contre l\u2019apartheid, tout en promettant des poursuites contre les auteurs d\u2019attaques.<\/p>\n<p><strong>\u200eUne violence enracin\u00e9e dans le temps<\/strong><\/p>\n<p>\u200eLes \u00e9v\u00e9nements r\u00e9cents s\u2019inscrivent dans une trajectoire bien connue. D\u00e8s le milieu des ann\u00e9es 2000, des violences sporadiques visant des migrants africains \u2014 en particulier zimbabw\u00e9ens et somaliens \u2014 \u00e9taient signal\u00e9es dans plusieurs localit\u00e9s.<\/p>\n<p>\u200eEn mai 2008, le pays a connu l\u2019un des \u00e9pisodes les plus meurtriers de son histoire contemporaine. Au moins 62 personnes ont \u00e9t\u00e9 tu\u00e9es et des dizaines de milliers d\u2019\u00e9trangers d\u00e9plac\u00e9s, apr\u00e8s des attaques parties de la banlieue d\u2019Alexandra, \u00e0 Johannesburg.<\/p>\n<p>\u200eSept ans plus tard, en 2015, une nouvelle flamb\u00e9e de violences, d\u00e9clench\u00e9e dans la r\u00e9gion de Durban, s\u2019est \u00e9tendue \u00e0 Johannesburg. Au moins sept personnes ont \u00e9t\u00e9 tu\u00e9es, tandis que des centaines de commerces appartenant \u00e0 des \u00e9trangers \u00e9taient pill\u00e9s ou incendi\u00e9s.<\/p>\n<p>\u200eD\u2019autres \u00e9pisodes ont suivi, notamment en 2019, confirmant le caract\u00e8re cyclique de ces violences dans un pays confront\u00e9 \u00e0 un ch\u00f4mage massif et \u00e0 de profondes in\u00e9galit\u00e9s.<\/p>\n<p>\u200eMalgr\u00e9 les condamnations r\u00e9p\u00e9t\u00e9es des autorit\u00e9s, la question de l\u2019impunit\u00e9 demeure centrale. Les poursuites judiciaires restent rares ou peu visibles, alimentant un sentiment d\u2019abandon chez les victimes et de tol\u00e9rance implicite chez les agresseurs.<\/p>\n<p>\u200eDans un contexte o\u00f9 les frustrations \u00e9conomiques sont fortes, les migrants continuent d\u2019\u00eatre d\u00e9sign\u00e9s comme des boucs \u00e9missaires. Et \u00e0 chaque nouvelle flamb\u00e9e, le m\u00eame sc\u00e9nario semble se r\u00e9p\u00e9ter, sans r\u00e9ponse durable.<\/p>\n<p><strong>\u200eEz\u00e9chiel Dagb\u00e9gnon PADONOU<\/strong><\/p>\n<p>\u200e<\/p>\n","protected":false},"excerpt":{"rendered":"<p>Depuis fin mars 2026, plusieurs provinces sud-africaines sont secou\u00e9es par des manifestations anti-\u00e9trangers et des agressions cibl\u00e9es. Malgr\u00e9 les appels au calme du pr\u00e9sident Cyril Ramaphosa, la situation reste tendue&hellip;<\/p>\n","protected":false},"author":5,"featured_media":18886,"comment_status":"open","ping_status":"open","sticky":false,"template":"","format":"standard","meta":{"content-type":"","om_disable_all_campaigns":false,"_monsterinsights_skip_tracking":false,"_monsterinsights_sitenote_active":false,"_monsterinsights_sitenote_note":"","_monsterinsights_sitenote_category":0,"_uf_show_specific_survey":0,"_uf_disable_surveys":false,"footnotes":""},"categories":[20],"tags":[],"class_list":["post-18885","post","type-post","status-publish","format-standard","has-post-thumbnail","hentry","category-societe"],"aioseo_notices":[],"yoast_head":"<!-- This site is optimized with the Yoast SEO plugin v27.5 - https:\/\/yoast.com\/product\/yoast-seo-wordpress\/ -->\n<title>\u200eX\u00e9nophobie en Afrique du Sud : nouvelles flamb\u00e9es de violences contre les migrants africains - Le Patriote<\/title>\n<meta name=\"robots\" content=\"index, follow, max-snippet:-1, max-image-preview:large, max-video-preview:-1\" \/>\n<link rel=\"canonical\" href=\"https:\/\/lepatriotebenin.com\/index.php\/2026\/04\/28\/xenophobie-en-afrique-du-sud-nouvelles-flambees-de-violences-contre-les-migrants-africains\/\" \/>\n<meta property=\"og:locale\" content=\"fr_FR\" \/>\n<meta property=\"og:type\" content=\"article\" \/>\n<meta property=\"og:title\" content=\"\u200eX\u00e9nophobie en Afrique du Sud : nouvelles flamb\u00e9es de violences contre les migrants africains - Le Patriote\" \/>\n<meta property=\"og:description\" content=\"Depuis fin mars 2026, plusieurs provinces sud-africaines sont secou\u00e9es par des manifestations anti-\u00e9trangers et des agressions cibl\u00e9es. Malgr\u00e9 les appels au calme du pr\u00e9sident Cyril Ramaphosa, la situation reste tendue&hellip;\" \/>\n<meta property=\"og:url\" content=\"https:\/\/lepatriotebenin.com\/index.php\/2026\/04\/28\/xenophobie-en-afrique-du-sud-nouvelles-flambees-de-violences-contre-les-migrants-africains\/\" \/>\n<meta property=\"og:site_name\" content=\"Le Patriote\" \/>\n<meta property=\"article:published_time\" content=\"2026-04-28T20:02:49+00:00\" \/>\n<meta property=\"og:image\" content=\"https:\/\/lepatriotebenin.com\/wp-content\/uploads\/2026\/04\/afrique-du-sud-a.jpeg\" \/>\n\t<meta property=\"og:image:width\" content=\"720\" \/>\n\t<meta property=\"og:image:height\" content=\"377\" \/>\n\t<meta property=\"og:image:type\" content=\"image\/jpeg\" \/>\n<meta name=\"author\" content=\"Redaction\" \/>\n<meta name=\"twitter:card\" content=\"summary_large_image\" \/>\n<meta name=\"twitter:label1\" content=\"\u00c9crit par\" \/>\n\t<meta name=\"twitter:data1\" content=\"Redaction\" \/>\n\t<meta name=\"twitter:label2\" content=\"Dur\u00e9e de lecture estim\u00e9e\" \/>\n\t<meta name=\"twitter:data2\" content=\"4 minutes\" \/>\n<script type=\"application\/ld+json\" class=\"yoast-schema-graph\">{\"@context\":\"https:\\\/\\\/schema.org\",\"@graph\":[{\"@type\":\"Article\",\"@id\":\"https:\\\/\\\/lepatriotebenin.com\\\/index.php\\\/2026\\\/04\\\/28\\\/xenophobie-en-afrique-du-sud-nouvelles-flambees-de-violences-contre-les-migrants-africains\\\/#article\",\"isPartOf\":{\"@id\":\"https:\\\/\\\/lepatriotebenin.com\\\/index.php\\\/2026\\\/04\\\/28\\\/xenophobie-en-afrique-du-sud-nouvelles-flambees-de-violences-contre-les-migrants-africains\\\/\"},\"author\":{\"name\":\"Redaction\",\"@id\":\"https:\\\/\\\/lepatriotebenin.com\\\/#\\\/schema\\\/person\\\/2e7709b9c9cc313e452d1136af61690f\"},\"headline\":\"\u200eX\u00e9nophobie en Afrique du Sud : nouvelles flamb\u00e9es de violences contre les migrants africains\",\"datePublished\":\"2026-04-28T20:02:49+00:00\",\"mainEntityOfPage\":{\"@id\":\"https:\\\/\\\/lepatriotebenin.com\\\/index.php\\\/2026\\\/04\\\/28\\\/xenophobie-en-afrique-du-sud-nouvelles-flambees-de-violences-contre-les-migrants-africains\\\/\"},\"wordCount\":777,\"commentCount\":0,\"image\":{\"@id\":\"https:\\\/\\\/lepatriotebenin.com\\\/index.php\\\/2026\\\/04\\\/28\\\/xenophobie-en-afrique-du-sud-nouvelles-flambees-de-violences-contre-les-migrants-africains\\\/#primaryimage\"},\"thumbnailUrl\":\"https:\\\/\\\/lepatriotebenin.com\\\/wp-content\\\/uploads\\\/2026\\\/04\\\/afrique-du-sud-a.jpeg\",\"articleSection\":[\"Soci\u00e9t\u00e9\"],\"inLanguage\":\"fr-FR\",\"potentialAction\":[{\"@type\":\"CommentAction\",\"name\":\"Comment\",\"target\":[\"https:\\\/\\\/lepatriotebenin.com\\\/index.php\\\/2026\\\/04\\\/28\\\/xenophobie-en-afrique-du-sud-nouvelles-flambees-de-violences-contre-les-migrants-africains\\\/#respond\"]}]},{\"@type\":\"WebPage\",\"@id\":\"https:\\\/\\\/lepatriotebenin.com\\\/index.php\\\/2026\\\/04\\\/28\\\/xenophobie-en-afrique-du-sud-nouvelles-flambees-de-violences-contre-les-migrants-africains\\\/\",\"url\":\"https:\\\/\\\/lepatriotebenin.com\\\/index.php\\\/2026\\\/04\\\/28\\\/xenophobie-en-afrique-du-sud-nouvelles-flambees-de-violences-contre-les-migrants-africains\\\/\",\"name\":\"\u200eX\u00e9nophobie en Afrique du Sud : nouvelles flamb\u00e9es de violences contre les migrants africains - Le Patriote\",\"isPartOf\":{\"@id\":\"https:\\\/\\\/lepatriotebenin.com\\\/#website\"},\"primaryImageOfPage\":{\"@id\":\"https:\\\/\\\/lepatriotebenin.com\\\/index.php\\\/2026\\\/04\\\/28\\\/xenophobie-en-afrique-du-sud-nouvelles-flambees-de-violences-contre-les-migrants-africains\\\/#primaryimage\"},\"image\":{\"@id\":\"https:\\\/\\\/lepatriotebenin.com\\\/index.php\\\/2026\\\/04\\\/28\\\/xenophobie-en-afrique-du-sud-nouvelles-flambees-de-violences-contre-les-migrants-africains\\\/#primaryimage\"},\"thumbnailUrl\":\"https:\\\/\\\/lepatriotebenin.com\\\/wp-content\\\/uploads\\\/2026\\\/04\\\/afrique-du-sud-a.jpeg\",\"datePublished\":\"2026-04-28T20:02:49+00:00\",\"author\":{\"@id\":\"https:\\\/\\\/lepatriotebenin.com\\\/#\\\/schema\\\/person\\\/2e7709b9c9cc313e452d1136af61690f\"},\"breadcrumb\":{\"@id\":\"https:\\\/\\\/lepatriotebenin.com\\\/index.php\\\/2026\\\/04\\\/28\\\/xenophobie-en-afrique-du-sud-nouvelles-flambees-de-violences-contre-les-migrants-africains\\\/#breadcrumb\"},\"inLanguage\":\"fr-FR\",\"potentialAction\":[{\"@type\":\"ReadAction\",\"target\":[\"https:\\\/\\\/lepatriotebenin.com\\\/index.php\\\/2026\\\/04\\\/28\\\/xenophobie-en-afrique-du-sud-nouvelles-flambees-de-violences-contre-les-migrants-africains\\\/\"]}]},{\"@type\":\"ImageObject\",\"inLanguage\":\"fr-FR\",\"@id\":\"https:\\\/\\\/lepatriotebenin.com\\\/index.php\\\/2026\\\/04\\\/28\\\/xenophobie-en-afrique-du-sud-nouvelles-flambees-de-violences-contre-les-migrants-africains\\\/#primaryimage\",\"url\":\"https:\\\/\\\/lepatriotebenin.com\\\/wp-content\\\/uploads\\\/2026\\\/04\\\/afrique-du-sud-a.jpeg\",\"contentUrl\":\"https:\\\/\\\/lepatriotebenin.com\\\/wp-content\\\/uploads\\\/2026\\\/04\\\/afrique-du-sud-a.jpeg\",\"width\":720,\"height\":377},{\"@type\":\"BreadcrumbList\",\"@id\":\"https:\\\/\\\/lepatriotebenin.com\\\/index.php\\\/2026\\\/04\\\/28\\\/xenophobie-en-afrique-du-sud-nouvelles-flambees-de-violences-contre-les-migrants-africains\\\/#breadcrumb\",\"itemListElement\":[{\"@type\":\"ListItem\",\"position\":1,\"name\":\"Accueil\",\"item\":\"https:\\\/\\\/lepatriotebenin.com\\\/\"},{\"@type\":\"ListItem\",\"position\":2,\"name\":\"\u200eX\u00e9nophobie en Afrique du Sud : nouvelles flamb\u00e9es de violences contre les migrants africains\"}]},{\"@type\":\"WebSite\",\"@id\":\"https:\\\/\\\/lepatriotebenin.com\\\/#website\",\"url\":\"https:\\\/\\\/lepatriotebenin.com\\\/\",\"name\":\"Le Patriote\",\"description\":\"Le Patriote B\u00e9nin\",\"potentialAction\":[{\"@type\":\"SearchAction\",\"target\":{\"@type\":\"EntryPoint\",\"urlTemplate\":\"https:\\\/\\\/lepatriotebenin.com\\\/?s={search_term_string}\"},\"query-input\":{\"@type\":\"PropertyValueSpecification\",\"valueRequired\":true,\"valueName\":\"search_term_string\"}}],\"inLanguage\":\"fr-FR\"},{\"@type\":\"Person\",\"@id\":\"https:\\\/\\\/lepatriotebenin.com\\\/#\\\/schema\\\/person\\\/2e7709b9c9cc313e452d1136af61690f\",\"name\":\"Redaction\",\"image\":{\"@type\":\"ImageObject\",\"inLanguage\":\"fr-FR\",\"@id\":\"https:\\\/\\\/secure.gravatar.com\\\/avatar\\\/c4c509357859ea2ca2cbb6d8812898a73e4ef1ef9934c2e591d7e32face734d1?s=96&d=mm&r=g\",\"url\":\"https:\\\/\\\/secure.gravatar.com\\\/avatar\\\/c4c509357859ea2ca2cbb6d8812898a73e4ef1ef9934c2e591d7e32face734d1?s=96&d=mm&r=g\",\"contentUrl\":\"https:\\\/\\\/secure.gravatar.com\\\/avatar\\\/c4c509357859ea2ca2cbb6d8812898a73e4ef1ef9934c2e591d7e32face734d1?s=96&d=mm&r=g\",\"caption\":\"Redaction\"},\"url\":\"https:\\\/\\\/lepatriotebenin.com\"}]}<\/script>\n<!-- \/ Yoast SEO plugin. -->","yoast_head_json":{"title":"\u200eX\u00e9nophobie en Afrique du Sud : nouvelles flamb\u00e9es de violences contre les migrants africains - Le Patriote","robots":{"index":"index","follow":"follow","max-snippet":"max-snippet:-1","max-image-preview":"max-image-preview:large","max-video-preview":"max-video-preview:-1"},"canonical":"https:\/\/lepatriotebenin.com\/index.php\/2026\/04\/28\/xenophobie-en-afrique-du-sud-nouvelles-flambees-de-violences-contre-les-migrants-africains\/","og_locale":"fr_FR","og_type":"article","og_title":"\u200eX\u00e9nophobie en Afrique du Sud : nouvelles flamb\u00e9es de violences contre les migrants africains - Le Patriote","og_description":"Depuis fin mars 2026, plusieurs provinces sud-africaines sont secou\u00e9es par des manifestations anti-\u00e9trangers et des agressions cibl\u00e9es. Malgr\u00e9 les appels au calme du pr\u00e9sident Cyril Ramaphosa, la situation reste tendue&hellip;","og_url":"https:\/\/lepatriotebenin.com\/index.php\/2026\/04\/28\/xenophobie-en-afrique-du-sud-nouvelles-flambees-de-violences-contre-les-migrants-africains\/","og_site_name":"Le Patriote","article_published_time":"2026-04-28T20:02:49+00:00","og_image":[{"width":720,"height":377,"url":"https:\/\/lepatriotebenin.com\/wp-content\/uploads\/2026\/04\/afrique-du-sud-a.jpeg","type":"image\/jpeg"}],"author":"Redaction","twitter_card":"summary_large_image","twitter_misc":{"\u00c9crit par":"Redaction","Dur\u00e9e de lecture estim\u00e9e":"4 minutes"},"schema":{"@context":"https:\/\/schema.org","@graph":[{"@type":"Article","@id":"https:\/\/lepatriotebenin.com\/index.php\/2026\/04\/28\/xenophobie-en-afrique-du-sud-nouvelles-flambees-de-violences-contre-les-migrants-africains\/#article","isPartOf":{"@id":"https:\/\/lepatriotebenin.com\/index.php\/2026\/04\/28\/xenophobie-en-afrique-du-sud-nouvelles-flambees-de-violences-contre-les-migrants-africains\/"},"author":{"name":"Redaction","@id":"https:\/\/lepatriotebenin.com\/#\/schema\/person\/2e7709b9c9cc313e452d1136af61690f"},"headline":"\u200eX\u00e9nophobie en Afrique du Sud : nouvelles flamb\u00e9es de violences contre les migrants africains","datePublished":"2026-04-28T20:02:49+00:00","mainEntityOfPage":{"@id":"https:\/\/lepatriotebenin.com\/index.php\/2026\/04\/28\/xenophobie-en-afrique-du-sud-nouvelles-flambees-de-violences-contre-les-migrants-africains\/"},"wordCount":777,"commentCount":0,"image":{"@id":"https:\/\/lepatriotebenin.com\/index.php\/2026\/04\/28\/xenophobie-en-afrique-du-sud-nouvelles-flambees-de-violences-contre-les-migrants-africains\/#primaryimage"},"thumbnailUrl":"https:\/\/lepatriotebenin.com\/wp-content\/uploads\/2026\/04\/afrique-du-sud-a.jpeg","articleSection":["Soci\u00e9t\u00e9"],"inLanguage":"fr-FR","potentialAction":[{"@type":"CommentAction","name":"Comment","target":["https:\/\/lepatriotebenin.com\/index.php\/2026\/04\/28\/xenophobie-en-afrique-du-sud-nouvelles-flambees-de-violences-contre-les-migrants-africains\/#respond"]}]},{"@type":"WebPage","@id":"https:\/\/lepatriotebenin.com\/index.php\/2026\/04\/28\/xenophobie-en-afrique-du-sud-nouvelles-flambees-de-violences-contre-les-migrants-africains\/","url":"https:\/\/lepatriotebenin.com\/index.php\/2026\/04\/28\/xenophobie-en-afrique-du-sud-nouvelles-flambees-de-violences-contre-les-migrants-africains\/","name":"\u200eX\u00e9nophobie en Afrique du Sud : nouvelles flamb\u00e9es de violences contre les migrants africains - Le Patriote","isPartOf":{"@id":"https:\/\/lepatriotebenin.com\/#website"},"primaryImageOfPage":{"@id":"https:\/\/lepatriotebenin.com\/index.php\/2026\/04\/28\/xenophobie-en-afrique-du-sud-nouvelles-flambees-de-violences-contre-les-migrants-africains\/#primaryimage"},"image":{"@id":"https:\/\/lepatriotebenin.com\/index.php\/2026\/04\/28\/xenophobie-en-afrique-du-sud-nouvelles-flambees-de-violences-contre-les-migrants-africains\/#primaryimage"},"thumbnailUrl":"https:\/\/lepatriotebenin.com\/wp-content\/uploads\/2026\/04\/afrique-du-sud-a.jpeg","datePublished":"2026-04-28T20:02:49+00:00","author":{"@id":"https:\/\/lepatriotebenin.com\/#\/schema\/person\/2e7709b9c9cc313e452d1136af61690f"},"breadcrumb":{"@id":"https:\/\/lepatriotebenin.com\/index.php\/2026\/04\/28\/xenophobie-en-afrique-du-sud-nouvelles-flambees-de-violences-contre-les-migrants-africains\/#breadcrumb"},"inLanguage":"fr-FR","potentialAction":[{"@type":"ReadAction","target":["https:\/\/lepatriotebenin.com\/index.php\/2026\/04\/28\/xenophobie-en-afrique-du-sud-nouvelles-flambees-de-violences-contre-les-migrants-africains\/"]}]},{"@type":"ImageObject","inLanguage":"fr-FR","@id":"https:\/\/lepatriotebenin.com\/index.php\/2026\/04\/28\/xenophobie-en-afrique-du-sud-nouvelles-flambees-de-violences-contre-les-migrants-africains\/#primaryimage","url":"https:\/\/lepatriotebenin.com\/wp-content\/uploads\/2026\/04\/afrique-du-sud-a.jpeg","contentUrl":"https:\/\/lepatriotebenin.com\/wp-content\/uploads\/2026\/04\/afrique-du-sud-a.jpeg","width":720,"height":377},{"@type":"BreadcrumbList","@id":"https:\/\/lepatriotebenin.com\/index.php\/2026\/04\/28\/xenophobie-en-afrique-du-sud-nouvelles-flambees-de-violences-contre-les-migrants-africains\/#breadcrumb","itemListElement":[{"@type":"ListItem","position":1,"name":"Accueil","item":"https:\/\/lepatriotebenin.com\/"},{"@type":"ListItem","position":2,"name":"\u200eX\u00e9nophobie en Afrique du Sud : nouvelles flamb\u00e9es de violences contre les migrants africains"}]},{"@type":"WebSite","@id":"https:\/\/lepatriotebenin.com\/#website","url":"https:\/\/lepatriotebenin.com\/","name":"Le Patriote","description":"Le Patriote B\u00e9nin","potentialAction":[{"@type":"SearchAction","target":{"@type":"EntryPoint","urlTemplate":"https:\/\/lepatriotebenin.com\/?s={search_term_string}"},"query-input":{"@type":"PropertyValueSpecification","valueRequired":true,"valueName":"search_term_string"}}],"inLanguage":"fr-FR"},{"@type":"Person","@id":"https:\/\/lepatriotebenin.com\/#\/schema\/person\/2e7709b9c9cc313e452d1136af61690f","name":"Redaction","image":{"@type":"ImageObject","inLanguage":"fr-FR","@id":"https:\/\/secure.gravatar.com\/avatar\/c4c509357859ea2ca2cbb6d8812898a73e4ef1ef9934c2e591d7e32face734d1?s=96&d=mm&r=g","url":"https:\/\/secure.gravatar.com\/avatar\/c4c509357859ea2ca2cbb6d8812898a73e4ef1ef9934c2e591d7e32face734d1?s=96&d=mm&r=g","contentUrl":"https:\/\/secure.gravatar.com\/avatar\/c4c509357859ea2ca2cbb6d8812898a73e4ef1ef9934c2e591d7e32face734d1?s=96&d=mm&r=g","caption":"Redaction"},"url":"https:\/\/lepatriotebenin.com"}]}},"_links":{"self":[{"href":"https:\/\/lepatriotebenin.com\/index.php\/wp-json\/wp\/v2\/posts\/18885","targetHints":{"allow":["GET"]}}],"collection":[{"href":"https:\/\/lepatriotebenin.com\/index.php\/wp-json\/wp\/v2\/posts"}],"about":[{"href":"https:\/\/lepatriotebenin.com\/index.php\/wp-json\/wp\/v2\/types\/post"}],"author":[{"embeddable":true,"href":"https:\/\/lepatriotebenin.com\/index.php\/wp-json\/wp\/v2\/users\/5"}],"replies":[{"embeddable":true,"href":"https:\/\/lepatriotebenin.com\/index.php\/wp-json\/wp\/v2\/comments?post=18885"}],"version-history":[{"count":1,"href":"https:\/\/lepatriotebenin.com\/index.php\/wp-json\/wp\/v2\/posts\/18885\/revisions"}],"predecessor-version":[{"id":18887,"href":"https:\/\/lepatriotebenin.com\/index.php\/wp-json\/wp\/v2\/posts\/18885\/revisions\/18887"}],"wp:featuredmedia":[{"embeddable":true,"href":"https:\/\/lepatriotebenin.com\/index.php\/wp-json\/wp\/v2\/media\/18886"}],"wp:attachment":[{"href":"https:\/\/lepatriotebenin.com\/index.php\/wp-json\/wp\/v2\/media?parent=18885"}],"wp:term":[{"taxonomy":"category","embeddable":true,"href":"https:\/\/lepatriotebenin.com\/index.php\/wp-json\/wp\/v2\/categories?post=18885"},{"taxonomy":"post_tag","embeddable":true,"href":"https:\/\/lepatriotebenin.com\/index.php\/wp-json\/wp\/v2\/tags?post=18885"}],"curies":[{"name":"wp","href":"https:\/\/api.w.org\/{rel}","templated":true}]}}