{"id":18880,"date":"2026-04-28T17:51:06","date_gmt":"2026-04-28T15:51:06","guid":{"rendered":"https:\/\/lepatriotebenin.com\/?p=18880"},"modified":"2026-04-28T17:51:06","modified_gmt":"2026-04-28T15:51:06","slug":"diplomatie-madagascar-expulse-un-agent-de-lambassade-de-france-pour-actes-de-destabilisation","status":"publish","type":"post","link":"https:\/\/lepatriotebenin.com\/index.php\/2026\/04\/28\/diplomatie-madagascar-expulse-un-agent-de-lambassade-de-france-pour-actes-de-destabilisation\/","title":{"rendered":"\u200eDiplomatie : Madagascar expulse un agent de l\u2019ambassade de France pour \u00ab\u00a0actes de d\u00e9stabilisation\u00a0\u00bb"},"content":{"rendered":"<p>Le minist\u00e8re malgache des Affaires \u00e9trang\u00e8res a d\u00e9clar\u00e9\u00a0 \u00a0\u00bb persona non grata \u00a0\u00bb un diplomate fran\u00e7ais ce 28 avril 2026. Antananarivo le soup\u00e7onne d\u2019implication dans un projet de coup d\u2019\u00c9tat visant le couple pr\u00e9sidentiel.<\/p>\n<p>\u200eL\u2019ambassadeur de France \u00e0 Madagascar, Arnaud Guillois, a \u00e9t\u00e9 convoqu\u00e9 lundi 28 avril au minist\u00e8re des Affaires \u00e9trang\u00e8res. L\u00e0 on lui a notifi\u00e9 l\u2019expulsion d\u2019un agent diplomatique fran\u00e7ais accr\u00e9dit\u00e9 \u00e0 Antananarivo. Selon le communiqu\u00e9 officiel, ses \u00ab\u00a0agissements sont jug\u00e9s incompatibles avec le statut diplomatique\u00a0\u00bb apr\u00e8s des \u00ab\u00a0investigations portant sur des soup\u00e7ons d\u2019implication dans des actes de d\u00e9stabilisation impliquant des ressortissants malgaches et \u00e9trangers\u00a0\u00bb.<\/p>\n<p>\u200eCette d\u00e9cision intervient dans un climat tendu. Ces derni\u00e8res semaines, un ressortissant fran\u00e7ais et plusieurs binationaux franco-malgaches ont \u00e9t\u00e9 interpell\u00e9s. Ils sont accus\u00e9s d\u2019avoir particip\u00e9 \u00e0 une \u00ab\u00a0tentative d\u2019assassinat du couple pr\u00e9sidentiel et \u00e0 un projet de coup d\u2019\u00c9tat\u00a0\u00bb, des accusations lourdes qui p\u00e8sent sur les relations bilat\u00e9rales.<\/p>\n<p>\u200eL\u2019Ambassade de France avait d\u00e9j\u00e0 d\u00e9menti \u00ab\u00a0formellement\u00a0\u00bb le 18 avril toute \u00ab\u00a0pr\u00e9tendue implication de la France dans une tentative de d\u00e9stabilisation \u00e0 Madagascar\u00a0\u00bb. Le minist\u00e8re malgache rappelle pour sa part son attachement \u00e0 la Convention de Vienne de 1961 et au \u00ab\u00a0respect de la souverainet\u00e9 nationale\u00a0\u00bb.<\/p>\n<p>\u200eEn droit diplomatique, l\u2019article 9 de la Convention de Vienne permet \u00e0 l\u2019\u00c9tat h\u00f4te de d\u00e9clarer un diplomate \u00ab\u00a0non acceptable\u00a0\u00bb sans justification. Si l\u2019agent n\u2019est pas rappel\u00e9, Antananarivo peut cesser de le reconna\u00eetre comme membre de la mission. L\u2019identit\u00e9 et la fonction de l\u2019agent concern\u00e9 n\u2019ont pas \u00e9t\u00e9 r\u00e9v\u00e9l\u00e9es.<\/p>\n<p>\u200eEntre d\u00e9mentis fran\u00e7ais et accusations malgaches, l\u2019affaire fragilise une relation d\u00e9j\u00e0 marqu\u00e9e par la m\u00e9moire coloniale et les contentieux sur les \u00eeles \u00c9parses.<\/p>\n<p>\u200e<\/p>\n<p><strong>\u200eEz\u00e9chiel Dagb\u00e9gnon PADONOU<\/strong><\/p>\n","protected":false},"excerpt":{"rendered":"<p>Le minist\u00e8re malgache des Affaires \u00e9trang\u00e8res a d\u00e9clar\u00e9\u00a0 \u00a0\u00bb persona non grata \u00a0\u00bb un diplomate fran\u00e7ais ce 28 avril 2026. Antananarivo le soup\u00e7onne d\u2019implication dans un projet de coup d\u2019\u00c9tat&hellip;<\/p>\n","protected":false},"author":5,"featured_media":18881,"comment_status":"open","ping_status":"open","sticky":false,"template":"","format":"standard","meta":{"content-type":"","om_disable_all_campaigns":false,"_monsterinsights_skip_tracking":false,"_monsterinsights_sitenote_active":false,"_monsterinsights_sitenote_note":"","_monsterinsights_sitenote_category":0,"_uf_show_specific_survey":0,"_uf_disable_surveys":false,"footnotes":""},"categories":[26],"tags":[],"class_list":["post-18880","post","type-post","status-publish","format-standard","has-post-thumbnail","hentry","category-politique"],"aioseo_notices":[],"yoast_head":"<!-- This site is optimized with the Yoast SEO plugin v27.5 - https:\/\/yoast.com\/product\/yoast-seo-wordpress\/ -->\n<title>\u200eDiplomatie : Madagascar expulse un agent de l\u2019ambassade de France pour &quot;actes de d\u00e9stabilisation&quot; - Le Patriote<\/title>\n<meta name=\"robots\" content=\"index, follow, max-snippet:-1, max-image-preview:large, max-video-preview:-1\" \/>\n<link rel=\"canonical\" href=\"https:\/\/lepatriotebenin.com\/index.php\/2026\/04\/28\/diplomatie-madagascar-expulse-un-agent-de-lambassade-de-france-pour-actes-de-destabilisation\/\" \/>\n<meta property=\"og:locale\" content=\"fr_FR\" \/>\n<meta property=\"og:type\" content=\"article\" \/>\n<meta property=\"og:title\" content=\"\u200eDiplomatie : Madagascar expulse un agent de l\u2019ambassade de France pour &quot;actes de d\u00e9stabilisation&quot; - Le Patriote\" \/>\n<meta property=\"og:description\" content=\"Le minist\u00e8re malgache des Affaires \u00e9trang\u00e8res a d\u00e9clar\u00e9\u00a0 \u00a0\u00bb persona non grata \u00a0\u00bb un diplomate fran\u00e7ais ce 28 avril 2026. Antananarivo le soup\u00e7onne d\u2019implication dans un projet de coup d\u2019\u00c9tat&hellip;\" \/>\n<meta property=\"og:url\" content=\"https:\/\/lepatriotebenin.com\/index.php\/2026\/04\/28\/diplomatie-madagascar-expulse-un-agent-de-lambassade-de-france-pour-actes-de-destabilisation\/\" \/>\n<meta property=\"og:site_name\" content=\"Le Patriote\" \/>\n<meta property=\"article:published_time\" content=\"2026-04-28T15:51:06+00:00\" \/>\n<meta property=\"og:image\" content=\"https:\/\/lepatriotebenin.com\/wp-content\/uploads\/2026\/04\/madagascar-a.jpeg\" \/>\n\t<meta property=\"og:image:width\" content=\"1280\" \/>\n\t<meta property=\"og:image:height\" content=\"640\" \/>\n\t<meta property=\"og:image:type\" content=\"image\/jpeg\" \/>\n<meta name=\"author\" content=\"Redaction\" \/>\n<meta name=\"twitter:card\" content=\"summary_large_image\" \/>\n<meta name=\"twitter:label1\" content=\"\u00c9crit par\" \/>\n\t<meta name=\"twitter:data1\" content=\"Redaction\" \/>\n\t<meta name=\"twitter:label2\" content=\"Dur\u00e9e de lecture estim\u00e9e\" \/>\n\t<meta name=\"twitter:data2\" content=\"2 minutes\" \/>\n<script type=\"application\/ld+json\" class=\"yoast-schema-graph\">{\"@context\":\"https:\\\/\\\/schema.org\",\"@graph\":[{\"@type\":\"Article\",\"@id\":\"https:\\\/\\\/lepatriotebenin.com\\\/index.php\\\/2026\\\/04\\\/28\\\/diplomatie-madagascar-expulse-un-agent-de-lambassade-de-france-pour-actes-de-destabilisation\\\/#article\",\"isPartOf\":{\"@id\":\"https:\\\/\\\/lepatriotebenin.com\\\/index.php\\\/2026\\\/04\\\/28\\\/diplomatie-madagascar-expulse-un-agent-de-lambassade-de-france-pour-actes-de-destabilisation\\\/\"},\"author\":{\"name\":\"Redaction\",\"@id\":\"https:\\\/\\\/lepatriotebenin.com\\\/#\\\/schema\\\/person\\\/2e7709b9c9cc313e452d1136af61690f\"},\"headline\":\"\u200eDiplomatie : Madagascar expulse un agent de l\u2019ambassade de France pour \u00ab\u00a0actes de d\u00e9stabilisation\u00a0\u00bb\",\"datePublished\":\"2026-04-28T15:51:06+00:00\",\"mainEntityOfPage\":{\"@id\":\"https:\\\/\\\/lepatriotebenin.com\\\/index.php\\\/2026\\\/04\\\/28\\\/diplomatie-madagascar-expulse-un-agent-de-lambassade-de-france-pour-actes-de-destabilisation\\\/\"},\"wordCount\":324,\"commentCount\":0,\"image\":{\"@id\":\"https:\\\/\\\/lepatriotebenin.com\\\/index.php\\\/2026\\\/04\\\/28\\\/diplomatie-madagascar-expulse-un-agent-de-lambassade-de-france-pour-actes-de-destabilisation\\\/#primaryimage\"},\"thumbnailUrl\":\"https:\\\/\\\/lepatriotebenin.com\\\/wp-content\\\/uploads\\\/2026\\\/04\\\/madagascar-a.jpeg\",\"articleSection\":[\"Politique\"],\"inLanguage\":\"fr-FR\",\"potentialAction\":[{\"@type\":\"CommentAction\",\"name\":\"Comment\",\"target\":[\"https:\\\/\\\/lepatriotebenin.com\\\/index.php\\\/2026\\\/04\\\/28\\\/diplomatie-madagascar-expulse-un-agent-de-lambassade-de-france-pour-actes-de-destabilisation\\\/#respond\"]}]},{\"@type\":\"WebPage\",\"@id\":\"https:\\\/\\\/lepatriotebenin.com\\\/index.php\\\/2026\\\/04\\\/28\\\/diplomatie-madagascar-expulse-un-agent-de-lambassade-de-france-pour-actes-de-destabilisation\\\/\",\"url\":\"https:\\\/\\\/lepatriotebenin.com\\\/index.php\\\/2026\\\/04\\\/28\\\/diplomatie-madagascar-expulse-un-agent-de-lambassade-de-france-pour-actes-de-destabilisation\\\/\",\"name\":\"\u200eDiplomatie : Madagascar expulse un agent de l\u2019ambassade de France pour \\\"actes de d\u00e9stabilisation\\\" - Le Patriote\",\"isPartOf\":{\"@id\":\"https:\\\/\\\/lepatriotebenin.com\\\/#website\"},\"primaryImageOfPage\":{\"@id\":\"https:\\\/\\\/lepatriotebenin.com\\\/index.php\\\/2026\\\/04\\\/28\\\/diplomatie-madagascar-expulse-un-agent-de-lambassade-de-france-pour-actes-de-destabilisation\\\/#primaryimage\"},\"image\":{\"@id\":\"https:\\\/\\\/lepatriotebenin.com\\\/index.php\\\/2026\\\/04\\\/28\\\/diplomatie-madagascar-expulse-un-agent-de-lambassade-de-france-pour-actes-de-destabilisation\\\/#primaryimage\"},\"thumbnailUrl\":\"https:\\\/\\\/lepatriotebenin.com\\\/wp-content\\\/uploads\\\/2026\\\/04\\\/madagascar-a.jpeg\",\"datePublished\":\"2026-04-28T15:51:06+00:00\",\"author\":{\"@id\":\"https:\\\/\\\/lepatriotebenin.com\\\/#\\\/schema\\\/person\\\/2e7709b9c9cc313e452d1136af61690f\"},\"breadcrumb\":{\"@id\":\"https:\\\/\\\/lepatriotebenin.com\\\/index.php\\\/2026\\\/04\\\/28\\\/diplomatie-madagascar-expulse-un-agent-de-lambassade-de-france-pour-actes-de-destabilisation\\\/#breadcrumb\"},\"inLanguage\":\"fr-FR\",\"potentialAction\":[{\"@type\":\"ReadAction\",\"target\":[\"https:\\\/\\\/lepatriotebenin.com\\\/index.php\\\/2026\\\/04\\\/28\\\/diplomatie-madagascar-expulse-un-agent-de-lambassade-de-france-pour-actes-de-destabilisation\\\/\"]}]},{\"@type\":\"ImageObject\",\"inLanguage\":\"fr-FR\",\"@id\":\"https:\\\/\\\/lepatriotebenin.com\\\/index.php\\\/2026\\\/04\\\/28\\\/diplomatie-madagascar-expulse-un-agent-de-lambassade-de-france-pour-actes-de-destabilisation\\\/#primaryimage\",\"url\":\"https:\\\/\\\/lepatriotebenin.com\\\/wp-content\\\/uploads\\\/2026\\\/04\\\/madagascar-a.jpeg\",\"contentUrl\":\"https:\\\/\\\/lepatriotebenin.com\\\/wp-content\\\/uploads\\\/2026\\\/04\\\/madagascar-a.jpeg\",\"width\":1280,\"height\":640},{\"@type\":\"BreadcrumbList\",\"@id\":\"https:\\\/\\\/lepatriotebenin.com\\\/index.php\\\/2026\\\/04\\\/28\\\/diplomatie-madagascar-expulse-un-agent-de-lambassade-de-france-pour-actes-de-destabilisation\\\/#breadcrumb\",\"itemListElement\":[{\"@type\":\"ListItem\",\"position\":1,\"name\":\"Accueil\",\"item\":\"https:\\\/\\\/lepatriotebenin.com\\\/\"},{\"@type\":\"ListItem\",\"position\":2,\"name\":\"\u200eDiplomatie : Madagascar expulse un agent de l\u2019ambassade de France pour \u00ab\u00a0actes de d\u00e9stabilisation\u00a0\u00bb\"}]},{\"@type\":\"WebSite\",\"@id\":\"https:\\\/\\\/lepatriotebenin.com\\\/#website\",\"url\":\"https:\\\/\\\/lepatriotebenin.com\\\/\",\"name\":\"Le Patriote\",\"description\":\"Le Patriote B\u00e9nin\",\"potentialAction\":[{\"@type\":\"SearchAction\",\"target\":{\"@type\":\"EntryPoint\",\"urlTemplate\":\"https:\\\/\\\/lepatriotebenin.com\\\/?s={search_term_string}\"},\"query-input\":{\"@type\":\"PropertyValueSpecification\",\"valueRequired\":true,\"valueName\":\"search_term_string\"}}],\"inLanguage\":\"fr-FR\"},{\"@type\":\"Person\",\"@id\":\"https:\\\/\\\/lepatriotebenin.com\\\/#\\\/schema\\\/person\\\/2e7709b9c9cc313e452d1136af61690f\",\"name\":\"Redaction\",\"image\":{\"@type\":\"ImageObject\",\"inLanguage\":\"fr-FR\",\"@id\":\"https:\\\/\\\/secure.gravatar.com\\\/avatar\\\/c4c509357859ea2ca2cbb6d8812898a73e4ef1ef9934c2e591d7e32face734d1?s=96&d=mm&r=g\",\"url\":\"https:\\\/\\\/secure.gravatar.com\\\/avatar\\\/c4c509357859ea2ca2cbb6d8812898a73e4ef1ef9934c2e591d7e32face734d1?s=96&d=mm&r=g\",\"contentUrl\":\"https:\\\/\\\/secure.gravatar.com\\\/avatar\\\/c4c509357859ea2ca2cbb6d8812898a73e4ef1ef9934c2e591d7e32face734d1?s=96&d=mm&r=g\",\"caption\":\"Redaction\"},\"url\":\"https:\\\/\\\/lepatriotebenin.com\"}]}<\/script>\n<!-- \/ Yoast SEO plugin. -->","yoast_head_json":{"title":"\u200eDiplomatie : Madagascar expulse un agent de l\u2019ambassade de France pour \"actes de d\u00e9stabilisation\" - Le Patriote","robots":{"index":"index","follow":"follow","max-snippet":"max-snippet:-1","max-image-preview":"max-image-preview:large","max-video-preview":"max-video-preview:-1"},"canonical":"https:\/\/lepatriotebenin.com\/index.php\/2026\/04\/28\/diplomatie-madagascar-expulse-un-agent-de-lambassade-de-france-pour-actes-de-destabilisation\/","og_locale":"fr_FR","og_type":"article","og_title":"\u200eDiplomatie : Madagascar expulse un agent de l\u2019ambassade de France pour \"actes de d\u00e9stabilisation\" - Le Patriote","og_description":"Le minist\u00e8re malgache des Affaires \u00e9trang\u00e8res a d\u00e9clar\u00e9\u00a0 \u00a0\u00bb persona non grata \u00a0\u00bb un diplomate fran\u00e7ais ce 28 avril 2026. Antananarivo le soup\u00e7onne d\u2019implication dans un projet de coup d\u2019\u00c9tat&hellip;","og_url":"https:\/\/lepatriotebenin.com\/index.php\/2026\/04\/28\/diplomatie-madagascar-expulse-un-agent-de-lambassade-de-france-pour-actes-de-destabilisation\/","og_site_name":"Le Patriote","article_published_time":"2026-04-28T15:51:06+00:00","og_image":[{"width":1280,"height":640,"url":"https:\/\/lepatriotebenin.com\/wp-content\/uploads\/2026\/04\/madagascar-a.jpeg","type":"image\/jpeg"}],"author":"Redaction","twitter_card":"summary_large_image","twitter_misc":{"\u00c9crit par":"Redaction","Dur\u00e9e de lecture estim\u00e9e":"2 minutes"},"schema":{"@context":"https:\/\/schema.org","@graph":[{"@type":"Article","@id":"https:\/\/lepatriotebenin.com\/index.php\/2026\/04\/28\/diplomatie-madagascar-expulse-un-agent-de-lambassade-de-france-pour-actes-de-destabilisation\/#article","isPartOf":{"@id":"https:\/\/lepatriotebenin.com\/index.php\/2026\/04\/28\/diplomatie-madagascar-expulse-un-agent-de-lambassade-de-france-pour-actes-de-destabilisation\/"},"author":{"name":"Redaction","@id":"https:\/\/lepatriotebenin.com\/#\/schema\/person\/2e7709b9c9cc313e452d1136af61690f"},"headline":"\u200eDiplomatie : Madagascar expulse un agent de l\u2019ambassade de France pour \u00ab\u00a0actes de d\u00e9stabilisation\u00a0\u00bb","datePublished":"2026-04-28T15:51:06+00:00","mainEntityOfPage":{"@id":"https:\/\/lepatriotebenin.com\/index.php\/2026\/04\/28\/diplomatie-madagascar-expulse-un-agent-de-lambassade-de-france-pour-actes-de-destabilisation\/"},"wordCount":324,"commentCount":0,"image":{"@id":"https:\/\/lepatriotebenin.com\/index.php\/2026\/04\/28\/diplomatie-madagascar-expulse-un-agent-de-lambassade-de-france-pour-actes-de-destabilisation\/#primaryimage"},"thumbnailUrl":"https:\/\/lepatriotebenin.com\/wp-content\/uploads\/2026\/04\/madagascar-a.jpeg","articleSection":["Politique"],"inLanguage":"fr-FR","potentialAction":[{"@type":"CommentAction","name":"Comment","target":["https:\/\/lepatriotebenin.com\/index.php\/2026\/04\/28\/diplomatie-madagascar-expulse-un-agent-de-lambassade-de-france-pour-actes-de-destabilisation\/#respond"]}]},{"@type":"WebPage","@id":"https:\/\/lepatriotebenin.com\/index.php\/2026\/04\/28\/diplomatie-madagascar-expulse-un-agent-de-lambassade-de-france-pour-actes-de-destabilisation\/","url":"https:\/\/lepatriotebenin.com\/index.php\/2026\/04\/28\/diplomatie-madagascar-expulse-un-agent-de-lambassade-de-france-pour-actes-de-destabilisation\/","name":"\u200eDiplomatie : Madagascar expulse un agent de l\u2019ambassade de France pour \"actes de d\u00e9stabilisation\" - Le Patriote","isPartOf":{"@id":"https:\/\/lepatriotebenin.com\/#website"},"primaryImageOfPage":{"@id":"https:\/\/lepatriotebenin.com\/index.php\/2026\/04\/28\/diplomatie-madagascar-expulse-un-agent-de-lambassade-de-france-pour-actes-de-destabilisation\/#primaryimage"},"image":{"@id":"https:\/\/lepatriotebenin.com\/index.php\/2026\/04\/28\/diplomatie-madagascar-expulse-un-agent-de-lambassade-de-france-pour-actes-de-destabilisation\/#primaryimage"},"thumbnailUrl":"https:\/\/lepatriotebenin.com\/wp-content\/uploads\/2026\/04\/madagascar-a.jpeg","datePublished":"2026-04-28T15:51:06+00:00","author":{"@id":"https:\/\/lepatriotebenin.com\/#\/schema\/person\/2e7709b9c9cc313e452d1136af61690f"},"breadcrumb":{"@id":"https:\/\/lepatriotebenin.com\/index.php\/2026\/04\/28\/diplomatie-madagascar-expulse-un-agent-de-lambassade-de-france-pour-actes-de-destabilisation\/#breadcrumb"},"inLanguage":"fr-FR","potentialAction":[{"@type":"ReadAction","target":["https:\/\/lepatriotebenin.com\/index.php\/2026\/04\/28\/diplomatie-madagascar-expulse-un-agent-de-lambassade-de-france-pour-actes-de-destabilisation\/"]}]},{"@type":"ImageObject","inLanguage":"fr-FR","@id":"https:\/\/lepatriotebenin.com\/index.php\/2026\/04\/28\/diplomatie-madagascar-expulse-un-agent-de-lambassade-de-france-pour-actes-de-destabilisation\/#primaryimage","url":"https:\/\/lepatriotebenin.com\/wp-content\/uploads\/2026\/04\/madagascar-a.jpeg","contentUrl":"https:\/\/lepatriotebenin.com\/wp-content\/uploads\/2026\/04\/madagascar-a.jpeg","width":1280,"height":640},{"@type":"BreadcrumbList","@id":"https:\/\/lepatriotebenin.com\/index.php\/2026\/04\/28\/diplomatie-madagascar-expulse-un-agent-de-lambassade-de-france-pour-actes-de-destabilisation\/#breadcrumb","itemListElement":[{"@type":"ListItem","position":1,"name":"Accueil","item":"https:\/\/lepatriotebenin.com\/"},{"@type":"ListItem","position":2,"name":"\u200eDiplomatie : Madagascar expulse un agent de l\u2019ambassade de France pour \u00ab\u00a0actes de d\u00e9stabilisation\u00a0\u00bb"}]},{"@type":"WebSite","@id":"https:\/\/lepatriotebenin.com\/#website","url":"https:\/\/lepatriotebenin.com\/","name":"Le Patriote","description":"Le Patriote B\u00e9nin","potentialAction":[{"@type":"SearchAction","target":{"@type":"EntryPoint","urlTemplate":"https:\/\/lepatriotebenin.com\/?s={search_term_string}"},"query-input":{"@type":"PropertyValueSpecification","valueRequired":true,"valueName":"search_term_string"}}],"inLanguage":"fr-FR"},{"@type":"Person","@id":"https:\/\/lepatriotebenin.com\/#\/schema\/person\/2e7709b9c9cc313e452d1136af61690f","name":"Redaction","image":{"@type":"ImageObject","inLanguage":"fr-FR","@id":"https:\/\/secure.gravatar.com\/avatar\/c4c509357859ea2ca2cbb6d8812898a73e4ef1ef9934c2e591d7e32face734d1?s=96&d=mm&r=g","url":"https:\/\/secure.gravatar.com\/avatar\/c4c509357859ea2ca2cbb6d8812898a73e4ef1ef9934c2e591d7e32face734d1?s=96&d=mm&r=g","contentUrl":"https:\/\/secure.gravatar.com\/avatar\/c4c509357859ea2ca2cbb6d8812898a73e4ef1ef9934c2e591d7e32face734d1?s=96&d=mm&r=g","caption":"Redaction"},"url":"https:\/\/lepatriotebenin.com"}]}},"_links":{"self":[{"href":"https:\/\/lepatriotebenin.com\/index.php\/wp-json\/wp\/v2\/posts\/18880","targetHints":{"allow":["GET"]}}],"collection":[{"href":"https:\/\/lepatriotebenin.com\/index.php\/wp-json\/wp\/v2\/posts"}],"about":[{"href":"https:\/\/lepatriotebenin.com\/index.php\/wp-json\/wp\/v2\/types\/post"}],"author":[{"embeddable":true,"href":"https:\/\/lepatriotebenin.com\/index.php\/wp-json\/wp\/v2\/users\/5"}],"replies":[{"embeddable":true,"href":"https:\/\/lepatriotebenin.com\/index.php\/wp-json\/wp\/v2\/comments?post=18880"}],"version-history":[{"count":1,"href":"https:\/\/lepatriotebenin.com\/index.php\/wp-json\/wp\/v2\/posts\/18880\/revisions"}],"predecessor-version":[{"id":18882,"href":"https:\/\/lepatriotebenin.com\/index.php\/wp-json\/wp\/v2\/posts\/18880\/revisions\/18882"}],"wp:featuredmedia":[{"embeddable":true,"href":"https:\/\/lepatriotebenin.com\/index.php\/wp-json\/wp\/v2\/media\/18881"}],"wp:attachment":[{"href":"https:\/\/lepatriotebenin.com\/index.php\/wp-json\/wp\/v2\/media?parent=18880"}],"wp:term":[{"taxonomy":"category","embeddable":true,"href":"https:\/\/lepatriotebenin.com\/index.php\/wp-json\/wp\/v2\/categories?post=18880"},{"taxonomy":"post_tag","embeddable":true,"href":"https:\/\/lepatriotebenin.com\/index.php\/wp-json\/wp\/v2\/tags?post=18880"}],"curies":[{"name":"wp","href":"https:\/\/api.w.org\/{rel}","templated":true}]}}