{"id":18869,"date":"2026-04-28T15:55:41","date_gmt":"2026-04-28T13:55:41","guid":{"rendered":"https:\/\/lepatriotebenin.com\/?p=18869"},"modified":"2026-04-28T15:55:41","modified_gmt":"2026-04-28T13:55:41","slug":"benin-la-criet-condamne-lecrivain-et-militant-julien-kande-kansou-a-24-mois-de-prison-ferme","status":"publish","type":"post","link":"https:\/\/lepatriotebenin.com\/index.php\/2026\/04\/28\/benin-la-criet-condamne-lecrivain-et-militant-julien-kande-kansou-a-24-mois-de-prison-ferme\/","title":{"rendered":"\u200eB\u00e9nin : la Criet condamne l\u2019\u00e9crivain et militant Julien Kand\u00e9 Kansou \u00e0 24 mois de prison ferme"},"content":{"rendered":"<p>La Cour de r\u00e9pression des infractions \u00e9conomiques et du terrorisme (CRIET) a condamn\u00e9, ce mardi 28 avril 2026, Julien Kand\u00e9 Kansou \u00e0 24 mois de prison ferme et 10 millions de francs CFA d\u2019amende.<\/p>\n<p>\u200eL&rsquo;\u00e9crivain est poursuivi pour \u00ab\u00a0harc\u00e8lement par le biais d\u2019un syst\u00e8me \u00e9lectronique et incitation \u00e0 la r\u00e9bellion\u00a0\u00bb. Il est d\u00e9tenu depuis le 12 juin 2025. Le minist\u00e8re public avait requis la m\u00eame peine lors de l\u2019audience du 17 mars 2026. Tout au long de la proc\u00e9dure qui a dur\u00e9 10 mois, le pr\u00e9venu a plaid\u00e9 non coupable.<\/p>\n<p>\u200e\u00c9crivain et militant politique, il est membre de la cellule de communication du parti d\u2019opposition Les D\u00e9mocrates, principale formation oppos\u00e9e au pouvoir en place. Il intervenait r\u00e9guli\u00e8rement dans le d\u00e9bat public et sur les r\u00e9seaux sociaux.<\/p>\n<p><strong>\u200eEzechiel Dagb\u00e9gnon PADONOU<\/strong><\/p>\n<p>\u200e<\/p>\n","protected":false},"excerpt":{"rendered":"<p>La Cour de r\u00e9pression des infractions \u00e9conomiques et du terrorisme (CRIET) a condamn\u00e9, ce mardi 28 avril 2026, Julien Kand\u00e9 Kansou \u00e0 24 mois de prison ferme et 10 millions&hellip;<\/p>\n","protected":false},"author":5,"featured_media":18870,"comment_status":"open","ping_status":"open","sticky":false,"template":"","format":"standard","meta":{"content-type":"","om_disable_all_campaigns":false,"_monsterinsights_skip_tracking":false,"_monsterinsights_sitenote_active":false,"_monsterinsights_sitenote_note":"","_monsterinsights_sitenote_category":0,"_uf_show_specific_survey":0,"_uf_disable_surveys":false,"footnotes":""},"categories":[20],"tags":[],"class_list":["post-18869","post","type-post","status-publish","format-standard","has-post-thumbnail","hentry","category-societe"],"aioseo_notices":[],"yoast_head":"<!-- This site is optimized with the Yoast SEO plugin v27.5 - https:\/\/yoast.com\/product\/yoast-seo-wordpress\/ -->\n<title>\u200eB\u00e9nin : la Criet condamne l\u2019\u00e9crivain et militant Julien Kand\u00e9 Kansou \u00e0 24 mois de prison ferme - Le Patriote<\/title>\n<meta name=\"robots\" content=\"index, follow, max-snippet:-1, max-image-preview:large, max-video-preview:-1\" \/>\n<link rel=\"canonical\" href=\"https:\/\/lepatriotebenin.com\/index.php\/2026\/04\/28\/benin-la-criet-condamne-lecrivain-et-militant-julien-kande-kansou-a-24-mois-de-prison-ferme\/\" \/>\n<meta property=\"og:locale\" content=\"fr_FR\" \/>\n<meta property=\"og:type\" content=\"article\" \/>\n<meta property=\"og:title\" content=\"\u200eB\u00e9nin : la Criet condamne l\u2019\u00e9crivain et militant Julien Kand\u00e9 Kansou \u00e0 24 mois de prison ferme - Le Patriote\" \/>\n<meta property=\"og:description\" content=\"La Cour de r\u00e9pression des infractions \u00e9conomiques et du terrorisme (CRIET) a condamn\u00e9, ce mardi 28 avril 2026, Julien Kand\u00e9 Kansou \u00e0 24 mois de prison ferme et 10 millions&hellip;\" \/>\n<meta property=\"og:url\" content=\"https:\/\/lepatriotebenin.com\/index.php\/2026\/04\/28\/benin-la-criet-condamne-lecrivain-et-militant-julien-kande-kansou-a-24-mois-de-prison-ferme\/\" \/>\n<meta property=\"og:site_name\" content=\"Le Patriote\" \/>\n<meta property=\"article:published_time\" content=\"2026-04-28T13:55:41+00:00\" \/>\n<meta property=\"og:image\" content=\"https:\/\/lepatriotebenin.com\/wp-content\/uploads\/2026\/04\/julien-kande-kansou-image-q.jpg\" \/>\n\t<meta property=\"og:image:width\" content=\"780\" \/>\n\t<meta property=\"og:image:height\" content=\"560\" \/>\n\t<meta property=\"og:image:type\" content=\"image\/jpeg\" \/>\n<meta name=\"author\" content=\"Redaction\" \/>\n<meta name=\"twitter:card\" content=\"summary_large_image\" \/>\n<meta name=\"twitter:label1\" content=\"\u00c9crit par\" \/>\n\t<meta name=\"twitter:data1\" content=\"Redaction\" \/>\n\t<meta name=\"twitter:label2\" content=\"Dur\u00e9e de lecture estim\u00e9e\" \/>\n\t<meta name=\"twitter:data2\" content=\"1 minute\" \/>\n<script type=\"application\/ld+json\" class=\"yoast-schema-graph\">{\"@context\":\"https:\\\/\\\/schema.org\",\"@graph\":[{\"@type\":\"Article\",\"@id\":\"https:\\\/\\\/lepatriotebenin.com\\\/index.php\\\/2026\\\/04\\\/28\\\/benin-la-criet-condamne-lecrivain-et-militant-julien-kande-kansou-a-24-mois-de-prison-ferme\\\/#article\",\"isPartOf\":{\"@id\":\"https:\\\/\\\/lepatriotebenin.com\\\/index.php\\\/2026\\\/04\\\/28\\\/benin-la-criet-condamne-lecrivain-et-militant-julien-kande-kansou-a-24-mois-de-prison-ferme\\\/\"},\"author\":{\"name\":\"Redaction\",\"@id\":\"https:\\\/\\\/lepatriotebenin.com\\\/#\\\/schema\\\/person\\\/2e7709b9c9cc313e452d1136af61690f\"},\"headline\":\"\u200eB\u00e9nin : la Criet condamne l\u2019\u00e9crivain et militant Julien Kand\u00e9 Kansou \u00e0 24 mois de prison ferme\",\"datePublished\":\"2026-04-28T13:55:41+00:00\",\"mainEntityOfPage\":{\"@id\":\"https:\\\/\\\/lepatriotebenin.com\\\/index.php\\\/2026\\\/04\\\/28\\\/benin-la-criet-condamne-lecrivain-et-militant-julien-kande-kansou-a-24-mois-de-prison-ferme\\\/\"},\"wordCount\":155,\"commentCount\":0,\"image\":{\"@id\":\"https:\\\/\\\/lepatriotebenin.com\\\/index.php\\\/2026\\\/04\\\/28\\\/benin-la-criet-condamne-lecrivain-et-militant-julien-kande-kansou-a-24-mois-de-prison-ferme\\\/#primaryimage\"},\"thumbnailUrl\":\"https:\\\/\\\/lepatriotebenin.com\\\/wp-content\\\/uploads\\\/2026\\\/04\\\/julien-kande-kansou-image-q.jpg\",\"articleSection\":[\"Soci\u00e9t\u00e9\"],\"inLanguage\":\"fr-FR\",\"potentialAction\":[{\"@type\":\"CommentAction\",\"name\":\"Comment\",\"target\":[\"https:\\\/\\\/lepatriotebenin.com\\\/index.php\\\/2026\\\/04\\\/28\\\/benin-la-criet-condamne-lecrivain-et-militant-julien-kande-kansou-a-24-mois-de-prison-ferme\\\/#respond\"]}]},{\"@type\":\"WebPage\",\"@id\":\"https:\\\/\\\/lepatriotebenin.com\\\/index.php\\\/2026\\\/04\\\/28\\\/benin-la-criet-condamne-lecrivain-et-militant-julien-kande-kansou-a-24-mois-de-prison-ferme\\\/\",\"url\":\"https:\\\/\\\/lepatriotebenin.com\\\/index.php\\\/2026\\\/04\\\/28\\\/benin-la-criet-condamne-lecrivain-et-militant-julien-kande-kansou-a-24-mois-de-prison-ferme\\\/\",\"name\":\"\u200eB\u00e9nin : la Criet condamne l\u2019\u00e9crivain et militant Julien Kand\u00e9 Kansou \u00e0 24 mois de prison ferme - Le Patriote\",\"isPartOf\":{\"@id\":\"https:\\\/\\\/lepatriotebenin.com\\\/#website\"},\"primaryImageOfPage\":{\"@id\":\"https:\\\/\\\/lepatriotebenin.com\\\/index.php\\\/2026\\\/04\\\/28\\\/benin-la-criet-condamne-lecrivain-et-militant-julien-kande-kansou-a-24-mois-de-prison-ferme\\\/#primaryimage\"},\"image\":{\"@id\":\"https:\\\/\\\/lepatriotebenin.com\\\/index.php\\\/2026\\\/04\\\/28\\\/benin-la-criet-condamne-lecrivain-et-militant-julien-kande-kansou-a-24-mois-de-prison-ferme\\\/#primaryimage\"},\"thumbnailUrl\":\"https:\\\/\\\/lepatriotebenin.com\\\/wp-content\\\/uploads\\\/2026\\\/04\\\/julien-kande-kansou-image-q.jpg\",\"datePublished\":\"2026-04-28T13:55:41+00:00\",\"author\":{\"@id\":\"https:\\\/\\\/lepatriotebenin.com\\\/#\\\/schema\\\/person\\\/2e7709b9c9cc313e452d1136af61690f\"},\"breadcrumb\":{\"@id\":\"https:\\\/\\\/lepatriotebenin.com\\\/index.php\\\/2026\\\/04\\\/28\\\/benin-la-criet-condamne-lecrivain-et-militant-julien-kande-kansou-a-24-mois-de-prison-ferme\\\/#breadcrumb\"},\"inLanguage\":\"fr-FR\",\"potentialAction\":[{\"@type\":\"ReadAction\",\"target\":[\"https:\\\/\\\/lepatriotebenin.com\\\/index.php\\\/2026\\\/04\\\/28\\\/benin-la-criet-condamne-lecrivain-et-militant-julien-kande-kansou-a-24-mois-de-prison-ferme\\\/\"]}]},{\"@type\":\"ImageObject\",\"inLanguage\":\"fr-FR\",\"@id\":\"https:\\\/\\\/lepatriotebenin.com\\\/index.php\\\/2026\\\/04\\\/28\\\/benin-la-criet-condamne-lecrivain-et-militant-julien-kande-kansou-a-24-mois-de-prison-ferme\\\/#primaryimage\",\"url\":\"https:\\\/\\\/lepatriotebenin.com\\\/wp-content\\\/uploads\\\/2026\\\/04\\\/julien-kande-kansou-image-q.jpg\",\"contentUrl\":\"https:\\\/\\\/lepatriotebenin.com\\\/wp-content\\\/uploads\\\/2026\\\/04\\\/julien-kande-kansou-image-q.jpg\",\"width\":780,\"height\":560},{\"@type\":\"BreadcrumbList\",\"@id\":\"https:\\\/\\\/lepatriotebenin.com\\\/index.php\\\/2026\\\/04\\\/28\\\/benin-la-criet-condamne-lecrivain-et-militant-julien-kande-kansou-a-24-mois-de-prison-ferme\\\/#breadcrumb\",\"itemListElement\":[{\"@type\":\"ListItem\",\"position\":1,\"name\":\"Accueil\",\"item\":\"https:\\\/\\\/lepatriotebenin.com\\\/\"},{\"@type\":\"ListItem\",\"position\":2,\"name\":\"\u200eB\u00e9nin : la Criet condamne l\u2019\u00e9crivain et militant Julien Kand\u00e9 Kansou \u00e0 24 mois de prison ferme\"}]},{\"@type\":\"WebSite\",\"@id\":\"https:\\\/\\\/lepatriotebenin.com\\\/#website\",\"url\":\"https:\\\/\\\/lepatriotebenin.com\\\/\",\"name\":\"Le Patriote\",\"description\":\"Le Patriote B\u00e9nin\",\"potentialAction\":[{\"@type\":\"SearchAction\",\"target\":{\"@type\":\"EntryPoint\",\"urlTemplate\":\"https:\\\/\\\/lepatriotebenin.com\\\/?s={search_term_string}\"},\"query-input\":{\"@type\":\"PropertyValueSpecification\",\"valueRequired\":true,\"valueName\":\"search_term_string\"}}],\"inLanguage\":\"fr-FR\"},{\"@type\":\"Person\",\"@id\":\"https:\\\/\\\/lepatriotebenin.com\\\/#\\\/schema\\\/person\\\/2e7709b9c9cc313e452d1136af61690f\",\"name\":\"Redaction\",\"image\":{\"@type\":\"ImageObject\",\"inLanguage\":\"fr-FR\",\"@id\":\"https:\\\/\\\/secure.gravatar.com\\\/avatar\\\/c4c509357859ea2ca2cbb6d8812898a73e4ef1ef9934c2e591d7e32face734d1?s=96&d=mm&r=g\",\"url\":\"https:\\\/\\\/secure.gravatar.com\\\/avatar\\\/c4c509357859ea2ca2cbb6d8812898a73e4ef1ef9934c2e591d7e32face734d1?s=96&d=mm&r=g\",\"contentUrl\":\"https:\\\/\\\/secure.gravatar.com\\\/avatar\\\/c4c509357859ea2ca2cbb6d8812898a73e4ef1ef9934c2e591d7e32face734d1?s=96&d=mm&r=g\",\"caption\":\"Redaction\"},\"url\":\"https:\\\/\\\/lepatriotebenin.com\"}]}<\/script>\n<!-- \/ Yoast SEO plugin. -->","yoast_head_json":{"title":"\u200eB\u00e9nin : la Criet condamne l\u2019\u00e9crivain et militant Julien Kand\u00e9 Kansou \u00e0 24 mois de prison ferme - Le Patriote","robots":{"index":"index","follow":"follow","max-snippet":"max-snippet:-1","max-image-preview":"max-image-preview:large","max-video-preview":"max-video-preview:-1"},"canonical":"https:\/\/lepatriotebenin.com\/index.php\/2026\/04\/28\/benin-la-criet-condamne-lecrivain-et-militant-julien-kande-kansou-a-24-mois-de-prison-ferme\/","og_locale":"fr_FR","og_type":"article","og_title":"\u200eB\u00e9nin : la Criet condamne l\u2019\u00e9crivain et militant Julien Kand\u00e9 Kansou \u00e0 24 mois de prison ferme - Le Patriote","og_description":"La Cour de r\u00e9pression des infractions \u00e9conomiques et du terrorisme (CRIET) a condamn\u00e9, ce mardi 28 avril 2026, Julien Kand\u00e9 Kansou \u00e0 24 mois de prison ferme et 10 millions&hellip;","og_url":"https:\/\/lepatriotebenin.com\/index.php\/2026\/04\/28\/benin-la-criet-condamne-lecrivain-et-militant-julien-kande-kansou-a-24-mois-de-prison-ferme\/","og_site_name":"Le Patriote","article_published_time":"2026-04-28T13:55:41+00:00","og_image":[{"width":780,"height":560,"url":"https:\/\/lepatriotebenin.com\/wp-content\/uploads\/2026\/04\/julien-kande-kansou-image-q.jpg","type":"image\/jpeg"}],"author":"Redaction","twitter_card":"summary_large_image","twitter_misc":{"\u00c9crit par":"Redaction","Dur\u00e9e de lecture estim\u00e9e":"1 minute"},"schema":{"@context":"https:\/\/schema.org","@graph":[{"@type":"Article","@id":"https:\/\/lepatriotebenin.com\/index.php\/2026\/04\/28\/benin-la-criet-condamne-lecrivain-et-militant-julien-kande-kansou-a-24-mois-de-prison-ferme\/#article","isPartOf":{"@id":"https:\/\/lepatriotebenin.com\/index.php\/2026\/04\/28\/benin-la-criet-condamne-lecrivain-et-militant-julien-kande-kansou-a-24-mois-de-prison-ferme\/"},"author":{"name":"Redaction","@id":"https:\/\/lepatriotebenin.com\/#\/schema\/person\/2e7709b9c9cc313e452d1136af61690f"},"headline":"\u200eB\u00e9nin : la Criet condamne l\u2019\u00e9crivain et militant Julien Kand\u00e9 Kansou \u00e0 24 mois de prison ferme","datePublished":"2026-04-28T13:55:41+00:00","mainEntityOfPage":{"@id":"https:\/\/lepatriotebenin.com\/index.php\/2026\/04\/28\/benin-la-criet-condamne-lecrivain-et-militant-julien-kande-kansou-a-24-mois-de-prison-ferme\/"},"wordCount":155,"commentCount":0,"image":{"@id":"https:\/\/lepatriotebenin.com\/index.php\/2026\/04\/28\/benin-la-criet-condamne-lecrivain-et-militant-julien-kande-kansou-a-24-mois-de-prison-ferme\/#primaryimage"},"thumbnailUrl":"https:\/\/lepatriotebenin.com\/wp-content\/uploads\/2026\/04\/julien-kande-kansou-image-q.jpg","articleSection":["Soci\u00e9t\u00e9"],"inLanguage":"fr-FR","potentialAction":[{"@type":"CommentAction","name":"Comment","target":["https:\/\/lepatriotebenin.com\/index.php\/2026\/04\/28\/benin-la-criet-condamne-lecrivain-et-militant-julien-kande-kansou-a-24-mois-de-prison-ferme\/#respond"]}]},{"@type":"WebPage","@id":"https:\/\/lepatriotebenin.com\/index.php\/2026\/04\/28\/benin-la-criet-condamne-lecrivain-et-militant-julien-kande-kansou-a-24-mois-de-prison-ferme\/","url":"https:\/\/lepatriotebenin.com\/index.php\/2026\/04\/28\/benin-la-criet-condamne-lecrivain-et-militant-julien-kande-kansou-a-24-mois-de-prison-ferme\/","name":"\u200eB\u00e9nin : la Criet condamne l\u2019\u00e9crivain et militant Julien Kand\u00e9 Kansou \u00e0 24 mois de prison ferme - Le Patriote","isPartOf":{"@id":"https:\/\/lepatriotebenin.com\/#website"},"primaryImageOfPage":{"@id":"https:\/\/lepatriotebenin.com\/index.php\/2026\/04\/28\/benin-la-criet-condamne-lecrivain-et-militant-julien-kande-kansou-a-24-mois-de-prison-ferme\/#primaryimage"},"image":{"@id":"https:\/\/lepatriotebenin.com\/index.php\/2026\/04\/28\/benin-la-criet-condamne-lecrivain-et-militant-julien-kande-kansou-a-24-mois-de-prison-ferme\/#primaryimage"},"thumbnailUrl":"https:\/\/lepatriotebenin.com\/wp-content\/uploads\/2026\/04\/julien-kande-kansou-image-q.jpg","datePublished":"2026-04-28T13:55:41+00:00","author":{"@id":"https:\/\/lepatriotebenin.com\/#\/schema\/person\/2e7709b9c9cc313e452d1136af61690f"},"breadcrumb":{"@id":"https:\/\/lepatriotebenin.com\/index.php\/2026\/04\/28\/benin-la-criet-condamne-lecrivain-et-militant-julien-kande-kansou-a-24-mois-de-prison-ferme\/#breadcrumb"},"inLanguage":"fr-FR","potentialAction":[{"@type":"ReadAction","target":["https:\/\/lepatriotebenin.com\/index.php\/2026\/04\/28\/benin-la-criet-condamne-lecrivain-et-militant-julien-kande-kansou-a-24-mois-de-prison-ferme\/"]}]},{"@type":"ImageObject","inLanguage":"fr-FR","@id":"https:\/\/lepatriotebenin.com\/index.php\/2026\/04\/28\/benin-la-criet-condamne-lecrivain-et-militant-julien-kande-kansou-a-24-mois-de-prison-ferme\/#primaryimage","url":"https:\/\/lepatriotebenin.com\/wp-content\/uploads\/2026\/04\/julien-kande-kansou-image-q.jpg","contentUrl":"https:\/\/lepatriotebenin.com\/wp-content\/uploads\/2026\/04\/julien-kande-kansou-image-q.jpg","width":780,"height":560},{"@type":"BreadcrumbList","@id":"https:\/\/lepatriotebenin.com\/index.php\/2026\/04\/28\/benin-la-criet-condamne-lecrivain-et-militant-julien-kande-kansou-a-24-mois-de-prison-ferme\/#breadcrumb","itemListElement":[{"@type":"ListItem","position":1,"name":"Accueil","item":"https:\/\/lepatriotebenin.com\/"},{"@type":"ListItem","position":2,"name":"\u200eB\u00e9nin : la Criet condamne l\u2019\u00e9crivain et militant Julien Kand\u00e9 Kansou \u00e0 24 mois de prison ferme"}]},{"@type":"WebSite","@id":"https:\/\/lepatriotebenin.com\/#website","url":"https:\/\/lepatriotebenin.com\/","name":"Le Patriote","description":"Le Patriote B\u00e9nin","potentialAction":[{"@type":"SearchAction","target":{"@type":"EntryPoint","urlTemplate":"https:\/\/lepatriotebenin.com\/?s={search_term_string}"},"query-input":{"@type":"PropertyValueSpecification","valueRequired":true,"valueName":"search_term_string"}}],"inLanguage":"fr-FR"},{"@type":"Person","@id":"https:\/\/lepatriotebenin.com\/#\/schema\/person\/2e7709b9c9cc313e452d1136af61690f","name":"Redaction","image":{"@type":"ImageObject","inLanguage":"fr-FR","@id":"https:\/\/secure.gravatar.com\/avatar\/c4c509357859ea2ca2cbb6d8812898a73e4ef1ef9934c2e591d7e32face734d1?s=96&d=mm&r=g","url":"https:\/\/secure.gravatar.com\/avatar\/c4c509357859ea2ca2cbb6d8812898a73e4ef1ef9934c2e591d7e32face734d1?s=96&d=mm&r=g","contentUrl":"https:\/\/secure.gravatar.com\/avatar\/c4c509357859ea2ca2cbb6d8812898a73e4ef1ef9934c2e591d7e32face734d1?s=96&d=mm&r=g","caption":"Redaction"},"url":"https:\/\/lepatriotebenin.com"}]}},"_links":{"self":[{"href":"https:\/\/lepatriotebenin.com\/index.php\/wp-json\/wp\/v2\/posts\/18869","targetHints":{"allow":["GET"]}}],"collection":[{"href":"https:\/\/lepatriotebenin.com\/index.php\/wp-json\/wp\/v2\/posts"}],"about":[{"href":"https:\/\/lepatriotebenin.com\/index.php\/wp-json\/wp\/v2\/types\/post"}],"author":[{"embeddable":true,"href":"https:\/\/lepatriotebenin.com\/index.php\/wp-json\/wp\/v2\/users\/5"}],"replies":[{"embeddable":true,"href":"https:\/\/lepatriotebenin.com\/index.php\/wp-json\/wp\/v2\/comments?post=18869"}],"version-history":[{"count":1,"href":"https:\/\/lepatriotebenin.com\/index.php\/wp-json\/wp\/v2\/posts\/18869\/revisions"}],"predecessor-version":[{"id":18871,"href":"https:\/\/lepatriotebenin.com\/index.php\/wp-json\/wp\/v2\/posts\/18869\/revisions\/18871"}],"wp:featuredmedia":[{"embeddable":true,"href":"https:\/\/lepatriotebenin.com\/index.php\/wp-json\/wp\/v2\/media\/18870"}],"wp:attachment":[{"href":"https:\/\/lepatriotebenin.com\/index.php\/wp-json\/wp\/v2\/media?parent=18869"}],"wp:term":[{"taxonomy":"category","embeddable":true,"href":"https:\/\/lepatriotebenin.com\/index.php\/wp-json\/wp\/v2\/categories?post=18869"},{"taxonomy":"post_tag","embeddable":true,"href":"https:\/\/lepatriotebenin.com\/index.php\/wp-json\/wp\/v2\/tags?post=18869"}],"curies":[{"name":"wp","href":"https:\/\/api.w.org\/{rel}","templated":true}]}}