{"id":18861,"date":"2026-04-27T14:44:37","date_gmt":"2026-04-27T12:44:37","guid":{"rendered":"https:\/\/lepatriotebenin.com\/?p=18861"},"modified":"2026-04-27T14:44:37","modified_gmt":"2026-04-27T12:44:37","slug":"tribune-de-eric-topona-au-sahel-lillusion-du-bouclier-russe-seffondre","status":"publish","type":"post","link":"https:\/\/lepatriotebenin.com\/index.php\/2026\/04\/27\/tribune-de-eric-topona-au-sahel-lillusion-du-bouclier-russe-seffondre\/","title":{"rendered":"Tribune de Eric Topona : Au Sahel, l&rsquo;illusion du bouclier russe s&rsquo;effondre"},"content":{"rendered":"<p><strong>Le 25 avril 2026, le Mali a connu une s\u00e9rie d&rsquo;attaques sans pr\u00e9c\u00e9dent qui ont secou\u00e9 le pays. Le Front de Lib\u00e9ration de l&rsquo;Azawad (FLA) et la Jama&rsquo;at Nusrat al-Islam wal-Muslimin (JNIM\/Groupe de soutien \u00e0 l&rsquo;islam et aux musulmans) ont revendiqu\u00e9 ces attaques\u200b qui ont simultan\u00e9ment frapp\u00e9 Bamako, Kati, Kidal, Gao, S\u00e9var\u00e9 et Mopti.\u200b\u200b Quels enseignements peut-on en tirer ? \u00c9ric Topona.<\/strong><\/p>\n<p>Les assauts lanc\u00e9s \u200bce week-end au Mali par le\u00a0Front de lib\u00e9ration de l\u2019Azawad\u200b (FLA) \u200bet le Groupe de soutien \u00e0 l&rsquo;islam et aux musulmans\u00a0\u200b sont d&rsquo;une rare violence. Ils ont \u00e9t\u00e9 men\u00e9s contre les casernes militaires les plus importantes \u200b\u00a0et contre des lieux strat\u00e9giques\u200b du\u00a0pays, tel que \u200bl&rsquo;a\u00e9roport international Pr\u00e9sident Modibo Ke\u00efta-Senou, mais aussi les villes de\u200b\u00a0\u200bBamako, Kati, Kidal, Gao, S\u00e9var\u00e9 et Mopti\u200b. Ces attaques sont stup\u00e9fiantes\u00a0par les d\u00e9g\u00e2ts caus\u00e9s et la rapidit\u00e9 de la progression des \u200bassaillants. \u200bCette progression rapide a notamment \u00e9t\u00e9 observ\u00e9e \u00e0\u00a0Kidal, ville symbole depuis 2023 de la reconqu\u00eate en marche du territoire national et de l\u2019efficacit\u00e9 du partenariat militaire strat\u00e9gique de la junte avec \u200bses partenaires russes \u200bdes paramilitaires russes d&rsquo;Africa Corps (ex-Wagner)\u200b.\u00a0\u200bL&rsquo;effondrement des \u200b\u200bForces arm\u00e9es maliennes (FAMa)\u00a0et la capitulation \u200bd\u200be leurs alli\u00e9s russes \u200bont surpris plus d&rsquo;un observateur.<\/p>\n<p><strong>Situation in\u00e9dite<\/strong><\/p>\n<p>Au camp militaire de Kati, le chef de la junte, le \u200bg\u00e9n\u00e9ral \u200b\u00a0Assimi Go\u00efta, selon des sources concordantes, \u200ba\u200burait \u00e9t\u00e9 exfiltr\u00e9 vers une destination inconnue.<\/p>\n<p>Mais, plus grave et situation in\u00e9dite dans les combats des \u200bForces arm\u00e9es maliennes (FAMa) et de leurs alli\u00e9s russes contre ces groupes arm\u00e9s, c\u2019est le bilan des pertes humaines et surtout le statut de quelques-unes de ces victimes. Selon le communiqu\u00e9 officiel publi\u00e9 le 26 avril 2026 suite \u00e0 ces combats, \u00ab\u00a0le g\u00e9n\u00e9ral de corps d\u2019arm\u00e9e Sadio Camara a tragiquement perdu la vie lors d\u2019un attentat perp\u00e9tr\u00e9 \u00e0 son domicile de Kati par des \u00e9l\u00e9ments du JNIM\u00a0\u00bb, ainsi que des membres de sa famille. Il \u00e9tait \u200bministre \u200bd&rsquo;\u00c9tat,\u00a0de la D\u00e9fense et des Anciens Combattants\u200b. Toujours selon ce m\u00eame communiqu\u00e9 officiel, \u00ab\u00a0au cours de ces m\u00eames attaques, le g\u00e9n\u00e9ral Modibo Kon\u00e9, directeur g\u00e9n\u00e9ral de l\u2019Agence nationale de la s\u00e9curit\u00e9 d\u2019\u00c9tat (ANSE), ainsi que le g\u00e9n\u00e9ral Oumar Diarra, chef d\u2019\u00e9tat-major g\u00e9n\u00e9ral des arm\u00e9es (CEMGA), ont \u00e9t\u00e9 bless\u00e9s.\u00a0\u00bb<\/p>\n<p>C\u2019est donc bien le commandement militaire au plus haut niveau qui a \u00e9t\u00e9 foudroy\u00e9, au moment m\u00eame o\u00f9 ils doivent incarner solidit\u00e9 et combativit\u00e9 pour rassurer la troupe.<\/p>\n<p><strong>\u200bContexte s\u00e9curitaire d\u00e9l\u00e9t\u00e8re pour les pays de l&rsquo;AES<\/strong><\/p>\n<p>Au-del\u00e0 des faits sur le th\u00e9\u00e2tre des combats, ces attaques et ces lourdes pertes des\u200b\u00a0Forces \u200barm\u00e9es \u200bmaliennes interviennent dans un contexte de plus en plus d\u00e9l\u00e9t\u00e8re au Mali\u200b.\u200b Elles surviennent aussi dans un contexte marqu\u00e9 par\u00a0une d\u00e9t\u00e9rioration grandissante de la situation s\u00e9curitaire dans les pays de l\u2019Alliance des \u00c9tats du Sahel. Les populations de l\u2019AES et celles du Mali en particulier ont encore en m\u00e9moire le blocus \u00e9conomique impos\u00e9 r\u00e9cemment par le \u200bGroupe de soutien \u00e0 l&rsquo;islam et aux musulmans (JNIM) sur les voies routi\u00e8res d\u2019acheminement du carburant vers les grands centres urbains du Mali\u200b. Ce blocus a fait basculer\u00a0le pays vers l&rsquo;asphyxie \u00e9conomique. Au Niger, une attaque arm\u00e9e contre l\u2019a\u00e9roport de Niamey, dans la nuit du 28 au 29 janvier 2026, revendiqu\u00e9e par l\u2019\u00c9tat islamique au Sahel\u200b (EIS), a fait craindre le pire, en raison des conteneurs d&rsquo;uranium stock\u00e9s en ce lieu ultrasensible. Dans le courant du mois d\u2019avril 2026, la junte au pouvoir au Burkina Faso a annonc\u00e9 dans un communiqu\u00e9 officiel avoir d\u00e9jou\u00e9 une \u00e9ni\u00e8me tentative de coup d\u2019\u00c9tat sans donner plus de d\u00e9tails.<\/p>\n<p><strong>\u200bScepticisme envers Moscou<\/strong><\/p>\n<p>Sur le plan diplomatique, quelques indices laissent penser que le Niger, le Burkina Faso et le Mali sont de plus en plus sceptiques quant \u00e0 la capacit\u00e9 de Moscou \u00e0 garantir leur s\u00e9curit\u00e9. C\u2019est ainsi qu\u2019en mars 2026 \u200bNick Checker, haut responsable du bureau des affaires africaines du d\u00e9partement d&rsquo;\u00c9tat des \u00c9tats-Unis,\u00a0s\u2019est rendu dans les trois pays de l\u2019AES\u200b\u00a0: Niger, Mali et Burkina Faso. Il a notamment \u00e9t\u00e9 question de l\u2019accompagnement militaire de \u200bWashington\u00a0dans le domaine du renseignement.<\/p>\n<p>Bien plus, depuis le d\u00e9but de la guerre au Moyen-Orient, le 28 f\u00e9vrier 2026, les pays de l\u2019AES qui commen\u00e7aient \u00e0 se rapprocher de T\u00e9h\u00e9ran ont gard\u00e9 une prudence strat\u00e9gique dont ils ne se sont pas d\u00e9faits jusqu\u2019\u00e0 pr\u00e9sent. Il s\u2019agit en r\u00e9alit\u00e9 d\u2019un flottement diplomatique qui traduit une perplexit\u00e9 face aux enjeux de s\u00e9curit\u00e9 int\u00e9rieure dans un moment de grand basculement g\u00e9ostrat\u00e9gique \u00e0 l\u2019\u00e9chelle plan\u00e9taire<\/p>\n<p><strong>Bilan du rapprochement avec Moscou<\/strong><\/p>\n<p>Au-del\u00e0 de ces \u00e9l\u00e9ments de contexte, le temps est plus que jamais venu de questionner en termes de bilan les dividendes de la r\u00e9orientation strat\u00e9gique vers Moscou, d\u00e9cid\u00e9e souverainement par les pays de l\u2019AES. \u200b\u00c0 l\u2019\u00e9vidence, les faits parlent d\u2019eux-m\u00eames. \u200bD\u00e9j\u00e0 en juillet 2024, la d\u00e9b\u00e2cle des paramilitaires russes, lors de la bataille de \u200bTinzaouat\u00e8ne,\u00a0a stup\u00e9fi\u00e9 les opinions publiques des pays de l\u2019AES et les observateurs internationaux. Au moment m\u00eame o\u00f9 la Russie se pr\u00e9valait de succ\u00e8s militaires factices en Ukraine, le monde entier, m\u00e9dus\u00e9, d\u00e9couvrait \u00e0 travers les r\u00e9seaux sociaux les paramilitaires de Wagner s\u00e9v\u00e8rement d\u00e9faits. Certains ont \u00e9t\u00e9 faits prisonniers, humili\u00e9s et exhib\u00e9s comme des prises de guerre. D&rsquo;autres, tu\u00e9s, \u00e9taient abandonn\u00e9s dans le d\u00e9sert sah\u00e9lien sans s\u00e9pulture. Conscient des effets d\u00e9sastreux de ces images, pour son rayonnement international et la cr\u00e9dibilit\u00e9 de sa parole diplomatique, et des gages de garanties s\u00e9curitaires \u00e0 l\u2019endroit des \u00c9tats du sud global, Moscou s\u2019est fendu d\u2019un communiqu\u00e9 dans lequel fut d\u00e9cid\u00e9e la mutation des troupes d\u2019\u200b\u200bEvgueni Prigojine\u00a0du groupe Wagner vers l\u2019Africa Corps. Cette nouvelle entit\u00e9 \u00e9tait suppos\u00e9e \u00eatre plus professionnelle et fut plac\u00e9e sous la tutelle \u200bdirecte\u00a0du minist\u00e8re russe de la D\u00e9fense.<\/p>\n<p><strong>\u200bDe mal en pis<\/strong><\/p>\n<p>Deux ann\u00e9es plus tard, la situation s\u00e9curitaire au sein des pays de l\u2019Alliance des \u00c9tats du Sahel s\u2019est n\u00e9anmoins consid\u00e9rablement d\u00e9t\u00e9rior\u00e9e. Il n\u2019est pas exag\u00e9r\u00e9 ni catastrophiste d\u2019affirmer que les choses vont de mal en pis. Les groupes terroristes gagnent du terrain, les populations sont dans de nombreuses r\u00e9gions \u00e0 leur merci, \u00e0 telle enseigne que certaines les rallient pour leur survie. \u200bLe 2\u200b5 d\u00e9cembre 2025, au Niger, en conseil des ministres, la junte au pouvoir s\u2019est vue oblig\u00e9e de prendre un d\u00e9cret appelant \u00e0 la \u00ab\u00a0mobilisation g\u00e9n\u00e9rale\u00a0\u00bb, laquelle pr\u00e9voit la r\u00e9quisition des personnes et des biens pour \u00ab\u00a0prot\u00e9ger le pays de toute menace int\u00e9rieure ou ext\u00e9rieure\u00a0\u00bb.<\/p>\n<p>Jamais, dans l\u2019Afrique contemporaine, aucun des \u00c9tats qui ont \u00e9t\u00e9 en butte \u00e0 des attaques ext\u00e9rieures et sur le temps long n\u2019a pris des d\u00e9cisions aussi extr\u00eames. Ces \u00c9tats ont-ils fait le bilan des sommes d\u2019argent pharaoniques d\u00e9pens\u00e9es en contrepartie des services rendus par le bouclier s\u00e9curitaire russe, lorsque l\u2019on sait que ces militaires, en plus de leur forte r\u00e9mun\u00e9ration, se livrent \u00e0 un affairisme d\u00e9brid\u00e9 en exploitant sans vergogne dans ces pays certaines richesses du sol et du sous-sol\u00a0?\u200b<\/p>\n<p><strong>\u200bLa d\u00e9mocratie \u00ab\u00a0occidentale\u00a0\u00bb mise en sourdine<\/strong><\/p>\n<p>Ce sont plut\u00f4t les forces politiques et les acteurs de la soci\u00e9t\u00e9 civile qui sont les boucs-\u00e9missaires des fiascos s\u00e9curitaires des mercenaires russes et des forces arm\u00e9es r\u00e9guli\u00e8res de ces pays. Dans un entretien r\u00e9cent avec un groupe de m\u00e9dias, le chef de la junte burkinab\u00e8, le capitaine Ibrahim Traor\u00e9, affirme sans ciller que son pays n\u2019a pas besoin de d\u00e9mocratie. Joignant la parole aux actes, quelques jours plus tard, son gouvernement prononcera la dissolution d\u2019une centaine d\u2019associations\u200b. Apr\u00e8s avoir mis de mani\u00e8re autoritaire un terme aux activit\u00e9s de toutes les formations politiques, il s\u2019octroie un mandat pr\u00e9sidentiel de cinq ans, renouvelable ad vitam aeternam.<\/p>\n<p><strong>\u200bAffrontements larv\u00e9s et fissures<\/strong><\/p>\n<p>Pour en revenir au Mali, la d\u00e9gradation in\u00e9dite de la situation s\u00e9curitaire est d\u2019autant plus pr\u00e9occupante que l\u2019union sacr\u00e9e, tant c\u00e9l\u00e9br\u00e9e aux premi\u00e8res heures de la prise de pouvoir d\u2019\u200b\u200bAssimi Go\u00efta, s\u2019est consid\u00e9rablement fissur\u00e9e.<\/p>\n<p>Ils sont bien loin les moments o\u00f9 la junte fustigeait \u00e0 l\u2019unisson l\u2019ing\u00e9rence des puissances \u00e9trang\u00e8res, au premier rang desquelles la France et ses partenaires europ\u00e9ens.<\/p>\n<p>Au fur et \u00e0 mesure que s\u2019\u00e9loignent les perspectives de victoire contre les groupes arm\u00e9s et la possibilit\u00e9 de reconqu\u00e9rir le territoire national, c\u2019est \u00e0 l\u2019int\u00e9rieur m\u00eame du groupe des camarades d\u2019armes d\u2019hier que sont apparus au grand jour des luttes d\u2019influence et des affrontements larv\u00e9s. C\u2019est ainsi que certains g\u00e9n\u00e9raux de tr\u00e8s haut rang ont \u00e9t\u00e9 mis aux arr\u00eats et d\u00e9chus de leurs grades, accus\u00e9s de tentatives de coup d\u2019\u00c9tat et \u00e0 la solde de puissances \u00e9trang\u00e8res. Ces hauts grad\u00e9s \u00e9taient pourtant r\u00e9put\u00e9s pour leur comp\u00e9tence incontestable et leurs prodigieux \u00e9tats de service. Cette purge au sein de l\u2019arm\u00e9e aura amorc\u00e9 un mouvement de d\u00e9mobilisation en interne et la promotion de responsables militaires incomp\u00e9tents, davantage adoub\u00e9s pour leur fid\u00e9lit\u00e9 aveugle au chef supr\u00eame des arm\u00e9es que pour leur comp\u00e9tence av\u00e9r\u00e9e.<\/p>\n<p>D\u00e8s lors, les assauts coordonn\u00e9s du F\u200br\u200bont de lib\u00e9ration de l&rsquo;Azawad et du \u200bGroupe de soutien \u00e0 l&rsquo;islam et aux musulmans (JNIM) ne pouvaient s\u2019en trouver que facilit\u00e9s. Il n\u2019est d\u2019ailleurs gu\u00e8re exclu que, face \u00e0 cette d\u00e9mobilisation grandissante au sein des Forces \u200barm\u00e9es \u200bmaliennes, les groupes arm\u00e9s aient trouv\u00e9 en leur sein des sympathies pour mener leurs exp\u00e9ditions vers les grandes villes et les principaux centres du pouvoir militaire.<\/p>\n<p><strong>Coop\u00e9ration s\u00e9curitaire in\u00e9luctable<\/strong><\/p>\n<p>La question qui est d\u00e9sormais pos\u00e9e est celle de savoir si la junte au pouvoir pourra longtemps s\u2019enfermer dans sa bulle souverainiste qui tient davantage du mythe que de la r\u00e9alit\u00e9. La force de 5\u202f000 hommes de l\u2019Alliance des \u00c9tats du Sahel, pompeusement annonc\u00e9e par les trois membres fondateurs, n\u2019a gu\u00e8re pu venir au soutien des FAMa. Preuve est faite que l\u2019absence de coop\u00e9ration s\u00e9curitaire \u00e0 l\u2019\u00e9chelle de l\u2019Afrique de l\u2019Ouest tout enti\u00e8re est plus que jamais incontournable. Et au-del\u00e0 de l\u2019Afrique de l\u2019Ouest, les pays de l\u2019AES r\u00e9alisent enfin qu\u2019ils ne sont pas seulement dans une impasse, mais sous la menace d\u2019une perte totale de souverainet\u00e9 au profit des groupes arm\u00e9s qui semblent par ailleurs faire preuve d\u2019un r\u00e9alisme\u200b \u2013 ou pragmatisme \u2013 froid.<\/p>\n<p>Qu\u2019ils aient sign\u00e9 un accord avec les Russes pour lib\u00e9rer les paramilitaires de l\u2019Africa Corps n\u2019est pas anecdotique, tout en maintenant en captivit\u00e9 les troupes des F\u200bo\u200brces arm\u00e9es maliennes retranch\u00e9es dans le camp de la \u200bMission multidimensionnelle int\u00e9gr\u00e9e des Nations unies pour la stabilisation au M\u200bali \u200b(MINUSMA) \u00e0 Kidal. C\u2019est un acte politique pour m\u00e9nager l\u2019avenir, n\u00e9anmoins pour le plus grand malheur des populations maliennes qui pourraient une fois de plus voir leur destin confisqu\u00e9.<\/p>\n<p>&nbsp;<\/p>\n","protected":false},"excerpt":{"rendered":"<p>Le 25 avril 2026, le Mali a connu une s\u00e9rie d&rsquo;attaques sans pr\u00e9c\u00e9dent qui ont secou\u00e9 le pays. Le Front de Lib\u00e9ration de l&rsquo;Azawad (FLA) et la Jama&rsquo;at Nusrat al-Islam&hellip;<\/p>\n","protected":false},"author":5,"featured_media":18862,"comment_status":"open","ping_status":"open","sticky":false,"template":"","format":"standard","meta":{"content-type":"","om_disable_all_campaigns":false,"_monsterinsights_skip_tracking":false,"_monsterinsights_sitenote_active":false,"_monsterinsights_sitenote_note":"","_monsterinsights_sitenote_category":0,"_uf_show_specific_survey":0,"_uf_disable_surveys":false,"footnotes":""},"categories":[26],"tags":[],"class_list":["post-18861","post","type-post","status-publish","format-standard","has-post-thumbnail","hentry","category-politique"],"aioseo_notices":[],"yoast_head":"<!-- This site is optimized with the Yoast SEO plugin v27.5 - https:\/\/yoast.com\/product\/yoast-seo-wordpress\/ -->\n<title>Tribune de Eric Topona : Au Sahel, l&#039;illusion du bouclier russe s&#039;effondre - Le Patriote<\/title>\n<meta name=\"robots\" content=\"index, follow, max-snippet:-1, max-image-preview:large, max-video-preview:-1\" \/>\n<link rel=\"canonical\" href=\"https:\/\/lepatriotebenin.com\/index.php\/2026\/04\/27\/tribune-de-eric-topona-au-sahel-lillusion-du-bouclier-russe-seffondre\/\" \/>\n<meta property=\"og:locale\" content=\"fr_FR\" \/>\n<meta property=\"og:type\" content=\"article\" \/>\n<meta property=\"og:title\" content=\"Tribune de Eric Topona : Au Sahel, l&#039;illusion du bouclier russe s&#039;effondre - Le Patriote\" \/>\n<meta property=\"og:description\" content=\"Le 25 avril 2026, le Mali a connu une s\u00e9rie d&rsquo;attaques sans pr\u00e9c\u00e9dent qui ont secou\u00e9 le pays. Le Front de Lib\u00e9ration de l&rsquo;Azawad (FLA) et la Jama&rsquo;at Nusrat al-Islam&hellip;\" \/>\n<meta property=\"og:url\" content=\"https:\/\/lepatriotebenin.com\/index.php\/2026\/04\/27\/tribune-de-eric-topona-au-sahel-lillusion-du-bouclier-russe-seffondre\/\" \/>\n<meta property=\"og:site_name\" content=\"Le Patriote\" \/>\n<meta property=\"article:published_time\" content=\"2026-04-27T12:44:37+00:00\" \/>\n<meta property=\"og:image\" content=\"https:\/\/lepatriotebenin.com\/wp-content\/uploads\/2026\/04\/eric-topano.jpeg\" \/>\n\t<meta property=\"og:image:width\" content=\"1280\" \/>\n\t<meta property=\"og:image:height\" content=\"960\" \/>\n\t<meta property=\"og:image:type\" content=\"image\/jpeg\" \/>\n<meta name=\"author\" content=\"Redaction\" \/>\n<meta name=\"twitter:card\" content=\"summary_large_image\" \/>\n<meta name=\"twitter:label1\" content=\"\u00c9crit par\" \/>\n\t<meta name=\"twitter:data1\" content=\"Redaction\" \/>\n\t<meta name=\"twitter:label2\" content=\"Dur\u00e9e de lecture estim\u00e9e\" \/>\n\t<meta name=\"twitter:data2\" content=\"9 minutes\" \/>\n<script type=\"application\/ld+json\" class=\"yoast-schema-graph\">{\"@context\":\"https:\\\/\\\/schema.org\",\"@graph\":[{\"@type\":\"Article\",\"@id\":\"https:\\\/\\\/lepatriotebenin.com\\\/index.php\\\/2026\\\/04\\\/27\\\/tribune-de-eric-topona-au-sahel-lillusion-du-bouclier-russe-seffondre\\\/#article\",\"isPartOf\":{\"@id\":\"https:\\\/\\\/lepatriotebenin.com\\\/index.php\\\/2026\\\/04\\\/27\\\/tribune-de-eric-topona-au-sahel-lillusion-du-bouclier-russe-seffondre\\\/\"},\"author\":{\"name\":\"Redaction\",\"@id\":\"https:\\\/\\\/lepatriotebenin.com\\\/#\\\/schema\\\/person\\\/2e7709b9c9cc313e452d1136af61690f\"},\"headline\":\"Tribune de Eric Topona : Au Sahel, l&rsquo;illusion du bouclier russe s&rsquo;effondre\",\"datePublished\":\"2026-04-27T12:44:37+00:00\",\"mainEntityOfPage\":{\"@id\":\"https:\\\/\\\/lepatriotebenin.com\\\/index.php\\\/2026\\\/04\\\/27\\\/tribune-de-eric-topona-au-sahel-lillusion-du-bouclier-russe-seffondre\\\/\"},\"wordCount\":2019,\"commentCount\":0,\"image\":{\"@id\":\"https:\\\/\\\/lepatriotebenin.com\\\/index.php\\\/2026\\\/04\\\/27\\\/tribune-de-eric-topona-au-sahel-lillusion-du-bouclier-russe-seffondre\\\/#primaryimage\"},\"thumbnailUrl\":\"https:\\\/\\\/lepatriotebenin.com\\\/wp-content\\\/uploads\\\/2026\\\/04\\\/eric-topano.jpeg\",\"articleSection\":[\"Politique\"],\"inLanguage\":\"fr-FR\",\"potentialAction\":[{\"@type\":\"CommentAction\",\"name\":\"Comment\",\"target\":[\"https:\\\/\\\/lepatriotebenin.com\\\/index.php\\\/2026\\\/04\\\/27\\\/tribune-de-eric-topona-au-sahel-lillusion-du-bouclier-russe-seffondre\\\/#respond\"]}]},{\"@type\":\"WebPage\",\"@id\":\"https:\\\/\\\/lepatriotebenin.com\\\/index.php\\\/2026\\\/04\\\/27\\\/tribune-de-eric-topona-au-sahel-lillusion-du-bouclier-russe-seffondre\\\/\",\"url\":\"https:\\\/\\\/lepatriotebenin.com\\\/index.php\\\/2026\\\/04\\\/27\\\/tribune-de-eric-topona-au-sahel-lillusion-du-bouclier-russe-seffondre\\\/\",\"name\":\"Tribune de Eric Topona : Au Sahel, l'illusion du bouclier russe s'effondre - Le Patriote\",\"isPartOf\":{\"@id\":\"https:\\\/\\\/lepatriotebenin.com\\\/#website\"},\"primaryImageOfPage\":{\"@id\":\"https:\\\/\\\/lepatriotebenin.com\\\/index.php\\\/2026\\\/04\\\/27\\\/tribune-de-eric-topona-au-sahel-lillusion-du-bouclier-russe-seffondre\\\/#primaryimage\"},\"image\":{\"@id\":\"https:\\\/\\\/lepatriotebenin.com\\\/index.php\\\/2026\\\/04\\\/27\\\/tribune-de-eric-topona-au-sahel-lillusion-du-bouclier-russe-seffondre\\\/#primaryimage\"},\"thumbnailUrl\":\"https:\\\/\\\/lepatriotebenin.com\\\/wp-content\\\/uploads\\\/2026\\\/04\\\/eric-topano.jpeg\",\"datePublished\":\"2026-04-27T12:44:37+00:00\",\"author\":{\"@id\":\"https:\\\/\\\/lepatriotebenin.com\\\/#\\\/schema\\\/person\\\/2e7709b9c9cc313e452d1136af61690f\"},\"breadcrumb\":{\"@id\":\"https:\\\/\\\/lepatriotebenin.com\\\/index.php\\\/2026\\\/04\\\/27\\\/tribune-de-eric-topona-au-sahel-lillusion-du-bouclier-russe-seffondre\\\/#breadcrumb\"},\"inLanguage\":\"fr-FR\",\"potentialAction\":[{\"@type\":\"ReadAction\",\"target\":[\"https:\\\/\\\/lepatriotebenin.com\\\/index.php\\\/2026\\\/04\\\/27\\\/tribune-de-eric-topona-au-sahel-lillusion-du-bouclier-russe-seffondre\\\/\"]}]},{\"@type\":\"ImageObject\",\"inLanguage\":\"fr-FR\",\"@id\":\"https:\\\/\\\/lepatriotebenin.com\\\/index.php\\\/2026\\\/04\\\/27\\\/tribune-de-eric-topona-au-sahel-lillusion-du-bouclier-russe-seffondre\\\/#primaryimage\",\"url\":\"https:\\\/\\\/lepatriotebenin.com\\\/wp-content\\\/uploads\\\/2026\\\/04\\\/eric-topano.jpeg\",\"contentUrl\":\"https:\\\/\\\/lepatriotebenin.com\\\/wp-content\\\/uploads\\\/2026\\\/04\\\/eric-topano.jpeg\",\"width\":1280,\"height\":960},{\"@type\":\"BreadcrumbList\",\"@id\":\"https:\\\/\\\/lepatriotebenin.com\\\/index.php\\\/2026\\\/04\\\/27\\\/tribune-de-eric-topona-au-sahel-lillusion-du-bouclier-russe-seffondre\\\/#breadcrumb\",\"itemListElement\":[{\"@type\":\"ListItem\",\"position\":1,\"name\":\"Accueil\",\"item\":\"https:\\\/\\\/lepatriotebenin.com\\\/\"},{\"@type\":\"ListItem\",\"position\":2,\"name\":\"Tribune de Eric Topona : Au Sahel, l&rsquo;illusion du bouclier russe s&rsquo;effondre\"}]},{\"@type\":\"WebSite\",\"@id\":\"https:\\\/\\\/lepatriotebenin.com\\\/#website\",\"url\":\"https:\\\/\\\/lepatriotebenin.com\\\/\",\"name\":\"Le Patriote\",\"description\":\"Le Patriote B\u00e9nin\",\"potentialAction\":[{\"@type\":\"SearchAction\",\"target\":{\"@type\":\"EntryPoint\",\"urlTemplate\":\"https:\\\/\\\/lepatriotebenin.com\\\/?s={search_term_string}\"},\"query-input\":{\"@type\":\"PropertyValueSpecification\",\"valueRequired\":true,\"valueName\":\"search_term_string\"}}],\"inLanguage\":\"fr-FR\"},{\"@type\":\"Person\",\"@id\":\"https:\\\/\\\/lepatriotebenin.com\\\/#\\\/schema\\\/person\\\/2e7709b9c9cc313e452d1136af61690f\",\"name\":\"Redaction\",\"image\":{\"@type\":\"ImageObject\",\"inLanguage\":\"fr-FR\",\"@id\":\"https:\\\/\\\/secure.gravatar.com\\\/avatar\\\/c4c509357859ea2ca2cbb6d8812898a73e4ef1ef9934c2e591d7e32face734d1?s=96&d=mm&r=g\",\"url\":\"https:\\\/\\\/secure.gravatar.com\\\/avatar\\\/c4c509357859ea2ca2cbb6d8812898a73e4ef1ef9934c2e591d7e32face734d1?s=96&d=mm&r=g\",\"contentUrl\":\"https:\\\/\\\/secure.gravatar.com\\\/avatar\\\/c4c509357859ea2ca2cbb6d8812898a73e4ef1ef9934c2e591d7e32face734d1?s=96&d=mm&r=g\",\"caption\":\"Redaction\"},\"url\":\"https:\\\/\\\/lepatriotebenin.com\"}]}<\/script>\n<!-- \/ Yoast SEO plugin. -->","yoast_head_json":{"title":"Tribune de Eric Topona : Au Sahel, l'illusion du bouclier russe s'effondre - Le Patriote","robots":{"index":"index","follow":"follow","max-snippet":"max-snippet:-1","max-image-preview":"max-image-preview:large","max-video-preview":"max-video-preview:-1"},"canonical":"https:\/\/lepatriotebenin.com\/index.php\/2026\/04\/27\/tribune-de-eric-topona-au-sahel-lillusion-du-bouclier-russe-seffondre\/","og_locale":"fr_FR","og_type":"article","og_title":"Tribune de Eric Topona : Au Sahel, l'illusion du bouclier russe s'effondre - Le Patriote","og_description":"Le 25 avril 2026, le Mali a connu une s\u00e9rie d&rsquo;attaques sans pr\u00e9c\u00e9dent qui ont secou\u00e9 le pays. Le Front de Lib\u00e9ration de l&rsquo;Azawad (FLA) et la Jama&rsquo;at Nusrat al-Islam&hellip;","og_url":"https:\/\/lepatriotebenin.com\/index.php\/2026\/04\/27\/tribune-de-eric-topona-au-sahel-lillusion-du-bouclier-russe-seffondre\/","og_site_name":"Le Patriote","article_published_time":"2026-04-27T12:44:37+00:00","og_image":[{"width":1280,"height":960,"url":"https:\/\/lepatriotebenin.com\/wp-content\/uploads\/2026\/04\/eric-topano.jpeg","type":"image\/jpeg"}],"author":"Redaction","twitter_card":"summary_large_image","twitter_misc":{"\u00c9crit par":"Redaction","Dur\u00e9e de lecture estim\u00e9e":"9 minutes"},"schema":{"@context":"https:\/\/schema.org","@graph":[{"@type":"Article","@id":"https:\/\/lepatriotebenin.com\/index.php\/2026\/04\/27\/tribune-de-eric-topona-au-sahel-lillusion-du-bouclier-russe-seffondre\/#article","isPartOf":{"@id":"https:\/\/lepatriotebenin.com\/index.php\/2026\/04\/27\/tribune-de-eric-topona-au-sahel-lillusion-du-bouclier-russe-seffondre\/"},"author":{"name":"Redaction","@id":"https:\/\/lepatriotebenin.com\/#\/schema\/person\/2e7709b9c9cc313e452d1136af61690f"},"headline":"Tribune de Eric Topona : Au Sahel, l&rsquo;illusion du bouclier russe s&rsquo;effondre","datePublished":"2026-04-27T12:44:37+00:00","mainEntityOfPage":{"@id":"https:\/\/lepatriotebenin.com\/index.php\/2026\/04\/27\/tribune-de-eric-topona-au-sahel-lillusion-du-bouclier-russe-seffondre\/"},"wordCount":2019,"commentCount":0,"image":{"@id":"https:\/\/lepatriotebenin.com\/index.php\/2026\/04\/27\/tribune-de-eric-topona-au-sahel-lillusion-du-bouclier-russe-seffondre\/#primaryimage"},"thumbnailUrl":"https:\/\/lepatriotebenin.com\/wp-content\/uploads\/2026\/04\/eric-topano.jpeg","articleSection":["Politique"],"inLanguage":"fr-FR","potentialAction":[{"@type":"CommentAction","name":"Comment","target":["https:\/\/lepatriotebenin.com\/index.php\/2026\/04\/27\/tribune-de-eric-topona-au-sahel-lillusion-du-bouclier-russe-seffondre\/#respond"]}]},{"@type":"WebPage","@id":"https:\/\/lepatriotebenin.com\/index.php\/2026\/04\/27\/tribune-de-eric-topona-au-sahel-lillusion-du-bouclier-russe-seffondre\/","url":"https:\/\/lepatriotebenin.com\/index.php\/2026\/04\/27\/tribune-de-eric-topona-au-sahel-lillusion-du-bouclier-russe-seffondre\/","name":"Tribune de Eric Topona : Au Sahel, l'illusion du bouclier russe s'effondre - Le Patriote","isPartOf":{"@id":"https:\/\/lepatriotebenin.com\/#website"},"primaryImageOfPage":{"@id":"https:\/\/lepatriotebenin.com\/index.php\/2026\/04\/27\/tribune-de-eric-topona-au-sahel-lillusion-du-bouclier-russe-seffondre\/#primaryimage"},"image":{"@id":"https:\/\/lepatriotebenin.com\/index.php\/2026\/04\/27\/tribune-de-eric-topona-au-sahel-lillusion-du-bouclier-russe-seffondre\/#primaryimage"},"thumbnailUrl":"https:\/\/lepatriotebenin.com\/wp-content\/uploads\/2026\/04\/eric-topano.jpeg","datePublished":"2026-04-27T12:44:37+00:00","author":{"@id":"https:\/\/lepatriotebenin.com\/#\/schema\/person\/2e7709b9c9cc313e452d1136af61690f"},"breadcrumb":{"@id":"https:\/\/lepatriotebenin.com\/index.php\/2026\/04\/27\/tribune-de-eric-topona-au-sahel-lillusion-du-bouclier-russe-seffondre\/#breadcrumb"},"inLanguage":"fr-FR","potentialAction":[{"@type":"ReadAction","target":["https:\/\/lepatriotebenin.com\/index.php\/2026\/04\/27\/tribune-de-eric-topona-au-sahel-lillusion-du-bouclier-russe-seffondre\/"]}]},{"@type":"ImageObject","inLanguage":"fr-FR","@id":"https:\/\/lepatriotebenin.com\/index.php\/2026\/04\/27\/tribune-de-eric-topona-au-sahel-lillusion-du-bouclier-russe-seffondre\/#primaryimage","url":"https:\/\/lepatriotebenin.com\/wp-content\/uploads\/2026\/04\/eric-topano.jpeg","contentUrl":"https:\/\/lepatriotebenin.com\/wp-content\/uploads\/2026\/04\/eric-topano.jpeg","width":1280,"height":960},{"@type":"BreadcrumbList","@id":"https:\/\/lepatriotebenin.com\/index.php\/2026\/04\/27\/tribune-de-eric-topona-au-sahel-lillusion-du-bouclier-russe-seffondre\/#breadcrumb","itemListElement":[{"@type":"ListItem","position":1,"name":"Accueil","item":"https:\/\/lepatriotebenin.com\/"},{"@type":"ListItem","position":2,"name":"Tribune de Eric Topona : Au Sahel, l&rsquo;illusion du bouclier russe s&rsquo;effondre"}]},{"@type":"WebSite","@id":"https:\/\/lepatriotebenin.com\/#website","url":"https:\/\/lepatriotebenin.com\/","name":"Le Patriote","description":"Le Patriote B\u00e9nin","potentialAction":[{"@type":"SearchAction","target":{"@type":"EntryPoint","urlTemplate":"https:\/\/lepatriotebenin.com\/?s={search_term_string}"},"query-input":{"@type":"PropertyValueSpecification","valueRequired":true,"valueName":"search_term_string"}}],"inLanguage":"fr-FR"},{"@type":"Person","@id":"https:\/\/lepatriotebenin.com\/#\/schema\/person\/2e7709b9c9cc313e452d1136af61690f","name":"Redaction","image":{"@type":"ImageObject","inLanguage":"fr-FR","@id":"https:\/\/secure.gravatar.com\/avatar\/c4c509357859ea2ca2cbb6d8812898a73e4ef1ef9934c2e591d7e32face734d1?s=96&d=mm&r=g","url":"https:\/\/secure.gravatar.com\/avatar\/c4c509357859ea2ca2cbb6d8812898a73e4ef1ef9934c2e591d7e32face734d1?s=96&d=mm&r=g","contentUrl":"https:\/\/secure.gravatar.com\/avatar\/c4c509357859ea2ca2cbb6d8812898a73e4ef1ef9934c2e591d7e32face734d1?s=96&d=mm&r=g","caption":"Redaction"},"url":"https:\/\/lepatriotebenin.com"}]}},"_links":{"self":[{"href":"https:\/\/lepatriotebenin.com\/index.php\/wp-json\/wp\/v2\/posts\/18861","targetHints":{"allow":["GET"]}}],"collection":[{"href":"https:\/\/lepatriotebenin.com\/index.php\/wp-json\/wp\/v2\/posts"}],"about":[{"href":"https:\/\/lepatriotebenin.com\/index.php\/wp-json\/wp\/v2\/types\/post"}],"author":[{"embeddable":true,"href":"https:\/\/lepatriotebenin.com\/index.php\/wp-json\/wp\/v2\/users\/5"}],"replies":[{"embeddable":true,"href":"https:\/\/lepatriotebenin.com\/index.php\/wp-json\/wp\/v2\/comments?post=18861"}],"version-history":[{"count":1,"href":"https:\/\/lepatriotebenin.com\/index.php\/wp-json\/wp\/v2\/posts\/18861\/revisions"}],"predecessor-version":[{"id":18863,"href":"https:\/\/lepatriotebenin.com\/index.php\/wp-json\/wp\/v2\/posts\/18861\/revisions\/18863"}],"wp:featuredmedia":[{"embeddable":true,"href":"https:\/\/lepatriotebenin.com\/index.php\/wp-json\/wp\/v2\/media\/18862"}],"wp:attachment":[{"href":"https:\/\/lepatriotebenin.com\/index.php\/wp-json\/wp\/v2\/media?parent=18861"}],"wp:term":[{"taxonomy":"category","embeddable":true,"href":"https:\/\/lepatriotebenin.com\/index.php\/wp-json\/wp\/v2\/categories?post=18861"},{"taxonomy":"post_tag","embeddable":true,"href":"https:\/\/lepatriotebenin.com\/index.php\/wp-json\/wp\/v2\/tags?post=18861"}],"curies":[{"name":"wp","href":"https:\/\/api.w.org\/{rel}","templated":true}]}}