{"id":18858,"date":"2026-04-27T14:24:11","date_gmt":"2026-04-27T12:24:11","guid":{"rendered":"https:\/\/lepatriotebenin.com\/?p=18858"},"modified":"2026-04-27T14:24:11","modified_gmt":"2026-04-27T12:24:11","slug":"tour-du-benin-lallemand-schempp-oscar-vainqueur-du-prologue-de-cotonou","status":"publish","type":"post","link":"https:\/\/lepatriotebenin.com\/index.php\/2026\/04\/27\/tour-du-benin-lallemand-schempp-oscar-vainqueur-du-prologue-de-cotonou\/","title":{"rendered":"Tour du B\u00e9nin : L\u2019Allemand Schempp Oscar vainqueur du prologue de  Cotonou"},"content":{"rendered":"<p>Inscrit dans le\u00a0 programme de la 21\u00e8me \u00e9dition du tour cycliste international du B\u00e9nin, le \u00a0prologue de Cotonou a\u00a0 \u00e9t\u00e9 disput\u00e9\u00a0 ce lundi 27 avril 2026. Au\u00a0 terme de ce prologue, c\u2019est <strong>Schempp Oscar<\/strong> de la Team Bike AID de l\u2019Allemagne \u00a0qui est vainqueur\u00a0 de ce prologue. La\u00a0 2\u00e8me place \u00e9choit \u00e0 B<strong>ELOHVOSCIKS Kristians<\/strong> (Team Bike AID) et la 3\u00e8me place \u00e0 <strong>Weber Maximilan<\/strong> de la team Hucare Factory.<\/p>\n<p>D\u2019une distance de 4,8 km,\u00a0 le prologue a \u00e9t\u00e9 lanc\u00e9 devant la pharmacie Port Royal d\u2019Agblangandan e avec 64 coureurs lors du d\u00e9part. Pour ce 21\u00e8 Tour cycliste, le B\u00e9nin, le Togo, l\u2019Alg\u00e9rie, le Maroc, le Nigeria, l\u2019\u00c9rythr\u00e9e, ile Maurice et quatre notamment B\u00a0 Close Balenzo (Belgique), Hucare Factory (Allemagne), Team Bike AID (Allemagne), team baobab World Cola (B\u00e9nin).<\/p>\n<p>&nbsp;<\/p>\n","protected":false},"excerpt":{"rendered":"<p>Inscrit dans le\u00a0 programme de la 21\u00e8me \u00e9dition du tour cycliste international du B\u00e9nin, le \u00a0prologue de Cotonou a\u00a0 \u00e9t\u00e9 disput\u00e9\u00a0 ce lundi 27 avril 2026. Au\u00a0 terme de ce&hellip;<\/p>\n","protected":false},"author":6,"featured_media":18859,"comment_status":"open","ping_status":"open","sticky":false,"template":"","format":"standard","meta":{"content-type":"","om_disable_all_campaigns":false,"_monsterinsights_skip_tracking":false,"_monsterinsights_sitenote_active":false,"_monsterinsights_sitenote_note":"","_monsterinsights_sitenote_category":0,"_uf_show_specific_survey":0,"_uf_disable_surveys":false,"footnotes":""},"categories":[8],"tags":[],"class_list":["post-18858","post","type-post","status-publish","format-standard","has-post-thumbnail","hentry","category-sport"],"aioseo_notices":[],"yoast_head":"<!-- This site is optimized with the Yoast SEO plugin v27.5 - https:\/\/yoast.com\/product\/yoast-seo-wordpress\/ -->\n<title>Tour du B\u00e9nin : L\u2019Allemand Schempp Oscar vainqueur du prologue de Cotonou - Le Patriote<\/title>\n<meta name=\"robots\" content=\"index, follow, max-snippet:-1, max-image-preview:large, max-video-preview:-1\" \/>\n<link rel=\"canonical\" href=\"https:\/\/lepatriotebenin.com\/index.php\/2026\/04\/27\/tour-du-benin-lallemand-schempp-oscar-vainqueur-du-prologue-de-cotonou\/\" \/>\n<meta property=\"og:locale\" content=\"fr_FR\" \/>\n<meta property=\"og:type\" content=\"article\" \/>\n<meta property=\"og:title\" content=\"Tour du B\u00e9nin : L\u2019Allemand Schempp Oscar vainqueur du prologue de Cotonou - Le Patriote\" \/>\n<meta property=\"og:description\" content=\"Inscrit dans le\u00a0 programme de la 21\u00e8me \u00e9dition du tour cycliste international du B\u00e9nin, le \u00a0prologue de Cotonou a\u00a0 \u00e9t\u00e9 disput\u00e9\u00a0 ce lundi 27 avril 2026. Au\u00a0 terme de ce&hellip;\" \/>\n<meta property=\"og:url\" content=\"https:\/\/lepatriotebenin.com\/index.php\/2026\/04\/27\/tour-du-benin-lallemand-schempp-oscar-vainqueur-du-prologue-de-cotonou\/\" \/>\n<meta property=\"og:site_name\" content=\"Le Patriote\" \/>\n<meta property=\"article:published_time\" content=\"2026-04-27T12:24:11+00:00\" \/>\n<meta property=\"og:image\" content=\"https:\/\/lepatriotebenin.com\/wp-content\/uploads\/2026\/04\/vainqueur-du-prologue.jpg\" \/>\n\t<meta property=\"og:image:width\" content=\"1080\" \/>\n\t<meta property=\"og:image:height\" content=\"773\" \/>\n\t<meta property=\"og:image:type\" content=\"image\/jpeg\" \/>\n<meta name=\"author\" content=\"Roland AFFANOU\" \/>\n<meta name=\"twitter:card\" content=\"summary_large_image\" \/>\n<meta name=\"twitter:label1\" content=\"\u00c9crit par\" \/>\n\t<meta name=\"twitter:data1\" content=\"Roland AFFANOU\" \/>\n\t<meta name=\"twitter:label2\" content=\"Dur\u00e9e de lecture estim\u00e9e\" \/>\n\t<meta name=\"twitter:data2\" content=\"1 minute\" \/>\n<script type=\"application\/ld+json\" class=\"yoast-schema-graph\">{\"@context\":\"https:\\\/\\\/schema.org\",\"@graph\":[{\"@type\":\"Article\",\"@id\":\"https:\\\/\\\/lepatriotebenin.com\\\/index.php\\\/2026\\\/04\\\/27\\\/tour-du-benin-lallemand-schempp-oscar-vainqueur-du-prologue-de-cotonou\\\/#article\",\"isPartOf\":{\"@id\":\"https:\\\/\\\/lepatriotebenin.com\\\/index.php\\\/2026\\\/04\\\/27\\\/tour-du-benin-lallemand-schempp-oscar-vainqueur-du-prologue-de-cotonou\\\/\"},\"author\":{\"name\":\"Roland AFFANOU\",\"@id\":\"https:\\\/\\\/lepatriotebenin.com\\\/#\\\/schema\\\/person\\\/4a9b67216c97d04045e01405c534c91f\"},\"headline\":\"Tour du B\u00e9nin : L\u2019Allemand Schempp Oscar vainqueur du prologue de Cotonou\",\"datePublished\":\"2026-04-27T12:24:11+00:00\",\"mainEntityOfPage\":{\"@id\":\"https:\\\/\\\/lepatriotebenin.com\\\/index.php\\\/2026\\\/04\\\/27\\\/tour-du-benin-lallemand-schempp-oscar-vainqueur-du-prologue-de-cotonou\\\/\"},\"wordCount\":147,\"commentCount\":0,\"image\":{\"@id\":\"https:\\\/\\\/lepatriotebenin.com\\\/index.php\\\/2026\\\/04\\\/27\\\/tour-du-benin-lallemand-schempp-oscar-vainqueur-du-prologue-de-cotonou\\\/#primaryimage\"},\"thumbnailUrl\":\"https:\\\/\\\/lepatriotebenin.com\\\/wp-content\\\/uploads\\\/2026\\\/04\\\/vainqueur-du-prologue.jpg\",\"articleSection\":[\"Sport\"],\"inLanguage\":\"fr-FR\",\"potentialAction\":[{\"@type\":\"CommentAction\",\"name\":\"Comment\",\"target\":[\"https:\\\/\\\/lepatriotebenin.com\\\/index.php\\\/2026\\\/04\\\/27\\\/tour-du-benin-lallemand-schempp-oscar-vainqueur-du-prologue-de-cotonou\\\/#respond\"]}]},{\"@type\":\"WebPage\",\"@id\":\"https:\\\/\\\/lepatriotebenin.com\\\/index.php\\\/2026\\\/04\\\/27\\\/tour-du-benin-lallemand-schempp-oscar-vainqueur-du-prologue-de-cotonou\\\/\",\"url\":\"https:\\\/\\\/lepatriotebenin.com\\\/index.php\\\/2026\\\/04\\\/27\\\/tour-du-benin-lallemand-schempp-oscar-vainqueur-du-prologue-de-cotonou\\\/\",\"name\":\"Tour du B\u00e9nin : L\u2019Allemand Schempp Oscar vainqueur du prologue de Cotonou - Le Patriote\",\"isPartOf\":{\"@id\":\"https:\\\/\\\/lepatriotebenin.com\\\/#website\"},\"primaryImageOfPage\":{\"@id\":\"https:\\\/\\\/lepatriotebenin.com\\\/index.php\\\/2026\\\/04\\\/27\\\/tour-du-benin-lallemand-schempp-oscar-vainqueur-du-prologue-de-cotonou\\\/#primaryimage\"},\"image\":{\"@id\":\"https:\\\/\\\/lepatriotebenin.com\\\/index.php\\\/2026\\\/04\\\/27\\\/tour-du-benin-lallemand-schempp-oscar-vainqueur-du-prologue-de-cotonou\\\/#primaryimage\"},\"thumbnailUrl\":\"https:\\\/\\\/lepatriotebenin.com\\\/wp-content\\\/uploads\\\/2026\\\/04\\\/vainqueur-du-prologue.jpg\",\"datePublished\":\"2026-04-27T12:24:11+00:00\",\"author\":{\"@id\":\"https:\\\/\\\/lepatriotebenin.com\\\/#\\\/schema\\\/person\\\/4a9b67216c97d04045e01405c534c91f\"},\"breadcrumb\":{\"@id\":\"https:\\\/\\\/lepatriotebenin.com\\\/index.php\\\/2026\\\/04\\\/27\\\/tour-du-benin-lallemand-schempp-oscar-vainqueur-du-prologue-de-cotonou\\\/#breadcrumb\"},\"inLanguage\":\"fr-FR\",\"potentialAction\":[{\"@type\":\"ReadAction\",\"target\":[\"https:\\\/\\\/lepatriotebenin.com\\\/index.php\\\/2026\\\/04\\\/27\\\/tour-du-benin-lallemand-schempp-oscar-vainqueur-du-prologue-de-cotonou\\\/\"]}]},{\"@type\":\"ImageObject\",\"inLanguage\":\"fr-FR\",\"@id\":\"https:\\\/\\\/lepatriotebenin.com\\\/index.php\\\/2026\\\/04\\\/27\\\/tour-du-benin-lallemand-schempp-oscar-vainqueur-du-prologue-de-cotonou\\\/#primaryimage\",\"url\":\"https:\\\/\\\/lepatriotebenin.com\\\/wp-content\\\/uploads\\\/2026\\\/04\\\/vainqueur-du-prologue.jpg\",\"contentUrl\":\"https:\\\/\\\/lepatriotebenin.com\\\/wp-content\\\/uploads\\\/2026\\\/04\\\/vainqueur-du-prologue.jpg\",\"width\":1080,\"height\":773},{\"@type\":\"BreadcrumbList\",\"@id\":\"https:\\\/\\\/lepatriotebenin.com\\\/index.php\\\/2026\\\/04\\\/27\\\/tour-du-benin-lallemand-schempp-oscar-vainqueur-du-prologue-de-cotonou\\\/#breadcrumb\",\"itemListElement\":[{\"@type\":\"ListItem\",\"position\":1,\"name\":\"Accueil\",\"item\":\"https:\\\/\\\/lepatriotebenin.com\\\/\"},{\"@type\":\"ListItem\",\"position\":2,\"name\":\"Tour du B\u00e9nin : L\u2019Allemand Schempp Oscar vainqueur du prologue de Cotonou\"}]},{\"@type\":\"WebSite\",\"@id\":\"https:\\\/\\\/lepatriotebenin.com\\\/#website\",\"url\":\"https:\\\/\\\/lepatriotebenin.com\\\/\",\"name\":\"Le Patriote\",\"description\":\"Le Patriote B\u00e9nin\",\"potentialAction\":[{\"@type\":\"SearchAction\",\"target\":{\"@type\":\"EntryPoint\",\"urlTemplate\":\"https:\\\/\\\/lepatriotebenin.com\\\/?s={search_term_string}\"},\"query-input\":{\"@type\":\"PropertyValueSpecification\",\"valueRequired\":true,\"valueName\":\"search_term_string\"}}],\"inLanguage\":\"fr-FR\"},{\"@type\":\"Person\",\"@id\":\"https:\\\/\\\/lepatriotebenin.com\\\/#\\\/schema\\\/person\\\/4a9b67216c97d04045e01405c534c91f\",\"name\":\"Roland AFFANOU\",\"image\":{\"@type\":\"ImageObject\",\"inLanguage\":\"fr-FR\",\"@id\":\"https:\\\/\\\/secure.gravatar.com\\\/avatar\\\/7209d3f6d2d47ea4d0c67e14d3effb61feb10ae540a4381280c66265de5bd643?s=96&d=mm&r=g\",\"url\":\"https:\\\/\\\/secure.gravatar.com\\\/avatar\\\/7209d3f6d2d47ea4d0c67e14d3effb61feb10ae540a4381280c66265de5bd643?s=96&d=mm&r=g\",\"contentUrl\":\"https:\\\/\\\/secure.gravatar.com\\\/avatar\\\/7209d3f6d2d47ea4d0c67e14d3effb61feb10ae540a4381280c66265de5bd643?s=96&d=mm&r=g\",\"caption\":\"Roland AFFANOU\"},\"url\":\"https:\\\/\\\/lepatriotebenin.com\"}]}<\/script>\n<!-- \/ Yoast SEO plugin. -->","yoast_head_json":{"title":"Tour du B\u00e9nin : L\u2019Allemand Schempp Oscar vainqueur du prologue de Cotonou - Le Patriote","robots":{"index":"index","follow":"follow","max-snippet":"max-snippet:-1","max-image-preview":"max-image-preview:large","max-video-preview":"max-video-preview:-1"},"canonical":"https:\/\/lepatriotebenin.com\/index.php\/2026\/04\/27\/tour-du-benin-lallemand-schempp-oscar-vainqueur-du-prologue-de-cotonou\/","og_locale":"fr_FR","og_type":"article","og_title":"Tour du B\u00e9nin : L\u2019Allemand Schempp Oscar vainqueur du prologue de Cotonou - Le Patriote","og_description":"Inscrit dans le\u00a0 programme de la 21\u00e8me \u00e9dition du tour cycliste international du B\u00e9nin, le \u00a0prologue de Cotonou a\u00a0 \u00e9t\u00e9 disput\u00e9\u00a0 ce lundi 27 avril 2026. Au\u00a0 terme de ce&hellip;","og_url":"https:\/\/lepatriotebenin.com\/index.php\/2026\/04\/27\/tour-du-benin-lallemand-schempp-oscar-vainqueur-du-prologue-de-cotonou\/","og_site_name":"Le Patriote","article_published_time":"2026-04-27T12:24:11+00:00","og_image":[{"width":1080,"height":773,"url":"https:\/\/lepatriotebenin.com\/wp-content\/uploads\/2026\/04\/vainqueur-du-prologue.jpg","type":"image\/jpeg"}],"author":"Roland AFFANOU","twitter_card":"summary_large_image","twitter_misc":{"\u00c9crit par":"Roland AFFANOU","Dur\u00e9e de lecture estim\u00e9e":"1 minute"},"schema":{"@context":"https:\/\/schema.org","@graph":[{"@type":"Article","@id":"https:\/\/lepatriotebenin.com\/index.php\/2026\/04\/27\/tour-du-benin-lallemand-schempp-oscar-vainqueur-du-prologue-de-cotonou\/#article","isPartOf":{"@id":"https:\/\/lepatriotebenin.com\/index.php\/2026\/04\/27\/tour-du-benin-lallemand-schempp-oscar-vainqueur-du-prologue-de-cotonou\/"},"author":{"name":"Roland AFFANOU","@id":"https:\/\/lepatriotebenin.com\/#\/schema\/person\/4a9b67216c97d04045e01405c534c91f"},"headline":"Tour du B\u00e9nin : L\u2019Allemand Schempp Oscar vainqueur du prologue de Cotonou","datePublished":"2026-04-27T12:24:11+00:00","mainEntityOfPage":{"@id":"https:\/\/lepatriotebenin.com\/index.php\/2026\/04\/27\/tour-du-benin-lallemand-schempp-oscar-vainqueur-du-prologue-de-cotonou\/"},"wordCount":147,"commentCount":0,"image":{"@id":"https:\/\/lepatriotebenin.com\/index.php\/2026\/04\/27\/tour-du-benin-lallemand-schempp-oscar-vainqueur-du-prologue-de-cotonou\/#primaryimage"},"thumbnailUrl":"https:\/\/lepatriotebenin.com\/wp-content\/uploads\/2026\/04\/vainqueur-du-prologue.jpg","articleSection":["Sport"],"inLanguage":"fr-FR","potentialAction":[{"@type":"CommentAction","name":"Comment","target":["https:\/\/lepatriotebenin.com\/index.php\/2026\/04\/27\/tour-du-benin-lallemand-schempp-oscar-vainqueur-du-prologue-de-cotonou\/#respond"]}]},{"@type":"WebPage","@id":"https:\/\/lepatriotebenin.com\/index.php\/2026\/04\/27\/tour-du-benin-lallemand-schempp-oscar-vainqueur-du-prologue-de-cotonou\/","url":"https:\/\/lepatriotebenin.com\/index.php\/2026\/04\/27\/tour-du-benin-lallemand-schempp-oscar-vainqueur-du-prologue-de-cotonou\/","name":"Tour du B\u00e9nin : L\u2019Allemand Schempp Oscar vainqueur du prologue de Cotonou - Le Patriote","isPartOf":{"@id":"https:\/\/lepatriotebenin.com\/#website"},"primaryImageOfPage":{"@id":"https:\/\/lepatriotebenin.com\/index.php\/2026\/04\/27\/tour-du-benin-lallemand-schempp-oscar-vainqueur-du-prologue-de-cotonou\/#primaryimage"},"image":{"@id":"https:\/\/lepatriotebenin.com\/index.php\/2026\/04\/27\/tour-du-benin-lallemand-schempp-oscar-vainqueur-du-prologue-de-cotonou\/#primaryimage"},"thumbnailUrl":"https:\/\/lepatriotebenin.com\/wp-content\/uploads\/2026\/04\/vainqueur-du-prologue.jpg","datePublished":"2026-04-27T12:24:11+00:00","author":{"@id":"https:\/\/lepatriotebenin.com\/#\/schema\/person\/4a9b67216c97d04045e01405c534c91f"},"breadcrumb":{"@id":"https:\/\/lepatriotebenin.com\/index.php\/2026\/04\/27\/tour-du-benin-lallemand-schempp-oscar-vainqueur-du-prologue-de-cotonou\/#breadcrumb"},"inLanguage":"fr-FR","potentialAction":[{"@type":"ReadAction","target":["https:\/\/lepatriotebenin.com\/index.php\/2026\/04\/27\/tour-du-benin-lallemand-schempp-oscar-vainqueur-du-prologue-de-cotonou\/"]}]},{"@type":"ImageObject","inLanguage":"fr-FR","@id":"https:\/\/lepatriotebenin.com\/index.php\/2026\/04\/27\/tour-du-benin-lallemand-schempp-oscar-vainqueur-du-prologue-de-cotonou\/#primaryimage","url":"https:\/\/lepatriotebenin.com\/wp-content\/uploads\/2026\/04\/vainqueur-du-prologue.jpg","contentUrl":"https:\/\/lepatriotebenin.com\/wp-content\/uploads\/2026\/04\/vainqueur-du-prologue.jpg","width":1080,"height":773},{"@type":"BreadcrumbList","@id":"https:\/\/lepatriotebenin.com\/index.php\/2026\/04\/27\/tour-du-benin-lallemand-schempp-oscar-vainqueur-du-prologue-de-cotonou\/#breadcrumb","itemListElement":[{"@type":"ListItem","position":1,"name":"Accueil","item":"https:\/\/lepatriotebenin.com\/"},{"@type":"ListItem","position":2,"name":"Tour du B\u00e9nin : L\u2019Allemand Schempp Oscar vainqueur du prologue de Cotonou"}]},{"@type":"WebSite","@id":"https:\/\/lepatriotebenin.com\/#website","url":"https:\/\/lepatriotebenin.com\/","name":"Le Patriote","description":"Le Patriote B\u00e9nin","potentialAction":[{"@type":"SearchAction","target":{"@type":"EntryPoint","urlTemplate":"https:\/\/lepatriotebenin.com\/?s={search_term_string}"},"query-input":{"@type":"PropertyValueSpecification","valueRequired":true,"valueName":"search_term_string"}}],"inLanguage":"fr-FR"},{"@type":"Person","@id":"https:\/\/lepatriotebenin.com\/#\/schema\/person\/4a9b67216c97d04045e01405c534c91f","name":"Roland AFFANOU","image":{"@type":"ImageObject","inLanguage":"fr-FR","@id":"https:\/\/secure.gravatar.com\/avatar\/7209d3f6d2d47ea4d0c67e14d3effb61feb10ae540a4381280c66265de5bd643?s=96&d=mm&r=g","url":"https:\/\/secure.gravatar.com\/avatar\/7209d3f6d2d47ea4d0c67e14d3effb61feb10ae540a4381280c66265de5bd643?s=96&d=mm&r=g","contentUrl":"https:\/\/secure.gravatar.com\/avatar\/7209d3f6d2d47ea4d0c67e14d3effb61feb10ae540a4381280c66265de5bd643?s=96&d=mm&r=g","caption":"Roland AFFANOU"},"url":"https:\/\/lepatriotebenin.com"}]}},"_links":{"self":[{"href":"https:\/\/lepatriotebenin.com\/index.php\/wp-json\/wp\/v2\/posts\/18858","targetHints":{"allow":["GET"]}}],"collection":[{"href":"https:\/\/lepatriotebenin.com\/index.php\/wp-json\/wp\/v2\/posts"}],"about":[{"href":"https:\/\/lepatriotebenin.com\/index.php\/wp-json\/wp\/v2\/types\/post"}],"author":[{"embeddable":true,"href":"https:\/\/lepatriotebenin.com\/index.php\/wp-json\/wp\/v2\/users\/6"}],"replies":[{"embeddable":true,"href":"https:\/\/lepatriotebenin.com\/index.php\/wp-json\/wp\/v2\/comments?post=18858"}],"version-history":[{"count":1,"href":"https:\/\/lepatriotebenin.com\/index.php\/wp-json\/wp\/v2\/posts\/18858\/revisions"}],"predecessor-version":[{"id":18860,"href":"https:\/\/lepatriotebenin.com\/index.php\/wp-json\/wp\/v2\/posts\/18858\/revisions\/18860"}],"wp:featuredmedia":[{"embeddable":true,"href":"https:\/\/lepatriotebenin.com\/index.php\/wp-json\/wp\/v2\/media\/18859"}],"wp:attachment":[{"href":"https:\/\/lepatriotebenin.com\/index.php\/wp-json\/wp\/v2\/media?parent=18858"}],"wp:term":[{"taxonomy":"category","embeddable":true,"href":"https:\/\/lepatriotebenin.com\/index.php\/wp-json\/wp\/v2\/categories?post=18858"},{"taxonomy":"post_tag","embeddable":true,"href":"https:\/\/lepatriotebenin.com\/index.php\/wp-json\/wp\/v2\/tags?post=18858"}],"curies":[{"name":"wp","href":"https:\/\/api.w.org\/{rel}","templated":true}]}}