{"id":18851,"date":"2026-04-27T05:08:20","date_gmt":"2026-04-27T03:08:20","guid":{"rendered":"https:\/\/lepatriotebenin.com\/?p=18851"},"modified":"2026-04-27T05:08:20","modified_gmt":"2026-04-27T03:08:20","slug":"ordre-protocolaire-au-sommet-de-letat-le-senat-la-grenouille-qui-veut-se-faire-aussi-grosse-que-le-boeuf","status":"publish","type":"post","link":"https:\/\/lepatriotebenin.com\/index.php\/2026\/04\/27\/ordre-protocolaire-au-sommet-de-letat-le-senat-la-grenouille-qui-veut-se-faire-aussi-grosse-que-le-boeuf\/","title":{"rendered":"Ordre protocolaire au sommet de l\u2019Etat : Le s\u00e9nat : La grenouille qui veut se faire aussi grosse que le b\u0153uf"},"content":{"rendered":"<p>Sorti des entrailles de la derni\u00e8re r\u00e9vision constitutionnelle intervenue nuitamment et dans la confusion de l\u2019exclusion du candidat de l\u2019opposition \u00e0 l\u2019Assembl\u00e9e Nationale en novembre 2025, le s\u00e9nat donne tout l\u2019air d\u2019une institution privil\u00e9gi\u00e9e, \u00e0 qui on r\u00e9serve une grande place avant m\u00eame sa naissance. Et qui va, d\u00e8s son installation, avaler progressivement les pr\u00e9rogatives de plusieurs autres.<\/p>\n<p>Sa naissance au forceps lors de la r\u00e9vision constitutionnelle de novembre dernier est aussi surprenante que son positionnement pr\u00e9matur\u00e9 dans l\u2019architecture institutionnelle du B\u00e9nin. Dans le d\u00e9cret N\u00b02026-107 du 11 mars 2026 fixant l\u2019ordre de pr\u00e9s\u00e9ance en R\u00e9publique du B\u00e9nin, le Pr\u00e9sident du S\u00e9nat, institution non encore cr\u00e9\u00e9e, devient la cinqui\u00e8me personnalit\u00e9 de la R\u00e9publique. Et \u00e7a, c\u2019est lors d\u2019une c\u00e9r\u00e9monie d\u2019investiture. En dehors de ce cas, le pr\u00e9sident du Senat se pointe au rang prestigieux de troisi\u00e8me personnalit\u00e9 dans l\u2019ordre protocolaire. Un positionnement privil\u00e9gi\u00e9 pour une institution qui n\u2019est pas cr\u00e9\u00e9e.<\/p>\n<p>Il vient apr\u00e8s deux personnalit\u00e9s \u00e9lues au suffrage universel direct et surtout avant le pr\u00e9sident de l\u2019Assembl\u00e9e nationale lui aussi \u00e9lu au suffrage universel dans une circonscription \u00e9lectorale plus r\u00e9duite. Le s\u00e9nat et son pr\u00e9sident appara\u00eet dans cette s\u00e9rie, comme un intrus. Bien que ses membres ne tirent pas leurs l\u00e9gitimit\u00e9s du peuple, ils partagent avec les membres de l\u2019Assembl\u00e9e Nationale, le pouvoir l\u00e9gislatif. Ils en ont m\u00eame une pr\u00e9pond\u00e9rance puisqu\u2019ils ont la possibilit\u00e9 de remettre en cause les votes de l\u2019Assembl\u00e9 Nationale par sa pr\u00e9rogative de demande de seconde lecture. Grosse incongruit\u00e9 juridique car les membres de cette institution, bien qu\u2019ayant occup\u00e9 par le pass\u00e9 de hautes fonctions politiques au sommet de l\u2019Etat, sont d\u00e9sign\u00e9s et non \u00e9lus. C\u2019est peut-\u00eatre pour cela que le chef de l\u2019Etat l\u2019appelle lui-m\u00eame \u00ab\u00a0un conseil des sages\u00a0\u00bb.<\/p>\n<p>Selon l\u2019article 113.\u00a03, le s\u00e9nat est compos\u00e9 de membres de droit et de membres d\u00e9sign\u00e9s. Sont membres de droit\u00a0: Les anciens Pr\u00e9sidents \u00e9lus, les anciens Pr\u00e9sidents de l\u2019Assembl\u00e9e Nationale \u00e9lus et ayant exerc\u00e9 la moiti\u00e9 du mandat au moins, les anciens Pr\u00e9sidents de la Cour constitutionnelle ayant exerc\u00e9 la moiti\u00e9 du mandat au moins. Sont d\u00e9sign\u00e9s par le Pr\u00e9sident de la R\u00e9publique, cinq personnalit\u00e9s de haut rang ayant \u00e9t\u00e9 au commandement dans les forces de d\u00e9fense et de s\u00e9curit\u00e9. Au cas o\u00f9 le nombre des membres de droit n\u2019atteint pas le minimum de 25, il est proc\u00e9d\u00e9 par le Pr\u00e9sident de la R\u00e9publique et le Pr\u00e9sident de l\u2019Assembl\u00e9e Nationale \u00e0 la d\u00e9signation d\u2019un nombre compl\u00e9mentaire de membres.<\/p>\n<p>Les membres ainsi d\u00e9sign\u00e9s sont nomm\u00e9s \u00e0 raison de moiti\u00e9 par chacun si le nombre compl\u00e9mentaire est pair. Si ce nombre est impair, le Pr\u00e9sident de la R\u00e9publique d\u00e9signe le membre restant. Les membres d\u00e9sign\u00e9s sont nomm\u00e9s pour un mandat de 5 ans renouvelables\u00a0\u00bb. Hormis ces nombreuses incoh\u00e9rences qui minent sa composition, l\u2019institution doit faire face \u00e0 une autre incertitude engendr\u00e9e par la pr\u00e9sence presque in\u00e9vitable de l\u2019actuel pr\u00e9sident en son sein. En effet, il est coll\u00e9 \u00e0 cette institution l\u2019image du pr\u00e9sident sortant Patrice Talon qui l\u2019a con\u00e7ue et cr\u00e9\u00e9e et qui, sauf cataclysme devrait y si\u00e9ger.<\/p>\n<p>De ce fait, le s\u00e9nat est vu comme une institution dont l\u2019un des objectifs inavou\u00e9s est d\u2019accueillir Patrice Talon et de l\u2019aur\u00e9oler d\u2019un nouveau prestige r\u00e9publicain en faisant de lui son tout premier Pr\u00e9sident. Or, comme l\u2019a relev\u00e9 Jean Baptiste Elias, il est presque impossible d\u2019installer cette institution avec la date d\u2019investiture du prochain pr\u00e9sident de la R\u00e9publique si on veut que Patrice Talon en soit membre et en devienne le Pr\u00e9sident.<\/p>\n<p><strong>Ovni institutionnel<\/strong><\/p>\n<p>A l\u2019analyse de la composition de ce s\u00e9nat, on note deux sortes de membres\u00a0: ceux de droit et ceux d\u00e9sign\u00e9s. Ces derniers sont d\u00e9sign\u00e9s par le Pr\u00e9sident de la R\u00e9publique et celui de l\u2019Assembl\u00e9e Nationale. On se retrouve ainsi avec une institution presque myst\u00e9rieuse dont certains membres sont d\u00e9sign\u00e9s par le Pr\u00e9sident de l\u2019Assembl\u00e9e et peut remettre en cause ses \u0153uvres en demandant une seconde lecture des lois vot\u00e9s par le parlement. Un peu comme,\u00a0\u00ab\u00a0je te nomme et tu viens remettre en cause mes travaux\u00a0\u00bb.<\/p>\n<p>L\u2019autre curiosit\u00e9, c\u2019est l\u2019armada de pr\u00e9rogatives attribu\u00e9es \u00e0 cette institution. Ces multiples pr\u00e9rogatives d\u00e9bordent le cadre l\u00e9gislatif et occupent m\u00eame ceux du Pr\u00e9sident de la R\u00e9publique et m\u00eame du pouvoir judiciaire. Dans la nouvelle mouture de la constitution qui cr\u00e9e le s\u00e9nat, on y lit des pr\u00e9rogatives suivantes\u00a0: le s\u00e9nat concourt \u00e0 garantir la sauvegarde et le renforcement des acquis du d\u00e9veloppement de la Nation, de la d\u00e9fense du territoire et de ka s\u00e9curit\u00e9 publique. A ce titre, il veille \u00e0 la stabilit\u00e9 politique, la continuit\u00e9 de l\u2019Etat et la paix de la nation.\u00a0\u00bb Et ce n\u2019est pas tout.<\/p>\n<p>\u00ab\u00a0Le s\u00e9nat veille \u00e0 renforcer les libert\u00e9s publiques, la qualit\u00e9 de la gestion des biens publics, l\u2019unit\u00e9 et la concorde nationales en vue du d\u00e9veloppement humain et complet durable\u00a0\u00bb. Et lorsqu\u2019on ajoute que cette institution d\u00e9lib\u00e8re sur les projets ou propositions de lois \u00e0 caract\u00e8re politique, on se demande si le fonctionnement de cette institution ne vide pas le poste du Pr\u00e9sident de la R\u00e9publique de ses pr\u00e9rogatives et de son prestige. Sans \u00eatre n\u00e9, le s\u00e9nat commence \u00e0 prendre de l\u2019\u00e9toffe, comme la grenouille qui, dans une fable de la Fontaine, voulait devenir plus grosse que le b\u0153uf. A cette allure, il faut s\u2019attendre \u00e0 d\u2019autres surprises avec l\u2019adoption de la loi organique qui va encadrer le fonctionnement de cette institution. Elle pourrait devenir, alors qu\u2019on ne l\u2019attend pas et sans grande l\u00e9gitimit\u00e9, une des institutions les plus fortes de notre arsenal r\u00e9publicain. Mieux que dans un syst\u00e8me bicam\u00e9ral classique. Un ovni institutionnel qui va avaler autant d\u2019espaces qu\u2019on lui en donnera.<\/p>\n<p>&nbsp;<\/p>\n<p>&nbsp;<\/p>\n<p>&nbsp;<\/p>\n","protected":false},"excerpt":{"rendered":"<p>Sorti des entrailles de la derni\u00e8re r\u00e9vision constitutionnelle intervenue nuitamment et dans la confusion de l\u2019exclusion du candidat de l\u2019opposition \u00e0 l\u2019Assembl\u00e9e Nationale en novembre 2025, le s\u00e9nat donne tout&hellip;<\/p>\n","protected":false},"author":2,"featured_media":18852,"comment_status":"open","ping_status":"open","sticky":false,"template":"","format":"standard","meta":{"content-type":"","om_disable_all_campaigns":false,"_monsterinsights_skip_tracking":false,"_monsterinsights_sitenote_active":false,"_monsterinsights_sitenote_note":"","_monsterinsights_sitenote_category":0,"_uf_show_specific_survey":0,"_uf_disable_surveys":false,"footnotes":""},"categories":[26],"tags":[],"class_list":["post-18851","post","type-post","status-publish","format-standard","has-post-thumbnail","hentry","category-politique"],"aioseo_notices":[],"yoast_head":"<!-- This site is optimized with the Yoast SEO plugin v27.5 - https:\/\/yoast.com\/product\/yoast-seo-wordpress\/ -->\n<title>Ordre protocolaire au sommet de l\u2019Etat : Le s\u00e9nat : La grenouille qui veut se faire aussi grosse que le b\u0153uf - Le Patriote<\/title>\n<meta name=\"robots\" content=\"index, follow, max-snippet:-1, max-image-preview:large, max-video-preview:-1\" \/>\n<link rel=\"canonical\" href=\"https:\/\/lepatriotebenin.com\/index.php\/2026\/04\/27\/ordre-protocolaire-au-sommet-de-letat-le-senat-la-grenouille-qui-veut-se-faire-aussi-grosse-que-le-boeuf\/\" \/>\n<meta property=\"og:locale\" content=\"fr_FR\" \/>\n<meta property=\"og:type\" content=\"article\" \/>\n<meta property=\"og:title\" content=\"Ordre protocolaire au sommet de l\u2019Etat : Le s\u00e9nat : La grenouille qui veut se faire aussi grosse que le b\u0153uf - Le Patriote\" \/>\n<meta property=\"og:description\" content=\"Sorti des entrailles de la derni\u00e8re r\u00e9vision constitutionnelle intervenue nuitamment et dans la confusion de l\u2019exclusion du candidat de l\u2019opposition \u00e0 l\u2019Assembl\u00e9e Nationale en novembre 2025, le s\u00e9nat donne tout&hellip;\" \/>\n<meta property=\"og:url\" content=\"https:\/\/lepatriotebenin.com\/index.php\/2026\/04\/27\/ordre-protocolaire-au-sommet-de-letat-le-senat-la-grenouille-qui-veut-se-faire-aussi-grosse-que-le-boeuf\/\" \/>\n<meta property=\"og:site_name\" content=\"Le Patriote\" \/>\n<meta property=\"article:published_time\" content=\"2026-04-27T03:08:20+00:00\" \/>\n<meta property=\"og:image\" content=\"https:\/\/lepatriotebenin.com\/wp-content\/uploads\/2026\/04\/constitution.jpg\" \/>\n\t<meta property=\"og:image:width\" content=\"842\" \/>\n\t<meta property=\"og:image:height\" content=\"480\" \/>\n\t<meta property=\"og:image:type\" content=\"image\/jpeg\" \/>\n<meta name=\"author\" content=\"Marcel ZOUMENOU\" \/>\n<meta name=\"twitter:card\" content=\"summary_large_image\" \/>\n<meta name=\"twitter:label1\" content=\"\u00c9crit par\" \/>\n\t<meta name=\"twitter:data1\" content=\"Marcel ZOUMENOU\" \/>\n\t<meta name=\"twitter:label2\" content=\"Dur\u00e9e de lecture estim\u00e9e\" \/>\n\t<meta name=\"twitter:data2\" content=\"5 minutes\" \/>\n<script type=\"application\/ld+json\" class=\"yoast-schema-graph\">{\"@context\":\"https:\\\/\\\/schema.org\",\"@graph\":[{\"@type\":\"Article\",\"@id\":\"https:\\\/\\\/lepatriotebenin.com\\\/index.php\\\/2026\\\/04\\\/27\\\/ordre-protocolaire-au-sommet-de-letat-le-senat-la-grenouille-qui-veut-se-faire-aussi-grosse-que-le-boeuf\\\/#article\",\"isPartOf\":{\"@id\":\"https:\\\/\\\/lepatriotebenin.com\\\/index.php\\\/2026\\\/04\\\/27\\\/ordre-protocolaire-au-sommet-de-letat-le-senat-la-grenouille-qui-veut-se-faire-aussi-grosse-que-le-boeuf\\\/\"},\"author\":{\"name\":\"Marcel ZOUMENOU\",\"@id\":\"https:\\\/\\\/lepatriotebenin.com\\\/#\\\/schema\\\/person\\\/bc185387219a73c6f2f8698114720c49\"},\"headline\":\"Ordre protocolaire au sommet de l\u2019Etat : Le s\u00e9nat : La grenouille qui veut se faire aussi grosse que le b\u0153uf\",\"datePublished\":\"2026-04-27T03:08:20+00:00\",\"mainEntityOfPage\":{\"@id\":\"https:\\\/\\\/lepatriotebenin.com\\\/index.php\\\/2026\\\/04\\\/27\\\/ordre-protocolaire-au-sommet-de-letat-le-senat-la-grenouille-qui-veut-se-faire-aussi-grosse-que-le-boeuf\\\/\"},\"wordCount\":1126,\"commentCount\":0,\"image\":{\"@id\":\"https:\\\/\\\/lepatriotebenin.com\\\/index.php\\\/2026\\\/04\\\/27\\\/ordre-protocolaire-au-sommet-de-letat-le-senat-la-grenouille-qui-veut-se-faire-aussi-grosse-que-le-boeuf\\\/#primaryimage\"},\"thumbnailUrl\":\"https:\\\/\\\/lepatriotebenin.com\\\/wp-content\\\/uploads\\\/2026\\\/04\\\/constitution.jpg\",\"articleSection\":[\"Politique\"],\"inLanguage\":\"fr-FR\",\"potentialAction\":[{\"@type\":\"CommentAction\",\"name\":\"Comment\",\"target\":[\"https:\\\/\\\/lepatriotebenin.com\\\/index.php\\\/2026\\\/04\\\/27\\\/ordre-protocolaire-au-sommet-de-letat-le-senat-la-grenouille-qui-veut-se-faire-aussi-grosse-que-le-boeuf\\\/#respond\"]}]},{\"@type\":\"WebPage\",\"@id\":\"https:\\\/\\\/lepatriotebenin.com\\\/index.php\\\/2026\\\/04\\\/27\\\/ordre-protocolaire-au-sommet-de-letat-le-senat-la-grenouille-qui-veut-se-faire-aussi-grosse-que-le-boeuf\\\/\",\"url\":\"https:\\\/\\\/lepatriotebenin.com\\\/index.php\\\/2026\\\/04\\\/27\\\/ordre-protocolaire-au-sommet-de-letat-le-senat-la-grenouille-qui-veut-se-faire-aussi-grosse-que-le-boeuf\\\/\",\"name\":\"Ordre protocolaire au sommet de l\u2019Etat : Le s\u00e9nat : La grenouille qui veut se faire aussi grosse que le b\u0153uf - Le Patriote\",\"isPartOf\":{\"@id\":\"https:\\\/\\\/lepatriotebenin.com\\\/#website\"},\"primaryImageOfPage\":{\"@id\":\"https:\\\/\\\/lepatriotebenin.com\\\/index.php\\\/2026\\\/04\\\/27\\\/ordre-protocolaire-au-sommet-de-letat-le-senat-la-grenouille-qui-veut-se-faire-aussi-grosse-que-le-boeuf\\\/#primaryimage\"},\"image\":{\"@id\":\"https:\\\/\\\/lepatriotebenin.com\\\/index.php\\\/2026\\\/04\\\/27\\\/ordre-protocolaire-au-sommet-de-letat-le-senat-la-grenouille-qui-veut-se-faire-aussi-grosse-que-le-boeuf\\\/#primaryimage\"},\"thumbnailUrl\":\"https:\\\/\\\/lepatriotebenin.com\\\/wp-content\\\/uploads\\\/2026\\\/04\\\/constitution.jpg\",\"datePublished\":\"2026-04-27T03:08:20+00:00\",\"author\":{\"@id\":\"https:\\\/\\\/lepatriotebenin.com\\\/#\\\/schema\\\/person\\\/bc185387219a73c6f2f8698114720c49\"},\"breadcrumb\":{\"@id\":\"https:\\\/\\\/lepatriotebenin.com\\\/index.php\\\/2026\\\/04\\\/27\\\/ordre-protocolaire-au-sommet-de-letat-le-senat-la-grenouille-qui-veut-se-faire-aussi-grosse-que-le-boeuf\\\/#breadcrumb\"},\"inLanguage\":\"fr-FR\",\"potentialAction\":[{\"@type\":\"ReadAction\",\"target\":[\"https:\\\/\\\/lepatriotebenin.com\\\/index.php\\\/2026\\\/04\\\/27\\\/ordre-protocolaire-au-sommet-de-letat-le-senat-la-grenouille-qui-veut-se-faire-aussi-grosse-que-le-boeuf\\\/\"]}]},{\"@type\":\"ImageObject\",\"inLanguage\":\"fr-FR\",\"@id\":\"https:\\\/\\\/lepatriotebenin.com\\\/index.php\\\/2026\\\/04\\\/27\\\/ordre-protocolaire-au-sommet-de-letat-le-senat-la-grenouille-qui-veut-se-faire-aussi-grosse-que-le-boeuf\\\/#primaryimage\",\"url\":\"https:\\\/\\\/lepatriotebenin.com\\\/wp-content\\\/uploads\\\/2026\\\/04\\\/constitution.jpg\",\"contentUrl\":\"https:\\\/\\\/lepatriotebenin.com\\\/wp-content\\\/uploads\\\/2026\\\/04\\\/constitution.jpg\",\"width\":842,\"height\":480},{\"@type\":\"BreadcrumbList\",\"@id\":\"https:\\\/\\\/lepatriotebenin.com\\\/index.php\\\/2026\\\/04\\\/27\\\/ordre-protocolaire-au-sommet-de-letat-le-senat-la-grenouille-qui-veut-se-faire-aussi-grosse-que-le-boeuf\\\/#breadcrumb\",\"itemListElement\":[{\"@type\":\"ListItem\",\"position\":1,\"name\":\"Accueil\",\"item\":\"https:\\\/\\\/lepatriotebenin.com\\\/\"},{\"@type\":\"ListItem\",\"position\":2,\"name\":\"Ordre protocolaire au sommet de l\u2019Etat : Le s\u00e9nat : La grenouille qui veut se faire aussi grosse que le b\u0153uf\"}]},{\"@type\":\"WebSite\",\"@id\":\"https:\\\/\\\/lepatriotebenin.com\\\/#website\",\"url\":\"https:\\\/\\\/lepatriotebenin.com\\\/\",\"name\":\"Le Patriote\",\"description\":\"Le Patriote B\u00e9nin\",\"potentialAction\":[{\"@type\":\"SearchAction\",\"target\":{\"@type\":\"EntryPoint\",\"urlTemplate\":\"https:\\\/\\\/lepatriotebenin.com\\\/?s={search_term_string}\"},\"query-input\":{\"@type\":\"PropertyValueSpecification\",\"valueRequired\":true,\"valueName\":\"search_term_string\"}}],\"inLanguage\":\"fr-FR\"},{\"@type\":\"Person\",\"@id\":\"https:\\\/\\\/lepatriotebenin.com\\\/#\\\/schema\\\/person\\\/bc185387219a73c6f2f8698114720c49\",\"name\":\"Marcel ZOUMENOU\",\"image\":{\"@type\":\"ImageObject\",\"inLanguage\":\"fr-FR\",\"@id\":\"https:\\\/\\\/secure.gravatar.com\\\/avatar\\\/55e60188ee1ca2050a14675489f7856c575861edc734548164d100bdb6565472?s=96&d=mm&r=g\",\"url\":\"https:\\\/\\\/secure.gravatar.com\\\/avatar\\\/55e60188ee1ca2050a14675489f7856c575861edc734548164d100bdb6565472?s=96&d=mm&r=g\",\"contentUrl\":\"https:\\\/\\\/secure.gravatar.com\\\/avatar\\\/55e60188ee1ca2050a14675489f7856c575861edc734548164d100bdb6565472?s=96&d=mm&r=g\",\"caption\":\"Marcel ZOUMENOU\"},\"url\":\"https:\\\/\\\/lepatriotebenin.com\"}]}<\/script>\n<!-- \/ Yoast SEO plugin. -->","yoast_head_json":{"title":"Ordre protocolaire au sommet de l\u2019Etat : Le s\u00e9nat : La grenouille qui veut se faire aussi grosse que le b\u0153uf - Le Patriote","robots":{"index":"index","follow":"follow","max-snippet":"max-snippet:-1","max-image-preview":"max-image-preview:large","max-video-preview":"max-video-preview:-1"},"canonical":"https:\/\/lepatriotebenin.com\/index.php\/2026\/04\/27\/ordre-protocolaire-au-sommet-de-letat-le-senat-la-grenouille-qui-veut-se-faire-aussi-grosse-que-le-boeuf\/","og_locale":"fr_FR","og_type":"article","og_title":"Ordre protocolaire au sommet de l\u2019Etat : Le s\u00e9nat : La grenouille qui veut se faire aussi grosse que le b\u0153uf - Le Patriote","og_description":"Sorti des entrailles de la derni\u00e8re r\u00e9vision constitutionnelle intervenue nuitamment et dans la confusion de l\u2019exclusion du candidat de l\u2019opposition \u00e0 l\u2019Assembl\u00e9e Nationale en novembre 2025, le s\u00e9nat donne tout&hellip;","og_url":"https:\/\/lepatriotebenin.com\/index.php\/2026\/04\/27\/ordre-protocolaire-au-sommet-de-letat-le-senat-la-grenouille-qui-veut-se-faire-aussi-grosse-que-le-boeuf\/","og_site_name":"Le Patriote","article_published_time":"2026-04-27T03:08:20+00:00","og_image":[{"width":842,"height":480,"url":"https:\/\/lepatriotebenin.com\/wp-content\/uploads\/2026\/04\/constitution.jpg","type":"image\/jpeg"}],"author":"Marcel ZOUMENOU","twitter_card":"summary_large_image","twitter_misc":{"\u00c9crit par":"Marcel ZOUMENOU","Dur\u00e9e de lecture estim\u00e9e":"5 minutes"},"schema":{"@context":"https:\/\/schema.org","@graph":[{"@type":"Article","@id":"https:\/\/lepatriotebenin.com\/index.php\/2026\/04\/27\/ordre-protocolaire-au-sommet-de-letat-le-senat-la-grenouille-qui-veut-se-faire-aussi-grosse-que-le-boeuf\/#article","isPartOf":{"@id":"https:\/\/lepatriotebenin.com\/index.php\/2026\/04\/27\/ordre-protocolaire-au-sommet-de-letat-le-senat-la-grenouille-qui-veut-se-faire-aussi-grosse-que-le-boeuf\/"},"author":{"name":"Marcel ZOUMENOU","@id":"https:\/\/lepatriotebenin.com\/#\/schema\/person\/bc185387219a73c6f2f8698114720c49"},"headline":"Ordre protocolaire au sommet de l\u2019Etat : Le s\u00e9nat : La grenouille qui veut se faire aussi grosse que le b\u0153uf","datePublished":"2026-04-27T03:08:20+00:00","mainEntityOfPage":{"@id":"https:\/\/lepatriotebenin.com\/index.php\/2026\/04\/27\/ordre-protocolaire-au-sommet-de-letat-le-senat-la-grenouille-qui-veut-se-faire-aussi-grosse-que-le-boeuf\/"},"wordCount":1126,"commentCount":0,"image":{"@id":"https:\/\/lepatriotebenin.com\/index.php\/2026\/04\/27\/ordre-protocolaire-au-sommet-de-letat-le-senat-la-grenouille-qui-veut-se-faire-aussi-grosse-que-le-boeuf\/#primaryimage"},"thumbnailUrl":"https:\/\/lepatriotebenin.com\/wp-content\/uploads\/2026\/04\/constitution.jpg","articleSection":["Politique"],"inLanguage":"fr-FR","potentialAction":[{"@type":"CommentAction","name":"Comment","target":["https:\/\/lepatriotebenin.com\/index.php\/2026\/04\/27\/ordre-protocolaire-au-sommet-de-letat-le-senat-la-grenouille-qui-veut-se-faire-aussi-grosse-que-le-boeuf\/#respond"]}]},{"@type":"WebPage","@id":"https:\/\/lepatriotebenin.com\/index.php\/2026\/04\/27\/ordre-protocolaire-au-sommet-de-letat-le-senat-la-grenouille-qui-veut-se-faire-aussi-grosse-que-le-boeuf\/","url":"https:\/\/lepatriotebenin.com\/index.php\/2026\/04\/27\/ordre-protocolaire-au-sommet-de-letat-le-senat-la-grenouille-qui-veut-se-faire-aussi-grosse-que-le-boeuf\/","name":"Ordre protocolaire au sommet de l\u2019Etat : Le s\u00e9nat : La grenouille qui veut se faire aussi grosse que le b\u0153uf - Le Patriote","isPartOf":{"@id":"https:\/\/lepatriotebenin.com\/#website"},"primaryImageOfPage":{"@id":"https:\/\/lepatriotebenin.com\/index.php\/2026\/04\/27\/ordre-protocolaire-au-sommet-de-letat-le-senat-la-grenouille-qui-veut-se-faire-aussi-grosse-que-le-boeuf\/#primaryimage"},"image":{"@id":"https:\/\/lepatriotebenin.com\/index.php\/2026\/04\/27\/ordre-protocolaire-au-sommet-de-letat-le-senat-la-grenouille-qui-veut-se-faire-aussi-grosse-que-le-boeuf\/#primaryimage"},"thumbnailUrl":"https:\/\/lepatriotebenin.com\/wp-content\/uploads\/2026\/04\/constitution.jpg","datePublished":"2026-04-27T03:08:20+00:00","author":{"@id":"https:\/\/lepatriotebenin.com\/#\/schema\/person\/bc185387219a73c6f2f8698114720c49"},"breadcrumb":{"@id":"https:\/\/lepatriotebenin.com\/index.php\/2026\/04\/27\/ordre-protocolaire-au-sommet-de-letat-le-senat-la-grenouille-qui-veut-se-faire-aussi-grosse-que-le-boeuf\/#breadcrumb"},"inLanguage":"fr-FR","potentialAction":[{"@type":"ReadAction","target":["https:\/\/lepatriotebenin.com\/index.php\/2026\/04\/27\/ordre-protocolaire-au-sommet-de-letat-le-senat-la-grenouille-qui-veut-se-faire-aussi-grosse-que-le-boeuf\/"]}]},{"@type":"ImageObject","inLanguage":"fr-FR","@id":"https:\/\/lepatriotebenin.com\/index.php\/2026\/04\/27\/ordre-protocolaire-au-sommet-de-letat-le-senat-la-grenouille-qui-veut-se-faire-aussi-grosse-que-le-boeuf\/#primaryimage","url":"https:\/\/lepatriotebenin.com\/wp-content\/uploads\/2026\/04\/constitution.jpg","contentUrl":"https:\/\/lepatriotebenin.com\/wp-content\/uploads\/2026\/04\/constitution.jpg","width":842,"height":480},{"@type":"BreadcrumbList","@id":"https:\/\/lepatriotebenin.com\/index.php\/2026\/04\/27\/ordre-protocolaire-au-sommet-de-letat-le-senat-la-grenouille-qui-veut-se-faire-aussi-grosse-que-le-boeuf\/#breadcrumb","itemListElement":[{"@type":"ListItem","position":1,"name":"Accueil","item":"https:\/\/lepatriotebenin.com\/"},{"@type":"ListItem","position":2,"name":"Ordre protocolaire au sommet de l\u2019Etat : Le s\u00e9nat : La grenouille qui veut se faire aussi grosse que le b\u0153uf"}]},{"@type":"WebSite","@id":"https:\/\/lepatriotebenin.com\/#website","url":"https:\/\/lepatriotebenin.com\/","name":"Le Patriote","description":"Le Patriote B\u00e9nin","potentialAction":[{"@type":"SearchAction","target":{"@type":"EntryPoint","urlTemplate":"https:\/\/lepatriotebenin.com\/?s={search_term_string}"},"query-input":{"@type":"PropertyValueSpecification","valueRequired":true,"valueName":"search_term_string"}}],"inLanguage":"fr-FR"},{"@type":"Person","@id":"https:\/\/lepatriotebenin.com\/#\/schema\/person\/bc185387219a73c6f2f8698114720c49","name":"Marcel ZOUMENOU","image":{"@type":"ImageObject","inLanguage":"fr-FR","@id":"https:\/\/secure.gravatar.com\/avatar\/55e60188ee1ca2050a14675489f7856c575861edc734548164d100bdb6565472?s=96&d=mm&r=g","url":"https:\/\/secure.gravatar.com\/avatar\/55e60188ee1ca2050a14675489f7856c575861edc734548164d100bdb6565472?s=96&d=mm&r=g","contentUrl":"https:\/\/secure.gravatar.com\/avatar\/55e60188ee1ca2050a14675489f7856c575861edc734548164d100bdb6565472?s=96&d=mm&r=g","caption":"Marcel ZOUMENOU"},"url":"https:\/\/lepatriotebenin.com"}]}},"_links":{"self":[{"href":"https:\/\/lepatriotebenin.com\/index.php\/wp-json\/wp\/v2\/posts\/18851","targetHints":{"allow":["GET"]}}],"collection":[{"href":"https:\/\/lepatriotebenin.com\/index.php\/wp-json\/wp\/v2\/posts"}],"about":[{"href":"https:\/\/lepatriotebenin.com\/index.php\/wp-json\/wp\/v2\/types\/post"}],"author":[{"embeddable":true,"href":"https:\/\/lepatriotebenin.com\/index.php\/wp-json\/wp\/v2\/users\/2"}],"replies":[{"embeddable":true,"href":"https:\/\/lepatriotebenin.com\/index.php\/wp-json\/wp\/v2\/comments?post=18851"}],"version-history":[{"count":1,"href":"https:\/\/lepatriotebenin.com\/index.php\/wp-json\/wp\/v2\/posts\/18851\/revisions"}],"predecessor-version":[{"id":18853,"href":"https:\/\/lepatriotebenin.com\/index.php\/wp-json\/wp\/v2\/posts\/18851\/revisions\/18853"}],"wp:featuredmedia":[{"embeddable":true,"href":"https:\/\/lepatriotebenin.com\/index.php\/wp-json\/wp\/v2\/media\/18852"}],"wp:attachment":[{"href":"https:\/\/lepatriotebenin.com\/index.php\/wp-json\/wp\/v2\/media?parent=18851"}],"wp:term":[{"taxonomy":"category","embeddable":true,"href":"https:\/\/lepatriotebenin.com\/index.php\/wp-json\/wp\/v2\/categories?post=18851"},{"taxonomy":"post_tag","embeddable":true,"href":"https:\/\/lepatriotebenin.com\/index.php\/wp-json\/wp\/v2\/tags?post=18851"}],"curies":[{"name":"wp","href":"https:\/\/api.w.org\/{rel}","templated":true}]}}