{"id":18839,"date":"2026-04-27T04:43:08","date_gmt":"2026-04-27T02:43:08","guid":{"rendered":"https:\/\/lepatriotebenin.com\/?p=18839"},"modified":"2026-04-27T04:43:08","modified_gmt":"2026-04-27T02:43:08","slug":"presidence-sous-romuald-wadagni-quid-des-ministres-conseillers","status":"publish","type":"post","link":"https:\/\/lepatriotebenin.com\/index.php\/2026\/04\/27\/presidence-sous-romuald-wadagni-quid-des-ministres-conseillers\/","title":{"rendered":"Pr\u00e9sidence sous Romuald Wadagni :Quid des ministres conseillers ?"},"content":{"rendered":"<p><em><strong>La cr\u00e9ation des postes de ministres conseillers par un d\u00e9cret sign\u00e9 du pr\u00e9sident de la R\u00e9publique Patrice Talon n\u2019a pas laiss\u00e9 indiff\u00e9rente l\u2019opinion publique. Pr\u00e9sent\u00e9s comme des relais politiques charg\u00e9s de porter la parole gouvernementale aupr\u00e8s des populations, ces acteurs, qui ne font pas l&rsquo;unanimit\u00e9, incarnent pour certains une innovation strat\u00e9gique, et pour d\u2019autres, un instrument assum\u00e9 de communication politique, voire de propagande.<\/strong><\/em><\/p>\n<p>\u00c0 quelques semaines de l\u2019entr\u00e9e en fonction du nouveau pr\u00e9sident \u00e9lu, Romuald Wadagni, la question du maintien ou non de ces ministres conseillers se pose avec acuit\u00e9. Le changement de locataire \u00e0 la Marina ouvre in\u00e9vitablement une phase de r\u00e9ajustement institutionnel et politique. Et dans cette dynamique, certains dispositifs h\u00e9rit\u00e9s de la gouvernance Talon pourraient \u00eatre remis en cause. Il serait malhonn\u00eate de nier que Romuald Wadagni porte une part de l\u2019h\u00e9ritage du r\u00e9gime sortant. Artisan majeur de la politique \u00e9conomique durant la derni\u00e8re d\u00e9cennie, il en est \u00e0 la fois le continuateur et, potentiellement, le r\u00e9formateur, car acc\u00e9der \u00e0 la magistrature supr\u00eame, c\u2019est aussi imprimer sa marque\u00a0 et parfois rompre avec certaines pratiques jug\u00e9es\u00a0 inadapt\u00e9es au nouveau contexte.<\/p>\n<p>Or, le r\u00f4le attribu\u00e9 aux ministres conseillers, essentiellement tourn\u00e9 vers la valorisation de l\u2019action gouvernementale sur le terrain politique, pourrait se heurter \u00e0 une nouvelle approche du pouvoir. Si le pr\u00e9sident Wadagni opte pour une gouvernance davantage ax\u00e9e sur la sobri\u00e9t\u00e9, la technocratie ou la d\u00e9crispation politique, ces postes pourraient perdre de leur pertinence. La p\u00e9riode de tr\u00eave politique qui s\u2019annonce renforce davantage les interrogations. Dans un climat apais\u00e9, o\u00f9 la confrontation politique est appel\u00e9e \u00e0 s\u2019att\u00e9nuer, quel serait encore le r\u00f4le de ces relais politiques ?<\/p>\n<p>Leur mission, jusque-l\u00e0 orient\u00e9e vers la d\u00e9fense active du bilan gouvernemental, trouverait-elle encore un sens dans un contexte moins conflictuel ? Au-del\u00e0 de leur utilit\u00e9, c\u2019est \u00e9galement la question de la rationalisation de l\u2019action publique qui est pos\u00e9e. Le maintien de ces postes devra \u00eatre justifi\u00e9 non seulement sur le plan politique, mais aussi sur le plan \u00e9conomique et administratif. \u00c0 l\u2019heure o\u00f9 les citoyens exigent plus de transparence et d\u2019efficacit\u00e9, toute fonction per\u00e7ue comme bjdgetivore risque de cristalliser les critiques. En d\u00e9finitive, le sort des ministres conseillers appara\u00eet comme un test r\u00e9v\u00e9lateur de la gouvernance \u00e0 venir. Romuald Wadagni choisira-t-il la continuit\u00e9 strat\u00e9gique ou la rupture symbolique ?\u00a0 Les prochains mois apporteront sans doute des r\u00e9ponses. Mais une chose est certaine : dans le B\u00e9nin politique de demain, chaque choix comptera, et celui-ci ne fera pas exception.<\/p>\n<p><strong>Alassane Tour\u00e9<\/strong><\/p>\n","protected":false},"excerpt":{"rendered":"<p>La cr\u00e9ation des postes de ministres conseillers par un d\u00e9cret sign\u00e9 du pr\u00e9sident de la R\u00e9publique Patrice Talon n\u2019a pas laiss\u00e9 indiff\u00e9rente l\u2019opinion publique. Pr\u00e9sent\u00e9s comme des relais politiques charg\u00e9s&hellip;<\/p>\n","protected":false},"author":5,"featured_media":18840,"comment_status":"open","ping_status":"open","sticky":false,"template":"","format":"standard","meta":{"content-type":"","om_disable_all_campaigns":false,"_monsterinsights_skip_tracking":false,"_monsterinsights_sitenote_active":false,"_monsterinsights_sitenote_note":"","_monsterinsights_sitenote_category":0,"_uf_show_specific_survey":0,"_uf_disable_surveys":false,"footnotes":""},"categories":[26],"tags":[],"class_list":["post-18839","post","type-post","status-publish","format-standard","has-post-thumbnail","hentry","category-politique"],"aioseo_notices":[],"yoast_head":"<!-- This site is optimized with the Yoast SEO plugin v27.5 - https:\/\/yoast.com\/product\/yoast-seo-wordpress\/ -->\n<title>Pr\u00e9sidence sous Romuald Wadagni :Quid des ministres conseillers ? - Le Patriote<\/title>\n<meta name=\"robots\" content=\"index, follow, max-snippet:-1, max-image-preview:large, max-video-preview:-1\" \/>\n<link rel=\"canonical\" href=\"https:\/\/lepatriotebenin.com\/index.php\/2026\/04\/27\/presidence-sous-romuald-wadagni-quid-des-ministres-conseillers\/\" \/>\n<meta property=\"og:locale\" content=\"fr_FR\" \/>\n<meta property=\"og:type\" content=\"article\" \/>\n<meta property=\"og:title\" content=\"Pr\u00e9sidence sous Romuald Wadagni :Quid des ministres conseillers ? - Le Patriote\" \/>\n<meta property=\"og:description\" content=\"La cr\u00e9ation des postes de ministres conseillers par un d\u00e9cret sign\u00e9 du pr\u00e9sident de la R\u00e9publique Patrice Talon n\u2019a pas laiss\u00e9 indiff\u00e9rente l\u2019opinion publique. Pr\u00e9sent\u00e9s comme des relais politiques charg\u00e9s&hellip;\" \/>\n<meta property=\"og:url\" content=\"https:\/\/lepatriotebenin.com\/index.php\/2026\/04\/27\/presidence-sous-romuald-wadagni-quid-des-ministres-conseillers\/\" \/>\n<meta property=\"og:site_name\" content=\"Le Patriote\" \/>\n<meta property=\"article:published_time\" content=\"2026-04-27T02:43:08+00:00\" \/>\n<meta property=\"og:image\" content=\"https:\/\/lepatriotebenin.com\/wp-content\/uploads\/2026\/04\/ministre-conseillers.jpg\" \/>\n\t<meta property=\"og:image:width\" content=\"960\" \/>\n\t<meta property=\"og:image:height\" content=\"641\" \/>\n\t<meta property=\"og:image:type\" content=\"image\/jpeg\" \/>\n<meta name=\"author\" content=\"Redaction\" \/>\n<meta name=\"twitter:card\" content=\"summary_large_image\" \/>\n<meta name=\"twitter:label1\" content=\"\u00c9crit par\" \/>\n\t<meta name=\"twitter:data1\" content=\"Redaction\" \/>\n\t<meta name=\"twitter:label2\" content=\"Dur\u00e9e de lecture estim\u00e9e\" \/>\n\t<meta name=\"twitter:data2\" content=\"3 minutes\" \/>\n<script type=\"application\/ld+json\" class=\"yoast-schema-graph\">{\"@context\":\"https:\\\/\\\/schema.org\",\"@graph\":[{\"@type\":\"Article\",\"@id\":\"https:\\\/\\\/lepatriotebenin.com\\\/index.php\\\/2026\\\/04\\\/27\\\/presidence-sous-romuald-wadagni-quid-des-ministres-conseillers\\\/#article\",\"isPartOf\":{\"@id\":\"https:\\\/\\\/lepatriotebenin.com\\\/index.php\\\/2026\\\/04\\\/27\\\/presidence-sous-romuald-wadagni-quid-des-ministres-conseillers\\\/\"},\"author\":{\"name\":\"Redaction\",\"@id\":\"https:\\\/\\\/lepatriotebenin.com\\\/#\\\/schema\\\/person\\\/2e7709b9c9cc313e452d1136af61690f\"},\"headline\":\"Pr\u00e9sidence sous Romuald Wadagni :Quid des ministres conseillers ?\",\"datePublished\":\"2026-04-27T02:43:08+00:00\",\"mainEntityOfPage\":{\"@id\":\"https:\\\/\\\/lepatriotebenin.com\\\/index.php\\\/2026\\\/04\\\/27\\\/presidence-sous-romuald-wadagni-quid-des-ministres-conseillers\\\/\"},\"wordCount\":467,\"commentCount\":0,\"image\":{\"@id\":\"https:\\\/\\\/lepatriotebenin.com\\\/index.php\\\/2026\\\/04\\\/27\\\/presidence-sous-romuald-wadagni-quid-des-ministres-conseillers\\\/#primaryimage\"},\"thumbnailUrl\":\"https:\\\/\\\/lepatriotebenin.com\\\/wp-content\\\/uploads\\\/2026\\\/04\\\/ministre-conseillers.jpg\",\"articleSection\":[\"Politique\"],\"inLanguage\":\"fr-FR\",\"potentialAction\":[{\"@type\":\"CommentAction\",\"name\":\"Comment\",\"target\":[\"https:\\\/\\\/lepatriotebenin.com\\\/index.php\\\/2026\\\/04\\\/27\\\/presidence-sous-romuald-wadagni-quid-des-ministres-conseillers\\\/#respond\"]}]},{\"@type\":\"WebPage\",\"@id\":\"https:\\\/\\\/lepatriotebenin.com\\\/index.php\\\/2026\\\/04\\\/27\\\/presidence-sous-romuald-wadagni-quid-des-ministres-conseillers\\\/\",\"url\":\"https:\\\/\\\/lepatriotebenin.com\\\/index.php\\\/2026\\\/04\\\/27\\\/presidence-sous-romuald-wadagni-quid-des-ministres-conseillers\\\/\",\"name\":\"Pr\u00e9sidence sous Romuald Wadagni :Quid des ministres conseillers ? - Le Patriote\",\"isPartOf\":{\"@id\":\"https:\\\/\\\/lepatriotebenin.com\\\/#website\"},\"primaryImageOfPage\":{\"@id\":\"https:\\\/\\\/lepatriotebenin.com\\\/index.php\\\/2026\\\/04\\\/27\\\/presidence-sous-romuald-wadagni-quid-des-ministres-conseillers\\\/#primaryimage\"},\"image\":{\"@id\":\"https:\\\/\\\/lepatriotebenin.com\\\/index.php\\\/2026\\\/04\\\/27\\\/presidence-sous-romuald-wadagni-quid-des-ministres-conseillers\\\/#primaryimage\"},\"thumbnailUrl\":\"https:\\\/\\\/lepatriotebenin.com\\\/wp-content\\\/uploads\\\/2026\\\/04\\\/ministre-conseillers.jpg\",\"datePublished\":\"2026-04-27T02:43:08+00:00\",\"author\":{\"@id\":\"https:\\\/\\\/lepatriotebenin.com\\\/#\\\/schema\\\/person\\\/2e7709b9c9cc313e452d1136af61690f\"},\"breadcrumb\":{\"@id\":\"https:\\\/\\\/lepatriotebenin.com\\\/index.php\\\/2026\\\/04\\\/27\\\/presidence-sous-romuald-wadagni-quid-des-ministres-conseillers\\\/#breadcrumb\"},\"inLanguage\":\"fr-FR\",\"potentialAction\":[{\"@type\":\"ReadAction\",\"target\":[\"https:\\\/\\\/lepatriotebenin.com\\\/index.php\\\/2026\\\/04\\\/27\\\/presidence-sous-romuald-wadagni-quid-des-ministres-conseillers\\\/\"]}]},{\"@type\":\"ImageObject\",\"inLanguage\":\"fr-FR\",\"@id\":\"https:\\\/\\\/lepatriotebenin.com\\\/index.php\\\/2026\\\/04\\\/27\\\/presidence-sous-romuald-wadagni-quid-des-ministres-conseillers\\\/#primaryimage\",\"url\":\"https:\\\/\\\/lepatriotebenin.com\\\/wp-content\\\/uploads\\\/2026\\\/04\\\/ministre-conseillers.jpg\",\"contentUrl\":\"https:\\\/\\\/lepatriotebenin.com\\\/wp-content\\\/uploads\\\/2026\\\/04\\\/ministre-conseillers.jpg\",\"width\":960,\"height\":641},{\"@type\":\"BreadcrumbList\",\"@id\":\"https:\\\/\\\/lepatriotebenin.com\\\/index.php\\\/2026\\\/04\\\/27\\\/presidence-sous-romuald-wadagni-quid-des-ministres-conseillers\\\/#breadcrumb\",\"itemListElement\":[{\"@type\":\"ListItem\",\"position\":1,\"name\":\"Accueil\",\"item\":\"https:\\\/\\\/lepatriotebenin.com\\\/\"},{\"@type\":\"ListItem\",\"position\":2,\"name\":\"Pr\u00e9sidence sous Romuald Wadagni :Quid des ministres conseillers ?\"}]},{\"@type\":\"WebSite\",\"@id\":\"https:\\\/\\\/lepatriotebenin.com\\\/#website\",\"url\":\"https:\\\/\\\/lepatriotebenin.com\\\/\",\"name\":\"Le Patriote\",\"description\":\"Le Patriote B\u00e9nin\",\"potentialAction\":[{\"@type\":\"SearchAction\",\"target\":{\"@type\":\"EntryPoint\",\"urlTemplate\":\"https:\\\/\\\/lepatriotebenin.com\\\/?s={search_term_string}\"},\"query-input\":{\"@type\":\"PropertyValueSpecification\",\"valueRequired\":true,\"valueName\":\"search_term_string\"}}],\"inLanguage\":\"fr-FR\"},{\"@type\":\"Person\",\"@id\":\"https:\\\/\\\/lepatriotebenin.com\\\/#\\\/schema\\\/person\\\/2e7709b9c9cc313e452d1136af61690f\",\"name\":\"Redaction\",\"image\":{\"@type\":\"ImageObject\",\"inLanguage\":\"fr-FR\",\"@id\":\"https:\\\/\\\/secure.gravatar.com\\\/avatar\\\/c4c509357859ea2ca2cbb6d8812898a73e4ef1ef9934c2e591d7e32face734d1?s=96&d=mm&r=g\",\"url\":\"https:\\\/\\\/secure.gravatar.com\\\/avatar\\\/c4c509357859ea2ca2cbb6d8812898a73e4ef1ef9934c2e591d7e32face734d1?s=96&d=mm&r=g\",\"contentUrl\":\"https:\\\/\\\/secure.gravatar.com\\\/avatar\\\/c4c509357859ea2ca2cbb6d8812898a73e4ef1ef9934c2e591d7e32face734d1?s=96&d=mm&r=g\",\"caption\":\"Redaction\"},\"url\":\"https:\\\/\\\/lepatriotebenin.com\"}]}<\/script>\n<!-- \/ Yoast SEO plugin. -->","yoast_head_json":{"title":"Pr\u00e9sidence sous Romuald Wadagni :Quid des ministres conseillers ? - Le Patriote","robots":{"index":"index","follow":"follow","max-snippet":"max-snippet:-1","max-image-preview":"max-image-preview:large","max-video-preview":"max-video-preview:-1"},"canonical":"https:\/\/lepatriotebenin.com\/index.php\/2026\/04\/27\/presidence-sous-romuald-wadagni-quid-des-ministres-conseillers\/","og_locale":"fr_FR","og_type":"article","og_title":"Pr\u00e9sidence sous Romuald Wadagni :Quid des ministres conseillers ? - Le Patriote","og_description":"La cr\u00e9ation des postes de ministres conseillers par un d\u00e9cret sign\u00e9 du pr\u00e9sident de la R\u00e9publique Patrice Talon n\u2019a pas laiss\u00e9 indiff\u00e9rente l\u2019opinion publique. Pr\u00e9sent\u00e9s comme des relais politiques charg\u00e9s&hellip;","og_url":"https:\/\/lepatriotebenin.com\/index.php\/2026\/04\/27\/presidence-sous-romuald-wadagni-quid-des-ministres-conseillers\/","og_site_name":"Le Patriote","article_published_time":"2026-04-27T02:43:08+00:00","og_image":[{"width":960,"height":641,"url":"https:\/\/lepatriotebenin.com\/wp-content\/uploads\/2026\/04\/ministre-conseillers.jpg","type":"image\/jpeg"}],"author":"Redaction","twitter_card":"summary_large_image","twitter_misc":{"\u00c9crit par":"Redaction","Dur\u00e9e de lecture estim\u00e9e":"3 minutes"},"schema":{"@context":"https:\/\/schema.org","@graph":[{"@type":"Article","@id":"https:\/\/lepatriotebenin.com\/index.php\/2026\/04\/27\/presidence-sous-romuald-wadagni-quid-des-ministres-conseillers\/#article","isPartOf":{"@id":"https:\/\/lepatriotebenin.com\/index.php\/2026\/04\/27\/presidence-sous-romuald-wadagni-quid-des-ministres-conseillers\/"},"author":{"name":"Redaction","@id":"https:\/\/lepatriotebenin.com\/#\/schema\/person\/2e7709b9c9cc313e452d1136af61690f"},"headline":"Pr\u00e9sidence sous Romuald Wadagni :Quid des ministres conseillers ?","datePublished":"2026-04-27T02:43:08+00:00","mainEntityOfPage":{"@id":"https:\/\/lepatriotebenin.com\/index.php\/2026\/04\/27\/presidence-sous-romuald-wadagni-quid-des-ministres-conseillers\/"},"wordCount":467,"commentCount":0,"image":{"@id":"https:\/\/lepatriotebenin.com\/index.php\/2026\/04\/27\/presidence-sous-romuald-wadagni-quid-des-ministres-conseillers\/#primaryimage"},"thumbnailUrl":"https:\/\/lepatriotebenin.com\/wp-content\/uploads\/2026\/04\/ministre-conseillers.jpg","articleSection":["Politique"],"inLanguage":"fr-FR","potentialAction":[{"@type":"CommentAction","name":"Comment","target":["https:\/\/lepatriotebenin.com\/index.php\/2026\/04\/27\/presidence-sous-romuald-wadagni-quid-des-ministres-conseillers\/#respond"]}]},{"@type":"WebPage","@id":"https:\/\/lepatriotebenin.com\/index.php\/2026\/04\/27\/presidence-sous-romuald-wadagni-quid-des-ministres-conseillers\/","url":"https:\/\/lepatriotebenin.com\/index.php\/2026\/04\/27\/presidence-sous-romuald-wadagni-quid-des-ministres-conseillers\/","name":"Pr\u00e9sidence sous Romuald Wadagni :Quid des ministres conseillers ? - Le Patriote","isPartOf":{"@id":"https:\/\/lepatriotebenin.com\/#website"},"primaryImageOfPage":{"@id":"https:\/\/lepatriotebenin.com\/index.php\/2026\/04\/27\/presidence-sous-romuald-wadagni-quid-des-ministres-conseillers\/#primaryimage"},"image":{"@id":"https:\/\/lepatriotebenin.com\/index.php\/2026\/04\/27\/presidence-sous-romuald-wadagni-quid-des-ministres-conseillers\/#primaryimage"},"thumbnailUrl":"https:\/\/lepatriotebenin.com\/wp-content\/uploads\/2026\/04\/ministre-conseillers.jpg","datePublished":"2026-04-27T02:43:08+00:00","author":{"@id":"https:\/\/lepatriotebenin.com\/#\/schema\/person\/2e7709b9c9cc313e452d1136af61690f"},"breadcrumb":{"@id":"https:\/\/lepatriotebenin.com\/index.php\/2026\/04\/27\/presidence-sous-romuald-wadagni-quid-des-ministres-conseillers\/#breadcrumb"},"inLanguage":"fr-FR","potentialAction":[{"@type":"ReadAction","target":["https:\/\/lepatriotebenin.com\/index.php\/2026\/04\/27\/presidence-sous-romuald-wadagni-quid-des-ministres-conseillers\/"]}]},{"@type":"ImageObject","inLanguage":"fr-FR","@id":"https:\/\/lepatriotebenin.com\/index.php\/2026\/04\/27\/presidence-sous-romuald-wadagni-quid-des-ministres-conseillers\/#primaryimage","url":"https:\/\/lepatriotebenin.com\/wp-content\/uploads\/2026\/04\/ministre-conseillers.jpg","contentUrl":"https:\/\/lepatriotebenin.com\/wp-content\/uploads\/2026\/04\/ministre-conseillers.jpg","width":960,"height":641},{"@type":"BreadcrumbList","@id":"https:\/\/lepatriotebenin.com\/index.php\/2026\/04\/27\/presidence-sous-romuald-wadagni-quid-des-ministres-conseillers\/#breadcrumb","itemListElement":[{"@type":"ListItem","position":1,"name":"Accueil","item":"https:\/\/lepatriotebenin.com\/"},{"@type":"ListItem","position":2,"name":"Pr\u00e9sidence sous Romuald Wadagni :Quid des ministres conseillers ?"}]},{"@type":"WebSite","@id":"https:\/\/lepatriotebenin.com\/#website","url":"https:\/\/lepatriotebenin.com\/","name":"Le Patriote","description":"Le Patriote B\u00e9nin","potentialAction":[{"@type":"SearchAction","target":{"@type":"EntryPoint","urlTemplate":"https:\/\/lepatriotebenin.com\/?s={search_term_string}"},"query-input":{"@type":"PropertyValueSpecification","valueRequired":true,"valueName":"search_term_string"}}],"inLanguage":"fr-FR"},{"@type":"Person","@id":"https:\/\/lepatriotebenin.com\/#\/schema\/person\/2e7709b9c9cc313e452d1136af61690f","name":"Redaction","image":{"@type":"ImageObject","inLanguage":"fr-FR","@id":"https:\/\/secure.gravatar.com\/avatar\/c4c509357859ea2ca2cbb6d8812898a73e4ef1ef9934c2e591d7e32face734d1?s=96&d=mm&r=g","url":"https:\/\/secure.gravatar.com\/avatar\/c4c509357859ea2ca2cbb6d8812898a73e4ef1ef9934c2e591d7e32face734d1?s=96&d=mm&r=g","contentUrl":"https:\/\/secure.gravatar.com\/avatar\/c4c509357859ea2ca2cbb6d8812898a73e4ef1ef9934c2e591d7e32face734d1?s=96&d=mm&r=g","caption":"Redaction"},"url":"https:\/\/lepatriotebenin.com"}]}},"_links":{"self":[{"href":"https:\/\/lepatriotebenin.com\/index.php\/wp-json\/wp\/v2\/posts\/18839","targetHints":{"allow":["GET"]}}],"collection":[{"href":"https:\/\/lepatriotebenin.com\/index.php\/wp-json\/wp\/v2\/posts"}],"about":[{"href":"https:\/\/lepatriotebenin.com\/index.php\/wp-json\/wp\/v2\/types\/post"}],"author":[{"embeddable":true,"href":"https:\/\/lepatriotebenin.com\/index.php\/wp-json\/wp\/v2\/users\/5"}],"replies":[{"embeddable":true,"href":"https:\/\/lepatriotebenin.com\/index.php\/wp-json\/wp\/v2\/comments?post=18839"}],"version-history":[{"count":1,"href":"https:\/\/lepatriotebenin.com\/index.php\/wp-json\/wp\/v2\/posts\/18839\/revisions"}],"predecessor-version":[{"id":18841,"href":"https:\/\/lepatriotebenin.com\/index.php\/wp-json\/wp\/v2\/posts\/18839\/revisions\/18841"}],"wp:featuredmedia":[{"embeddable":true,"href":"https:\/\/lepatriotebenin.com\/index.php\/wp-json\/wp\/v2\/media\/18840"}],"wp:attachment":[{"href":"https:\/\/lepatriotebenin.com\/index.php\/wp-json\/wp\/v2\/media?parent=18839"}],"wp:term":[{"taxonomy":"category","embeddable":true,"href":"https:\/\/lepatriotebenin.com\/index.php\/wp-json\/wp\/v2\/categories?post=18839"},{"taxonomy":"post_tag","embeddable":true,"href":"https:\/\/lepatriotebenin.com\/index.php\/wp-json\/wp\/v2\/tags?post=18839"}],"curies":[{"name":"wp","href":"https:\/\/api.w.org\/{rel}","templated":true}]}}