{"id":18836,"date":"2026-04-27T04:36:30","date_gmt":"2026-04-27T02:36:30","guid":{"rendered":"https:\/\/lepatriotebenin.com\/?p=18836"},"modified":"2026-04-27T04:36:30","modified_gmt":"2026-04-27T02:36:30","slug":"droit-de-reponse-senat-gilles-badet-maintient-ses-propos-et-demonte-les-contreverites-de-franck-oke","status":"publish","type":"post","link":"https:\/\/lepatriotebenin.com\/index.php\/2026\/04\/27\/droit-de-reponse-senat-gilles-badet-maintient-ses-propos-et-demonte-les-contreverites-de-franck-oke\/","title":{"rendered":"DROIT DE REPONSE : \u201cS\u00e9nat : Gilles BADET maintient ses propos et d\u00e9monte les contrev\u00e9rit\u00e9s de Franck OKE.\u201d"},"content":{"rendered":"<p>Suite \u00e0 nos \u00e9clairages citoyens sur le d\u00e9cret N\u00b0 2026-107 du 11 mars 2026 fixant l\u2019ordre de pr\u00e9s\u00e9ance en R\u00e9publique du B\u00e9nin, Monsieur Franck OKE a cru bon d\u2019\u00e9crire dans votre journal \u201c <em>Le Patriote<\/em>\u201d du 22 avril 2026, apr\u00e8s l\u2019annonce en une, en ligne sur la page internet du journal et en distribution large sur les r\u00e9seaux sociaux, entre autres, que \u201c<em>l\u2019argument de monsieur BADET apparait ainsi non seulement discutable, mais surtout infond\u00e9 au regard des faits compar\u00e9s<\/em>\u201d.<\/p>\n<p>S\u00fbr de la v\u00e9racit\u00e9 de nos propos que nous maintenons, il nous a plu de v\u00e9rifier les \u201c<em>faits compar\u00e9s<\/em>\u201d dont se pr\u00e9vaut monsieur OKE pour tirer ses conclusions.<\/p>\n<p>Les r\u00e9sultats de nos investigations scientifiques sont sans \u00e9quivoques. Monsieur OKE a fond\u00e9 ses analyses sur 4 affirmations. Trois d\u2019entre elles sont fausses. Inutile d\u2019ajouter que ses conclusions ne peuvent qu\u2019\u00eatre elles m\u00eames fausses.<\/p>\n<p>Il vous est demand\u00e9 de publier dans les m\u00eames conditions que l\u2019article incrimin\u00e9, ce droit de r\u00e9ponse qui comporte une premi\u00e8re partie sur les contre v\u00e9rit\u00e9s de Monsieur OKE et une deuxi\u00e8me partie sur des commentaires. Les r\u00e9f\u00e9rences qui cl\u00f4turent ce droit de r\u00e9ponse en sont une partie int\u00e9grante et sont \u00e9galement tr\u00e8s utiles au plan scientifique.<\/p>\n<ul>\n<li><strong><u>Les Contre v\u00e9rit\u00e9s de monsieur OKE<\/u><\/strong><\/li>\n<\/ul>\n<p><strong><u>Contre V\u00e9rit\u00e9 1<\/u><\/strong><\/p>\n<p>Il est faux d\u2019affirmer comme le fait Monsieur OKE que \u201c<em>en France, le pr\u00e9sident de l\u2019Assembl\u00e9e nationale pr\u00e9c\u00e8de celui du S\u00e9nat dans l\u2019ordre protocolaire de l\u2019\u00c9tat<\/em> \u201d. La v\u00e9rit\u00e9 scientifique est que, aux termes du D\u00e9cret n\u00b089-655 du 13 septembre 1989 relatif aux c\u00e9r\u00e9monies publiques, pr\u00e9s\u00e9ances, honneurs civils et militaires en son article 2, \u201c&#8230;<em>lorsque les membres des corps et les autorit\u00e9s assistent aux c\u00e9r\u00e9monies publiques, ils y prennent rang dans l&rsquo;ordre de pr\u00e9s\u00e9ance suivant : 1\u00b0 Le Pr\u00e9sident de la R\u00e9publique ; 2\u00b0 Le Premier ministre ; 3\u00b0 Le pr\u00e9sident du S\u00e9nat ; 4\u00b0 Le pr\u00e9sident de l&rsquo;Assembl\u00e9e nationale<\/em> ; \u00a0\u2026.\u201d<\/p>\n<p><strong><u>Contre V\u00e9rit\u00e9 2<\/u><\/strong><\/p>\n<p>Il est faux d\u2019affirmer comme le fait monsieur Franck OKE, pour l\u2019Italie, que \u201c<em>le pr\u00e9sident de la chambre des d\u00e9put\u00e9s est, en pratique, plac\u00e9 avant celui du S\u00e9nat de la R\u00e9publique<\/em>\u201d, car la v\u00e9rit\u00e9 scientifique est que les deux personnalit\u00e9s sont class\u00e9es deuxi\u00e8mes <em>ex aequo<\/em> et c\u2019est le plus \u00e2g\u00e9 qui a pr\u00e9s\u00e9ance sur l\u2019autre.<\/p>\n<p><strong><u>Contre v\u00e9rit\u00e9 3<\/u><\/strong><\/p>\n<p>Il est faux d\u2019affirmer comme le fait monsieur Franck OKE , pour l\u2019Inde, que \u201c<em>le pr\u00e9sident de la Lok Sabha pr\u00e9c\u00e8de celui du Rajya Sabha<\/em>\u201d car la v\u00e9rit\u00e9 scientifique est que le pr\u00e9sident de la <em>Rajya Sabha<\/em> ( ou Conseil des \u00c9tats , Chambre haute du Parlement comportant des \u00e9lus au suffrage indirect et des personnalit\u00e9s nomm\u00e9es ) est la deuxi\u00e8me personnalit\u00e9 de l\u2019\u00c9tat et le pr\u00e9sident de la <em>Lok Sabha<\/em> (chambre du peuple, chambre basse du Parlement avec des membres tous directement \u00e9lus pour un mandat de cinq ans au suffrage universel), n\u2019est que la sixi\u00e8me personnalit\u00e9 de l\u2019\u00c9tat.<\/p>\n<ul>\n<li><strong><u>Commentaires<\/u><\/strong><\/li>\n<\/ul>\n<ul>\n<li>Monsieur OKE doit am\u00e9liorer ses connaissances en droit constitutionnel, en droit diplomatique et en Protocole.<\/li>\n<li>Monsieur OKE doit arr\u00eater de faire confiance aux informations glan\u00e9es sur des plate formes d\u2019intelligence artificielle, surtout si celles ci sont des versions non payantes.<\/li>\n<li>Ma biblioth\u00e8que personnelle reste ouverte \u00e0 Monsieur OKE pour ses prochaines recherches.<\/li>\n<\/ul>\n<p><strong>REFERENCES <\/strong><\/p>\n<ul>\n<li>Pour tous les parlements au monde : Site internet de l\u2019Union interparlementaire (Parline UIP, Donn\u00e9es mondiales sur les parlements nationaux) <a href=\"https:\/\/data.ipu.org\/fr\/data-explorer\/?fields=country_name,chamber_name,speaker_rank&amp;current_page=5&amp;per_page=25&amp;date=2026-04-01&amp;sort=country_name\">https:\/\/data.ipu.org\/fr\/data-explorer\/?fields=country_name,chamber_name,speaker_rank&amp;current_page=5&amp;per_page=25&amp;date=2026-04-01&amp;sort=country_name<\/a><\/li>\n<li>Pour la France (D\u00e9cret n\u00b0 89-655 du 13 septembre 1989 (L\u00e9gifrance) ; S\u00e9nat fran\u00e7ais, <em>Guide pratique du protocole s\u00e9natorial<\/em>, S\u00e9nat, 2008 ; Bernard Moreau, <em>Protocole et c\u00e9r\u00e9monial parlementaires<\/em>, L&rsquo;Harmattan, Paris, 1997.)<\/li>\n<li>Pour l\u2019Inde : <em>Warrant of Precedence<\/em>, Secr\u00e9tariat du Pr\u00e9sident de l&rsquo;Inde \/ Ministry of Home Affairs (<a href=\"http:\/\/mha.gov.in\/\">gov.in<\/a>) ; Constitution of India, articles 63-64 (Vice-Pr\u00e9sident) et 93 (Speaker du Lok Sabha).<\/li>\n<li>Pour l\u2019Italie : D\u00e9cret du Pr\u00e9sident du Conseil des ministres (D.P.C.M.) du 14 avril 2006 et du 16 avril 2008 (<em>Disposizioni generali in materia di cerimoniale e disciplina delle precedenze tra le cariche pubbliche<\/em>)<\/li>\n<\/ul>\n<p><strong>\u00a0<\/strong><\/p>\n<p><strong>Gilles BADET<\/strong><\/p>\n","protected":false},"excerpt":{"rendered":"<p>Suite \u00e0 nos \u00e9clairages citoyens sur le d\u00e9cret N\u00b0 2026-107 du 11 mars 2026 fixant l\u2019ordre de pr\u00e9s\u00e9ance en R\u00e9publique du B\u00e9nin, Monsieur Franck OKE a cru bon d\u2019\u00e9crire dans&hellip;<\/p>\n","protected":false},"author":5,"featured_media":18837,"comment_status":"open","ping_status":"open","sticky":false,"template":"","format":"standard","meta":{"content-type":"","om_disable_all_campaigns":false,"_monsterinsights_skip_tracking":false,"_monsterinsights_sitenote_active":false,"_monsterinsights_sitenote_note":"","_monsterinsights_sitenote_category":0,"_uf_show_specific_survey":0,"_uf_disable_surveys":false,"footnotes":""},"categories":[26],"tags":[],"class_list":["post-18836","post","type-post","status-publish","format-standard","has-post-thumbnail","hentry","category-politique"],"aioseo_notices":[],"yoast_head":"<!-- This site is optimized with the Yoast SEO plugin v27.5 - https:\/\/yoast.com\/product\/yoast-seo-wordpress\/ -->\n<title>DROIT DE REPONSE : \u201cS\u00e9nat : Gilles BADET maintient ses propos et d\u00e9monte les contrev\u00e9rit\u00e9s de Franck OKE.\u201d - Le Patriote<\/title>\n<meta name=\"robots\" content=\"index, follow, max-snippet:-1, max-image-preview:large, max-video-preview:-1\" \/>\n<link rel=\"canonical\" href=\"https:\/\/lepatriotebenin.com\/index.php\/2026\/04\/27\/droit-de-reponse-senat-gilles-badet-maintient-ses-propos-et-demonte-les-contreverites-de-franck-oke\/\" \/>\n<meta property=\"og:locale\" content=\"fr_FR\" \/>\n<meta property=\"og:type\" content=\"article\" \/>\n<meta property=\"og:title\" content=\"DROIT DE REPONSE : \u201cS\u00e9nat : Gilles BADET maintient ses propos et d\u00e9monte les contrev\u00e9rit\u00e9s de Franck OKE.\u201d - Le Patriote\" \/>\n<meta property=\"og:description\" content=\"Suite \u00e0 nos \u00e9clairages citoyens sur le d\u00e9cret N\u00b0 2026-107 du 11 mars 2026 fixant l\u2019ordre de pr\u00e9s\u00e9ance en R\u00e9publique du B\u00e9nin, Monsieur Franck OKE a cru bon d\u2019\u00e9crire dans&hellip;\" \/>\n<meta property=\"og:url\" content=\"https:\/\/lepatriotebenin.com\/index.php\/2026\/04\/27\/droit-de-reponse-senat-gilles-badet-maintient-ses-propos-et-demonte-les-contreverites-de-franck-oke\/\" \/>\n<meta property=\"og:site_name\" content=\"Le Patriote\" \/>\n<meta property=\"article:published_time\" content=\"2026-04-27T02:36:30+00:00\" \/>\n<meta property=\"og:image\" content=\"https:\/\/lepatriotebenin.com\/wp-content\/uploads\/2026\/04\/gilles-badet-a.jpeg\" \/>\n\t<meta property=\"og:image:width\" content=\"780\" \/>\n\t<meta property=\"og:image:height\" content=\"560\" \/>\n\t<meta property=\"og:image:type\" content=\"image\/jpeg\" \/>\n<meta name=\"author\" content=\"Redaction\" \/>\n<meta name=\"twitter:card\" content=\"summary_large_image\" \/>\n<meta name=\"twitter:label1\" content=\"\u00c9crit par\" \/>\n\t<meta name=\"twitter:data1\" content=\"Redaction\" \/>\n\t<meta name=\"twitter:label2\" content=\"Dur\u00e9e de lecture estim\u00e9e\" \/>\n\t<meta name=\"twitter:data2\" content=\"4 minutes\" \/>\n<script type=\"application\/ld+json\" class=\"yoast-schema-graph\">{\"@context\":\"https:\\\/\\\/schema.org\",\"@graph\":[{\"@type\":\"Article\",\"@id\":\"https:\\\/\\\/lepatriotebenin.com\\\/index.php\\\/2026\\\/04\\\/27\\\/droit-de-reponse-senat-gilles-badet-maintient-ses-propos-et-demonte-les-contreverites-de-franck-oke\\\/#article\",\"isPartOf\":{\"@id\":\"https:\\\/\\\/lepatriotebenin.com\\\/index.php\\\/2026\\\/04\\\/27\\\/droit-de-reponse-senat-gilles-badet-maintient-ses-propos-et-demonte-les-contreverites-de-franck-oke\\\/\"},\"author\":{\"name\":\"Redaction\",\"@id\":\"https:\\\/\\\/lepatriotebenin.com\\\/#\\\/schema\\\/person\\\/2e7709b9c9cc313e452d1136af61690f\"},\"headline\":\"DROIT DE REPONSE : \u201cS\u00e9nat : Gilles BADET maintient ses propos et d\u00e9monte les contrev\u00e9rit\u00e9s de Franck OKE.\u201d\",\"datePublished\":\"2026-04-27T02:36:30+00:00\",\"mainEntityOfPage\":{\"@id\":\"https:\\\/\\\/lepatriotebenin.com\\\/index.php\\\/2026\\\/04\\\/27\\\/droit-de-reponse-senat-gilles-badet-maintient-ses-propos-et-demonte-les-contreverites-de-franck-oke\\\/\"},\"wordCount\":770,\"commentCount\":0,\"image\":{\"@id\":\"https:\\\/\\\/lepatriotebenin.com\\\/index.php\\\/2026\\\/04\\\/27\\\/droit-de-reponse-senat-gilles-badet-maintient-ses-propos-et-demonte-les-contreverites-de-franck-oke\\\/#primaryimage\"},\"thumbnailUrl\":\"https:\\\/\\\/lepatriotebenin.com\\\/wp-content\\\/uploads\\\/2026\\\/04\\\/gilles-badet-a.jpeg\",\"articleSection\":[\"Politique\"],\"inLanguage\":\"fr-FR\",\"potentialAction\":[{\"@type\":\"CommentAction\",\"name\":\"Comment\",\"target\":[\"https:\\\/\\\/lepatriotebenin.com\\\/index.php\\\/2026\\\/04\\\/27\\\/droit-de-reponse-senat-gilles-badet-maintient-ses-propos-et-demonte-les-contreverites-de-franck-oke\\\/#respond\"]}]},{\"@type\":\"WebPage\",\"@id\":\"https:\\\/\\\/lepatriotebenin.com\\\/index.php\\\/2026\\\/04\\\/27\\\/droit-de-reponse-senat-gilles-badet-maintient-ses-propos-et-demonte-les-contreverites-de-franck-oke\\\/\",\"url\":\"https:\\\/\\\/lepatriotebenin.com\\\/index.php\\\/2026\\\/04\\\/27\\\/droit-de-reponse-senat-gilles-badet-maintient-ses-propos-et-demonte-les-contreverites-de-franck-oke\\\/\",\"name\":\"DROIT DE REPONSE : \u201cS\u00e9nat : Gilles BADET maintient ses propos et d\u00e9monte les contrev\u00e9rit\u00e9s de Franck OKE.\u201d - Le Patriote\",\"isPartOf\":{\"@id\":\"https:\\\/\\\/lepatriotebenin.com\\\/#website\"},\"primaryImageOfPage\":{\"@id\":\"https:\\\/\\\/lepatriotebenin.com\\\/index.php\\\/2026\\\/04\\\/27\\\/droit-de-reponse-senat-gilles-badet-maintient-ses-propos-et-demonte-les-contreverites-de-franck-oke\\\/#primaryimage\"},\"image\":{\"@id\":\"https:\\\/\\\/lepatriotebenin.com\\\/index.php\\\/2026\\\/04\\\/27\\\/droit-de-reponse-senat-gilles-badet-maintient-ses-propos-et-demonte-les-contreverites-de-franck-oke\\\/#primaryimage\"},\"thumbnailUrl\":\"https:\\\/\\\/lepatriotebenin.com\\\/wp-content\\\/uploads\\\/2026\\\/04\\\/gilles-badet-a.jpeg\",\"datePublished\":\"2026-04-27T02:36:30+00:00\",\"author\":{\"@id\":\"https:\\\/\\\/lepatriotebenin.com\\\/#\\\/schema\\\/person\\\/2e7709b9c9cc313e452d1136af61690f\"},\"breadcrumb\":{\"@id\":\"https:\\\/\\\/lepatriotebenin.com\\\/index.php\\\/2026\\\/04\\\/27\\\/droit-de-reponse-senat-gilles-badet-maintient-ses-propos-et-demonte-les-contreverites-de-franck-oke\\\/#breadcrumb\"},\"inLanguage\":\"fr-FR\",\"potentialAction\":[{\"@type\":\"ReadAction\",\"target\":[\"https:\\\/\\\/lepatriotebenin.com\\\/index.php\\\/2026\\\/04\\\/27\\\/droit-de-reponse-senat-gilles-badet-maintient-ses-propos-et-demonte-les-contreverites-de-franck-oke\\\/\"]}]},{\"@type\":\"ImageObject\",\"inLanguage\":\"fr-FR\",\"@id\":\"https:\\\/\\\/lepatriotebenin.com\\\/index.php\\\/2026\\\/04\\\/27\\\/droit-de-reponse-senat-gilles-badet-maintient-ses-propos-et-demonte-les-contreverites-de-franck-oke\\\/#primaryimage\",\"url\":\"https:\\\/\\\/lepatriotebenin.com\\\/wp-content\\\/uploads\\\/2026\\\/04\\\/gilles-badet-a.jpeg\",\"contentUrl\":\"https:\\\/\\\/lepatriotebenin.com\\\/wp-content\\\/uploads\\\/2026\\\/04\\\/gilles-badet-a.jpeg\",\"width\":780,\"height\":560},{\"@type\":\"BreadcrumbList\",\"@id\":\"https:\\\/\\\/lepatriotebenin.com\\\/index.php\\\/2026\\\/04\\\/27\\\/droit-de-reponse-senat-gilles-badet-maintient-ses-propos-et-demonte-les-contreverites-de-franck-oke\\\/#breadcrumb\",\"itemListElement\":[{\"@type\":\"ListItem\",\"position\":1,\"name\":\"Accueil\",\"item\":\"https:\\\/\\\/lepatriotebenin.com\\\/\"},{\"@type\":\"ListItem\",\"position\":2,\"name\":\"DROIT DE REPONSE : \u201cS\u00e9nat : Gilles BADET maintient ses propos et d\u00e9monte les contrev\u00e9rit\u00e9s de Franck OKE.\u201d\"}]},{\"@type\":\"WebSite\",\"@id\":\"https:\\\/\\\/lepatriotebenin.com\\\/#website\",\"url\":\"https:\\\/\\\/lepatriotebenin.com\\\/\",\"name\":\"Le Patriote\",\"description\":\"Le Patriote B\u00e9nin\",\"potentialAction\":[{\"@type\":\"SearchAction\",\"target\":{\"@type\":\"EntryPoint\",\"urlTemplate\":\"https:\\\/\\\/lepatriotebenin.com\\\/?s={search_term_string}\"},\"query-input\":{\"@type\":\"PropertyValueSpecification\",\"valueRequired\":true,\"valueName\":\"search_term_string\"}}],\"inLanguage\":\"fr-FR\"},{\"@type\":\"Person\",\"@id\":\"https:\\\/\\\/lepatriotebenin.com\\\/#\\\/schema\\\/person\\\/2e7709b9c9cc313e452d1136af61690f\",\"name\":\"Redaction\",\"image\":{\"@type\":\"ImageObject\",\"inLanguage\":\"fr-FR\",\"@id\":\"https:\\\/\\\/secure.gravatar.com\\\/avatar\\\/c4c509357859ea2ca2cbb6d8812898a73e4ef1ef9934c2e591d7e32face734d1?s=96&d=mm&r=g\",\"url\":\"https:\\\/\\\/secure.gravatar.com\\\/avatar\\\/c4c509357859ea2ca2cbb6d8812898a73e4ef1ef9934c2e591d7e32face734d1?s=96&d=mm&r=g\",\"contentUrl\":\"https:\\\/\\\/secure.gravatar.com\\\/avatar\\\/c4c509357859ea2ca2cbb6d8812898a73e4ef1ef9934c2e591d7e32face734d1?s=96&d=mm&r=g\",\"caption\":\"Redaction\"},\"url\":\"https:\\\/\\\/lepatriotebenin.com\"}]}<\/script>\n<!-- \/ Yoast SEO plugin. -->","yoast_head_json":{"title":"DROIT DE REPONSE : \u201cS\u00e9nat : Gilles BADET maintient ses propos et d\u00e9monte les contrev\u00e9rit\u00e9s de Franck OKE.\u201d - Le Patriote","robots":{"index":"index","follow":"follow","max-snippet":"max-snippet:-1","max-image-preview":"max-image-preview:large","max-video-preview":"max-video-preview:-1"},"canonical":"https:\/\/lepatriotebenin.com\/index.php\/2026\/04\/27\/droit-de-reponse-senat-gilles-badet-maintient-ses-propos-et-demonte-les-contreverites-de-franck-oke\/","og_locale":"fr_FR","og_type":"article","og_title":"DROIT DE REPONSE : \u201cS\u00e9nat : Gilles BADET maintient ses propos et d\u00e9monte les contrev\u00e9rit\u00e9s de Franck OKE.\u201d - Le Patriote","og_description":"Suite \u00e0 nos \u00e9clairages citoyens sur le d\u00e9cret N\u00b0 2026-107 du 11 mars 2026 fixant l\u2019ordre de pr\u00e9s\u00e9ance en R\u00e9publique du B\u00e9nin, Monsieur Franck OKE a cru bon d\u2019\u00e9crire dans&hellip;","og_url":"https:\/\/lepatriotebenin.com\/index.php\/2026\/04\/27\/droit-de-reponse-senat-gilles-badet-maintient-ses-propos-et-demonte-les-contreverites-de-franck-oke\/","og_site_name":"Le Patriote","article_published_time":"2026-04-27T02:36:30+00:00","og_image":[{"width":780,"height":560,"url":"https:\/\/lepatriotebenin.com\/wp-content\/uploads\/2026\/04\/gilles-badet-a.jpeg","type":"image\/jpeg"}],"author":"Redaction","twitter_card":"summary_large_image","twitter_misc":{"\u00c9crit par":"Redaction","Dur\u00e9e de lecture estim\u00e9e":"4 minutes"},"schema":{"@context":"https:\/\/schema.org","@graph":[{"@type":"Article","@id":"https:\/\/lepatriotebenin.com\/index.php\/2026\/04\/27\/droit-de-reponse-senat-gilles-badet-maintient-ses-propos-et-demonte-les-contreverites-de-franck-oke\/#article","isPartOf":{"@id":"https:\/\/lepatriotebenin.com\/index.php\/2026\/04\/27\/droit-de-reponse-senat-gilles-badet-maintient-ses-propos-et-demonte-les-contreverites-de-franck-oke\/"},"author":{"name":"Redaction","@id":"https:\/\/lepatriotebenin.com\/#\/schema\/person\/2e7709b9c9cc313e452d1136af61690f"},"headline":"DROIT DE REPONSE : \u201cS\u00e9nat : Gilles BADET maintient ses propos et d\u00e9monte les contrev\u00e9rit\u00e9s de Franck OKE.\u201d","datePublished":"2026-04-27T02:36:30+00:00","mainEntityOfPage":{"@id":"https:\/\/lepatriotebenin.com\/index.php\/2026\/04\/27\/droit-de-reponse-senat-gilles-badet-maintient-ses-propos-et-demonte-les-contreverites-de-franck-oke\/"},"wordCount":770,"commentCount":0,"image":{"@id":"https:\/\/lepatriotebenin.com\/index.php\/2026\/04\/27\/droit-de-reponse-senat-gilles-badet-maintient-ses-propos-et-demonte-les-contreverites-de-franck-oke\/#primaryimage"},"thumbnailUrl":"https:\/\/lepatriotebenin.com\/wp-content\/uploads\/2026\/04\/gilles-badet-a.jpeg","articleSection":["Politique"],"inLanguage":"fr-FR","potentialAction":[{"@type":"CommentAction","name":"Comment","target":["https:\/\/lepatriotebenin.com\/index.php\/2026\/04\/27\/droit-de-reponse-senat-gilles-badet-maintient-ses-propos-et-demonte-les-contreverites-de-franck-oke\/#respond"]}]},{"@type":"WebPage","@id":"https:\/\/lepatriotebenin.com\/index.php\/2026\/04\/27\/droit-de-reponse-senat-gilles-badet-maintient-ses-propos-et-demonte-les-contreverites-de-franck-oke\/","url":"https:\/\/lepatriotebenin.com\/index.php\/2026\/04\/27\/droit-de-reponse-senat-gilles-badet-maintient-ses-propos-et-demonte-les-contreverites-de-franck-oke\/","name":"DROIT DE REPONSE : \u201cS\u00e9nat : Gilles BADET maintient ses propos et d\u00e9monte les contrev\u00e9rit\u00e9s de Franck OKE.\u201d - Le Patriote","isPartOf":{"@id":"https:\/\/lepatriotebenin.com\/#website"},"primaryImageOfPage":{"@id":"https:\/\/lepatriotebenin.com\/index.php\/2026\/04\/27\/droit-de-reponse-senat-gilles-badet-maintient-ses-propos-et-demonte-les-contreverites-de-franck-oke\/#primaryimage"},"image":{"@id":"https:\/\/lepatriotebenin.com\/index.php\/2026\/04\/27\/droit-de-reponse-senat-gilles-badet-maintient-ses-propos-et-demonte-les-contreverites-de-franck-oke\/#primaryimage"},"thumbnailUrl":"https:\/\/lepatriotebenin.com\/wp-content\/uploads\/2026\/04\/gilles-badet-a.jpeg","datePublished":"2026-04-27T02:36:30+00:00","author":{"@id":"https:\/\/lepatriotebenin.com\/#\/schema\/person\/2e7709b9c9cc313e452d1136af61690f"},"breadcrumb":{"@id":"https:\/\/lepatriotebenin.com\/index.php\/2026\/04\/27\/droit-de-reponse-senat-gilles-badet-maintient-ses-propos-et-demonte-les-contreverites-de-franck-oke\/#breadcrumb"},"inLanguage":"fr-FR","potentialAction":[{"@type":"ReadAction","target":["https:\/\/lepatriotebenin.com\/index.php\/2026\/04\/27\/droit-de-reponse-senat-gilles-badet-maintient-ses-propos-et-demonte-les-contreverites-de-franck-oke\/"]}]},{"@type":"ImageObject","inLanguage":"fr-FR","@id":"https:\/\/lepatriotebenin.com\/index.php\/2026\/04\/27\/droit-de-reponse-senat-gilles-badet-maintient-ses-propos-et-demonte-les-contreverites-de-franck-oke\/#primaryimage","url":"https:\/\/lepatriotebenin.com\/wp-content\/uploads\/2026\/04\/gilles-badet-a.jpeg","contentUrl":"https:\/\/lepatriotebenin.com\/wp-content\/uploads\/2026\/04\/gilles-badet-a.jpeg","width":780,"height":560},{"@type":"BreadcrumbList","@id":"https:\/\/lepatriotebenin.com\/index.php\/2026\/04\/27\/droit-de-reponse-senat-gilles-badet-maintient-ses-propos-et-demonte-les-contreverites-de-franck-oke\/#breadcrumb","itemListElement":[{"@type":"ListItem","position":1,"name":"Accueil","item":"https:\/\/lepatriotebenin.com\/"},{"@type":"ListItem","position":2,"name":"DROIT DE REPONSE : \u201cS\u00e9nat : Gilles BADET maintient ses propos et d\u00e9monte les contrev\u00e9rit\u00e9s de Franck OKE.\u201d"}]},{"@type":"WebSite","@id":"https:\/\/lepatriotebenin.com\/#website","url":"https:\/\/lepatriotebenin.com\/","name":"Le Patriote","description":"Le Patriote B\u00e9nin","potentialAction":[{"@type":"SearchAction","target":{"@type":"EntryPoint","urlTemplate":"https:\/\/lepatriotebenin.com\/?s={search_term_string}"},"query-input":{"@type":"PropertyValueSpecification","valueRequired":true,"valueName":"search_term_string"}}],"inLanguage":"fr-FR"},{"@type":"Person","@id":"https:\/\/lepatriotebenin.com\/#\/schema\/person\/2e7709b9c9cc313e452d1136af61690f","name":"Redaction","image":{"@type":"ImageObject","inLanguage":"fr-FR","@id":"https:\/\/secure.gravatar.com\/avatar\/c4c509357859ea2ca2cbb6d8812898a73e4ef1ef9934c2e591d7e32face734d1?s=96&d=mm&r=g","url":"https:\/\/secure.gravatar.com\/avatar\/c4c509357859ea2ca2cbb6d8812898a73e4ef1ef9934c2e591d7e32face734d1?s=96&d=mm&r=g","contentUrl":"https:\/\/secure.gravatar.com\/avatar\/c4c509357859ea2ca2cbb6d8812898a73e4ef1ef9934c2e591d7e32face734d1?s=96&d=mm&r=g","caption":"Redaction"},"url":"https:\/\/lepatriotebenin.com"}]}},"_links":{"self":[{"href":"https:\/\/lepatriotebenin.com\/index.php\/wp-json\/wp\/v2\/posts\/18836","targetHints":{"allow":["GET"]}}],"collection":[{"href":"https:\/\/lepatriotebenin.com\/index.php\/wp-json\/wp\/v2\/posts"}],"about":[{"href":"https:\/\/lepatriotebenin.com\/index.php\/wp-json\/wp\/v2\/types\/post"}],"author":[{"embeddable":true,"href":"https:\/\/lepatriotebenin.com\/index.php\/wp-json\/wp\/v2\/users\/5"}],"replies":[{"embeddable":true,"href":"https:\/\/lepatriotebenin.com\/index.php\/wp-json\/wp\/v2\/comments?post=18836"}],"version-history":[{"count":1,"href":"https:\/\/lepatriotebenin.com\/index.php\/wp-json\/wp\/v2\/posts\/18836\/revisions"}],"predecessor-version":[{"id":18838,"href":"https:\/\/lepatriotebenin.com\/index.php\/wp-json\/wp\/v2\/posts\/18836\/revisions\/18838"}],"wp:featuredmedia":[{"embeddable":true,"href":"https:\/\/lepatriotebenin.com\/index.php\/wp-json\/wp\/v2\/media\/18837"}],"wp:attachment":[{"href":"https:\/\/lepatriotebenin.com\/index.php\/wp-json\/wp\/v2\/media?parent=18836"}],"wp:term":[{"taxonomy":"category","embeddable":true,"href":"https:\/\/lepatriotebenin.com\/index.php\/wp-json\/wp\/v2\/categories?post=18836"},{"taxonomy":"post_tag","embeddable":true,"href":"https:\/\/lepatriotebenin.com\/index.php\/wp-json\/wp\/v2\/tags?post=18836"}],"curies":[{"name":"wp","href":"https:\/\/api.w.org\/{rel}","templated":true}]}}