{"id":18831,"date":"2026-04-27T04:29:33","date_gmt":"2026-04-27T02:29:33","guid":{"rendered":"https:\/\/lepatriotebenin.com\/?p=18831"},"modified":"2026-04-27T04:31:05","modified_gmt":"2026-04-27T02:31:05","slug":"tour-cycliste-international-du-benin-2026-le-premier-coup-de-pedale-donne-ce-lundi-a-cotonou","status":"publish","type":"post","link":"https:\/\/lepatriotebenin.com\/index.php\/2026\/04\/27\/tour-cycliste-international-du-benin-2026-le-premier-coup-de-pedale-donne-ce-lundi-a-cotonou\/","title":{"rendered":"Tour cycliste international du B\u00e9nin 2026 :  Le premier coup de p\u00e9dale donn\u00e9 ce lundi \u00e0 Cotonou"},"content":{"rendered":"<p>La 21<sup>\u00e8me<\/sup> \u00e9dition du tour cycliste international du B\u00e9nin aura lieu du 27 avril\u00a0 au 03 mai 2026 .Le premier coup de p\u00e9dale sera donn\u00e9\u00a0 ce jour lundi 27 avril 2026 \u00e0\u00a0 Cotonou.\u00a0 C\u2019est \u00e0 travers un prologue de 4,80 km \u00e0 Cotonou. Le lieu d\u2019arriv\u00e9e est\u00a0 devant la pharmacie Port Royal. il va s\u2019enchainer les 5 \u00e9tapes. La\u00a0 premi\u00e8re \u00e9tape, Zagnanado\u2013Sav\u00e8, pr\u00e9vue pour ce mardi 28 avril 2026, est \u00a0longue de 126,04 km.\u00a0 La 2e, partira de N\u2019Dali le mercredi 30 avril 2026 pour s\u2019achever \u00e0 Tchaourou en passant par B\u00e9t\u00e9rou sur une distance de 155,72 km.\u00a0Djougou\u2013Bant\u00e8, longue de 169,35 km, la plus longue, sera courue le jeudi 30 avril 2026. Elle fera place, le vendredi 1<sup>er<\/sup> mai 2026, \u00e0 la 4e \u00e9tape longue de 127,80 km, qui sera courue de Dasso \u00e0 Porto-Novo en passant par Adjarra.\u00a0La 5e \u00e9tape, qui marquera la fin officielle du Tour cycliste international du B\u00e9nin, partira\u00a0 le\u00a0 samedi 2 mai 2026 \u00a0de Zogbodomey pour Cotonou sur une distance de 128,65 km.\u00a0.<\/p>\n<p>Le Grand Prix international des Amazones (68 km) et le Grand Prix de la ville de Cotonou (108,80 km), sans oublier le Prix de l\u2019inclusion (3,53 km), viendront boucler cette \u00e9dition de la f\u00eate du v\u00e9lo au B\u00e9nin. Ce sera respectivement les 2 et 3 mai 2026. Le\u00a0 d\u00e9part et l\u2019arriv\u00e9e\u00a0 de la course\u00a0 sont\u00a0 \u00e0 Zongo non loin de la mosqu\u00e9e.\u00a0\u00a0 N\u2019oublions pas que\u00a0 le dimanche 3 mai 2026, il y aura le prix d\u2019inclusion sur une distance de 3, 53 km. (1 tour).<\/p>\n<p><strong>R\u00e9union technique <\/strong><\/p>\n<p>En\u00a0 pr\u00e9lude au\u00a0 d\u00e9marrage de la 21<sup>\u00e8me<\/sup> \u00e9dition du tour cycliste international du B\u00e9nin, il a eu ce\u00a0\u00a0 dimanche 26 avril 2026 \u00e0 Cotonou une r\u00e9union technique, ceci en pr\u00e9sence des membres du Comit\u00e9 d\u2019organisation et des Directeurs Sportifs (DS).Le commissaire de l\u2019UCI,Philippe Lambert a\u00a0 profit\u00e9 de l\u2019 occasion qui lui est offerte pour insister sur le respect de l\u2019heure (Chaque d\u00e9part, des transbordements au d\u00e9part des courses).\u00a0 Selon le\u00a0 site fbc.bj<strong>, <\/strong>les Directeurs Sportifs rencontr\u00e9s ont, au terme de cette s\u00e9ance, d\u00e9clar\u00e9\u00a0: \u00ab\u00a0La r\u00e9union a permis de finaliser les d\u00e9tails du r\u00e8glement, de la s\u00e9curit\u00e9 et du parcours des \u00e9tapes pr\u00e9vues. Nous avions bien profit\u00e9, pour savoir comment g\u00e9rer les probl\u00e8mes existentiels, lors du parcours avec les chauffeurs. Et comment s\u00e9curiser le mat\u00e9riel et le d\u00e9placement des coureurs. Nous connaissons les dispositions mises en place par le B\u00e9nin\u201d, ont fait savoir plusieurs Directeurs Sportifs\u00a0\u00bb avant que le Commissaire UCI ne lance\u00a0: \u00ab\u00a0Je n\u2019aurais aucune tol\u00e9rance sur tout ce qui est abus. Si \u00e7a arrive je n\u2019h\u00e9siterais pas \u00e0 prendre des sanctions\u00a0\u00bb.<\/p>\n<p><strong>Prix Ecolo<\/strong><\/p>\n<p>Le\u00a0 pr\u00e9sident de la F\u00e9d\u00e9ration b\u00e9ninoise de cycliste (FBC),\u00a0 Romuald Hazoum\u00e8 a par ailleurs indiqu\u00e9 qu\u2019\u00a0 \u00ab il \u00a0y a un prix Ecolo, \u00e0 chaque \u00e9tape \u00e0 donner \u00e0 l\u2019\u00e9quipe qui va mieux respecter cette norme \u00e9cologique des organisateurs\u00a0\u00bb.\u00a0 Le pr\u00e9sident de la FBC\u00a0 met un accent particulier sur la protection de l\u2019environnement.<\/p>\n<p>Rappelons que\u00a0 12 \u00e9quipes africaines\u00a0 et europ\u00e9ennes,\u00a0 un peloton de plus de 80 coureurs<strong>, <\/strong>731,82 km\u00a0 \u00e0\u00a0 parcourir <strong>\u00a0<\/strong>pour 5 \u00e9tapes \u00e0 travers 8 d\u00e9partements sur les 12 que compte le B\u00e9nin. .Voil\u00e0 en r\u00e9sum\u00e9 comment se pr\u00e9sente le 21\u00e8me tour international cycliste du B\u00e9nin. Il faut souligner que le B\u00e9nin sera pr\u00e9sent avec deux formations, dont Team Baobab. Le Maroc, l\u2019Alg\u00e9rie, le Nigeria, le Burkina Faso, le Togo, l\u2019Ile Maurice et l\u2019\u00c9rythr\u00e9e figurent \u00e9galement parmi les nations engag\u00e9es. L\u2019Allemagne y sera avec une \u00e9quipe continentale tout comme la Belgique. Certaines \u00e9quipes annonc\u00e9es ont finalement d\u00e9clar\u00e9 forfait, r\u00e9duisant le peloton initial. \u00ab En r\u00e9alit\u00e9, on aura, je pense, 12 \u00e9quipes qui rallieront le B\u00e9nin \u00bb, indique Romuald Hazoum\u00e8.<\/p>\n<p><strong><u>Ce qu\u2019il faut savoir\u00a0 du Tour <\/u><\/strong><\/p>\n<p>&nbsp;<\/p>\n<p><strong><u>Les \u00e9tapes<\/u><\/strong><\/p>\n<p>27 avril : Prologue \u00e0 Cotonou (4,80 km)<\/p>\n<p>28 avril : Zagnanado \u2192 Sav\u00e8 (126,04 km)<\/p>\n<p>29 avril : N\u2019Dali \u2192 Tchaourou (155,72 km)<\/p>\n<p>30 avril : Parakou \u2192 Bant\u00e8 (169,76 km) \u2013 \u00e9tape reine<\/p>\n<p>1er mai : Dassa \u2192 Porto-Novo via Adjarra (127,80 km)<\/p>\n<p>2 mai : Zogbodomey \u2192 Cotonou (128,65 km)<\/p>\n<p><strong>\u00a0<u>Les enjeux<\/u><\/strong><\/p>\n<p>\u00b0 Maillot jaune<br \/>\n\u00b0 Maillot jaune est le plus important<br \/>\n\u00b0 Maillot du premier au classement par points<br \/>\n\u00b0 Maillot du premier des B\u00e9ninois<br \/>\n\u00b0 Le maillot du premier des Africains<br \/>\n\u00b0 Maillot du plus jeune combatif<\/p>\n<p>&nbsp;<\/p>\n<p><strong><u>ECHAPPES \u00a0<\/u><\/strong><\/p>\n<ul>\n<li>Echappe de la plus longue \u00e9tape<\/li>\n<li>Echappe de l&rsquo;\u00e9l\u00e9gance<\/li>\n<li>Echappe du meilleur co\u00e9quipier<\/li>\n<li>Echappe du fair play<\/li>\n<li>Echappe du plus jeune des B\u00e9ninois<\/li>\n<\/ul>\n<p>&nbsp;<\/p>\n<p><img fetchpriority=\"high\" decoding=\"async\" class=\"alignnone size-medium wp-image-18832\" src=\"https:\/\/lepatriotebenin.com\/wp-content\/uploads\/2026\/04\/liste-officielle-des-equipes-participantses-210x300.jpg\" alt=\"\" width=\"210\" height=\"300\" srcset=\"https:\/\/lepatriotebenin.com\/wp-content\/uploads\/2026\/04\/liste-officielle-des-equipes-participantses-210x300.jpg 210w, https:\/\/lepatriotebenin.com\/wp-content\/uploads\/2026\/04\/liste-officielle-des-equipes-participantses-585x836.jpg 585w, https:\/\/lepatriotebenin.com\/wp-content\/uploads\/2026\/04\/liste-officielle-des-equipes-participantses.jpg 705w\" sizes=\"(max-width: 210px) 100vw, 210px\" \/><\/p>\n","protected":false},"excerpt":{"rendered":"<p>La 21\u00e8me \u00e9dition du tour cycliste international du B\u00e9nin aura lieu du 27 avril\u00a0 au 03 mai 2026 .Le premier coup de p\u00e9dale sera donn\u00e9\u00a0 ce jour lundi 27 avril&hellip;<\/p>\n","protected":false},"author":6,"featured_media":18833,"comment_status":"open","ping_status":"open","sticky":false,"template":"","format":"standard","meta":{"content-type":"","om_disable_all_campaigns":false,"_monsterinsights_skip_tracking":false,"_monsterinsights_sitenote_active":false,"_monsterinsights_sitenote_note":"","_monsterinsights_sitenote_category":0,"_uf_show_specific_survey":0,"_uf_disable_surveys":false,"footnotes":""},"categories":[8],"tags":[],"class_list":["post-18831","post","type-post","status-publish","format-standard","has-post-thumbnail","hentry","category-sport"],"aioseo_notices":[],"yoast_head":"<!-- This site is optimized with the Yoast SEO plugin v27.5 - https:\/\/yoast.com\/product\/yoast-seo-wordpress\/ -->\n<title>Tour cycliste international du B\u00e9nin 2026 : Le premier coup de p\u00e9dale donn\u00e9 ce lundi \u00e0 Cotonou - Le Patriote<\/title>\n<meta name=\"robots\" content=\"index, follow, max-snippet:-1, max-image-preview:large, max-video-preview:-1\" \/>\n<link rel=\"canonical\" href=\"https:\/\/lepatriotebenin.com\/index.php\/2026\/04\/27\/tour-cycliste-international-du-benin-2026-le-premier-coup-de-pedale-donne-ce-lundi-a-cotonou\/\" \/>\n<meta property=\"og:locale\" content=\"fr_FR\" \/>\n<meta property=\"og:type\" content=\"article\" \/>\n<meta property=\"og:title\" content=\"Tour cycliste international du B\u00e9nin 2026 : Le premier coup de p\u00e9dale donn\u00e9 ce lundi \u00e0 Cotonou - Le Patriote\" \/>\n<meta property=\"og:description\" content=\"La 21\u00e8me \u00e9dition du tour cycliste international du B\u00e9nin aura lieu du 27 avril\u00a0 au 03 mai 2026 .Le premier coup de p\u00e9dale sera donn\u00e9\u00a0 ce jour lundi 27 avril&hellip;\" \/>\n<meta property=\"og:url\" content=\"https:\/\/lepatriotebenin.com\/index.php\/2026\/04\/27\/tour-cycliste-international-du-benin-2026-le-premier-coup-de-pedale-donne-ce-lundi-a-cotonou\/\" \/>\n<meta property=\"og:site_name\" content=\"Le Patriote\" \/>\n<meta property=\"article:published_time\" content=\"2026-04-27T02:29:33+00:00\" \/>\n<meta property=\"article:modified_time\" content=\"2026-04-27T02:31:05+00:00\" \/>\n<meta property=\"og:image\" content=\"https:\/\/lepatriotebenin.com\/wp-content\/uploads\/2026\/04\/tour-cycliste.jpg\" \/>\n\t<meta property=\"og:image:width\" content=\"720\" \/>\n\t<meta property=\"og:image:height\" content=\"746\" \/>\n\t<meta property=\"og:image:type\" content=\"image\/jpeg\" \/>\n<meta name=\"author\" content=\"Roland AFFANOU\" \/>\n<meta name=\"twitter:card\" content=\"summary_large_image\" \/>\n<meta name=\"twitter:label1\" content=\"\u00c9crit par\" \/>\n\t<meta name=\"twitter:data1\" content=\"Roland AFFANOU\" \/>\n\t<meta name=\"twitter:label2\" content=\"Dur\u00e9e de lecture estim\u00e9e\" \/>\n\t<meta name=\"twitter:data2\" content=\"5 minutes\" \/>\n<script type=\"application\/ld+json\" class=\"yoast-schema-graph\">{\"@context\":\"https:\\\/\\\/schema.org\",\"@graph\":[{\"@type\":\"Article\",\"@id\":\"https:\\\/\\\/lepatriotebenin.com\\\/index.php\\\/2026\\\/04\\\/27\\\/tour-cycliste-international-du-benin-2026-le-premier-coup-de-pedale-donne-ce-lundi-a-cotonou\\\/#article\",\"isPartOf\":{\"@id\":\"https:\\\/\\\/lepatriotebenin.com\\\/index.php\\\/2026\\\/04\\\/27\\\/tour-cycliste-international-du-benin-2026-le-premier-coup-de-pedale-donne-ce-lundi-a-cotonou\\\/\"},\"author\":{\"name\":\"Roland AFFANOU\",\"@id\":\"https:\\\/\\\/lepatriotebenin.com\\\/#\\\/schema\\\/person\\\/4a9b67216c97d04045e01405c534c91f\"},\"headline\":\"Tour cycliste international du B\u00e9nin 2026 : Le premier coup de p\u00e9dale donn\u00e9 ce lundi \u00e0 Cotonou\",\"datePublished\":\"2026-04-27T02:29:33+00:00\",\"dateModified\":\"2026-04-27T02:31:05+00:00\",\"mainEntityOfPage\":{\"@id\":\"https:\\\/\\\/lepatriotebenin.com\\\/index.php\\\/2026\\\/04\\\/27\\\/tour-cycliste-international-du-benin-2026-le-premier-coup-de-pedale-donne-ce-lundi-a-cotonou\\\/\"},\"wordCount\":748,\"commentCount\":0,\"image\":{\"@id\":\"https:\\\/\\\/lepatriotebenin.com\\\/index.php\\\/2026\\\/04\\\/27\\\/tour-cycliste-international-du-benin-2026-le-premier-coup-de-pedale-donne-ce-lundi-a-cotonou\\\/#primaryimage\"},\"thumbnailUrl\":\"https:\\\/\\\/lepatriotebenin.com\\\/wp-content\\\/uploads\\\/2026\\\/04\\\/tour-cycliste.jpg\",\"articleSection\":[\"Sport\"],\"inLanguage\":\"fr-FR\",\"potentialAction\":[{\"@type\":\"CommentAction\",\"name\":\"Comment\",\"target\":[\"https:\\\/\\\/lepatriotebenin.com\\\/index.php\\\/2026\\\/04\\\/27\\\/tour-cycliste-international-du-benin-2026-le-premier-coup-de-pedale-donne-ce-lundi-a-cotonou\\\/#respond\"]}]},{\"@type\":\"WebPage\",\"@id\":\"https:\\\/\\\/lepatriotebenin.com\\\/index.php\\\/2026\\\/04\\\/27\\\/tour-cycliste-international-du-benin-2026-le-premier-coup-de-pedale-donne-ce-lundi-a-cotonou\\\/\",\"url\":\"https:\\\/\\\/lepatriotebenin.com\\\/index.php\\\/2026\\\/04\\\/27\\\/tour-cycliste-international-du-benin-2026-le-premier-coup-de-pedale-donne-ce-lundi-a-cotonou\\\/\",\"name\":\"Tour cycliste international du B\u00e9nin 2026 : Le premier coup de p\u00e9dale donn\u00e9 ce lundi \u00e0 Cotonou - Le Patriote\",\"isPartOf\":{\"@id\":\"https:\\\/\\\/lepatriotebenin.com\\\/#website\"},\"primaryImageOfPage\":{\"@id\":\"https:\\\/\\\/lepatriotebenin.com\\\/index.php\\\/2026\\\/04\\\/27\\\/tour-cycliste-international-du-benin-2026-le-premier-coup-de-pedale-donne-ce-lundi-a-cotonou\\\/#primaryimage\"},\"image\":{\"@id\":\"https:\\\/\\\/lepatriotebenin.com\\\/index.php\\\/2026\\\/04\\\/27\\\/tour-cycliste-international-du-benin-2026-le-premier-coup-de-pedale-donne-ce-lundi-a-cotonou\\\/#primaryimage\"},\"thumbnailUrl\":\"https:\\\/\\\/lepatriotebenin.com\\\/wp-content\\\/uploads\\\/2026\\\/04\\\/tour-cycliste.jpg\",\"datePublished\":\"2026-04-27T02:29:33+00:00\",\"dateModified\":\"2026-04-27T02:31:05+00:00\",\"author\":{\"@id\":\"https:\\\/\\\/lepatriotebenin.com\\\/#\\\/schema\\\/person\\\/4a9b67216c97d04045e01405c534c91f\"},\"breadcrumb\":{\"@id\":\"https:\\\/\\\/lepatriotebenin.com\\\/index.php\\\/2026\\\/04\\\/27\\\/tour-cycliste-international-du-benin-2026-le-premier-coup-de-pedale-donne-ce-lundi-a-cotonou\\\/#breadcrumb\"},\"inLanguage\":\"fr-FR\",\"potentialAction\":[{\"@type\":\"ReadAction\",\"target\":[\"https:\\\/\\\/lepatriotebenin.com\\\/index.php\\\/2026\\\/04\\\/27\\\/tour-cycliste-international-du-benin-2026-le-premier-coup-de-pedale-donne-ce-lundi-a-cotonou\\\/\"]}]},{\"@type\":\"ImageObject\",\"inLanguage\":\"fr-FR\",\"@id\":\"https:\\\/\\\/lepatriotebenin.com\\\/index.php\\\/2026\\\/04\\\/27\\\/tour-cycliste-international-du-benin-2026-le-premier-coup-de-pedale-donne-ce-lundi-a-cotonou\\\/#primaryimage\",\"url\":\"https:\\\/\\\/lepatriotebenin.com\\\/wp-content\\\/uploads\\\/2026\\\/04\\\/tour-cycliste.jpg\",\"contentUrl\":\"https:\\\/\\\/lepatriotebenin.com\\\/wp-content\\\/uploads\\\/2026\\\/04\\\/tour-cycliste.jpg\",\"width\":720,\"height\":746},{\"@type\":\"BreadcrumbList\",\"@id\":\"https:\\\/\\\/lepatriotebenin.com\\\/index.php\\\/2026\\\/04\\\/27\\\/tour-cycliste-international-du-benin-2026-le-premier-coup-de-pedale-donne-ce-lundi-a-cotonou\\\/#breadcrumb\",\"itemListElement\":[{\"@type\":\"ListItem\",\"position\":1,\"name\":\"Accueil\",\"item\":\"https:\\\/\\\/lepatriotebenin.com\\\/\"},{\"@type\":\"ListItem\",\"position\":2,\"name\":\"Tour cycliste international du B\u00e9nin 2026 : Le premier coup de p\u00e9dale donn\u00e9 ce lundi \u00e0 Cotonou\"}]},{\"@type\":\"WebSite\",\"@id\":\"https:\\\/\\\/lepatriotebenin.com\\\/#website\",\"url\":\"https:\\\/\\\/lepatriotebenin.com\\\/\",\"name\":\"Le Patriote\",\"description\":\"Le Patriote B\u00e9nin\",\"potentialAction\":[{\"@type\":\"SearchAction\",\"target\":{\"@type\":\"EntryPoint\",\"urlTemplate\":\"https:\\\/\\\/lepatriotebenin.com\\\/?s={search_term_string}\"},\"query-input\":{\"@type\":\"PropertyValueSpecification\",\"valueRequired\":true,\"valueName\":\"search_term_string\"}}],\"inLanguage\":\"fr-FR\"},{\"@type\":\"Person\",\"@id\":\"https:\\\/\\\/lepatriotebenin.com\\\/#\\\/schema\\\/person\\\/4a9b67216c97d04045e01405c534c91f\",\"name\":\"Roland AFFANOU\",\"image\":{\"@type\":\"ImageObject\",\"inLanguage\":\"fr-FR\",\"@id\":\"https:\\\/\\\/secure.gravatar.com\\\/avatar\\\/7209d3f6d2d47ea4d0c67e14d3effb61feb10ae540a4381280c66265de5bd643?s=96&d=mm&r=g\",\"url\":\"https:\\\/\\\/secure.gravatar.com\\\/avatar\\\/7209d3f6d2d47ea4d0c67e14d3effb61feb10ae540a4381280c66265de5bd643?s=96&d=mm&r=g\",\"contentUrl\":\"https:\\\/\\\/secure.gravatar.com\\\/avatar\\\/7209d3f6d2d47ea4d0c67e14d3effb61feb10ae540a4381280c66265de5bd643?s=96&d=mm&r=g\",\"caption\":\"Roland AFFANOU\"},\"url\":\"https:\\\/\\\/lepatriotebenin.com\"}]}<\/script>\n<!-- \/ Yoast SEO plugin. -->","yoast_head_json":{"title":"Tour cycliste international du B\u00e9nin 2026 : Le premier coup de p\u00e9dale donn\u00e9 ce lundi \u00e0 Cotonou - Le Patriote","robots":{"index":"index","follow":"follow","max-snippet":"max-snippet:-1","max-image-preview":"max-image-preview:large","max-video-preview":"max-video-preview:-1"},"canonical":"https:\/\/lepatriotebenin.com\/index.php\/2026\/04\/27\/tour-cycliste-international-du-benin-2026-le-premier-coup-de-pedale-donne-ce-lundi-a-cotonou\/","og_locale":"fr_FR","og_type":"article","og_title":"Tour cycliste international du B\u00e9nin 2026 : Le premier coup de p\u00e9dale donn\u00e9 ce lundi \u00e0 Cotonou - Le Patriote","og_description":"La 21\u00e8me \u00e9dition du tour cycliste international du B\u00e9nin aura lieu du 27 avril\u00a0 au 03 mai 2026 .Le premier coup de p\u00e9dale sera donn\u00e9\u00a0 ce jour lundi 27 avril&hellip;","og_url":"https:\/\/lepatriotebenin.com\/index.php\/2026\/04\/27\/tour-cycliste-international-du-benin-2026-le-premier-coup-de-pedale-donne-ce-lundi-a-cotonou\/","og_site_name":"Le Patriote","article_published_time":"2026-04-27T02:29:33+00:00","article_modified_time":"2026-04-27T02:31:05+00:00","og_image":[{"width":720,"height":746,"url":"https:\/\/lepatriotebenin.com\/wp-content\/uploads\/2026\/04\/tour-cycliste.jpg","type":"image\/jpeg"}],"author":"Roland AFFANOU","twitter_card":"summary_large_image","twitter_misc":{"\u00c9crit par":"Roland AFFANOU","Dur\u00e9e de lecture estim\u00e9e":"5 minutes"},"schema":{"@context":"https:\/\/schema.org","@graph":[{"@type":"Article","@id":"https:\/\/lepatriotebenin.com\/index.php\/2026\/04\/27\/tour-cycliste-international-du-benin-2026-le-premier-coup-de-pedale-donne-ce-lundi-a-cotonou\/#article","isPartOf":{"@id":"https:\/\/lepatriotebenin.com\/index.php\/2026\/04\/27\/tour-cycliste-international-du-benin-2026-le-premier-coup-de-pedale-donne-ce-lundi-a-cotonou\/"},"author":{"name":"Roland AFFANOU","@id":"https:\/\/lepatriotebenin.com\/#\/schema\/person\/4a9b67216c97d04045e01405c534c91f"},"headline":"Tour cycliste international du B\u00e9nin 2026 : Le premier coup de p\u00e9dale donn\u00e9 ce lundi \u00e0 Cotonou","datePublished":"2026-04-27T02:29:33+00:00","dateModified":"2026-04-27T02:31:05+00:00","mainEntityOfPage":{"@id":"https:\/\/lepatriotebenin.com\/index.php\/2026\/04\/27\/tour-cycliste-international-du-benin-2026-le-premier-coup-de-pedale-donne-ce-lundi-a-cotonou\/"},"wordCount":748,"commentCount":0,"image":{"@id":"https:\/\/lepatriotebenin.com\/index.php\/2026\/04\/27\/tour-cycliste-international-du-benin-2026-le-premier-coup-de-pedale-donne-ce-lundi-a-cotonou\/#primaryimage"},"thumbnailUrl":"https:\/\/lepatriotebenin.com\/wp-content\/uploads\/2026\/04\/tour-cycliste.jpg","articleSection":["Sport"],"inLanguage":"fr-FR","potentialAction":[{"@type":"CommentAction","name":"Comment","target":["https:\/\/lepatriotebenin.com\/index.php\/2026\/04\/27\/tour-cycliste-international-du-benin-2026-le-premier-coup-de-pedale-donne-ce-lundi-a-cotonou\/#respond"]}]},{"@type":"WebPage","@id":"https:\/\/lepatriotebenin.com\/index.php\/2026\/04\/27\/tour-cycliste-international-du-benin-2026-le-premier-coup-de-pedale-donne-ce-lundi-a-cotonou\/","url":"https:\/\/lepatriotebenin.com\/index.php\/2026\/04\/27\/tour-cycliste-international-du-benin-2026-le-premier-coup-de-pedale-donne-ce-lundi-a-cotonou\/","name":"Tour cycliste international du B\u00e9nin 2026 : Le premier coup de p\u00e9dale donn\u00e9 ce lundi \u00e0 Cotonou - Le Patriote","isPartOf":{"@id":"https:\/\/lepatriotebenin.com\/#website"},"primaryImageOfPage":{"@id":"https:\/\/lepatriotebenin.com\/index.php\/2026\/04\/27\/tour-cycliste-international-du-benin-2026-le-premier-coup-de-pedale-donne-ce-lundi-a-cotonou\/#primaryimage"},"image":{"@id":"https:\/\/lepatriotebenin.com\/index.php\/2026\/04\/27\/tour-cycliste-international-du-benin-2026-le-premier-coup-de-pedale-donne-ce-lundi-a-cotonou\/#primaryimage"},"thumbnailUrl":"https:\/\/lepatriotebenin.com\/wp-content\/uploads\/2026\/04\/tour-cycliste.jpg","datePublished":"2026-04-27T02:29:33+00:00","dateModified":"2026-04-27T02:31:05+00:00","author":{"@id":"https:\/\/lepatriotebenin.com\/#\/schema\/person\/4a9b67216c97d04045e01405c534c91f"},"breadcrumb":{"@id":"https:\/\/lepatriotebenin.com\/index.php\/2026\/04\/27\/tour-cycliste-international-du-benin-2026-le-premier-coup-de-pedale-donne-ce-lundi-a-cotonou\/#breadcrumb"},"inLanguage":"fr-FR","potentialAction":[{"@type":"ReadAction","target":["https:\/\/lepatriotebenin.com\/index.php\/2026\/04\/27\/tour-cycliste-international-du-benin-2026-le-premier-coup-de-pedale-donne-ce-lundi-a-cotonou\/"]}]},{"@type":"ImageObject","inLanguage":"fr-FR","@id":"https:\/\/lepatriotebenin.com\/index.php\/2026\/04\/27\/tour-cycliste-international-du-benin-2026-le-premier-coup-de-pedale-donne-ce-lundi-a-cotonou\/#primaryimage","url":"https:\/\/lepatriotebenin.com\/wp-content\/uploads\/2026\/04\/tour-cycliste.jpg","contentUrl":"https:\/\/lepatriotebenin.com\/wp-content\/uploads\/2026\/04\/tour-cycliste.jpg","width":720,"height":746},{"@type":"BreadcrumbList","@id":"https:\/\/lepatriotebenin.com\/index.php\/2026\/04\/27\/tour-cycliste-international-du-benin-2026-le-premier-coup-de-pedale-donne-ce-lundi-a-cotonou\/#breadcrumb","itemListElement":[{"@type":"ListItem","position":1,"name":"Accueil","item":"https:\/\/lepatriotebenin.com\/"},{"@type":"ListItem","position":2,"name":"Tour cycliste international du B\u00e9nin 2026 : Le premier coup de p\u00e9dale donn\u00e9 ce lundi \u00e0 Cotonou"}]},{"@type":"WebSite","@id":"https:\/\/lepatriotebenin.com\/#website","url":"https:\/\/lepatriotebenin.com\/","name":"Le Patriote","description":"Le Patriote B\u00e9nin","potentialAction":[{"@type":"SearchAction","target":{"@type":"EntryPoint","urlTemplate":"https:\/\/lepatriotebenin.com\/?s={search_term_string}"},"query-input":{"@type":"PropertyValueSpecification","valueRequired":true,"valueName":"search_term_string"}}],"inLanguage":"fr-FR"},{"@type":"Person","@id":"https:\/\/lepatriotebenin.com\/#\/schema\/person\/4a9b67216c97d04045e01405c534c91f","name":"Roland AFFANOU","image":{"@type":"ImageObject","inLanguage":"fr-FR","@id":"https:\/\/secure.gravatar.com\/avatar\/7209d3f6d2d47ea4d0c67e14d3effb61feb10ae540a4381280c66265de5bd643?s=96&d=mm&r=g","url":"https:\/\/secure.gravatar.com\/avatar\/7209d3f6d2d47ea4d0c67e14d3effb61feb10ae540a4381280c66265de5bd643?s=96&d=mm&r=g","contentUrl":"https:\/\/secure.gravatar.com\/avatar\/7209d3f6d2d47ea4d0c67e14d3effb61feb10ae540a4381280c66265de5bd643?s=96&d=mm&r=g","caption":"Roland AFFANOU"},"url":"https:\/\/lepatriotebenin.com"}]}},"_links":{"self":[{"href":"https:\/\/lepatriotebenin.com\/index.php\/wp-json\/wp\/v2\/posts\/18831","targetHints":{"allow":["GET"]}}],"collection":[{"href":"https:\/\/lepatriotebenin.com\/index.php\/wp-json\/wp\/v2\/posts"}],"about":[{"href":"https:\/\/lepatriotebenin.com\/index.php\/wp-json\/wp\/v2\/types\/post"}],"author":[{"embeddable":true,"href":"https:\/\/lepatriotebenin.com\/index.php\/wp-json\/wp\/v2\/users\/6"}],"replies":[{"embeddable":true,"href":"https:\/\/lepatriotebenin.com\/index.php\/wp-json\/wp\/v2\/comments?post=18831"}],"version-history":[{"count":2,"href":"https:\/\/lepatriotebenin.com\/index.php\/wp-json\/wp\/v2\/posts\/18831\/revisions"}],"predecessor-version":[{"id":18835,"href":"https:\/\/lepatriotebenin.com\/index.php\/wp-json\/wp\/v2\/posts\/18831\/revisions\/18835"}],"wp:featuredmedia":[{"embeddable":true,"href":"https:\/\/lepatriotebenin.com\/index.php\/wp-json\/wp\/v2\/media\/18833"}],"wp:attachment":[{"href":"https:\/\/lepatriotebenin.com\/index.php\/wp-json\/wp\/v2\/media?parent=18831"}],"wp:term":[{"taxonomy":"category","embeddable":true,"href":"https:\/\/lepatriotebenin.com\/index.php\/wp-json\/wp\/v2\/categories?post=18831"},{"taxonomy":"post_tag","embeddable":true,"href":"https:\/\/lepatriotebenin.com\/index.php\/wp-json\/wp\/v2\/tags?post=18831"}],"curies":[{"name":"wp","href":"https:\/\/api.w.org\/{rel}","templated":true}]}}