{"id":18827,"date":"2026-04-27T04:24:45","date_gmt":"2026-04-27T02:24:45","guid":{"rendered":"https:\/\/lepatriotebenin.com\/?p=18827"},"modified":"2026-04-27T08:24:08","modified_gmt":"2026-04-27T06:24:08","slug":"lafrique-des-idees-le-benin-parmi-les-pays-de-la-cohorte-2026","status":"publish","type":"post","link":"https:\/\/lepatriotebenin.com\/index.php\/2026\/04\/27\/lafrique-des-idees-le-benin-parmi-les-pays-de-la-cohorte-2026\/","title":{"rendered":"L\u2019Afrique des id\u00e9es : Vianio Kougbl\u00e9nou, le repr\u00e9sentant pays du Tink Tank"},"content":{"rendered":"<p>Lorsqu\u2019il s\u2019agit de penser l\u2019Afrique, le B\u00e9nin r\u00e9pond toujours pr\u00e9sent. Le pays regorge de talents capables de rivaliser \u00e0 l\u2019\u00e9chelle continentale par la qualit\u00e9 de leurs contributions intellectuelles.<\/p>\n<p>\u00c0 l\u2019issue d\u2019un processus de s\u00e9lection exigeant lanc\u00e9 \u00e0 travers un appel \u00e0 candidatures pour les Repr\u00e9sentants Pays de L\u2019Afrique des Id\u00e9es, plus de 1 500 candidatures ont \u00e9t\u00e9 enregistr\u00e9es, accompagn\u00e9es de plus de 400 articles, tribunes et travaux de recherche. Le B\u00e9nin fait ainsi partie des 17 pays retenus, reconnus pour leur capacit\u00e9 \u00e0 produire une r\u00e9flexion structur\u00e9e sur les enjeux de d\u00e9veloppement du continent africain.<\/p>\n<p>Dans ce cadre, Gb\u00eana Fr\u00e9justo do Capio Vianio KOUGBLENOU, \u00e9conomiste et sp\u00e9cialiste du d\u00e9veloppement international, est nomm\u00e9 Repr\u00e9sentant Pays du B\u00e9nin au sein de L\u2019Afrique des Id\u00e9es. \u00c0 ce titre, il aura pour mission d\u2019assurer la repr\u00e9sentation du think tank au niveau national, de relayer ses publications, de structurer et d\u2019animer un r\u00e9seau d\u2019experts, de chercheurs et d\u2019\u00e9tudiants, ainsi que de concevoir et de mettre en \u0153uvre des initiatives d\u2019ancrage national.<\/p>\n<p>Fort de son exp\u00e9rience professionnelle, il entend mener ce mandat sous le signe de la structuration et de la visibilit\u00e9, en d\u00e9veloppant notamment des partenariats avec les universit\u00e9s b\u00e9ninoises. L\u2019objectif est clair : faire en sorte que les travaux de recherche d\u00e9passent le cadre acad\u00e9mique pour se traduire en projets concrets de d\u00e9veloppement.<\/p>\n<p>Dans un contexte marqu\u00e9 par l\u2019ouverture d\u2019un nouveau cycle institutionnel au B\u00e9nin, cette nomination intervient \u00e0 un moment strat\u00e9gique o\u00f9 la contribution intellectuelle et la production de solutions op\u00e9rationnelles seront d\u00e9terminantes pour accompagner les politiques publiques. \u00c0 travers son engagement, Vianio KOUGBLENOU entend, avec son \u00e9quipe, contribuer \u00e0 renforcer la r\u00e9flexion sur le financement du d\u00e9veloppement, la transformation productive et la structuration d\u2019une \u00e9conomie durable, en coh\u00e9rence avec la Vision \u00ab B\u00e9nin 2060 Alafia, un monde de splendeurs \u00bb.<\/p>\n<p>Cr\u00e9\u00e9e en 2011, L\u2019Afrique des Id\u00e9es compte \u00e0 ce jour plus de 3 000 productions intellectuelles couvrant des domaines vari\u00e9s, accessibles sur sa plateforme. Le think tank repose sur une conviction forte : la transformation du continent sera d\u2019abord intellectuelle avant d\u2019\u00eatre \u00e9conomique.<\/p>\n<p>Cette dynamique s\u2019inscrit dans une approche fond\u00e9e sur l\u2019Afro-responsabilit\u00e9, qui repose sur quatre principes : souverainet\u00e9, pour repenser les concepts \u00e0 partir des r\u00e9alit\u00e9s africaines ; autonomie, parce que les solutions doivent venir en priorit\u00e9 des Africains ; multilat\u00e9ralisme, pour dialoguer avec le monde sur la base d\u2019une r\u00e9ciprocit\u00e9 \u00e9quilibr\u00e9e ; et unit\u00e9, afin de penser l\u2019Afrique au-del\u00e0 des fronti\u00e8res h\u00e9rit\u00e9es.<\/p>\n<p>Plus qu\u2019un slogan, cette approche constitue une m\u00e9thode visant \u00e0 d\u00e9passer les h\u00e9ritages de d\u00e9pendance et les certitudes import\u00e9es, afin d\u2019assumer une pens\u00e9e africaine libre, exigeante et ouverte sur le monde.<\/p>\n<p><strong><em>Vianio KOUGBLENOU, Repr\u00e9sentant Pays du think tank<\/em><\/strong><\/p>\n<p><img fetchpriority=\"high\" decoding=\"async\" class=\"alignnone size-medium wp-image-18828\" src=\"https:\/\/lepatriotebenin.com\/wp-content\/uploads\/2026\/04\/l-afrique-300x300.jpeg\" alt=\"\" width=\"300\" height=\"300\" srcset=\"https:\/\/lepatriotebenin.com\/wp-content\/uploads\/2026\/04\/l-afrique-300x300.jpeg 300w, https:\/\/lepatriotebenin.com\/wp-content\/uploads\/2026\/04\/l-afrique-150x150.jpeg 150w, https:\/\/lepatriotebenin.com\/wp-content\/uploads\/2026\/04\/l-afrique.jpeg 481w\" sizes=\"(max-width: 300px) 100vw, 300px\" \/><\/p>\n","protected":false},"excerpt":{"rendered":"<p>Lorsqu\u2019il s\u2019agit de penser l\u2019Afrique, le B\u00e9nin r\u00e9pond toujours pr\u00e9sent. Le pays regorge de talents capables de rivaliser \u00e0 l\u2019\u00e9chelle continentale par la qualit\u00e9 de leurs contributions intellectuelles. \u00c0 l\u2019issue&hellip;<\/p>\n","protected":false},"author":5,"featured_media":18829,"comment_status":"open","ping_status":"open","sticky":false,"template":"","format":"standard","meta":{"content-type":"","om_disable_all_campaigns":false,"_monsterinsights_skip_tracking":false,"_monsterinsights_sitenote_active":false,"_monsterinsights_sitenote_note":"","_monsterinsights_sitenote_category":0,"_uf_show_specific_survey":0,"_uf_disable_surveys":false,"footnotes":""},"categories":[20],"tags":[],"class_list":["post-18827","post","type-post","status-publish","format-standard","has-post-thumbnail","hentry","category-societe"],"aioseo_notices":[],"yoast_head":"<!-- This site is optimized with the Yoast SEO plugin v27.5 - https:\/\/yoast.com\/product\/yoast-seo-wordpress\/ -->\n<title>L\u2019Afrique des id\u00e9es : Vianio Kougbl\u00e9nou, le repr\u00e9sentant pays du Tink Tank - Le Patriote<\/title>\n<meta name=\"robots\" content=\"index, follow, max-snippet:-1, max-image-preview:large, max-video-preview:-1\" \/>\n<link rel=\"canonical\" href=\"https:\/\/lepatriotebenin.com\/index.php\/2026\/04\/27\/lafrique-des-idees-le-benin-parmi-les-pays-de-la-cohorte-2026\/\" \/>\n<meta property=\"og:locale\" content=\"fr_FR\" \/>\n<meta property=\"og:type\" content=\"article\" \/>\n<meta property=\"og:title\" content=\"L\u2019Afrique des id\u00e9es : Vianio Kougbl\u00e9nou, le repr\u00e9sentant pays du Tink Tank - Le Patriote\" \/>\n<meta property=\"og:description\" content=\"Lorsqu\u2019il s\u2019agit de penser l\u2019Afrique, le B\u00e9nin r\u00e9pond toujours pr\u00e9sent. Le pays regorge de talents capables de rivaliser \u00e0 l\u2019\u00e9chelle continentale par la qualit\u00e9 de leurs contributions intellectuelles. \u00c0 l\u2019issue&hellip;\" \/>\n<meta property=\"og:url\" content=\"https:\/\/lepatriotebenin.com\/index.php\/2026\/04\/27\/lafrique-des-idees-le-benin-parmi-les-pays-de-la-cohorte-2026\/\" \/>\n<meta property=\"og:site_name\" content=\"Le Patriote\" \/>\n<meta property=\"article:published_time\" content=\"2026-04-27T02:24:45+00:00\" \/>\n<meta property=\"article:modified_time\" content=\"2026-04-27T06:24:08+00:00\" \/>\n<meta property=\"og:image\" content=\"https:\/\/lepatriotebenin.com\/wp-content\/uploads\/2026\/04\/kougblenou.jpeg\" \/>\n\t<meta property=\"og:image:width\" content=\"864\" \/>\n\t<meta property=\"og:image:height\" content=\"1080\" \/>\n\t<meta property=\"og:image:type\" content=\"image\/jpeg\" \/>\n<meta name=\"author\" content=\"Redaction\" \/>\n<meta name=\"twitter:card\" content=\"summary_large_image\" \/>\n<meta name=\"twitter:label1\" content=\"\u00c9crit par\" \/>\n\t<meta name=\"twitter:data1\" content=\"Redaction\" \/>\n\t<meta name=\"twitter:label2\" content=\"Dur\u00e9e de lecture estim\u00e9e\" \/>\n\t<meta name=\"twitter:data2\" content=\"3 minutes\" \/>\n<script type=\"application\/ld+json\" class=\"yoast-schema-graph\">{\"@context\":\"https:\\\/\\\/schema.org\",\"@graph\":[{\"@type\":\"Article\",\"@id\":\"https:\\\/\\\/lepatriotebenin.com\\\/index.php\\\/2026\\\/04\\\/27\\\/lafrique-des-idees-le-benin-parmi-les-pays-de-la-cohorte-2026\\\/#article\",\"isPartOf\":{\"@id\":\"https:\\\/\\\/lepatriotebenin.com\\\/index.php\\\/2026\\\/04\\\/27\\\/lafrique-des-idees-le-benin-parmi-les-pays-de-la-cohorte-2026\\\/\"},\"author\":{\"name\":\"Redaction\",\"@id\":\"https:\\\/\\\/lepatriotebenin.com\\\/#\\\/schema\\\/person\\\/2e7709b9c9cc313e452d1136af61690f\"},\"headline\":\"L\u2019Afrique des id\u00e9es : Vianio Kougbl\u00e9nou, le repr\u00e9sentant pays du Tink Tank\",\"datePublished\":\"2026-04-27T02:24:45+00:00\",\"dateModified\":\"2026-04-27T06:24:08+00:00\",\"mainEntityOfPage\":{\"@id\":\"https:\\\/\\\/lepatriotebenin.com\\\/index.php\\\/2026\\\/04\\\/27\\\/lafrique-des-idees-le-benin-parmi-les-pays-de-la-cohorte-2026\\\/\"},\"wordCount\":508,\"commentCount\":0,\"image\":{\"@id\":\"https:\\\/\\\/lepatriotebenin.com\\\/index.php\\\/2026\\\/04\\\/27\\\/lafrique-des-idees-le-benin-parmi-les-pays-de-la-cohorte-2026\\\/#primaryimage\"},\"thumbnailUrl\":\"https:\\\/\\\/lepatriotebenin.com\\\/wp-content\\\/uploads\\\/2026\\\/04\\\/kougblenou.jpeg\",\"articleSection\":[\"Soci\u00e9t\u00e9\"],\"inLanguage\":\"fr-FR\",\"potentialAction\":[{\"@type\":\"CommentAction\",\"name\":\"Comment\",\"target\":[\"https:\\\/\\\/lepatriotebenin.com\\\/index.php\\\/2026\\\/04\\\/27\\\/lafrique-des-idees-le-benin-parmi-les-pays-de-la-cohorte-2026\\\/#respond\"]}]},{\"@type\":\"WebPage\",\"@id\":\"https:\\\/\\\/lepatriotebenin.com\\\/index.php\\\/2026\\\/04\\\/27\\\/lafrique-des-idees-le-benin-parmi-les-pays-de-la-cohorte-2026\\\/\",\"url\":\"https:\\\/\\\/lepatriotebenin.com\\\/index.php\\\/2026\\\/04\\\/27\\\/lafrique-des-idees-le-benin-parmi-les-pays-de-la-cohorte-2026\\\/\",\"name\":\"L\u2019Afrique des id\u00e9es : Vianio Kougbl\u00e9nou, le repr\u00e9sentant pays du Tink Tank - Le Patriote\",\"isPartOf\":{\"@id\":\"https:\\\/\\\/lepatriotebenin.com\\\/#website\"},\"primaryImageOfPage\":{\"@id\":\"https:\\\/\\\/lepatriotebenin.com\\\/index.php\\\/2026\\\/04\\\/27\\\/lafrique-des-idees-le-benin-parmi-les-pays-de-la-cohorte-2026\\\/#primaryimage\"},\"image\":{\"@id\":\"https:\\\/\\\/lepatriotebenin.com\\\/index.php\\\/2026\\\/04\\\/27\\\/lafrique-des-idees-le-benin-parmi-les-pays-de-la-cohorte-2026\\\/#primaryimage\"},\"thumbnailUrl\":\"https:\\\/\\\/lepatriotebenin.com\\\/wp-content\\\/uploads\\\/2026\\\/04\\\/kougblenou.jpeg\",\"datePublished\":\"2026-04-27T02:24:45+00:00\",\"dateModified\":\"2026-04-27T06:24:08+00:00\",\"author\":{\"@id\":\"https:\\\/\\\/lepatriotebenin.com\\\/#\\\/schema\\\/person\\\/2e7709b9c9cc313e452d1136af61690f\"},\"breadcrumb\":{\"@id\":\"https:\\\/\\\/lepatriotebenin.com\\\/index.php\\\/2026\\\/04\\\/27\\\/lafrique-des-idees-le-benin-parmi-les-pays-de-la-cohorte-2026\\\/#breadcrumb\"},\"inLanguage\":\"fr-FR\",\"potentialAction\":[{\"@type\":\"ReadAction\",\"target\":[\"https:\\\/\\\/lepatriotebenin.com\\\/index.php\\\/2026\\\/04\\\/27\\\/lafrique-des-idees-le-benin-parmi-les-pays-de-la-cohorte-2026\\\/\"]}]},{\"@type\":\"ImageObject\",\"inLanguage\":\"fr-FR\",\"@id\":\"https:\\\/\\\/lepatriotebenin.com\\\/index.php\\\/2026\\\/04\\\/27\\\/lafrique-des-idees-le-benin-parmi-les-pays-de-la-cohorte-2026\\\/#primaryimage\",\"url\":\"https:\\\/\\\/lepatriotebenin.com\\\/wp-content\\\/uploads\\\/2026\\\/04\\\/kougblenou.jpeg\",\"contentUrl\":\"https:\\\/\\\/lepatriotebenin.com\\\/wp-content\\\/uploads\\\/2026\\\/04\\\/kougblenou.jpeg\",\"width\":864,\"height\":1080},{\"@type\":\"BreadcrumbList\",\"@id\":\"https:\\\/\\\/lepatriotebenin.com\\\/index.php\\\/2026\\\/04\\\/27\\\/lafrique-des-idees-le-benin-parmi-les-pays-de-la-cohorte-2026\\\/#breadcrumb\",\"itemListElement\":[{\"@type\":\"ListItem\",\"position\":1,\"name\":\"Accueil\",\"item\":\"https:\\\/\\\/lepatriotebenin.com\\\/\"},{\"@type\":\"ListItem\",\"position\":2,\"name\":\"L\u2019Afrique des id\u00e9es : Vianio Kougbl\u00e9nou, le repr\u00e9sentant pays du Tink Tank\"}]},{\"@type\":\"WebSite\",\"@id\":\"https:\\\/\\\/lepatriotebenin.com\\\/#website\",\"url\":\"https:\\\/\\\/lepatriotebenin.com\\\/\",\"name\":\"Le Patriote\",\"description\":\"Le Patriote B\u00e9nin\",\"potentialAction\":[{\"@type\":\"SearchAction\",\"target\":{\"@type\":\"EntryPoint\",\"urlTemplate\":\"https:\\\/\\\/lepatriotebenin.com\\\/?s={search_term_string}\"},\"query-input\":{\"@type\":\"PropertyValueSpecification\",\"valueRequired\":true,\"valueName\":\"search_term_string\"}}],\"inLanguage\":\"fr-FR\"},{\"@type\":\"Person\",\"@id\":\"https:\\\/\\\/lepatriotebenin.com\\\/#\\\/schema\\\/person\\\/2e7709b9c9cc313e452d1136af61690f\",\"name\":\"Redaction\",\"image\":{\"@type\":\"ImageObject\",\"inLanguage\":\"fr-FR\",\"@id\":\"https:\\\/\\\/secure.gravatar.com\\\/avatar\\\/c4c509357859ea2ca2cbb6d8812898a73e4ef1ef9934c2e591d7e32face734d1?s=96&d=mm&r=g\",\"url\":\"https:\\\/\\\/secure.gravatar.com\\\/avatar\\\/c4c509357859ea2ca2cbb6d8812898a73e4ef1ef9934c2e591d7e32face734d1?s=96&d=mm&r=g\",\"contentUrl\":\"https:\\\/\\\/secure.gravatar.com\\\/avatar\\\/c4c509357859ea2ca2cbb6d8812898a73e4ef1ef9934c2e591d7e32face734d1?s=96&d=mm&r=g\",\"caption\":\"Redaction\"},\"url\":\"https:\\\/\\\/lepatriotebenin.com\"}]}<\/script>\n<!-- \/ Yoast SEO plugin. -->","yoast_head_json":{"title":"L\u2019Afrique des id\u00e9es : Vianio Kougbl\u00e9nou, le repr\u00e9sentant pays du Tink Tank - Le Patriote","robots":{"index":"index","follow":"follow","max-snippet":"max-snippet:-1","max-image-preview":"max-image-preview:large","max-video-preview":"max-video-preview:-1"},"canonical":"https:\/\/lepatriotebenin.com\/index.php\/2026\/04\/27\/lafrique-des-idees-le-benin-parmi-les-pays-de-la-cohorte-2026\/","og_locale":"fr_FR","og_type":"article","og_title":"L\u2019Afrique des id\u00e9es : Vianio Kougbl\u00e9nou, le repr\u00e9sentant pays du Tink Tank - Le Patriote","og_description":"Lorsqu\u2019il s\u2019agit de penser l\u2019Afrique, le B\u00e9nin r\u00e9pond toujours pr\u00e9sent. Le pays regorge de talents capables de rivaliser \u00e0 l\u2019\u00e9chelle continentale par la qualit\u00e9 de leurs contributions intellectuelles. \u00c0 l\u2019issue&hellip;","og_url":"https:\/\/lepatriotebenin.com\/index.php\/2026\/04\/27\/lafrique-des-idees-le-benin-parmi-les-pays-de-la-cohorte-2026\/","og_site_name":"Le Patriote","article_published_time":"2026-04-27T02:24:45+00:00","article_modified_time":"2026-04-27T06:24:08+00:00","og_image":[{"width":864,"height":1080,"url":"https:\/\/lepatriotebenin.com\/wp-content\/uploads\/2026\/04\/kougblenou.jpeg","type":"image\/jpeg"}],"author":"Redaction","twitter_card":"summary_large_image","twitter_misc":{"\u00c9crit par":"Redaction","Dur\u00e9e de lecture estim\u00e9e":"3 minutes"},"schema":{"@context":"https:\/\/schema.org","@graph":[{"@type":"Article","@id":"https:\/\/lepatriotebenin.com\/index.php\/2026\/04\/27\/lafrique-des-idees-le-benin-parmi-les-pays-de-la-cohorte-2026\/#article","isPartOf":{"@id":"https:\/\/lepatriotebenin.com\/index.php\/2026\/04\/27\/lafrique-des-idees-le-benin-parmi-les-pays-de-la-cohorte-2026\/"},"author":{"name":"Redaction","@id":"https:\/\/lepatriotebenin.com\/#\/schema\/person\/2e7709b9c9cc313e452d1136af61690f"},"headline":"L\u2019Afrique des id\u00e9es : Vianio Kougbl\u00e9nou, le repr\u00e9sentant pays du Tink Tank","datePublished":"2026-04-27T02:24:45+00:00","dateModified":"2026-04-27T06:24:08+00:00","mainEntityOfPage":{"@id":"https:\/\/lepatriotebenin.com\/index.php\/2026\/04\/27\/lafrique-des-idees-le-benin-parmi-les-pays-de-la-cohorte-2026\/"},"wordCount":508,"commentCount":0,"image":{"@id":"https:\/\/lepatriotebenin.com\/index.php\/2026\/04\/27\/lafrique-des-idees-le-benin-parmi-les-pays-de-la-cohorte-2026\/#primaryimage"},"thumbnailUrl":"https:\/\/lepatriotebenin.com\/wp-content\/uploads\/2026\/04\/kougblenou.jpeg","articleSection":["Soci\u00e9t\u00e9"],"inLanguage":"fr-FR","potentialAction":[{"@type":"CommentAction","name":"Comment","target":["https:\/\/lepatriotebenin.com\/index.php\/2026\/04\/27\/lafrique-des-idees-le-benin-parmi-les-pays-de-la-cohorte-2026\/#respond"]}]},{"@type":"WebPage","@id":"https:\/\/lepatriotebenin.com\/index.php\/2026\/04\/27\/lafrique-des-idees-le-benin-parmi-les-pays-de-la-cohorte-2026\/","url":"https:\/\/lepatriotebenin.com\/index.php\/2026\/04\/27\/lafrique-des-idees-le-benin-parmi-les-pays-de-la-cohorte-2026\/","name":"L\u2019Afrique des id\u00e9es : Vianio Kougbl\u00e9nou, le repr\u00e9sentant pays du Tink Tank - Le Patriote","isPartOf":{"@id":"https:\/\/lepatriotebenin.com\/#website"},"primaryImageOfPage":{"@id":"https:\/\/lepatriotebenin.com\/index.php\/2026\/04\/27\/lafrique-des-idees-le-benin-parmi-les-pays-de-la-cohorte-2026\/#primaryimage"},"image":{"@id":"https:\/\/lepatriotebenin.com\/index.php\/2026\/04\/27\/lafrique-des-idees-le-benin-parmi-les-pays-de-la-cohorte-2026\/#primaryimage"},"thumbnailUrl":"https:\/\/lepatriotebenin.com\/wp-content\/uploads\/2026\/04\/kougblenou.jpeg","datePublished":"2026-04-27T02:24:45+00:00","dateModified":"2026-04-27T06:24:08+00:00","author":{"@id":"https:\/\/lepatriotebenin.com\/#\/schema\/person\/2e7709b9c9cc313e452d1136af61690f"},"breadcrumb":{"@id":"https:\/\/lepatriotebenin.com\/index.php\/2026\/04\/27\/lafrique-des-idees-le-benin-parmi-les-pays-de-la-cohorte-2026\/#breadcrumb"},"inLanguage":"fr-FR","potentialAction":[{"@type":"ReadAction","target":["https:\/\/lepatriotebenin.com\/index.php\/2026\/04\/27\/lafrique-des-idees-le-benin-parmi-les-pays-de-la-cohorte-2026\/"]}]},{"@type":"ImageObject","inLanguage":"fr-FR","@id":"https:\/\/lepatriotebenin.com\/index.php\/2026\/04\/27\/lafrique-des-idees-le-benin-parmi-les-pays-de-la-cohorte-2026\/#primaryimage","url":"https:\/\/lepatriotebenin.com\/wp-content\/uploads\/2026\/04\/kougblenou.jpeg","contentUrl":"https:\/\/lepatriotebenin.com\/wp-content\/uploads\/2026\/04\/kougblenou.jpeg","width":864,"height":1080},{"@type":"BreadcrumbList","@id":"https:\/\/lepatriotebenin.com\/index.php\/2026\/04\/27\/lafrique-des-idees-le-benin-parmi-les-pays-de-la-cohorte-2026\/#breadcrumb","itemListElement":[{"@type":"ListItem","position":1,"name":"Accueil","item":"https:\/\/lepatriotebenin.com\/"},{"@type":"ListItem","position":2,"name":"L\u2019Afrique des id\u00e9es : Vianio Kougbl\u00e9nou, le repr\u00e9sentant pays du Tink Tank"}]},{"@type":"WebSite","@id":"https:\/\/lepatriotebenin.com\/#website","url":"https:\/\/lepatriotebenin.com\/","name":"Le Patriote","description":"Le Patriote B\u00e9nin","potentialAction":[{"@type":"SearchAction","target":{"@type":"EntryPoint","urlTemplate":"https:\/\/lepatriotebenin.com\/?s={search_term_string}"},"query-input":{"@type":"PropertyValueSpecification","valueRequired":true,"valueName":"search_term_string"}}],"inLanguage":"fr-FR"},{"@type":"Person","@id":"https:\/\/lepatriotebenin.com\/#\/schema\/person\/2e7709b9c9cc313e452d1136af61690f","name":"Redaction","image":{"@type":"ImageObject","inLanguage":"fr-FR","@id":"https:\/\/secure.gravatar.com\/avatar\/c4c509357859ea2ca2cbb6d8812898a73e4ef1ef9934c2e591d7e32face734d1?s=96&d=mm&r=g","url":"https:\/\/secure.gravatar.com\/avatar\/c4c509357859ea2ca2cbb6d8812898a73e4ef1ef9934c2e591d7e32face734d1?s=96&d=mm&r=g","contentUrl":"https:\/\/secure.gravatar.com\/avatar\/c4c509357859ea2ca2cbb6d8812898a73e4ef1ef9934c2e591d7e32face734d1?s=96&d=mm&r=g","caption":"Redaction"},"url":"https:\/\/lepatriotebenin.com"}]}},"_links":{"self":[{"href":"https:\/\/lepatriotebenin.com\/index.php\/wp-json\/wp\/v2\/posts\/18827","targetHints":{"allow":["GET"]}}],"collection":[{"href":"https:\/\/lepatriotebenin.com\/index.php\/wp-json\/wp\/v2\/posts"}],"about":[{"href":"https:\/\/lepatriotebenin.com\/index.php\/wp-json\/wp\/v2\/types\/post"}],"author":[{"embeddable":true,"href":"https:\/\/lepatriotebenin.com\/index.php\/wp-json\/wp\/v2\/users\/5"}],"replies":[{"embeddable":true,"href":"https:\/\/lepatriotebenin.com\/index.php\/wp-json\/wp\/v2\/comments?post=18827"}],"version-history":[{"count":3,"href":"https:\/\/lepatriotebenin.com\/index.php\/wp-json\/wp\/v2\/posts\/18827\/revisions"}],"predecessor-version":[{"id":18856,"href":"https:\/\/lepatriotebenin.com\/index.php\/wp-json\/wp\/v2\/posts\/18827\/revisions\/18856"}],"wp:featuredmedia":[{"embeddable":true,"href":"https:\/\/lepatriotebenin.com\/index.php\/wp-json\/wp\/v2\/media\/18829"}],"wp:attachment":[{"href":"https:\/\/lepatriotebenin.com\/index.php\/wp-json\/wp\/v2\/media?parent=18827"}],"wp:term":[{"taxonomy":"category","embeddable":true,"href":"https:\/\/lepatriotebenin.com\/index.php\/wp-json\/wp\/v2\/categories?post=18827"},{"taxonomy":"post_tag","embeddable":true,"href":"https:\/\/lepatriotebenin.com\/index.php\/wp-json\/wp\/v2\/tags?post=18827"}],"curies":[{"name":"wp","href":"https:\/\/api.w.org\/{rel}","templated":true}]}}