{"id":18824,"date":"2026-04-27T04:16:02","date_gmt":"2026-04-27T02:16:02","guid":{"rendered":"https:\/\/lepatriotebenin.com\/?p=18824"},"modified":"2026-04-27T04:16:02","modified_gmt":"2026-04-27T02:16:02","slug":"violence-extreme-au-benin-quand-lhumain-bascule-dans-linhumain","status":"publish","type":"post","link":"https:\/\/lepatriotebenin.com\/index.php\/2026\/04\/27\/violence-extreme-au-benin-quand-lhumain-bascule-dans-linhumain\/","title":{"rendered":"Violence extr\u00eame au B\u00e9nin : Quand l\u2019humain bascule dans l\u2019inhumain"},"content":{"rendered":"<p><strong><em>\u00c0 Ekp\u00e8, une femme a \u00e9t\u00e9 victime d\u2019un acte de torture d\u2019une cruaut\u00e9 insoutenable. Br\u00fbl\u00e9e au niveau de ses parties intimes, elle porte aujourd\u2019hui les stigmates d\u2019une violence qui d\u00e9passe l\u2019entendement. Ce drame, loin d\u2019\u00eatre un simple fait divers, interroge profond\u00e9ment notre humanit\u00e9, notre silence et notre capacit\u00e9 collective \u00e0 dire non \u00e0 l\u2019horreur.<\/em><\/strong><\/p>\n<p>Il y a des faits qui d\u00e9passent l\u2019indignation ordinaire. Des actes qui forcent \u00e0 s\u2019arr\u00eater, \u00e0 regarder en face une r\u00e9alit\u00e9 d\u00e9rangeante : celle d\u2019une violence brute, d\u00e9shumanis\u00e9e, presque irr\u00e9elle. Ce qui s\u2019est produit \u00e0 Ekp\u00e8 appartient \u00e0 cette cat\u00e9gorie. Une femme, une m\u00e8re, une s\u0153ur peut-\u00eatre, a \u00e9t\u00e9 tortur\u00e9e au point que son intimit\u00e9 m\u00eame a \u00e9t\u00e9 prise pour cible, br\u00fbl\u00e9e, profan\u00e9e.<\/p>\n<p>Comment en arrive-t-on l\u00e0 ? Comment des individus peuvent-ils franchir cette ligne invisible qui s\u00e9pare encore l\u2019humain du monstre ? La question n\u2019est pas seulement morale, elle est profond\u00e9ment sociale. Car un tel acte ne surgit jamais dans le vide. Il est le produit d\u2019un environnement o\u00f9 la violence peut s\u2019installer, o\u00f9 le respect de la dignit\u00e9 humaine n\u2019est plus une \u00e9vidence, o\u00f9 le silence devient complice. Le corps de cette femme raconte une histoire que les mots peinent \u00e0 traduire. Une histoire de douleur, de peur, d\u2019humiliation. Mais aussi une histoire qui nous met tous face \u00e0 nos responsabilit\u00e9s. Car au-del\u00e0 des auteurs directs, c\u2019est toute une soci\u00e9t\u00e9 qui doit s\u2019interroger : qu\u2019avons-nous laiss\u00e9 passer ? Qu\u2019avons-nous banalis\u00e9 ? \u00c0 quel moment avons-nous cess\u00e9 de nous indigner assez fort ?<\/p>\n<p>Il est trop facile de qualifier cet acte de \u00ab barbare \u00bb et de passer \u00e0 autre chose. Le mot soulage, mais il n\u2019explique rien. Il ne r\u00e9pare rien. Derri\u00e8re ce geste, il y a une logique de domination, de destruction de l\u2019autre, une volont\u00e9 d\u2019effacer toute dignit\u00e9. Et cela, aucune soci\u00e9t\u00e9 ne peut l\u2019accepter sans se renier elle-m\u00eame. Ce drame pose aussi la question de la protection des plus vuln\u00e9rables. O\u00f9 \u00e9taient les m\u00e9canismes d\u2019alerte ? O\u00f9 sont les structures capables de pr\u00e9venir, d\u2019\u00e9couter, d\u2019intervenir avant que l\u2019irr\u00e9parable ne se produise ? L\u2019indignation doit se transformer en action, sinon elle devient un simple rituel sans cons\u00e9quence.<\/p>\n<p>L&rsquo;action de l&rsquo;Institut National de la Femme est\u00a0 \u00e0 saluer. Certes, des pr\u00e9sum\u00e9s auteurs ont \u00e9t\u00e9 mis aux arr\u00eats. Mais cel\u00e0 suffit-il pour r\u00e9parer cette atrocit\u00e9 ? Aujourd\u2019hui, cette femme tente de survivre avec ses blessures, visibles et invisibles. Elle aura besoin de soins, de justice, mais surtout d\u2019une reconnaissance claire. Ce qu\u2019elle a subi est inacceptable, intol\u00e9rable, et ne doit jamais se reproduire car si l\u2019humain peut sombrer aussi bas, alors il nous revient, collectivement, de reconstruire ce qui emp\u00eache de chuter : l\u2019empathie, la justice et le respect absolu de la dignit\u00e9 humaine.<\/p>\n<p>Gildas AHOGNI<\/p>\n","protected":false},"excerpt":{"rendered":"<p>\u00c0 Ekp\u00e8, une femme a \u00e9t\u00e9 victime d\u2019un acte de torture d\u2019une cruaut\u00e9 insoutenable. Br\u00fbl\u00e9e au niveau de ses parties intimes, elle porte aujourd\u2019hui les stigmates d\u2019une violence qui d\u00e9passe&hellip;<\/p>\n","protected":false},"author":5,"featured_media":18825,"comment_status":"open","ping_status":"open","sticky":false,"template":"","format":"standard","meta":{"content-type":"","om_disable_all_campaigns":false,"_monsterinsights_skip_tracking":false,"_monsterinsights_sitenote_active":false,"_monsterinsights_sitenote_note":"","_monsterinsights_sitenote_category":0,"_uf_show_specific_survey":0,"_uf_disable_surveys":false,"footnotes":""},"categories":[20],"tags":[],"class_list":["post-18824","post","type-post","status-publish","format-standard","has-post-thumbnail","hentry","category-societe"],"aioseo_notices":[],"yoast_head":"<!-- This site is optimized with the Yoast SEO plugin v27.5 - https:\/\/yoast.com\/product\/yoast-seo-wordpress\/ -->\n<title>Violence extr\u00eame au B\u00e9nin : Quand l\u2019humain bascule dans l\u2019inhumain - Le Patriote<\/title>\n<meta name=\"robots\" content=\"index, follow, max-snippet:-1, max-image-preview:large, max-video-preview:-1\" \/>\n<link rel=\"canonical\" href=\"https:\/\/lepatriotebenin.com\/index.php\/2026\/04\/27\/violence-extreme-au-benin-quand-lhumain-bascule-dans-linhumain\/\" \/>\n<meta property=\"og:locale\" content=\"fr_FR\" \/>\n<meta property=\"og:type\" content=\"article\" \/>\n<meta property=\"og:title\" content=\"Violence extr\u00eame au B\u00e9nin : Quand l\u2019humain bascule dans l\u2019inhumain - Le Patriote\" \/>\n<meta property=\"og:description\" content=\"\u00c0 Ekp\u00e8, une femme a \u00e9t\u00e9 victime d\u2019un acte de torture d\u2019une cruaut\u00e9 insoutenable. Br\u00fbl\u00e9e au niveau de ses parties intimes, elle porte aujourd\u2019hui les stigmates d\u2019une violence qui d\u00e9passe&hellip;\" \/>\n<meta property=\"og:url\" content=\"https:\/\/lepatriotebenin.com\/index.php\/2026\/04\/27\/violence-extreme-au-benin-quand-lhumain-bascule-dans-linhumain\/\" \/>\n<meta property=\"og:site_name\" content=\"Le Patriote\" \/>\n<meta property=\"article:published_time\" content=\"2026-04-27T02:16:02+00:00\" \/>\n<meta property=\"og:image\" content=\"https:\/\/lepatriotebenin.com\/wp-content\/uploads\/2026\/04\/siege-inf.jpg\" \/>\n\t<meta property=\"og:image:width\" content=\"600\" \/>\n\t<meta property=\"og:image:height\" content=\"326\" \/>\n\t<meta property=\"og:image:type\" content=\"image\/jpeg\" \/>\n<meta name=\"author\" content=\"Redaction\" \/>\n<meta name=\"twitter:card\" content=\"summary_large_image\" \/>\n<meta name=\"twitter:label1\" content=\"\u00c9crit par\" \/>\n\t<meta name=\"twitter:data1\" content=\"Redaction\" \/>\n\t<meta name=\"twitter:label2\" content=\"Dur\u00e9e de lecture estim\u00e9e\" \/>\n\t<meta name=\"twitter:data2\" content=\"3 minutes\" \/>\n<script type=\"application\/ld+json\" class=\"yoast-schema-graph\">{\"@context\":\"https:\\\/\\\/schema.org\",\"@graph\":[{\"@type\":\"Article\",\"@id\":\"https:\\\/\\\/lepatriotebenin.com\\\/index.php\\\/2026\\\/04\\\/27\\\/violence-extreme-au-benin-quand-lhumain-bascule-dans-linhumain\\\/#article\",\"isPartOf\":{\"@id\":\"https:\\\/\\\/lepatriotebenin.com\\\/index.php\\\/2026\\\/04\\\/27\\\/violence-extreme-au-benin-quand-lhumain-bascule-dans-linhumain\\\/\"},\"author\":{\"name\":\"Redaction\",\"@id\":\"https:\\\/\\\/lepatriotebenin.com\\\/#\\\/schema\\\/person\\\/2e7709b9c9cc313e452d1136af61690f\"},\"headline\":\"Violence extr\u00eame au B\u00e9nin : Quand l\u2019humain bascule dans l\u2019inhumain\",\"datePublished\":\"2026-04-27T02:16:02+00:00\",\"mainEntityOfPage\":{\"@id\":\"https:\\\/\\\/lepatriotebenin.com\\\/index.php\\\/2026\\\/04\\\/27\\\/violence-extreme-au-benin-quand-lhumain-bascule-dans-linhumain\\\/\"},\"wordCount\":516,\"commentCount\":0,\"image\":{\"@id\":\"https:\\\/\\\/lepatriotebenin.com\\\/index.php\\\/2026\\\/04\\\/27\\\/violence-extreme-au-benin-quand-lhumain-bascule-dans-linhumain\\\/#primaryimage\"},\"thumbnailUrl\":\"https:\\\/\\\/lepatriotebenin.com\\\/wp-content\\\/uploads\\\/2026\\\/04\\\/siege-inf.jpg\",\"articleSection\":[\"Soci\u00e9t\u00e9\"],\"inLanguage\":\"fr-FR\",\"potentialAction\":[{\"@type\":\"CommentAction\",\"name\":\"Comment\",\"target\":[\"https:\\\/\\\/lepatriotebenin.com\\\/index.php\\\/2026\\\/04\\\/27\\\/violence-extreme-au-benin-quand-lhumain-bascule-dans-linhumain\\\/#respond\"]}]},{\"@type\":\"WebPage\",\"@id\":\"https:\\\/\\\/lepatriotebenin.com\\\/index.php\\\/2026\\\/04\\\/27\\\/violence-extreme-au-benin-quand-lhumain-bascule-dans-linhumain\\\/\",\"url\":\"https:\\\/\\\/lepatriotebenin.com\\\/index.php\\\/2026\\\/04\\\/27\\\/violence-extreme-au-benin-quand-lhumain-bascule-dans-linhumain\\\/\",\"name\":\"Violence extr\u00eame au B\u00e9nin : Quand l\u2019humain bascule dans l\u2019inhumain - Le Patriote\",\"isPartOf\":{\"@id\":\"https:\\\/\\\/lepatriotebenin.com\\\/#website\"},\"primaryImageOfPage\":{\"@id\":\"https:\\\/\\\/lepatriotebenin.com\\\/index.php\\\/2026\\\/04\\\/27\\\/violence-extreme-au-benin-quand-lhumain-bascule-dans-linhumain\\\/#primaryimage\"},\"image\":{\"@id\":\"https:\\\/\\\/lepatriotebenin.com\\\/index.php\\\/2026\\\/04\\\/27\\\/violence-extreme-au-benin-quand-lhumain-bascule-dans-linhumain\\\/#primaryimage\"},\"thumbnailUrl\":\"https:\\\/\\\/lepatriotebenin.com\\\/wp-content\\\/uploads\\\/2026\\\/04\\\/siege-inf.jpg\",\"datePublished\":\"2026-04-27T02:16:02+00:00\",\"author\":{\"@id\":\"https:\\\/\\\/lepatriotebenin.com\\\/#\\\/schema\\\/person\\\/2e7709b9c9cc313e452d1136af61690f\"},\"breadcrumb\":{\"@id\":\"https:\\\/\\\/lepatriotebenin.com\\\/index.php\\\/2026\\\/04\\\/27\\\/violence-extreme-au-benin-quand-lhumain-bascule-dans-linhumain\\\/#breadcrumb\"},\"inLanguage\":\"fr-FR\",\"potentialAction\":[{\"@type\":\"ReadAction\",\"target\":[\"https:\\\/\\\/lepatriotebenin.com\\\/index.php\\\/2026\\\/04\\\/27\\\/violence-extreme-au-benin-quand-lhumain-bascule-dans-linhumain\\\/\"]}]},{\"@type\":\"ImageObject\",\"inLanguage\":\"fr-FR\",\"@id\":\"https:\\\/\\\/lepatriotebenin.com\\\/index.php\\\/2026\\\/04\\\/27\\\/violence-extreme-au-benin-quand-lhumain-bascule-dans-linhumain\\\/#primaryimage\",\"url\":\"https:\\\/\\\/lepatriotebenin.com\\\/wp-content\\\/uploads\\\/2026\\\/04\\\/siege-inf.jpg\",\"contentUrl\":\"https:\\\/\\\/lepatriotebenin.com\\\/wp-content\\\/uploads\\\/2026\\\/04\\\/siege-inf.jpg\",\"width\":600,\"height\":326},{\"@type\":\"BreadcrumbList\",\"@id\":\"https:\\\/\\\/lepatriotebenin.com\\\/index.php\\\/2026\\\/04\\\/27\\\/violence-extreme-au-benin-quand-lhumain-bascule-dans-linhumain\\\/#breadcrumb\",\"itemListElement\":[{\"@type\":\"ListItem\",\"position\":1,\"name\":\"Accueil\",\"item\":\"https:\\\/\\\/lepatriotebenin.com\\\/\"},{\"@type\":\"ListItem\",\"position\":2,\"name\":\"Violence extr\u00eame au B\u00e9nin : Quand l\u2019humain bascule dans l\u2019inhumain\"}]},{\"@type\":\"WebSite\",\"@id\":\"https:\\\/\\\/lepatriotebenin.com\\\/#website\",\"url\":\"https:\\\/\\\/lepatriotebenin.com\\\/\",\"name\":\"Le Patriote\",\"description\":\"Le Patriote B\u00e9nin\",\"potentialAction\":[{\"@type\":\"SearchAction\",\"target\":{\"@type\":\"EntryPoint\",\"urlTemplate\":\"https:\\\/\\\/lepatriotebenin.com\\\/?s={search_term_string}\"},\"query-input\":{\"@type\":\"PropertyValueSpecification\",\"valueRequired\":true,\"valueName\":\"search_term_string\"}}],\"inLanguage\":\"fr-FR\"},{\"@type\":\"Person\",\"@id\":\"https:\\\/\\\/lepatriotebenin.com\\\/#\\\/schema\\\/person\\\/2e7709b9c9cc313e452d1136af61690f\",\"name\":\"Redaction\",\"image\":{\"@type\":\"ImageObject\",\"inLanguage\":\"fr-FR\",\"@id\":\"https:\\\/\\\/secure.gravatar.com\\\/avatar\\\/c4c509357859ea2ca2cbb6d8812898a73e4ef1ef9934c2e591d7e32face734d1?s=96&d=mm&r=g\",\"url\":\"https:\\\/\\\/secure.gravatar.com\\\/avatar\\\/c4c509357859ea2ca2cbb6d8812898a73e4ef1ef9934c2e591d7e32face734d1?s=96&d=mm&r=g\",\"contentUrl\":\"https:\\\/\\\/secure.gravatar.com\\\/avatar\\\/c4c509357859ea2ca2cbb6d8812898a73e4ef1ef9934c2e591d7e32face734d1?s=96&d=mm&r=g\",\"caption\":\"Redaction\"},\"url\":\"https:\\\/\\\/lepatriotebenin.com\"}]}<\/script>\n<!-- \/ Yoast SEO plugin. -->","yoast_head_json":{"title":"Violence extr\u00eame au B\u00e9nin : Quand l\u2019humain bascule dans l\u2019inhumain - Le Patriote","robots":{"index":"index","follow":"follow","max-snippet":"max-snippet:-1","max-image-preview":"max-image-preview:large","max-video-preview":"max-video-preview:-1"},"canonical":"https:\/\/lepatriotebenin.com\/index.php\/2026\/04\/27\/violence-extreme-au-benin-quand-lhumain-bascule-dans-linhumain\/","og_locale":"fr_FR","og_type":"article","og_title":"Violence extr\u00eame au B\u00e9nin : Quand l\u2019humain bascule dans l\u2019inhumain - Le Patriote","og_description":"\u00c0 Ekp\u00e8, une femme a \u00e9t\u00e9 victime d\u2019un acte de torture d\u2019une cruaut\u00e9 insoutenable. Br\u00fbl\u00e9e au niveau de ses parties intimes, elle porte aujourd\u2019hui les stigmates d\u2019une violence qui d\u00e9passe&hellip;","og_url":"https:\/\/lepatriotebenin.com\/index.php\/2026\/04\/27\/violence-extreme-au-benin-quand-lhumain-bascule-dans-linhumain\/","og_site_name":"Le Patriote","article_published_time":"2026-04-27T02:16:02+00:00","og_image":[{"width":600,"height":326,"url":"https:\/\/lepatriotebenin.com\/wp-content\/uploads\/2026\/04\/siege-inf.jpg","type":"image\/jpeg"}],"author":"Redaction","twitter_card":"summary_large_image","twitter_misc":{"\u00c9crit par":"Redaction","Dur\u00e9e de lecture estim\u00e9e":"3 minutes"},"schema":{"@context":"https:\/\/schema.org","@graph":[{"@type":"Article","@id":"https:\/\/lepatriotebenin.com\/index.php\/2026\/04\/27\/violence-extreme-au-benin-quand-lhumain-bascule-dans-linhumain\/#article","isPartOf":{"@id":"https:\/\/lepatriotebenin.com\/index.php\/2026\/04\/27\/violence-extreme-au-benin-quand-lhumain-bascule-dans-linhumain\/"},"author":{"name":"Redaction","@id":"https:\/\/lepatriotebenin.com\/#\/schema\/person\/2e7709b9c9cc313e452d1136af61690f"},"headline":"Violence extr\u00eame au B\u00e9nin : Quand l\u2019humain bascule dans l\u2019inhumain","datePublished":"2026-04-27T02:16:02+00:00","mainEntityOfPage":{"@id":"https:\/\/lepatriotebenin.com\/index.php\/2026\/04\/27\/violence-extreme-au-benin-quand-lhumain-bascule-dans-linhumain\/"},"wordCount":516,"commentCount":0,"image":{"@id":"https:\/\/lepatriotebenin.com\/index.php\/2026\/04\/27\/violence-extreme-au-benin-quand-lhumain-bascule-dans-linhumain\/#primaryimage"},"thumbnailUrl":"https:\/\/lepatriotebenin.com\/wp-content\/uploads\/2026\/04\/siege-inf.jpg","articleSection":["Soci\u00e9t\u00e9"],"inLanguage":"fr-FR","potentialAction":[{"@type":"CommentAction","name":"Comment","target":["https:\/\/lepatriotebenin.com\/index.php\/2026\/04\/27\/violence-extreme-au-benin-quand-lhumain-bascule-dans-linhumain\/#respond"]}]},{"@type":"WebPage","@id":"https:\/\/lepatriotebenin.com\/index.php\/2026\/04\/27\/violence-extreme-au-benin-quand-lhumain-bascule-dans-linhumain\/","url":"https:\/\/lepatriotebenin.com\/index.php\/2026\/04\/27\/violence-extreme-au-benin-quand-lhumain-bascule-dans-linhumain\/","name":"Violence extr\u00eame au B\u00e9nin : Quand l\u2019humain bascule dans l\u2019inhumain - Le Patriote","isPartOf":{"@id":"https:\/\/lepatriotebenin.com\/#website"},"primaryImageOfPage":{"@id":"https:\/\/lepatriotebenin.com\/index.php\/2026\/04\/27\/violence-extreme-au-benin-quand-lhumain-bascule-dans-linhumain\/#primaryimage"},"image":{"@id":"https:\/\/lepatriotebenin.com\/index.php\/2026\/04\/27\/violence-extreme-au-benin-quand-lhumain-bascule-dans-linhumain\/#primaryimage"},"thumbnailUrl":"https:\/\/lepatriotebenin.com\/wp-content\/uploads\/2026\/04\/siege-inf.jpg","datePublished":"2026-04-27T02:16:02+00:00","author":{"@id":"https:\/\/lepatriotebenin.com\/#\/schema\/person\/2e7709b9c9cc313e452d1136af61690f"},"breadcrumb":{"@id":"https:\/\/lepatriotebenin.com\/index.php\/2026\/04\/27\/violence-extreme-au-benin-quand-lhumain-bascule-dans-linhumain\/#breadcrumb"},"inLanguage":"fr-FR","potentialAction":[{"@type":"ReadAction","target":["https:\/\/lepatriotebenin.com\/index.php\/2026\/04\/27\/violence-extreme-au-benin-quand-lhumain-bascule-dans-linhumain\/"]}]},{"@type":"ImageObject","inLanguage":"fr-FR","@id":"https:\/\/lepatriotebenin.com\/index.php\/2026\/04\/27\/violence-extreme-au-benin-quand-lhumain-bascule-dans-linhumain\/#primaryimage","url":"https:\/\/lepatriotebenin.com\/wp-content\/uploads\/2026\/04\/siege-inf.jpg","contentUrl":"https:\/\/lepatriotebenin.com\/wp-content\/uploads\/2026\/04\/siege-inf.jpg","width":600,"height":326},{"@type":"BreadcrumbList","@id":"https:\/\/lepatriotebenin.com\/index.php\/2026\/04\/27\/violence-extreme-au-benin-quand-lhumain-bascule-dans-linhumain\/#breadcrumb","itemListElement":[{"@type":"ListItem","position":1,"name":"Accueil","item":"https:\/\/lepatriotebenin.com\/"},{"@type":"ListItem","position":2,"name":"Violence extr\u00eame au B\u00e9nin : Quand l\u2019humain bascule dans l\u2019inhumain"}]},{"@type":"WebSite","@id":"https:\/\/lepatriotebenin.com\/#website","url":"https:\/\/lepatriotebenin.com\/","name":"Le Patriote","description":"Le Patriote B\u00e9nin","potentialAction":[{"@type":"SearchAction","target":{"@type":"EntryPoint","urlTemplate":"https:\/\/lepatriotebenin.com\/?s={search_term_string}"},"query-input":{"@type":"PropertyValueSpecification","valueRequired":true,"valueName":"search_term_string"}}],"inLanguage":"fr-FR"},{"@type":"Person","@id":"https:\/\/lepatriotebenin.com\/#\/schema\/person\/2e7709b9c9cc313e452d1136af61690f","name":"Redaction","image":{"@type":"ImageObject","inLanguage":"fr-FR","@id":"https:\/\/secure.gravatar.com\/avatar\/c4c509357859ea2ca2cbb6d8812898a73e4ef1ef9934c2e591d7e32face734d1?s=96&d=mm&r=g","url":"https:\/\/secure.gravatar.com\/avatar\/c4c509357859ea2ca2cbb6d8812898a73e4ef1ef9934c2e591d7e32face734d1?s=96&d=mm&r=g","contentUrl":"https:\/\/secure.gravatar.com\/avatar\/c4c509357859ea2ca2cbb6d8812898a73e4ef1ef9934c2e591d7e32face734d1?s=96&d=mm&r=g","caption":"Redaction"},"url":"https:\/\/lepatriotebenin.com"}]}},"_links":{"self":[{"href":"https:\/\/lepatriotebenin.com\/index.php\/wp-json\/wp\/v2\/posts\/18824","targetHints":{"allow":["GET"]}}],"collection":[{"href":"https:\/\/lepatriotebenin.com\/index.php\/wp-json\/wp\/v2\/posts"}],"about":[{"href":"https:\/\/lepatriotebenin.com\/index.php\/wp-json\/wp\/v2\/types\/post"}],"author":[{"embeddable":true,"href":"https:\/\/lepatriotebenin.com\/index.php\/wp-json\/wp\/v2\/users\/5"}],"replies":[{"embeddable":true,"href":"https:\/\/lepatriotebenin.com\/index.php\/wp-json\/wp\/v2\/comments?post=18824"}],"version-history":[{"count":1,"href":"https:\/\/lepatriotebenin.com\/index.php\/wp-json\/wp\/v2\/posts\/18824\/revisions"}],"predecessor-version":[{"id":18826,"href":"https:\/\/lepatriotebenin.com\/index.php\/wp-json\/wp\/v2\/posts\/18824\/revisions\/18826"}],"wp:featuredmedia":[{"embeddable":true,"href":"https:\/\/lepatriotebenin.com\/index.php\/wp-json\/wp\/v2\/media\/18825"}],"wp:attachment":[{"href":"https:\/\/lepatriotebenin.com\/index.php\/wp-json\/wp\/v2\/media?parent=18824"}],"wp:term":[{"taxonomy":"category","embeddable":true,"href":"https:\/\/lepatriotebenin.com\/index.php\/wp-json\/wp\/v2\/categories?post=18824"},{"taxonomy":"post_tag","embeddable":true,"href":"https:\/\/lepatriotebenin.com\/index.php\/wp-json\/wp\/v2\/tags?post=18824"}],"curies":[{"name":"wp","href":"https:\/\/api.w.org\/{rel}","templated":true}]}}