{"id":18821,"date":"2026-04-27T04:10:48","date_gmt":"2026-04-27T02:10:48","guid":{"rendered":"https:\/\/lepatriotebenin.com\/?p=18821"},"modified":"2026-04-27T04:10:48","modified_gmt":"2026-04-27T02:10:48","slug":"drame-a-zinvie-une-eleve-tuee-par-son-pere","status":"publish","type":"post","link":"https:\/\/lepatriotebenin.com\/index.php\/2026\/04\/27\/drame-a-zinvie-une-eleve-tuee-par-son-pere\/","title":{"rendered":"Drame \u00e0 Zinvi\u00e9 : Une \u00e9l\u00e8ve tu\u00e9e par son p\u00e8re"},"content":{"rendered":"<p>\u00c0 Zinvi\u00e9, une adolescente en classe de premi\u00e8re a perdu la vie apr\u00e8s avoir \u00e9t\u00e9 violemment battue par son p\u00e8re. Ce drame, survenu \u00e0 la suite d\u2019une simple discussion, plonge la communaut\u00e9 dans la stupeur et relance le d\u00e9bat sur la gestion de la col\u00e8re au sein des familles.<\/p>\n<p>La localit\u00e9 de Zinvi\u00e9 est sous le choc apr\u00e8s un drame familial d\u2019une rare violence. Une \u00e9l\u00e8ve en classe de premi\u00e8re a trouv\u00e9 la mort \u00e0 la suite de coups port\u00e9s par son propre p\u00e8re.<\/p>\n<p>Selon les premiers \u00e9l\u00e9ments, tout serait parti d\u2019un \u00e9change ordinaire autour de la scolarit\u00e9 de la jeune fille. Mais la discussion aurait rapidement d\u00e9g\u00e9n\u00e9r\u00e9. Pris de col\u00e8re, le p\u00e8re se serait violemment attaqu\u00e9 \u00e0 sa fille, dans des circonstances encore floues. La gravit\u00e9 des coups re\u00e7us ne lui a malheureusement laiss\u00e9 aucune chance de survie. Dans le quartier, l\u2019\u00e9motion est vive. Riverains et proches peinent \u00e0 comprendre comment une situation aussi banale a pu basculer dans une telle trag\u00e9die. Entre tristesse et indignation, beaucoup d\u00e9noncent un acte incompr\u00e9hensible et appellent \u00e0 davantage de sensibilisation sur la gestion des conflits familiaux.<\/p>\n<p>Les autorit\u00e9s ont ouvert une enqu\u00eate afin de faire toute la lumi\u00e8re sur les faits et \u00e9tablir les responsabilit\u00e9s. Le p\u00e8re pr\u00e9sum\u00e9 auteur des violences devrait r\u00e9pondre de ses actes devant la justice.<\/p>\n<p>Ce drame rappelle brutalement les cons\u00e9quences irr\u00e9versibles que peut entra\u00eener une perte de contr\u00f4le. Il met \u00e9galement en lumi\u00e8re l\u2019urgence de promouvoir le dialogue apais\u00e9 au sein des familles pour \u00e9viter que de telles trag\u00e9dies ne se reproduisent.<\/p>\n<p><strong>Gildas AHOGNI<\/strong><\/p>\n","protected":false},"excerpt":{"rendered":"<p>\u00c0 Zinvi\u00e9, une adolescente en classe de premi\u00e8re a perdu la vie apr\u00e8s avoir \u00e9t\u00e9 violemment battue par son p\u00e8re. Ce drame, survenu \u00e0 la suite d\u2019une simple discussion, plonge&hellip;<\/p>\n","protected":false},"author":5,"featured_media":18822,"comment_status":"open","ping_status":"open","sticky":false,"template":"","format":"standard","meta":{"content-type":"","om_disable_all_campaigns":false,"_monsterinsights_skip_tracking":false,"_monsterinsights_sitenote_active":false,"_monsterinsights_sitenote_note":"","_monsterinsights_sitenote_category":0,"_uf_show_specific_survey":0,"_uf_disable_surveys":false,"footnotes":""},"categories":[20],"tags":[],"class_list":["post-18821","post","type-post","status-publish","format-standard","has-post-thumbnail","hentry","category-societe"],"aioseo_notices":[],"yoast_head":"<!-- This site is optimized with the Yoast SEO plugin v27.5 - https:\/\/yoast.com\/product\/yoast-seo-wordpress\/ -->\n<title>Drame \u00e0 Zinvi\u00e9 : Une \u00e9l\u00e8ve tu\u00e9e par son p\u00e8re - Le Patriote<\/title>\n<meta name=\"robots\" content=\"index, follow, max-snippet:-1, max-image-preview:large, max-video-preview:-1\" \/>\n<link rel=\"canonical\" href=\"https:\/\/lepatriotebenin.com\/index.php\/2026\/04\/27\/drame-a-zinvie-une-eleve-tuee-par-son-pere\/\" \/>\n<meta property=\"og:locale\" content=\"fr_FR\" \/>\n<meta property=\"og:type\" content=\"article\" \/>\n<meta property=\"og:title\" content=\"Drame \u00e0 Zinvi\u00e9 : Une \u00e9l\u00e8ve tu\u00e9e par son p\u00e8re - Le Patriote\" \/>\n<meta property=\"og:description\" content=\"\u00c0 Zinvi\u00e9, une adolescente en classe de premi\u00e8re a perdu la vie apr\u00e8s avoir \u00e9t\u00e9 violemment battue par son p\u00e8re. Ce drame, survenu \u00e0 la suite d\u2019une simple discussion, plonge&hellip;\" \/>\n<meta property=\"og:url\" content=\"https:\/\/lepatriotebenin.com\/index.php\/2026\/04\/27\/drame-a-zinvie-une-eleve-tuee-par-son-pere\/\" \/>\n<meta property=\"og:site_name\" content=\"Le Patriote\" \/>\n<meta property=\"article:published_time\" content=\"2026-04-27T02:10:48+00:00\" \/>\n<meta property=\"og:image\" content=\"https:\/\/lepatriotebenin.com\/wp-content\/uploads\/2026\/04\/drame-1.jpg\" \/>\n\t<meta property=\"og:image:width\" content=\"350\" \/>\n\t<meta property=\"og:image:height\" content=\"200\" \/>\n\t<meta property=\"og:image:type\" content=\"image\/jpeg\" \/>\n<meta name=\"author\" content=\"Redaction\" \/>\n<meta name=\"twitter:card\" content=\"summary_large_image\" \/>\n<meta name=\"twitter:label1\" content=\"\u00c9crit par\" \/>\n\t<meta name=\"twitter:data1\" content=\"Redaction\" \/>\n\t<meta name=\"twitter:label2\" content=\"Dur\u00e9e de lecture estim\u00e9e\" \/>\n\t<meta name=\"twitter:data2\" content=\"2 minutes\" \/>\n<script type=\"application\/ld+json\" class=\"yoast-schema-graph\">{\"@context\":\"https:\\\/\\\/schema.org\",\"@graph\":[{\"@type\":\"Article\",\"@id\":\"https:\\\/\\\/lepatriotebenin.com\\\/index.php\\\/2026\\\/04\\\/27\\\/drame-a-zinvie-une-eleve-tuee-par-son-pere\\\/#article\",\"isPartOf\":{\"@id\":\"https:\\\/\\\/lepatriotebenin.com\\\/index.php\\\/2026\\\/04\\\/27\\\/drame-a-zinvie-une-eleve-tuee-par-son-pere\\\/\"},\"author\":{\"name\":\"Redaction\",\"@id\":\"https:\\\/\\\/lepatriotebenin.com\\\/#\\\/schema\\\/person\\\/2e7709b9c9cc313e452d1136af61690f\"},\"headline\":\"Drame \u00e0 Zinvi\u00e9 : Une \u00e9l\u00e8ve tu\u00e9e par son p\u00e8re\",\"datePublished\":\"2026-04-27T02:10:48+00:00\",\"mainEntityOfPage\":{\"@id\":\"https:\\\/\\\/lepatriotebenin.com\\\/index.php\\\/2026\\\/04\\\/27\\\/drame-a-zinvie-une-eleve-tuee-par-son-pere\\\/\"},\"wordCount\":300,\"commentCount\":0,\"image\":{\"@id\":\"https:\\\/\\\/lepatriotebenin.com\\\/index.php\\\/2026\\\/04\\\/27\\\/drame-a-zinvie-une-eleve-tuee-par-son-pere\\\/#primaryimage\"},\"thumbnailUrl\":\"https:\\\/\\\/lepatriotebenin.com\\\/wp-content\\\/uploads\\\/2026\\\/04\\\/drame-1.jpg\",\"articleSection\":[\"Soci\u00e9t\u00e9\"],\"inLanguage\":\"fr-FR\",\"potentialAction\":[{\"@type\":\"CommentAction\",\"name\":\"Comment\",\"target\":[\"https:\\\/\\\/lepatriotebenin.com\\\/index.php\\\/2026\\\/04\\\/27\\\/drame-a-zinvie-une-eleve-tuee-par-son-pere\\\/#respond\"]}]},{\"@type\":\"WebPage\",\"@id\":\"https:\\\/\\\/lepatriotebenin.com\\\/index.php\\\/2026\\\/04\\\/27\\\/drame-a-zinvie-une-eleve-tuee-par-son-pere\\\/\",\"url\":\"https:\\\/\\\/lepatriotebenin.com\\\/index.php\\\/2026\\\/04\\\/27\\\/drame-a-zinvie-une-eleve-tuee-par-son-pere\\\/\",\"name\":\"Drame \u00e0 Zinvi\u00e9 : Une \u00e9l\u00e8ve tu\u00e9e par son p\u00e8re - Le Patriote\",\"isPartOf\":{\"@id\":\"https:\\\/\\\/lepatriotebenin.com\\\/#website\"},\"primaryImageOfPage\":{\"@id\":\"https:\\\/\\\/lepatriotebenin.com\\\/index.php\\\/2026\\\/04\\\/27\\\/drame-a-zinvie-une-eleve-tuee-par-son-pere\\\/#primaryimage\"},\"image\":{\"@id\":\"https:\\\/\\\/lepatriotebenin.com\\\/index.php\\\/2026\\\/04\\\/27\\\/drame-a-zinvie-une-eleve-tuee-par-son-pere\\\/#primaryimage\"},\"thumbnailUrl\":\"https:\\\/\\\/lepatriotebenin.com\\\/wp-content\\\/uploads\\\/2026\\\/04\\\/drame-1.jpg\",\"datePublished\":\"2026-04-27T02:10:48+00:00\",\"author\":{\"@id\":\"https:\\\/\\\/lepatriotebenin.com\\\/#\\\/schema\\\/person\\\/2e7709b9c9cc313e452d1136af61690f\"},\"breadcrumb\":{\"@id\":\"https:\\\/\\\/lepatriotebenin.com\\\/index.php\\\/2026\\\/04\\\/27\\\/drame-a-zinvie-une-eleve-tuee-par-son-pere\\\/#breadcrumb\"},\"inLanguage\":\"fr-FR\",\"potentialAction\":[{\"@type\":\"ReadAction\",\"target\":[\"https:\\\/\\\/lepatriotebenin.com\\\/index.php\\\/2026\\\/04\\\/27\\\/drame-a-zinvie-une-eleve-tuee-par-son-pere\\\/\"]}]},{\"@type\":\"ImageObject\",\"inLanguage\":\"fr-FR\",\"@id\":\"https:\\\/\\\/lepatriotebenin.com\\\/index.php\\\/2026\\\/04\\\/27\\\/drame-a-zinvie-une-eleve-tuee-par-son-pere\\\/#primaryimage\",\"url\":\"https:\\\/\\\/lepatriotebenin.com\\\/wp-content\\\/uploads\\\/2026\\\/04\\\/drame-1.jpg\",\"contentUrl\":\"https:\\\/\\\/lepatriotebenin.com\\\/wp-content\\\/uploads\\\/2026\\\/04\\\/drame-1.jpg\",\"width\":350,\"height\":200},{\"@type\":\"BreadcrumbList\",\"@id\":\"https:\\\/\\\/lepatriotebenin.com\\\/index.php\\\/2026\\\/04\\\/27\\\/drame-a-zinvie-une-eleve-tuee-par-son-pere\\\/#breadcrumb\",\"itemListElement\":[{\"@type\":\"ListItem\",\"position\":1,\"name\":\"Accueil\",\"item\":\"https:\\\/\\\/lepatriotebenin.com\\\/\"},{\"@type\":\"ListItem\",\"position\":2,\"name\":\"Drame \u00e0 Zinvi\u00e9 : Une \u00e9l\u00e8ve tu\u00e9e par son p\u00e8re\"}]},{\"@type\":\"WebSite\",\"@id\":\"https:\\\/\\\/lepatriotebenin.com\\\/#website\",\"url\":\"https:\\\/\\\/lepatriotebenin.com\\\/\",\"name\":\"Le Patriote\",\"description\":\"Le Patriote B\u00e9nin\",\"potentialAction\":[{\"@type\":\"SearchAction\",\"target\":{\"@type\":\"EntryPoint\",\"urlTemplate\":\"https:\\\/\\\/lepatriotebenin.com\\\/?s={search_term_string}\"},\"query-input\":{\"@type\":\"PropertyValueSpecification\",\"valueRequired\":true,\"valueName\":\"search_term_string\"}}],\"inLanguage\":\"fr-FR\"},{\"@type\":\"Person\",\"@id\":\"https:\\\/\\\/lepatriotebenin.com\\\/#\\\/schema\\\/person\\\/2e7709b9c9cc313e452d1136af61690f\",\"name\":\"Redaction\",\"image\":{\"@type\":\"ImageObject\",\"inLanguage\":\"fr-FR\",\"@id\":\"https:\\\/\\\/secure.gravatar.com\\\/avatar\\\/c4c509357859ea2ca2cbb6d8812898a73e4ef1ef9934c2e591d7e32face734d1?s=96&d=mm&r=g\",\"url\":\"https:\\\/\\\/secure.gravatar.com\\\/avatar\\\/c4c509357859ea2ca2cbb6d8812898a73e4ef1ef9934c2e591d7e32face734d1?s=96&d=mm&r=g\",\"contentUrl\":\"https:\\\/\\\/secure.gravatar.com\\\/avatar\\\/c4c509357859ea2ca2cbb6d8812898a73e4ef1ef9934c2e591d7e32face734d1?s=96&d=mm&r=g\",\"caption\":\"Redaction\"},\"url\":\"https:\\\/\\\/lepatriotebenin.com\"}]}<\/script>\n<!-- \/ Yoast SEO plugin. -->","yoast_head_json":{"title":"Drame \u00e0 Zinvi\u00e9 : Une \u00e9l\u00e8ve tu\u00e9e par son p\u00e8re - Le Patriote","robots":{"index":"index","follow":"follow","max-snippet":"max-snippet:-1","max-image-preview":"max-image-preview:large","max-video-preview":"max-video-preview:-1"},"canonical":"https:\/\/lepatriotebenin.com\/index.php\/2026\/04\/27\/drame-a-zinvie-une-eleve-tuee-par-son-pere\/","og_locale":"fr_FR","og_type":"article","og_title":"Drame \u00e0 Zinvi\u00e9 : Une \u00e9l\u00e8ve tu\u00e9e par son p\u00e8re - Le Patriote","og_description":"\u00c0 Zinvi\u00e9, une adolescente en classe de premi\u00e8re a perdu la vie apr\u00e8s avoir \u00e9t\u00e9 violemment battue par son p\u00e8re. Ce drame, survenu \u00e0 la suite d\u2019une simple discussion, plonge&hellip;","og_url":"https:\/\/lepatriotebenin.com\/index.php\/2026\/04\/27\/drame-a-zinvie-une-eleve-tuee-par-son-pere\/","og_site_name":"Le Patriote","article_published_time":"2026-04-27T02:10:48+00:00","og_image":[{"width":350,"height":200,"url":"https:\/\/lepatriotebenin.com\/wp-content\/uploads\/2026\/04\/drame-1.jpg","type":"image\/jpeg"}],"author":"Redaction","twitter_card":"summary_large_image","twitter_misc":{"\u00c9crit par":"Redaction","Dur\u00e9e de lecture estim\u00e9e":"2 minutes"},"schema":{"@context":"https:\/\/schema.org","@graph":[{"@type":"Article","@id":"https:\/\/lepatriotebenin.com\/index.php\/2026\/04\/27\/drame-a-zinvie-une-eleve-tuee-par-son-pere\/#article","isPartOf":{"@id":"https:\/\/lepatriotebenin.com\/index.php\/2026\/04\/27\/drame-a-zinvie-une-eleve-tuee-par-son-pere\/"},"author":{"name":"Redaction","@id":"https:\/\/lepatriotebenin.com\/#\/schema\/person\/2e7709b9c9cc313e452d1136af61690f"},"headline":"Drame \u00e0 Zinvi\u00e9 : Une \u00e9l\u00e8ve tu\u00e9e par son p\u00e8re","datePublished":"2026-04-27T02:10:48+00:00","mainEntityOfPage":{"@id":"https:\/\/lepatriotebenin.com\/index.php\/2026\/04\/27\/drame-a-zinvie-une-eleve-tuee-par-son-pere\/"},"wordCount":300,"commentCount":0,"image":{"@id":"https:\/\/lepatriotebenin.com\/index.php\/2026\/04\/27\/drame-a-zinvie-une-eleve-tuee-par-son-pere\/#primaryimage"},"thumbnailUrl":"https:\/\/lepatriotebenin.com\/wp-content\/uploads\/2026\/04\/drame-1.jpg","articleSection":["Soci\u00e9t\u00e9"],"inLanguage":"fr-FR","potentialAction":[{"@type":"CommentAction","name":"Comment","target":["https:\/\/lepatriotebenin.com\/index.php\/2026\/04\/27\/drame-a-zinvie-une-eleve-tuee-par-son-pere\/#respond"]}]},{"@type":"WebPage","@id":"https:\/\/lepatriotebenin.com\/index.php\/2026\/04\/27\/drame-a-zinvie-une-eleve-tuee-par-son-pere\/","url":"https:\/\/lepatriotebenin.com\/index.php\/2026\/04\/27\/drame-a-zinvie-une-eleve-tuee-par-son-pere\/","name":"Drame \u00e0 Zinvi\u00e9 : Une \u00e9l\u00e8ve tu\u00e9e par son p\u00e8re - Le Patriote","isPartOf":{"@id":"https:\/\/lepatriotebenin.com\/#website"},"primaryImageOfPage":{"@id":"https:\/\/lepatriotebenin.com\/index.php\/2026\/04\/27\/drame-a-zinvie-une-eleve-tuee-par-son-pere\/#primaryimage"},"image":{"@id":"https:\/\/lepatriotebenin.com\/index.php\/2026\/04\/27\/drame-a-zinvie-une-eleve-tuee-par-son-pere\/#primaryimage"},"thumbnailUrl":"https:\/\/lepatriotebenin.com\/wp-content\/uploads\/2026\/04\/drame-1.jpg","datePublished":"2026-04-27T02:10:48+00:00","author":{"@id":"https:\/\/lepatriotebenin.com\/#\/schema\/person\/2e7709b9c9cc313e452d1136af61690f"},"breadcrumb":{"@id":"https:\/\/lepatriotebenin.com\/index.php\/2026\/04\/27\/drame-a-zinvie-une-eleve-tuee-par-son-pere\/#breadcrumb"},"inLanguage":"fr-FR","potentialAction":[{"@type":"ReadAction","target":["https:\/\/lepatriotebenin.com\/index.php\/2026\/04\/27\/drame-a-zinvie-une-eleve-tuee-par-son-pere\/"]}]},{"@type":"ImageObject","inLanguage":"fr-FR","@id":"https:\/\/lepatriotebenin.com\/index.php\/2026\/04\/27\/drame-a-zinvie-une-eleve-tuee-par-son-pere\/#primaryimage","url":"https:\/\/lepatriotebenin.com\/wp-content\/uploads\/2026\/04\/drame-1.jpg","contentUrl":"https:\/\/lepatriotebenin.com\/wp-content\/uploads\/2026\/04\/drame-1.jpg","width":350,"height":200},{"@type":"BreadcrumbList","@id":"https:\/\/lepatriotebenin.com\/index.php\/2026\/04\/27\/drame-a-zinvie-une-eleve-tuee-par-son-pere\/#breadcrumb","itemListElement":[{"@type":"ListItem","position":1,"name":"Accueil","item":"https:\/\/lepatriotebenin.com\/"},{"@type":"ListItem","position":2,"name":"Drame \u00e0 Zinvi\u00e9 : Une \u00e9l\u00e8ve tu\u00e9e par son p\u00e8re"}]},{"@type":"WebSite","@id":"https:\/\/lepatriotebenin.com\/#website","url":"https:\/\/lepatriotebenin.com\/","name":"Le Patriote","description":"Le Patriote B\u00e9nin","potentialAction":[{"@type":"SearchAction","target":{"@type":"EntryPoint","urlTemplate":"https:\/\/lepatriotebenin.com\/?s={search_term_string}"},"query-input":{"@type":"PropertyValueSpecification","valueRequired":true,"valueName":"search_term_string"}}],"inLanguage":"fr-FR"},{"@type":"Person","@id":"https:\/\/lepatriotebenin.com\/#\/schema\/person\/2e7709b9c9cc313e452d1136af61690f","name":"Redaction","image":{"@type":"ImageObject","inLanguage":"fr-FR","@id":"https:\/\/secure.gravatar.com\/avatar\/c4c509357859ea2ca2cbb6d8812898a73e4ef1ef9934c2e591d7e32face734d1?s=96&d=mm&r=g","url":"https:\/\/secure.gravatar.com\/avatar\/c4c509357859ea2ca2cbb6d8812898a73e4ef1ef9934c2e591d7e32face734d1?s=96&d=mm&r=g","contentUrl":"https:\/\/secure.gravatar.com\/avatar\/c4c509357859ea2ca2cbb6d8812898a73e4ef1ef9934c2e591d7e32face734d1?s=96&d=mm&r=g","caption":"Redaction"},"url":"https:\/\/lepatriotebenin.com"}]}},"_links":{"self":[{"href":"https:\/\/lepatriotebenin.com\/index.php\/wp-json\/wp\/v2\/posts\/18821","targetHints":{"allow":["GET"]}}],"collection":[{"href":"https:\/\/lepatriotebenin.com\/index.php\/wp-json\/wp\/v2\/posts"}],"about":[{"href":"https:\/\/lepatriotebenin.com\/index.php\/wp-json\/wp\/v2\/types\/post"}],"author":[{"embeddable":true,"href":"https:\/\/lepatriotebenin.com\/index.php\/wp-json\/wp\/v2\/users\/5"}],"replies":[{"embeddable":true,"href":"https:\/\/lepatriotebenin.com\/index.php\/wp-json\/wp\/v2\/comments?post=18821"}],"version-history":[{"count":1,"href":"https:\/\/lepatriotebenin.com\/index.php\/wp-json\/wp\/v2\/posts\/18821\/revisions"}],"predecessor-version":[{"id":18823,"href":"https:\/\/lepatriotebenin.com\/index.php\/wp-json\/wp\/v2\/posts\/18821\/revisions\/18823"}],"wp:featuredmedia":[{"embeddable":true,"href":"https:\/\/lepatriotebenin.com\/index.php\/wp-json\/wp\/v2\/media\/18822"}],"wp:attachment":[{"href":"https:\/\/lepatriotebenin.com\/index.php\/wp-json\/wp\/v2\/media?parent=18821"}],"wp:term":[{"taxonomy":"category","embeddable":true,"href":"https:\/\/lepatriotebenin.com\/index.php\/wp-json\/wp\/v2\/categories?post=18821"},{"taxonomy":"post_tag","embeddable":true,"href":"https:\/\/lepatriotebenin.com\/index.php\/wp-json\/wp\/v2\/tags?post=18821"}],"curies":[{"name":"wp","href":"https:\/\/api.w.org\/{rel}","templated":true}]}}