{"id":18818,"date":"2026-04-27T04:06:30","date_gmt":"2026-04-27T02:06:30","guid":{"rendered":"https:\/\/lepatriotebenin.com\/?p=18818"},"modified":"2026-04-27T04:06:30","modified_gmt":"2026-04-27T02:06:30","slug":"revision-constitutionnelle-en-rdc-fayulu-brandit-la-ligne-rouge-face-aux-soupcons-de-troisieme-mandat","status":"publish","type":"post","link":"https:\/\/lepatriotebenin.com\/index.php\/2026\/04\/27\/revision-constitutionnelle-en-rdc-fayulu-brandit-la-ligne-rouge-face-aux-soupcons-de-troisieme-mandat\/","title":{"rendered":"R\u00e9vision constitutionnelle en RDC : Fayulu brandit la \u00ab ligne rouge \u00bb face aux soup\u00e7ons de troisi\u00e8me mandat"},"content":{"rendered":"<p>En R\u00e9publique d\u00e9mocratique du Congo, le d\u00e9bat sur une \u00e9ventuelle r\u00e9vision de la Constitution ravive les tensions politiques. L\u2019opposant Martin Fayulu hausse le ton face aux soup\u00e7ons visant le pr\u00e9sident F\u00e9lix Tshisekedi.<\/p>\n<p>\u200eEn R\u00e9publique d\u00e9mocratique du Congo, la question de la r\u00e9vision de la Constitution s\u2019impose \u00e0 nouveau au c\u0153ur du d\u00e9bat public. Face aux \u00e9tudiants de l\u2019Institut Sup\u00e9rieur de l\u2019Information et de la Communication (ISIC), Martin Fayulu a exprim\u00e9 une opposition ferme \u00e0 toute modification qui pourrait ouvrir la voie \u00e0 un troisi\u00e8me mandat du pr\u00e9sident F\u00e9lix Tshisekedi.<\/p>\n<p>\u200e\u00ab S\u2019il ose s\u2019embarquer dans cette voie, il me verra devant lui \u00bb, a-t-il lanc\u00e9, rappelant les mobilisations de 2015 contre Joseph Kabila.<\/p>\n<p>\u200e\u00ab Nous avons dit non au troisi\u00e8me mandat [\u2026] c\u2019\u00e9tait la ligne rouge \u00bb, a-t-il insist\u00e9, \u00e9tablissant un parall\u00e8le direct avec les tensions politiques pass\u00e9es. Pour lui, le changement de la Constitution constitue pr\u00e9cis\u00e9ment cette limite \u00e0 ne pas franchir.<\/p>\n<p>\u200eTout en reconnaissant que la Constitution pr\u00e9voit sa propre r\u00e9vision, l\u2019opposant s\u2019interroge sur sa pertinence actuelle. \u00ab Aujourd\u2019hui, on va r\u00e9viser quoi ? Ce qui fait que nous sommes vraiment oblig\u00e9s de r\u00e9viser ? \u00bb a-t-il demand\u00e9.<\/p>\n<p>\u200eIl rappelle \u00e9galement un principe de gouvernance. \u00ab Quand vous \u00eates dirigeant, vous faites des am\u00e9liorations [\u2026] \u00e7a ne doit pas vous profiter \u00bb, citant l\u2019exemple de l&rsquo;ancien pr\u00e9sident des \u00c9tats-Unis Barack Obama.<\/p>\n<p>\u200eFayulu plaide en outre pour un processus inclusif. Pour lui toute modification de la constitution doit \u00ab embarquer toute la population \u00bb, soulignant que les r\u00e9visions constitutionnelles s\u00e9rieuses peuvent s\u2019\u00e9tendre sur plusieurs ann\u00e9es.<\/p>\n<p><strong>\u200e\u00ab La souverainet\u00e9 nationale appartient au peuple \u00bb<\/strong><\/p>\n<p>\u200eEn face, certains responsables politiques d\u00e9fendent la l\u00e9gitimit\u00e9 du d\u00e9bat. Au cours d\u2019une interview accord\u00e9e \u00e0 RFI dans l\u2019\u00e9mission Invit\u00e9 Afrique, anim\u00e9e par Christophe Boisbouvier, le vice-pr\u00e9sident de l\u2019Assembl\u00e9e nationale, Isaac Jean-Claude Tshilumbayi a donn\u00e9 sa position.<\/p>\n<p>\u200eEn s\u2019appuyant sur l\u2019article 5 de la Constitution, qui stipule que \u00ab la souverainet\u00e9 nationale appartient au peuple \u00bb. Selon lui les Congolais ont le plein droit \u00e0 d\u00e9cider d\u2019une \u00e9ventuelle r\u00e9vision par r\u00e9f\u00e9rendum.<\/p>\n<p>\u200eDans un pays marqu\u00e9 par les crises li\u00e9es aux prolongations de mandat, cette controverse ravive les tensions. \u00c0 l\u2019approche de 2028, la question constitutionnelle appara\u00eet d\u00e9j\u00e0 comme un test majeur pour la stabilit\u00e9 politique et la cr\u00e9dibilit\u00e9 d\u00e9mocratique du pays.<\/p>\n<p><strong>\u200eEzechiel Dagb\u00e9gnon PADONOU<\/strong><\/p>\n","protected":false},"excerpt":{"rendered":"<p>En R\u00e9publique d\u00e9mocratique du Congo, le d\u00e9bat sur une \u00e9ventuelle r\u00e9vision de la Constitution ravive les tensions politiques. L\u2019opposant Martin Fayulu hausse le ton face aux soup\u00e7ons visant le pr\u00e9sident&hellip;<\/p>\n","protected":false},"author":5,"featured_media":18819,"comment_status":"open","ping_status":"open","sticky":false,"template":"","format":"standard","meta":{"content-type":"","om_disable_all_campaigns":false,"_monsterinsights_skip_tracking":false,"_monsterinsights_sitenote_active":false,"_monsterinsights_sitenote_note":"","_monsterinsights_sitenote_category":0,"_uf_show_specific_survey":0,"_uf_disable_surveys":false,"footnotes":""},"categories":[26],"tags":[],"class_list":["post-18818","post","type-post","status-publish","format-standard","has-post-thumbnail","hentry","category-politique"],"aioseo_notices":[],"yoast_head":"<!-- This site is optimized with the Yoast SEO plugin v27.5 - https:\/\/yoast.com\/product\/yoast-seo-wordpress\/ -->\n<title>R\u00e9vision constitutionnelle en RDC : Fayulu brandit la \u00ab ligne rouge \u00bb face aux soup\u00e7ons de troisi\u00e8me mandat - Le Patriote<\/title>\n<meta name=\"robots\" content=\"index, follow, max-snippet:-1, max-image-preview:large, max-video-preview:-1\" \/>\n<link rel=\"canonical\" href=\"https:\/\/lepatriotebenin.com\/index.php\/2026\/04\/27\/revision-constitutionnelle-en-rdc-fayulu-brandit-la-ligne-rouge-face-aux-soupcons-de-troisieme-mandat\/\" \/>\n<meta property=\"og:locale\" content=\"fr_FR\" \/>\n<meta property=\"og:type\" content=\"article\" \/>\n<meta property=\"og:title\" content=\"R\u00e9vision constitutionnelle en RDC : Fayulu brandit la \u00ab ligne rouge \u00bb face aux soup\u00e7ons de troisi\u00e8me mandat - Le Patriote\" \/>\n<meta property=\"og:description\" content=\"En R\u00e9publique d\u00e9mocratique du Congo, le d\u00e9bat sur une \u00e9ventuelle r\u00e9vision de la Constitution ravive les tensions politiques. L\u2019opposant Martin Fayulu hausse le ton face aux soup\u00e7ons visant le pr\u00e9sident&hellip;\" \/>\n<meta property=\"og:url\" content=\"https:\/\/lepatriotebenin.com\/index.php\/2026\/04\/27\/revision-constitutionnelle-en-rdc-fayulu-brandit-la-ligne-rouge-face-aux-soupcons-de-troisieme-mandat\/\" \/>\n<meta property=\"og:site_name\" content=\"Le Patriote\" \/>\n<meta property=\"article:published_time\" content=\"2026-04-27T02:06:30+00:00\" \/>\n<meta property=\"og:image\" content=\"https:\/\/lepatriotebenin.com\/wp-content\/uploads\/2026\/04\/revision-constitutionnelle-en-rdc-a.jpeg\" \/>\n\t<meta property=\"og:image:width\" content=\"576\" \/>\n\t<meta property=\"og:image:height\" content=\"315\" \/>\n\t<meta property=\"og:image:type\" content=\"image\/jpeg\" \/>\n<meta name=\"author\" content=\"Redaction\" \/>\n<meta name=\"twitter:card\" content=\"summary_large_image\" \/>\n<meta name=\"twitter:label1\" content=\"\u00c9crit par\" \/>\n\t<meta name=\"twitter:data1\" content=\"Redaction\" \/>\n\t<meta name=\"twitter:label2\" content=\"Dur\u00e9e de lecture estim\u00e9e\" \/>\n\t<meta name=\"twitter:data2\" content=\"3 minutes\" \/>\n<script type=\"application\/ld+json\" class=\"yoast-schema-graph\">{\"@context\":\"https:\\\/\\\/schema.org\",\"@graph\":[{\"@type\":\"Article\",\"@id\":\"https:\\\/\\\/lepatriotebenin.com\\\/index.php\\\/2026\\\/04\\\/27\\\/revision-constitutionnelle-en-rdc-fayulu-brandit-la-ligne-rouge-face-aux-soupcons-de-troisieme-mandat\\\/#article\",\"isPartOf\":{\"@id\":\"https:\\\/\\\/lepatriotebenin.com\\\/index.php\\\/2026\\\/04\\\/27\\\/revision-constitutionnelle-en-rdc-fayulu-brandit-la-ligne-rouge-face-aux-soupcons-de-troisieme-mandat\\\/\"},\"author\":{\"name\":\"Redaction\",\"@id\":\"https:\\\/\\\/lepatriotebenin.com\\\/#\\\/schema\\\/person\\\/2e7709b9c9cc313e452d1136af61690f\"},\"headline\":\"R\u00e9vision constitutionnelle en RDC : Fayulu brandit la \u00ab ligne rouge \u00bb face aux soup\u00e7ons de troisi\u00e8me mandat\",\"datePublished\":\"2026-04-27T02:06:30+00:00\",\"mainEntityOfPage\":{\"@id\":\"https:\\\/\\\/lepatriotebenin.com\\\/index.php\\\/2026\\\/04\\\/27\\\/revision-constitutionnelle-en-rdc-fayulu-brandit-la-ligne-rouge-face-aux-soupcons-de-troisieme-mandat\\\/\"},\"wordCount\":435,\"commentCount\":0,\"image\":{\"@id\":\"https:\\\/\\\/lepatriotebenin.com\\\/index.php\\\/2026\\\/04\\\/27\\\/revision-constitutionnelle-en-rdc-fayulu-brandit-la-ligne-rouge-face-aux-soupcons-de-troisieme-mandat\\\/#primaryimage\"},\"thumbnailUrl\":\"https:\\\/\\\/lepatriotebenin.com\\\/wp-content\\\/uploads\\\/2026\\\/04\\\/revision-constitutionnelle-en-rdc-a.jpeg\",\"articleSection\":[\"Politique\"],\"inLanguage\":\"fr-FR\",\"potentialAction\":[{\"@type\":\"CommentAction\",\"name\":\"Comment\",\"target\":[\"https:\\\/\\\/lepatriotebenin.com\\\/index.php\\\/2026\\\/04\\\/27\\\/revision-constitutionnelle-en-rdc-fayulu-brandit-la-ligne-rouge-face-aux-soupcons-de-troisieme-mandat\\\/#respond\"]}]},{\"@type\":\"WebPage\",\"@id\":\"https:\\\/\\\/lepatriotebenin.com\\\/index.php\\\/2026\\\/04\\\/27\\\/revision-constitutionnelle-en-rdc-fayulu-brandit-la-ligne-rouge-face-aux-soupcons-de-troisieme-mandat\\\/\",\"url\":\"https:\\\/\\\/lepatriotebenin.com\\\/index.php\\\/2026\\\/04\\\/27\\\/revision-constitutionnelle-en-rdc-fayulu-brandit-la-ligne-rouge-face-aux-soupcons-de-troisieme-mandat\\\/\",\"name\":\"R\u00e9vision constitutionnelle en RDC : Fayulu brandit la \u00ab ligne rouge \u00bb face aux soup\u00e7ons de troisi\u00e8me mandat - Le Patriote\",\"isPartOf\":{\"@id\":\"https:\\\/\\\/lepatriotebenin.com\\\/#website\"},\"primaryImageOfPage\":{\"@id\":\"https:\\\/\\\/lepatriotebenin.com\\\/index.php\\\/2026\\\/04\\\/27\\\/revision-constitutionnelle-en-rdc-fayulu-brandit-la-ligne-rouge-face-aux-soupcons-de-troisieme-mandat\\\/#primaryimage\"},\"image\":{\"@id\":\"https:\\\/\\\/lepatriotebenin.com\\\/index.php\\\/2026\\\/04\\\/27\\\/revision-constitutionnelle-en-rdc-fayulu-brandit-la-ligne-rouge-face-aux-soupcons-de-troisieme-mandat\\\/#primaryimage\"},\"thumbnailUrl\":\"https:\\\/\\\/lepatriotebenin.com\\\/wp-content\\\/uploads\\\/2026\\\/04\\\/revision-constitutionnelle-en-rdc-a.jpeg\",\"datePublished\":\"2026-04-27T02:06:30+00:00\",\"author\":{\"@id\":\"https:\\\/\\\/lepatriotebenin.com\\\/#\\\/schema\\\/person\\\/2e7709b9c9cc313e452d1136af61690f\"},\"breadcrumb\":{\"@id\":\"https:\\\/\\\/lepatriotebenin.com\\\/index.php\\\/2026\\\/04\\\/27\\\/revision-constitutionnelle-en-rdc-fayulu-brandit-la-ligne-rouge-face-aux-soupcons-de-troisieme-mandat\\\/#breadcrumb\"},\"inLanguage\":\"fr-FR\",\"potentialAction\":[{\"@type\":\"ReadAction\",\"target\":[\"https:\\\/\\\/lepatriotebenin.com\\\/index.php\\\/2026\\\/04\\\/27\\\/revision-constitutionnelle-en-rdc-fayulu-brandit-la-ligne-rouge-face-aux-soupcons-de-troisieme-mandat\\\/\"]}]},{\"@type\":\"ImageObject\",\"inLanguage\":\"fr-FR\",\"@id\":\"https:\\\/\\\/lepatriotebenin.com\\\/index.php\\\/2026\\\/04\\\/27\\\/revision-constitutionnelle-en-rdc-fayulu-brandit-la-ligne-rouge-face-aux-soupcons-de-troisieme-mandat\\\/#primaryimage\",\"url\":\"https:\\\/\\\/lepatriotebenin.com\\\/wp-content\\\/uploads\\\/2026\\\/04\\\/revision-constitutionnelle-en-rdc-a.jpeg\",\"contentUrl\":\"https:\\\/\\\/lepatriotebenin.com\\\/wp-content\\\/uploads\\\/2026\\\/04\\\/revision-constitutionnelle-en-rdc-a.jpeg\",\"width\":576,\"height\":315},{\"@type\":\"BreadcrumbList\",\"@id\":\"https:\\\/\\\/lepatriotebenin.com\\\/index.php\\\/2026\\\/04\\\/27\\\/revision-constitutionnelle-en-rdc-fayulu-brandit-la-ligne-rouge-face-aux-soupcons-de-troisieme-mandat\\\/#breadcrumb\",\"itemListElement\":[{\"@type\":\"ListItem\",\"position\":1,\"name\":\"Accueil\",\"item\":\"https:\\\/\\\/lepatriotebenin.com\\\/\"},{\"@type\":\"ListItem\",\"position\":2,\"name\":\"R\u00e9vision constitutionnelle en RDC : Fayulu brandit la \u00ab ligne rouge \u00bb face aux soup\u00e7ons de troisi\u00e8me mandat\"}]},{\"@type\":\"WebSite\",\"@id\":\"https:\\\/\\\/lepatriotebenin.com\\\/#website\",\"url\":\"https:\\\/\\\/lepatriotebenin.com\\\/\",\"name\":\"Le Patriote\",\"description\":\"Le Patriote B\u00e9nin\",\"potentialAction\":[{\"@type\":\"SearchAction\",\"target\":{\"@type\":\"EntryPoint\",\"urlTemplate\":\"https:\\\/\\\/lepatriotebenin.com\\\/?s={search_term_string}\"},\"query-input\":{\"@type\":\"PropertyValueSpecification\",\"valueRequired\":true,\"valueName\":\"search_term_string\"}}],\"inLanguage\":\"fr-FR\"},{\"@type\":\"Person\",\"@id\":\"https:\\\/\\\/lepatriotebenin.com\\\/#\\\/schema\\\/person\\\/2e7709b9c9cc313e452d1136af61690f\",\"name\":\"Redaction\",\"image\":{\"@type\":\"ImageObject\",\"inLanguage\":\"fr-FR\",\"@id\":\"https:\\\/\\\/secure.gravatar.com\\\/avatar\\\/c4c509357859ea2ca2cbb6d8812898a73e4ef1ef9934c2e591d7e32face734d1?s=96&d=mm&r=g\",\"url\":\"https:\\\/\\\/secure.gravatar.com\\\/avatar\\\/c4c509357859ea2ca2cbb6d8812898a73e4ef1ef9934c2e591d7e32face734d1?s=96&d=mm&r=g\",\"contentUrl\":\"https:\\\/\\\/secure.gravatar.com\\\/avatar\\\/c4c509357859ea2ca2cbb6d8812898a73e4ef1ef9934c2e591d7e32face734d1?s=96&d=mm&r=g\",\"caption\":\"Redaction\"},\"url\":\"https:\\\/\\\/lepatriotebenin.com\"}]}<\/script>\n<!-- \/ Yoast SEO plugin. -->","yoast_head_json":{"title":"R\u00e9vision constitutionnelle en RDC : Fayulu brandit la \u00ab ligne rouge \u00bb face aux soup\u00e7ons de troisi\u00e8me mandat - Le Patriote","robots":{"index":"index","follow":"follow","max-snippet":"max-snippet:-1","max-image-preview":"max-image-preview:large","max-video-preview":"max-video-preview:-1"},"canonical":"https:\/\/lepatriotebenin.com\/index.php\/2026\/04\/27\/revision-constitutionnelle-en-rdc-fayulu-brandit-la-ligne-rouge-face-aux-soupcons-de-troisieme-mandat\/","og_locale":"fr_FR","og_type":"article","og_title":"R\u00e9vision constitutionnelle en RDC : Fayulu brandit la \u00ab ligne rouge \u00bb face aux soup\u00e7ons de troisi\u00e8me mandat - Le Patriote","og_description":"En R\u00e9publique d\u00e9mocratique du Congo, le d\u00e9bat sur une \u00e9ventuelle r\u00e9vision de la Constitution ravive les tensions politiques. L\u2019opposant Martin Fayulu hausse le ton face aux soup\u00e7ons visant le pr\u00e9sident&hellip;","og_url":"https:\/\/lepatriotebenin.com\/index.php\/2026\/04\/27\/revision-constitutionnelle-en-rdc-fayulu-brandit-la-ligne-rouge-face-aux-soupcons-de-troisieme-mandat\/","og_site_name":"Le Patriote","article_published_time":"2026-04-27T02:06:30+00:00","og_image":[{"width":576,"height":315,"url":"https:\/\/lepatriotebenin.com\/wp-content\/uploads\/2026\/04\/revision-constitutionnelle-en-rdc-a.jpeg","type":"image\/jpeg"}],"author":"Redaction","twitter_card":"summary_large_image","twitter_misc":{"\u00c9crit par":"Redaction","Dur\u00e9e de lecture estim\u00e9e":"3 minutes"},"schema":{"@context":"https:\/\/schema.org","@graph":[{"@type":"Article","@id":"https:\/\/lepatriotebenin.com\/index.php\/2026\/04\/27\/revision-constitutionnelle-en-rdc-fayulu-brandit-la-ligne-rouge-face-aux-soupcons-de-troisieme-mandat\/#article","isPartOf":{"@id":"https:\/\/lepatriotebenin.com\/index.php\/2026\/04\/27\/revision-constitutionnelle-en-rdc-fayulu-brandit-la-ligne-rouge-face-aux-soupcons-de-troisieme-mandat\/"},"author":{"name":"Redaction","@id":"https:\/\/lepatriotebenin.com\/#\/schema\/person\/2e7709b9c9cc313e452d1136af61690f"},"headline":"R\u00e9vision constitutionnelle en RDC : Fayulu brandit la \u00ab ligne rouge \u00bb face aux soup\u00e7ons de troisi\u00e8me mandat","datePublished":"2026-04-27T02:06:30+00:00","mainEntityOfPage":{"@id":"https:\/\/lepatriotebenin.com\/index.php\/2026\/04\/27\/revision-constitutionnelle-en-rdc-fayulu-brandit-la-ligne-rouge-face-aux-soupcons-de-troisieme-mandat\/"},"wordCount":435,"commentCount":0,"image":{"@id":"https:\/\/lepatriotebenin.com\/index.php\/2026\/04\/27\/revision-constitutionnelle-en-rdc-fayulu-brandit-la-ligne-rouge-face-aux-soupcons-de-troisieme-mandat\/#primaryimage"},"thumbnailUrl":"https:\/\/lepatriotebenin.com\/wp-content\/uploads\/2026\/04\/revision-constitutionnelle-en-rdc-a.jpeg","articleSection":["Politique"],"inLanguage":"fr-FR","potentialAction":[{"@type":"CommentAction","name":"Comment","target":["https:\/\/lepatriotebenin.com\/index.php\/2026\/04\/27\/revision-constitutionnelle-en-rdc-fayulu-brandit-la-ligne-rouge-face-aux-soupcons-de-troisieme-mandat\/#respond"]}]},{"@type":"WebPage","@id":"https:\/\/lepatriotebenin.com\/index.php\/2026\/04\/27\/revision-constitutionnelle-en-rdc-fayulu-brandit-la-ligne-rouge-face-aux-soupcons-de-troisieme-mandat\/","url":"https:\/\/lepatriotebenin.com\/index.php\/2026\/04\/27\/revision-constitutionnelle-en-rdc-fayulu-brandit-la-ligne-rouge-face-aux-soupcons-de-troisieme-mandat\/","name":"R\u00e9vision constitutionnelle en RDC : Fayulu brandit la \u00ab ligne rouge \u00bb face aux soup\u00e7ons de troisi\u00e8me mandat - Le Patriote","isPartOf":{"@id":"https:\/\/lepatriotebenin.com\/#website"},"primaryImageOfPage":{"@id":"https:\/\/lepatriotebenin.com\/index.php\/2026\/04\/27\/revision-constitutionnelle-en-rdc-fayulu-brandit-la-ligne-rouge-face-aux-soupcons-de-troisieme-mandat\/#primaryimage"},"image":{"@id":"https:\/\/lepatriotebenin.com\/index.php\/2026\/04\/27\/revision-constitutionnelle-en-rdc-fayulu-brandit-la-ligne-rouge-face-aux-soupcons-de-troisieme-mandat\/#primaryimage"},"thumbnailUrl":"https:\/\/lepatriotebenin.com\/wp-content\/uploads\/2026\/04\/revision-constitutionnelle-en-rdc-a.jpeg","datePublished":"2026-04-27T02:06:30+00:00","author":{"@id":"https:\/\/lepatriotebenin.com\/#\/schema\/person\/2e7709b9c9cc313e452d1136af61690f"},"breadcrumb":{"@id":"https:\/\/lepatriotebenin.com\/index.php\/2026\/04\/27\/revision-constitutionnelle-en-rdc-fayulu-brandit-la-ligne-rouge-face-aux-soupcons-de-troisieme-mandat\/#breadcrumb"},"inLanguage":"fr-FR","potentialAction":[{"@type":"ReadAction","target":["https:\/\/lepatriotebenin.com\/index.php\/2026\/04\/27\/revision-constitutionnelle-en-rdc-fayulu-brandit-la-ligne-rouge-face-aux-soupcons-de-troisieme-mandat\/"]}]},{"@type":"ImageObject","inLanguage":"fr-FR","@id":"https:\/\/lepatriotebenin.com\/index.php\/2026\/04\/27\/revision-constitutionnelle-en-rdc-fayulu-brandit-la-ligne-rouge-face-aux-soupcons-de-troisieme-mandat\/#primaryimage","url":"https:\/\/lepatriotebenin.com\/wp-content\/uploads\/2026\/04\/revision-constitutionnelle-en-rdc-a.jpeg","contentUrl":"https:\/\/lepatriotebenin.com\/wp-content\/uploads\/2026\/04\/revision-constitutionnelle-en-rdc-a.jpeg","width":576,"height":315},{"@type":"BreadcrumbList","@id":"https:\/\/lepatriotebenin.com\/index.php\/2026\/04\/27\/revision-constitutionnelle-en-rdc-fayulu-brandit-la-ligne-rouge-face-aux-soupcons-de-troisieme-mandat\/#breadcrumb","itemListElement":[{"@type":"ListItem","position":1,"name":"Accueil","item":"https:\/\/lepatriotebenin.com\/"},{"@type":"ListItem","position":2,"name":"R\u00e9vision constitutionnelle en RDC : Fayulu brandit la \u00ab ligne rouge \u00bb face aux soup\u00e7ons de troisi\u00e8me mandat"}]},{"@type":"WebSite","@id":"https:\/\/lepatriotebenin.com\/#website","url":"https:\/\/lepatriotebenin.com\/","name":"Le Patriote","description":"Le Patriote B\u00e9nin","potentialAction":[{"@type":"SearchAction","target":{"@type":"EntryPoint","urlTemplate":"https:\/\/lepatriotebenin.com\/?s={search_term_string}"},"query-input":{"@type":"PropertyValueSpecification","valueRequired":true,"valueName":"search_term_string"}}],"inLanguage":"fr-FR"},{"@type":"Person","@id":"https:\/\/lepatriotebenin.com\/#\/schema\/person\/2e7709b9c9cc313e452d1136af61690f","name":"Redaction","image":{"@type":"ImageObject","inLanguage":"fr-FR","@id":"https:\/\/secure.gravatar.com\/avatar\/c4c509357859ea2ca2cbb6d8812898a73e4ef1ef9934c2e591d7e32face734d1?s=96&d=mm&r=g","url":"https:\/\/secure.gravatar.com\/avatar\/c4c509357859ea2ca2cbb6d8812898a73e4ef1ef9934c2e591d7e32face734d1?s=96&d=mm&r=g","contentUrl":"https:\/\/secure.gravatar.com\/avatar\/c4c509357859ea2ca2cbb6d8812898a73e4ef1ef9934c2e591d7e32face734d1?s=96&d=mm&r=g","caption":"Redaction"},"url":"https:\/\/lepatriotebenin.com"}]}},"_links":{"self":[{"href":"https:\/\/lepatriotebenin.com\/index.php\/wp-json\/wp\/v2\/posts\/18818","targetHints":{"allow":["GET"]}}],"collection":[{"href":"https:\/\/lepatriotebenin.com\/index.php\/wp-json\/wp\/v2\/posts"}],"about":[{"href":"https:\/\/lepatriotebenin.com\/index.php\/wp-json\/wp\/v2\/types\/post"}],"author":[{"embeddable":true,"href":"https:\/\/lepatriotebenin.com\/index.php\/wp-json\/wp\/v2\/users\/5"}],"replies":[{"embeddable":true,"href":"https:\/\/lepatriotebenin.com\/index.php\/wp-json\/wp\/v2\/comments?post=18818"}],"version-history":[{"count":1,"href":"https:\/\/lepatriotebenin.com\/index.php\/wp-json\/wp\/v2\/posts\/18818\/revisions"}],"predecessor-version":[{"id":18820,"href":"https:\/\/lepatriotebenin.com\/index.php\/wp-json\/wp\/v2\/posts\/18818\/revisions\/18820"}],"wp:featuredmedia":[{"embeddable":true,"href":"https:\/\/lepatriotebenin.com\/index.php\/wp-json\/wp\/v2\/media\/18819"}],"wp:attachment":[{"href":"https:\/\/lepatriotebenin.com\/index.php\/wp-json\/wp\/v2\/media?parent=18818"}],"wp:term":[{"taxonomy":"category","embeddable":true,"href":"https:\/\/lepatriotebenin.com\/index.php\/wp-json\/wp\/v2\/categories?post=18818"},{"taxonomy":"post_tag","embeddable":true,"href":"https:\/\/lepatriotebenin.com\/index.php\/wp-json\/wp\/v2\/tags?post=18818"}],"curies":[{"name":"wp","href":"https:\/\/api.w.org\/{rel}","templated":true}]}}