{"id":18815,"date":"2026-04-27T04:01:31","date_gmt":"2026-04-27T02:01:31","guid":{"rendered":"https:\/\/lepatriotebenin.com\/?p=18815"},"modified":"2026-04-27T04:01:31","modified_gmt":"2026-04-27T02:01:31","slug":"mali-une-offensive-revelatrice-dune-insecurite-desormais-structurelle","status":"publish","type":"post","link":"https:\/\/lepatriotebenin.com\/index.php\/2026\/04\/27\/mali-une-offensive-revelatrice-dune-insecurite-desormais-structurelle\/","title":{"rendered":"\u200eMali : Une offensive r\u00e9v\u00e9latrice d\u2019une ins\u00e9curit\u00e9 d\u00e9sormais structurelle"},"content":{"rendered":"<p>\u200eL\u2019attaque coordonn\u00e9e men\u00e9e les 25 et 26 avril 2026 au Mali marque un tournant majeur dans la crise s\u00e9curitaire du pays. Par son ampleur, sa simultan\u00e9it\u00e9 et ses cibles \u2014 Bamako, Kati, Gao ou encore Kidal \u2014, elle illustre le probl\u00e8me d&rsquo;ins\u00e9curit\u00e9 qui s\u2019installe durablement au c\u0153ur m\u00eame de l\u2019\u00c9tat malien.<\/p>\n<p>\u200eL&rsquo;offensive, revendiqu\u00e9e par le groupe jihadiste affili\u00e9 \u00e0 Al-Qa\u00efda (JNIM) en collaboration avec des rebelles touaregs dont le Front de lib\u00e9ration de l&rsquo;azawad (FLA), constitue la plus grande attaque depuis 2012, selon plusieurs analystes. Elle a d\u00e9montr\u00e9 la capacit\u00e9 des groupes arm\u00e9s \u00e0 frapper simultan\u00e9ment des centres urbains et des symboles du pouvoir, y compris \u00e0 proximit\u00e9 de la capitale.<\/p>\n<p>\u200eLongtemps concentr\u00e9e dans le nord et le centre du pays, la menace jihadiste s\u2019\u00e9tend d\u00e9sormais vers des zones strat\u00e9giques. Les attaques du week-end ont vis\u00e9 des infrastructures sensibles comme des bases militaires et l\u2019a\u00e9roport de Bamako, confirmant une projection du terrorisme vers le c\u0153ur politique du pays.<\/p>\n<p><strong>\u200eUne mont\u00e9e en puissance des groupes jihadistes<\/strong><\/p>\n<p>\u200eL\u2019un des \u00e9l\u00e9ments les plus pr\u00e9occupants r\u00e9v\u00e9l\u00e9s par cette attaque est la capacit\u00e9 des groupes arm\u00e9s \u00e0 nouer des alliances in\u00e9dites. La coop\u00e9ration entre jihadistes et rebelles touaregs marque une \u00e9volution strat\u00e9gique majeure, rendant les op\u00e9rations plus complexes et plus efficaces.<\/p>\n<p>\u200eDans le m\u00eame temps, les groupes comme JNIM ou l\u2019\u00c9tat islamique au Sahel ont renforc\u00e9 leurs capacit\u00e9s op\u00e9rationnelles par l&rsquo;utilisation de drones, attaques coordonn\u00e9es, p\u00e9n\u00e9tration de zones urbaines. A cours de la r\u00e9cente attaque, plusieurs sources \u00e9voquent l&rsquo;infiltration des assaillants parmi les FAMa. Ils auraient port\u00e9 des tenues militaires maliennes pour r\u00e9ussir leur coup. Mais pour plusieurs, cette tactique r\u00e9v\u00e8le une grande faille du c\u00f4t\u00e9 de la d\u00e9fense malienne.<\/p>\n<p>\u200eSelon les analyses r\u00e9centes, ces organisations exploitent syst\u00e9matiquement la faiblesse de l\u2019\u00c9tat, les tensions communautaires et la pauvret\u00e9 pour recruter et \u00e9tendre leur influence.<\/p>\n<p>\u200eUn affaiblissement de l\u2019\u00c9tat malien face \u00e0 une menace durable<\/p>\n<p>\u200eMalgr\u00e9 la pr\u00e9sence de partenaires \u00e9trangers notamment Africa Corps et le recours \u00e0 des forces paramilitaires, l\u2019\u00c9tat malien peine \u00e0 contenir la menace. L\u2019attaque d\u2019avril 2026 met en \u00e9vidence les limites des strat\u00e9gies s\u00e9curitaires actuelles, notamment dans un contexte marqu\u00e9 par des transitions politiques et des coups d\u2019\u00c9tat successifs.<\/p>\n<p><strong>\u200eLe terrorisme qui s&rsquo;\u00e9tend<\/strong><\/p>\n<p>\u200eLa crise malienne d\u00e9passe d\u00e9sormais ses fronti\u00e8res. Le terrorisme sah\u00e9lien s\u2019\u00e9tend vers les pays c\u00f4tiers, y compris le B\u00e9nin, o\u00f9 les attaques jihadistes se multiplient depuis 2025.<\/p>\n<p>\u200eLe Sahel est aujourd\u2019hui consid\u00e9r\u00e9 comme l\u2019\u00e9picentre mondial du terrorisme, concentrant \u00e0 lui seul plus de la moiti\u00e9 des d\u00e9c\u00e8s li\u00e9s au terrorisme dans le monde. Plus encore, 51 % des morts li\u00e9es au terrorisme dans le monde ont \u00e9t\u00e9 enregistr\u00e9es dans cette r\u00e9gion en 2024, selon les donn\u00e9es du Global Terrorism Index. M\u00eame en si en 2025, les statistiques ont baiss\u00e9, le Mali reste le pays qui enregistre plus de d\u00e9c\u00e8s li\u00e9s aux attaques terroristes dans le Sahel.<\/p>\n<p>\u200eCette diffusion confirme une tendance lourde. Le Sahel n\u2019est plus seulement une zone de crise, mais un foyer d\u2019instabilit\u00e9 qui reconfigure la s\u00e9curit\u00e9 de toute l\u2019Afrique de l\u2019Ouest.<\/p>\n<p>\u200e<\/p>\n<p><strong>\u200eEzechiel Dagb\u00e9gnon PADONOU<\/strong><\/p>\n","protected":false},"excerpt":{"rendered":"<p>\u200eL\u2019attaque coordonn\u00e9e men\u00e9e les 25 et 26 avril 2026 au Mali marque un tournant majeur dans la crise s\u00e9curitaire du pays. Par son ampleur, sa simultan\u00e9it\u00e9 et ses cibles \u2014&hellip;<\/p>\n","protected":false},"author":5,"featured_media":18816,"comment_status":"open","ping_status":"open","sticky":false,"template":"","format":"standard","meta":{"content-type":"","om_disable_all_campaigns":false,"_monsterinsights_skip_tracking":false,"_monsterinsights_sitenote_active":false,"_monsterinsights_sitenote_note":"","_monsterinsights_sitenote_category":0,"_uf_show_specific_survey":0,"_uf_disable_surveys":false,"footnotes":""},"categories":[20],"tags":[],"class_list":["post-18815","post","type-post","status-publish","format-standard","has-post-thumbnail","hentry","category-societe"],"aioseo_notices":[],"yoast_head":"<!-- This site is optimized with the Yoast SEO plugin v27.5 - https:\/\/yoast.com\/product\/yoast-seo-wordpress\/ -->\n<title>\u200eMali : Une offensive r\u00e9v\u00e9latrice d\u2019une ins\u00e9curit\u00e9 d\u00e9sormais structurelle - Le Patriote<\/title>\n<meta name=\"robots\" content=\"index, follow, max-snippet:-1, max-image-preview:large, max-video-preview:-1\" \/>\n<link rel=\"canonical\" href=\"https:\/\/lepatriotebenin.com\/index.php\/2026\/04\/27\/mali-une-offensive-revelatrice-dune-insecurite-desormais-structurelle\/\" \/>\n<meta property=\"og:locale\" content=\"fr_FR\" \/>\n<meta property=\"og:type\" content=\"article\" \/>\n<meta property=\"og:title\" content=\"\u200eMali : Une offensive r\u00e9v\u00e9latrice d\u2019une ins\u00e9curit\u00e9 d\u00e9sormais structurelle - Le Patriote\" \/>\n<meta property=\"og:description\" content=\"\u200eL\u2019attaque coordonn\u00e9e men\u00e9e les 25 et 26 avril 2026 au Mali marque un tournant majeur dans la crise s\u00e9curitaire du pays. Par son ampleur, sa simultan\u00e9it\u00e9 et ses cibles \u2014&hellip;\" \/>\n<meta property=\"og:url\" content=\"https:\/\/lepatriotebenin.com\/index.php\/2026\/04\/27\/mali-une-offensive-revelatrice-dune-insecurite-desormais-structurelle\/\" \/>\n<meta property=\"og:site_name\" content=\"Le Patriote\" \/>\n<meta property=\"article:published_time\" content=\"2026-04-27T02:01:31+00:00\" \/>\n<meta property=\"og:image\" content=\"https:\/\/lepatriotebenin.com\/wp-content\/uploads\/2026\/04\/mali-a-1.jpeg\" \/>\n\t<meta property=\"og:image:width\" content=\"980\" \/>\n\t<meta property=\"og:image:height\" content=\"653\" \/>\n\t<meta property=\"og:image:type\" content=\"image\/jpeg\" \/>\n<meta name=\"author\" content=\"Redaction\" \/>\n<meta name=\"twitter:card\" content=\"summary_large_image\" \/>\n<meta name=\"twitter:label1\" content=\"\u00c9crit par\" \/>\n\t<meta name=\"twitter:data1\" content=\"Redaction\" \/>\n\t<meta name=\"twitter:label2\" content=\"Dur\u00e9e de lecture estim\u00e9e\" \/>\n\t<meta name=\"twitter:data2\" content=\"3 minutes\" \/>\n<script type=\"application\/ld+json\" class=\"yoast-schema-graph\">{\"@context\":\"https:\\\/\\\/schema.org\",\"@graph\":[{\"@type\":\"Article\",\"@id\":\"https:\\\/\\\/lepatriotebenin.com\\\/index.php\\\/2026\\\/04\\\/27\\\/mali-une-offensive-revelatrice-dune-insecurite-desormais-structurelle\\\/#article\",\"isPartOf\":{\"@id\":\"https:\\\/\\\/lepatriotebenin.com\\\/index.php\\\/2026\\\/04\\\/27\\\/mali-une-offensive-revelatrice-dune-insecurite-desormais-structurelle\\\/\"},\"author\":{\"name\":\"Redaction\",\"@id\":\"https:\\\/\\\/lepatriotebenin.com\\\/#\\\/schema\\\/person\\\/2e7709b9c9cc313e452d1136af61690f\"},\"headline\":\"\u200eMali : Une offensive r\u00e9v\u00e9latrice d\u2019une ins\u00e9curit\u00e9 d\u00e9sormais structurelle\",\"datePublished\":\"2026-04-27T02:01:31+00:00\",\"mainEntityOfPage\":{\"@id\":\"https:\\\/\\\/lepatriotebenin.com\\\/index.php\\\/2026\\\/04\\\/27\\\/mali-une-offensive-revelatrice-dune-insecurite-desormais-structurelle\\\/\"},\"wordCount\":585,\"commentCount\":0,\"image\":{\"@id\":\"https:\\\/\\\/lepatriotebenin.com\\\/index.php\\\/2026\\\/04\\\/27\\\/mali-une-offensive-revelatrice-dune-insecurite-desormais-structurelle\\\/#primaryimage\"},\"thumbnailUrl\":\"https:\\\/\\\/lepatriotebenin.com\\\/wp-content\\\/uploads\\\/2026\\\/04\\\/mali-a-1.jpeg\",\"articleSection\":[\"Soci\u00e9t\u00e9\"],\"inLanguage\":\"fr-FR\",\"potentialAction\":[{\"@type\":\"CommentAction\",\"name\":\"Comment\",\"target\":[\"https:\\\/\\\/lepatriotebenin.com\\\/index.php\\\/2026\\\/04\\\/27\\\/mali-une-offensive-revelatrice-dune-insecurite-desormais-structurelle\\\/#respond\"]}]},{\"@type\":\"WebPage\",\"@id\":\"https:\\\/\\\/lepatriotebenin.com\\\/index.php\\\/2026\\\/04\\\/27\\\/mali-une-offensive-revelatrice-dune-insecurite-desormais-structurelle\\\/\",\"url\":\"https:\\\/\\\/lepatriotebenin.com\\\/index.php\\\/2026\\\/04\\\/27\\\/mali-une-offensive-revelatrice-dune-insecurite-desormais-structurelle\\\/\",\"name\":\"\u200eMali : Une offensive r\u00e9v\u00e9latrice d\u2019une ins\u00e9curit\u00e9 d\u00e9sormais structurelle - Le Patriote\",\"isPartOf\":{\"@id\":\"https:\\\/\\\/lepatriotebenin.com\\\/#website\"},\"primaryImageOfPage\":{\"@id\":\"https:\\\/\\\/lepatriotebenin.com\\\/index.php\\\/2026\\\/04\\\/27\\\/mali-une-offensive-revelatrice-dune-insecurite-desormais-structurelle\\\/#primaryimage\"},\"image\":{\"@id\":\"https:\\\/\\\/lepatriotebenin.com\\\/index.php\\\/2026\\\/04\\\/27\\\/mali-une-offensive-revelatrice-dune-insecurite-desormais-structurelle\\\/#primaryimage\"},\"thumbnailUrl\":\"https:\\\/\\\/lepatriotebenin.com\\\/wp-content\\\/uploads\\\/2026\\\/04\\\/mali-a-1.jpeg\",\"datePublished\":\"2026-04-27T02:01:31+00:00\",\"author\":{\"@id\":\"https:\\\/\\\/lepatriotebenin.com\\\/#\\\/schema\\\/person\\\/2e7709b9c9cc313e452d1136af61690f\"},\"breadcrumb\":{\"@id\":\"https:\\\/\\\/lepatriotebenin.com\\\/index.php\\\/2026\\\/04\\\/27\\\/mali-une-offensive-revelatrice-dune-insecurite-desormais-structurelle\\\/#breadcrumb\"},\"inLanguage\":\"fr-FR\",\"potentialAction\":[{\"@type\":\"ReadAction\",\"target\":[\"https:\\\/\\\/lepatriotebenin.com\\\/index.php\\\/2026\\\/04\\\/27\\\/mali-une-offensive-revelatrice-dune-insecurite-desormais-structurelle\\\/\"]}]},{\"@type\":\"ImageObject\",\"inLanguage\":\"fr-FR\",\"@id\":\"https:\\\/\\\/lepatriotebenin.com\\\/index.php\\\/2026\\\/04\\\/27\\\/mali-une-offensive-revelatrice-dune-insecurite-desormais-structurelle\\\/#primaryimage\",\"url\":\"https:\\\/\\\/lepatriotebenin.com\\\/wp-content\\\/uploads\\\/2026\\\/04\\\/mali-a-1.jpeg\",\"contentUrl\":\"https:\\\/\\\/lepatriotebenin.com\\\/wp-content\\\/uploads\\\/2026\\\/04\\\/mali-a-1.jpeg\",\"width\":980,\"height\":653},{\"@type\":\"BreadcrumbList\",\"@id\":\"https:\\\/\\\/lepatriotebenin.com\\\/index.php\\\/2026\\\/04\\\/27\\\/mali-une-offensive-revelatrice-dune-insecurite-desormais-structurelle\\\/#breadcrumb\",\"itemListElement\":[{\"@type\":\"ListItem\",\"position\":1,\"name\":\"Accueil\",\"item\":\"https:\\\/\\\/lepatriotebenin.com\\\/\"},{\"@type\":\"ListItem\",\"position\":2,\"name\":\"\u200eMali : Une offensive r\u00e9v\u00e9latrice d\u2019une ins\u00e9curit\u00e9 d\u00e9sormais structurelle\"}]},{\"@type\":\"WebSite\",\"@id\":\"https:\\\/\\\/lepatriotebenin.com\\\/#website\",\"url\":\"https:\\\/\\\/lepatriotebenin.com\\\/\",\"name\":\"Le Patriote\",\"description\":\"Le Patriote B\u00e9nin\",\"potentialAction\":[{\"@type\":\"SearchAction\",\"target\":{\"@type\":\"EntryPoint\",\"urlTemplate\":\"https:\\\/\\\/lepatriotebenin.com\\\/?s={search_term_string}\"},\"query-input\":{\"@type\":\"PropertyValueSpecification\",\"valueRequired\":true,\"valueName\":\"search_term_string\"}}],\"inLanguage\":\"fr-FR\"},{\"@type\":\"Person\",\"@id\":\"https:\\\/\\\/lepatriotebenin.com\\\/#\\\/schema\\\/person\\\/2e7709b9c9cc313e452d1136af61690f\",\"name\":\"Redaction\",\"image\":{\"@type\":\"ImageObject\",\"inLanguage\":\"fr-FR\",\"@id\":\"https:\\\/\\\/secure.gravatar.com\\\/avatar\\\/c4c509357859ea2ca2cbb6d8812898a73e4ef1ef9934c2e591d7e32face734d1?s=96&d=mm&r=g\",\"url\":\"https:\\\/\\\/secure.gravatar.com\\\/avatar\\\/c4c509357859ea2ca2cbb6d8812898a73e4ef1ef9934c2e591d7e32face734d1?s=96&d=mm&r=g\",\"contentUrl\":\"https:\\\/\\\/secure.gravatar.com\\\/avatar\\\/c4c509357859ea2ca2cbb6d8812898a73e4ef1ef9934c2e591d7e32face734d1?s=96&d=mm&r=g\",\"caption\":\"Redaction\"},\"url\":\"https:\\\/\\\/lepatriotebenin.com\"}]}<\/script>\n<!-- \/ Yoast SEO plugin. -->","yoast_head_json":{"title":"\u200eMali : Une offensive r\u00e9v\u00e9latrice d\u2019une ins\u00e9curit\u00e9 d\u00e9sormais structurelle - Le Patriote","robots":{"index":"index","follow":"follow","max-snippet":"max-snippet:-1","max-image-preview":"max-image-preview:large","max-video-preview":"max-video-preview:-1"},"canonical":"https:\/\/lepatriotebenin.com\/index.php\/2026\/04\/27\/mali-une-offensive-revelatrice-dune-insecurite-desormais-structurelle\/","og_locale":"fr_FR","og_type":"article","og_title":"\u200eMali : Une offensive r\u00e9v\u00e9latrice d\u2019une ins\u00e9curit\u00e9 d\u00e9sormais structurelle - Le Patriote","og_description":"\u200eL\u2019attaque coordonn\u00e9e men\u00e9e les 25 et 26 avril 2026 au Mali marque un tournant majeur dans la crise s\u00e9curitaire du pays. Par son ampleur, sa simultan\u00e9it\u00e9 et ses cibles \u2014&hellip;","og_url":"https:\/\/lepatriotebenin.com\/index.php\/2026\/04\/27\/mali-une-offensive-revelatrice-dune-insecurite-desormais-structurelle\/","og_site_name":"Le Patriote","article_published_time":"2026-04-27T02:01:31+00:00","og_image":[{"width":980,"height":653,"url":"https:\/\/lepatriotebenin.com\/wp-content\/uploads\/2026\/04\/mali-a-1.jpeg","type":"image\/jpeg"}],"author":"Redaction","twitter_card":"summary_large_image","twitter_misc":{"\u00c9crit par":"Redaction","Dur\u00e9e de lecture estim\u00e9e":"3 minutes"},"schema":{"@context":"https:\/\/schema.org","@graph":[{"@type":"Article","@id":"https:\/\/lepatriotebenin.com\/index.php\/2026\/04\/27\/mali-une-offensive-revelatrice-dune-insecurite-desormais-structurelle\/#article","isPartOf":{"@id":"https:\/\/lepatriotebenin.com\/index.php\/2026\/04\/27\/mali-une-offensive-revelatrice-dune-insecurite-desormais-structurelle\/"},"author":{"name":"Redaction","@id":"https:\/\/lepatriotebenin.com\/#\/schema\/person\/2e7709b9c9cc313e452d1136af61690f"},"headline":"\u200eMali : Une offensive r\u00e9v\u00e9latrice d\u2019une ins\u00e9curit\u00e9 d\u00e9sormais structurelle","datePublished":"2026-04-27T02:01:31+00:00","mainEntityOfPage":{"@id":"https:\/\/lepatriotebenin.com\/index.php\/2026\/04\/27\/mali-une-offensive-revelatrice-dune-insecurite-desormais-structurelle\/"},"wordCount":585,"commentCount":0,"image":{"@id":"https:\/\/lepatriotebenin.com\/index.php\/2026\/04\/27\/mali-une-offensive-revelatrice-dune-insecurite-desormais-structurelle\/#primaryimage"},"thumbnailUrl":"https:\/\/lepatriotebenin.com\/wp-content\/uploads\/2026\/04\/mali-a-1.jpeg","articleSection":["Soci\u00e9t\u00e9"],"inLanguage":"fr-FR","potentialAction":[{"@type":"CommentAction","name":"Comment","target":["https:\/\/lepatriotebenin.com\/index.php\/2026\/04\/27\/mali-une-offensive-revelatrice-dune-insecurite-desormais-structurelle\/#respond"]}]},{"@type":"WebPage","@id":"https:\/\/lepatriotebenin.com\/index.php\/2026\/04\/27\/mali-une-offensive-revelatrice-dune-insecurite-desormais-structurelle\/","url":"https:\/\/lepatriotebenin.com\/index.php\/2026\/04\/27\/mali-une-offensive-revelatrice-dune-insecurite-desormais-structurelle\/","name":"\u200eMali : Une offensive r\u00e9v\u00e9latrice d\u2019une ins\u00e9curit\u00e9 d\u00e9sormais structurelle - Le Patriote","isPartOf":{"@id":"https:\/\/lepatriotebenin.com\/#website"},"primaryImageOfPage":{"@id":"https:\/\/lepatriotebenin.com\/index.php\/2026\/04\/27\/mali-une-offensive-revelatrice-dune-insecurite-desormais-structurelle\/#primaryimage"},"image":{"@id":"https:\/\/lepatriotebenin.com\/index.php\/2026\/04\/27\/mali-une-offensive-revelatrice-dune-insecurite-desormais-structurelle\/#primaryimage"},"thumbnailUrl":"https:\/\/lepatriotebenin.com\/wp-content\/uploads\/2026\/04\/mali-a-1.jpeg","datePublished":"2026-04-27T02:01:31+00:00","author":{"@id":"https:\/\/lepatriotebenin.com\/#\/schema\/person\/2e7709b9c9cc313e452d1136af61690f"},"breadcrumb":{"@id":"https:\/\/lepatriotebenin.com\/index.php\/2026\/04\/27\/mali-une-offensive-revelatrice-dune-insecurite-desormais-structurelle\/#breadcrumb"},"inLanguage":"fr-FR","potentialAction":[{"@type":"ReadAction","target":["https:\/\/lepatriotebenin.com\/index.php\/2026\/04\/27\/mali-une-offensive-revelatrice-dune-insecurite-desormais-structurelle\/"]}]},{"@type":"ImageObject","inLanguage":"fr-FR","@id":"https:\/\/lepatriotebenin.com\/index.php\/2026\/04\/27\/mali-une-offensive-revelatrice-dune-insecurite-desormais-structurelle\/#primaryimage","url":"https:\/\/lepatriotebenin.com\/wp-content\/uploads\/2026\/04\/mali-a-1.jpeg","contentUrl":"https:\/\/lepatriotebenin.com\/wp-content\/uploads\/2026\/04\/mali-a-1.jpeg","width":980,"height":653},{"@type":"BreadcrumbList","@id":"https:\/\/lepatriotebenin.com\/index.php\/2026\/04\/27\/mali-une-offensive-revelatrice-dune-insecurite-desormais-structurelle\/#breadcrumb","itemListElement":[{"@type":"ListItem","position":1,"name":"Accueil","item":"https:\/\/lepatriotebenin.com\/"},{"@type":"ListItem","position":2,"name":"\u200eMali : Une offensive r\u00e9v\u00e9latrice d\u2019une ins\u00e9curit\u00e9 d\u00e9sormais structurelle"}]},{"@type":"WebSite","@id":"https:\/\/lepatriotebenin.com\/#website","url":"https:\/\/lepatriotebenin.com\/","name":"Le Patriote","description":"Le Patriote B\u00e9nin","potentialAction":[{"@type":"SearchAction","target":{"@type":"EntryPoint","urlTemplate":"https:\/\/lepatriotebenin.com\/?s={search_term_string}"},"query-input":{"@type":"PropertyValueSpecification","valueRequired":true,"valueName":"search_term_string"}}],"inLanguage":"fr-FR"},{"@type":"Person","@id":"https:\/\/lepatriotebenin.com\/#\/schema\/person\/2e7709b9c9cc313e452d1136af61690f","name":"Redaction","image":{"@type":"ImageObject","inLanguage":"fr-FR","@id":"https:\/\/secure.gravatar.com\/avatar\/c4c509357859ea2ca2cbb6d8812898a73e4ef1ef9934c2e591d7e32face734d1?s=96&d=mm&r=g","url":"https:\/\/secure.gravatar.com\/avatar\/c4c509357859ea2ca2cbb6d8812898a73e4ef1ef9934c2e591d7e32face734d1?s=96&d=mm&r=g","contentUrl":"https:\/\/secure.gravatar.com\/avatar\/c4c509357859ea2ca2cbb6d8812898a73e4ef1ef9934c2e591d7e32face734d1?s=96&d=mm&r=g","caption":"Redaction"},"url":"https:\/\/lepatriotebenin.com"}]}},"_links":{"self":[{"href":"https:\/\/lepatriotebenin.com\/index.php\/wp-json\/wp\/v2\/posts\/18815","targetHints":{"allow":["GET"]}}],"collection":[{"href":"https:\/\/lepatriotebenin.com\/index.php\/wp-json\/wp\/v2\/posts"}],"about":[{"href":"https:\/\/lepatriotebenin.com\/index.php\/wp-json\/wp\/v2\/types\/post"}],"author":[{"embeddable":true,"href":"https:\/\/lepatriotebenin.com\/index.php\/wp-json\/wp\/v2\/users\/5"}],"replies":[{"embeddable":true,"href":"https:\/\/lepatriotebenin.com\/index.php\/wp-json\/wp\/v2\/comments?post=18815"}],"version-history":[{"count":1,"href":"https:\/\/lepatriotebenin.com\/index.php\/wp-json\/wp\/v2\/posts\/18815\/revisions"}],"predecessor-version":[{"id":18817,"href":"https:\/\/lepatriotebenin.com\/index.php\/wp-json\/wp\/v2\/posts\/18815\/revisions\/18817"}],"wp:featuredmedia":[{"embeddable":true,"href":"https:\/\/lepatriotebenin.com\/index.php\/wp-json\/wp\/v2\/media\/18816"}],"wp:attachment":[{"href":"https:\/\/lepatriotebenin.com\/index.php\/wp-json\/wp\/v2\/media?parent=18815"}],"wp:term":[{"taxonomy":"category","embeddable":true,"href":"https:\/\/lepatriotebenin.com\/index.php\/wp-json\/wp\/v2\/categories?post=18815"},{"taxonomy":"post_tag","embeddable":true,"href":"https:\/\/lepatriotebenin.com\/index.php\/wp-json\/wp\/v2\/tags?post=18815"}],"curies":[{"name":"wp","href":"https:\/\/api.w.org\/{rel}","templated":true}]}}