{"id":18809,"date":"2026-04-25T16:06:00","date_gmt":"2026-04-25T14:06:00","guid":{"rendered":"https:\/\/lepatriotebenin.com\/?p=18809"},"modified":"2026-04-25T16:06:00","modified_gmt":"2026-04-25T14:06:00","slug":"attaques-dejouees-au-mali-les-fama-annoncent-de-lourdes-pertes-infligees-aux-terroristes","status":"publish","type":"post","link":"https:\/\/lepatriotebenin.com\/index.php\/2026\/04\/25\/attaques-dejouees-au-mali-les-fama-annoncent-de-lourdes-pertes-infligees-aux-terroristes\/","title":{"rendered":"\u200eAttaques d\u00e9jou\u00e9es au Mali : les FAMa annoncent de lourdes pertes inflig\u00e9es aux terroristes"},"content":{"rendered":"<p>L\u2019\u00c9tat-Major malien affirme avoir repouss\u00e9 des assauts \u00ab\u00a0simultan\u00e9s\u00a0\u00bb ce samedi 25 avril 2026 dans plusieurs villes. Un appel \u00e0 la mobilisation citoyenne est lanc\u00e9 ce soir au Monument de la Paix \u00e0 Bamako.<\/p>\n<p>\u200eLes Forces Arm\u00e9es Maliennes disent avoir d\u00e9jou\u00e9 plusieurs tentatives d\u2019attaques terroristes ce matin du 25 avril 2026. Selon l\u2019\u00c9tat-Major G\u00e9n\u00e9ral des Arm\u00e9es, des groupes arm\u00e9s ont cibl\u00e9 simultan\u00e9ment plusieurs localit\u00e9s du pays, mais se sont heurt\u00e9s \u00e0 une riposte \u00ab\u00a0rapide et efficace\u00a0\u00bb.<\/p>\n<p>\u200eSelon des sources concordantes, vers 5h ce samedi 25 avril, des groupes arm\u00e9s ont lanc\u00e9 des attaques \u00ab\u00a0quasi simultan\u00e9es\u00a0\u00bb contre des positions militaires \u00e0 Kati, pr\u00e8s de Bamako, \u00e0 S\u00e9var\u00e9 au centre, ainsi qu\u2019\u00e0 Gao et Kidal dans le Nord. Des d\u00e9tonations ont aussi \u00e9t\u00e9 entendues aux abords de l\u2019a\u00e9roport international de Bamako-S\u00e9nou, o\u00f9 des h\u00e9licopt\u00e8res de combat ont \u00e9t\u00e9 d\u00e9ploy\u00e9s.<\/p>\n<p>\u200e\u00c0 Kati, ville garnison et r\u00e9sidence du colonel Assimi Go\u00efta, de fortes explosions ont retenti pr\u00e8s du domicile d\u2019un membre du gouvernement. Les \u00e9changes de tirs se sont poursuivis au commissariat. \u00c0 S\u00e9var\u00e9, les habitants sont rest\u00e9s terr\u00e9s : \u00ab\u00a0Nous ne sortons pas, \u00e7a tire tr\u00e8s fort. Nous avons peur\u00a0\u00bb, t\u00e9moigne un r\u00e9sident.<\/p>\n<p>\u200e<strong>Riposte et revendications crois\u00e9es<\/strong><\/p>\n<p>\u200eC\u00f4t\u00e9 rebelle, le Front de lib\u00e9ration de l\u2019Azawad revendique la prise de positions \u00e0 Kidal et Gao. Son porte-parole assure \u00ab\u00a0contr\u00f4ler le centre-ville de Kidal\u00a0\u00bb et d\u00e9clare que \u00ab\u00a0la bataille pour la lib\u00e9ration a commenc\u00e9\u00a0\u00bb. L\u2019arm\u00e9e d\u00e9nonce elle une \u00ab\u00a0coalition de groupes terroristes\u00a0\u00bb b\u00e9n\u00e9ficiant d\u2019appuis logistiques et financiers externes.<\/p>\n<p>\u200eL\u2019\u00c9tat-Major G\u00e9n\u00e9ral des Arm\u00e9es confirme des combats et affirme que les assaillants ont \u00ab\u00a0imm\u00e9diatement essuy\u00e9 de violents revers\u00a0\u00bb. Le bilan provisoire fait \u00e9tat de \u00ab\u00a0plusieurs terroristes neutralis\u00e9s\u00a0\u00bb et de mat\u00e9riel d\u00e9truit. Des op\u00e9rations de ratissage sont toujours en cours pour s\u00e9curiser les zones concern\u00e9es. L\u2019arm\u00e9e assure que \u00ab\u00a0la situation est sous contr\u00f4le\u00a0\u00bb et salue le \u00ab\u00a0professionnalisme et la bravoure\u00a0\u00bb des soldats engag\u00e9s jour et nuit.<\/p>\n<p>\u200eFace \u00e0 cette \u00ab\u00a0agression\u00a0\u00bb, un appel solennel est lanc\u00e9 aux forces vives, associations, leaders communautaires et religieux. L gouvernement entend faire bloc autour des institutions, de l\u2019arm\u00e9e et des autorit\u00e9s pour d\u00e9fendre \u00ab\u00a0l\u2019int\u00e9grit\u00e9 territoriale\u00a0\u00bb.<\/p>\n<p>\u200eUn rassemblement citoyen est pr\u00e9vu ce soir au Monument de la Paix. Il vise \u00e0 exprimer \u00ab\u00a0dans l\u2019unit\u00e9 et la dignit\u00e9\u00a0\u00bb le soutien aux FAMa et aux plus hautes autorit\u00e9s. Les organisateurs en font un symbole fort de coh\u00e9sion nationale, de r\u00e9silience et d\u2019engagement patriotique.<\/p>\n<p>\u200eCes attaques surviennent alors que le Mali fait face depuis 2012 \u00e0 la pouss\u00e9e de la Katiba Macina et de l\u2019EIGS. Apr\u00e8s le d\u00e9part de Barkhane et de la MINUSMA, Bamako m\u00e8ne ses op\u00e9rations avec l\u2019appui d\u2019Africa Corps.<\/p>\n<p>\u200e<strong>Ez\u00e9chiel Dagb\u00e9gnon PADONOU<\/strong><\/p>\n","protected":false},"excerpt":{"rendered":"<p>L\u2019\u00c9tat-Major malien affirme avoir repouss\u00e9 des assauts \u00ab\u00a0simultan\u00e9s\u00a0\u00bb ce samedi 25 avril 2026 dans plusieurs villes. Un appel \u00e0 la mobilisation citoyenne est lanc\u00e9 ce soir au Monument de la&hellip;<\/p>\n","protected":false},"author":5,"featured_media":18810,"comment_status":"open","ping_status":"open","sticky":false,"template":"","format":"standard","meta":{"content-type":"","om_disable_all_campaigns":false,"_monsterinsights_skip_tracking":false,"_monsterinsights_sitenote_active":false,"_monsterinsights_sitenote_note":"","_monsterinsights_sitenote_category":0,"_uf_show_specific_survey":0,"_uf_disable_surveys":false,"footnotes":""},"categories":[26],"tags":[],"class_list":["post-18809","post","type-post","status-publish","format-standard","has-post-thumbnail","hentry","category-politique"],"aioseo_notices":[],"yoast_head":"<!-- This site is optimized with the Yoast SEO plugin v27.5 - https:\/\/yoast.com\/product\/yoast-seo-wordpress\/ -->\n<title>\u200eAttaques d\u00e9jou\u00e9es au Mali : les FAMa annoncent de lourdes pertes inflig\u00e9es aux terroristes - Le Patriote<\/title>\n<meta name=\"robots\" content=\"index, follow, max-snippet:-1, max-image-preview:large, max-video-preview:-1\" \/>\n<link rel=\"canonical\" href=\"https:\/\/lepatriotebenin.com\/index.php\/2026\/04\/25\/attaques-dejouees-au-mali-les-fama-annoncent-de-lourdes-pertes-infligees-aux-terroristes\/\" \/>\n<meta property=\"og:locale\" content=\"fr_FR\" \/>\n<meta property=\"og:type\" content=\"article\" \/>\n<meta property=\"og:title\" content=\"\u200eAttaques d\u00e9jou\u00e9es au Mali : les FAMa annoncent de lourdes pertes inflig\u00e9es aux terroristes - Le Patriote\" \/>\n<meta property=\"og:description\" content=\"L\u2019\u00c9tat-Major malien affirme avoir repouss\u00e9 des assauts \u00ab\u00a0simultan\u00e9s\u00a0\u00bb ce samedi 25 avril 2026 dans plusieurs villes. Un appel \u00e0 la mobilisation citoyenne est lanc\u00e9 ce soir au Monument de la&hellip;\" \/>\n<meta property=\"og:url\" content=\"https:\/\/lepatriotebenin.com\/index.php\/2026\/04\/25\/attaques-dejouees-au-mali-les-fama-annoncent-de-lourdes-pertes-infligees-aux-terroristes\/\" \/>\n<meta property=\"og:site_name\" content=\"Le Patriote\" \/>\n<meta property=\"article:published_time\" content=\"2026-04-25T14:06:00+00:00\" \/>\n<meta property=\"og:image\" content=\"https:\/\/lepatriotebenin.com\/wp-content\/uploads\/2026\/04\/mali-goita-z.jpeg\" \/>\n\t<meta property=\"og:image:width\" content=\"640\" \/>\n\t<meta property=\"og:image:height\" content=\"360\" \/>\n\t<meta property=\"og:image:type\" content=\"image\/jpeg\" \/>\n<meta name=\"author\" content=\"Redaction\" \/>\n<meta name=\"twitter:card\" content=\"summary_large_image\" \/>\n<meta name=\"twitter:label1\" content=\"\u00c9crit par\" \/>\n\t<meta name=\"twitter:data1\" content=\"Redaction\" \/>\n\t<meta name=\"twitter:label2\" content=\"Dur\u00e9e de lecture estim\u00e9e\" \/>\n\t<meta name=\"twitter:data2\" content=\"3 minutes\" \/>\n<script type=\"application\/ld+json\" class=\"yoast-schema-graph\">{\"@context\":\"https:\\\/\\\/schema.org\",\"@graph\":[{\"@type\":\"Article\",\"@id\":\"https:\\\/\\\/lepatriotebenin.com\\\/index.php\\\/2026\\\/04\\\/25\\\/attaques-dejouees-au-mali-les-fama-annoncent-de-lourdes-pertes-infligees-aux-terroristes\\\/#article\",\"isPartOf\":{\"@id\":\"https:\\\/\\\/lepatriotebenin.com\\\/index.php\\\/2026\\\/04\\\/25\\\/attaques-dejouees-au-mali-les-fama-annoncent-de-lourdes-pertes-infligees-aux-terroristes\\\/\"},\"author\":{\"name\":\"Redaction\",\"@id\":\"https:\\\/\\\/lepatriotebenin.com\\\/#\\\/schema\\\/person\\\/2e7709b9c9cc313e452d1136af61690f\"},\"headline\":\"\u200eAttaques d\u00e9jou\u00e9es au Mali : les FAMa annoncent de lourdes pertes inflig\u00e9es aux terroristes\",\"datePublished\":\"2026-04-25T14:06:00+00:00\",\"mainEntityOfPage\":{\"@id\":\"https:\\\/\\\/lepatriotebenin.com\\\/index.php\\\/2026\\\/04\\\/25\\\/attaques-dejouees-au-mali-les-fama-annoncent-de-lourdes-pertes-infligees-aux-terroristes\\\/\"},\"wordCount\":510,\"commentCount\":0,\"image\":{\"@id\":\"https:\\\/\\\/lepatriotebenin.com\\\/index.php\\\/2026\\\/04\\\/25\\\/attaques-dejouees-au-mali-les-fama-annoncent-de-lourdes-pertes-infligees-aux-terroristes\\\/#primaryimage\"},\"thumbnailUrl\":\"https:\\\/\\\/lepatriotebenin.com\\\/wp-content\\\/uploads\\\/2026\\\/04\\\/mali-goita-z.jpeg\",\"articleSection\":[\"Politique\"],\"inLanguage\":\"fr-FR\",\"potentialAction\":[{\"@type\":\"CommentAction\",\"name\":\"Comment\",\"target\":[\"https:\\\/\\\/lepatriotebenin.com\\\/index.php\\\/2026\\\/04\\\/25\\\/attaques-dejouees-au-mali-les-fama-annoncent-de-lourdes-pertes-infligees-aux-terroristes\\\/#respond\"]}]},{\"@type\":\"WebPage\",\"@id\":\"https:\\\/\\\/lepatriotebenin.com\\\/index.php\\\/2026\\\/04\\\/25\\\/attaques-dejouees-au-mali-les-fama-annoncent-de-lourdes-pertes-infligees-aux-terroristes\\\/\",\"url\":\"https:\\\/\\\/lepatriotebenin.com\\\/index.php\\\/2026\\\/04\\\/25\\\/attaques-dejouees-au-mali-les-fama-annoncent-de-lourdes-pertes-infligees-aux-terroristes\\\/\",\"name\":\"\u200eAttaques d\u00e9jou\u00e9es au Mali : les FAMa annoncent de lourdes pertes inflig\u00e9es aux terroristes - Le Patriote\",\"isPartOf\":{\"@id\":\"https:\\\/\\\/lepatriotebenin.com\\\/#website\"},\"primaryImageOfPage\":{\"@id\":\"https:\\\/\\\/lepatriotebenin.com\\\/index.php\\\/2026\\\/04\\\/25\\\/attaques-dejouees-au-mali-les-fama-annoncent-de-lourdes-pertes-infligees-aux-terroristes\\\/#primaryimage\"},\"image\":{\"@id\":\"https:\\\/\\\/lepatriotebenin.com\\\/index.php\\\/2026\\\/04\\\/25\\\/attaques-dejouees-au-mali-les-fama-annoncent-de-lourdes-pertes-infligees-aux-terroristes\\\/#primaryimage\"},\"thumbnailUrl\":\"https:\\\/\\\/lepatriotebenin.com\\\/wp-content\\\/uploads\\\/2026\\\/04\\\/mali-goita-z.jpeg\",\"datePublished\":\"2026-04-25T14:06:00+00:00\",\"author\":{\"@id\":\"https:\\\/\\\/lepatriotebenin.com\\\/#\\\/schema\\\/person\\\/2e7709b9c9cc313e452d1136af61690f\"},\"breadcrumb\":{\"@id\":\"https:\\\/\\\/lepatriotebenin.com\\\/index.php\\\/2026\\\/04\\\/25\\\/attaques-dejouees-au-mali-les-fama-annoncent-de-lourdes-pertes-infligees-aux-terroristes\\\/#breadcrumb\"},\"inLanguage\":\"fr-FR\",\"potentialAction\":[{\"@type\":\"ReadAction\",\"target\":[\"https:\\\/\\\/lepatriotebenin.com\\\/index.php\\\/2026\\\/04\\\/25\\\/attaques-dejouees-au-mali-les-fama-annoncent-de-lourdes-pertes-infligees-aux-terroristes\\\/\"]}]},{\"@type\":\"ImageObject\",\"inLanguage\":\"fr-FR\",\"@id\":\"https:\\\/\\\/lepatriotebenin.com\\\/index.php\\\/2026\\\/04\\\/25\\\/attaques-dejouees-au-mali-les-fama-annoncent-de-lourdes-pertes-infligees-aux-terroristes\\\/#primaryimage\",\"url\":\"https:\\\/\\\/lepatriotebenin.com\\\/wp-content\\\/uploads\\\/2026\\\/04\\\/mali-goita-z.jpeg\",\"contentUrl\":\"https:\\\/\\\/lepatriotebenin.com\\\/wp-content\\\/uploads\\\/2026\\\/04\\\/mali-goita-z.jpeg\",\"width\":640,\"height\":360},{\"@type\":\"BreadcrumbList\",\"@id\":\"https:\\\/\\\/lepatriotebenin.com\\\/index.php\\\/2026\\\/04\\\/25\\\/attaques-dejouees-au-mali-les-fama-annoncent-de-lourdes-pertes-infligees-aux-terroristes\\\/#breadcrumb\",\"itemListElement\":[{\"@type\":\"ListItem\",\"position\":1,\"name\":\"Accueil\",\"item\":\"https:\\\/\\\/lepatriotebenin.com\\\/\"},{\"@type\":\"ListItem\",\"position\":2,\"name\":\"\u200eAttaques d\u00e9jou\u00e9es au Mali : les FAMa annoncent de lourdes pertes inflig\u00e9es aux terroristes\"}]},{\"@type\":\"WebSite\",\"@id\":\"https:\\\/\\\/lepatriotebenin.com\\\/#website\",\"url\":\"https:\\\/\\\/lepatriotebenin.com\\\/\",\"name\":\"Le Patriote\",\"description\":\"Le Patriote B\u00e9nin\",\"potentialAction\":[{\"@type\":\"SearchAction\",\"target\":{\"@type\":\"EntryPoint\",\"urlTemplate\":\"https:\\\/\\\/lepatriotebenin.com\\\/?s={search_term_string}\"},\"query-input\":{\"@type\":\"PropertyValueSpecification\",\"valueRequired\":true,\"valueName\":\"search_term_string\"}}],\"inLanguage\":\"fr-FR\"},{\"@type\":\"Person\",\"@id\":\"https:\\\/\\\/lepatriotebenin.com\\\/#\\\/schema\\\/person\\\/2e7709b9c9cc313e452d1136af61690f\",\"name\":\"Redaction\",\"image\":{\"@type\":\"ImageObject\",\"inLanguage\":\"fr-FR\",\"@id\":\"https:\\\/\\\/secure.gravatar.com\\\/avatar\\\/c4c509357859ea2ca2cbb6d8812898a73e4ef1ef9934c2e591d7e32face734d1?s=96&d=mm&r=g\",\"url\":\"https:\\\/\\\/secure.gravatar.com\\\/avatar\\\/c4c509357859ea2ca2cbb6d8812898a73e4ef1ef9934c2e591d7e32face734d1?s=96&d=mm&r=g\",\"contentUrl\":\"https:\\\/\\\/secure.gravatar.com\\\/avatar\\\/c4c509357859ea2ca2cbb6d8812898a73e4ef1ef9934c2e591d7e32face734d1?s=96&d=mm&r=g\",\"caption\":\"Redaction\"},\"url\":\"https:\\\/\\\/lepatriotebenin.com\"}]}<\/script>\n<!-- \/ Yoast SEO plugin. -->","yoast_head_json":{"title":"\u200eAttaques d\u00e9jou\u00e9es au Mali : les FAMa annoncent de lourdes pertes inflig\u00e9es aux terroristes - Le Patriote","robots":{"index":"index","follow":"follow","max-snippet":"max-snippet:-1","max-image-preview":"max-image-preview:large","max-video-preview":"max-video-preview:-1"},"canonical":"https:\/\/lepatriotebenin.com\/index.php\/2026\/04\/25\/attaques-dejouees-au-mali-les-fama-annoncent-de-lourdes-pertes-infligees-aux-terroristes\/","og_locale":"fr_FR","og_type":"article","og_title":"\u200eAttaques d\u00e9jou\u00e9es au Mali : les FAMa annoncent de lourdes pertes inflig\u00e9es aux terroristes - Le Patriote","og_description":"L\u2019\u00c9tat-Major malien affirme avoir repouss\u00e9 des assauts \u00ab\u00a0simultan\u00e9s\u00a0\u00bb ce samedi 25 avril 2026 dans plusieurs villes. Un appel \u00e0 la mobilisation citoyenne est lanc\u00e9 ce soir au Monument de la&hellip;","og_url":"https:\/\/lepatriotebenin.com\/index.php\/2026\/04\/25\/attaques-dejouees-au-mali-les-fama-annoncent-de-lourdes-pertes-infligees-aux-terroristes\/","og_site_name":"Le Patriote","article_published_time":"2026-04-25T14:06:00+00:00","og_image":[{"width":640,"height":360,"url":"https:\/\/lepatriotebenin.com\/wp-content\/uploads\/2026\/04\/mali-goita-z.jpeg","type":"image\/jpeg"}],"author":"Redaction","twitter_card":"summary_large_image","twitter_misc":{"\u00c9crit par":"Redaction","Dur\u00e9e de lecture estim\u00e9e":"3 minutes"},"schema":{"@context":"https:\/\/schema.org","@graph":[{"@type":"Article","@id":"https:\/\/lepatriotebenin.com\/index.php\/2026\/04\/25\/attaques-dejouees-au-mali-les-fama-annoncent-de-lourdes-pertes-infligees-aux-terroristes\/#article","isPartOf":{"@id":"https:\/\/lepatriotebenin.com\/index.php\/2026\/04\/25\/attaques-dejouees-au-mali-les-fama-annoncent-de-lourdes-pertes-infligees-aux-terroristes\/"},"author":{"name":"Redaction","@id":"https:\/\/lepatriotebenin.com\/#\/schema\/person\/2e7709b9c9cc313e452d1136af61690f"},"headline":"\u200eAttaques d\u00e9jou\u00e9es au Mali : les FAMa annoncent de lourdes pertes inflig\u00e9es aux terroristes","datePublished":"2026-04-25T14:06:00+00:00","mainEntityOfPage":{"@id":"https:\/\/lepatriotebenin.com\/index.php\/2026\/04\/25\/attaques-dejouees-au-mali-les-fama-annoncent-de-lourdes-pertes-infligees-aux-terroristes\/"},"wordCount":510,"commentCount":0,"image":{"@id":"https:\/\/lepatriotebenin.com\/index.php\/2026\/04\/25\/attaques-dejouees-au-mali-les-fama-annoncent-de-lourdes-pertes-infligees-aux-terroristes\/#primaryimage"},"thumbnailUrl":"https:\/\/lepatriotebenin.com\/wp-content\/uploads\/2026\/04\/mali-goita-z.jpeg","articleSection":["Politique"],"inLanguage":"fr-FR","potentialAction":[{"@type":"CommentAction","name":"Comment","target":["https:\/\/lepatriotebenin.com\/index.php\/2026\/04\/25\/attaques-dejouees-au-mali-les-fama-annoncent-de-lourdes-pertes-infligees-aux-terroristes\/#respond"]}]},{"@type":"WebPage","@id":"https:\/\/lepatriotebenin.com\/index.php\/2026\/04\/25\/attaques-dejouees-au-mali-les-fama-annoncent-de-lourdes-pertes-infligees-aux-terroristes\/","url":"https:\/\/lepatriotebenin.com\/index.php\/2026\/04\/25\/attaques-dejouees-au-mali-les-fama-annoncent-de-lourdes-pertes-infligees-aux-terroristes\/","name":"\u200eAttaques d\u00e9jou\u00e9es au Mali : les FAMa annoncent de lourdes pertes inflig\u00e9es aux terroristes - Le Patriote","isPartOf":{"@id":"https:\/\/lepatriotebenin.com\/#website"},"primaryImageOfPage":{"@id":"https:\/\/lepatriotebenin.com\/index.php\/2026\/04\/25\/attaques-dejouees-au-mali-les-fama-annoncent-de-lourdes-pertes-infligees-aux-terroristes\/#primaryimage"},"image":{"@id":"https:\/\/lepatriotebenin.com\/index.php\/2026\/04\/25\/attaques-dejouees-au-mali-les-fama-annoncent-de-lourdes-pertes-infligees-aux-terroristes\/#primaryimage"},"thumbnailUrl":"https:\/\/lepatriotebenin.com\/wp-content\/uploads\/2026\/04\/mali-goita-z.jpeg","datePublished":"2026-04-25T14:06:00+00:00","author":{"@id":"https:\/\/lepatriotebenin.com\/#\/schema\/person\/2e7709b9c9cc313e452d1136af61690f"},"breadcrumb":{"@id":"https:\/\/lepatriotebenin.com\/index.php\/2026\/04\/25\/attaques-dejouees-au-mali-les-fama-annoncent-de-lourdes-pertes-infligees-aux-terroristes\/#breadcrumb"},"inLanguage":"fr-FR","potentialAction":[{"@type":"ReadAction","target":["https:\/\/lepatriotebenin.com\/index.php\/2026\/04\/25\/attaques-dejouees-au-mali-les-fama-annoncent-de-lourdes-pertes-infligees-aux-terroristes\/"]}]},{"@type":"ImageObject","inLanguage":"fr-FR","@id":"https:\/\/lepatriotebenin.com\/index.php\/2026\/04\/25\/attaques-dejouees-au-mali-les-fama-annoncent-de-lourdes-pertes-infligees-aux-terroristes\/#primaryimage","url":"https:\/\/lepatriotebenin.com\/wp-content\/uploads\/2026\/04\/mali-goita-z.jpeg","contentUrl":"https:\/\/lepatriotebenin.com\/wp-content\/uploads\/2026\/04\/mali-goita-z.jpeg","width":640,"height":360},{"@type":"BreadcrumbList","@id":"https:\/\/lepatriotebenin.com\/index.php\/2026\/04\/25\/attaques-dejouees-au-mali-les-fama-annoncent-de-lourdes-pertes-infligees-aux-terroristes\/#breadcrumb","itemListElement":[{"@type":"ListItem","position":1,"name":"Accueil","item":"https:\/\/lepatriotebenin.com\/"},{"@type":"ListItem","position":2,"name":"\u200eAttaques d\u00e9jou\u00e9es au Mali : les FAMa annoncent de lourdes pertes inflig\u00e9es aux terroristes"}]},{"@type":"WebSite","@id":"https:\/\/lepatriotebenin.com\/#website","url":"https:\/\/lepatriotebenin.com\/","name":"Le Patriote","description":"Le Patriote B\u00e9nin","potentialAction":[{"@type":"SearchAction","target":{"@type":"EntryPoint","urlTemplate":"https:\/\/lepatriotebenin.com\/?s={search_term_string}"},"query-input":{"@type":"PropertyValueSpecification","valueRequired":true,"valueName":"search_term_string"}}],"inLanguage":"fr-FR"},{"@type":"Person","@id":"https:\/\/lepatriotebenin.com\/#\/schema\/person\/2e7709b9c9cc313e452d1136af61690f","name":"Redaction","image":{"@type":"ImageObject","inLanguage":"fr-FR","@id":"https:\/\/secure.gravatar.com\/avatar\/c4c509357859ea2ca2cbb6d8812898a73e4ef1ef9934c2e591d7e32face734d1?s=96&d=mm&r=g","url":"https:\/\/secure.gravatar.com\/avatar\/c4c509357859ea2ca2cbb6d8812898a73e4ef1ef9934c2e591d7e32face734d1?s=96&d=mm&r=g","contentUrl":"https:\/\/secure.gravatar.com\/avatar\/c4c509357859ea2ca2cbb6d8812898a73e4ef1ef9934c2e591d7e32face734d1?s=96&d=mm&r=g","caption":"Redaction"},"url":"https:\/\/lepatriotebenin.com"}]}},"_links":{"self":[{"href":"https:\/\/lepatriotebenin.com\/index.php\/wp-json\/wp\/v2\/posts\/18809","targetHints":{"allow":["GET"]}}],"collection":[{"href":"https:\/\/lepatriotebenin.com\/index.php\/wp-json\/wp\/v2\/posts"}],"about":[{"href":"https:\/\/lepatriotebenin.com\/index.php\/wp-json\/wp\/v2\/types\/post"}],"author":[{"embeddable":true,"href":"https:\/\/lepatriotebenin.com\/index.php\/wp-json\/wp\/v2\/users\/5"}],"replies":[{"embeddable":true,"href":"https:\/\/lepatriotebenin.com\/index.php\/wp-json\/wp\/v2\/comments?post=18809"}],"version-history":[{"count":1,"href":"https:\/\/lepatriotebenin.com\/index.php\/wp-json\/wp\/v2\/posts\/18809\/revisions"}],"predecessor-version":[{"id":18811,"href":"https:\/\/lepatriotebenin.com\/index.php\/wp-json\/wp\/v2\/posts\/18809\/revisions\/18811"}],"wp:featuredmedia":[{"embeddable":true,"href":"https:\/\/lepatriotebenin.com\/index.php\/wp-json\/wp\/v2\/media\/18810"}],"wp:attachment":[{"href":"https:\/\/lepatriotebenin.com\/index.php\/wp-json\/wp\/v2\/media?parent=18809"}],"wp:term":[{"taxonomy":"category","embeddable":true,"href":"https:\/\/lepatriotebenin.com\/index.php\/wp-json\/wp\/v2\/categories?post=18809"},{"taxonomy":"post_tag","embeddable":true,"href":"https:\/\/lepatriotebenin.com\/index.php\/wp-json\/wp\/v2\/tags?post=18809"}],"curies":[{"name":"wp","href":"https:\/\/api.w.org\/{rel}","templated":true}]}}