{"id":18798,"date":"2026-04-24T04:33:15","date_gmt":"2026-04-24T02:33:15","guid":{"rendered":"https:\/\/lepatriotebenin.com\/?p=18798"},"modified":"2026-04-24T04:35:09","modified_gmt":"2026-04-24T02:35:09","slug":"soutien-des-centrales-syndicales-au-candidat-de-la-mouvance-que-deviendra-le-syndicalisme-sous-romuald-wadagni","status":"publish","type":"post","link":"https:\/\/lepatriotebenin.com\/index.php\/2026\/04\/24\/soutien-des-centrales-syndicales-au-candidat-de-la-mouvance-que-deviendra-le-syndicalisme-sous-romuald-wadagni\/","title":{"rendered":"Instauration d&rsquo;un nouveau pouvoir au B\u00e9nin :Que deviendra la lutte  syndicale?"},"content":{"rendered":"<p><strong><em>La r\u00e9cente \u00e9lection pr\u00e9sidentielle du 12 avril 2026 n\u2019a pas seulement consacr\u00e9 la victoire de Romuald Wadagni. Elle aura \u00e9galement mis en lumi\u00e8re un fait politique in\u00e9dit marqu\u00e9 par le ralliement affich\u00e9 de cinq centrales et conf\u00e9d\u00e9rations syndicales \u00e0 la candidature du candidat de la mouvance. Un choix strat\u00e9gique qui, au-del\u00e0 de l\u2019instant \u00e9lectoral, soul\u00e8ve une interrogation essentielle : quel avenir pour le syndicalisme b\u00e9ninois sous ce nouveau r\u00e9gime ?<\/em><\/strong><\/p>\n<p>Traditionnellement per\u00e7ues comme des contre-pouvoirs naturels, les organisations syndicales ont pour mission de d\u00e9fendre les int\u00e9r\u00eats des travailleurs. En apportant un soutien explicite \u00e0 un candidat de la mouvance qui vient d&rsquo;\u00eatre \u00e9lu pr\u00e9sident de la R\u00e9publique, ces centrales ont franchi une limite qui interroge sur leur capacit\u00e9 future \u00e0 incarner cette force de contestation. Il est vrai que sous les deux mandats de Patrice Talon, la dynamique revendicative s\u2019est progressivement essouffl\u00e9e.<\/p>\n<p>Les grandes mobilisations sociales se sont rar\u00e9fi\u00e9es. Les quelques rares ont \u00e9t\u00e9 sauvagement r\u00e9prim\u00e9es avec des interpellations des leaders syndicaux. Pendant pr\u00e8s d\u2019une d\u00e9cennie, la lutte syndicale a sembl\u00e9 perdre de sa vigueur, au point de devenir presque imperceptible. Cependant, avec l\u2019av\u00e8nement de Romuald Wadagni, le risque d\u2019un affaiblissement encore plus marqu\u00e9 se profile. En effet, le soutien affich\u00e9 par ces centrales traduit une adh\u00e9sion assum\u00e9e au projet de soci\u00e9t\u00e9 du candidat devenu pr\u00e9sident. D\u00e8s lors, une question de logique se pose : comment d\u00e9noncer demain ce que l\u2019on a cautionn\u00e9 hier ?<\/p>\n<p>Ce positionnement fragilise d\u2019avance toute posture revendicative. Les responsables syndicaux, li\u00e9s politiquement \u00e0 l\u2019ex\u00e9cutif, pourraient se retrouver dans une situation d\u2019inconfort, voire d\u2019impuissance, face \u00e0 d\u2019\u00e9ventuelles d\u00e9rives ou insuffisances des politiques publiques. La libert\u00e9 de ton et d\u2019action, pilier du syndicalisme, risque de c\u00e9der la place \u00e0 une prudence calcul\u00e9e, sinon \u00e0 un silence complice. Dans ces conditions, il appara\u00eet de plus en plus probable que le syndicalisme b\u00e9ninois entre dans une p\u00e9riode de crise prolong\u00e9e sur l\u2019horizon 2026-2033. Les travailleurs, quant \u00e0 eux, pourraient en payer le prix fort. Faute de relais cr\u00e9dibles pour porter leurs revendications, ils seraient contraints de subir leurs conditions de travail sans v\u00e9ritable possibilit\u00e9 d\u2019expression collective organis\u00e9e.<\/p>\n<p><strong>Alassane Tour\u00e9<\/strong><\/p>\n","protected":false},"excerpt":{"rendered":"<p>La r\u00e9cente \u00e9lection pr\u00e9sidentielle du 12 avril 2026 n\u2019a pas seulement consacr\u00e9 la victoire de Romuald Wadagni. Elle aura \u00e9galement mis en lumi\u00e8re un fait politique in\u00e9dit marqu\u00e9 par le&hellip;<\/p>\n","protected":false},"author":5,"featured_media":18799,"comment_status":"open","ping_status":"open","sticky":false,"template":"","format":"standard","meta":{"content-type":"","om_disable_all_campaigns":false,"_monsterinsights_skip_tracking":false,"_monsterinsights_sitenote_active":false,"_monsterinsights_sitenote_note":"","_monsterinsights_sitenote_category":0,"_uf_show_specific_survey":0,"_uf_disable_surveys":false,"footnotes":""},"categories":[26],"tags":[],"class_list":["post-18798","post","type-post","status-publish","format-standard","has-post-thumbnail","hentry","category-politique"],"aioseo_notices":[],"yoast_head":"<!-- This site is optimized with the Yoast SEO plugin v27.5 - https:\/\/yoast.com\/product\/yoast-seo-wordpress\/ -->\n<title>Instauration d&#039;un nouveau pouvoir au B\u00e9nin :Que deviendra la lutte syndicale? - Le Patriote<\/title>\n<meta name=\"robots\" content=\"index, follow, max-snippet:-1, max-image-preview:large, max-video-preview:-1\" \/>\n<link rel=\"canonical\" href=\"https:\/\/lepatriotebenin.com\/index.php\/2026\/04\/24\/soutien-des-centrales-syndicales-au-candidat-de-la-mouvance-que-deviendra-le-syndicalisme-sous-romuald-wadagni\/\" \/>\n<meta property=\"og:locale\" content=\"fr_FR\" \/>\n<meta property=\"og:type\" content=\"article\" \/>\n<meta property=\"og:title\" content=\"Instauration d&#039;un nouveau pouvoir au B\u00e9nin :Que deviendra la lutte syndicale? - Le Patriote\" \/>\n<meta property=\"og:description\" content=\"La r\u00e9cente \u00e9lection pr\u00e9sidentielle du 12 avril 2026 n\u2019a pas seulement consacr\u00e9 la victoire de Romuald Wadagni. Elle aura \u00e9galement mis en lumi\u00e8re un fait politique in\u00e9dit marqu\u00e9 par le&hellip;\" \/>\n<meta property=\"og:url\" content=\"https:\/\/lepatriotebenin.com\/index.php\/2026\/04\/24\/soutien-des-centrales-syndicales-au-candidat-de-la-mouvance-que-deviendra-le-syndicalisme-sous-romuald-wadagni\/\" \/>\n<meta property=\"og:site_name\" content=\"Le Patriote\" \/>\n<meta property=\"article:published_time\" content=\"2026-04-24T02:33:15+00:00\" \/>\n<meta property=\"article:modified_time\" content=\"2026-04-24T02:35:09+00:00\" \/>\n<meta property=\"og:image\" content=\"https:\/\/lepatriotebenin.com\/wp-content\/uploads\/2026\/04\/syndicalisme-a.jpeg\" \/>\n\t<meta property=\"og:image:width\" content=\"650\" \/>\n\t<meta property=\"og:image:height\" content=\"340\" \/>\n\t<meta property=\"og:image:type\" content=\"image\/jpeg\" \/>\n<meta name=\"author\" content=\"Redaction\" \/>\n<meta name=\"twitter:card\" content=\"summary_large_image\" \/>\n<meta name=\"twitter:label1\" content=\"\u00c9crit par\" \/>\n\t<meta name=\"twitter:data1\" content=\"Redaction\" \/>\n\t<meta name=\"twitter:label2\" content=\"Dur\u00e9e de lecture estim\u00e9e\" \/>\n\t<meta name=\"twitter:data2\" content=\"2 minutes\" \/>\n<script type=\"application\/ld+json\" class=\"yoast-schema-graph\">{\"@context\":\"https:\\\/\\\/schema.org\",\"@graph\":[{\"@type\":\"Article\",\"@id\":\"https:\\\/\\\/lepatriotebenin.com\\\/index.php\\\/2026\\\/04\\\/24\\\/soutien-des-centrales-syndicales-au-candidat-de-la-mouvance-que-deviendra-le-syndicalisme-sous-romuald-wadagni\\\/#article\",\"isPartOf\":{\"@id\":\"https:\\\/\\\/lepatriotebenin.com\\\/index.php\\\/2026\\\/04\\\/24\\\/soutien-des-centrales-syndicales-au-candidat-de-la-mouvance-que-deviendra-le-syndicalisme-sous-romuald-wadagni\\\/\"},\"author\":{\"name\":\"Redaction\",\"@id\":\"https:\\\/\\\/lepatriotebenin.com\\\/#\\\/schema\\\/person\\\/2e7709b9c9cc313e452d1136af61690f\"},\"headline\":\"Instauration d&rsquo;un nouveau pouvoir au B\u00e9nin :Que deviendra la lutte syndicale?\",\"datePublished\":\"2026-04-24T02:33:15+00:00\",\"dateModified\":\"2026-04-24T02:35:09+00:00\",\"mainEntityOfPage\":{\"@id\":\"https:\\\/\\\/lepatriotebenin.com\\\/index.php\\\/2026\\\/04\\\/24\\\/soutien-des-centrales-syndicales-au-candidat-de-la-mouvance-que-deviendra-le-syndicalisme-sous-romuald-wadagni\\\/\"},\"wordCount\":407,\"commentCount\":0,\"image\":{\"@id\":\"https:\\\/\\\/lepatriotebenin.com\\\/index.php\\\/2026\\\/04\\\/24\\\/soutien-des-centrales-syndicales-au-candidat-de-la-mouvance-que-deviendra-le-syndicalisme-sous-romuald-wadagni\\\/#primaryimage\"},\"thumbnailUrl\":\"https:\\\/\\\/lepatriotebenin.com\\\/wp-content\\\/uploads\\\/2026\\\/04\\\/syndicalisme-a.jpeg\",\"articleSection\":[\"Politique\"],\"inLanguage\":\"fr-FR\",\"potentialAction\":[{\"@type\":\"CommentAction\",\"name\":\"Comment\",\"target\":[\"https:\\\/\\\/lepatriotebenin.com\\\/index.php\\\/2026\\\/04\\\/24\\\/soutien-des-centrales-syndicales-au-candidat-de-la-mouvance-que-deviendra-le-syndicalisme-sous-romuald-wadagni\\\/#respond\"]}]},{\"@type\":\"WebPage\",\"@id\":\"https:\\\/\\\/lepatriotebenin.com\\\/index.php\\\/2026\\\/04\\\/24\\\/soutien-des-centrales-syndicales-au-candidat-de-la-mouvance-que-deviendra-le-syndicalisme-sous-romuald-wadagni\\\/\",\"url\":\"https:\\\/\\\/lepatriotebenin.com\\\/index.php\\\/2026\\\/04\\\/24\\\/soutien-des-centrales-syndicales-au-candidat-de-la-mouvance-que-deviendra-le-syndicalisme-sous-romuald-wadagni\\\/\",\"name\":\"Instauration d'un nouveau pouvoir au B\u00e9nin :Que deviendra la lutte syndicale? - Le Patriote\",\"isPartOf\":{\"@id\":\"https:\\\/\\\/lepatriotebenin.com\\\/#website\"},\"primaryImageOfPage\":{\"@id\":\"https:\\\/\\\/lepatriotebenin.com\\\/index.php\\\/2026\\\/04\\\/24\\\/soutien-des-centrales-syndicales-au-candidat-de-la-mouvance-que-deviendra-le-syndicalisme-sous-romuald-wadagni\\\/#primaryimage\"},\"image\":{\"@id\":\"https:\\\/\\\/lepatriotebenin.com\\\/index.php\\\/2026\\\/04\\\/24\\\/soutien-des-centrales-syndicales-au-candidat-de-la-mouvance-que-deviendra-le-syndicalisme-sous-romuald-wadagni\\\/#primaryimage\"},\"thumbnailUrl\":\"https:\\\/\\\/lepatriotebenin.com\\\/wp-content\\\/uploads\\\/2026\\\/04\\\/syndicalisme-a.jpeg\",\"datePublished\":\"2026-04-24T02:33:15+00:00\",\"dateModified\":\"2026-04-24T02:35:09+00:00\",\"author\":{\"@id\":\"https:\\\/\\\/lepatriotebenin.com\\\/#\\\/schema\\\/person\\\/2e7709b9c9cc313e452d1136af61690f\"},\"breadcrumb\":{\"@id\":\"https:\\\/\\\/lepatriotebenin.com\\\/index.php\\\/2026\\\/04\\\/24\\\/soutien-des-centrales-syndicales-au-candidat-de-la-mouvance-que-deviendra-le-syndicalisme-sous-romuald-wadagni\\\/#breadcrumb\"},\"inLanguage\":\"fr-FR\",\"potentialAction\":[{\"@type\":\"ReadAction\",\"target\":[\"https:\\\/\\\/lepatriotebenin.com\\\/index.php\\\/2026\\\/04\\\/24\\\/soutien-des-centrales-syndicales-au-candidat-de-la-mouvance-que-deviendra-le-syndicalisme-sous-romuald-wadagni\\\/\"]}]},{\"@type\":\"ImageObject\",\"inLanguage\":\"fr-FR\",\"@id\":\"https:\\\/\\\/lepatriotebenin.com\\\/index.php\\\/2026\\\/04\\\/24\\\/soutien-des-centrales-syndicales-au-candidat-de-la-mouvance-que-deviendra-le-syndicalisme-sous-romuald-wadagni\\\/#primaryimage\",\"url\":\"https:\\\/\\\/lepatriotebenin.com\\\/wp-content\\\/uploads\\\/2026\\\/04\\\/syndicalisme-a.jpeg\",\"contentUrl\":\"https:\\\/\\\/lepatriotebenin.com\\\/wp-content\\\/uploads\\\/2026\\\/04\\\/syndicalisme-a.jpeg\",\"width\":650,\"height\":340},{\"@type\":\"BreadcrumbList\",\"@id\":\"https:\\\/\\\/lepatriotebenin.com\\\/index.php\\\/2026\\\/04\\\/24\\\/soutien-des-centrales-syndicales-au-candidat-de-la-mouvance-que-deviendra-le-syndicalisme-sous-romuald-wadagni\\\/#breadcrumb\",\"itemListElement\":[{\"@type\":\"ListItem\",\"position\":1,\"name\":\"Accueil\",\"item\":\"https:\\\/\\\/lepatriotebenin.com\\\/\"},{\"@type\":\"ListItem\",\"position\":2,\"name\":\"Instauration d&rsquo;un nouveau pouvoir au B\u00e9nin :Que deviendra la lutte syndicale?\"}]},{\"@type\":\"WebSite\",\"@id\":\"https:\\\/\\\/lepatriotebenin.com\\\/#website\",\"url\":\"https:\\\/\\\/lepatriotebenin.com\\\/\",\"name\":\"Le Patriote\",\"description\":\"Le Patriote B\u00e9nin\",\"potentialAction\":[{\"@type\":\"SearchAction\",\"target\":{\"@type\":\"EntryPoint\",\"urlTemplate\":\"https:\\\/\\\/lepatriotebenin.com\\\/?s={search_term_string}\"},\"query-input\":{\"@type\":\"PropertyValueSpecification\",\"valueRequired\":true,\"valueName\":\"search_term_string\"}}],\"inLanguage\":\"fr-FR\"},{\"@type\":\"Person\",\"@id\":\"https:\\\/\\\/lepatriotebenin.com\\\/#\\\/schema\\\/person\\\/2e7709b9c9cc313e452d1136af61690f\",\"name\":\"Redaction\",\"image\":{\"@type\":\"ImageObject\",\"inLanguage\":\"fr-FR\",\"@id\":\"https:\\\/\\\/secure.gravatar.com\\\/avatar\\\/c4c509357859ea2ca2cbb6d8812898a73e4ef1ef9934c2e591d7e32face734d1?s=96&d=mm&r=g\",\"url\":\"https:\\\/\\\/secure.gravatar.com\\\/avatar\\\/c4c509357859ea2ca2cbb6d8812898a73e4ef1ef9934c2e591d7e32face734d1?s=96&d=mm&r=g\",\"contentUrl\":\"https:\\\/\\\/secure.gravatar.com\\\/avatar\\\/c4c509357859ea2ca2cbb6d8812898a73e4ef1ef9934c2e591d7e32face734d1?s=96&d=mm&r=g\",\"caption\":\"Redaction\"},\"url\":\"https:\\\/\\\/lepatriotebenin.com\"}]}<\/script>\n<!-- \/ Yoast SEO plugin. -->","yoast_head_json":{"title":"Instauration d'un nouveau pouvoir au B\u00e9nin :Que deviendra la lutte syndicale? - Le Patriote","robots":{"index":"index","follow":"follow","max-snippet":"max-snippet:-1","max-image-preview":"max-image-preview:large","max-video-preview":"max-video-preview:-1"},"canonical":"https:\/\/lepatriotebenin.com\/index.php\/2026\/04\/24\/soutien-des-centrales-syndicales-au-candidat-de-la-mouvance-que-deviendra-le-syndicalisme-sous-romuald-wadagni\/","og_locale":"fr_FR","og_type":"article","og_title":"Instauration d'un nouveau pouvoir au B\u00e9nin :Que deviendra la lutte syndicale? - Le Patriote","og_description":"La r\u00e9cente \u00e9lection pr\u00e9sidentielle du 12 avril 2026 n\u2019a pas seulement consacr\u00e9 la victoire de Romuald Wadagni. Elle aura \u00e9galement mis en lumi\u00e8re un fait politique in\u00e9dit marqu\u00e9 par le&hellip;","og_url":"https:\/\/lepatriotebenin.com\/index.php\/2026\/04\/24\/soutien-des-centrales-syndicales-au-candidat-de-la-mouvance-que-deviendra-le-syndicalisme-sous-romuald-wadagni\/","og_site_name":"Le Patriote","article_published_time":"2026-04-24T02:33:15+00:00","article_modified_time":"2026-04-24T02:35:09+00:00","og_image":[{"width":650,"height":340,"url":"https:\/\/lepatriotebenin.com\/wp-content\/uploads\/2026\/04\/syndicalisme-a.jpeg","type":"image\/jpeg"}],"author":"Redaction","twitter_card":"summary_large_image","twitter_misc":{"\u00c9crit par":"Redaction","Dur\u00e9e de lecture estim\u00e9e":"2 minutes"},"schema":{"@context":"https:\/\/schema.org","@graph":[{"@type":"Article","@id":"https:\/\/lepatriotebenin.com\/index.php\/2026\/04\/24\/soutien-des-centrales-syndicales-au-candidat-de-la-mouvance-que-deviendra-le-syndicalisme-sous-romuald-wadagni\/#article","isPartOf":{"@id":"https:\/\/lepatriotebenin.com\/index.php\/2026\/04\/24\/soutien-des-centrales-syndicales-au-candidat-de-la-mouvance-que-deviendra-le-syndicalisme-sous-romuald-wadagni\/"},"author":{"name":"Redaction","@id":"https:\/\/lepatriotebenin.com\/#\/schema\/person\/2e7709b9c9cc313e452d1136af61690f"},"headline":"Instauration d&rsquo;un nouveau pouvoir au B\u00e9nin :Que deviendra la lutte syndicale?","datePublished":"2026-04-24T02:33:15+00:00","dateModified":"2026-04-24T02:35:09+00:00","mainEntityOfPage":{"@id":"https:\/\/lepatriotebenin.com\/index.php\/2026\/04\/24\/soutien-des-centrales-syndicales-au-candidat-de-la-mouvance-que-deviendra-le-syndicalisme-sous-romuald-wadagni\/"},"wordCount":407,"commentCount":0,"image":{"@id":"https:\/\/lepatriotebenin.com\/index.php\/2026\/04\/24\/soutien-des-centrales-syndicales-au-candidat-de-la-mouvance-que-deviendra-le-syndicalisme-sous-romuald-wadagni\/#primaryimage"},"thumbnailUrl":"https:\/\/lepatriotebenin.com\/wp-content\/uploads\/2026\/04\/syndicalisme-a.jpeg","articleSection":["Politique"],"inLanguage":"fr-FR","potentialAction":[{"@type":"CommentAction","name":"Comment","target":["https:\/\/lepatriotebenin.com\/index.php\/2026\/04\/24\/soutien-des-centrales-syndicales-au-candidat-de-la-mouvance-que-deviendra-le-syndicalisme-sous-romuald-wadagni\/#respond"]}]},{"@type":"WebPage","@id":"https:\/\/lepatriotebenin.com\/index.php\/2026\/04\/24\/soutien-des-centrales-syndicales-au-candidat-de-la-mouvance-que-deviendra-le-syndicalisme-sous-romuald-wadagni\/","url":"https:\/\/lepatriotebenin.com\/index.php\/2026\/04\/24\/soutien-des-centrales-syndicales-au-candidat-de-la-mouvance-que-deviendra-le-syndicalisme-sous-romuald-wadagni\/","name":"Instauration d'un nouveau pouvoir au B\u00e9nin :Que deviendra la lutte syndicale? - Le Patriote","isPartOf":{"@id":"https:\/\/lepatriotebenin.com\/#website"},"primaryImageOfPage":{"@id":"https:\/\/lepatriotebenin.com\/index.php\/2026\/04\/24\/soutien-des-centrales-syndicales-au-candidat-de-la-mouvance-que-deviendra-le-syndicalisme-sous-romuald-wadagni\/#primaryimage"},"image":{"@id":"https:\/\/lepatriotebenin.com\/index.php\/2026\/04\/24\/soutien-des-centrales-syndicales-au-candidat-de-la-mouvance-que-deviendra-le-syndicalisme-sous-romuald-wadagni\/#primaryimage"},"thumbnailUrl":"https:\/\/lepatriotebenin.com\/wp-content\/uploads\/2026\/04\/syndicalisme-a.jpeg","datePublished":"2026-04-24T02:33:15+00:00","dateModified":"2026-04-24T02:35:09+00:00","author":{"@id":"https:\/\/lepatriotebenin.com\/#\/schema\/person\/2e7709b9c9cc313e452d1136af61690f"},"breadcrumb":{"@id":"https:\/\/lepatriotebenin.com\/index.php\/2026\/04\/24\/soutien-des-centrales-syndicales-au-candidat-de-la-mouvance-que-deviendra-le-syndicalisme-sous-romuald-wadagni\/#breadcrumb"},"inLanguage":"fr-FR","potentialAction":[{"@type":"ReadAction","target":["https:\/\/lepatriotebenin.com\/index.php\/2026\/04\/24\/soutien-des-centrales-syndicales-au-candidat-de-la-mouvance-que-deviendra-le-syndicalisme-sous-romuald-wadagni\/"]}]},{"@type":"ImageObject","inLanguage":"fr-FR","@id":"https:\/\/lepatriotebenin.com\/index.php\/2026\/04\/24\/soutien-des-centrales-syndicales-au-candidat-de-la-mouvance-que-deviendra-le-syndicalisme-sous-romuald-wadagni\/#primaryimage","url":"https:\/\/lepatriotebenin.com\/wp-content\/uploads\/2026\/04\/syndicalisme-a.jpeg","contentUrl":"https:\/\/lepatriotebenin.com\/wp-content\/uploads\/2026\/04\/syndicalisme-a.jpeg","width":650,"height":340},{"@type":"BreadcrumbList","@id":"https:\/\/lepatriotebenin.com\/index.php\/2026\/04\/24\/soutien-des-centrales-syndicales-au-candidat-de-la-mouvance-que-deviendra-le-syndicalisme-sous-romuald-wadagni\/#breadcrumb","itemListElement":[{"@type":"ListItem","position":1,"name":"Accueil","item":"https:\/\/lepatriotebenin.com\/"},{"@type":"ListItem","position":2,"name":"Instauration d&rsquo;un nouveau pouvoir au B\u00e9nin :Que deviendra la lutte syndicale?"}]},{"@type":"WebSite","@id":"https:\/\/lepatriotebenin.com\/#website","url":"https:\/\/lepatriotebenin.com\/","name":"Le Patriote","description":"Le Patriote B\u00e9nin","potentialAction":[{"@type":"SearchAction","target":{"@type":"EntryPoint","urlTemplate":"https:\/\/lepatriotebenin.com\/?s={search_term_string}"},"query-input":{"@type":"PropertyValueSpecification","valueRequired":true,"valueName":"search_term_string"}}],"inLanguage":"fr-FR"},{"@type":"Person","@id":"https:\/\/lepatriotebenin.com\/#\/schema\/person\/2e7709b9c9cc313e452d1136af61690f","name":"Redaction","image":{"@type":"ImageObject","inLanguage":"fr-FR","@id":"https:\/\/secure.gravatar.com\/avatar\/c4c509357859ea2ca2cbb6d8812898a73e4ef1ef9934c2e591d7e32face734d1?s=96&d=mm&r=g","url":"https:\/\/secure.gravatar.com\/avatar\/c4c509357859ea2ca2cbb6d8812898a73e4ef1ef9934c2e591d7e32face734d1?s=96&d=mm&r=g","contentUrl":"https:\/\/secure.gravatar.com\/avatar\/c4c509357859ea2ca2cbb6d8812898a73e4ef1ef9934c2e591d7e32face734d1?s=96&d=mm&r=g","caption":"Redaction"},"url":"https:\/\/lepatriotebenin.com"}]}},"_links":{"self":[{"href":"https:\/\/lepatriotebenin.com\/index.php\/wp-json\/wp\/v2\/posts\/18798","targetHints":{"allow":["GET"]}}],"collection":[{"href":"https:\/\/lepatriotebenin.com\/index.php\/wp-json\/wp\/v2\/posts"}],"about":[{"href":"https:\/\/lepatriotebenin.com\/index.php\/wp-json\/wp\/v2\/types\/post"}],"author":[{"embeddable":true,"href":"https:\/\/lepatriotebenin.com\/index.php\/wp-json\/wp\/v2\/users\/5"}],"replies":[{"embeddable":true,"href":"https:\/\/lepatriotebenin.com\/index.php\/wp-json\/wp\/v2\/comments?post=18798"}],"version-history":[{"count":2,"href":"https:\/\/lepatriotebenin.com\/index.php\/wp-json\/wp\/v2\/posts\/18798\/revisions"}],"predecessor-version":[{"id":18801,"href":"https:\/\/lepatriotebenin.com\/index.php\/wp-json\/wp\/v2\/posts\/18798\/revisions\/18801"}],"wp:featuredmedia":[{"embeddable":true,"href":"https:\/\/lepatriotebenin.com\/index.php\/wp-json\/wp\/v2\/media\/18799"}],"wp:attachment":[{"href":"https:\/\/lepatriotebenin.com\/index.php\/wp-json\/wp\/v2\/media?parent=18798"}],"wp:term":[{"taxonomy":"category","embeddable":true,"href":"https:\/\/lepatriotebenin.com\/index.php\/wp-json\/wp\/v2\/categories?post=18798"},{"taxonomy":"post_tag","embeddable":true,"href":"https:\/\/lepatriotebenin.com\/index.php\/wp-json\/wp\/v2\/tags?post=18798"}],"curies":[{"name":"wp","href":"https:\/\/api.w.org\/{rel}","templated":true}]}}