{"id":18795,"date":"2026-04-24T04:19:02","date_gmt":"2026-04-24T02:19:02","guid":{"rendered":"https:\/\/lepatriotebenin.com\/?p=18795"},"modified":"2026-04-24T04:19:02","modified_gmt":"2026-04-24T02:19:02","slug":"tribune-de-romain-kiki-joseph-djogbenou-la-fidelite-au-savoir-meme-au-sommet-de-letat","status":"publish","type":"post","link":"https:\/\/lepatriotebenin.com\/index.php\/2026\/04\/24\/tribune-de-romain-kiki-joseph-djogbenou-la-fidelite-au-savoir-meme-au-sommet-de-letat\/","title":{"rendered":"TRIBUNE  de Romain Kiki : Joseph Djogb\u00e9nou : la fid\u00e9lit\u00e9 au savoir, m\u00eame au sommet de l\u2019\u00c9tat"},"content":{"rendered":"<p>Dans l\u2019imaginaire collectif, l\u2019accession aux plus hautes responsabilit\u00e9s de l\u2019\u00c9tat sonne souvent comme un point de rupture avec la vie ant\u00e9rieure. Les fonctions acad\u00e9miques, intellectuelles ou professionnelles sont rel\u00e9gu\u00e9es au second plan, parfois d\u00e9finitivement abandonn\u00e9es au profit des exigences du pouvoir. Pourtant, certaines figures \u00e9chappent \u00e0 cette logique. Joseph Fifamin Djogbenou en offre une illustration remarquable.<\/p>\n<p>Pr\u00e9sident de l\u2019Assembl\u00e9e nationale, professeur agr\u00e9\u00e9, juriste \u00e9m\u00e9rite, il incarne cette rare cat\u00e9gorie d\u2019hommes d\u2019\u00c9tat qui refusent de rompre avec leur vocation premi\u00e8re.<\/p>\n<p>En d\u00e9pit d\u2019un agenda charg\u00e9, marqu\u00e9 par les responsabilit\u00e9s institutionnelles et politiques, il continue de fr\u00e9quenter les amphith\u00e9\u00e2tres, fid\u00e8le \u00e0 ce qu\u2019il consid\u00e8re, manifestement, comme plus qu\u2019un m\u00e9tier : une mission.<\/p>\n<p>Sa pr\u00e9sence remarqu\u00e9e sur le campus de l\u2019Universit\u00e9 d&rsquo;Abomey-Calavi, craie \u00e0 la main, face aux \u00e9tudiants, n\u2019est pas un simple fait anecdotique. Elle est un symbole : celui d\u2019un attachement profond au savoir, \u00e0 sa transmission et, surtout, \u00e0 la jeunesse. Dans un contexte o\u00f9 l\u2019exercice du pouvoir tend \u00e0 \u00e9loigner des r\u00e9alit\u00e9s fondamentales, ce geste appara\u00eet comme un acte de coh\u00e9rence et de conviction.<\/p>\n<p>Car enseigner, c\u2019est semer. Et semer, c\u2019est croire en l\u2019avenir. En choisissant de rester au contact des apprenants, Joseph Djogb\u00e9nou rappelle que la construction d\u2019une nation ne repose pas uniquement sur les d\u00e9cisions prises dans les h\u00e9micycles, mais aussi sur la qualit\u00e9 de la formation de ses \u00e9lites.<\/p>\n<p>L\u2019\u00e9ducation demeure, \u00e0 bien des \u00e9gards, le socle le plus solide sur lequel se b\u00e2tit toute ambition de d\u00e9veloppement durable.<\/p>\n<p>\u00c0 l\u2019heure o\u00f9 certains consid\u00e8rent la politique comme une fin en soi, cette posture vient r\u00e9habiliter une autre vision : celle du service. Service de l\u2019\u00c9tat, certes, mais aussi service du savoir. Et entre ces deux dimensions, loin d\u2019exister une contradiction, il existe une compl\u00e9mentarit\u00e9 \u00e9vidente.<\/p>\n<p>Rester \u00ab coll\u00e9 \u00e0 la craie \u00bb au sommet de l\u2019\u00c9tat, c\u2019est refuser la tentation de la d\u00e9connexion. C\u2019est affirmer que la grandeur d\u2019un homme ne se mesure pas seulement \u00e0 la hauteur des fonctions qu\u2019il occupe, mais aussi \u00e0 sa capacit\u00e9 \u00e0 rester fid\u00e8le \u00e0 ce qui l\u2019a construit.<\/p>\n<p>&nbsp;<\/p>\n<p>En d\u00e9finitive, au-del\u00e0 de l\u2019image, le message est puissant : aucun destin national ne peut s\u2019\u00e9crire sans investir durablement dans l\u2019intelligence de sa jeunesse. En cela, l\u2019exemple donn\u00e9 m\u00e9rite d\u2019\u00eatre salu\u00e9, mais surtout m\u00e9dit\u00e9.<\/p>\n<p>&nbsp;<\/p>\n","protected":false},"excerpt":{"rendered":"<p>Dans l\u2019imaginaire collectif, l\u2019accession aux plus hautes responsabilit\u00e9s de l\u2019\u00c9tat sonne souvent comme un point de rupture avec la vie ant\u00e9rieure. Les fonctions acad\u00e9miques, intellectuelles ou professionnelles sont rel\u00e9gu\u00e9es au&hellip;<\/p>\n","protected":false},"author":5,"featured_media":18796,"comment_status":"open","ping_status":"open","sticky":false,"template":"","format":"standard","meta":{"content-type":"","om_disable_all_campaigns":false,"_monsterinsights_skip_tracking":false,"_monsterinsights_sitenote_active":false,"_monsterinsights_sitenote_note":"","_monsterinsights_sitenote_category":0,"_uf_show_specific_survey":0,"_uf_disable_surveys":false,"footnotes":""},"categories":[26],"tags":[],"class_list":["post-18795","post","type-post","status-publish","format-standard","has-post-thumbnail","hentry","category-politique"],"aioseo_notices":[],"yoast_head":"<!-- This site is optimized with the Yoast SEO plugin v27.5 - https:\/\/yoast.com\/product\/yoast-seo-wordpress\/ -->\n<title>TRIBUNE de Romain Kiki : Joseph Djogb\u00e9nou : la fid\u00e9lit\u00e9 au savoir, m\u00eame au sommet de l\u2019\u00c9tat - Le Patriote<\/title>\n<meta name=\"robots\" content=\"index, follow, max-snippet:-1, max-image-preview:large, max-video-preview:-1\" \/>\n<link rel=\"canonical\" href=\"https:\/\/lepatriotebenin.com\/index.php\/2026\/04\/24\/tribune-de-romain-kiki-joseph-djogbenou-la-fidelite-au-savoir-meme-au-sommet-de-letat\/\" \/>\n<meta property=\"og:locale\" content=\"fr_FR\" \/>\n<meta property=\"og:type\" content=\"article\" \/>\n<meta property=\"og:title\" content=\"TRIBUNE de Romain Kiki : Joseph Djogb\u00e9nou : la fid\u00e9lit\u00e9 au savoir, m\u00eame au sommet de l\u2019\u00c9tat - Le Patriote\" \/>\n<meta property=\"og:description\" content=\"Dans l\u2019imaginaire collectif, l\u2019accession aux plus hautes responsabilit\u00e9s de l\u2019\u00c9tat sonne souvent comme un point de rupture avec la vie ant\u00e9rieure. Les fonctions acad\u00e9miques, intellectuelles ou professionnelles sont rel\u00e9gu\u00e9es au&hellip;\" \/>\n<meta property=\"og:url\" content=\"https:\/\/lepatriotebenin.com\/index.php\/2026\/04\/24\/tribune-de-romain-kiki-joseph-djogbenou-la-fidelite-au-savoir-meme-au-sommet-de-letat\/\" \/>\n<meta property=\"og:site_name\" content=\"Le Patriote\" \/>\n<meta property=\"article:published_time\" content=\"2026-04-24T02:19:02+00:00\" \/>\n<meta property=\"og:image\" content=\"https:\/\/lepatriotebenin.com\/wp-content\/uploads\/2026\/04\/djogbenou-a-1.jpeg\" \/>\n\t<meta property=\"og:image:width\" content=\"891\" \/>\n\t<meta property=\"og:image:height\" content=\"1080\" \/>\n\t<meta property=\"og:image:type\" content=\"image\/jpeg\" \/>\n<meta name=\"author\" content=\"Redaction\" \/>\n<meta name=\"twitter:card\" content=\"summary_large_image\" \/>\n<meta name=\"twitter:label1\" content=\"\u00c9crit par\" \/>\n\t<meta name=\"twitter:data1\" content=\"Redaction\" \/>\n\t<meta name=\"twitter:label2\" content=\"Dur\u00e9e de lecture estim\u00e9e\" \/>\n\t<meta name=\"twitter:data2\" content=\"3 minutes\" \/>\n<script type=\"application\/ld+json\" class=\"yoast-schema-graph\">{\"@context\":\"https:\\\/\\\/schema.org\",\"@graph\":[{\"@type\":\"Article\",\"@id\":\"https:\\\/\\\/lepatriotebenin.com\\\/index.php\\\/2026\\\/04\\\/24\\\/tribune-de-romain-kiki-joseph-djogbenou-la-fidelite-au-savoir-meme-au-sommet-de-letat\\\/#article\",\"isPartOf\":{\"@id\":\"https:\\\/\\\/lepatriotebenin.com\\\/index.php\\\/2026\\\/04\\\/24\\\/tribune-de-romain-kiki-joseph-djogbenou-la-fidelite-au-savoir-meme-au-sommet-de-letat\\\/\"},\"author\":{\"name\":\"Redaction\",\"@id\":\"https:\\\/\\\/lepatriotebenin.com\\\/#\\\/schema\\\/person\\\/2e7709b9c9cc313e452d1136af61690f\"},\"headline\":\"TRIBUNE de Romain Kiki : Joseph Djogb\u00e9nou : la fid\u00e9lit\u00e9 au savoir, m\u00eame au sommet de l\u2019\u00c9tat\",\"datePublished\":\"2026-04-24T02:19:02+00:00\",\"mainEntityOfPage\":{\"@id\":\"https:\\\/\\\/lepatriotebenin.com\\\/index.php\\\/2026\\\/04\\\/24\\\/tribune-de-romain-kiki-joseph-djogbenou-la-fidelite-au-savoir-meme-au-sommet-de-letat\\\/\"},\"wordCount\":446,\"commentCount\":0,\"image\":{\"@id\":\"https:\\\/\\\/lepatriotebenin.com\\\/index.php\\\/2026\\\/04\\\/24\\\/tribune-de-romain-kiki-joseph-djogbenou-la-fidelite-au-savoir-meme-au-sommet-de-letat\\\/#primaryimage\"},\"thumbnailUrl\":\"https:\\\/\\\/lepatriotebenin.com\\\/wp-content\\\/uploads\\\/2026\\\/04\\\/djogbenou-a-1.jpeg\",\"articleSection\":[\"Politique\"],\"inLanguage\":\"fr-FR\",\"potentialAction\":[{\"@type\":\"CommentAction\",\"name\":\"Comment\",\"target\":[\"https:\\\/\\\/lepatriotebenin.com\\\/index.php\\\/2026\\\/04\\\/24\\\/tribune-de-romain-kiki-joseph-djogbenou-la-fidelite-au-savoir-meme-au-sommet-de-letat\\\/#respond\"]}]},{\"@type\":\"WebPage\",\"@id\":\"https:\\\/\\\/lepatriotebenin.com\\\/index.php\\\/2026\\\/04\\\/24\\\/tribune-de-romain-kiki-joseph-djogbenou-la-fidelite-au-savoir-meme-au-sommet-de-letat\\\/\",\"url\":\"https:\\\/\\\/lepatriotebenin.com\\\/index.php\\\/2026\\\/04\\\/24\\\/tribune-de-romain-kiki-joseph-djogbenou-la-fidelite-au-savoir-meme-au-sommet-de-letat\\\/\",\"name\":\"TRIBUNE de Romain Kiki : Joseph Djogb\u00e9nou : la fid\u00e9lit\u00e9 au savoir, m\u00eame au sommet de l\u2019\u00c9tat - Le Patriote\",\"isPartOf\":{\"@id\":\"https:\\\/\\\/lepatriotebenin.com\\\/#website\"},\"primaryImageOfPage\":{\"@id\":\"https:\\\/\\\/lepatriotebenin.com\\\/index.php\\\/2026\\\/04\\\/24\\\/tribune-de-romain-kiki-joseph-djogbenou-la-fidelite-au-savoir-meme-au-sommet-de-letat\\\/#primaryimage\"},\"image\":{\"@id\":\"https:\\\/\\\/lepatriotebenin.com\\\/index.php\\\/2026\\\/04\\\/24\\\/tribune-de-romain-kiki-joseph-djogbenou-la-fidelite-au-savoir-meme-au-sommet-de-letat\\\/#primaryimage\"},\"thumbnailUrl\":\"https:\\\/\\\/lepatriotebenin.com\\\/wp-content\\\/uploads\\\/2026\\\/04\\\/djogbenou-a-1.jpeg\",\"datePublished\":\"2026-04-24T02:19:02+00:00\",\"author\":{\"@id\":\"https:\\\/\\\/lepatriotebenin.com\\\/#\\\/schema\\\/person\\\/2e7709b9c9cc313e452d1136af61690f\"},\"breadcrumb\":{\"@id\":\"https:\\\/\\\/lepatriotebenin.com\\\/index.php\\\/2026\\\/04\\\/24\\\/tribune-de-romain-kiki-joseph-djogbenou-la-fidelite-au-savoir-meme-au-sommet-de-letat\\\/#breadcrumb\"},\"inLanguage\":\"fr-FR\",\"potentialAction\":[{\"@type\":\"ReadAction\",\"target\":[\"https:\\\/\\\/lepatriotebenin.com\\\/index.php\\\/2026\\\/04\\\/24\\\/tribune-de-romain-kiki-joseph-djogbenou-la-fidelite-au-savoir-meme-au-sommet-de-letat\\\/\"]}]},{\"@type\":\"ImageObject\",\"inLanguage\":\"fr-FR\",\"@id\":\"https:\\\/\\\/lepatriotebenin.com\\\/index.php\\\/2026\\\/04\\\/24\\\/tribune-de-romain-kiki-joseph-djogbenou-la-fidelite-au-savoir-meme-au-sommet-de-letat\\\/#primaryimage\",\"url\":\"https:\\\/\\\/lepatriotebenin.com\\\/wp-content\\\/uploads\\\/2026\\\/04\\\/djogbenou-a-1.jpeg\",\"contentUrl\":\"https:\\\/\\\/lepatriotebenin.com\\\/wp-content\\\/uploads\\\/2026\\\/04\\\/djogbenou-a-1.jpeg\",\"width\":891,\"height\":1080},{\"@type\":\"BreadcrumbList\",\"@id\":\"https:\\\/\\\/lepatriotebenin.com\\\/index.php\\\/2026\\\/04\\\/24\\\/tribune-de-romain-kiki-joseph-djogbenou-la-fidelite-au-savoir-meme-au-sommet-de-letat\\\/#breadcrumb\",\"itemListElement\":[{\"@type\":\"ListItem\",\"position\":1,\"name\":\"Accueil\",\"item\":\"https:\\\/\\\/lepatriotebenin.com\\\/\"},{\"@type\":\"ListItem\",\"position\":2,\"name\":\"TRIBUNE de Romain Kiki : Joseph Djogb\u00e9nou : la fid\u00e9lit\u00e9 au savoir, m\u00eame au sommet de l\u2019\u00c9tat\"}]},{\"@type\":\"WebSite\",\"@id\":\"https:\\\/\\\/lepatriotebenin.com\\\/#website\",\"url\":\"https:\\\/\\\/lepatriotebenin.com\\\/\",\"name\":\"Le Patriote\",\"description\":\"Le Patriote B\u00e9nin\",\"potentialAction\":[{\"@type\":\"SearchAction\",\"target\":{\"@type\":\"EntryPoint\",\"urlTemplate\":\"https:\\\/\\\/lepatriotebenin.com\\\/?s={search_term_string}\"},\"query-input\":{\"@type\":\"PropertyValueSpecification\",\"valueRequired\":true,\"valueName\":\"search_term_string\"}}],\"inLanguage\":\"fr-FR\"},{\"@type\":\"Person\",\"@id\":\"https:\\\/\\\/lepatriotebenin.com\\\/#\\\/schema\\\/person\\\/2e7709b9c9cc313e452d1136af61690f\",\"name\":\"Redaction\",\"image\":{\"@type\":\"ImageObject\",\"inLanguage\":\"fr-FR\",\"@id\":\"https:\\\/\\\/secure.gravatar.com\\\/avatar\\\/c4c509357859ea2ca2cbb6d8812898a73e4ef1ef9934c2e591d7e32face734d1?s=96&d=mm&r=g\",\"url\":\"https:\\\/\\\/secure.gravatar.com\\\/avatar\\\/c4c509357859ea2ca2cbb6d8812898a73e4ef1ef9934c2e591d7e32face734d1?s=96&d=mm&r=g\",\"contentUrl\":\"https:\\\/\\\/secure.gravatar.com\\\/avatar\\\/c4c509357859ea2ca2cbb6d8812898a73e4ef1ef9934c2e591d7e32face734d1?s=96&d=mm&r=g\",\"caption\":\"Redaction\"},\"url\":\"https:\\\/\\\/lepatriotebenin.com\"}]}<\/script>\n<!-- \/ Yoast SEO plugin. -->","yoast_head_json":{"title":"TRIBUNE de Romain Kiki : Joseph Djogb\u00e9nou : la fid\u00e9lit\u00e9 au savoir, m\u00eame au sommet de l\u2019\u00c9tat - Le Patriote","robots":{"index":"index","follow":"follow","max-snippet":"max-snippet:-1","max-image-preview":"max-image-preview:large","max-video-preview":"max-video-preview:-1"},"canonical":"https:\/\/lepatriotebenin.com\/index.php\/2026\/04\/24\/tribune-de-romain-kiki-joseph-djogbenou-la-fidelite-au-savoir-meme-au-sommet-de-letat\/","og_locale":"fr_FR","og_type":"article","og_title":"TRIBUNE de Romain Kiki : Joseph Djogb\u00e9nou : la fid\u00e9lit\u00e9 au savoir, m\u00eame au sommet de l\u2019\u00c9tat - Le Patriote","og_description":"Dans l\u2019imaginaire collectif, l\u2019accession aux plus hautes responsabilit\u00e9s de l\u2019\u00c9tat sonne souvent comme un point de rupture avec la vie ant\u00e9rieure. Les fonctions acad\u00e9miques, intellectuelles ou professionnelles sont rel\u00e9gu\u00e9es au&hellip;","og_url":"https:\/\/lepatriotebenin.com\/index.php\/2026\/04\/24\/tribune-de-romain-kiki-joseph-djogbenou-la-fidelite-au-savoir-meme-au-sommet-de-letat\/","og_site_name":"Le Patriote","article_published_time":"2026-04-24T02:19:02+00:00","og_image":[{"width":891,"height":1080,"url":"https:\/\/lepatriotebenin.com\/wp-content\/uploads\/2026\/04\/djogbenou-a-1.jpeg","type":"image\/jpeg"}],"author":"Redaction","twitter_card":"summary_large_image","twitter_misc":{"\u00c9crit par":"Redaction","Dur\u00e9e de lecture estim\u00e9e":"3 minutes"},"schema":{"@context":"https:\/\/schema.org","@graph":[{"@type":"Article","@id":"https:\/\/lepatriotebenin.com\/index.php\/2026\/04\/24\/tribune-de-romain-kiki-joseph-djogbenou-la-fidelite-au-savoir-meme-au-sommet-de-letat\/#article","isPartOf":{"@id":"https:\/\/lepatriotebenin.com\/index.php\/2026\/04\/24\/tribune-de-romain-kiki-joseph-djogbenou-la-fidelite-au-savoir-meme-au-sommet-de-letat\/"},"author":{"name":"Redaction","@id":"https:\/\/lepatriotebenin.com\/#\/schema\/person\/2e7709b9c9cc313e452d1136af61690f"},"headline":"TRIBUNE de Romain Kiki : Joseph Djogb\u00e9nou : la fid\u00e9lit\u00e9 au savoir, m\u00eame au sommet de l\u2019\u00c9tat","datePublished":"2026-04-24T02:19:02+00:00","mainEntityOfPage":{"@id":"https:\/\/lepatriotebenin.com\/index.php\/2026\/04\/24\/tribune-de-romain-kiki-joseph-djogbenou-la-fidelite-au-savoir-meme-au-sommet-de-letat\/"},"wordCount":446,"commentCount":0,"image":{"@id":"https:\/\/lepatriotebenin.com\/index.php\/2026\/04\/24\/tribune-de-romain-kiki-joseph-djogbenou-la-fidelite-au-savoir-meme-au-sommet-de-letat\/#primaryimage"},"thumbnailUrl":"https:\/\/lepatriotebenin.com\/wp-content\/uploads\/2026\/04\/djogbenou-a-1.jpeg","articleSection":["Politique"],"inLanguage":"fr-FR","potentialAction":[{"@type":"CommentAction","name":"Comment","target":["https:\/\/lepatriotebenin.com\/index.php\/2026\/04\/24\/tribune-de-romain-kiki-joseph-djogbenou-la-fidelite-au-savoir-meme-au-sommet-de-letat\/#respond"]}]},{"@type":"WebPage","@id":"https:\/\/lepatriotebenin.com\/index.php\/2026\/04\/24\/tribune-de-romain-kiki-joseph-djogbenou-la-fidelite-au-savoir-meme-au-sommet-de-letat\/","url":"https:\/\/lepatriotebenin.com\/index.php\/2026\/04\/24\/tribune-de-romain-kiki-joseph-djogbenou-la-fidelite-au-savoir-meme-au-sommet-de-letat\/","name":"TRIBUNE de Romain Kiki : Joseph Djogb\u00e9nou : la fid\u00e9lit\u00e9 au savoir, m\u00eame au sommet de l\u2019\u00c9tat - Le Patriote","isPartOf":{"@id":"https:\/\/lepatriotebenin.com\/#website"},"primaryImageOfPage":{"@id":"https:\/\/lepatriotebenin.com\/index.php\/2026\/04\/24\/tribune-de-romain-kiki-joseph-djogbenou-la-fidelite-au-savoir-meme-au-sommet-de-letat\/#primaryimage"},"image":{"@id":"https:\/\/lepatriotebenin.com\/index.php\/2026\/04\/24\/tribune-de-romain-kiki-joseph-djogbenou-la-fidelite-au-savoir-meme-au-sommet-de-letat\/#primaryimage"},"thumbnailUrl":"https:\/\/lepatriotebenin.com\/wp-content\/uploads\/2026\/04\/djogbenou-a-1.jpeg","datePublished":"2026-04-24T02:19:02+00:00","author":{"@id":"https:\/\/lepatriotebenin.com\/#\/schema\/person\/2e7709b9c9cc313e452d1136af61690f"},"breadcrumb":{"@id":"https:\/\/lepatriotebenin.com\/index.php\/2026\/04\/24\/tribune-de-romain-kiki-joseph-djogbenou-la-fidelite-au-savoir-meme-au-sommet-de-letat\/#breadcrumb"},"inLanguage":"fr-FR","potentialAction":[{"@type":"ReadAction","target":["https:\/\/lepatriotebenin.com\/index.php\/2026\/04\/24\/tribune-de-romain-kiki-joseph-djogbenou-la-fidelite-au-savoir-meme-au-sommet-de-letat\/"]}]},{"@type":"ImageObject","inLanguage":"fr-FR","@id":"https:\/\/lepatriotebenin.com\/index.php\/2026\/04\/24\/tribune-de-romain-kiki-joseph-djogbenou-la-fidelite-au-savoir-meme-au-sommet-de-letat\/#primaryimage","url":"https:\/\/lepatriotebenin.com\/wp-content\/uploads\/2026\/04\/djogbenou-a-1.jpeg","contentUrl":"https:\/\/lepatriotebenin.com\/wp-content\/uploads\/2026\/04\/djogbenou-a-1.jpeg","width":891,"height":1080},{"@type":"BreadcrumbList","@id":"https:\/\/lepatriotebenin.com\/index.php\/2026\/04\/24\/tribune-de-romain-kiki-joseph-djogbenou-la-fidelite-au-savoir-meme-au-sommet-de-letat\/#breadcrumb","itemListElement":[{"@type":"ListItem","position":1,"name":"Accueil","item":"https:\/\/lepatriotebenin.com\/"},{"@type":"ListItem","position":2,"name":"TRIBUNE de Romain Kiki : Joseph Djogb\u00e9nou : la fid\u00e9lit\u00e9 au savoir, m\u00eame au sommet de l\u2019\u00c9tat"}]},{"@type":"WebSite","@id":"https:\/\/lepatriotebenin.com\/#website","url":"https:\/\/lepatriotebenin.com\/","name":"Le Patriote","description":"Le Patriote B\u00e9nin","potentialAction":[{"@type":"SearchAction","target":{"@type":"EntryPoint","urlTemplate":"https:\/\/lepatriotebenin.com\/?s={search_term_string}"},"query-input":{"@type":"PropertyValueSpecification","valueRequired":true,"valueName":"search_term_string"}}],"inLanguage":"fr-FR"},{"@type":"Person","@id":"https:\/\/lepatriotebenin.com\/#\/schema\/person\/2e7709b9c9cc313e452d1136af61690f","name":"Redaction","image":{"@type":"ImageObject","inLanguage":"fr-FR","@id":"https:\/\/secure.gravatar.com\/avatar\/c4c509357859ea2ca2cbb6d8812898a73e4ef1ef9934c2e591d7e32face734d1?s=96&d=mm&r=g","url":"https:\/\/secure.gravatar.com\/avatar\/c4c509357859ea2ca2cbb6d8812898a73e4ef1ef9934c2e591d7e32face734d1?s=96&d=mm&r=g","contentUrl":"https:\/\/secure.gravatar.com\/avatar\/c4c509357859ea2ca2cbb6d8812898a73e4ef1ef9934c2e591d7e32face734d1?s=96&d=mm&r=g","caption":"Redaction"},"url":"https:\/\/lepatriotebenin.com"}]}},"_links":{"self":[{"href":"https:\/\/lepatriotebenin.com\/index.php\/wp-json\/wp\/v2\/posts\/18795","targetHints":{"allow":["GET"]}}],"collection":[{"href":"https:\/\/lepatriotebenin.com\/index.php\/wp-json\/wp\/v2\/posts"}],"about":[{"href":"https:\/\/lepatriotebenin.com\/index.php\/wp-json\/wp\/v2\/types\/post"}],"author":[{"embeddable":true,"href":"https:\/\/lepatriotebenin.com\/index.php\/wp-json\/wp\/v2\/users\/5"}],"replies":[{"embeddable":true,"href":"https:\/\/lepatriotebenin.com\/index.php\/wp-json\/wp\/v2\/comments?post=18795"}],"version-history":[{"count":1,"href":"https:\/\/lepatriotebenin.com\/index.php\/wp-json\/wp\/v2\/posts\/18795\/revisions"}],"predecessor-version":[{"id":18797,"href":"https:\/\/lepatriotebenin.com\/index.php\/wp-json\/wp\/v2\/posts\/18795\/revisions\/18797"}],"wp:featuredmedia":[{"embeddable":true,"href":"https:\/\/lepatriotebenin.com\/index.php\/wp-json\/wp\/v2\/media\/18796"}],"wp:attachment":[{"href":"https:\/\/lepatriotebenin.com\/index.php\/wp-json\/wp\/v2\/media?parent=18795"}],"wp:term":[{"taxonomy":"category","embeddable":true,"href":"https:\/\/lepatriotebenin.com\/index.php\/wp-json\/wp\/v2\/categories?post=18795"},{"taxonomy":"post_tag","embeddable":true,"href":"https:\/\/lepatriotebenin.com\/index.php\/wp-json\/wp\/v2\/tags?post=18795"}],"curies":[{"name":"wp","href":"https:\/\/api.w.org\/{rel}","templated":true}]}}