{"id":18792,"date":"2026-04-24T04:14:03","date_gmt":"2026-04-24T02:14:03","guid":{"rendered":"https:\/\/lepatriotebenin.com\/?p=18792"},"modified":"2026-04-24T04:14:03","modified_gmt":"2026-04-24T02:14:03","slug":"commerce-exterieur-au-benin-le-coton-regne-encore-sur-les-exportations","status":"publish","type":"post","link":"https:\/\/lepatriotebenin.com\/index.php\/2026\/04\/24\/commerce-exterieur-au-benin-le-coton-regne-encore-sur-les-exportations\/","title":{"rendered":"Commerce ext\u00e9rieur au B\u00e9nin: Le coton r\u00e8gne encore sur les exportations"},"content":{"rendered":"<p>Malgr\u00e9 des ambitions industrielles croissantes, le coton continue de dominer largement les exportations du B\u00e9nin. Face \u00e0 des importations marqu\u00e9es par le riz et une \u00e9conomie encore d\u00e9pendante de produits bruts, le pays amorce toutefois une mutation progressive, port\u00e9e par de nouveaux investissements industriels.<\/p>\n<p>Le commerce ext\u00e9rieur du B\u00e9nin raconte une histoire limpide. C&rsquo;est celle d\u2019une \u00e9conomie encore fortement d\u00e9pendante de ses mati\u00e8res premi\u00e8res agricoles. En t\u00eate de ces exportations, le coton s\u2019impose sans partage, repr\u00e9sentant \u00e0 lui seul pr\u00e8s de 44 % des ventes \u00e0 l\u2019international. Une performance qui confirme son statut de pilier \u00e9conomique, mais qui met \u00e9galement en lumi\u00e8re les limites d\u2019une base productive peu diversifi\u00e9e.<\/p>\n<p>En effet, cette domination du coton traduit \u00e0 la fois une force et une fragilit\u00e9. Une force, car le pays a su structurer une fili\u00e8re comp\u00e9titive, capable de se positionner sur les march\u00e9s internationaux. Une fragilit\u00e9, car cette d\u00e9pendance expose l\u2019\u00e9conomie aux fluctuations des prix mondiaux et aux al\u00e9as climatiques, rendant la croissance vuln\u00e9rable. En parall\u00e8le, la structure des importations offre un contraste r\u00e9v\u00e9lateur. Le riz, produit de grande consommation, arrive en t\u00eate avec environ 16 % des importations. Une partie de ce volume est ensuite r\u00e9export\u00e9e, notamment vers le Nigeria, confirmant le r\u00f4le du B\u00e9nin comme plateforme commerciale r\u00e9gionale. Ce sch\u00e9ma, \u00e9galement observ\u00e9 avec certaines huiles v\u00e9g\u00e9tales, souligne une \u00e9conomie encore largement tourn\u00e9e vers le commerce de transit.<\/p>\n<p>Cependant, cette configuration pourrait \u00e9voluer dans les ann\u00e9es \u00e0 venir. Le d\u00e9veloppement de la GDIZ (Zone industrielle de Glo-Djigb\u00e9) marque un tournant strat\u00e9gique. En favorisant la transformation locale des mati\u00e8res premi\u00e8res, notamment du coton, ces infrastructures visent \u00e0 cr\u00e9er davantage de valeur ajout\u00e9e sur le territoire national. Il faut dire que les investissements industriels en cours t\u00e9moignent de cette ambition. Celle de passer d\u2019une \u00e9conomie d\u2019exportation brute \u00e0 un mod\u00e8le plus int\u00e9gr\u00e9, o\u00f9 la transformation locale r\u00e9duit la d\u00e9pendance aux importations et renforce la balance commerciale. Ce r\u00e9\u00e9quilibrage, bien qu\u2019encore embryonnaire, ouvre la voie \u00e0 une diversification progressive des exportations.<\/p>\n<p>Toutefois, cette mutation ne se fera pas du jour au lendemain. Elle s\u2019inscrit dans une dynamique de long terme, qui pourrait s\u2019\u00e9tendre sur plus d\u2019une d\u00e9cennie. \u00c0 court terme, le coton restera le moteur principal des exportations. Mais \u00e0 mesure que les capacit\u00e9s industrielles se consolident, le B\u00e9nin pourrait progressivement redessiner son profil commercial. L\u2019enjeu est de transformer une d\u00e9pendance historique en levier de d\u00e9veloppement durable.<\/p>\n<p>&nbsp;<\/p>\n<p><strong>Gildas AHOGNI<\/strong><\/p>\n","protected":false},"excerpt":{"rendered":"<p>Malgr\u00e9 des ambitions industrielles croissantes, le coton continue de dominer largement les exportations du B\u00e9nin. Face \u00e0 des importations marqu\u00e9es par le riz et une \u00e9conomie encore d\u00e9pendante de produits&hellip;<\/p>\n","protected":false},"author":5,"featured_media":18793,"comment_status":"open","ping_status":"open","sticky":false,"template":"","format":"standard","meta":{"content-type":"","om_disable_all_campaigns":false,"_monsterinsights_skip_tracking":false,"_monsterinsights_sitenote_active":false,"_monsterinsights_sitenote_note":"","_monsterinsights_sitenote_category":0,"_uf_show_specific_survey":0,"_uf_disable_surveys":false,"footnotes":""},"categories":[20],"tags":[],"class_list":["post-18792","post","type-post","status-publish","format-standard","has-post-thumbnail","hentry","category-societe"],"aioseo_notices":[],"yoast_head":"<!-- This site is optimized with the Yoast SEO plugin v27.5 - https:\/\/yoast.com\/product\/yoast-seo-wordpress\/ -->\n<title>Commerce ext\u00e9rieur au B\u00e9nin: Le coton r\u00e8gne encore sur les exportations - Le Patriote<\/title>\n<meta name=\"robots\" content=\"index, follow, max-snippet:-1, max-image-preview:large, max-video-preview:-1\" \/>\n<link rel=\"canonical\" href=\"https:\/\/lepatriotebenin.com\/index.php\/2026\/04\/24\/commerce-exterieur-au-benin-le-coton-regne-encore-sur-les-exportations\/\" \/>\n<meta property=\"og:locale\" content=\"fr_FR\" \/>\n<meta property=\"og:type\" content=\"article\" \/>\n<meta property=\"og:title\" content=\"Commerce ext\u00e9rieur au B\u00e9nin: Le coton r\u00e8gne encore sur les exportations - Le Patriote\" \/>\n<meta property=\"og:description\" content=\"Malgr\u00e9 des ambitions industrielles croissantes, le coton continue de dominer largement les exportations du B\u00e9nin. Face \u00e0 des importations marqu\u00e9es par le riz et une \u00e9conomie encore d\u00e9pendante de produits&hellip;\" \/>\n<meta property=\"og:url\" content=\"https:\/\/lepatriotebenin.com\/index.php\/2026\/04\/24\/commerce-exterieur-au-benin-le-coton-regne-encore-sur-les-exportations\/\" \/>\n<meta property=\"og:site_name\" content=\"Le Patriote\" \/>\n<meta property=\"article:published_time\" content=\"2026-04-24T02:14:03+00:00\" \/>\n<meta property=\"og:image\" content=\"https:\/\/lepatriotebenin.com\/wp-content\/uploads\/2026\/04\/commerce.jpg\" \/>\n\t<meta property=\"og:image:width\" content=\"1215\" \/>\n\t<meta property=\"og:image:height\" content=\"810\" \/>\n\t<meta property=\"og:image:type\" content=\"image\/jpeg\" \/>\n<meta name=\"author\" content=\"Redaction\" \/>\n<meta name=\"twitter:card\" content=\"summary_large_image\" \/>\n<meta name=\"twitter:label1\" content=\"\u00c9crit par\" \/>\n\t<meta name=\"twitter:data1\" content=\"Redaction\" \/>\n\t<meta name=\"twitter:label2\" content=\"Dur\u00e9e de lecture estim\u00e9e\" \/>\n\t<meta name=\"twitter:data2\" content=\"3 minutes\" \/>\n<script type=\"application\/ld+json\" class=\"yoast-schema-graph\">{\"@context\":\"https:\\\/\\\/schema.org\",\"@graph\":[{\"@type\":\"Article\",\"@id\":\"https:\\\/\\\/lepatriotebenin.com\\\/index.php\\\/2026\\\/04\\\/24\\\/commerce-exterieur-au-benin-le-coton-regne-encore-sur-les-exportations\\\/#article\",\"isPartOf\":{\"@id\":\"https:\\\/\\\/lepatriotebenin.com\\\/index.php\\\/2026\\\/04\\\/24\\\/commerce-exterieur-au-benin-le-coton-regne-encore-sur-les-exportations\\\/\"},\"author\":{\"name\":\"Redaction\",\"@id\":\"https:\\\/\\\/lepatriotebenin.com\\\/#\\\/schema\\\/person\\\/2e7709b9c9cc313e452d1136af61690f\"},\"headline\":\"Commerce ext\u00e9rieur au B\u00e9nin: Le coton r\u00e8gne encore sur les exportations\",\"datePublished\":\"2026-04-24T02:14:03+00:00\",\"mainEntityOfPage\":{\"@id\":\"https:\\\/\\\/lepatriotebenin.com\\\/index.php\\\/2026\\\/04\\\/24\\\/commerce-exterieur-au-benin-le-coton-regne-encore-sur-les-exportations\\\/\"},\"wordCount\":461,\"commentCount\":0,\"image\":{\"@id\":\"https:\\\/\\\/lepatriotebenin.com\\\/index.php\\\/2026\\\/04\\\/24\\\/commerce-exterieur-au-benin-le-coton-regne-encore-sur-les-exportations\\\/#primaryimage\"},\"thumbnailUrl\":\"https:\\\/\\\/lepatriotebenin.com\\\/wp-content\\\/uploads\\\/2026\\\/04\\\/commerce.jpg\",\"articleSection\":[\"Soci\u00e9t\u00e9\"],\"inLanguage\":\"fr-FR\",\"potentialAction\":[{\"@type\":\"CommentAction\",\"name\":\"Comment\",\"target\":[\"https:\\\/\\\/lepatriotebenin.com\\\/index.php\\\/2026\\\/04\\\/24\\\/commerce-exterieur-au-benin-le-coton-regne-encore-sur-les-exportations\\\/#respond\"]}]},{\"@type\":\"WebPage\",\"@id\":\"https:\\\/\\\/lepatriotebenin.com\\\/index.php\\\/2026\\\/04\\\/24\\\/commerce-exterieur-au-benin-le-coton-regne-encore-sur-les-exportations\\\/\",\"url\":\"https:\\\/\\\/lepatriotebenin.com\\\/index.php\\\/2026\\\/04\\\/24\\\/commerce-exterieur-au-benin-le-coton-regne-encore-sur-les-exportations\\\/\",\"name\":\"Commerce ext\u00e9rieur au B\u00e9nin: Le coton r\u00e8gne encore sur les exportations - Le Patriote\",\"isPartOf\":{\"@id\":\"https:\\\/\\\/lepatriotebenin.com\\\/#website\"},\"primaryImageOfPage\":{\"@id\":\"https:\\\/\\\/lepatriotebenin.com\\\/index.php\\\/2026\\\/04\\\/24\\\/commerce-exterieur-au-benin-le-coton-regne-encore-sur-les-exportations\\\/#primaryimage\"},\"image\":{\"@id\":\"https:\\\/\\\/lepatriotebenin.com\\\/index.php\\\/2026\\\/04\\\/24\\\/commerce-exterieur-au-benin-le-coton-regne-encore-sur-les-exportations\\\/#primaryimage\"},\"thumbnailUrl\":\"https:\\\/\\\/lepatriotebenin.com\\\/wp-content\\\/uploads\\\/2026\\\/04\\\/commerce.jpg\",\"datePublished\":\"2026-04-24T02:14:03+00:00\",\"author\":{\"@id\":\"https:\\\/\\\/lepatriotebenin.com\\\/#\\\/schema\\\/person\\\/2e7709b9c9cc313e452d1136af61690f\"},\"breadcrumb\":{\"@id\":\"https:\\\/\\\/lepatriotebenin.com\\\/index.php\\\/2026\\\/04\\\/24\\\/commerce-exterieur-au-benin-le-coton-regne-encore-sur-les-exportations\\\/#breadcrumb\"},\"inLanguage\":\"fr-FR\",\"potentialAction\":[{\"@type\":\"ReadAction\",\"target\":[\"https:\\\/\\\/lepatriotebenin.com\\\/index.php\\\/2026\\\/04\\\/24\\\/commerce-exterieur-au-benin-le-coton-regne-encore-sur-les-exportations\\\/\"]}]},{\"@type\":\"ImageObject\",\"inLanguage\":\"fr-FR\",\"@id\":\"https:\\\/\\\/lepatriotebenin.com\\\/index.php\\\/2026\\\/04\\\/24\\\/commerce-exterieur-au-benin-le-coton-regne-encore-sur-les-exportations\\\/#primaryimage\",\"url\":\"https:\\\/\\\/lepatriotebenin.com\\\/wp-content\\\/uploads\\\/2026\\\/04\\\/commerce.jpg\",\"contentUrl\":\"https:\\\/\\\/lepatriotebenin.com\\\/wp-content\\\/uploads\\\/2026\\\/04\\\/commerce.jpg\",\"width\":1215,\"height\":810},{\"@type\":\"BreadcrumbList\",\"@id\":\"https:\\\/\\\/lepatriotebenin.com\\\/index.php\\\/2026\\\/04\\\/24\\\/commerce-exterieur-au-benin-le-coton-regne-encore-sur-les-exportations\\\/#breadcrumb\",\"itemListElement\":[{\"@type\":\"ListItem\",\"position\":1,\"name\":\"Accueil\",\"item\":\"https:\\\/\\\/lepatriotebenin.com\\\/\"},{\"@type\":\"ListItem\",\"position\":2,\"name\":\"Commerce ext\u00e9rieur au B\u00e9nin: Le coton r\u00e8gne encore sur les exportations\"}]},{\"@type\":\"WebSite\",\"@id\":\"https:\\\/\\\/lepatriotebenin.com\\\/#website\",\"url\":\"https:\\\/\\\/lepatriotebenin.com\\\/\",\"name\":\"Le Patriote\",\"description\":\"Le Patriote B\u00e9nin\",\"potentialAction\":[{\"@type\":\"SearchAction\",\"target\":{\"@type\":\"EntryPoint\",\"urlTemplate\":\"https:\\\/\\\/lepatriotebenin.com\\\/?s={search_term_string}\"},\"query-input\":{\"@type\":\"PropertyValueSpecification\",\"valueRequired\":true,\"valueName\":\"search_term_string\"}}],\"inLanguage\":\"fr-FR\"},{\"@type\":\"Person\",\"@id\":\"https:\\\/\\\/lepatriotebenin.com\\\/#\\\/schema\\\/person\\\/2e7709b9c9cc313e452d1136af61690f\",\"name\":\"Redaction\",\"image\":{\"@type\":\"ImageObject\",\"inLanguage\":\"fr-FR\",\"@id\":\"https:\\\/\\\/secure.gravatar.com\\\/avatar\\\/c4c509357859ea2ca2cbb6d8812898a73e4ef1ef9934c2e591d7e32face734d1?s=96&d=mm&r=g\",\"url\":\"https:\\\/\\\/secure.gravatar.com\\\/avatar\\\/c4c509357859ea2ca2cbb6d8812898a73e4ef1ef9934c2e591d7e32face734d1?s=96&d=mm&r=g\",\"contentUrl\":\"https:\\\/\\\/secure.gravatar.com\\\/avatar\\\/c4c509357859ea2ca2cbb6d8812898a73e4ef1ef9934c2e591d7e32face734d1?s=96&d=mm&r=g\",\"caption\":\"Redaction\"},\"url\":\"https:\\\/\\\/lepatriotebenin.com\"}]}<\/script>\n<!-- \/ Yoast SEO plugin. -->","yoast_head_json":{"title":"Commerce ext\u00e9rieur au B\u00e9nin: Le coton r\u00e8gne encore sur les exportations - Le Patriote","robots":{"index":"index","follow":"follow","max-snippet":"max-snippet:-1","max-image-preview":"max-image-preview:large","max-video-preview":"max-video-preview:-1"},"canonical":"https:\/\/lepatriotebenin.com\/index.php\/2026\/04\/24\/commerce-exterieur-au-benin-le-coton-regne-encore-sur-les-exportations\/","og_locale":"fr_FR","og_type":"article","og_title":"Commerce ext\u00e9rieur au B\u00e9nin: Le coton r\u00e8gne encore sur les exportations - Le Patriote","og_description":"Malgr\u00e9 des ambitions industrielles croissantes, le coton continue de dominer largement les exportations du B\u00e9nin. Face \u00e0 des importations marqu\u00e9es par le riz et une \u00e9conomie encore d\u00e9pendante de produits&hellip;","og_url":"https:\/\/lepatriotebenin.com\/index.php\/2026\/04\/24\/commerce-exterieur-au-benin-le-coton-regne-encore-sur-les-exportations\/","og_site_name":"Le Patriote","article_published_time":"2026-04-24T02:14:03+00:00","og_image":[{"width":1215,"height":810,"url":"https:\/\/lepatriotebenin.com\/wp-content\/uploads\/2026\/04\/commerce.jpg","type":"image\/jpeg"}],"author":"Redaction","twitter_card":"summary_large_image","twitter_misc":{"\u00c9crit par":"Redaction","Dur\u00e9e de lecture estim\u00e9e":"3 minutes"},"schema":{"@context":"https:\/\/schema.org","@graph":[{"@type":"Article","@id":"https:\/\/lepatriotebenin.com\/index.php\/2026\/04\/24\/commerce-exterieur-au-benin-le-coton-regne-encore-sur-les-exportations\/#article","isPartOf":{"@id":"https:\/\/lepatriotebenin.com\/index.php\/2026\/04\/24\/commerce-exterieur-au-benin-le-coton-regne-encore-sur-les-exportations\/"},"author":{"name":"Redaction","@id":"https:\/\/lepatriotebenin.com\/#\/schema\/person\/2e7709b9c9cc313e452d1136af61690f"},"headline":"Commerce ext\u00e9rieur au B\u00e9nin: Le coton r\u00e8gne encore sur les exportations","datePublished":"2026-04-24T02:14:03+00:00","mainEntityOfPage":{"@id":"https:\/\/lepatriotebenin.com\/index.php\/2026\/04\/24\/commerce-exterieur-au-benin-le-coton-regne-encore-sur-les-exportations\/"},"wordCount":461,"commentCount":0,"image":{"@id":"https:\/\/lepatriotebenin.com\/index.php\/2026\/04\/24\/commerce-exterieur-au-benin-le-coton-regne-encore-sur-les-exportations\/#primaryimage"},"thumbnailUrl":"https:\/\/lepatriotebenin.com\/wp-content\/uploads\/2026\/04\/commerce.jpg","articleSection":["Soci\u00e9t\u00e9"],"inLanguage":"fr-FR","potentialAction":[{"@type":"CommentAction","name":"Comment","target":["https:\/\/lepatriotebenin.com\/index.php\/2026\/04\/24\/commerce-exterieur-au-benin-le-coton-regne-encore-sur-les-exportations\/#respond"]}]},{"@type":"WebPage","@id":"https:\/\/lepatriotebenin.com\/index.php\/2026\/04\/24\/commerce-exterieur-au-benin-le-coton-regne-encore-sur-les-exportations\/","url":"https:\/\/lepatriotebenin.com\/index.php\/2026\/04\/24\/commerce-exterieur-au-benin-le-coton-regne-encore-sur-les-exportations\/","name":"Commerce ext\u00e9rieur au B\u00e9nin: Le coton r\u00e8gne encore sur les exportations - Le Patriote","isPartOf":{"@id":"https:\/\/lepatriotebenin.com\/#website"},"primaryImageOfPage":{"@id":"https:\/\/lepatriotebenin.com\/index.php\/2026\/04\/24\/commerce-exterieur-au-benin-le-coton-regne-encore-sur-les-exportations\/#primaryimage"},"image":{"@id":"https:\/\/lepatriotebenin.com\/index.php\/2026\/04\/24\/commerce-exterieur-au-benin-le-coton-regne-encore-sur-les-exportations\/#primaryimage"},"thumbnailUrl":"https:\/\/lepatriotebenin.com\/wp-content\/uploads\/2026\/04\/commerce.jpg","datePublished":"2026-04-24T02:14:03+00:00","author":{"@id":"https:\/\/lepatriotebenin.com\/#\/schema\/person\/2e7709b9c9cc313e452d1136af61690f"},"breadcrumb":{"@id":"https:\/\/lepatriotebenin.com\/index.php\/2026\/04\/24\/commerce-exterieur-au-benin-le-coton-regne-encore-sur-les-exportations\/#breadcrumb"},"inLanguage":"fr-FR","potentialAction":[{"@type":"ReadAction","target":["https:\/\/lepatriotebenin.com\/index.php\/2026\/04\/24\/commerce-exterieur-au-benin-le-coton-regne-encore-sur-les-exportations\/"]}]},{"@type":"ImageObject","inLanguage":"fr-FR","@id":"https:\/\/lepatriotebenin.com\/index.php\/2026\/04\/24\/commerce-exterieur-au-benin-le-coton-regne-encore-sur-les-exportations\/#primaryimage","url":"https:\/\/lepatriotebenin.com\/wp-content\/uploads\/2026\/04\/commerce.jpg","contentUrl":"https:\/\/lepatriotebenin.com\/wp-content\/uploads\/2026\/04\/commerce.jpg","width":1215,"height":810},{"@type":"BreadcrumbList","@id":"https:\/\/lepatriotebenin.com\/index.php\/2026\/04\/24\/commerce-exterieur-au-benin-le-coton-regne-encore-sur-les-exportations\/#breadcrumb","itemListElement":[{"@type":"ListItem","position":1,"name":"Accueil","item":"https:\/\/lepatriotebenin.com\/"},{"@type":"ListItem","position":2,"name":"Commerce ext\u00e9rieur au B\u00e9nin: Le coton r\u00e8gne encore sur les exportations"}]},{"@type":"WebSite","@id":"https:\/\/lepatriotebenin.com\/#website","url":"https:\/\/lepatriotebenin.com\/","name":"Le Patriote","description":"Le Patriote B\u00e9nin","potentialAction":[{"@type":"SearchAction","target":{"@type":"EntryPoint","urlTemplate":"https:\/\/lepatriotebenin.com\/?s={search_term_string}"},"query-input":{"@type":"PropertyValueSpecification","valueRequired":true,"valueName":"search_term_string"}}],"inLanguage":"fr-FR"},{"@type":"Person","@id":"https:\/\/lepatriotebenin.com\/#\/schema\/person\/2e7709b9c9cc313e452d1136af61690f","name":"Redaction","image":{"@type":"ImageObject","inLanguage":"fr-FR","@id":"https:\/\/secure.gravatar.com\/avatar\/c4c509357859ea2ca2cbb6d8812898a73e4ef1ef9934c2e591d7e32face734d1?s=96&d=mm&r=g","url":"https:\/\/secure.gravatar.com\/avatar\/c4c509357859ea2ca2cbb6d8812898a73e4ef1ef9934c2e591d7e32face734d1?s=96&d=mm&r=g","contentUrl":"https:\/\/secure.gravatar.com\/avatar\/c4c509357859ea2ca2cbb6d8812898a73e4ef1ef9934c2e591d7e32face734d1?s=96&d=mm&r=g","caption":"Redaction"},"url":"https:\/\/lepatriotebenin.com"}]}},"_links":{"self":[{"href":"https:\/\/lepatriotebenin.com\/index.php\/wp-json\/wp\/v2\/posts\/18792","targetHints":{"allow":["GET"]}}],"collection":[{"href":"https:\/\/lepatriotebenin.com\/index.php\/wp-json\/wp\/v2\/posts"}],"about":[{"href":"https:\/\/lepatriotebenin.com\/index.php\/wp-json\/wp\/v2\/types\/post"}],"author":[{"embeddable":true,"href":"https:\/\/lepatriotebenin.com\/index.php\/wp-json\/wp\/v2\/users\/5"}],"replies":[{"embeddable":true,"href":"https:\/\/lepatriotebenin.com\/index.php\/wp-json\/wp\/v2\/comments?post=18792"}],"version-history":[{"count":1,"href":"https:\/\/lepatriotebenin.com\/index.php\/wp-json\/wp\/v2\/posts\/18792\/revisions"}],"predecessor-version":[{"id":18794,"href":"https:\/\/lepatriotebenin.com\/index.php\/wp-json\/wp\/v2\/posts\/18792\/revisions\/18794"}],"wp:featuredmedia":[{"embeddable":true,"href":"https:\/\/lepatriotebenin.com\/index.php\/wp-json\/wp\/v2\/media\/18793"}],"wp:attachment":[{"href":"https:\/\/lepatriotebenin.com\/index.php\/wp-json\/wp\/v2\/media?parent=18792"}],"wp:term":[{"taxonomy":"category","embeddable":true,"href":"https:\/\/lepatriotebenin.com\/index.php\/wp-json\/wp\/v2\/categories?post=18792"},{"taxonomy":"post_tag","embeddable":true,"href":"https:\/\/lepatriotebenin.com\/index.php\/wp-json\/wp\/v2\/tags?post=18792"}],"curies":[{"name":"wp","href":"https:\/\/api.w.org\/{rel}","templated":true}]}}