{"id":18789,"date":"2026-04-24T04:10:38","date_gmt":"2026-04-24T02:10:38","guid":{"rendered":"https:\/\/lepatriotebenin.com\/?p=18789"},"modified":"2026-04-24T04:10:38","modified_gmt":"2026-04-24T02:10:38","slug":"crise-au-moyen-orient-le-hadj-2026-en-sursis","status":"publish","type":"post","link":"https:\/\/lepatriotebenin.com\/index.php\/2026\/04\/24\/crise-au-moyen-orient-le-hadj-2026-en-sursis\/","title":{"rendered":"Crise au Moyen-Orient: Le Hadj 2026 en sursis ?"},"content":{"rendered":"<p><strong>Depuis plusieurs semaines, le Moyen-Orient est le th\u00e9\u00e2tre de tensions militaires avec des \u00e9changes de frappes entre Isra\u00ebl, Iran et les \u00c9tats-Unis, avec l\u2019implication directe ou indirecte de pays alli\u00e9s comme le Liban, l\u2019Arabie Saoudite ou encore le Kowe\u00eft, alimentent un climat d\u2019instabilit\u00e9 g\u00e9n\u00e9ralis\u00e9e. Dans ce contexte belliqueux, une question cruciale \u00e9merge au sein de la communaut\u00e9 musulmane mondiale : le Hadj 2026 pourra-t-il se tenir normalement ?<\/strong><\/p>\n<p>Le Hadj, cinqui\u00e8me pilier de l\u2019islam, constitue une obligation religieuse majeure pour tout musulman qui en a les moyens. Pr\u00e9vu au cours du mois de mai 2026, ce grand rassemblement annuel attire des millions de fid\u00e8les vers les lieux saints de l\u2019Arabie Saoudite, notamment \u00e0 La Mecque. Pour cette ann\u00e9e, \u00e0 mesure que les tensions s\u2019intensifient, l\u2019organisation de cet \u00e9v\u00e9nement spirituel d\u2019envergure mondiale semble de plus en plus incertaine.<\/p>\n<p>Certes, dans de nombreux pays, les pr\u00e9paratifs administratifs et logistiques se poursuivent. Les autorit\u00e9s comp\u00e9tentes et agences et structures de voyages agr\u00e9\u00e9es continuent d\u2019enregistrer les p\u00e8lerins. Pourtant, derri\u00e8re toutes ces dispositions, un doute s\u2019installe, car la r\u00e9alit\u00e9 g\u00e9opolitique rattrape les perspectives : la confrontation entre Isra\u00ebl, Iran et leurs alli\u00e9s continue de provoquer des d\u00e9g\u00e2ts humains et mat\u00e9riels consid\u00e9rables. Plus pr\u00e9occupant, l\u2019Arabie Saoudite, principal pays h\u00f4te du p\u00e8lerinage, se retrouve indirectement expos\u00e9e aux retomb\u00e9es de cette crise. Les menaces de frappes, notamment par missiles et drones, instaurent un climat d\u2019ins\u00e9curit\u00e9 incompatible avec l\u2019accueil de millions de p\u00e8lerins.<\/p>\n<p>M\u00eame si un cessez-le-feu temporaire semble avoir ralenti les hostilit\u00e9s, rien ne garantit sa durabilit\u00e9. D\u00e8s lors, la question s\u00e9curitaire devient centrale. Il n&rsquo;est point de doute que le Hadj n&rsquo;est pas envisageable dans un environnement o\u00f9 la stabilit\u00e9 reste pr\u00e9caire. Le p\u00e8lerinage, au-del\u00e0 de sa dimension spirituelle, exige une organisation rigoureuse et des garanties maximales en mati\u00e8re de s\u00e9curit\u00e9. Or, \u00e0 l\u2019heure actuelle, ces conditions ne semblent pas pleinement r\u00e9unies. Ainsi, le Hadj 2026 appara\u00eet comme suspendu \u00e0 une d\u00e9cision diplomatique et s\u00e9curitaire majeure qui incombe au royaume saoudien.<\/p>\n<p>Tous les regards sont d\u00e9sormais tourn\u00e9s vers Arabie Saoudite, seule habilit\u00e9e \u00e0 confirmer ou \u00e0 reporter cet \u00e9v\u00e9nement religieux d\u2019importance capitale. Au B\u00e9nin, le silence des autorit\u00e9s interroge. Du c\u00f4t\u00e9 du minist\u00e8re des Affaires \u00e9trang\u00e8res comme des structures en charge de l\u2019organisation du Hadj, aucune communication officielle ne permet, pour l\u2019instant, de rassurer ou d\u2019orienter les candidats au p\u00e8lerinage. Cette absence de clart\u00e9 alimente l\u2019inqui\u00e9tude et laisse les fid\u00e8les musulmans dans une posture d\u2019attente, voire de doute. En somme, le Hadj 2026 semble bel et bien en sursis. Entre foi et incertitude, les musulmans du monde entier retiennent leur souffle.<\/p>\n<p><strong>Alassane Tour\u00e9<\/strong><\/p>\n","protected":false},"excerpt":{"rendered":"<p>Depuis plusieurs semaines, le Moyen-Orient est le th\u00e9\u00e2tre de tensions militaires avec des \u00e9changes de frappes entre Isra\u00ebl, Iran et les \u00c9tats-Unis, avec l\u2019implication directe ou indirecte de pays alli\u00e9s&hellip;<\/p>\n","protected":false},"author":5,"featured_media":18790,"comment_status":"open","ping_status":"open","sticky":false,"template":"","format":"standard","meta":{"content-type":"","om_disable_all_campaigns":false,"_monsterinsights_skip_tracking":false,"_monsterinsights_sitenote_active":false,"_monsterinsights_sitenote_note":"","_monsterinsights_sitenote_category":0,"_uf_show_specific_survey":0,"_uf_disable_surveys":false,"footnotes":""},"categories":[20],"tags":[],"class_list":["post-18789","post","type-post","status-publish","format-standard","has-post-thumbnail","hentry","category-societe"],"aioseo_notices":[],"yoast_head":"<!-- This site is optimized with the Yoast SEO plugin v27.5 - https:\/\/yoast.com\/product\/yoast-seo-wordpress\/ -->\n<title>Crise au Moyen-Orient: Le Hadj 2026 en sursis ? - Le Patriote<\/title>\n<meta name=\"robots\" content=\"index, follow, max-snippet:-1, max-image-preview:large, max-video-preview:-1\" \/>\n<link rel=\"canonical\" href=\"https:\/\/lepatriotebenin.com\/index.php\/2026\/04\/24\/crise-au-moyen-orient-le-hadj-2026-en-sursis\/\" \/>\n<meta property=\"og:locale\" content=\"fr_FR\" \/>\n<meta property=\"og:type\" content=\"article\" \/>\n<meta property=\"og:title\" content=\"Crise au Moyen-Orient: Le Hadj 2026 en sursis ? - Le Patriote\" \/>\n<meta property=\"og:description\" content=\"Depuis plusieurs semaines, le Moyen-Orient est le th\u00e9\u00e2tre de tensions militaires avec des \u00e9changes de frappes entre Isra\u00ebl, Iran et les \u00c9tats-Unis, avec l\u2019implication directe ou indirecte de pays alli\u00e9s&hellip;\" \/>\n<meta property=\"og:url\" content=\"https:\/\/lepatriotebenin.com\/index.php\/2026\/04\/24\/crise-au-moyen-orient-le-hadj-2026-en-sursis\/\" \/>\n<meta property=\"og:site_name\" content=\"Le Patriote\" \/>\n<meta property=\"article:published_time\" content=\"2026-04-24T02:10:38+00:00\" \/>\n<meta property=\"og:image\" content=\"https:\/\/lepatriotebenin.com\/wp-content\/uploads\/2026\/04\/mecques.jpg\" \/>\n\t<meta property=\"og:image:width\" content=\"768\" \/>\n\t<meta property=\"og:image:height\" content=\"470\" \/>\n\t<meta property=\"og:image:type\" content=\"image\/jpeg\" \/>\n<meta name=\"author\" content=\"Redaction\" \/>\n<meta name=\"twitter:card\" content=\"summary_large_image\" \/>\n<meta name=\"twitter:label1\" content=\"\u00c9crit par\" \/>\n\t<meta name=\"twitter:data1\" content=\"Redaction\" \/>\n\t<meta name=\"twitter:label2\" content=\"Dur\u00e9e de lecture estim\u00e9e\" \/>\n\t<meta name=\"twitter:data2\" content=\"3 minutes\" \/>\n<script type=\"application\/ld+json\" class=\"yoast-schema-graph\">{\"@context\":\"https:\\\/\\\/schema.org\",\"@graph\":[{\"@type\":\"Article\",\"@id\":\"https:\\\/\\\/lepatriotebenin.com\\\/index.php\\\/2026\\\/04\\\/24\\\/crise-au-moyen-orient-le-hadj-2026-en-sursis\\\/#article\",\"isPartOf\":{\"@id\":\"https:\\\/\\\/lepatriotebenin.com\\\/index.php\\\/2026\\\/04\\\/24\\\/crise-au-moyen-orient-le-hadj-2026-en-sursis\\\/\"},\"author\":{\"name\":\"Redaction\",\"@id\":\"https:\\\/\\\/lepatriotebenin.com\\\/#\\\/schema\\\/person\\\/2e7709b9c9cc313e452d1136af61690f\"},\"headline\":\"Crise au Moyen-Orient: Le Hadj 2026 en sursis ?\",\"datePublished\":\"2026-04-24T02:10:38+00:00\",\"mainEntityOfPage\":{\"@id\":\"https:\\\/\\\/lepatriotebenin.com\\\/index.php\\\/2026\\\/04\\\/24\\\/crise-au-moyen-orient-le-hadj-2026-en-sursis\\\/\"},\"wordCount\":499,\"commentCount\":0,\"image\":{\"@id\":\"https:\\\/\\\/lepatriotebenin.com\\\/index.php\\\/2026\\\/04\\\/24\\\/crise-au-moyen-orient-le-hadj-2026-en-sursis\\\/#primaryimage\"},\"thumbnailUrl\":\"https:\\\/\\\/lepatriotebenin.com\\\/wp-content\\\/uploads\\\/2026\\\/04\\\/mecques.jpg\",\"articleSection\":[\"Soci\u00e9t\u00e9\"],\"inLanguage\":\"fr-FR\",\"potentialAction\":[{\"@type\":\"CommentAction\",\"name\":\"Comment\",\"target\":[\"https:\\\/\\\/lepatriotebenin.com\\\/index.php\\\/2026\\\/04\\\/24\\\/crise-au-moyen-orient-le-hadj-2026-en-sursis\\\/#respond\"]}]},{\"@type\":\"WebPage\",\"@id\":\"https:\\\/\\\/lepatriotebenin.com\\\/index.php\\\/2026\\\/04\\\/24\\\/crise-au-moyen-orient-le-hadj-2026-en-sursis\\\/\",\"url\":\"https:\\\/\\\/lepatriotebenin.com\\\/index.php\\\/2026\\\/04\\\/24\\\/crise-au-moyen-orient-le-hadj-2026-en-sursis\\\/\",\"name\":\"Crise au Moyen-Orient: Le Hadj 2026 en sursis ? - Le Patriote\",\"isPartOf\":{\"@id\":\"https:\\\/\\\/lepatriotebenin.com\\\/#website\"},\"primaryImageOfPage\":{\"@id\":\"https:\\\/\\\/lepatriotebenin.com\\\/index.php\\\/2026\\\/04\\\/24\\\/crise-au-moyen-orient-le-hadj-2026-en-sursis\\\/#primaryimage\"},\"image\":{\"@id\":\"https:\\\/\\\/lepatriotebenin.com\\\/index.php\\\/2026\\\/04\\\/24\\\/crise-au-moyen-orient-le-hadj-2026-en-sursis\\\/#primaryimage\"},\"thumbnailUrl\":\"https:\\\/\\\/lepatriotebenin.com\\\/wp-content\\\/uploads\\\/2026\\\/04\\\/mecques.jpg\",\"datePublished\":\"2026-04-24T02:10:38+00:00\",\"author\":{\"@id\":\"https:\\\/\\\/lepatriotebenin.com\\\/#\\\/schema\\\/person\\\/2e7709b9c9cc313e452d1136af61690f\"},\"breadcrumb\":{\"@id\":\"https:\\\/\\\/lepatriotebenin.com\\\/index.php\\\/2026\\\/04\\\/24\\\/crise-au-moyen-orient-le-hadj-2026-en-sursis\\\/#breadcrumb\"},\"inLanguage\":\"fr-FR\",\"potentialAction\":[{\"@type\":\"ReadAction\",\"target\":[\"https:\\\/\\\/lepatriotebenin.com\\\/index.php\\\/2026\\\/04\\\/24\\\/crise-au-moyen-orient-le-hadj-2026-en-sursis\\\/\"]}]},{\"@type\":\"ImageObject\",\"inLanguage\":\"fr-FR\",\"@id\":\"https:\\\/\\\/lepatriotebenin.com\\\/index.php\\\/2026\\\/04\\\/24\\\/crise-au-moyen-orient-le-hadj-2026-en-sursis\\\/#primaryimage\",\"url\":\"https:\\\/\\\/lepatriotebenin.com\\\/wp-content\\\/uploads\\\/2026\\\/04\\\/mecques.jpg\",\"contentUrl\":\"https:\\\/\\\/lepatriotebenin.com\\\/wp-content\\\/uploads\\\/2026\\\/04\\\/mecques.jpg\",\"width\":768,\"height\":470},{\"@type\":\"BreadcrumbList\",\"@id\":\"https:\\\/\\\/lepatriotebenin.com\\\/index.php\\\/2026\\\/04\\\/24\\\/crise-au-moyen-orient-le-hadj-2026-en-sursis\\\/#breadcrumb\",\"itemListElement\":[{\"@type\":\"ListItem\",\"position\":1,\"name\":\"Accueil\",\"item\":\"https:\\\/\\\/lepatriotebenin.com\\\/\"},{\"@type\":\"ListItem\",\"position\":2,\"name\":\"Crise au Moyen-Orient: Le Hadj 2026 en sursis ?\"}]},{\"@type\":\"WebSite\",\"@id\":\"https:\\\/\\\/lepatriotebenin.com\\\/#website\",\"url\":\"https:\\\/\\\/lepatriotebenin.com\\\/\",\"name\":\"Le Patriote\",\"description\":\"Le Patriote B\u00e9nin\",\"potentialAction\":[{\"@type\":\"SearchAction\",\"target\":{\"@type\":\"EntryPoint\",\"urlTemplate\":\"https:\\\/\\\/lepatriotebenin.com\\\/?s={search_term_string}\"},\"query-input\":{\"@type\":\"PropertyValueSpecification\",\"valueRequired\":true,\"valueName\":\"search_term_string\"}}],\"inLanguage\":\"fr-FR\"},{\"@type\":\"Person\",\"@id\":\"https:\\\/\\\/lepatriotebenin.com\\\/#\\\/schema\\\/person\\\/2e7709b9c9cc313e452d1136af61690f\",\"name\":\"Redaction\",\"image\":{\"@type\":\"ImageObject\",\"inLanguage\":\"fr-FR\",\"@id\":\"https:\\\/\\\/secure.gravatar.com\\\/avatar\\\/c4c509357859ea2ca2cbb6d8812898a73e4ef1ef9934c2e591d7e32face734d1?s=96&d=mm&r=g\",\"url\":\"https:\\\/\\\/secure.gravatar.com\\\/avatar\\\/c4c509357859ea2ca2cbb6d8812898a73e4ef1ef9934c2e591d7e32face734d1?s=96&d=mm&r=g\",\"contentUrl\":\"https:\\\/\\\/secure.gravatar.com\\\/avatar\\\/c4c509357859ea2ca2cbb6d8812898a73e4ef1ef9934c2e591d7e32face734d1?s=96&d=mm&r=g\",\"caption\":\"Redaction\"},\"url\":\"https:\\\/\\\/lepatriotebenin.com\"}]}<\/script>\n<!-- \/ Yoast SEO plugin. -->","yoast_head_json":{"title":"Crise au Moyen-Orient: Le Hadj 2026 en sursis ? - Le Patriote","robots":{"index":"index","follow":"follow","max-snippet":"max-snippet:-1","max-image-preview":"max-image-preview:large","max-video-preview":"max-video-preview:-1"},"canonical":"https:\/\/lepatriotebenin.com\/index.php\/2026\/04\/24\/crise-au-moyen-orient-le-hadj-2026-en-sursis\/","og_locale":"fr_FR","og_type":"article","og_title":"Crise au Moyen-Orient: Le Hadj 2026 en sursis ? - Le Patriote","og_description":"Depuis plusieurs semaines, le Moyen-Orient est le th\u00e9\u00e2tre de tensions militaires avec des \u00e9changes de frappes entre Isra\u00ebl, Iran et les \u00c9tats-Unis, avec l\u2019implication directe ou indirecte de pays alli\u00e9s&hellip;","og_url":"https:\/\/lepatriotebenin.com\/index.php\/2026\/04\/24\/crise-au-moyen-orient-le-hadj-2026-en-sursis\/","og_site_name":"Le Patriote","article_published_time":"2026-04-24T02:10:38+00:00","og_image":[{"width":768,"height":470,"url":"https:\/\/lepatriotebenin.com\/wp-content\/uploads\/2026\/04\/mecques.jpg","type":"image\/jpeg"}],"author":"Redaction","twitter_card":"summary_large_image","twitter_misc":{"\u00c9crit par":"Redaction","Dur\u00e9e de lecture estim\u00e9e":"3 minutes"},"schema":{"@context":"https:\/\/schema.org","@graph":[{"@type":"Article","@id":"https:\/\/lepatriotebenin.com\/index.php\/2026\/04\/24\/crise-au-moyen-orient-le-hadj-2026-en-sursis\/#article","isPartOf":{"@id":"https:\/\/lepatriotebenin.com\/index.php\/2026\/04\/24\/crise-au-moyen-orient-le-hadj-2026-en-sursis\/"},"author":{"name":"Redaction","@id":"https:\/\/lepatriotebenin.com\/#\/schema\/person\/2e7709b9c9cc313e452d1136af61690f"},"headline":"Crise au Moyen-Orient: Le Hadj 2026 en sursis ?","datePublished":"2026-04-24T02:10:38+00:00","mainEntityOfPage":{"@id":"https:\/\/lepatriotebenin.com\/index.php\/2026\/04\/24\/crise-au-moyen-orient-le-hadj-2026-en-sursis\/"},"wordCount":499,"commentCount":0,"image":{"@id":"https:\/\/lepatriotebenin.com\/index.php\/2026\/04\/24\/crise-au-moyen-orient-le-hadj-2026-en-sursis\/#primaryimage"},"thumbnailUrl":"https:\/\/lepatriotebenin.com\/wp-content\/uploads\/2026\/04\/mecques.jpg","articleSection":["Soci\u00e9t\u00e9"],"inLanguage":"fr-FR","potentialAction":[{"@type":"CommentAction","name":"Comment","target":["https:\/\/lepatriotebenin.com\/index.php\/2026\/04\/24\/crise-au-moyen-orient-le-hadj-2026-en-sursis\/#respond"]}]},{"@type":"WebPage","@id":"https:\/\/lepatriotebenin.com\/index.php\/2026\/04\/24\/crise-au-moyen-orient-le-hadj-2026-en-sursis\/","url":"https:\/\/lepatriotebenin.com\/index.php\/2026\/04\/24\/crise-au-moyen-orient-le-hadj-2026-en-sursis\/","name":"Crise au Moyen-Orient: Le Hadj 2026 en sursis ? - Le Patriote","isPartOf":{"@id":"https:\/\/lepatriotebenin.com\/#website"},"primaryImageOfPage":{"@id":"https:\/\/lepatriotebenin.com\/index.php\/2026\/04\/24\/crise-au-moyen-orient-le-hadj-2026-en-sursis\/#primaryimage"},"image":{"@id":"https:\/\/lepatriotebenin.com\/index.php\/2026\/04\/24\/crise-au-moyen-orient-le-hadj-2026-en-sursis\/#primaryimage"},"thumbnailUrl":"https:\/\/lepatriotebenin.com\/wp-content\/uploads\/2026\/04\/mecques.jpg","datePublished":"2026-04-24T02:10:38+00:00","author":{"@id":"https:\/\/lepatriotebenin.com\/#\/schema\/person\/2e7709b9c9cc313e452d1136af61690f"},"breadcrumb":{"@id":"https:\/\/lepatriotebenin.com\/index.php\/2026\/04\/24\/crise-au-moyen-orient-le-hadj-2026-en-sursis\/#breadcrumb"},"inLanguage":"fr-FR","potentialAction":[{"@type":"ReadAction","target":["https:\/\/lepatriotebenin.com\/index.php\/2026\/04\/24\/crise-au-moyen-orient-le-hadj-2026-en-sursis\/"]}]},{"@type":"ImageObject","inLanguage":"fr-FR","@id":"https:\/\/lepatriotebenin.com\/index.php\/2026\/04\/24\/crise-au-moyen-orient-le-hadj-2026-en-sursis\/#primaryimage","url":"https:\/\/lepatriotebenin.com\/wp-content\/uploads\/2026\/04\/mecques.jpg","contentUrl":"https:\/\/lepatriotebenin.com\/wp-content\/uploads\/2026\/04\/mecques.jpg","width":768,"height":470},{"@type":"BreadcrumbList","@id":"https:\/\/lepatriotebenin.com\/index.php\/2026\/04\/24\/crise-au-moyen-orient-le-hadj-2026-en-sursis\/#breadcrumb","itemListElement":[{"@type":"ListItem","position":1,"name":"Accueil","item":"https:\/\/lepatriotebenin.com\/"},{"@type":"ListItem","position":2,"name":"Crise au Moyen-Orient: Le Hadj 2026 en sursis ?"}]},{"@type":"WebSite","@id":"https:\/\/lepatriotebenin.com\/#website","url":"https:\/\/lepatriotebenin.com\/","name":"Le Patriote","description":"Le Patriote B\u00e9nin","potentialAction":[{"@type":"SearchAction","target":{"@type":"EntryPoint","urlTemplate":"https:\/\/lepatriotebenin.com\/?s={search_term_string}"},"query-input":{"@type":"PropertyValueSpecification","valueRequired":true,"valueName":"search_term_string"}}],"inLanguage":"fr-FR"},{"@type":"Person","@id":"https:\/\/lepatriotebenin.com\/#\/schema\/person\/2e7709b9c9cc313e452d1136af61690f","name":"Redaction","image":{"@type":"ImageObject","inLanguage":"fr-FR","@id":"https:\/\/secure.gravatar.com\/avatar\/c4c509357859ea2ca2cbb6d8812898a73e4ef1ef9934c2e591d7e32face734d1?s=96&d=mm&r=g","url":"https:\/\/secure.gravatar.com\/avatar\/c4c509357859ea2ca2cbb6d8812898a73e4ef1ef9934c2e591d7e32face734d1?s=96&d=mm&r=g","contentUrl":"https:\/\/secure.gravatar.com\/avatar\/c4c509357859ea2ca2cbb6d8812898a73e4ef1ef9934c2e591d7e32face734d1?s=96&d=mm&r=g","caption":"Redaction"},"url":"https:\/\/lepatriotebenin.com"}]}},"_links":{"self":[{"href":"https:\/\/lepatriotebenin.com\/index.php\/wp-json\/wp\/v2\/posts\/18789","targetHints":{"allow":["GET"]}}],"collection":[{"href":"https:\/\/lepatriotebenin.com\/index.php\/wp-json\/wp\/v2\/posts"}],"about":[{"href":"https:\/\/lepatriotebenin.com\/index.php\/wp-json\/wp\/v2\/types\/post"}],"author":[{"embeddable":true,"href":"https:\/\/lepatriotebenin.com\/index.php\/wp-json\/wp\/v2\/users\/5"}],"replies":[{"embeddable":true,"href":"https:\/\/lepatriotebenin.com\/index.php\/wp-json\/wp\/v2\/comments?post=18789"}],"version-history":[{"count":1,"href":"https:\/\/lepatriotebenin.com\/index.php\/wp-json\/wp\/v2\/posts\/18789\/revisions"}],"predecessor-version":[{"id":18791,"href":"https:\/\/lepatriotebenin.com\/index.php\/wp-json\/wp\/v2\/posts\/18789\/revisions\/18791"}],"wp:featuredmedia":[{"embeddable":true,"href":"https:\/\/lepatriotebenin.com\/index.php\/wp-json\/wp\/v2\/media\/18790"}],"wp:attachment":[{"href":"https:\/\/lepatriotebenin.com\/index.php\/wp-json\/wp\/v2\/media?parent=18789"}],"wp:term":[{"taxonomy":"category","embeddable":true,"href":"https:\/\/lepatriotebenin.com\/index.php\/wp-json\/wp\/v2\/categories?post=18789"},{"taxonomy":"post_tag","embeddable":true,"href":"https:\/\/lepatriotebenin.com\/index.php\/wp-json\/wp\/v2\/tags?post=18789"}],"curies":[{"name":"wp","href":"https:\/\/api.w.org\/{rel}","templated":true}]}}