{"id":18765,"date":"2026-04-24T03:02:02","date_gmt":"2026-04-24T01:02:02","guid":{"rendered":"https:\/\/lepatriotebenin.com\/?p=18765"},"modified":"2026-04-24T03:02:02","modified_gmt":"2026-04-24T01:02:02","slug":"souverainete-energetique-et-minerais-strategiques-macron-visite-la-mine-de-lithium-de-la-france","status":"publish","type":"post","link":"https:\/\/lepatriotebenin.com\/index.php\/2026\/04\/24\/souverainete-energetique-et-minerais-strategiques-macron-visite-la-mine-de-lithium-de-la-france\/","title":{"rendered":"Souverainet\u00e9 \u00e9nerg\u00e9tique et minerais strat\u00e9giques: Macron visite  la mine de lithium de la \u200eFrance"},"content":{"rendered":"<p>Le pr\u00e9sident fran\u00e7ais a inaugur\u00e9 un projet strat\u00e9gique de mine de lithium dans le centre du pays. C&rsquo;est un symbole fort de la volont\u00e9 de la France, de r\u00e9duire la d\u00e9pendance aux importations et d\u2019acc\u00e9l\u00e9rer la transition \u00e9nerg\u00e9tique.<\/p>\n<p>\u200eEn d\u00e9placement dans le centre de la France, le pr\u00e9sident Emmanuel Macron a marqu\u00e9 une \u00e9tape cl\u00e9 de sa politique industrielle en inaugurant une mine de lithium \u00e0 \u00c9chassi\u00e8res, apr\u00e8s avoir pr\u00e9sid\u00e9 un Conseil des ministres d\u00e9localis\u00e9 \u00e0 Montlu\u00e7on. \u00ab Il faut que j\u2019aille \u00e0 la mine ! \u00bb, a-t-il lanc\u00e9, soulignant l\u2019importance strat\u00e9gique du projet pour l\u2019avenir \u00e9conomique du pays.<\/p>\n<p>\u200ePort\u00e9 par le groupe Imerys, ce site s\u2019inscrit dans un vaste plan de r\u00e9industrialisation et de souverainet\u00e9 \u00e9nerg\u00e9tique. \u00c0 partir de 2030, la mine devrait produire environ 34 000 tonnes d\u2019hydroxyde de lithium par an, de quoi \u00e9quiper pr\u00e8s de 700 000 v\u00e9hicules \u00e9lectriques chaque ann\u00e9e.<\/p>\n<p>\u200eLe lithium est un m\u00e9tal essentiel \u00e0 la fabrication des batteries \u00e9lectriques, au c\u0153ur de la transition \u00e9nerg\u00e9tique. Aujourd\u2019hui, l\u2019Europe d\u00e9pend fortement des importations, notamment chinoises, pour son approvisionnement. Ce projet vise ainsi \u00e0 s\u00e9curiser une partie de la cha\u00eene de production sur le continent et \u00e0 soutenir l\u2019essor de la mobilit\u00e9 \u00e9lectrique.<\/p>\n<p>\u200eLe site d\u2019\u00c9chassi\u00e8res, consid\u00e9r\u00e9 comme l\u2019un des principaux gisements de lithium en Europe, pourrait \u00e9galement g\u00e9n\u00e9rer plus de 1 500 emplois directs et indirects, renfor\u00e7ant l\u2019activit\u00e9 \u00e9conomique locale selon les autorit\u00e9s.<\/p>\n<p><strong>\u200eAcc\u00e9l\u00e9rer les projets industriels<\/strong><\/p>\n<p>\u200eAu-del\u00e0 de l\u2019inauguration, Emmanuel Macron a d\u00e9fendu une nouvelle m\u00e9thode pour acc\u00e9l\u00e9rer les grands projets industriels. Inspir\u00e9e de la reconstruction rapide de Notre-Dame de Paris, cette strat\u00e9gie vise \u00e0 simplifier les proc\u00e9dures administratives et r\u00e9duire les d\u00e9lais de mise en \u0153uvre.<\/p>\n<p>\u200eL\u2019ex\u00e9cutif entend appliquer ce mod\u00e8le \u00e0 150 projets jug\u00e9s strat\u00e9giques, repr\u00e9sentant un investissement global de plusieurs dizaines de milliards d\u2019euros. L\u2019objectif est clair : renforcer la comp\u00e9titivit\u00e9 industrielle de la France tout en r\u00e9pondant aux d\u00e9fis climatiques.<\/p>\n<p>\u200eSi ce projet incarne les ambitions industrielles fran\u00e7aises, il suscite aussi des interrogations environnementales, notamment sur l\u2019impact de l\u2019extraction mini\u00e8re. Un d\u00e9bat qui devrait accompagner les prochaines \u00e9tapes de ce chantier embl\u00e9matique.<\/p>\n<p>\u200e<strong>Ez\u00e9chiel Dagb\u00e9gnon PADONOU<\/strong><\/p>\n<p>\u200e<\/p>\n","protected":false},"excerpt":{"rendered":"<p>Le pr\u00e9sident fran\u00e7ais a inaugur\u00e9 un projet strat\u00e9gique de mine de lithium dans le centre du pays. C&rsquo;est un symbole fort de la volont\u00e9 de la France, de r\u00e9duire la&hellip;<\/p>\n","protected":false},"author":5,"featured_media":18766,"comment_status":"open","ping_status":"open","sticky":false,"template":"","format":"standard","meta":{"content-type":"","om_disable_all_campaigns":false,"_monsterinsights_skip_tracking":false,"_monsterinsights_sitenote_active":false,"_monsterinsights_sitenote_note":"","_monsterinsights_sitenote_category":0,"_uf_show_specific_survey":0,"_uf_disable_surveys":false,"footnotes":""},"categories":[20],"tags":[],"class_list":["post-18765","post","type-post","status-publish","format-standard","has-post-thumbnail","hentry","category-societe"],"aioseo_notices":[],"yoast_head":"<!-- This site is optimized with the Yoast SEO plugin v27.5 - https:\/\/yoast.com\/product\/yoast-seo-wordpress\/ -->\n<title>Souverainet\u00e9 \u00e9nerg\u00e9tique et minerais strat\u00e9giques: Macron visite la mine de lithium de la \u200eFrance - Le Patriote<\/title>\n<meta name=\"robots\" content=\"index, follow, max-snippet:-1, max-image-preview:large, max-video-preview:-1\" \/>\n<link rel=\"canonical\" href=\"https:\/\/lepatriotebenin.com\/index.php\/2026\/04\/24\/souverainete-energetique-et-minerais-strategiques-macron-visite-la-mine-de-lithium-de-la-france\/\" \/>\n<meta property=\"og:locale\" content=\"fr_FR\" \/>\n<meta property=\"og:type\" content=\"article\" \/>\n<meta property=\"og:title\" content=\"Souverainet\u00e9 \u00e9nerg\u00e9tique et minerais strat\u00e9giques: Macron visite la mine de lithium de la \u200eFrance - Le Patriote\" \/>\n<meta property=\"og:description\" content=\"Le pr\u00e9sident fran\u00e7ais a inaugur\u00e9 un projet strat\u00e9gique de mine de lithium dans le centre du pays. C&rsquo;est un symbole fort de la volont\u00e9 de la France, de r\u00e9duire la&hellip;\" \/>\n<meta property=\"og:url\" content=\"https:\/\/lepatriotebenin.com\/index.php\/2026\/04\/24\/souverainete-energetique-et-minerais-strategiques-macron-visite-la-mine-de-lithium-de-la-france\/\" \/>\n<meta property=\"og:site_name\" content=\"Le Patriote\" \/>\n<meta property=\"article:published_time\" content=\"2026-04-24T01:02:02+00:00\" \/>\n<meta property=\"og:image\" content=\"https:\/\/lepatriotebenin.com\/wp-content\/uploads\/2026\/04\/francea.jpeg\" \/>\n\t<meta property=\"og:image:width\" content=\"1280\" \/>\n\t<meta property=\"og:image:height\" content=\"853\" \/>\n\t<meta property=\"og:image:type\" content=\"image\/jpeg\" \/>\n<meta name=\"author\" content=\"Redaction\" \/>\n<meta name=\"twitter:card\" content=\"summary_large_image\" \/>\n<meta name=\"twitter:label1\" content=\"\u00c9crit par\" \/>\n\t<meta name=\"twitter:data1\" content=\"Redaction\" \/>\n\t<meta name=\"twitter:label2\" content=\"Dur\u00e9e de lecture estim\u00e9e\" \/>\n\t<meta name=\"twitter:data2\" content=\"2 minutes\" \/>\n<script type=\"application\/ld+json\" class=\"yoast-schema-graph\">{\"@context\":\"https:\\\/\\\/schema.org\",\"@graph\":[{\"@type\":\"Article\",\"@id\":\"https:\\\/\\\/lepatriotebenin.com\\\/index.php\\\/2026\\\/04\\\/24\\\/souverainete-energetique-et-minerais-strategiques-macron-visite-la-mine-de-lithium-de-la-france\\\/#article\",\"isPartOf\":{\"@id\":\"https:\\\/\\\/lepatriotebenin.com\\\/index.php\\\/2026\\\/04\\\/24\\\/souverainete-energetique-et-minerais-strategiques-macron-visite-la-mine-de-lithium-de-la-france\\\/\"},\"author\":{\"name\":\"Redaction\",\"@id\":\"https:\\\/\\\/lepatriotebenin.com\\\/#\\\/schema\\\/person\\\/2e7709b9c9cc313e452d1136af61690f\"},\"headline\":\"Souverainet\u00e9 \u00e9nerg\u00e9tique et minerais strat\u00e9giques: Macron visite la mine de lithium de la \u200eFrance\",\"datePublished\":\"2026-04-24T01:02:02+00:00\",\"mainEntityOfPage\":{\"@id\":\"https:\\\/\\\/lepatriotebenin.com\\\/index.php\\\/2026\\\/04\\\/24\\\/souverainete-energetique-et-minerais-strategiques-macron-visite-la-mine-de-lithium-de-la-france\\\/\"},\"wordCount\":418,\"commentCount\":0,\"image\":{\"@id\":\"https:\\\/\\\/lepatriotebenin.com\\\/index.php\\\/2026\\\/04\\\/24\\\/souverainete-energetique-et-minerais-strategiques-macron-visite-la-mine-de-lithium-de-la-france\\\/#primaryimage\"},\"thumbnailUrl\":\"https:\\\/\\\/lepatriotebenin.com\\\/wp-content\\\/uploads\\\/2026\\\/04\\\/francea.jpeg\",\"articleSection\":[\"Soci\u00e9t\u00e9\"],\"inLanguage\":\"fr-FR\",\"potentialAction\":[{\"@type\":\"CommentAction\",\"name\":\"Comment\",\"target\":[\"https:\\\/\\\/lepatriotebenin.com\\\/index.php\\\/2026\\\/04\\\/24\\\/souverainete-energetique-et-minerais-strategiques-macron-visite-la-mine-de-lithium-de-la-france\\\/#respond\"]}]},{\"@type\":\"WebPage\",\"@id\":\"https:\\\/\\\/lepatriotebenin.com\\\/index.php\\\/2026\\\/04\\\/24\\\/souverainete-energetique-et-minerais-strategiques-macron-visite-la-mine-de-lithium-de-la-france\\\/\",\"url\":\"https:\\\/\\\/lepatriotebenin.com\\\/index.php\\\/2026\\\/04\\\/24\\\/souverainete-energetique-et-minerais-strategiques-macron-visite-la-mine-de-lithium-de-la-france\\\/\",\"name\":\"Souverainet\u00e9 \u00e9nerg\u00e9tique et minerais strat\u00e9giques: Macron visite la mine de lithium de la \u200eFrance - Le Patriote\",\"isPartOf\":{\"@id\":\"https:\\\/\\\/lepatriotebenin.com\\\/#website\"},\"primaryImageOfPage\":{\"@id\":\"https:\\\/\\\/lepatriotebenin.com\\\/index.php\\\/2026\\\/04\\\/24\\\/souverainete-energetique-et-minerais-strategiques-macron-visite-la-mine-de-lithium-de-la-france\\\/#primaryimage\"},\"image\":{\"@id\":\"https:\\\/\\\/lepatriotebenin.com\\\/index.php\\\/2026\\\/04\\\/24\\\/souverainete-energetique-et-minerais-strategiques-macron-visite-la-mine-de-lithium-de-la-france\\\/#primaryimage\"},\"thumbnailUrl\":\"https:\\\/\\\/lepatriotebenin.com\\\/wp-content\\\/uploads\\\/2026\\\/04\\\/francea.jpeg\",\"datePublished\":\"2026-04-24T01:02:02+00:00\",\"author\":{\"@id\":\"https:\\\/\\\/lepatriotebenin.com\\\/#\\\/schema\\\/person\\\/2e7709b9c9cc313e452d1136af61690f\"},\"breadcrumb\":{\"@id\":\"https:\\\/\\\/lepatriotebenin.com\\\/index.php\\\/2026\\\/04\\\/24\\\/souverainete-energetique-et-minerais-strategiques-macron-visite-la-mine-de-lithium-de-la-france\\\/#breadcrumb\"},\"inLanguage\":\"fr-FR\",\"potentialAction\":[{\"@type\":\"ReadAction\",\"target\":[\"https:\\\/\\\/lepatriotebenin.com\\\/index.php\\\/2026\\\/04\\\/24\\\/souverainete-energetique-et-minerais-strategiques-macron-visite-la-mine-de-lithium-de-la-france\\\/\"]}]},{\"@type\":\"ImageObject\",\"inLanguage\":\"fr-FR\",\"@id\":\"https:\\\/\\\/lepatriotebenin.com\\\/index.php\\\/2026\\\/04\\\/24\\\/souverainete-energetique-et-minerais-strategiques-macron-visite-la-mine-de-lithium-de-la-france\\\/#primaryimage\",\"url\":\"https:\\\/\\\/lepatriotebenin.com\\\/wp-content\\\/uploads\\\/2026\\\/04\\\/francea.jpeg\",\"contentUrl\":\"https:\\\/\\\/lepatriotebenin.com\\\/wp-content\\\/uploads\\\/2026\\\/04\\\/francea.jpeg\",\"width\":1280,\"height\":853},{\"@type\":\"BreadcrumbList\",\"@id\":\"https:\\\/\\\/lepatriotebenin.com\\\/index.php\\\/2026\\\/04\\\/24\\\/souverainete-energetique-et-minerais-strategiques-macron-visite-la-mine-de-lithium-de-la-france\\\/#breadcrumb\",\"itemListElement\":[{\"@type\":\"ListItem\",\"position\":1,\"name\":\"Accueil\",\"item\":\"https:\\\/\\\/lepatriotebenin.com\\\/\"},{\"@type\":\"ListItem\",\"position\":2,\"name\":\"Souverainet\u00e9 \u00e9nerg\u00e9tique et minerais strat\u00e9giques: Macron visite la mine de lithium de la \u200eFrance\"}]},{\"@type\":\"WebSite\",\"@id\":\"https:\\\/\\\/lepatriotebenin.com\\\/#website\",\"url\":\"https:\\\/\\\/lepatriotebenin.com\\\/\",\"name\":\"Le Patriote\",\"description\":\"Le Patriote B\u00e9nin\",\"potentialAction\":[{\"@type\":\"SearchAction\",\"target\":{\"@type\":\"EntryPoint\",\"urlTemplate\":\"https:\\\/\\\/lepatriotebenin.com\\\/?s={search_term_string}\"},\"query-input\":{\"@type\":\"PropertyValueSpecification\",\"valueRequired\":true,\"valueName\":\"search_term_string\"}}],\"inLanguage\":\"fr-FR\"},{\"@type\":\"Person\",\"@id\":\"https:\\\/\\\/lepatriotebenin.com\\\/#\\\/schema\\\/person\\\/2e7709b9c9cc313e452d1136af61690f\",\"name\":\"Redaction\",\"image\":{\"@type\":\"ImageObject\",\"inLanguage\":\"fr-FR\",\"@id\":\"https:\\\/\\\/secure.gravatar.com\\\/avatar\\\/c4c509357859ea2ca2cbb6d8812898a73e4ef1ef9934c2e591d7e32face734d1?s=96&d=mm&r=g\",\"url\":\"https:\\\/\\\/secure.gravatar.com\\\/avatar\\\/c4c509357859ea2ca2cbb6d8812898a73e4ef1ef9934c2e591d7e32face734d1?s=96&d=mm&r=g\",\"contentUrl\":\"https:\\\/\\\/secure.gravatar.com\\\/avatar\\\/c4c509357859ea2ca2cbb6d8812898a73e4ef1ef9934c2e591d7e32face734d1?s=96&d=mm&r=g\",\"caption\":\"Redaction\"},\"url\":\"https:\\\/\\\/lepatriotebenin.com\"}]}<\/script>\n<!-- \/ Yoast SEO plugin. -->","yoast_head_json":{"title":"Souverainet\u00e9 \u00e9nerg\u00e9tique et minerais strat\u00e9giques: Macron visite la mine de lithium de la \u200eFrance - Le Patriote","robots":{"index":"index","follow":"follow","max-snippet":"max-snippet:-1","max-image-preview":"max-image-preview:large","max-video-preview":"max-video-preview:-1"},"canonical":"https:\/\/lepatriotebenin.com\/index.php\/2026\/04\/24\/souverainete-energetique-et-minerais-strategiques-macron-visite-la-mine-de-lithium-de-la-france\/","og_locale":"fr_FR","og_type":"article","og_title":"Souverainet\u00e9 \u00e9nerg\u00e9tique et minerais strat\u00e9giques: Macron visite la mine de lithium de la \u200eFrance - Le Patriote","og_description":"Le pr\u00e9sident fran\u00e7ais a inaugur\u00e9 un projet strat\u00e9gique de mine de lithium dans le centre du pays. C&rsquo;est un symbole fort de la volont\u00e9 de la France, de r\u00e9duire la&hellip;","og_url":"https:\/\/lepatriotebenin.com\/index.php\/2026\/04\/24\/souverainete-energetique-et-minerais-strategiques-macron-visite-la-mine-de-lithium-de-la-france\/","og_site_name":"Le Patriote","article_published_time":"2026-04-24T01:02:02+00:00","og_image":[{"width":1280,"height":853,"url":"https:\/\/lepatriotebenin.com\/wp-content\/uploads\/2026\/04\/francea.jpeg","type":"image\/jpeg"}],"author":"Redaction","twitter_card":"summary_large_image","twitter_misc":{"\u00c9crit par":"Redaction","Dur\u00e9e de lecture estim\u00e9e":"2 minutes"},"schema":{"@context":"https:\/\/schema.org","@graph":[{"@type":"Article","@id":"https:\/\/lepatriotebenin.com\/index.php\/2026\/04\/24\/souverainete-energetique-et-minerais-strategiques-macron-visite-la-mine-de-lithium-de-la-france\/#article","isPartOf":{"@id":"https:\/\/lepatriotebenin.com\/index.php\/2026\/04\/24\/souverainete-energetique-et-minerais-strategiques-macron-visite-la-mine-de-lithium-de-la-france\/"},"author":{"name":"Redaction","@id":"https:\/\/lepatriotebenin.com\/#\/schema\/person\/2e7709b9c9cc313e452d1136af61690f"},"headline":"Souverainet\u00e9 \u00e9nerg\u00e9tique et minerais strat\u00e9giques: Macron visite la mine de lithium de la \u200eFrance","datePublished":"2026-04-24T01:02:02+00:00","mainEntityOfPage":{"@id":"https:\/\/lepatriotebenin.com\/index.php\/2026\/04\/24\/souverainete-energetique-et-minerais-strategiques-macron-visite-la-mine-de-lithium-de-la-france\/"},"wordCount":418,"commentCount":0,"image":{"@id":"https:\/\/lepatriotebenin.com\/index.php\/2026\/04\/24\/souverainete-energetique-et-minerais-strategiques-macron-visite-la-mine-de-lithium-de-la-france\/#primaryimage"},"thumbnailUrl":"https:\/\/lepatriotebenin.com\/wp-content\/uploads\/2026\/04\/francea.jpeg","articleSection":["Soci\u00e9t\u00e9"],"inLanguage":"fr-FR","potentialAction":[{"@type":"CommentAction","name":"Comment","target":["https:\/\/lepatriotebenin.com\/index.php\/2026\/04\/24\/souverainete-energetique-et-minerais-strategiques-macron-visite-la-mine-de-lithium-de-la-france\/#respond"]}]},{"@type":"WebPage","@id":"https:\/\/lepatriotebenin.com\/index.php\/2026\/04\/24\/souverainete-energetique-et-minerais-strategiques-macron-visite-la-mine-de-lithium-de-la-france\/","url":"https:\/\/lepatriotebenin.com\/index.php\/2026\/04\/24\/souverainete-energetique-et-minerais-strategiques-macron-visite-la-mine-de-lithium-de-la-france\/","name":"Souverainet\u00e9 \u00e9nerg\u00e9tique et minerais strat\u00e9giques: Macron visite la mine de lithium de la \u200eFrance - Le Patriote","isPartOf":{"@id":"https:\/\/lepatriotebenin.com\/#website"},"primaryImageOfPage":{"@id":"https:\/\/lepatriotebenin.com\/index.php\/2026\/04\/24\/souverainete-energetique-et-minerais-strategiques-macron-visite-la-mine-de-lithium-de-la-france\/#primaryimage"},"image":{"@id":"https:\/\/lepatriotebenin.com\/index.php\/2026\/04\/24\/souverainete-energetique-et-minerais-strategiques-macron-visite-la-mine-de-lithium-de-la-france\/#primaryimage"},"thumbnailUrl":"https:\/\/lepatriotebenin.com\/wp-content\/uploads\/2026\/04\/francea.jpeg","datePublished":"2026-04-24T01:02:02+00:00","author":{"@id":"https:\/\/lepatriotebenin.com\/#\/schema\/person\/2e7709b9c9cc313e452d1136af61690f"},"breadcrumb":{"@id":"https:\/\/lepatriotebenin.com\/index.php\/2026\/04\/24\/souverainete-energetique-et-minerais-strategiques-macron-visite-la-mine-de-lithium-de-la-france\/#breadcrumb"},"inLanguage":"fr-FR","potentialAction":[{"@type":"ReadAction","target":["https:\/\/lepatriotebenin.com\/index.php\/2026\/04\/24\/souverainete-energetique-et-minerais-strategiques-macron-visite-la-mine-de-lithium-de-la-france\/"]}]},{"@type":"ImageObject","inLanguage":"fr-FR","@id":"https:\/\/lepatriotebenin.com\/index.php\/2026\/04\/24\/souverainete-energetique-et-minerais-strategiques-macron-visite-la-mine-de-lithium-de-la-france\/#primaryimage","url":"https:\/\/lepatriotebenin.com\/wp-content\/uploads\/2026\/04\/francea.jpeg","contentUrl":"https:\/\/lepatriotebenin.com\/wp-content\/uploads\/2026\/04\/francea.jpeg","width":1280,"height":853},{"@type":"BreadcrumbList","@id":"https:\/\/lepatriotebenin.com\/index.php\/2026\/04\/24\/souverainete-energetique-et-minerais-strategiques-macron-visite-la-mine-de-lithium-de-la-france\/#breadcrumb","itemListElement":[{"@type":"ListItem","position":1,"name":"Accueil","item":"https:\/\/lepatriotebenin.com\/"},{"@type":"ListItem","position":2,"name":"Souverainet\u00e9 \u00e9nerg\u00e9tique et minerais strat\u00e9giques: Macron visite la mine de lithium de la \u200eFrance"}]},{"@type":"WebSite","@id":"https:\/\/lepatriotebenin.com\/#website","url":"https:\/\/lepatriotebenin.com\/","name":"Le Patriote","description":"Le Patriote B\u00e9nin","potentialAction":[{"@type":"SearchAction","target":{"@type":"EntryPoint","urlTemplate":"https:\/\/lepatriotebenin.com\/?s={search_term_string}"},"query-input":{"@type":"PropertyValueSpecification","valueRequired":true,"valueName":"search_term_string"}}],"inLanguage":"fr-FR"},{"@type":"Person","@id":"https:\/\/lepatriotebenin.com\/#\/schema\/person\/2e7709b9c9cc313e452d1136af61690f","name":"Redaction","image":{"@type":"ImageObject","inLanguage":"fr-FR","@id":"https:\/\/secure.gravatar.com\/avatar\/c4c509357859ea2ca2cbb6d8812898a73e4ef1ef9934c2e591d7e32face734d1?s=96&d=mm&r=g","url":"https:\/\/secure.gravatar.com\/avatar\/c4c509357859ea2ca2cbb6d8812898a73e4ef1ef9934c2e591d7e32face734d1?s=96&d=mm&r=g","contentUrl":"https:\/\/secure.gravatar.com\/avatar\/c4c509357859ea2ca2cbb6d8812898a73e4ef1ef9934c2e591d7e32face734d1?s=96&d=mm&r=g","caption":"Redaction"},"url":"https:\/\/lepatriotebenin.com"}]}},"_links":{"self":[{"href":"https:\/\/lepatriotebenin.com\/index.php\/wp-json\/wp\/v2\/posts\/18765","targetHints":{"allow":["GET"]}}],"collection":[{"href":"https:\/\/lepatriotebenin.com\/index.php\/wp-json\/wp\/v2\/posts"}],"about":[{"href":"https:\/\/lepatriotebenin.com\/index.php\/wp-json\/wp\/v2\/types\/post"}],"author":[{"embeddable":true,"href":"https:\/\/lepatriotebenin.com\/index.php\/wp-json\/wp\/v2\/users\/5"}],"replies":[{"embeddable":true,"href":"https:\/\/lepatriotebenin.com\/index.php\/wp-json\/wp\/v2\/comments?post=18765"}],"version-history":[{"count":1,"href":"https:\/\/lepatriotebenin.com\/index.php\/wp-json\/wp\/v2\/posts\/18765\/revisions"}],"predecessor-version":[{"id":18767,"href":"https:\/\/lepatriotebenin.com\/index.php\/wp-json\/wp\/v2\/posts\/18765\/revisions\/18767"}],"wp:featuredmedia":[{"embeddable":true,"href":"https:\/\/lepatriotebenin.com\/index.php\/wp-json\/wp\/v2\/media\/18766"}],"wp:attachment":[{"href":"https:\/\/lepatriotebenin.com\/index.php\/wp-json\/wp\/v2\/media?parent=18765"}],"wp:term":[{"taxonomy":"category","embeddable":true,"href":"https:\/\/lepatriotebenin.com\/index.php\/wp-json\/wp\/v2\/categories?post=18765"},{"taxonomy":"post_tag","embeddable":true,"href":"https:\/\/lepatriotebenin.com\/index.php\/wp-json\/wp\/v2\/tags?post=18765"}],"curies":[{"name":"wp","href":"https:\/\/api.w.org\/{rel}","templated":true}]}}