{"id":18762,"date":"2026-04-24T02:53:54","date_gmt":"2026-04-24T00:53:54","guid":{"rendered":"https:\/\/lepatriotebenin.com\/?p=18762"},"modified":"2026-04-24T02:53:54","modified_gmt":"2026-04-24T00:53:54","slug":"angola-guinee-equatoriale-les-temps-marquants-de-la-fin-du-voyage-africain-de-leon-xiv","status":"publish","type":"post","link":"https:\/\/lepatriotebenin.com\/index.php\/2026\/04\/24\/angola-guinee-equatoriale-les-temps-marquants-de-la-fin-du-voyage-africain-de-leon-xiv\/","title":{"rendered":"\u200eAngola \u2013 Guin\u00e9e \u00e9quatoriale : les temps marquants de la fin du voyage africain de L\u00e9on XIV"},"content":{"rendered":"<p>Dans les deux derni\u00e8res \u00e9tapes de sa tourn\u00e9e, le pape L\u00e9on XIV a tenu des discours forts en Angola et en Guin\u00e9e \u00e9quatoriale. Il a parl\u00e9 d\u2019in\u00e9galit\u00e9s, de justice et de dignit\u00e9 humaine, avec des gestes tr\u00e8s symboliques.<\/p>\n<p>\u200eApr\u00e8s ses passages en Alg\u00e9rie et au Cameroun, le pape L\u00e9on XIV est arriv\u00e9 en Angola le 18 avril 2026. D\u00e8s son premier discours \u00e0 Luanda devant les autorit\u00e9s, il a d\u00e9nonc\u00e9 les in\u00e9galit\u00e9s malgr\u00e9 les richesses du pays. Il a appel\u00e9 les dirigeants \u00e0 \u00ab servir le bien commun \u00bb et non leurs int\u00e9r\u00eats personnels.<\/p>\n<p>\u200eUn des moments les plus forts a \u00e9t\u00e9 la grande messe c\u00e9l\u00e9br\u00e9e \u00e0 Kilamba, pr\u00e8s de Luanda. Des dizaines de milliers de fid\u00e8les \u00e9taient pr\u00e9sents. Le pape a d\u00e9crit l\u2019Angola comme un pays \u00ab beau mais bless\u00e9 \u00bb et a appel\u00e9 \u00e0 tourner la page des divisions h\u00e9rit\u00e9es de la guerre civile.<\/p>\n<p>\u200eIl s\u2019est aussi rendu au sanctuaire marial de Muxima, un lieu tr\u00e8s important pour les croyants. L\u00e0-bas, il a insist\u00e9 sur la paix et la r\u00e9conciliation. Dans son message, le pape a exhort\u00e9 les autorit\u00e9s \u00e0 reconstruire le pays en pensant d\u2019abord aux plus pauvres.<\/p>\n<p><strong>\u200eEn Guin\u00e9e \u00e9quatoriale<\/strong><\/p>\n<p>\u200eLe pape est arriv\u00e9 en Guin\u00e9e \u00e9quatoriale le 21 avril pour la derni\u00e8re \u00e9tape de sa tourn\u00e9e. Il a \u00e9t\u00e9 accueilli \u00e0 Malabo par le pr\u00e9sident Teodoro Obiang Nguema Mbasogo, au pouvoir depuis 1979, et le plus ancien chef d\u2019\u00c9tat en exercice en Afrique.<\/p>\n<p>\u200eDans son discours devant les autorit\u00e9s, il a \u00e9t\u00e9 tr\u00e8s direct. Il a d\u00e9nonc\u00e9 \u00ab la volont\u00e9 de domination, la discrimination et les abus de pouvoir \u00bb, appelant \u00e0 plus de justice et de respect des droits humains.<\/p>\n<p>\u200eLe 22 avril, il a c\u00e9l\u00e9br\u00e9 une grande messe \u00e0 Mongomo, dans la basilique de l\u2019Immacul\u00e9e Conception, la plus grande \u00e9glise d\u2019Afrique centrale. Devant une foule importante et les autorit\u00e9s, il a insist\u00e9 sur l\u2019\u00e9galit\u00e9 et le bien commun, rappelant que la richesse du pays doit profiter \u00e0 tous.<\/p>\n<p>\u200eMais le moment le plus marquant reste sa visite \u00e0 la prison de Bata le m\u00eame jour. Dans ce lieu connu pour ses conditions difficiles, il a rencontr\u00e9 des d\u00e9tenus et leur a adress\u00e9 un message d&rsquo;esp\u00e9rance. \u200e\u00ab Vous n\u2019\u00eates pas seuls \u00bb a-t-il d\u00e9clar\u00e9.<\/p>\n<p>\u200eIl a aussi rappel\u00e9 que la justice doit respecter la dignit\u00e9 humaine et ne pas seulement punir. Cette visite a attir\u00e9 l\u2019attention sur les questions des droits humains dans le pays.<\/p>\n<p>\u200eLe pape s\u2019est \u00e9galement recueilli \u00e0 Bata en m\u00e9moire des victimes de l\u2019explosion de 2021, montrant sa solidarit\u00e9 avec les familles touch\u00e9es.<\/p>\n<p><strong>\u200eUn bilan d\u2019une tourn\u00e9e marquante<\/strong><\/p>\n<p>\u200eAvec ces \u00e9tapes en Angola et en Guin\u00e9e \u00e9quatoriale, le pape L\u00e9on XIV a termin\u00e9 une tourn\u00e9e africaine de dix jours, du 13 au 23 avril 2026.<\/p>\n<p>\u200eDans les quatre pays visit\u00e9s, les messages\u00a0\u00a0 du\u00a0 pape L\u00e9on XIV \u1e63e sont bas\u00e9s sur le dialogue, la paix, la justice sociale, le respect des droits humains et la bonne gouvernance.<\/p>\n<p>\u200eCe voyage a aussi montr\u00e9 un pape plus engag\u00e9. Il a critiqu\u00e9 la corruption, les in\u00e9galit\u00e9s et les abus de pouvoir, tout en appelant \u00e0 la dignit\u00e9 et \u00e0 la solidarit\u00e9.<\/p>\n<p>\u200eApr\u00e8s des visites en Turquie, au Liban et \u00e0 Monaco, le pape signe avec l\u2019Afrique sa premi\u00e8re grande tourn\u00e9e internationale. Ce d\u00e9placement, tr\u00e8s dense et tr\u00e8s politique, confirme que l\u2019Afrique est devenue un terrain important pour l\u2019action du Vatican.<\/p>\n<p><strong>\u200eEz\u00e9chiel Dagb\u00e9gnon PADONOU<\/strong><\/p>\n","protected":false},"excerpt":{"rendered":"<p>Dans les deux derni\u00e8res \u00e9tapes de sa tourn\u00e9e, le pape L\u00e9on XIV a tenu des discours forts en Angola et en Guin\u00e9e \u00e9quatoriale. Il a parl\u00e9 d\u2019in\u00e9galit\u00e9s, de justice et&hellip;<\/p>\n","protected":false},"author":5,"featured_media":18763,"comment_status":"open","ping_status":"open","sticky":false,"template":"","format":"standard","meta":{"content-type":"","om_disable_all_campaigns":false,"_monsterinsights_skip_tracking":false,"_monsterinsights_sitenote_active":false,"_monsterinsights_sitenote_note":"","_monsterinsights_sitenote_category":0,"_uf_show_specific_survey":0,"_uf_disable_surveys":false,"footnotes":""},"categories":[20],"tags":[],"class_list":["post-18762","post","type-post","status-publish","format-standard","has-post-thumbnail","hentry","category-societe"],"aioseo_notices":[],"yoast_head":"<!-- This site is optimized with the Yoast SEO plugin v27.5 - https:\/\/yoast.com\/product\/yoast-seo-wordpress\/ -->\n<title>\u200eAngola \u2013 Guin\u00e9e \u00e9quatoriale : les temps marquants de la fin du voyage africain de L\u00e9on XIV - Le Patriote<\/title>\n<meta name=\"robots\" content=\"index, follow, max-snippet:-1, max-image-preview:large, max-video-preview:-1\" \/>\n<link rel=\"canonical\" href=\"https:\/\/lepatriotebenin.com\/index.php\/2026\/04\/24\/angola-guinee-equatoriale-les-temps-marquants-de-la-fin-du-voyage-africain-de-leon-xiv\/\" \/>\n<meta property=\"og:locale\" content=\"fr_FR\" \/>\n<meta property=\"og:type\" content=\"article\" \/>\n<meta property=\"og:title\" content=\"\u200eAngola \u2013 Guin\u00e9e \u00e9quatoriale : les temps marquants de la fin du voyage africain de L\u00e9on XIV - Le Patriote\" \/>\n<meta property=\"og:description\" content=\"Dans les deux derni\u00e8res \u00e9tapes de sa tourn\u00e9e, le pape L\u00e9on XIV a tenu des discours forts en Angola et en Guin\u00e9e \u00e9quatoriale. Il a parl\u00e9 d\u2019in\u00e9galit\u00e9s, de justice et&hellip;\" \/>\n<meta property=\"og:url\" content=\"https:\/\/lepatriotebenin.com\/index.php\/2026\/04\/24\/angola-guinee-equatoriale-les-temps-marquants-de-la-fin-du-voyage-africain-de-leon-xiv\/\" \/>\n<meta property=\"og:site_name\" content=\"Le Patriote\" \/>\n<meta property=\"article:published_time\" content=\"2026-04-24T00:53:54+00:00\" \/>\n<meta property=\"og:image\" content=\"https:\/\/lepatriotebenin.com\/wp-content\/uploads\/2026\/04\/angola-a.jpeg\" \/>\n\t<meta property=\"og:image:width\" content=\"720\" \/>\n\t<meta property=\"og:image:height\" content=\"481\" \/>\n\t<meta property=\"og:image:type\" content=\"image\/jpeg\" \/>\n<meta name=\"author\" content=\"Redaction\" \/>\n<meta name=\"twitter:card\" content=\"summary_large_image\" \/>\n<meta name=\"twitter:label1\" content=\"\u00c9crit par\" \/>\n\t<meta name=\"twitter:data1\" content=\"Redaction\" \/>\n\t<meta name=\"twitter:label2\" content=\"Dur\u00e9e de lecture estim\u00e9e\" \/>\n\t<meta name=\"twitter:data2\" content=\"4 minutes\" \/>\n<script type=\"application\/ld+json\" class=\"yoast-schema-graph\">{\"@context\":\"https:\\\/\\\/schema.org\",\"@graph\":[{\"@type\":\"Article\",\"@id\":\"https:\\\/\\\/lepatriotebenin.com\\\/index.php\\\/2026\\\/04\\\/24\\\/angola-guinee-equatoriale-les-temps-marquants-de-la-fin-du-voyage-africain-de-leon-xiv\\\/#article\",\"isPartOf\":{\"@id\":\"https:\\\/\\\/lepatriotebenin.com\\\/index.php\\\/2026\\\/04\\\/24\\\/angola-guinee-equatoriale-les-temps-marquants-de-la-fin-du-voyage-africain-de-leon-xiv\\\/\"},\"author\":{\"name\":\"Redaction\",\"@id\":\"https:\\\/\\\/lepatriotebenin.com\\\/#\\\/schema\\\/person\\\/2e7709b9c9cc313e452d1136af61690f\"},\"headline\":\"\u200eAngola \u2013 Guin\u00e9e \u00e9quatoriale : les temps marquants de la fin du voyage africain de L\u00e9on XIV\",\"datePublished\":\"2026-04-24T00:53:54+00:00\",\"mainEntityOfPage\":{\"@id\":\"https:\\\/\\\/lepatriotebenin.com\\\/index.php\\\/2026\\\/04\\\/24\\\/angola-guinee-equatoriale-les-temps-marquants-de-la-fin-du-voyage-africain-de-leon-xiv\\\/\"},\"wordCount\":627,\"commentCount\":0,\"image\":{\"@id\":\"https:\\\/\\\/lepatriotebenin.com\\\/index.php\\\/2026\\\/04\\\/24\\\/angola-guinee-equatoriale-les-temps-marquants-de-la-fin-du-voyage-africain-de-leon-xiv\\\/#primaryimage\"},\"thumbnailUrl\":\"https:\\\/\\\/lepatriotebenin.com\\\/wp-content\\\/uploads\\\/2026\\\/04\\\/angola-a.jpeg\",\"articleSection\":[\"Soci\u00e9t\u00e9\"],\"inLanguage\":\"fr-FR\",\"potentialAction\":[{\"@type\":\"CommentAction\",\"name\":\"Comment\",\"target\":[\"https:\\\/\\\/lepatriotebenin.com\\\/index.php\\\/2026\\\/04\\\/24\\\/angola-guinee-equatoriale-les-temps-marquants-de-la-fin-du-voyage-africain-de-leon-xiv\\\/#respond\"]}]},{\"@type\":\"WebPage\",\"@id\":\"https:\\\/\\\/lepatriotebenin.com\\\/index.php\\\/2026\\\/04\\\/24\\\/angola-guinee-equatoriale-les-temps-marquants-de-la-fin-du-voyage-africain-de-leon-xiv\\\/\",\"url\":\"https:\\\/\\\/lepatriotebenin.com\\\/index.php\\\/2026\\\/04\\\/24\\\/angola-guinee-equatoriale-les-temps-marquants-de-la-fin-du-voyage-africain-de-leon-xiv\\\/\",\"name\":\"\u200eAngola \u2013 Guin\u00e9e \u00e9quatoriale : les temps marquants de la fin du voyage africain de L\u00e9on XIV - Le Patriote\",\"isPartOf\":{\"@id\":\"https:\\\/\\\/lepatriotebenin.com\\\/#website\"},\"primaryImageOfPage\":{\"@id\":\"https:\\\/\\\/lepatriotebenin.com\\\/index.php\\\/2026\\\/04\\\/24\\\/angola-guinee-equatoriale-les-temps-marquants-de-la-fin-du-voyage-africain-de-leon-xiv\\\/#primaryimage\"},\"image\":{\"@id\":\"https:\\\/\\\/lepatriotebenin.com\\\/index.php\\\/2026\\\/04\\\/24\\\/angola-guinee-equatoriale-les-temps-marquants-de-la-fin-du-voyage-africain-de-leon-xiv\\\/#primaryimage\"},\"thumbnailUrl\":\"https:\\\/\\\/lepatriotebenin.com\\\/wp-content\\\/uploads\\\/2026\\\/04\\\/angola-a.jpeg\",\"datePublished\":\"2026-04-24T00:53:54+00:00\",\"author\":{\"@id\":\"https:\\\/\\\/lepatriotebenin.com\\\/#\\\/schema\\\/person\\\/2e7709b9c9cc313e452d1136af61690f\"},\"breadcrumb\":{\"@id\":\"https:\\\/\\\/lepatriotebenin.com\\\/index.php\\\/2026\\\/04\\\/24\\\/angola-guinee-equatoriale-les-temps-marquants-de-la-fin-du-voyage-africain-de-leon-xiv\\\/#breadcrumb\"},\"inLanguage\":\"fr-FR\",\"potentialAction\":[{\"@type\":\"ReadAction\",\"target\":[\"https:\\\/\\\/lepatriotebenin.com\\\/index.php\\\/2026\\\/04\\\/24\\\/angola-guinee-equatoriale-les-temps-marquants-de-la-fin-du-voyage-africain-de-leon-xiv\\\/\"]}]},{\"@type\":\"ImageObject\",\"inLanguage\":\"fr-FR\",\"@id\":\"https:\\\/\\\/lepatriotebenin.com\\\/index.php\\\/2026\\\/04\\\/24\\\/angola-guinee-equatoriale-les-temps-marquants-de-la-fin-du-voyage-africain-de-leon-xiv\\\/#primaryimage\",\"url\":\"https:\\\/\\\/lepatriotebenin.com\\\/wp-content\\\/uploads\\\/2026\\\/04\\\/angola-a.jpeg\",\"contentUrl\":\"https:\\\/\\\/lepatriotebenin.com\\\/wp-content\\\/uploads\\\/2026\\\/04\\\/angola-a.jpeg\",\"width\":720,\"height\":481},{\"@type\":\"BreadcrumbList\",\"@id\":\"https:\\\/\\\/lepatriotebenin.com\\\/index.php\\\/2026\\\/04\\\/24\\\/angola-guinee-equatoriale-les-temps-marquants-de-la-fin-du-voyage-africain-de-leon-xiv\\\/#breadcrumb\",\"itemListElement\":[{\"@type\":\"ListItem\",\"position\":1,\"name\":\"Accueil\",\"item\":\"https:\\\/\\\/lepatriotebenin.com\\\/\"},{\"@type\":\"ListItem\",\"position\":2,\"name\":\"\u200eAngola \u2013 Guin\u00e9e \u00e9quatoriale : les temps marquants de la fin du voyage africain de L\u00e9on XIV\"}]},{\"@type\":\"WebSite\",\"@id\":\"https:\\\/\\\/lepatriotebenin.com\\\/#website\",\"url\":\"https:\\\/\\\/lepatriotebenin.com\\\/\",\"name\":\"Le Patriote\",\"description\":\"Le Patriote B\u00e9nin\",\"potentialAction\":[{\"@type\":\"SearchAction\",\"target\":{\"@type\":\"EntryPoint\",\"urlTemplate\":\"https:\\\/\\\/lepatriotebenin.com\\\/?s={search_term_string}\"},\"query-input\":{\"@type\":\"PropertyValueSpecification\",\"valueRequired\":true,\"valueName\":\"search_term_string\"}}],\"inLanguage\":\"fr-FR\"},{\"@type\":\"Person\",\"@id\":\"https:\\\/\\\/lepatriotebenin.com\\\/#\\\/schema\\\/person\\\/2e7709b9c9cc313e452d1136af61690f\",\"name\":\"Redaction\",\"image\":{\"@type\":\"ImageObject\",\"inLanguage\":\"fr-FR\",\"@id\":\"https:\\\/\\\/secure.gravatar.com\\\/avatar\\\/c4c509357859ea2ca2cbb6d8812898a73e4ef1ef9934c2e591d7e32face734d1?s=96&d=mm&r=g\",\"url\":\"https:\\\/\\\/secure.gravatar.com\\\/avatar\\\/c4c509357859ea2ca2cbb6d8812898a73e4ef1ef9934c2e591d7e32face734d1?s=96&d=mm&r=g\",\"contentUrl\":\"https:\\\/\\\/secure.gravatar.com\\\/avatar\\\/c4c509357859ea2ca2cbb6d8812898a73e4ef1ef9934c2e591d7e32face734d1?s=96&d=mm&r=g\",\"caption\":\"Redaction\"},\"url\":\"https:\\\/\\\/lepatriotebenin.com\"}]}<\/script>\n<!-- \/ Yoast SEO plugin. -->","yoast_head_json":{"title":"\u200eAngola \u2013 Guin\u00e9e \u00e9quatoriale : les temps marquants de la fin du voyage africain de L\u00e9on XIV - Le Patriote","robots":{"index":"index","follow":"follow","max-snippet":"max-snippet:-1","max-image-preview":"max-image-preview:large","max-video-preview":"max-video-preview:-1"},"canonical":"https:\/\/lepatriotebenin.com\/index.php\/2026\/04\/24\/angola-guinee-equatoriale-les-temps-marquants-de-la-fin-du-voyage-africain-de-leon-xiv\/","og_locale":"fr_FR","og_type":"article","og_title":"\u200eAngola \u2013 Guin\u00e9e \u00e9quatoriale : les temps marquants de la fin du voyage africain de L\u00e9on XIV - Le Patriote","og_description":"Dans les deux derni\u00e8res \u00e9tapes de sa tourn\u00e9e, le pape L\u00e9on XIV a tenu des discours forts en Angola et en Guin\u00e9e \u00e9quatoriale. Il a parl\u00e9 d\u2019in\u00e9galit\u00e9s, de justice et&hellip;","og_url":"https:\/\/lepatriotebenin.com\/index.php\/2026\/04\/24\/angola-guinee-equatoriale-les-temps-marquants-de-la-fin-du-voyage-africain-de-leon-xiv\/","og_site_name":"Le Patriote","article_published_time":"2026-04-24T00:53:54+00:00","og_image":[{"width":720,"height":481,"url":"https:\/\/lepatriotebenin.com\/wp-content\/uploads\/2026\/04\/angola-a.jpeg","type":"image\/jpeg"}],"author":"Redaction","twitter_card":"summary_large_image","twitter_misc":{"\u00c9crit par":"Redaction","Dur\u00e9e de lecture estim\u00e9e":"4 minutes"},"schema":{"@context":"https:\/\/schema.org","@graph":[{"@type":"Article","@id":"https:\/\/lepatriotebenin.com\/index.php\/2026\/04\/24\/angola-guinee-equatoriale-les-temps-marquants-de-la-fin-du-voyage-africain-de-leon-xiv\/#article","isPartOf":{"@id":"https:\/\/lepatriotebenin.com\/index.php\/2026\/04\/24\/angola-guinee-equatoriale-les-temps-marquants-de-la-fin-du-voyage-africain-de-leon-xiv\/"},"author":{"name":"Redaction","@id":"https:\/\/lepatriotebenin.com\/#\/schema\/person\/2e7709b9c9cc313e452d1136af61690f"},"headline":"\u200eAngola \u2013 Guin\u00e9e \u00e9quatoriale : les temps marquants de la fin du voyage africain de L\u00e9on XIV","datePublished":"2026-04-24T00:53:54+00:00","mainEntityOfPage":{"@id":"https:\/\/lepatriotebenin.com\/index.php\/2026\/04\/24\/angola-guinee-equatoriale-les-temps-marquants-de-la-fin-du-voyage-africain-de-leon-xiv\/"},"wordCount":627,"commentCount":0,"image":{"@id":"https:\/\/lepatriotebenin.com\/index.php\/2026\/04\/24\/angola-guinee-equatoriale-les-temps-marquants-de-la-fin-du-voyage-africain-de-leon-xiv\/#primaryimage"},"thumbnailUrl":"https:\/\/lepatriotebenin.com\/wp-content\/uploads\/2026\/04\/angola-a.jpeg","articleSection":["Soci\u00e9t\u00e9"],"inLanguage":"fr-FR","potentialAction":[{"@type":"CommentAction","name":"Comment","target":["https:\/\/lepatriotebenin.com\/index.php\/2026\/04\/24\/angola-guinee-equatoriale-les-temps-marquants-de-la-fin-du-voyage-africain-de-leon-xiv\/#respond"]}]},{"@type":"WebPage","@id":"https:\/\/lepatriotebenin.com\/index.php\/2026\/04\/24\/angola-guinee-equatoriale-les-temps-marquants-de-la-fin-du-voyage-africain-de-leon-xiv\/","url":"https:\/\/lepatriotebenin.com\/index.php\/2026\/04\/24\/angola-guinee-equatoriale-les-temps-marquants-de-la-fin-du-voyage-africain-de-leon-xiv\/","name":"\u200eAngola \u2013 Guin\u00e9e \u00e9quatoriale : les temps marquants de la fin du voyage africain de L\u00e9on XIV - Le Patriote","isPartOf":{"@id":"https:\/\/lepatriotebenin.com\/#website"},"primaryImageOfPage":{"@id":"https:\/\/lepatriotebenin.com\/index.php\/2026\/04\/24\/angola-guinee-equatoriale-les-temps-marquants-de-la-fin-du-voyage-africain-de-leon-xiv\/#primaryimage"},"image":{"@id":"https:\/\/lepatriotebenin.com\/index.php\/2026\/04\/24\/angola-guinee-equatoriale-les-temps-marquants-de-la-fin-du-voyage-africain-de-leon-xiv\/#primaryimage"},"thumbnailUrl":"https:\/\/lepatriotebenin.com\/wp-content\/uploads\/2026\/04\/angola-a.jpeg","datePublished":"2026-04-24T00:53:54+00:00","author":{"@id":"https:\/\/lepatriotebenin.com\/#\/schema\/person\/2e7709b9c9cc313e452d1136af61690f"},"breadcrumb":{"@id":"https:\/\/lepatriotebenin.com\/index.php\/2026\/04\/24\/angola-guinee-equatoriale-les-temps-marquants-de-la-fin-du-voyage-africain-de-leon-xiv\/#breadcrumb"},"inLanguage":"fr-FR","potentialAction":[{"@type":"ReadAction","target":["https:\/\/lepatriotebenin.com\/index.php\/2026\/04\/24\/angola-guinee-equatoriale-les-temps-marquants-de-la-fin-du-voyage-africain-de-leon-xiv\/"]}]},{"@type":"ImageObject","inLanguage":"fr-FR","@id":"https:\/\/lepatriotebenin.com\/index.php\/2026\/04\/24\/angola-guinee-equatoriale-les-temps-marquants-de-la-fin-du-voyage-africain-de-leon-xiv\/#primaryimage","url":"https:\/\/lepatriotebenin.com\/wp-content\/uploads\/2026\/04\/angola-a.jpeg","contentUrl":"https:\/\/lepatriotebenin.com\/wp-content\/uploads\/2026\/04\/angola-a.jpeg","width":720,"height":481},{"@type":"BreadcrumbList","@id":"https:\/\/lepatriotebenin.com\/index.php\/2026\/04\/24\/angola-guinee-equatoriale-les-temps-marquants-de-la-fin-du-voyage-africain-de-leon-xiv\/#breadcrumb","itemListElement":[{"@type":"ListItem","position":1,"name":"Accueil","item":"https:\/\/lepatriotebenin.com\/"},{"@type":"ListItem","position":2,"name":"\u200eAngola \u2013 Guin\u00e9e \u00e9quatoriale : les temps marquants de la fin du voyage africain de L\u00e9on XIV"}]},{"@type":"WebSite","@id":"https:\/\/lepatriotebenin.com\/#website","url":"https:\/\/lepatriotebenin.com\/","name":"Le Patriote","description":"Le Patriote B\u00e9nin","potentialAction":[{"@type":"SearchAction","target":{"@type":"EntryPoint","urlTemplate":"https:\/\/lepatriotebenin.com\/?s={search_term_string}"},"query-input":{"@type":"PropertyValueSpecification","valueRequired":true,"valueName":"search_term_string"}}],"inLanguage":"fr-FR"},{"@type":"Person","@id":"https:\/\/lepatriotebenin.com\/#\/schema\/person\/2e7709b9c9cc313e452d1136af61690f","name":"Redaction","image":{"@type":"ImageObject","inLanguage":"fr-FR","@id":"https:\/\/secure.gravatar.com\/avatar\/c4c509357859ea2ca2cbb6d8812898a73e4ef1ef9934c2e591d7e32face734d1?s=96&d=mm&r=g","url":"https:\/\/secure.gravatar.com\/avatar\/c4c509357859ea2ca2cbb6d8812898a73e4ef1ef9934c2e591d7e32face734d1?s=96&d=mm&r=g","contentUrl":"https:\/\/secure.gravatar.com\/avatar\/c4c509357859ea2ca2cbb6d8812898a73e4ef1ef9934c2e591d7e32face734d1?s=96&d=mm&r=g","caption":"Redaction"},"url":"https:\/\/lepatriotebenin.com"}]}},"_links":{"self":[{"href":"https:\/\/lepatriotebenin.com\/index.php\/wp-json\/wp\/v2\/posts\/18762","targetHints":{"allow":["GET"]}}],"collection":[{"href":"https:\/\/lepatriotebenin.com\/index.php\/wp-json\/wp\/v2\/posts"}],"about":[{"href":"https:\/\/lepatriotebenin.com\/index.php\/wp-json\/wp\/v2\/types\/post"}],"author":[{"embeddable":true,"href":"https:\/\/lepatriotebenin.com\/index.php\/wp-json\/wp\/v2\/users\/5"}],"replies":[{"embeddable":true,"href":"https:\/\/lepatriotebenin.com\/index.php\/wp-json\/wp\/v2\/comments?post=18762"}],"version-history":[{"count":1,"href":"https:\/\/lepatriotebenin.com\/index.php\/wp-json\/wp\/v2\/posts\/18762\/revisions"}],"predecessor-version":[{"id":18764,"href":"https:\/\/lepatriotebenin.com\/index.php\/wp-json\/wp\/v2\/posts\/18762\/revisions\/18764"}],"wp:featuredmedia":[{"embeddable":true,"href":"https:\/\/lepatriotebenin.com\/index.php\/wp-json\/wp\/v2\/media\/18763"}],"wp:attachment":[{"href":"https:\/\/lepatriotebenin.com\/index.php\/wp-json\/wp\/v2\/media?parent=18762"}],"wp:term":[{"taxonomy":"category","embeddable":true,"href":"https:\/\/lepatriotebenin.com\/index.php\/wp-json\/wp\/v2\/categories?post=18762"},{"taxonomy":"post_tag","embeddable":true,"href":"https:\/\/lepatriotebenin.com\/index.php\/wp-json\/wp\/v2\/tags?post=18762"}],"curies":[{"name":"wp","href":"https:\/\/api.w.org\/{rel}","templated":true}]}}