{"id":18750,"date":"2026-04-23T18:26:37","date_gmt":"2026-04-23T16:26:37","guid":{"rendered":"https:\/\/lepatriotebenin.com\/?p=18750"},"modified":"2026-04-23T18:53:58","modified_gmt":"2026-04-23T16:53:58","slug":"fete-du-1er-mai-2026-la-cstb-appelle-a-une-mobilisation-des-travailleurs-de-tous-les-secteurs-dactivite","status":"publish","type":"post","link":"https:\/\/lepatriotebenin.com\/index.php\/2026\/04\/23\/fete-du-1er-mai-2026-la-cstb-appelle-a-une-mobilisation-des-travailleurs-de-tous-les-secteurs-dactivite\/","title":{"rendered":"F\u00eate du 1er Mai 2026 : La CSTB appelle \u00e0 une mobilisation des travailleurs"},"content":{"rendered":"<p>Dans le cadre de la c\u00e9l\u00e9bration de la journ\u00e9e internationale du Travail, le 1er mai 2026, le Secr\u00e9taire g\u00e9n\u00e9ral de la Conf\u00e9d\u00e9ration Syndicale des Travailleurs du B\u00e9nin (CSTB), Kassa Mampo Nagnini, a organis\u00e9, le mercredi 22 avril 2026, un point de presse \u00e0 la Bourse du Travail de Cotonou. Devant les militants et les professionnels des m\u00e9dias, le Secr\u00e9taire g\u00e9n\u00e9ral \u00a0de la CSTB est d\u2019abord revenu sur la gen\u00e8se du 1er Mai. Il a rappel\u00e9 les luttes ouvri\u00e8res de 1886 \u00e0 Chicago pour la journ\u00e9e de 8 heures, devenues le symbole mondial de la d\u00e9fense des droits des travailleurs. Il a ensuite dress\u00e9 un panorama des formes de comm\u00e9moration \u00e0 travers le monde : d\u00e9fil\u00e9s revendicatifs, meetings, gr\u00e8ves symboliques.<\/p>\n<p>L<strong>\u2019\u00e9volution de la c\u00e9l\u00e9bration de la f\u00eate du 1er Mai\u00a0 sous les diff\u00e9rents\u00a0 r\u00e9gimes<\/strong><\/p>\n<p>Profitant de l\u2019occasion qui lui est offerte, Kassa Mampo Nagnini a retrac\u00e9 l\u2019\u00e9volution de la c\u00e9l\u00e9bration de cette f\u00eate du 1er Mai \u00a0au B\u00e9nin. Sous le PRPB de Mathieu K\u00e9r\u00e9kou, Le 1er Mai \u00e9tait marqu\u00e9 par de grands d\u00e9fil\u00e9s officiels devant le Chef de l\u2019\u00c9tat.\u00a0 Avec le renouveau d\u00e9mocratique, la journ\u00e9e a retrouv\u00e9 son caract\u00e8re revendicatif, avec des marches et des cahiers de dol\u00e9ances remis aux autorit\u00e9s. Sous l\u2019\u00e8re \u00a0\u00a0Boni Yayi, selon la CSTB, c\u2019est sous ce r\u00e9gime qu\u2019a d\u00e9but\u00e9 \u00ab la remise en cause progressive des acquis des travailleurs \u00bb, avec des restrictions sur les libert\u00e9s syndicales et r\u00e9pression sanglantes de manifestations pacifiques \u00a0de rue \u00e0 Natitingou et \u00e0 Cotonou, r\u00e9pression de marche des travailleurs devant la bourse.<\/p>\n<p>Le Secr\u00e9taire g\u00e9n\u00e9ral\u00a0 Kassa Mampo\u00a0 a d\u00e9clar\u00e9\u00a0 que c&rsquo;est le pr\u00e9sident Boni Yayi \u00a0qui a commenc\u00e9 par retirer le droit de gr\u00e8ve aux travailleurs notamment \u00e0 la douane. En ce qui concerne le gouvernement \u00a0du Pr\u00e9sident Patrice Talon, La conf\u00e9d\u00e9ration d\u00e9nonce une \u00ab aggravation des remises en cause des droits acquis\u00bb : interdictions r\u00e9p\u00e9t\u00e9es de manifestations pacifiques ; restrictions du droit de gr\u00e8ve, \u00a0arrestations des travailleurs manifestants pacifiques chaque 1er Mai jusqu&rsquo;en 2025 en vue d&rsquo;en d&#8217;emp\u00eacher la comm\u00e9moration de ladite f\u00eate des\u00a0 travailleurs.<\/p>\n<p><strong>L\u2019appel \u00e0 la \u00a0mobilisation<\/strong><\/p>\n<p>Le Secr\u00e9taire g\u00e9n\u00e9ral de la Conf\u00e9d\u00e9ration Syndicale des Travailleurs du B\u00e9nin (CSTB), Kassa Mampo Nagnini a signifi\u00e9\u00a0 que\u00a0 le 1er Mai 2026 intervient dans un contexte particulier : celui de l\u2019apr\u00e8s-pr\u00e9sidentiel, l&rsquo;\u00e9lection d\u2019un nouveau pr\u00e9sident, Mr Romuald Wadagni.\u00a0\u00a0 Pour KASSA MAMPO, Ce 1er Mai doit \u00eatre celui de la reconqu\u00eate. Il appelle \u00ab tous les travailleurs, du public comme du priv\u00e9, du formel comme de l\u2019informel \u00bb \u00e0 une mobilisation massive dans les rues de Cotonou et dans les d\u00e9partements. Objectif : porter les revendications sociales et exiger du nouvel ex\u00e9cutif la restauration des libert\u00e9s syndicales, du droit de gr\u00e8ve et de manifestation, etc.<\/p>\n<p><img fetchpriority=\"high\" decoding=\"async\" class=\"alignnone size-medium wp-image-18751\" src=\"https:\/\/lepatriotebenin.com\/wp-content\/uploads\/2026\/04\/cstb-2-300x226.jpeg\" alt=\"\" width=\"300\" height=\"226\" srcset=\"https:\/\/lepatriotebenin.com\/wp-content\/uploads\/2026\/04\/cstb-2-300x226.jpeg 300w, https:\/\/lepatriotebenin.com\/wp-content\/uploads\/2026\/04\/cstb-2-768x578.jpeg 768w, https:\/\/lepatriotebenin.com\/wp-content\/uploads\/2026\/04\/cstb-2-585x440.jpeg 585w, https:\/\/lepatriotebenin.com\/wp-content\/uploads\/2026\/04\/cstb-2.jpeg 1024w\" sizes=\"(max-width: 300px) 100vw, 300px\" \/><img decoding=\"async\" class=\"alignnone size-medium wp-image-18752\" src=\"https:\/\/lepatriotebenin.com\/wp-content\/uploads\/2026\/04\/cstb-300x225.jpeg\" alt=\"\" width=\"300\" height=\"225\" srcset=\"https:\/\/lepatriotebenin.com\/wp-content\/uploads\/2026\/04\/cstb-300x225.jpeg 300w, https:\/\/lepatriotebenin.com\/wp-content\/uploads\/2026\/04\/cstb-768x576.jpeg 768w, https:\/\/lepatriotebenin.com\/wp-content\/uploads\/2026\/04\/cstb-585x439.jpeg 585w, https:\/\/lepatriotebenin.com\/wp-content\/uploads\/2026\/04\/cstb.jpeg 960w\" sizes=\"(max-width: 300px) 100vw, 300px\" \/><img decoding=\"async\" class=\"alignnone size-medium wp-image-18753\" src=\"https:\/\/lepatriotebenin.com\/wp-content\/uploads\/2026\/04\/kassa-mampo-283x300.jpeg\" alt=\"\" width=\"283\" height=\"300\" srcset=\"https:\/\/lepatriotebenin.com\/wp-content\/uploads\/2026\/04\/kassa-mampo-283x300.jpeg 283w, https:\/\/lepatriotebenin.com\/wp-content\/uploads\/2026\/04\/kassa-mampo-585x621.jpeg 585w, https:\/\/lepatriotebenin.com\/wp-content\/uploads\/2026\/04\/kassa-mampo.jpeg 741w\" sizes=\"(max-width: 283px) 100vw, 283px\" \/><\/p>\n","protected":false},"excerpt":{"rendered":"<p>Dans le cadre de la c\u00e9l\u00e9bration de la journ\u00e9e internationale du Travail, le 1er mai 2026, le Secr\u00e9taire g\u00e9n\u00e9ral de la Conf\u00e9d\u00e9ration Syndicale des Travailleurs du B\u00e9nin (CSTB), Kassa Mampo&hellip;<\/p>\n","protected":false},"author":6,"featured_media":18754,"comment_status":"open","ping_status":"open","sticky":false,"template":"","format":"standard","meta":{"content-type":"","om_disable_all_campaigns":false,"_monsterinsights_skip_tracking":false,"_monsterinsights_sitenote_active":false,"_monsterinsights_sitenote_note":"","_monsterinsights_sitenote_category":0,"_uf_show_specific_survey":0,"_uf_disable_surveys":false,"footnotes":""},"categories":[20],"tags":[],"class_list":["post-18750","post","type-post","status-publish","format-standard","has-post-thumbnail","hentry","category-societe"],"aioseo_notices":[],"yoast_head":"<!-- This site is optimized with the Yoast SEO plugin v27.5 - https:\/\/yoast.com\/product\/yoast-seo-wordpress\/ -->\n<title>F\u00eate du 1er Mai 2026 : La CSTB appelle \u00e0 une mobilisation des travailleurs - Le Patriote<\/title>\n<meta name=\"robots\" content=\"index, follow, max-snippet:-1, max-image-preview:large, max-video-preview:-1\" \/>\n<link rel=\"canonical\" href=\"https:\/\/lepatriotebenin.com\/index.php\/2026\/04\/23\/fete-du-1er-mai-2026-la-cstb-appelle-a-une-mobilisation-des-travailleurs-de-tous-les-secteurs-dactivite\/\" \/>\n<meta property=\"og:locale\" content=\"fr_FR\" \/>\n<meta property=\"og:type\" content=\"article\" \/>\n<meta property=\"og:title\" content=\"F\u00eate du 1er Mai 2026 : La CSTB appelle \u00e0 une mobilisation des travailleurs - Le Patriote\" \/>\n<meta property=\"og:description\" content=\"Dans le cadre de la c\u00e9l\u00e9bration de la journ\u00e9e internationale du Travail, le 1er mai 2026, le Secr\u00e9taire g\u00e9n\u00e9ral de la Conf\u00e9d\u00e9ration Syndicale des Travailleurs du B\u00e9nin (CSTB), Kassa Mampo&hellip;\" \/>\n<meta property=\"og:url\" content=\"https:\/\/lepatriotebenin.com\/index.php\/2026\/04\/23\/fete-du-1er-mai-2026-la-cstb-appelle-a-une-mobilisation-des-travailleurs-de-tous-les-secteurs-dactivite\/\" \/>\n<meta property=\"og:site_name\" content=\"Le Patriote\" \/>\n<meta property=\"article:published_time\" content=\"2026-04-23T16:26:37+00:00\" \/>\n<meta property=\"article:modified_time\" content=\"2026-04-23T16:53:58+00:00\" \/>\n<meta property=\"og:image\" content=\"https:\/\/lepatriotebenin.com\/wp-content\/uploads\/2026\/04\/mampo-kassa.jpeg\" \/>\n\t<meta property=\"og:image:width\" content=\"960\" \/>\n\t<meta property=\"og:image:height\" content=\"540\" \/>\n\t<meta property=\"og:image:type\" content=\"image\/jpeg\" \/>\n<meta name=\"author\" content=\"Roland AFFANOU\" \/>\n<meta name=\"twitter:card\" content=\"summary_large_image\" \/>\n<meta name=\"twitter:label1\" content=\"\u00c9crit par\" \/>\n\t<meta name=\"twitter:data1\" content=\"Roland AFFANOU\" \/>\n\t<meta name=\"twitter:label2\" content=\"Dur\u00e9e de lecture estim\u00e9e\" \/>\n\t<meta name=\"twitter:data2\" content=\"4 minutes\" \/>\n<script type=\"application\/ld+json\" class=\"yoast-schema-graph\">{\"@context\":\"https:\\\/\\\/schema.org\",\"@graph\":[{\"@type\":\"Article\",\"@id\":\"https:\\\/\\\/lepatriotebenin.com\\\/index.php\\\/2026\\\/04\\\/23\\\/fete-du-1er-mai-2026-la-cstb-appelle-a-une-mobilisation-des-travailleurs-de-tous-les-secteurs-dactivite\\\/#article\",\"isPartOf\":{\"@id\":\"https:\\\/\\\/lepatriotebenin.com\\\/index.php\\\/2026\\\/04\\\/23\\\/fete-du-1er-mai-2026-la-cstb-appelle-a-une-mobilisation-des-travailleurs-de-tous-les-secteurs-dactivite\\\/\"},\"author\":{\"name\":\"Roland AFFANOU\",\"@id\":\"https:\\\/\\\/lepatriotebenin.com\\\/#\\\/schema\\\/person\\\/4a9b67216c97d04045e01405c534c91f\"},\"headline\":\"F\u00eate du 1er Mai 2026 : La CSTB appelle \u00e0 une mobilisation des travailleurs\",\"datePublished\":\"2026-04-23T16:26:37+00:00\",\"dateModified\":\"2026-04-23T16:53:58+00:00\",\"mainEntityOfPage\":{\"@id\":\"https:\\\/\\\/lepatriotebenin.com\\\/index.php\\\/2026\\\/04\\\/23\\\/fete-du-1er-mai-2026-la-cstb-appelle-a-une-mobilisation-des-travailleurs-de-tous-les-secteurs-dactivite\\\/\"},\"wordCount\":523,\"commentCount\":0,\"image\":{\"@id\":\"https:\\\/\\\/lepatriotebenin.com\\\/index.php\\\/2026\\\/04\\\/23\\\/fete-du-1er-mai-2026-la-cstb-appelle-a-une-mobilisation-des-travailleurs-de-tous-les-secteurs-dactivite\\\/#primaryimage\"},\"thumbnailUrl\":\"https:\\\/\\\/lepatriotebenin.com\\\/wp-content\\\/uploads\\\/2026\\\/04\\\/mampo-kassa.jpeg\",\"articleSection\":[\"Soci\u00e9t\u00e9\"],\"inLanguage\":\"fr-FR\",\"potentialAction\":[{\"@type\":\"CommentAction\",\"name\":\"Comment\",\"target\":[\"https:\\\/\\\/lepatriotebenin.com\\\/index.php\\\/2026\\\/04\\\/23\\\/fete-du-1er-mai-2026-la-cstb-appelle-a-une-mobilisation-des-travailleurs-de-tous-les-secteurs-dactivite\\\/#respond\"]}]},{\"@type\":\"WebPage\",\"@id\":\"https:\\\/\\\/lepatriotebenin.com\\\/index.php\\\/2026\\\/04\\\/23\\\/fete-du-1er-mai-2026-la-cstb-appelle-a-une-mobilisation-des-travailleurs-de-tous-les-secteurs-dactivite\\\/\",\"url\":\"https:\\\/\\\/lepatriotebenin.com\\\/index.php\\\/2026\\\/04\\\/23\\\/fete-du-1er-mai-2026-la-cstb-appelle-a-une-mobilisation-des-travailleurs-de-tous-les-secteurs-dactivite\\\/\",\"name\":\"F\u00eate du 1er Mai 2026 : La CSTB appelle \u00e0 une mobilisation des travailleurs - Le Patriote\",\"isPartOf\":{\"@id\":\"https:\\\/\\\/lepatriotebenin.com\\\/#website\"},\"primaryImageOfPage\":{\"@id\":\"https:\\\/\\\/lepatriotebenin.com\\\/index.php\\\/2026\\\/04\\\/23\\\/fete-du-1er-mai-2026-la-cstb-appelle-a-une-mobilisation-des-travailleurs-de-tous-les-secteurs-dactivite\\\/#primaryimage\"},\"image\":{\"@id\":\"https:\\\/\\\/lepatriotebenin.com\\\/index.php\\\/2026\\\/04\\\/23\\\/fete-du-1er-mai-2026-la-cstb-appelle-a-une-mobilisation-des-travailleurs-de-tous-les-secteurs-dactivite\\\/#primaryimage\"},\"thumbnailUrl\":\"https:\\\/\\\/lepatriotebenin.com\\\/wp-content\\\/uploads\\\/2026\\\/04\\\/mampo-kassa.jpeg\",\"datePublished\":\"2026-04-23T16:26:37+00:00\",\"dateModified\":\"2026-04-23T16:53:58+00:00\",\"author\":{\"@id\":\"https:\\\/\\\/lepatriotebenin.com\\\/#\\\/schema\\\/person\\\/4a9b67216c97d04045e01405c534c91f\"},\"breadcrumb\":{\"@id\":\"https:\\\/\\\/lepatriotebenin.com\\\/index.php\\\/2026\\\/04\\\/23\\\/fete-du-1er-mai-2026-la-cstb-appelle-a-une-mobilisation-des-travailleurs-de-tous-les-secteurs-dactivite\\\/#breadcrumb\"},\"inLanguage\":\"fr-FR\",\"potentialAction\":[{\"@type\":\"ReadAction\",\"target\":[\"https:\\\/\\\/lepatriotebenin.com\\\/index.php\\\/2026\\\/04\\\/23\\\/fete-du-1er-mai-2026-la-cstb-appelle-a-une-mobilisation-des-travailleurs-de-tous-les-secteurs-dactivite\\\/\"]}]},{\"@type\":\"ImageObject\",\"inLanguage\":\"fr-FR\",\"@id\":\"https:\\\/\\\/lepatriotebenin.com\\\/index.php\\\/2026\\\/04\\\/23\\\/fete-du-1er-mai-2026-la-cstb-appelle-a-une-mobilisation-des-travailleurs-de-tous-les-secteurs-dactivite\\\/#primaryimage\",\"url\":\"https:\\\/\\\/lepatriotebenin.com\\\/wp-content\\\/uploads\\\/2026\\\/04\\\/mampo-kassa.jpeg\",\"contentUrl\":\"https:\\\/\\\/lepatriotebenin.com\\\/wp-content\\\/uploads\\\/2026\\\/04\\\/mampo-kassa.jpeg\",\"width\":960,\"height\":540},{\"@type\":\"BreadcrumbList\",\"@id\":\"https:\\\/\\\/lepatriotebenin.com\\\/index.php\\\/2026\\\/04\\\/23\\\/fete-du-1er-mai-2026-la-cstb-appelle-a-une-mobilisation-des-travailleurs-de-tous-les-secteurs-dactivite\\\/#breadcrumb\",\"itemListElement\":[{\"@type\":\"ListItem\",\"position\":1,\"name\":\"Accueil\",\"item\":\"https:\\\/\\\/lepatriotebenin.com\\\/\"},{\"@type\":\"ListItem\",\"position\":2,\"name\":\"F\u00eate du 1er Mai 2026 : La CSTB appelle \u00e0 une mobilisation des travailleurs\"}]},{\"@type\":\"WebSite\",\"@id\":\"https:\\\/\\\/lepatriotebenin.com\\\/#website\",\"url\":\"https:\\\/\\\/lepatriotebenin.com\\\/\",\"name\":\"Le Patriote\",\"description\":\"Le Patriote B\u00e9nin\",\"potentialAction\":[{\"@type\":\"SearchAction\",\"target\":{\"@type\":\"EntryPoint\",\"urlTemplate\":\"https:\\\/\\\/lepatriotebenin.com\\\/?s={search_term_string}\"},\"query-input\":{\"@type\":\"PropertyValueSpecification\",\"valueRequired\":true,\"valueName\":\"search_term_string\"}}],\"inLanguage\":\"fr-FR\"},{\"@type\":\"Person\",\"@id\":\"https:\\\/\\\/lepatriotebenin.com\\\/#\\\/schema\\\/person\\\/4a9b67216c97d04045e01405c534c91f\",\"name\":\"Roland AFFANOU\",\"image\":{\"@type\":\"ImageObject\",\"inLanguage\":\"fr-FR\",\"@id\":\"https:\\\/\\\/secure.gravatar.com\\\/avatar\\\/7209d3f6d2d47ea4d0c67e14d3effb61feb10ae540a4381280c66265de5bd643?s=96&d=mm&r=g\",\"url\":\"https:\\\/\\\/secure.gravatar.com\\\/avatar\\\/7209d3f6d2d47ea4d0c67e14d3effb61feb10ae540a4381280c66265de5bd643?s=96&d=mm&r=g\",\"contentUrl\":\"https:\\\/\\\/secure.gravatar.com\\\/avatar\\\/7209d3f6d2d47ea4d0c67e14d3effb61feb10ae540a4381280c66265de5bd643?s=96&d=mm&r=g\",\"caption\":\"Roland AFFANOU\"},\"url\":\"https:\\\/\\\/lepatriotebenin.com\"}]}<\/script>\n<!-- \/ Yoast SEO plugin. -->","yoast_head_json":{"title":"F\u00eate du 1er Mai 2026 : La CSTB appelle \u00e0 une mobilisation des travailleurs - Le Patriote","robots":{"index":"index","follow":"follow","max-snippet":"max-snippet:-1","max-image-preview":"max-image-preview:large","max-video-preview":"max-video-preview:-1"},"canonical":"https:\/\/lepatriotebenin.com\/index.php\/2026\/04\/23\/fete-du-1er-mai-2026-la-cstb-appelle-a-une-mobilisation-des-travailleurs-de-tous-les-secteurs-dactivite\/","og_locale":"fr_FR","og_type":"article","og_title":"F\u00eate du 1er Mai 2026 : La CSTB appelle \u00e0 une mobilisation des travailleurs - Le Patriote","og_description":"Dans le cadre de la c\u00e9l\u00e9bration de la journ\u00e9e internationale du Travail, le 1er mai 2026, le Secr\u00e9taire g\u00e9n\u00e9ral de la Conf\u00e9d\u00e9ration Syndicale des Travailleurs du B\u00e9nin (CSTB), Kassa Mampo&hellip;","og_url":"https:\/\/lepatriotebenin.com\/index.php\/2026\/04\/23\/fete-du-1er-mai-2026-la-cstb-appelle-a-une-mobilisation-des-travailleurs-de-tous-les-secteurs-dactivite\/","og_site_name":"Le Patriote","article_published_time":"2026-04-23T16:26:37+00:00","article_modified_time":"2026-04-23T16:53:58+00:00","og_image":[{"width":960,"height":540,"url":"https:\/\/lepatriotebenin.com\/wp-content\/uploads\/2026\/04\/mampo-kassa.jpeg","type":"image\/jpeg"}],"author":"Roland AFFANOU","twitter_card":"summary_large_image","twitter_misc":{"\u00c9crit par":"Roland AFFANOU","Dur\u00e9e de lecture estim\u00e9e":"4 minutes"},"schema":{"@context":"https:\/\/schema.org","@graph":[{"@type":"Article","@id":"https:\/\/lepatriotebenin.com\/index.php\/2026\/04\/23\/fete-du-1er-mai-2026-la-cstb-appelle-a-une-mobilisation-des-travailleurs-de-tous-les-secteurs-dactivite\/#article","isPartOf":{"@id":"https:\/\/lepatriotebenin.com\/index.php\/2026\/04\/23\/fete-du-1er-mai-2026-la-cstb-appelle-a-une-mobilisation-des-travailleurs-de-tous-les-secteurs-dactivite\/"},"author":{"name":"Roland AFFANOU","@id":"https:\/\/lepatriotebenin.com\/#\/schema\/person\/4a9b67216c97d04045e01405c534c91f"},"headline":"F\u00eate du 1er Mai 2026 : La CSTB appelle \u00e0 une mobilisation des travailleurs","datePublished":"2026-04-23T16:26:37+00:00","dateModified":"2026-04-23T16:53:58+00:00","mainEntityOfPage":{"@id":"https:\/\/lepatriotebenin.com\/index.php\/2026\/04\/23\/fete-du-1er-mai-2026-la-cstb-appelle-a-une-mobilisation-des-travailleurs-de-tous-les-secteurs-dactivite\/"},"wordCount":523,"commentCount":0,"image":{"@id":"https:\/\/lepatriotebenin.com\/index.php\/2026\/04\/23\/fete-du-1er-mai-2026-la-cstb-appelle-a-une-mobilisation-des-travailleurs-de-tous-les-secteurs-dactivite\/#primaryimage"},"thumbnailUrl":"https:\/\/lepatriotebenin.com\/wp-content\/uploads\/2026\/04\/mampo-kassa.jpeg","articleSection":["Soci\u00e9t\u00e9"],"inLanguage":"fr-FR","potentialAction":[{"@type":"CommentAction","name":"Comment","target":["https:\/\/lepatriotebenin.com\/index.php\/2026\/04\/23\/fete-du-1er-mai-2026-la-cstb-appelle-a-une-mobilisation-des-travailleurs-de-tous-les-secteurs-dactivite\/#respond"]}]},{"@type":"WebPage","@id":"https:\/\/lepatriotebenin.com\/index.php\/2026\/04\/23\/fete-du-1er-mai-2026-la-cstb-appelle-a-une-mobilisation-des-travailleurs-de-tous-les-secteurs-dactivite\/","url":"https:\/\/lepatriotebenin.com\/index.php\/2026\/04\/23\/fete-du-1er-mai-2026-la-cstb-appelle-a-une-mobilisation-des-travailleurs-de-tous-les-secteurs-dactivite\/","name":"F\u00eate du 1er Mai 2026 : La CSTB appelle \u00e0 une mobilisation des travailleurs - Le Patriote","isPartOf":{"@id":"https:\/\/lepatriotebenin.com\/#website"},"primaryImageOfPage":{"@id":"https:\/\/lepatriotebenin.com\/index.php\/2026\/04\/23\/fete-du-1er-mai-2026-la-cstb-appelle-a-une-mobilisation-des-travailleurs-de-tous-les-secteurs-dactivite\/#primaryimage"},"image":{"@id":"https:\/\/lepatriotebenin.com\/index.php\/2026\/04\/23\/fete-du-1er-mai-2026-la-cstb-appelle-a-une-mobilisation-des-travailleurs-de-tous-les-secteurs-dactivite\/#primaryimage"},"thumbnailUrl":"https:\/\/lepatriotebenin.com\/wp-content\/uploads\/2026\/04\/mampo-kassa.jpeg","datePublished":"2026-04-23T16:26:37+00:00","dateModified":"2026-04-23T16:53:58+00:00","author":{"@id":"https:\/\/lepatriotebenin.com\/#\/schema\/person\/4a9b67216c97d04045e01405c534c91f"},"breadcrumb":{"@id":"https:\/\/lepatriotebenin.com\/index.php\/2026\/04\/23\/fete-du-1er-mai-2026-la-cstb-appelle-a-une-mobilisation-des-travailleurs-de-tous-les-secteurs-dactivite\/#breadcrumb"},"inLanguage":"fr-FR","potentialAction":[{"@type":"ReadAction","target":["https:\/\/lepatriotebenin.com\/index.php\/2026\/04\/23\/fete-du-1er-mai-2026-la-cstb-appelle-a-une-mobilisation-des-travailleurs-de-tous-les-secteurs-dactivite\/"]}]},{"@type":"ImageObject","inLanguage":"fr-FR","@id":"https:\/\/lepatriotebenin.com\/index.php\/2026\/04\/23\/fete-du-1er-mai-2026-la-cstb-appelle-a-une-mobilisation-des-travailleurs-de-tous-les-secteurs-dactivite\/#primaryimage","url":"https:\/\/lepatriotebenin.com\/wp-content\/uploads\/2026\/04\/mampo-kassa.jpeg","contentUrl":"https:\/\/lepatriotebenin.com\/wp-content\/uploads\/2026\/04\/mampo-kassa.jpeg","width":960,"height":540},{"@type":"BreadcrumbList","@id":"https:\/\/lepatriotebenin.com\/index.php\/2026\/04\/23\/fete-du-1er-mai-2026-la-cstb-appelle-a-une-mobilisation-des-travailleurs-de-tous-les-secteurs-dactivite\/#breadcrumb","itemListElement":[{"@type":"ListItem","position":1,"name":"Accueil","item":"https:\/\/lepatriotebenin.com\/"},{"@type":"ListItem","position":2,"name":"F\u00eate du 1er Mai 2026 : La CSTB appelle \u00e0 une mobilisation des travailleurs"}]},{"@type":"WebSite","@id":"https:\/\/lepatriotebenin.com\/#website","url":"https:\/\/lepatriotebenin.com\/","name":"Le Patriote","description":"Le Patriote B\u00e9nin","potentialAction":[{"@type":"SearchAction","target":{"@type":"EntryPoint","urlTemplate":"https:\/\/lepatriotebenin.com\/?s={search_term_string}"},"query-input":{"@type":"PropertyValueSpecification","valueRequired":true,"valueName":"search_term_string"}}],"inLanguage":"fr-FR"},{"@type":"Person","@id":"https:\/\/lepatriotebenin.com\/#\/schema\/person\/4a9b67216c97d04045e01405c534c91f","name":"Roland AFFANOU","image":{"@type":"ImageObject","inLanguage":"fr-FR","@id":"https:\/\/secure.gravatar.com\/avatar\/7209d3f6d2d47ea4d0c67e14d3effb61feb10ae540a4381280c66265de5bd643?s=96&d=mm&r=g","url":"https:\/\/secure.gravatar.com\/avatar\/7209d3f6d2d47ea4d0c67e14d3effb61feb10ae540a4381280c66265de5bd643?s=96&d=mm&r=g","contentUrl":"https:\/\/secure.gravatar.com\/avatar\/7209d3f6d2d47ea4d0c67e14d3effb61feb10ae540a4381280c66265de5bd643?s=96&d=mm&r=g","caption":"Roland AFFANOU"},"url":"https:\/\/lepatriotebenin.com"}]}},"_links":{"self":[{"href":"https:\/\/lepatriotebenin.com\/index.php\/wp-json\/wp\/v2\/posts\/18750","targetHints":{"allow":["GET"]}}],"collection":[{"href":"https:\/\/lepatriotebenin.com\/index.php\/wp-json\/wp\/v2\/posts"}],"about":[{"href":"https:\/\/lepatriotebenin.com\/index.php\/wp-json\/wp\/v2\/types\/post"}],"author":[{"embeddable":true,"href":"https:\/\/lepatriotebenin.com\/index.php\/wp-json\/wp\/v2\/users\/6"}],"replies":[{"embeddable":true,"href":"https:\/\/lepatriotebenin.com\/index.php\/wp-json\/wp\/v2\/comments?post=18750"}],"version-history":[{"count":4,"href":"https:\/\/lepatriotebenin.com\/index.php\/wp-json\/wp\/v2\/posts\/18750\/revisions"}],"predecessor-version":[{"id":18758,"href":"https:\/\/lepatriotebenin.com\/index.php\/wp-json\/wp\/v2\/posts\/18750\/revisions\/18758"}],"wp:featuredmedia":[{"embeddable":true,"href":"https:\/\/lepatriotebenin.com\/index.php\/wp-json\/wp\/v2\/media\/18754"}],"wp:attachment":[{"href":"https:\/\/lepatriotebenin.com\/index.php\/wp-json\/wp\/v2\/media?parent=18750"}],"wp:term":[{"taxonomy":"category","embeddable":true,"href":"https:\/\/lepatriotebenin.com\/index.php\/wp-json\/wp\/v2\/categories?post=18750"},{"taxonomy":"post_tag","embeddable":true,"href":"https:\/\/lepatriotebenin.com\/index.php\/wp-json\/wp\/v2\/tags?post=18750"}],"curies":[{"name":"wp","href":"https:\/\/api.w.org\/{rel}","templated":true}]}}