{"id":18747,"date":"2026-04-23T15:28:51","date_gmt":"2026-04-23T13:28:51","guid":{"rendered":"https:\/\/lepatriotebenin.com\/?p=18747"},"modified":"2026-04-23T15:28:51","modified_gmt":"2026-04-23T13:28:51","slug":"deuil-national-lhumoriste-tonton-j-seteint","status":"publish","type":"post","link":"https:\/\/lepatriotebenin.com\/index.php\/2026\/04\/23\/deuil-national-lhumoriste-tonton-j-seteint\/","title":{"rendered":"Deuil national: L&rsquo;humoriste Tonton J s\u2019\u00e9teint"},"content":{"rendered":"<p><strong><em>La disparition de Coffi Alexis Adadji, connu sous le nom de Tonton J, plonge le B\u00e9nin dans une profonde tristesse. Figure embl\u00e9matique de la sc\u00e8ne artistique, il laisse derri\u00e8re lui un h\u00e9ritage culturel inestimable.<\/em><\/strong><\/p>\n<p>Le B\u00e9nin est en deuil. L\u2019annonce du d\u00e9c\u00e8s de Coffi Alexis Adadji, affectueusement appel\u00e9 Tonton J, a provoqu\u00e9 une vive \u00e9motion \u00e0 travers le pays. V\u00e9ritable ic\u00f4ne populaire, il incarnait une joie communicative et une authenticit\u00e9 qui ont marqu\u00e9 plusieurs g\u00e9n\u00e9rations.<\/p>\n<p>Membre incontournable du groupe Professeur Mombi, Tonton J s\u2019\u00e9tait impos\u00e9 comme une figure famili\u00e8re, capable de transformer les r\u00e9alit\u00e9s parfois difficiles du quotidien en instants de rire et de l\u00e9g\u00e8ret\u00e9. Sa pr\u00e9sence sur sc\u00e8ne, son \u00e9nergie et son humour constituaient un refuge pour de nombreux admirateurs.<\/p>\n<p>Aujourd\u2019hui, ce rire si reconnaissable s\u2019est \u00e9teint, laissant place \u00e0 un silence lourd et une immense douleur collective. Pour beaucoup, imaginer la sc\u00e8ne artistique b\u00e9ninoise sans lui rel\u00e8ve encore de l\u2019impensable. Son d\u00e9part cr\u00e9e un vide profond, \u00e0 la hauteur de l\u2019impact qu\u2019il a eu dans les c\u0153urs.<\/p>\n<p>Les hommages se multiplient, traduisant \u00e0 la fois la reconnaissance et la peine d\u2019un peuple touch\u00e9 en plein c\u0153ur. Tonton J ne dispara\u00eet pas totalement : son \u0153uvre, son esprit et son talent continueront de vivre \u00e0 travers les souvenirs et les g\u00e9n\u00e9rations qu\u2019il a inspir\u00e9es.<\/p>\n<p>Gildas AHOGNI<\/p>\n","protected":false},"excerpt":{"rendered":"<p>La disparition de Coffi Alexis Adadji, connu sous le nom de Tonton J, plonge le B\u00e9nin dans une profonde tristesse. Figure embl\u00e9matique de la sc\u00e8ne artistique, il laisse derri\u00e8re lui&hellip;<\/p>\n","protected":false},"author":5,"featured_media":18748,"comment_status":"open","ping_status":"open","sticky":false,"template":"","format":"standard","meta":{"content-type":"","om_disable_all_campaigns":false,"_monsterinsights_skip_tracking":false,"_monsterinsights_sitenote_active":false,"_monsterinsights_sitenote_note":"","_monsterinsights_sitenote_category":0,"_uf_show_specific_survey":0,"_uf_disable_surveys":false,"footnotes":""},"categories":[29],"tags":[],"class_list":["post-18747","post","type-post","status-publish","format-standard","has-post-thumbnail","hentry","category-culture"],"aioseo_notices":[],"yoast_head":"<!-- This site is optimized with the Yoast SEO plugin v27.5 - https:\/\/yoast.com\/product\/yoast-seo-wordpress\/ -->\n<title>Deuil national: L&#039;humoriste Tonton J s\u2019\u00e9teint - Le Patriote<\/title>\n<meta name=\"robots\" content=\"index, follow, max-snippet:-1, max-image-preview:large, max-video-preview:-1\" \/>\n<link rel=\"canonical\" href=\"https:\/\/lepatriotebenin.com\/index.php\/2026\/04\/23\/deuil-national-lhumoriste-tonton-j-seteint\/\" \/>\n<meta property=\"og:locale\" content=\"fr_FR\" \/>\n<meta property=\"og:type\" content=\"article\" \/>\n<meta property=\"og:title\" content=\"Deuil national: L&#039;humoriste Tonton J s\u2019\u00e9teint - Le Patriote\" \/>\n<meta property=\"og:description\" content=\"La disparition de Coffi Alexis Adadji, connu sous le nom de Tonton J, plonge le B\u00e9nin dans une profonde tristesse. Figure embl\u00e9matique de la sc\u00e8ne artistique, il laisse derri\u00e8re lui&hellip;\" \/>\n<meta property=\"og:url\" content=\"https:\/\/lepatriotebenin.com\/index.php\/2026\/04\/23\/deuil-national-lhumoriste-tonton-j-seteint\/\" \/>\n<meta property=\"og:site_name\" content=\"Le Patriote\" \/>\n<meta property=\"article:published_time\" content=\"2026-04-23T13:28:51+00:00\" \/>\n<meta property=\"og:image\" content=\"https:\/\/lepatriotebenin.com\/wp-content\/uploads\/2026\/04\/tonton-jj-a.jpeg\" \/>\n\t<meta property=\"og:image:width\" content=\"447\" \/>\n\t<meta property=\"og:image:height\" content=\"447\" \/>\n\t<meta property=\"og:image:type\" content=\"image\/jpeg\" \/>\n<meta name=\"author\" content=\"Redaction\" \/>\n<meta name=\"twitter:card\" content=\"summary_large_image\" \/>\n<meta name=\"twitter:label1\" content=\"\u00c9crit par\" \/>\n\t<meta name=\"twitter:data1\" content=\"Redaction\" \/>\n\t<meta name=\"twitter:label2\" content=\"Dur\u00e9e de lecture estim\u00e9e\" \/>\n\t<meta name=\"twitter:data2\" content=\"2 minutes\" \/>\n<script type=\"application\/ld+json\" class=\"yoast-schema-graph\">{\"@context\":\"https:\\\/\\\/schema.org\",\"@graph\":[{\"@type\":\"Article\",\"@id\":\"https:\\\/\\\/lepatriotebenin.com\\\/index.php\\\/2026\\\/04\\\/23\\\/deuil-national-lhumoriste-tonton-j-seteint\\\/#article\",\"isPartOf\":{\"@id\":\"https:\\\/\\\/lepatriotebenin.com\\\/index.php\\\/2026\\\/04\\\/23\\\/deuil-national-lhumoriste-tonton-j-seteint\\\/\"},\"author\":{\"name\":\"Redaction\",\"@id\":\"https:\\\/\\\/lepatriotebenin.com\\\/#\\\/schema\\\/person\\\/2e7709b9c9cc313e452d1136af61690f\"},\"headline\":\"Deuil national: L&rsquo;humoriste Tonton J s\u2019\u00e9teint\",\"datePublished\":\"2026-04-23T13:28:51+00:00\",\"mainEntityOfPage\":{\"@id\":\"https:\\\/\\\/lepatriotebenin.com\\\/index.php\\\/2026\\\/04\\\/23\\\/deuil-national-lhumoriste-tonton-j-seteint\\\/\"},\"wordCount\":258,\"commentCount\":0,\"image\":{\"@id\":\"https:\\\/\\\/lepatriotebenin.com\\\/index.php\\\/2026\\\/04\\\/23\\\/deuil-national-lhumoriste-tonton-j-seteint\\\/#primaryimage\"},\"thumbnailUrl\":\"https:\\\/\\\/lepatriotebenin.com\\\/wp-content\\\/uploads\\\/2026\\\/04\\\/tonton-jj-a.jpeg\",\"articleSection\":[\"Culture\"],\"inLanguage\":\"fr-FR\",\"potentialAction\":[{\"@type\":\"CommentAction\",\"name\":\"Comment\",\"target\":[\"https:\\\/\\\/lepatriotebenin.com\\\/index.php\\\/2026\\\/04\\\/23\\\/deuil-national-lhumoriste-tonton-j-seteint\\\/#respond\"]}]},{\"@type\":\"WebPage\",\"@id\":\"https:\\\/\\\/lepatriotebenin.com\\\/index.php\\\/2026\\\/04\\\/23\\\/deuil-national-lhumoriste-tonton-j-seteint\\\/\",\"url\":\"https:\\\/\\\/lepatriotebenin.com\\\/index.php\\\/2026\\\/04\\\/23\\\/deuil-national-lhumoriste-tonton-j-seteint\\\/\",\"name\":\"Deuil national: L'humoriste Tonton J s\u2019\u00e9teint - Le Patriote\",\"isPartOf\":{\"@id\":\"https:\\\/\\\/lepatriotebenin.com\\\/#website\"},\"primaryImageOfPage\":{\"@id\":\"https:\\\/\\\/lepatriotebenin.com\\\/index.php\\\/2026\\\/04\\\/23\\\/deuil-national-lhumoriste-tonton-j-seteint\\\/#primaryimage\"},\"image\":{\"@id\":\"https:\\\/\\\/lepatriotebenin.com\\\/index.php\\\/2026\\\/04\\\/23\\\/deuil-national-lhumoriste-tonton-j-seteint\\\/#primaryimage\"},\"thumbnailUrl\":\"https:\\\/\\\/lepatriotebenin.com\\\/wp-content\\\/uploads\\\/2026\\\/04\\\/tonton-jj-a.jpeg\",\"datePublished\":\"2026-04-23T13:28:51+00:00\",\"author\":{\"@id\":\"https:\\\/\\\/lepatriotebenin.com\\\/#\\\/schema\\\/person\\\/2e7709b9c9cc313e452d1136af61690f\"},\"breadcrumb\":{\"@id\":\"https:\\\/\\\/lepatriotebenin.com\\\/index.php\\\/2026\\\/04\\\/23\\\/deuil-national-lhumoriste-tonton-j-seteint\\\/#breadcrumb\"},\"inLanguage\":\"fr-FR\",\"potentialAction\":[{\"@type\":\"ReadAction\",\"target\":[\"https:\\\/\\\/lepatriotebenin.com\\\/index.php\\\/2026\\\/04\\\/23\\\/deuil-national-lhumoriste-tonton-j-seteint\\\/\"]}]},{\"@type\":\"ImageObject\",\"inLanguage\":\"fr-FR\",\"@id\":\"https:\\\/\\\/lepatriotebenin.com\\\/index.php\\\/2026\\\/04\\\/23\\\/deuil-national-lhumoriste-tonton-j-seteint\\\/#primaryimage\",\"url\":\"https:\\\/\\\/lepatriotebenin.com\\\/wp-content\\\/uploads\\\/2026\\\/04\\\/tonton-jj-a.jpeg\",\"contentUrl\":\"https:\\\/\\\/lepatriotebenin.com\\\/wp-content\\\/uploads\\\/2026\\\/04\\\/tonton-jj-a.jpeg\",\"width\":447,\"height\":447},{\"@type\":\"BreadcrumbList\",\"@id\":\"https:\\\/\\\/lepatriotebenin.com\\\/index.php\\\/2026\\\/04\\\/23\\\/deuil-national-lhumoriste-tonton-j-seteint\\\/#breadcrumb\",\"itemListElement\":[{\"@type\":\"ListItem\",\"position\":1,\"name\":\"Accueil\",\"item\":\"https:\\\/\\\/lepatriotebenin.com\\\/\"},{\"@type\":\"ListItem\",\"position\":2,\"name\":\"Deuil national: L&rsquo;humoriste Tonton J s\u2019\u00e9teint\"}]},{\"@type\":\"WebSite\",\"@id\":\"https:\\\/\\\/lepatriotebenin.com\\\/#website\",\"url\":\"https:\\\/\\\/lepatriotebenin.com\\\/\",\"name\":\"Le Patriote\",\"description\":\"Le Patriote B\u00e9nin\",\"potentialAction\":[{\"@type\":\"SearchAction\",\"target\":{\"@type\":\"EntryPoint\",\"urlTemplate\":\"https:\\\/\\\/lepatriotebenin.com\\\/?s={search_term_string}\"},\"query-input\":{\"@type\":\"PropertyValueSpecification\",\"valueRequired\":true,\"valueName\":\"search_term_string\"}}],\"inLanguage\":\"fr-FR\"},{\"@type\":\"Person\",\"@id\":\"https:\\\/\\\/lepatriotebenin.com\\\/#\\\/schema\\\/person\\\/2e7709b9c9cc313e452d1136af61690f\",\"name\":\"Redaction\",\"image\":{\"@type\":\"ImageObject\",\"inLanguage\":\"fr-FR\",\"@id\":\"https:\\\/\\\/secure.gravatar.com\\\/avatar\\\/c4c509357859ea2ca2cbb6d8812898a73e4ef1ef9934c2e591d7e32face734d1?s=96&d=mm&r=g\",\"url\":\"https:\\\/\\\/secure.gravatar.com\\\/avatar\\\/c4c509357859ea2ca2cbb6d8812898a73e4ef1ef9934c2e591d7e32face734d1?s=96&d=mm&r=g\",\"contentUrl\":\"https:\\\/\\\/secure.gravatar.com\\\/avatar\\\/c4c509357859ea2ca2cbb6d8812898a73e4ef1ef9934c2e591d7e32face734d1?s=96&d=mm&r=g\",\"caption\":\"Redaction\"},\"url\":\"https:\\\/\\\/lepatriotebenin.com\"}]}<\/script>\n<!-- \/ Yoast SEO plugin. -->","yoast_head_json":{"title":"Deuil national: L'humoriste Tonton J s\u2019\u00e9teint - Le Patriote","robots":{"index":"index","follow":"follow","max-snippet":"max-snippet:-1","max-image-preview":"max-image-preview:large","max-video-preview":"max-video-preview:-1"},"canonical":"https:\/\/lepatriotebenin.com\/index.php\/2026\/04\/23\/deuil-national-lhumoriste-tonton-j-seteint\/","og_locale":"fr_FR","og_type":"article","og_title":"Deuil national: L'humoriste Tonton J s\u2019\u00e9teint - Le Patriote","og_description":"La disparition de Coffi Alexis Adadji, connu sous le nom de Tonton J, plonge le B\u00e9nin dans une profonde tristesse. Figure embl\u00e9matique de la sc\u00e8ne artistique, il laisse derri\u00e8re lui&hellip;","og_url":"https:\/\/lepatriotebenin.com\/index.php\/2026\/04\/23\/deuil-national-lhumoriste-tonton-j-seteint\/","og_site_name":"Le Patriote","article_published_time":"2026-04-23T13:28:51+00:00","og_image":[{"width":447,"height":447,"url":"https:\/\/lepatriotebenin.com\/wp-content\/uploads\/2026\/04\/tonton-jj-a.jpeg","type":"image\/jpeg"}],"author":"Redaction","twitter_card":"summary_large_image","twitter_misc":{"\u00c9crit par":"Redaction","Dur\u00e9e de lecture estim\u00e9e":"2 minutes"},"schema":{"@context":"https:\/\/schema.org","@graph":[{"@type":"Article","@id":"https:\/\/lepatriotebenin.com\/index.php\/2026\/04\/23\/deuil-national-lhumoriste-tonton-j-seteint\/#article","isPartOf":{"@id":"https:\/\/lepatriotebenin.com\/index.php\/2026\/04\/23\/deuil-national-lhumoriste-tonton-j-seteint\/"},"author":{"name":"Redaction","@id":"https:\/\/lepatriotebenin.com\/#\/schema\/person\/2e7709b9c9cc313e452d1136af61690f"},"headline":"Deuil national: L&rsquo;humoriste Tonton J s\u2019\u00e9teint","datePublished":"2026-04-23T13:28:51+00:00","mainEntityOfPage":{"@id":"https:\/\/lepatriotebenin.com\/index.php\/2026\/04\/23\/deuil-national-lhumoriste-tonton-j-seteint\/"},"wordCount":258,"commentCount":0,"image":{"@id":"https:\/\/lepatriotebenin.com\/index.php\/2026\/04\/23\/deuil-national-lhumoriste-tonton-j-seteint\/#primaryimage"},"thumbnailUrl":"https:\/\/lepatriotebenin.com\/wp-content\/uploads\/2026\/04\/tonton-jj-a.jpeg","articleSection":["Culture"],"inLanguage":"fr-FR","potentialAction":[{"@type":"CommentAction","name":"Comment","target":["https:\/\/lepatriotebenin.com\/index.php\/2026\/04\/23\/deuil-national-lhumoriste-tonton-j-seteint\/#respond"]}]},{"@type":"WebPage","@id":"https:\/\/lepatriotebenin.com\/index.php\/2026\/04\/23\/deuil-national-lhumoriste-tonton-j-seteint\/","url":"https:\/\/lepatriotebenin.com\/index.php\/2026\/04\/23\/deuil-national-lhumoriste-tonton-j-seteint\/","name":"Deuil national: L'humoriste Tonton J s\u2019\u00e9teint - Le Patriote","isPartOf":{"@id":"https:\/\/lepatriotebenin.com\/#website"},"primaryImageOfPage":{"@id":"https:\/\/lepatriotebenin.com\/index.php\/2026\/04\/23\/deuil-national-lhumoriste-tonton-j-seteint\/#primaryimage"},"image":{"@id":"https:\/\/lepatriotebenin.com\/index.php\/2026\/04\/23\/deuil-national-lhumoriste-tonton-j-seteint\/#primaryimage"},"thumbnailUrl":"https:\/\/lepatriotebenin.com\/wp-content\/uploads\/2026\/04\/tonton-jj-a.jpeg","datePublished":"2026-04-23T13:28:51+00:00","author":{"@id":"https:\/\/lepatriotebenin.com\/#\/schema\/person\/2e7709b9c9cc313e452d1136af61690f"},"breadcrumb":{"@id":"https:\/\/lepatriotebenin.com\/index.php\/2026\/04\/23\/deuil-national-lhumoriste-tonton-j-seteint\/#breadcrumb"},"inLanguage":"fr-FR","potentialAction":[{"@type":"ReadAction","target":["https:\/\/lepatriotebenin.com\/index.php\/2026\/04\/23\/deuil-national-lhumoriste-tonton-j-seteint\/"]}]},{"@type":"ImageObject","inLanguage":"fr-FR","@id":"https:\/\/lepatriotebenin.com\/index.php\/2026\/04\/23\/deuil-national-lhumoriste-tonton-j-seteint\/#primaryimage","url":"https:\/\/lepatriotebenin.com\/wp-content\/uploads\/2026\/04\/tonton-jj-a.jpeg","contentUrl":"https:\/\/lepatriotebenin.com\/wp-content\/uploads\/2026\/04\/tonton-jj-a.jpeg","width":447,"height":447},{"@type":"BreadcrumbList","@id":"https:\/\/lepatriotebenin.com\/index.php\/2026\/04\/23\/deuil-national-lhumoriste-tonton-j-seteint\/#breadcrumb","itemListElement":[{"@type":"ListItem","position":1,"name":"Accueil","item":"https:\/\/lepatriotebenin.com\/"},{"@type":"ListItem","position":2,"name":"Deuil national: L&rsquo;humoriste Tonton J s\u2019\u00e9teint"}]},{"@type":"WebSite","@id":"https:\/\/lepatriotebenin.com\/#website","url":"https:\/\/lepatriotebenin.com\/","name":"Le Patriote","description":"Le Patriote B\u00e9nin","potentialAction":[{"@type":"SearchAction","target":{"@type":"EntryPoint","urlTemplate":"https:\/\/lepatriotebenin.com\/?s={search_term_string}"},"query-input":{"@type":"PropertyValueSpecification","valueRequired":true,"valueName":"search_term_string"}}],"inLanguage":"fr-FR"},{"@type":"Person","@id":"https:\/\/lepatriotebenin.com\/#\/schema\/person\/2e7709b9c9cc313e452d1136af61690f","name":"Redaction","image":{"@type":"ImageObject","inLanguage":"fr-FR","@id":"https:\/\/secure.gravatar.com\/avatar\/c4c509357859ea2ca2cbb6d8812898a73e4ef1ef9934c2e591d7e32face734d1?s=96&d=mm&r=g","url":"https:\/\/secure.gravatar.com\/avatar\/c4c509357859ea2ca2cbb6d8812898a73e4ef1ef9934c2e591d7e32face734d1?s=96&d=mm&r=g","contentUrl":"https:\/\/secure.gravatar.com\/avatar\/c4c509357859ea2ca2cbb6d8812898a73e4ef1ef9934c2e591d7e32face734d1?s=96&d=mm&r=g","caption":"Redaction"},"url":"https:\/\/lepatriotebenin.com"}]}},"_links":{"self":[{"href":"https:\/\/lepatriotebenin.com\/index.php\/wp-json\/wp\/v2\/posts\/18747","targetHints":{"allow":["GET"]}}],"collection":[{"href":"https:\/\/lepatriotebenin.com\/index.php\/wp-json\/wp\/v2\/posts"}],"about":[{"href":"https:\/\/lepatriotebenin.com\/index.php\/wp-json\/wp\/v2\/types\/post"}],"author":[{"embeddable":true,"href":"https:\/\/lepatriotebenin.com\/index.php\/wp-json\/wp\/v2\/users\/5"}],"replies":[{"embeddable":true,"href":"https:\/\/lepatriotebenin.com\/index.php\/wp-json\/wp\/v2\/comments?post=18747"}],"version-history":[{"count":1,"href":"https:\/\/lepatriotebenin.com\/index.php\/wp-json\/wp\/v2\/posts\/18747\/revisions"}],"predecessor-version":[{"id":18749,"href":"https:\/\/lepatriotebenin.com\/index.php\/wp-json\/wp\/v2\/posts\/18747\/revisions\/18749"}],"wp:featuredmedia":[{"embeddable":true,"href":"https:\/\/lepatriotebenin.com\/index.php\/wp-json\/wp\/v2\/media\/18748"}],"wp:attachment":[{"href":"https:\/\/lepatriotebenin.com\/index.php\/wp-json\/wp\/v2\/media?parent=18747"}],"wp:term":[{"taxonomy":"category","embeddable":true,"href":"https:\/\/lepatriotebenin.com\/index.php\/wp-json\/wp\/v2\/categories?post=18747"},{"taxonomy":"post_tag","embeddable":true,"href":"https:\/\/lepatriotebenin.com\/index.php\/wp-json\/wp\/v2\/tags?post=18747"}],"curies":[{"name":"wp","href":"https:\/\/api.w.org\/{rel}","templated":true}]}}